{"id":93183,"date":"2023-05-15T15:20:47","date_gmt":"2023-05-15T18:20:47","guid":{"rendered":"https:\/\/homolog.harald.com.br\/site-2026\/?p=93183"},"modified":"2023-05-15T15:20:47","modified_gmt":"2023-05-15T18:20:47","slug":"aprenda-a-fazer-coracao-rendado-de-chocolate-para-presentear-no-dia-das-maes","status":"publish","type":"post","link":"https:\/\/homolog.harald.com.br\/site-2026\/blog\/aprenda-a-fazer-coracao-rendado-de-chocolate-para-presentear-no-dia-das-maes\/","title":{"rendered":"Aprenda a fazer Cora\u00e7\u00e3o Rendado de Chocolate para presentear no Dia das M\u00e3es"},"content":{"rendered":"<h1 style=\"text-align: center;\">Aprenda a fazer Cora\u00e7\u00e3o Rendado de Chocolate para presentear no Dia das M\u00e3es<\/h1>\n<p>Que tal inovar neste dia das m\u00e3es com uma receita que re\u00fane sabor e eleg\u00e2ncia?<br \/>\nA Harald, empresa l\u00edder em coberturas e refer\u00eancia em chocolate para o mercado especializado no Brasil, preparou uma receita especial para o dia das m\u00e3es: um cora\u00e7\u00e3o rendado de chocolate, perfeito para quem deseja presentear a mam\u00e3e com algo criativo e delicioso.<\/p>\n<p>Recheado de bombons, a receita leva Chocolate Melken Gotas de Chocolate meio amargo, cobertura Top de avel\u00e3 e Chocolate em p\u00f3 70% cacau Melken.<\/p>\n<p>Veja o passo a passo e aumente suas vendas nesta \u00e9poca!<\/p>\n<p>Cora\u00e7\u00e3o Rendado de Chocolate<\/p>\n<p>Ingredientes<\/p>\n<p>Cora\u00e7\u00e3o:<\/p>\n<p>350g Chocolate Melken Meio Amargo<\/p>\n<p>20g \u00c1gua ou licor de sua prefer\u00eancia<\/p>\n<p>Brownie Cake:<\/p>\n<p>200g Chocolate Melken 70%<\/p>\n<p>200g Manteiga sem sal<\/p>\n<p>160g A\u00e7\u00facar refinado<\/p>\n<p>85g Farinha de trigo<\/p>\n<p>2g Sal<\/p>\n<p>2g Fermento em p\u00f3<\/p>\n<p>3 ovos<\/p>\n<p>400g Cobertura TOP Avel\u00e3<\/p>\n<p>Modo de preparo<\/p>\n<p>Cora\u00e7\u00e3o<\/p>\n<p>1. Derreta o Chocolate Melken Meio Amargo no micro-ondas de 30 em 30 segundos at\u00e9 estar derretido completamente. Tempere conforme as instru\u00e7\u00f5es da embalagem.<\/p>\n<p>2. Prepare uma das cascas lisas do cora\u00e7\u00e3o usando uma forma de 3 partes e leve para gelar por 15 minutos. Desenforme e reserve.<\/p>\n<p>3. Para a casca rendada, junte a bebida aos poucos no Chocolate Melken Meio Amargo, para que ela mude de<\/p>\n<p>consist\u00eancia, ficando mais firme.<\/p>\n<p>4. Coloque a cobertura em uma manga de confeitar com um bico perle liso.<\/p>\n<p>5. Fa\u00e7a movimentos circulares dentro da forma de cora\u00e7\u00e3o com o aux\u00edlio da manga de confeitar. Reforce as bordas.<\/p>\n<p>6. Leve \u00e0 geladeira para cristalizar por no m\u00e1ximo 15 minutos.<\/p>\n<p>7. Desenforme com cuidado e recheie com brownies em cubos banhados.<\/p>\n<p>Brownie Cake<\/p>\n<p>1. Misture o a\u00e7\u00facar, a farinha, o fermento e o sal. Reserve.<\/p>\n<p>2. Derreta o Chocolate Melken 70% com a manteiga.<\/p>\n<p>3. Junte os ovos \u00e0 mistura de chocolate e manteiga j\u00e1 derretidos e emulsione bem at\u00e9 obter um creme liso.<\/p>\n<p>4. Agregue delicadamente os secos e leve para assar em uma forma de 20 cm x 25 cm em forno<\/p>\n<p>preaquecido a 180 \u00b0C por aproximadamente 20 a 25 minutos.<\/p>\n<p>5. Assim que estiver frio, corte em cubos de 2 cm x 2 cm e banhe na Cobertura TOP Avel\u00e3.<\/p>\n<p>6. Banhe com o aux\u00edlio da grade e do garfo de banho. Deixe cristalizar na folha de papel-manteiga e leve para<\/p>\n<p>a geladeira por 15 minutos.<\/p>\n<p>7. Recheie o cora\u00e7\u00e3o com os brownies banhados.<\/p>\n<p>Materiais<\/p>\n<p>Molde cora\u00e7\u00e3o 3 partes<\/p>\n<p>Manga de confeitar\/ bico perle<\/p>\n<p>Grade de banho<\/p>\n<p>Garfo para banhar<\/p>\n<p>T\u00e9cnicas<\/p>\n<p>Derretimento de chocolates e coberturas<\/p>\n<p>Banho<\/p>\n<p>Conhe\u00e7a a Harald:<\/p>\n<p>L\u00edder no mercado de coberturas, a Harald \u00e9 uma das principais marcas de chocolates para transforma\u00e7\u00e3o e refer\u00eancia para o mercado especializado, food service e cash &amp; carry. No seu portf\u00f3lio, a Harald conta com as marcas Unique, Melken, TOP, Confeiteiro e Inovare. Fundada em 1982, a empresa faz parte desde 2015 do grupo Fuji Oil, gigante japonesa de atua\u00e7\u00e3o global.<\/p>\n","protected":false},"excerpt":{"rendered":"<p>Aprenda a fazer Cora\u00e7\u00e3o Rendado de Chocolate para presentear no Dia das M\u00e3es Que tal inovar neste dia das m\u00e3es com uma receita que re\u00fane sabor e eleg\u00e2ncia? A Harald, empresa l\u00edder em coberturas e refer\u00eancia em chocolate para o mercado especializado no Brasil, preparou uma receita especial para o dia das m\u00e3es: um cora\u00e7\u00e3o <a class=\"more-link\" href=\"https:\/\/homolog.harald.com.br\/site-2026\/blog\/aprenda-a-fazer-coracao-rendado-de-chocolate-para-presentear-no-dia-das-maes\/\">Read more&#8230;<\/a><\/p>\n","protected":false},"author":11,"featured_media":93194,"comment_status":"closed","ping_status":"closed","sticky":false,"template":"","format":"standard","meta":{"_acf_changed":false,"_uag_custom_page_level_css":"","footnotes":""},"categories":[216],"tags":[],"para-seu-negocio":[],"class_list":["post-93183","post","type-post","status-publish","format-standard","has-post-thumbnail","hentry","category-receitas"],"acf":[],"yoast_head":"<!-- This site is optimized with the Yoast SEO plugin v26.3 - https:\/\/yoast.com\/wordpress\/plugins\/seo\/ -->\n<title>Aprenda a fazer Cora\u00e7\u00e3o Rendado de Chocolate para presentear no Dia das M\u00e3es - Harald<\/title>\n<meta name=\"robots\" content=\"noindex, follow, max-snippet:-1, max-image-preview:large, max-video-preview:-1\" \/>\n<meta property=\"og:locale\" content=\"pt_BR\" \/>\n<meta property=\"og:type\" content=\"article\" \/>\n<meta property=\"og:title\" content=\"Aprenda a fazer Cora\u00e7\u00e3o Rendado de Chocolate para presentear no Dia das M\u00e3es - Harald\" \/>\n<meta property=\"og:description\" content=\"Aprenda a fazer Cora\u00e7\u00e3o Rendado de Chocolate para presentear no Dia das M\u00e3es Que tal inovar neste dia das m\u00e3es com uma receita que re\u00fane sabor e eleg\u00e2ncia? A Harald, empresa l\u00edder em coberturas e refer\u00eancia em chocolate para o mercado especializado no Brasil, preparou uma receita especial para o dia das m\u00e3es: um cora\u00e7\u00e3o Read more...\" \/>\n<meta property=\"og:url\" content=\"https:\/\/homolog.harald.com.br\/site-2026\/blog\/aprenda-a-fazer-coracao-rendado-de-chocolate-para-presentear-no-dia-das-maes\/\" \/>\n<meta property=\"og:site_name\" content=\"Harald\" \/>\n<meta property=\"article:publisher\" content=\"https:\/\/www.facebook.com\/HaraldChocolates\/\" \/>\n<meta property=\"article:published_time\" content=\"2023-05-15T18:20:47+00:00\" \/>\n<meta property=\"og:image\" content=\"https:\/\/homolog.harald.com.br\/site-2026\/wp-content\/uploads\/2023\/05\/harald-03-2023-12-1-scaled.jpg\" \/>\n\t<meta property=\"og:image:width\" content=\"2560\" \/>\n\t<meta property=\"og:image:height\" content=\"1438\" \/>\n\t<meta property=\"og:image:type\" content=\"image\/jpeg\" \/>\n<meta name=\"author\" content=\"Bruna Teodoro\" \/>\n<meta name=\"twitter:card\" content=\"summary_large_image\" \/>\n<meta name=\"twitter:label1\" content=\"Escrito por\" \/>\n\t<meta name=\"twitter:data1\" content=\"Bruna Teodoro\" \/>\n\t<meta name=\"twitter:label2\" content=\"Est. tempo de leitura\" \/>\n\t<meta name=\"twitter:data2\" content=\"3 minutos\" \/>\n<script type=\"application\/ld+json\" class=\"yoast-schema-graph\">{\"@context\":\"https:\/\/schema.org\",\"@graph\":[{\"@type\":\"Article\",\"@id\":\"https:\/\/homolog.harald.com.br\/site-2026\/blog\/aprenda-a-fazer-coracao-rendado-de-chocolate-para-presentear-no-dia-das-maes\/#article\",\"isPartOf\":{\"@id\":\"https:\/\/homolog.harald.com.br\/site-2026\/blog\/aprenda-a-fazer-coracao-rendado-de-chocolate-para-presentear-no-dia-das-maes\/\"},\"author\":{\"name\":\"Bruna Teodoro\",\"@id\":\"https:\/\/homolog.harald.com.br\/site-2026\/#\/schema\/person\/37dcc072f872b17c519dd3097a7925e5\"},\"headline\":\"Aprenda a fazer Cora\u00e7\u00e3o Rendado de Chocolate para presentear no Dia das M\u00e3es\",\"datePublished\":\"2023-05-15T18:20:47+00:00\",\"mainEntityOfPage\":{\"@id\":\"https:\/\/homolog.harald.com.br\/site-2026\/blog\/aprenda-a-fazer-coracao-rendado-de-chocolate-para-presentear-no-dia-das-maes\/\"},\"wordCount\":508,\"publisher\":{\"@id\":\"https:\/\/homolog.harald.com.br\/site-2026\/#organization\"},\"image\":{\"@id\":\"https:\/\/homolog.harald.com.br\/site-2026\/blog\/aprenda-a-fazer-coracao-rendado-de-chocolate-para-presentear-no-dia-das-maes\/#primaryimage\"},\"thumbnailUrl\":\"https:\/\/homolog.harald.com.br\/site-2026\/wp-content\/uploads\/2023\/05\/harald-03-2023-12-1-scaled.jpg\",\"articleSection\":[\"Receitas\"],\"inLanguage\":\"pt-BR\"},{\"@type\":\"WebPage\",\"@id\":\"https:\/\/homolog.harald.com.br\/site-2026\/blog\/aprenda-a-fazer-coracao-rendado-de-chocolate-para-presentear-no-dia-das-maes\/\",\"url\":\"https:\/\/homolog.harald.com.br\/site-2026\/blog\/aprenda-a-fazer-coracao-rendado-de-chocolate-para-presentear-no-dia-das-maes\/\",\"name\":\"Aprenda a fazer Cora\u00e7\u00e3o Rendado de Chocolate para presentear no Dia das M\u00e3es - Harald\",\"isPartOf\":{\"@id\":\"https:\/\/homolog.harald.com.br\/site-2026\/#website\"},\"primaryImageOfPage\":{\"@id\":\"https:\/\/homolog.harald.com.br\/site-2026\/blog\/aprenda-a-fazer-coracao-rendado-de-chocolate-para-presentear-no-dia-das-maes\/#primaryimage\"},\"image\":{\"@id\":\"https:\/\/homolog.harald.com.br\/site-2026\/blog\/aprenda-a-fazer-coracao-rendado-de-chocolate-para-presentear-no-dia-das-maes\/#primaryimage\"},\"thumbnailUrl\":\"https:\/\/homolog.harald.com.br\/site-2026\/wp-content\/uploads\/2023\/05\/harald-03-2023-12-1-scaled.jpg\",\"datePublished\":\"2023-05-15T18:20:47+00:00\",\"breadcrumb\":{\"@id\":\"https:\/\/homolog.harald.com.br\/site-2026\/blog\/aprenda-a-fazer-coracao-rendado-de-chocolate-para-presentear-no-dia-das-maes\/#breadcrumb\"},\"inLanguage\":\"pt-BR\",\"potentialAction\":[{\"@type\":\"ReadAction\",\"target\":[\"https:\/\/homolog.harald.com.br\/site-2026\/blog\/aprenda-a-fazer-coracao-rendado-de-chocolate-para-presentear-no-dia-das-maes\/\"]}]},{\"@type\":\"ImageObject\",\"inLanguage\":\"pt-BR\",\"@id\":\"https:\/\/homolog.harald.com.br\/site-2026\/blog\/aprenda-a-fazer-coracao-rendado-de-chocolate-para-presentear-no-dia-das-maes\/#primaryimage\",\"url\":\"https:\/\/homolog.harald.com.br\/site-2026\/wp-content\/uploads\/2023\/05\/harald-03-2023-12-1-scaled.jpg\",\"contentUrl\":\"https:\/\/homolog.harald.com.br\/site-2026\/wp-content\/uploads\/2023\/05\/harald-03-2023-12-1-scaled.jpg\",\"width\":2560,\"height\":1438},{\"@type\":\"BreadcrumbList\",\"@id\":\"https:\/\/homolog.harald.com.br\/site-2026\/blog\/aprenda-a-fazer-coracao-rendado-de-chocolate-para-presentear-no-dia-das-maes\/#breadcrumb\",\"itemListElement\":[{\"@type\":\"ListItem\",\"position\":1,\"name\":\"In\u00edcio\",\"item\":\"https:\/\/homolog.harald.com.br\/site-2026\/\"},{\"@type\":\"ListItem\",\"position\":2,\"name\":\"Aprenda a fazer Cora\u00e7\u00e3o Rendado de Chocolate para presentear no Dia das M\u00e3es\"}]},{\"@type\":\"WebSite\",\"@id\":\"https:\/\/homolog.harald.com.br\/site-2026\/#website\",\"url\":\"https:\/\/homolog.harald.com.br\/site-2026\/\",\"name\":\"Harald\",\"description\":\"Fazer melhor \u00e9 fazer com paix\u00e3o\",\"publisher\":{\"@id\":\"https:\/\/homolog.harald.com.br\/site-2026\/#organization\"},\"potentialAction\":[{\"@type\":\"SearchAction\",\"target\":{\"@type\":\"EntryPoint\",\"urlTemplate\":\"https:\/\/homolog.harald.com.br\/site-2026\/?s={search_term_string}\"},\"query-input\":{\"@type\":\"PropertyValueSpecification\",\"valueRequired\":true,\"valueName\":\"search_term_string\"}}],\"inLanguage\":\"pt-BR\"},{\"@type\":\"Organization\",\"@id\":\"https:\/\/homolog.harald.com.br\/site-2026\/#organization\",\"name\":\"Harald\",\"url\":\"https:\/\/homolog.harald.com.br\/site-2026\/\",\"logo\":{\"@type\":\"ImageObject\",\"inLanguage\":\"pt-BR\",\"@id\":\"https:\/\/homolog.harald.com.br\/site-2026\/#\/schema\/logo\/image\/\",\"url\":\"https:\/\/homolog.harald.com.br\/site-2026\/wp-content\/uploads\/2022\/09\/logo-harald-cmyk-ss.png\",\"contentUrl\":\"https:\/\/homolog.harald.com.br\/site-2026\/wp-content\/uploads\/2022\/09\/logo-harald-cmyk-ss.png\",\"width\":1948,\"height\":1051,\"caption\":\"Harald\"},\"image\":{\"@id\":\"https:\/\/homolog.harald.com.br\/site-2026\/#\/schema\/logo\/image\/\"},\"sameAs\":[\"https:\/\/www.facebook.com\/HaraldChocolates\/\",\"https:\/\/www.youtube.com\/user\/HaraldChocolates\"]},{\"@type\":\"Person\",\"@id\":\"https:\/\/homolog.harald.com.br\/site-2026\/#\/schema\/person\/37dcc072f872b17c519dd3097a7925e5\",\"name\":\"Bruna Teodoro\",\"image\":{\"@type\":\"ImageObject\",\"inLanguage\":\"pt-BR\",\"@id\":\"https:\/\/homolog.harald.com.br\/site-2026\/#\/schema\/person\/image\/\",\"url\":\"https:\/\/secure.gravatar.com\/avatar\/7da0050c7a3bd4d6df113dcfae1a5b72c8690bc5d4bb4fabab7e4d34d582ceea?s=96&d=mm&r=g\",\"contentUrl\":\"https:\/\/secure.gravatar.com\/avatar\/7da0050c7a3bd4d6df113dcfae1a5b72c8690bc5d4bb4fabab7e4d34d582ceea?s=96&d=mm&r=g\",\"caption\":\"Bruna Teodoro\"},\"url\":\"https:\/\/homolog.harald.com.br\/site-2026\/blog\/author\/bruna-teodoro\/\"}]}<\/script>\n<!-- \/ Yoast SEO plugin. -->","yoast_head_json":{"title":"Aprenda a fazer Cora\u00e7\u00e3o Rendado de Chocolate para presentear no Dia das M\u00e3es - Harald","robots":{"index":"noindex","follow":"follow","max-snippet":"max-snippet:-1","max-image-preview":"max-image-preview:large","max-video-preview":"max-video-preview:-1"},"og_locale":"pt_BR","og_type":"article","og_title":"Aprenda a fazer Cora\u00e7\u00e3o Rendado de Chocolate para presentear no Dia das M\u00e3es - Harald","og_description":"Aprenda a fazer Cora\u00e7\u00e3o Rendado de Chocolate para presentear no Dia das M\u00e3es Que tal inovar neste dia das m\u00e3es com uma receita que re\u00fane sabor e eleg\u00e2ncia? A Harald, empresa l\u00edder em coberturas e refer\u00eancia em chocolate para o mercado especializado no Brasil, preparou uma receita especial para o dia das m\u00e3es: um cora\u00e7\u00e3o Read more...","og_url":"https:\/\/homolog.harald.com.br\/site-2026\/blog\/aprenda-a-fazer-coracao-rendado-de-chocolate-para-presentear-no-dia-das-maes\/","og_site_name":"Harald","article_publisher":"https:\/\/www.facebook.com\/HaraldChocolates\/","article_published_time":"2023-05-15T18:20:47+00:00","og_image":[{"width":2560,"height":1438,"url":"https:\/\/homolog.harald.com.br\/site-2026\/wp-content\/uploads\/2023\/05\/harald-03-2023-12-1-scaled.jpg","type":"image\/jpeg"}],"author":"Bruna Teodoro","twitter_card":"summary_large_image","twitter_misc":{"Escrito por":"Bruna Teodoro","Est. tempo de leitura":"3 minutos"},"schema":{"@context":"https:\/\/schema.org","@graph":[{"@type":"Article","@id":"https:\/\/homolog.harald.com.br\/site-2026\/blog\/aprenda-a-fazer-coracao-rendado-de-chocolate-para-presentear-no-dia-das-maes\/#article","isPartOf":{"@id":"https:\/\/homolog.harald.com.br\/site-2026\/blog\/aprenda-a-fazer-coracao-rendado-de-chocolate-para-presentear-no-dia-das-maes\/"},"author":{"name":"Bruna Teodoro","@id":"https:\/\/homolog.harald.com.br\/site-2026\/#\/schema\/person\/37dcc072f872b17c519dd3097a7925e5"},"headline":"Aprenda a fazer Cora\u00e7\u00e3o Rendado de Chocolate para presentear no Dia das M\u00e3es","datePublished":"2023-05-15T18:20:47+00:00","mainEntityOfPage":{"@id":"https:\/\/homolog.harald.com.br\/site-2026\/blog\/aprenda-a-fazer-coracao-rendado-de-chocolate-para-presentear-no-dia-das-maes\/"},"wordCount":508,"publisher":{"@id":"https:\/\/homolog.harald.com.br\/site-2026\/#organization"},"image":{"@id":"https:\/\/homolog.harald.com.br\/site-2026\/blog\/aprenda-a-fazer-coracao-rendado-de-chocolate-para-presentear-no-dia-das-maes\/#primaryimage"},"thumbnailUrl":"https:\/\/homolog.harald.com.br\/site-2026\/wp-content\/uploads\/2023\/05\/harald-03-2023-12-1-scaled.jpg","articleSection":["Receitas"],"inLanguage":"pt-BR"},{"@type":"WebPage","@id":"https:\/\/homolog.harald.com.br\/site-2026\/blog\/aprenda-a-fazer-coracao-rendado-de-chocolate-para-presentear-no-dia-das-maes\/","url":"https:\/\/homolog.harald.com.br\/site-2026\/blog\/aprenda-a-fazer-coracao-rendado-de-chocolate-para-presentear-no-dia-das-maes\/","name":"Aprenda a fazer Cora\u00e7\u00e3o Rendado de Chocolate para presentear no Dia das M\u00e3es - Harald","isPartOf":{"@id":"https:\/\/homolog.harald.com.br\/site-2026\/#website"},"primaryImageOfPage":{"@id":"https:\/\/homolog.harald.com.br\/site-2026\/blog\/aprenda-a-fazer-coracao-rendado-de-chocolate-para-presentear-no-dia-das-maes\/#primaryimage"},"image":{"@id":"https:\/\/homolog.harald.com.br\/site-2026\/blog\/aprenda-a-fazer-coracao-rendado-de-chocolate-para-presentear-no-dia-das-maes\/#primaryimage"},"thumbnailUrl":"https:\/\/homolog.harald.com.br\/site-2026\/wp-content\/uploads\/2023\/05\/harald-03-2023-12-1-scaled.jpg","datePublished":"2023-05-15T18:20:47+00:00","breadcrumb":{"@id":"https:\/\/homolog.harald.com.br\/site-2026\/blog\/aprenda-a-fazer-coracao-rendado-de-chocolate-para-presentear-no-dia-das-maes\/#breadcrumb"},"inLanguage":"pt-BR","potentialAction":[{"@type":"ReadAction","target":["https:\/\/homolog.harald.com.br\/site-2026\/blog\/aprenda-a-fazer-coracao-rendado-de-chocolate-para-presentear-no-dia-das-maes\/"]}]},{"@type":"ImageObject","inLanguage":"pt-BR","@id":"https:\/\/homolog.harald.com.br\/site-2026\/blog\/aprenda-a-fazer-coracao-rendado-de-chocolate-para-presentear-no-dia-das-maes\/#primaryimage","url":"https:\/\/homolog.harald.com.br\/site-2026\/wp-content\/uploads\/2023\/05\/harald-03-2023-12-1-scaled.jpg","contentUrl":"https:\/\/homolog.harald.com.br\/site-2026\/wp-content\/uploads\/2023\/05\/harald-03-2023-12-1-scaled.jpg","width":2560,"height":1438},{"@type":"BreadcrumbList","@id":"https:\/\/homolog.harald.com.br\/site-2026\/blog\/aprenda-a-fazer-coracao-rendado-de-chocolate-para-presentear-no-dia-das-maes\/#breadcrumb","itemListElement":[{"@type":"ListItem","position":1,"name":"In\u00edcio","item":"https:\/\/homolog.harald.com.br\/site-2026\/"},{"@type":"ListItem","position":2,"name":"Aprenda a fazer Cora\u00e7\u00e3o Rendado de Chocolate para presentear no Dia das M\u00e3es"}]},{"@type":"WebSite","@id":"https:\/\/homolog.harald.com.br\/site-2026\/#website","url":"https:\/\/homolog.harald.com.br\/site-2026\/","name":"Harald","description":"Fazer melhor \u00e9 fazer com paix\u00e3o","publisher":{"@id":"https:\/\/homolog.harald.com.br\/site-2026\/#organization"},"potentialAction":[{"@type":"SearchAction","target":{"@type":"EntryPoint","urlTemplate":"https:\/\/homolog.harald.com.br\/site-2026\/?s={search_term_string}"},"query-input":{"@type":"PropertyValueSpecification","valueRequired":true,"valueName":"search_term_string"}}],"inLanguage":"pt-BR"},{"@type":"Organization","@id":"https:\/\/homolog.harald.com.br\/site-2026\/#organization","name":"Harald","url":"https:\/\/homolog.harald.com.br\/site-2026\/","logo":{"@type":"ImageObject","inLanguage":"pt-BR","@id":"https:\/\/homolog.harald.com.br\/site-2026\/#\/schema\/logo\/image\/","url":"https:\/\/homolog.harald.com.br\/site-2026\/wp-content\/uploads\/2022\/09\/logo-harald-cmyk-ss.png","contentUrl":"https:\/\/homolog.harald.com.br\/site-2026\/wp-content\/uploads\/2022\/09\/logo-harald-cmyk-ss.png","width":1948,"height":1051,"caption":"Harald"},"image":{"@id":"https:\/\/homolog.harald.com.br\/site-2026\/#\/schema\/logo\/image\/"},"sameAs":["https:\/\/www.facebook.com\/HaraldChocolates\/","https:\/\/www.youtube.com\/user\/HaraldChocolates"]},{"@type":"Person","@id":"https:\/\/homolog.harald.com.br\/site-2026\/#\/schema\/person\/37dcc072f872b17c519dd3097a7925e5","name":"Bruna Teodoro","image":{"@type":"ImageObject","inLanguage":"pt-BR","@id":"https:\/\/homolog.harald.com.br\/site-2026\/#\/schema\/person\/image\/","url":"https:\/\/secure.gravatar.com\/avatar\/7da0050c7a3bd4d6df113dcfae1a5b72c8690bc5d4bb4fabab7e4d34d582ceea?s=96&d=mm&r=g","contentUrl":"https:\/\/secure.gravatar.com\/avatar\/7da0050c7a3bd4d6df113dcfae1a5b72c8690bc5d4bb4fabab7e4d34d582ceea?s=96&d=mm&r=g","caption":"Bruna Teodoro"},"url":"https:\/\/homolog.harald.com.br\/site-2026\/blog\/author\/bruna-teodoro\/"}]}},"uagb_featured_image_src":{"full":["https:\/\/homolog.harald.com.br\/site-2026\/wp-content\/uploads\/2023\/05\/harald-03-2023-12-1-scaled.jpg",2560,1438,false],"thumbnail":["https:\/\/homolog.harald.com.br\/site-2026\/wp-content\/uploads\/2023\/05\/harald-03-2023-12-1-150x150.jpg",150,150,true],"medium":["https:\/\/homolog.harald.com.br\/site-2026\/wp-content\/uploads\/2023\/05\/harald-03-2023-12-1-300x169.jpg",300,169,true],"medium_large":["https:\/\/homolog.harald.com.br\/site-2026\/wp-content\/uploads\/2023\/05\/harald-03-2023-12-1-768x432.jpg",768,432,true],"large":["https:\/\/homolog.harald.com.br\/site-2026\/wp-content\/uploads\/2023\/05\/harald-03-2023-12-1-1024x575.jpg",1024,575,true],"1536x1536":["https:\/\/homolog.harald.com.br\/site-2026\/wp-content\/uploads\/2023\/05\/harald-03-2023-12-1-1536x863.jpg",1536,863,true],"2048x2048":["https:\/\/homolog.harald.com.br\/site-2026\/wp-content\/uploads\/2023\/05\/harald-03-2023-12-1-2048x1151.jpg",2048,1151,true],"full-width":["https:\/\/homolog.harald.com.br\/site-2026\/wp-content\/uploads\/2023\/05\/harald-03-2023-12-1-scaled.jpg",1920,1080,false],"gform-image-choice-sm":["https:\/\/homolog.harald.com.br\/site-2026\/wp-content\/uploads\/2023\/05\/harald-03-2023-12-1-scaled.jpg",300,169,false],"gform-image-choice-md":["https:\/\/homolog.harald.com.br\/site-2026\/wp-content\/uploads\/2023\/05\/harald-03-2023-12-1-scaled.jpg",400,225,false],"gform-image-choice-lg":["https:\/\/homolog.harald.com.br\/site-2026\/wp-content\/uploads\/2023\/05\/harald-03-2023-12-1-scaled.jpg",600,337,false]},"uagb_author_info":{"display_name":"Bruna Teodoro","author_link":"https:\/\/homolog.harald.com.br\/site-2026\/blog\/author\/bruna-teodoro\/"},"uagb_comment_info":0,"uagb_excerpt":"Aprenda a fazer Cora\u00e7\u00e3o Rendado de Chocolate para presentear no Dia das M\u00e3es Que tal inovar neste dia das m\u00e3es com uma receita que re\u00fane sabor e eleg\u00e2ncia? A Harald, empresa l\u00edder em coberturas e refer\u00eancia em chocolate para o mercado especializado no Brasil, preparou uma receita especial para o dia das m\u00e3es: um cora\u00e7\u00e3o&hellip;","_links":{"self":[{"href":"https:\/\/homolog.harald.com.br\/site-2026\/wp-json\/wp\/v2\/posts\/93183","targetHints":{"allow":["GET"]}}],"collection":[{"href":"https:\/\/homolog.harald.com.br\/site-2026\/wp-json\/wp\/v2\/posts"}],"about":[{"href":"https:\/\/homolog.harald.com.br\/site-2026\/wp-json\/wp\/v2\/types\/post"}],"author":[{"embeddable":true,"href":"https:\/\/homolog.harald.com.br\/site-2026\/wp-json\/wp\/v2\/users\/11"}],"replies":[{"embeddable":true,"href":"https:\/\/homolog.harald.com.br\/site-2026\/wp-json\/wp\/v2\/comments?post=93183"}],"version-history":[{"count":1,"href":"https:\/\/homolog.harald.com.br\/site-2026\/wp-json\/wp\/v2\/posts\/93183\/revisions"}],"predecessor-version":[{"id":93197,"href":"https:\/\/homolog.harald.com.br\/site-2026\/wp-json\/wp\/v2\/posts\/93183\/revisions\/93197"}],"wp:featuredmedia":[{"embeddable":true,"href":"https:\/\/homolog.harald.com.br\/site-2026\/wp-json\/wp\/v2\/media\/93194"}],"wp:attachment":[{"href":"https:\/\/homolog.harald.com.br\/site-2026\/wp-json\/wp\/v2\/media?parent=93183"}],"wp:term":[{"taxonomy":"category","embeddable":true,"href":"https:\/\/homolog.harald.com.br\/site-2026\/wp-json\/wp\/v2\/categories?post=93183"},{"taxonomy":"post_tag","embeddable":true,"href":"https:\/\/homolog.harald.com.br\/site-2026\/wp-json\/wp\/v2\/tags?post=93183"},{"taxonomy":"para-seu-negocio","embeddable":true,"href":"https:\/\/homolog.harald.com.br\/site-2026\/wp-json\/wp\/v2\/para-seu-negocio?post=93183"}],"curies":[{"name":"wp","href":"https:\/\/api.w.org\/{rel}","templated":true}]}}