{"id":9250,"date":"2022-08-27T09:00:46","date_gmt":"2022-08-27T12:00:46","guid":{"rendered":"https:\/\/homolog.harald.com.br\/site-2026\/?p=9250"},"modified":"2022-10-06T09:01:00","modified_gmt":"2022-10-06T12:01:00","slug":"harald-expande-linha-melken-com-o-novo-chocolate-em-po-70-cacau","status":"publish","type":"post","link":"https:\/\/homolog.harald.com.br\/site-2026\/blog\/harald-expande-linha-melken-com-o-novo-chocolate-em-po-70-cacau\/","title":{"rendered":"Harald expande linha Melken com o novo Chocolate em P\u00f3 70% Cacau"},"content":{"rendered":"<h2 class=\"name post-title entry-title\">Harald expande linha Melken com o novo Chocolate em P\u00f3 70% Cacau<\/h2>\n<div class=\"entry\">\n<p><i>Lan\u00e7amento amplia a presen\u00e7a da marca na categoria apresentando uma op\u00e7\u00e3o de alta qualidade com colora\u00e7\u00e3o e sabor mais intensos<\/i><\/p>\n<p><img decoding=\"async\" src=\"https:\/\/docerevista.com.br\/wp-content\/uploads\/2022\/08\/melken-harald-700px-696x398.jpg\" \/><\/p>\n<p>O consumo de produtos com alto teor de cacau \u00e9 uma tend\u00eancia crescente no mercado aliment\u00edcio, e atenta \u00e0s demandas do setor, a\u00a0<strong>Harald<\/strong>, empresa l\u00edder em coberturas e refer\u00eancia em chocolates para o mercado especializado, amplia seu portf\u00f3lio de produtos com o lan\u00e7amento do Chocolate em P\u00f3 Melken 70% Cacau, que chega ao ponto de venda no m\u00eas de julho.<\/p>\n<p>De colora\u00e7\u00e3o mais escura, sabor intenso e menos a\u00e7\u00facar, se comparado aos itens de menor teor da linha, o Chocolate em P\u00f3 Melken 70% Cacau refor\u00e7a a linha Melken de Chocolates e Cacau em P\u00f3. Al\u00e9m de ser mais uma op\u00e7\u00e3o da marca, com alta qualidade e um pre\u00e7o acess\u00edvel, \u00e9 tamb\u00e9m fonte de fibras, possui maior rendimento, \u00e9 f\u00e1cil de dissolver e funciona para diversas aplica\u00e7\u00f5es e produ\u00e7\u00f5es, como: massas de bolos, brigadeiros, tortas, bebidas, sobremesas e docinhos variados.<br aria-hidden=\"true\" \/>\u00a0Segundo Fernanda Sequetto, gerente de marketing da Harald no Brasil, a empresa segue investindo em produtos nobres e com um alto teor de cacau, com o objetivo de auxiliar os confeiteiros e transformadores a ampliar seu card\u00e1pio e alcan\u00e7ar os consumidores que buscam op\u00e7\u00f5es mais saud\u00e1veis. \u201cDesenvolvemos o Chocolate em P\u00f3 Melken 70% Cacau visando suprir uma necessidade do setor. \u00c9 um investimento que amplia a nossa diversidade de produtos e atende a uma ampla gama de clientes, trazendo mais uma op\u00e7\u00e3o para incrementar o card\u00e1pio e alavancar as vendas\u201d, comenta a executiva.<\/p>\n<\/div>\n","protected":false},"excerpt":{"rendered":"<p>Harald expande linha Melken com o novo Chocolate em P\u00f3 70% Cacau Lan\u00e7amento amplia a presen\u00e7a da marca na categoria apresentando uma op\u00e7\u00e3o de alta qualidade com colora\u00e7\u00e3o e sabor mais intensos O consumo de produtos com alto teor de cacau \u00e9 uma tend\u00eancia crescente no mercado aliment\u00edcio, e atenta \u00e0s demandas do setor, a\u00a0Harald, <a class=\"more-link\" href=\"https:\/\/homolog.harald.com.br\/site-2026\/blog\/harald-expande-linha-melken-com-o-novo-chocolate-em-po-70-cacau\/\">Read more&#8230;<\/a><\/p>\n","protected":false},"author":9,"featured_media":9252,"comment_status":"closed","ping_status":"closed","sticky":false,"template":"","format":"standard","meta":{"_acf_changed":false,"_uag_custom_page_level_css":"","footnotes":""},"categories":[1],"tags":[],"para-seu-negocio":[],"class_list":["post-9250","post","type-post","status-publish","format-standard","has-post-thumbnail","hentry","category-nao-categorizado"],"acf":[],"yoast_head":"<!-- This site is optimized with the Yoast SEO plugin v26.3 - https:\/\/yoast.com\/wordpress\/plugins\/seo\/ -->\n<title>Harald expande linha Melken com o novo Chocolate em P\u00f3 70% Cacau - Harald<\/title>\n<meta name=\"robots\" content=\"noindex, follow, max-snippet:-1, max-image-preview:large, max-video-preview:-1\" \/>\n<meta property=\"og:locale\" content=\"pt_BR\" \/>\n<meta property=\"og:type\" content=\"article\" \/>\n<meta property=\"og:title\" content=\"Harald expande linha Melken com o novo Chocolate em P\u00f3 70% Cacau - Harald\" \/>\n<meta property=\"og:description\" content=\"Harald expande linha Melken com o novo Chocolate em P\u00f3 70% Cacau Lan\u00e7amento amplia a presen\u00e7a da marca na categoria apresentando uma op\u00e7\u00e3o de alta qualidade com colora\u00e7\u00e3o e sabor mais intensos O consumo de produtos com alto teor de cacau \u00e9 uma tend\u00eancia crescente no mercado aliment\u00edcio, e atenta \u00e0s demandas do setor, a\u00a0Harald, Read more...\" \/>\n<meta property=\"og:url\" content=\"https:\/\/homolog.harald.com.br\/site-2026\/blog\/harald-expande-linha-melken-com-o-novo-chocolate-em-po-70-cacau\/\" \/>\n<meta property=\"og:site_name\" content=\"Harald\" \/>\n<meta property=\"article:publisher\" content=\"https:\/\/www.facebook.com\/HaraldChocolates\/\" \/>\n<meta property=\"article:published_time\" content=\"2022-08-27T12:00:46+00:00\" \/>\n<meta property=\"article:modified_time\" content=\"2022-10-06T12:01:00+00:00\" \/>\n<meta property=\"og:image\" content=\"https:\/\/homolog.harald.com.br\/site-2026\/wp-content\/uploads\/2022\/10\/cholate-em-po-melken-70.jpg\" \/>\n\t<meta property=\"og:image:width\" content=\"696\" \/>\n\t<meta property=\"og:image:height\" content=\"398\" \/>\n\t<meta property=\"og:image:type\" content=\"image\/jpeg\" \/>\n<meta name=\"author\" content=\"CROWD\" \/>\n<meta name=\"twitter:card\" content=\"summary_large_image\" \/>\n<meta name=\"twitter:label1\" content=\"Escrito por\" \/>\n\t<meta name=\"twitter:data1\" content=\"CROWD\" \/>\n\t<meta name=\"twitter:label2\" content=\"Est. tempo de leitura\" \/>\n\t<meta name=\"twitter:data2\" content=\"1 minuto\" \/>\n<script type=\"application\/ld+json\" class=\"yoast-schema-graph\">{\"@context\":\"https:\/\/schema.org\",\"@graph\":[{\"@type\":\"Article\",\"@id\":\"https:\/\/homolog.harald.com.br\/site-2026\/blog\/harald-expande-linha-melken-com-o-novo-chocolate-em-po-70-cacau\/#article\",\"isPartOf\":{\"@id\":\"https:\/\/homolog.harald.com.br\/site-2026\/blog\/harald-expande-linha-melken-com-o-novo-chocolate-em-po-70-cacau\/\"},\"author\":{\"name\":\"CROWD\",\"@id\":\"https:\/\/homolog.harald.com.br\/site-2026\/#\/schema\/person\/474c783c0a4a997b6352b8b626175b12\"},\"headline\":\"Harald expande linha Melken com o novo Chocolate em P\u00f3 70% Cacau\",\"datePublished\":\"2022-08-27T12:00:46+00:00\",\"dateModified\":\"2022-10-06T12:01:00+00:00\",\"mainEntityOfPage\":{\"@id\":\"https:\/\/homolog.harald.com.br\/site-2026\/blog\/harald-expande-linha-melken-com-o-novo-chocolate-em-po-70-cacau\/\"},\"wordCount\":297,\"publisher\":{\"@id\":\"https:\/\/homolog.harald.com.br\/site-2026\/#organization\"},\"image\":{\"@id\":\"https:\/\/homolog.harald.com.br\/site-2026\/blog\/harald-expande-linha-melken-com-o-novo-chocolate-em-po-70-cacau\/#primaryimage\"},\"thumbnailUrl\":\"https:\/\/homolog.harald.com.br\/site-2026\/wp-content\/uploads\/2022\/10\/cholate-em-po-melken-70.jpg\",\"articleSection\":[\"N\u00e3o categorizado\"],\"inLanguage\":\"pt-BR\"},{\"@type\":\"WebPage\",\"@id\":\"https:\/\/homolog.harald.com.br\/site-2026\/blog\/harald-expande-linha-melken-com-o-novo-chocolate-em-po-70-cacau\/\",\"url\":\"https:\/\/homolog.harald.com.br\/site-2026\/blog\/harald-expande-linha-melken-com-o-novo-chocolate-em-po-70-cacau\/\",\"name\":\"Harald expande linha Melken com o novo Chocolate em P\u00f3 70% Cacau - Harald\",\"isPartOf\":{\"@id\":\"https:\/\/homolog.harald.com.br\/site-2026\/#website\"},\"primaryImageOfPage\":{\"@id\":\"https:\/\/homolog.harald.com.br\/site-2026\/blog\/harald-expande-linha-melken-com-o-novo-chocolate-em-po-70-cacau\/#primaryimage\"},\"image\":{\"@id\":\"https:\/\/homolog.harald.com.br\/site-2026\/blog\/harald-expande-linha-melken-com-o-novo-chocolate-em-po-70-cacau\/#primaryimage\"},\"thumbnailUrl\":\"https:\/\/homolog.harald.com.br\/site-2026\/wp-content\/uploads\/2022\/10\/cholate-em-po-melken-70.jpg\",\"datePublished\":\"2022-08-27T12:00:46+00:00\",\"dateModified\":\"2022-10-06T12:01:00+00:00\",\"breadcrumb\":{\"@id\":\"https:\/\/homolog.harald.com.br\/site-2026\/blog\/harald-expande-linha-melken-com-o-novo-chocolate-em-po-70-cacau\/#breadcrumb\"},\"inLanguage\":\"pt-BR\",\"potentialAction\":[{\"@type\":\"ReadAction\",\"target\":[\"https:\/\/homolog.harald.com.br\/site-2026\/blog\/harald-expande-linha-melken-com-o-novo-chocolate-em-po-70-cacau\/\"]}]},{\"@type\":\"ImageObject\",\"inLanguage\":\"pt-BR\",\"@id\":\"https:\/\/homolog.harald.com.br\/site-2026\/blog\/harald-expande-linha-melken-com-o-novo-chocolate-em-po-70-cacau\/#primaryimage\",\"url\":\"https:\/\/homolog.harald.com.br\/site-2026\/wp-content\/uploads\/2022\/10\/cholate-em-po-melken-70.jpg\",\"contentUrl\":\"https:\/\/homolog.harald.com.br\/site-2026\/wp-content\/uploads\/2022\/10\/cholate-em-po-melken-70.jpg\",\"width\":696,\"height\":398},{\"@type\":\"BreadcrumbList\",\"@id\":\"https:\/\/homolog.harald.com.br\/site-2026\/blog\/harald-expande-linha-melken-com-o-novo-chocolate-em-po-70-cacau\/#breadcrumb\",\"itemListElement\":[{\"@type\":\"ListItem\",\"position\":1,\"name\":\"In\u00edcio\",\"item\":\"https:\/\/homolog.harald.com.br\/site-2026\/\"},{\"@type\":\"ListItem\",\"position\":2,\"name\":\"Harald expande linha Melken com o novo Chocolate em P\u00f3 70% Cacau\"}]},{\"@type\":\"WebSite\",\"@id\":\"https:\/\/homolog.harald.com.br\/site-2026\/#website\",\"url\":\"https:\/\/homolog.harald.com.br\/site-2026\/\",\"name\":\"Harald\",\"description\":\"Fazer melhor \u00e9 fazer com paix\u00e3o\",\"publisher\":{\"@id\":\"https:\/\/homolog.harald.com.br\/site-2026\/#organization\"},\"potentialAction\":[{\"@type\":\"SearchAction\",\"target\":{\"@type\":\"EntryPoint\",\"urlTemplate\":\"https:\/\/homolog.harald.com.br\/site-2026\/?s={search_term_string}\"},\"query-input\":{\"@type\":\"PropertyValueSpecification\",\"valueRequired\":true,\"valueName\":\"search_term_string\"}}],\"inLanguage\":\"pt-BR\"},{\"@type\":\"Organization\",\"@id\":\"https:\/\/homolog.harald.com.br\/site-2026\/#organization\",\"name\":\"Harald\",\"url\":\"https:\/\/homolog.harald.com.br\/site-2026\/\",\"logo\":{\"@type\":\"ImageObject\",\"inLanguage\":\"pt-BR\",\"@id\":\"https:\/\/homolog.harald.com.br\/site-2026\/#\/schema\/logo\/image\/\",\"url\":\"https:\/\/homolog.harald.com.br\/site-2026\/wp-content\/uploads\/2022\/09\/logo-harald-cmyk-ss.png\",\"contentUrl\":\"https:\/\/homolog.harald.com.br\/site-2026\/wp-content\/uploads\/2022\/09\/logo-harald-cmyk-ss.png\",\"width\":1948,\"height\":1051,\"caption\":\"Harald\"},\"image\":{\"@id\":\"https:\/\/homolog.harald.com.br\/site-2026\/#\/schema\/logo\/image\/\"},\"sameAs\":[\"https:\/\/www.facebook.com\/HaraldChocolates\/\",\"https:\/\/www.youtube.com\/user\/HaraldChocolates\"]},{\"@type\":\"Person\",\"@id\":\"https:\/\/homolog.harald.com.br\/site-2026\/#\/schema\/person\/474c783c0a4a997b6352b8b626175b12\",\"name\":\"CROWD\",\"image\":{\"@type\":\"ImageObject\",\"inLanguage\":\"pt-BR\",\"@id\":\"https:\/\/homolog.harald.com.br\/site-2026\/#\/schema\/person\/image\/\",\"url\":\"https:\/\/secure.gravatar.com\/avatar\/4d8c1df2b3db7e6270e2d04115410a036e98bb8f8dd59ca3c343e438750c76b9?s=96&d=mm&r=g\",\"contentUrl\":\"https:\/\/secure.gravatar.com\/avatar\/4d8c1df2b3db7e6270e2d04115410a036e98bb8f8dd59ca3c343e438750c76b9?s=96&d=mm&r=g\",\"caption\":\"CROWD\"},\"url\":\"https:\/\/homolog.harald.com.br\/site-2026\/blog\/author\/crowd\/\"}]}<\/script>\n<!-- \/ Yoast SEO plugin. -->","yoast_head_json":{"title":"Harald expande linha Melken com o novo Chocolate em P\u00f3 70% Cacau - Harald","robots":{"index":"noindex","follow":"follow","max-snippet":"max-snippet:-1","max-image-preview":"max-image-preview:large","max-video-preview":"max-video-preview:-1"},"og_locale":"pt_BR","og_type":"article","og_title":"Harald expande linha Melken com o novo Chocolate em P\u00f3 70% Cacau - Harald","og_description":"Harald expande linha Melken com o novo Chocolate em P\u00f3 70% Cacau Lan\u00e7amento amplia a presen\u00e7a da marca na categoria apresentando uma op\u00e7\u00e3o de alta qualidade com colora\u00e7\u00e3o e sabor mais intensos O consumo de produtos com alto teor de cacau \u00e9 uma tend\u00eancia crescente no mercado aliment\u00edcio, e atenta \u00e0s demandas do setor, a\u00a0Harald, Read more...","og_url":"https:\/\/homolog.harald.com.br\/site-2026\/blog\/harald-expande-linha-melken-com-o-novo-chocolate-em-po-70-cacau\/","og_site_name":"Harald","article_publisher":"https:\/\/www.facebook.com\/HaraldChocolates\/","article_published_time":"2022-08-27T12:00:46+00:00","article_modified_time":"2022-10-06T12:01:00+00:00","og_image":[{"width":696,"height":398,"url":"https:\/\/homolog.harald.com.br\/site-2026\/wp-content\/uploads\/2022\/10\/cholate-em-po-melken-70.jpg","type":"image\/jpeg"}],"author":"CROWD","twitter_card":"summary_large_image","twitter_misc":{"Escrito por":"CROWD","Est. tempo de leitura":"1 minuto"},"schema":{"@context":"https:\/\/schema.org","@graph":[{"@type":"Article","@id":"https:\/\/homolog.harald.com.br\/site-2026\/blog\/harald-expande-linha-melken-com-o-novo-chocolate-em-po-70-cacau\/#article","isPartOf":{"@id":"https:\/\/homolog.harald.com.br\/site-2026\/blog\/harald-expande-linha-melken-com-o-novo-chocolate-em-po-70-cacau\/"},"author":{"name":"CROWD","@id":"https:\/\/homolog.harald.com.br\/site-2026\/#\/schema\/person\/474c783c0a4a997b6352b8b626175b12"},"headline":"Harald expande linha Melken com o novo Chocolate em P\u00f3 70% Cacau","datePublished":"2022-08-27T12:00:46+00:00","dateModified":"2022-10-06T12:01:00+00:00","mainEntityOfPage":{"@id":"https:\/\/homolog.harald.com.br\/site-2026\/blog\/harald-expande-linha-melken-com-o-novo-chocolate-em-po-70-cacau\/"},"wordCount":297,"publisher":{"@id":"https:\/\/homolog.harald.com.br\/site-2026\/#organization"},"image":{"@id":"https:\/\/homolog.harald.com.br\/site-2026\/blog\/harald-expande-linha-melken-com-o-novo-chocolate-em-po-70-cacau\/#primaryimage"},"thumbnailUrl":"https:\/\/homolog.harald.com.br\/site-2026\/wp-content\/uploads\/2022\/10\/cholate-em-po-melken-70.jpg","articleSection":["N\u00e3o categorizado"],"inLanguage":"pt-BR"},{"@type":"WebPage","@id":"https:\/\/homolog.harald.com.br\/site-2026\/blog\/harald-expande-linha-melken-com-o-novo-chocolate-em-po-70-cacau\/","url":"https:\/\/homolog.harald.com.br\/site-2026\/blog\/harald-expande-linha-melken-com-o-novo-chocolate-em-po-70-cacau\/","name":"Harald expande linha Melken com o novo Chocolate em P\u00f3 70% Cacau - Harald","isPartOf":{"@id":"https:\/\/homolog.harald.com.br\/site-2026\/#website"},"primaryImageOfPage":{"@id":"https:\/\/homolog.harald.com.br\/site-2026\/blog\/harald-expande-linha-melken-com-o-novo-chocolate-em-po-70-cacau\/#primaryimage"},"image":{"@id":"https:\/\/homolog.harald.com.br\/site-2026\/blog\/harald-expande-linha-melken-com-o-novo-chocolate-em-po-70-cacau\/#primaryimage"},"thumbnailUrl":"https:\/\/homolog.harald.com.br\/site-2026\/wp-content\/uploads\/2022\/10\/cholate-em-po-melken-70.jpg","datePublished":"2022-08-27T12:00:46+00:00","dateModified":"2022-10-06T12:01:00+00:00","breadcrumb":{"@id":"https:\/\/homolog.harald.com.br\/site-2026\/blog\/harald-expande-linha-melken-com-o-novo-chocolate-em-po-70-cacau\/#breadcrumb"},"inLanguage":"pt-BR","potentialAction":[{"@type":"ReadAction","target":["https:\/\/homolog.harald.com.br\/site-2026\/blog\/harald-expande-linha-melken-com-o-novo-chocolate-em-po-70-cacau\/"]}]},{"@type":"ImageObject","inLanguage":"pt-BR","@id":"https:\/\/homolog.harald.com.br\/site-2026\/blog\/harald-expande-linha-melken-com-o-novo-chocolate-em-po-70-cacau\/#primaryimage","url":"https:\/\/homolog.harald.com.br\/site-2026\/wp-content\/uploads\/2022\/10\/cholate-em-po-melken-70.jpg","contentUrl":"https:\/\/homolog.harald.com.br\/site-2026\/wp-content\/uploads\/2022\/10\/cholate-em-po-melken-70.jpg","width":696,"height":398},{"@type":"BreadcrumbList","@id":"https:\/\/homolog.harald.com.br\/site-2026\/blog\/harald-expande-linha-melken-com-o-novo-chocolate-em-po-70-cacau\/#breadcrumb","itemListElement":[{"@type":"ListItem","position":1,"name":"In\u00edcio","item":"https:\/\/homolog.harald.com.br\/site-2026\/"},{"@type":"ListItem","position":2,"name":"Harald expande linha Melken com o novo Chocolate em P\u00f3 70% Cacau"}]},{"@type":"WebSite","@id":"https:\/\/homolog.harald.com.br\/site-2026\/#website","url":"https:\/\/homolog.harald.com.br\/site-2026\/","name":"Harald","description":"Fazer melhor \u00e9 fazer com paix\u00e3o","publisher":{"@id":"https:\/\/homolog.harald.com.br\/site-2026\/#organization"},"potentialAction":[{"@type":"SearchAction","target":{"@type":"EntryPoint","urlTemplate":"https:\/\/homolog.harald.com.br\/site-2026\/?s={search_term_string}"},"query-input":{"@type":"PropertyValueSpecification","valueRequired":true,"valueName":"search_term_string"}}],"inLanguage":"pt-BR"},{"@type":"Organization","@id":"https:\/\/homolog.harald.com.br\/site-2026\/#organization","name":"Harald","url":"https:\/\/homolog.harald.com.br\/site-2026\/","logo":{"@type":"ImageObject","inLanguage":"pt-BR","@id":"https:\/\/homolog.harald.com.br\/site-2026\/#\/schema\/logo\/image\/","url":"https:\/\/homolog.harald.com.br\/site-2026\/wp-content\/uploads\/2022\/09\/logo-harald-cmyk-ss.png","contentUrl":"https:\/\/homolog.harald.com.br\/site-2026\/wp-content\/uploads\/2022\/09\/logo-harald-cmyk-ss.png","width":1948,"height":1051,"caption":"Harald"},"image":{"@id":"https:\/\/homolog.harald.com.br\/site-2026\/#\/schema\/logo\/image\/"},"sameAs":["https:\/\/www.facebook.com\/HaraldChocolates\/","https:\/\/www.youtube.com\/user\/HaraldChocolates"]},{"@type":"Person","@id":"https:\/\/homolog.harald.com.br\/site-2026\/#\/schema\/person\/474c783c0a4a997b6352b8b626175b12","name":"CROWD","image":{"@type":"ImageObject","inLanguage":"pt-BR","@id":"https:\/\/homolog.harald.com.br\/site-2026\/#\/schema\/person\/image\/","url":"https:\/\/secure.gravatar.com\/avatar\/4d8c1df2b3db7e6270e2d04115410a036e98bb8f8dd59ca3c343e438750c76b9?s=96&d=mm&r=g","contentUrl":"https:\/\/secure.gravatar.com\/avatar\/4d8c1df2b3db7e6270e2d04115410a036e98bb8f8dd59ca3c343e438750c76b9?s=96&d=mm&r=g","caption":"CROWD"},"url":"https:\/\/homolog.harald.com.br\/site-2026\/blog\/author\/crowd\/"}]}},"uagb_featured_image_src":{"full":["https:\/\/homolog.harald.com.br\/site-2026\/wp-content\/uploads\/2022\/10\/cholate-em-po-melken-70.jpg",696,398,false],"thumbnail":["https:\/\/homolog.harald.com.br\/site-2026\/wp-content\/uploads\/2022\/10\/cholate-em-po-melken-70-150x150.jpg",150,150,true],"medium":["https:\/\/homolog.harald.com.br\/site-2026\/wp-content\/uploads\/2022\/10\/cholate-em-po-melken-70-300x172.jpg",300,172,true],"medium_large":["https:\/\/homolog.harald.com.br\/site-2026\/wp-content\/uploads\/2022\/10\/cholate-em-po-melken-70.jpg",696,398,false],"large":["https:\/\/homolog.harald.com.br\/site-2026\/wp-content\/uploads\/2022\/10\/cholate-em-po-melken-70.jpg",696,398,false],"1536x1536":["https:\/\/homolog.harald.com.br\/site-2026\/wp-content\/uploads\/2022\/10\/cholate-em-po-melken-70.jpg",696,398,false],"2048x2048":["https:\/\/homolog.harald.com.br\/site-2026\/wp-content\/uploads\/2022\/10\/cholate-em-po-melken-70.jpg",696,398,false],"full-width":["https:\/\/homolog.harald.com.br\/site-2026\/wp-content\/uploads\/2022\/10\/cholate-em-po-melken-70.jpg",696,398,false],"gform-image-choice-sm":["https:\/\/homolog.harald.com.br\/site-2026\/wp-content\/uploads\/2022\/10\/cholate-em-po-melken-70.jpg",300,172,false],"gform-image-choice-md":["https:\/\/homolog.harald.com.br\/site-2026\/wp-content\/uploads\/2022\/10\/cholate-em-po-melken-70.jpg",400,229,false],"gform-image-choice-lg":["https:\/\/homolog.harald.com.br\/site-2026\/wp-content\/uploads\/2022\/10\/cholate-em-po-melken-70.jpg",600,343,false]},"uagb_author_info":{"display_name":"CROWD","author_link":"https:\/\/homolog.harald.com.br\/site-2026\/blog\/author\/crowd\/"},"uagb_comment_info":0,"uagb_excerpt":"Harald expande linha Melken com o novo Chocolate em P\u00f3 70% Cacau Lan\u00e7amento amplia a presen\u00e7a da marca na categoria apresentando uma op\u00e7\u00e3o de alta qualidade com colora\u00e7\u00e3o e sabor mais intensos O consumo de produtos com alto teor de cacau \u00e9 uma tend\u00eancia crescente no mercado aliment\u00edcio, e atenta \u00e0s demandas do setor, a\u00a0Harald,&hellip;","_links":{"self":[{"href":"https:\/\/homolog.harald.com.br\/site-2026\/wp-json\/wp\/v2\/posts\/9250","targetHints":{"allow":["GET"]}}],"collection":[{"href":"https:\/\/homolog.harald.com.br\/site-2026\/wp-json\/wp\/v2\/posts"}],"about":[{"href":"https:\/\/homolog.harald.com.br\/site-2026\/wp-json\/wp\/v2\/types\/post"}],"author":[{"embeddable":true,"href":"https:\/\/homolog.harald.com.br\/site-2026\/wp-json\/wp\/v2\/users\/9"}],"replies":[{"embeddable":true,"href":"https:\/\/homolog.harald.com.br\/site-2026\/wp-json\/wp\/v2\/comments?post=9250"}],"version-history":[{"count":1,"href":"https:\/\/homolog.harald.com.br\/site-2026\/wp-json\/wp\/v2\/posts\/9250\/revisions"}],"predecessor-version":[{"id":9255,"href":"https:\/\/homolog.harald.com.br\/site-2026\/wp-json\/wp\/v2\/posts\/9250\/revisions\/9255"}],"wp:featuredmedia":[{"embeddable":true,"href":"https:\/\/homolog.harald.com.br\/site-2026\/wp-json\/wp\/v2\/media\/9252"}],"wp:attachment":[{"href":"https:\/\/homolog.harald.com.br\/site-2026\/wp-json\/wp\/v2\/media?parent=9250"}],"wp:term":[{"taxonomy":"category","embeddable":true,"href":"https:\/\/homolog.harald.com.br\/site-2026\/wp-json\/wp\/v2\/categories?post=9250"},{"taxonomy":"post_tag","embeddable":true,"href":"https:\/\/homolog.harald.com.br\/site-2026\/wp-json\/wp\/v2\/tags?post=9250"},{"taxonomy":"para-seu-negocio","embeddable":true,"href":"https:\/\/homolog.harald.com.br\/site-2026\/wp-json\/wp\/v2\/para-seu-negocio?post=9250"}],"curies":[{"name":"wp","href":"https:\/\/api.w.org\/{rel}","templated":true}]}}