{"id":9244,"date":"2022-08-28T08:53:43","date_gmt":"2022-08-28T11:53:43","guid":{"rendered":"https:\/\/homolog.harald.com.br\/site-2026\/?p=9244"},"modified":"2022-10-06T08:56:07","modified_gmt":"2022-10-06T11:56:07","slug":"promocao-em-comemoracao-aos-40-anos-da-harald-vai-ate-15-de-setembro","status":"publish","type":"post","link":"https:\/\/homolog.harald.com.br\/site-2026\/blog\/promocao-em-comemoracao-aos-40-anos-da-harald-vai-ate-15-de-setembro\/","title":{"rendered":"Promo\u00e7\u00e3o em comemora\u00e7\u00e3o aos 40 anos da Harald vai at\u00e9 15 de setembro"},"content":{"rendered":"<h2><strong>Promo\u00e7\u00e3o em comemora\u00e7\u00e3o aos 40 anos da Harald vai at\u00e9 15 de setembro<\/strong><\/h2>\n<p><em>Desde julho, a empresa est\u00e1 sorteando de hora em hora centenas de pr\u00eamios instant\u00e2neos de at\u00e9 R? 500 e\u200c um\u200c pr\u00eamio\u200c final de\u200c \u200cR?40 Mil, para os consumidores que se cadastrarem para participar da campanha<\/em><\/p>\n<p><img decoding=\"async\" src=\"https:\/\/www.mercadodocacau.com.br\/tim.php?src=https:\/\/www.mercadodocacau.com.br\/uploads\/images\/2022\/08\/promocao-em-comemoracao-aos-40-anos-da-harald-vai-ate-15-de-setembro.png&amp;w=700&amp;h=\" alt=\"Promo\u00e7\u00e3o em comemora\u00e7\u00e3o aos 40 anos da Harald vai at\u00e9 15 de setembro\" \/><\/p>\n<p>Para celebrar os 40 anos de hist\u00f3ria, a\u00a0<strong>Harald<\/strong>, empresa l\u00edder em coberturas e refer\u00eancia em chocolates para o mercado especializado, lan\u00e7ou a promo\u00e7\u00e3o \u201cAnivers\u00e1rio 40 Anos Harald\u201d, com diversos pr\u00eamios instant\u00e2neos de at\u00e9 R? 500, de hora em hora, al\u00e9m de um pr\u00eamio final de R? 40 Mil. A promo\u00e7\u00e3o iniciou no dia 15 de julho, e tem previs\u00e3o de encerramento no dia 15 de setembro de 2022. Pessoas de todo territ\u00f3rio nacional podem participar.<\/p>\n<p>O objetivo \u00e9 aproveitar o marco de celebra\u00e7\u00e3o de sua hist\u00f3ria e trajet\u00f3ria, para presentear seus consumidores com premia\u00e7\u00f5es que possam contribuir com o fomento de neg\u00f3cios de confeitaria, al\u00e9m de ampliar e refor\u00e7ar o reconhecimento de suas marcas junto ao mercado especializado.<\/p>\n<p>Para participar, o consumidor dever\u00e1 comprar dois produtos de qualquer uma das linhas participantes (Unique, TOP, Melken, Confeiteiro e Inovare), e cadastrar o cupom fiscal no\u00a0<a href=\"https:\/\/s2208.imxsnd18.com\/link.php?code=bDpodHRwcyUzQSUyRiUyRmhhcmFsZDQwYW5vcy5jb20uYnIlMkZwcml2YXRlJTJGdXNlcnMlMkZsb2dpbjoyODM1ODc4ODcyOm1lcmNhZG8uY2FjYXVAZ21haWwuY29tOjZmYjZhNjoyMQ==\" target=\"_blank\" rel=\"noopener\" data-saferedirecturl=\"https:\/\/www.google.com\/url?q=https:\/\/s2208.imxsnd18.com\/link.php?code%3DbDpodHRwcyUzQSUyRiUyRmhhcmFsZDQwYW5vcy5jb20uYnIlMkZwcml2YXRlJTJGdXNlcnMlMkZsb2dpbjoyODM1ODc4ODcyOm1lcmNhZG8uY2FjYXVAZ21haWwuY29tOjZmYjZhNjoyMQ%3D%3D&amp;source=gmail&amp;ust=1661781529902000&amp;usg=AOvVaw3tyBSKHLLAkIsQctCeOyih\">site<\/a>. Os consumidores que adquirirem produtos da linha Unique ainda ter\u00e3o uma vantagem adicional: o dobro de chances de ganhar no sorteio final.<\/p>\n<p>Desde julho, a promo\u00e7\u00e3o apresentou um amplo alcance nos ambientes digitais, com veicula\u00e7\u00e3o de m\u00eddia online e nas principais redes sociais, al\u00e9m de contar com uma forte presen\u00e7a nos pontos de venda, com materiais desenvolvidos para comunicar e dar maior visibilidade \u00e0 campanha no ato da compra.<\/p>\n<p>Para Fernanda Sequetto, Gerente Executiva de Marketing da\u00a0<strong>Harald<\/strong>, a a\u00e7\u00e3o refor\u00e7a a relev\u00e2ncia e o crescimento da companhia junto com a transforma\u00e7\u00e3o do mercado de confeitaria. \u201cEstamos acompanhando os passos da recupera\u00e7\u00e3o do setor no p\u00f3s-pandemia e \u00e9 nossa obriga\u00e7\u00e3o retribuir e auxiliar a retomada dos confeiteiros que dependem da renda gerada. A promo\u00e7\u00e3o de 40 anos da\u00a0<strong>Harald<\/strong>\u00a0une o trabalho de exposi\u00e7\u00e3o da qualidade da marca e a oportunidade de auxiliar quem mais precisa. Ver o segmento aquecido, gerando renda e \u00f3timas oportunidades, \u00e9 o maior presente que podemos ganhar com essa comemora\u00e7\u00e3o\u201d, afirma.<\/p>\n","protected":false},"excerpt":{"rendered":"<p>Promo\u00e7\u00e3o em comemora\u00e7\u00e3o aos 40 anos da Harald vai at\u00e9 15 de setembro Desde julho, a empresa est\u00e1 sorteando de hora em hora centenas de pr\u00eamios instant\u00e2neos de at\u00e9 R? 500 e\u200c um\u200c pr\u00eamio\u200c final de\u200c \u200cR?40 Mil, para os consumidores que se cadastrarem para participar da campanha Para celebrar os 40 anos de hist\u00f3ria, <a class=\"more-link\" href=\"https:\/\/homolog.harald.com.br\/site-2026\/blog\/promocao-em-comemoracao-aos-40-anos-da-harald-vai-ate-15-de-setembro\/\">Read more&#8230;<\/a><\/p>\n","protected":false},"author":9,"featured_media":9246,"comment_status":"closed","ping_status":"closed","sticky":false,"template":"","format":"standard","meta":{"_acf_changed":false,"_uag_custom_page_level_css":"","footnotes":""},"categories":[158],"tags":[],"para-seu-negocio":[],"class_list":["post-9244","post","type-post","status-publish","format-standard","has-post-thumbnail","hentry","category-noticias"],"acf":[],"yoast_head":"<!-- This site is optimized with the Yoast SEO plugin v26.3 - https:\/\/yoast.com\/wordpress\/plugins\/seo\/ -->\n<title>Promo\u00e7\u00e3o em comemora\u00e7\u00e3o aos 40 anos da Harald vai at\u00e9 15 de setembro - Harald<\/title>\n<meta name=\"robots\" content=\"noindex, follow, max-snippet:-1, max-image-preview:large, max-video-preview:-1\" \/>\n<meta property=\"og:locale\" content=\"pt_BR\" \/>\n<meta property=\"og:type\" content=\"article\" \/>\n<meta property=\"og:title\" content=\"Promo\u00e7\u00e3o em comemora\u00e7\u00e3o aos 40 anos da Harald vai at\u00e9 15 de setembro - Harald\" \/>\n<meta property=\"og:description\" content=\"Promo\u00e7\u00e3o em comemora\u00e7\u00e3o aos 40 anos da Harald vai at\u00e9 15 de setembro Desde julho, a empresa est\u00e1 sorteando de hora em hora centenas de pr\u00eamios instant\u00e2neos de at\u00e9 R? 500 e\u200c um\u200c pr\u00eamio\u200c final de\u200c \u200cR?40 Mil, para os consumidores que se cadastrarem para participar da campanha Para celebrar os 40 anos de hist\u00f3ria, Read more...\" \/>\n<meta property=\"og:url\" content=\"https:\/\/homolog.harald.com.br\/site-2026\/blog\/promocao-em-comemoracao-aos-40-anos-da-harald-vai-ate-15-de-setembro\/\" \/>\n<meta property=\"og:site_name\" content=\"Harald\" \/>\n<meta property=\"article:publisher\" content=\"https:\/\/www.facebook.com\/HaraldChocolates\/\" \/>\n<meta property=\"article:published_time\" content=\"2022-08-28T11:53:43+00:00\" \/>\n<meta property=\"article:modified_time\" content=\"2022-10-06T11:56:07+00:00\" \/>\n<meta property=\"og:image\" content=\"https:\/\/homolog.harald.com.br\/site-2026\/wp-content\/uploads\/2022\/10\/promocao-harald.png\" \/>\n\t<meta property=\"og:image:width\" content=\"700\" \/>\n\t<meta property=\"og:image:height\" content=\"393\" \/>\n\t<meta property=\"og:image:type\" content=\"image\/png\" \/>\n<meta name=\"author\" content=\"CROWD\" \/>\n<meta name=\"twitter:card\" content=\"summary_large_image\" \/>\n<meta name=\"twitter:label1\" content=\"Escrito por\" \/>\n\t<meta name=\"twitter:data1\" content=\"CROWD\" \/>\n\t<meta name=\"twitter:label2\" content=\"Est. tempo de leitura\" \/>\n\t<meta name=\"twitter:data2\" content=\"2 minutos\" \/>\n<script type=\"application\/ld+json\" class=\"yoast-schema-graph\">{\"@context\":\"https:\/\/schema.org\",\"@graph\":[{\"@type\":\"Article\",\"@id\":\"https:\/\/homolog.harald.com.br\/site-2026\/blog\/promocao-em-comemoracao-aos-40-anos-da-harald-vai-ate-15-de-setembro\/#article\",\"isPartOf\":{\"@id\":\"https:\/\/homolog.harald.com.br\/site-2026\/blog\/promocao-em-comemoracao-aos-40-anos-da-harald-vai-ate-15-de-setembro\/\"},\"author\":{\"name\":\"CROWD\",\"@id\":\"https:\/\/homolog.harald.com.br\/site-2026\/#\/schema\/person\/474c783c0a4a997b6352b8b626175b12\"},\"headline\":\"Promo\u00e7\u00e3o em comemora\u00e7\u00e3o aos 40 anos da Harald vai at\u00e9 15 de setembro\",\"datePublished\":\"2022-08-28T11:53:43+00:00\",\"dateModified\":\"2022-10-06T11:56:07+00:00\",\"mainEntityOfPage\":{\"@id\":\"https:\/\/homolog.harald.com.br\/site-2026\/blog\/promocao-em-comemoracao-aos-40-anos-da-harald-vai-ate-15-de-setembro\/\"},\"wordCount\":399,\"publisher\":{\"@id\":\"https:\/\/homolog.harald.com.br\/site-2026\/#organization\"},\"image\":{\"@id\":\"https:\/\/homolog.harald.com.br\/site-2026\/blog\/promocao-em-comemoracao-aos-40-anos-da-harald-vai-ate-15-de-setembro\/#primaryimage\"},\"thumbnailUrl\":\"https:\/\/homolog.harald.com.br\/site-2026\/wp-content\/uploads\/2022\/10\/promocao-harald.png\",\"articleSection\":[\"Not\u00edcias\"],\"inLanguage\":\"pt-BR\"},{\"@type\":\"WebPage\",\"@id\":\"https:\/\/homolog.harald.com.br\/site-2026\/blog\/promocao-em-comemoracao-aos-40-anos-da-harald-vai-ate-15-de-setembro\/\",\"url\":\"https:\/\/homolog.harald.com.br\/site-2026\/blog\/promocao-em-comemoracao-aos-40-anos-da-harald-vai-ate-15-de-setembro\/\",\"name\":\"Promo\u00e7\u00e3o em comemora\u00e7\u00e3o aos 40 anos da Harald vai at\u00e9 15 de setembro - Harald\",\"isPartOf\":{\"@id\":\"https:\/\/homolog.harald.com.br\/site-2026\/#website\"},\"primaryImageOfPage\":{\"@id\":\"https:\/\/homolog.harald.com.br\/site-2026\/blog\/promocao-em-comemoracao-aos-40-anos-da-harald-vai-ate-15-de-setembro\/#primaryimage\"},\"image\":{\"@id\":\"https:\/\/homolog.harald.com.br\/site-2026\/blog\/promocao-em-comemoracao-aos-40-anos-da-harald-vai-ate-15-de-setembro\/#primaryimage\"},\"thumbnailUrl\":\"https:\/\/homolog.harald.com.br\/site-2026\/wp-content\/uploads\/2022\/10\/promocao-harald.png\",\"datePublished\":\"2022-08-28T11:53:43+00:00\",\"dateModified\":\"2022-10-06T11:56:07+00:00\",\"breadcrumb\":{\"@id\":\"https:\/\/homolog.harald.com.br\/site-2026\/blog\/promocao-em-comemoracao-aos-40-anos-da-harald-vai-ate-15-de-setembro\/#breadcrumb\"},\"inLanguage\":\"pt-BR\",\"potentialAction\":[{\"@type\":\"ReadAction\",\"target\":[\"https:\/\/homolog.harald.com.br\/site-2026\/blog\/promocao-em-comemoracao-aos-40-anos-da-harald-vai-ate-15-de-setembro\/\"]}]},{\"@type\":\"ImageObject\",\"inLanguage\":\"pt-BR\",\"@id\":\"https:\/\/homolog.harald.com.br\/site-2026\/blog\/promocao-em-comemoracao-aos-40-anos-da-harald-vai-ate-15-de-setembro\/#primaryimage\",\"url\":\"https:\/\/homolog.harald.com.br\/site-2026\/wp-content\/uploads\/2022\/10\/promocao-harald.png\",\"contentUrl\":\"https:\/\/homolog.harald.com.br\/site-2026\/wp-content\/uploads\/2022\/10\/promocao-harald.png\",\"width\":700,\"height\":393},{\"@type\":\"BreadcrumbList\",\"@id\":\"https:\/\/homolog.harald.com.br\/site-2026\/blog\/promocao-em-comemoracao-aos-40-anos-da-harald-vai-ate-15-de-setembro\/#breadcrumb\",\"itemListElement\":[{\"@type\":\"ListItem\",\"position\":1,\"name\":\"In\u00edcio\",\"item\":\"https:\/\/homolog.harald.com.br\/site-2026\/\"},{\"@type\":\"ListItem\",\"position\":2,\"name\":\"Promo\u00e7\u00e3o em comemora\u00e7\u00e3o aos 40 anos da Harald vai at\u00e9 15 de setembro\"}]},{\"@type\":\"WebSite\",\"@id\":\"https:\/\/homolog.harald.com.br\/site-2026\/#website\",\"url\":\"https:\/\/homolog.harald.com.br\/site-2026\/\",\"name\":\"Harald\",\"description\":\"Fazer melhor \u00e9 fazer com paix\u00e3o\",\"publisher\":{\"@id\":\"https:\/\/homolog.harald.com.br\/site-2026\/#organization\"},\"potentialAction\":[{\"@type\":\"SearchAction\",\"target\":{\"@type\":\"EntryPoint\",\"urlTemplate\":\"https:\/\/homolog.harald.com.br\/site-2026\/?s={search_term_string}\"},\"query-input\":{\"@type\":\"PropertyValueSpecification\",\"valueRequired\":true,\"valueName\":\"search_term_string\"}}],\"inLanguage\":\"pt-BR\"},{\"@type\":\"Organization\",\"@id\":\"https:\/\/homolog.harald.com.br\/site-2026\/#organization\",\"name\":\"Harald\",\"url\":\"https:\/\/homolog.harald.com.br\/site-2026\/\",\"logo\":{\"@type\":\"ImageObject\",\"inLanguage\":\"pt-BR\",\"@id\":\"https:\/\/homolog.harald.com.br\/site-2026\/#\/schema\/logo\/image\/\",\"url\":\"https:\/\/homolog.harald.com.br\/site-2026\/wp-content\/uploads\/2022\/09\/logo-harald-cmyk-ss.png\",\"contentUrl\":\"https:\/\/homolog.harald.com.br\/site-2026\/wp-content\/uploads\/2022\/09\/logo-harald-cmyk-ss.png\",\"width\":1948,\"height\":1051,\"caption\":\"Harald\"},\"image\":{\"@id\":\"https:\/\/homolog.harald.com.br\/site-2026\/#\/schema\/logo\/image\/\"},\"sameAs\":[\"https:\/\/www.facebook.com\/HaraldChocolates\/\",\"https:\/\/www.youtube.com\/user\/HaraldChocolates\"]},{\"@type\":\"Person\",\"@id\":\"https:\/\/homolog.harald.com.br\/site-2026\/#\/schema\/person\/474c783c0a4a997b6352b8b626175b12\",\"name\":\"CROWD\",\"image\":{\"@type\":\"ImageObject\",\"inLanguage\":\"pt-BR\",\"@id\":\"https:\/\/homolog.harald.com.br\/site-2026\/#\/schema\/person\/image\/\",\"url\":\"https:\/\/secure.gravatar.com\/avatar\/4d8c1df2b3db7e6270e2d04115410a036e98bb8f8dd59ca3c343e438750c76b9?s=96&d=mm&r=g\",\"contentUrl\":\"https:\/\/secure.gravatar.com\/avatar\/4d8c1df2b3db7e6270e2d04115410a036e98bb8f8dd59ca3c343e438750c76b9?s=96&d=mm&r=g\",\"caption\":\"CROWD\"},\"url\":\"https:\/\/homolog.harald.com.br\/site-2026\/blog\/author\/crowd\/\"}]}<\/script>\n<!-- \/ Yoast SEO plugin. -->","yoast_head_json":{"title":"Promo\u00e7\u00e3o em comemora\u00e7\u00e3o aos 40 anos da Harald vai at\u00e9 15 de setembro - Harald","robots":{"index":"noindex","follow":"follow","max-snippet":"max-snippet:-1","max-image-preview":"max-image-preview:large","max-video-preview":"max-video-preview:-1"},"og_locale":"pt_BR","og_type":"article","og_title":"Promo\u00e7\u00e3o em comemora\u00e7\u00e3o aos 40 anos da Harald vai at\u00e9 15 de setembro - Harald","og_description":"Promo\u00e7\u00e3o em comemora\u00e7\u00e3o aos 40 anos da Harald vai at\u00e9 15 de setembro Desde julho, a empresa est\u00e1 sorteando de hora em hora centenas de pr\u00eamios instant\u00e2neos de at\u00e9 R? 500 e\u200c um\u200c pr\u00eamio\u200c final de\u200c \u200cR?40 Mil, para os consumidores que se cadastrarem para participar da campanha Para celebrar os 40 anos de hist\u00f3ria, Read more...","og_url":"https:\/\/homolog.harald.com.br\/site-2026\/blog\/promocao-em-comemoracao-aos-40-anos-da-harald-vai-ate-15-de-setembro\/","og_site_name":"Harald","article_publisher":"https:\/\/www.facebook.com\/HaraldChocolates\/","article_published_time":"2022-08-28T11:53:43+00:00","article_modified_time":"2022-10-06T11:56:07+00:00","og_image":[{"width":700,"height":393,"url":"https:\/\/homolog.harald.com.br\/site-2026\/wp-content\/uploads\/2022\/10\/promocao-harald.png","type":"image\/png"}],"author":"CROWD","twitter_card":"summary_large_image","twitter_misc":{"Escrito por":"CROWD","Est. tempo de leitura":"2 minutos"},"schema":{"@context":"https:\/\/schema.org","@graph":[{"@type":"Article","@id":"https:\/\/homolog.harald.com.br\/site-2026\/blog\/promocao-em-comemoracao-aos-40-anos-da-harald-vai-ate-15-de-setembro\/#article","isPartOf":{"@id":"https:\/\/homolog.harald.com.br\/site-2026\/blog\/promocao-em-comemoracao-aos-40-anos-da-harald-vai-ate-15-de-setembro\/"},"author":{"name":"CROWD","@id":"https:\/\/homolog.harald.com.br\/site-2026\/#\/schema\/person\/474c783c0a4a997b6352b8b626175b12"},"headline":"Promo\u00e7\u00e3o em comemora\u00e7\u00e3o aos 40 anos da Harald vai at\u00e9 15 de setembro","datePublished":"2022-08-28T11:53:43+00:00","dateModified":"2022-10-06T11:56:07+00:00","mainEntityOfPage":{"@id":"https:\/\/homolog.harald.com.br\/site-2026\/blog\/promocao-em-comemoracao-aos-40-anos-da-harald-vai-ate-15-de-setembro\/"},"wordCount":399,"publisher":{"@id":"https:\/\/homolog.harald.com.br\/site-2026\/#organization"},"image":{"@id":"https:\/\/homolog.harald.com.br\/site-2026\/blog\/promocao-em-comemoracao-aos-40-anos-da-harald-vai-ate-15-de-setembro\/#primaryimage"},"thumbnailUrl":"https:\/\/homolog.harald.com.br\/site-2026\/wp-content\/uploads\/2022\/10\/promocao-harald.png","articleSection":["Not\u00edcias"],"inLanguage":"pt-BR"},{"@type":"WebPage","@id":"https:\/\/homolog.harald.com.br\/site-2026\/blog\/promocao-em-comemoracao-aos-40-anos-da-harald-vai-ate-15-de-setembro\/","url":"https:\/\/homolog.harald.com.br\/site-2026\/blog\/promocao-em-comemoracao-aos-40-anos-da-harald-vai-ate-15-de-setembro\/","name":"Promo\u00e7\u00e3o em comemora\u00e7\u00e3o aos 40 anos da Harald vai at\u00e9 15 de setembro - Harald","isPartOf":{"@id":"https:\/\/homolog.harald.com.br\/site-2026\/#website"},"primaryImageOfPage":{"@id":"https:\/\/homolog.harald.com.br\/site-2026\/blog\/promocao-em-comemoracao-aos-40-anos-da-harald-vai-ate-15-de-setembro\/#primaryimage"},"image":{"@id":"https:\/\/homolog.harald.com.br\/site-2026\/blog\/promocao-em-comemoracao-aos-40-anos-da-harald-vai-ate-15-de-setembro\/#primaryimage"},"thumbnailUrl":"https:\/\/homolog.harald.com.br\/site-2026\/wp-content\/uploads\/2022\/10\/promocao-harald.png","datePublished":"2022-08-28T11:53:43+00:00","dateModified":"2022-10-06T11:56:07+00:00","breadcrumb":{"@id":"https:\/\/homolog.harald.com.br\/site-2026\/blog\/promocao-em-comemoracao-aos-40-anos-da-harald-vai-ate-15-de-setembro\/#breadcrumb"},"inLanguage":"pt-BR","potentialAction":[{"@type":"ReadAction","target":["https:\/\/homolog.harald.com.br\/site-2026\/blog\/promocao-em-comemoracao-aos-40-anos-da-harald-vai-ate-15-de-setembro\/"]}]},{"@type":"ImageObject","inLanguage":"pt-BR","@id":"https:\/\/homolog.harald.com.br\/site-2026\/blog\/promocao-em-comemoracao-aos-40-anos-da-harald-vai-ate-15-de-setembro\/#primaryimage","url":"https:\/\/homolog.harald.com.br\/site-2026\/wp-content\/uploads\/2022\/10\/promocao-harald.png","contentUrl":"https:\/\/homolog.harald.com.br\/site-2026\/wp-content\/uploads\/2022\/10\/promocao-harald.png","width":700,"height":393},{"@type":"BreadcrumbList","@id":"https:\/\/homolog.harald.com.br\/site-2026\/blog\/promocao-em-comemoracao-aos-40-anos-da-harald-vai-ate-15-de-setembro\/#breadcrumb","itemListElement":[{"@type":"ListItem","position":1,"name":"In\u00edcio","item":"https:\/\/homolog.harald.com.br\/site-2026\/"},{"@type":"ListItem","position":2,"name":"Promo\u00e7\u00e3o em comemora\u00e7\u00e3o aos 40 anos da Harald vai at\u00e9 15 de setembro"}]},{"@type":"WebSite","@id":"https:\/\/homolog.harald.com.br\/site-2026\/#website","url":"https:\/\/homolog.harald.com.br\/site-2026\/","name":"Harald","description":"Fazer melhor \u00e9 fazer com paix\u00e3o","publisher":{"@id":"https:\/\/homolog.harald.com.br\/site-2026\/#organization"},"potentialAction":[{"@type":"SearchAction","target":{"@type":"EntryPoint","urlTemplate":"https:\/\/homolog.harald.com.br\/site-2026\/?s={search_term_string}"},"query-input":{"@type":"PropertyValueSpecification","valueRequired":true,"valueName":"search_term_string"}}],"inLanguage":"pt-BR"},{"@type":"Organization","@id":"https:\/\/homolog.harald.com.br\/site-2026\/#organization","name":"Harald","url":"https:\/\/homolog.harald.com.br\/site-2026\/","logo":{"@type":"ImageObject","inLanguage":"pt-BR","@id":"https:\/\/homolog.harald.com.br\/site-2026\/#\/schema\/logo\/image\/","url":"https:\/\/homolog.harald.com.br\/site-2026\/wp-content\/uploads\/2022\/09\/logo-harald-cmyk-ss.png","contentUrl":"https:\/\/homolog.harald.com.br\/site-2026\/wp-content\/uploads\/2022\/09\/logo-harald-cmyk-ss.png","width":1948,"height":1051,"caption":"Harald"},"image":{"@id":"https:\/\/homolog.harald.com.br\/site-2026\/#\/schema\/logo\/image\/"},"sameAs":["https:\/\/www.facebook.com\/HaraldChocolates\/","https:\/\/www.youtube.com\/user\/HaraldChocolates"]},{"@type":"Person","@id":"https:\/\/homolog.harald.com.br\/site-2026\/#\/schema\/person\/474c783c0a4a997b6352b8b626175b12","name":"CROWD","image":{"@type":"ImageObject","inLanguage":"pt-BR","@id":"https:\/\/homolog.harald.com.br\/site-2026\/#\/schema\/person\/image\/","url":"https:\/\/secure.gravatar.com\/avatar\/4d8c1df2b3db7e6270e2d04115410a036e98bb8f8dd59ca3c343e438750c76b9?s=96&d=mm&r=g","contentUrl":"https:\/\/secure.gravatar.com\/avatar\/4d8c1df2b3db7e6270e2d04115410a036e98bb8f8dd59ca3c343e438750c76b9?s=96&d=mm&r=g","caption":"CROWD"},"url":"https:\/\/homolog.harald.com.br\/site-2026\/blog\/author\/crowd\/"}]}},"uagb_featured_image_src":{"full":["https:\/\/homolog.harald.com.br\/site-2026\/wp-content\/uploads\/2022\/10\/promocao-harald.png",700,393,false],"thumbnail":["https:\/\/homolog.harald.com.br\/site-2026\/wp-content\/uploads\/2022\/10\/promocao-harald-150x150.png",150,150,true],"medium":["https:\/\/homolog.harald.com.br\/site-2026\/wp-content\/uploads\/2022\/10\/promocao-harald-300x168.png",300,168,true],"medium_large":["https:\/\/homolog.harald.com.br\/site-2026\/wp-content\/uploads\/2022\/10\/promocao-harald.png",700,393,false],"large":["https:\/\/homolog.harald.com.br\/site-2026\/wp-content\/uploads\/2022\/10\/promocao-harald.png",700,393,false],"1536x1536":["https:\/\/homolog.harald.com.br\/site-2026\/wp-content\/uploads\/2022\/10\/promocao-harald.png",700,393,false],"2048x2048":["https:\/\/homolog.harald.com.br\/site-2026\/wp-content\/uploads\/2022\/10\/promocao-harald.png",700,393,false],"full-width":["https:\/\/homolog.harald.com.br\/site-2026\/wp-content\/uploads\/2022\/10\/promocao-harald.png",700,393,false],"gform-image-choice-sm":["https:\/\/homolog.harald.com.br\/site-2026\/wp-content\/uploads\/2022\/10\/promocao-harald.png",300,168,false],"gform-image-choice-md":["https:\/\/homolog.harald.com.br\/site-2026\/wp-content\/uploads\/2022\/10\/promocao-harald.png",400,225,false],"gform-image-choice-lg":["https:\/\/homolog.harald.com.br\/site-2026\/wp-content\/uploads\/2022\/10\/promocao-harald.png",600,337,false]},"uagb_author_info":{"display_name":"CROWD","author_link":"https:\/\/homolog.harald.com.br\/site-2026\/blog\/author\/crowd\/"},"uagb_comment_info":0,"uagb_excerpt":"Promo\u00e7\u00e3o em comemora\u00e7\u00e3o aos 40 anos da Harald vai at\u00e9 15 de setembro Desde julho, a empresa est\u00e1 sorteando de hora em hora centenas de pr\u00eamios instant\u00e2neos de at\u00e9 R? 500 e\u200c um\u200c pr\u00eamio\u200c final de\u200c \u200cR?40 Mil, para os consumidores que se cadastrarem para participar da campanha Para celebrar os 40 anos de hist\u00f3ria,&hellip;","_links":{"self":[{"href":"https:\/\/homolog.harald.com.br\/site-2026\/wp-json\/wp\/v2\/posts\/9244","targetHints":{"allow":["GET"]}}],"collection":[{"href":"https:\/\/homolog.harald.com.br\/site-2026\/wp-json\/wp\/v2\/posts"}],"about":[{"href":"https:\/\/homolog.harald.com.br\/site-2026\/wp-json\/wp\/v2\/types\/post"}],"author":[{"embeddable":true,"href":"https:\/\/homolog.harald.com.br\/site-2026\/wp-json\/wp\/v2\/users\/9"}],"replies":[{"embeddable":true,"href":"https:\/\/homolog.harald.com.br\/site-2026\/wp-json\/wp\/v2\/comments?post=9244"}],"version-history":[{"count":1,"href":"https:\/\/homolog.harald.com.br\/site-2026\/wp-json\/wp\/v2\/posts\/9244\/revisions"}],"predecessor-version":[{"id":9249,"href":"https:\/\/homolog.harald.com.br\/site-2026\/wp-json\/wp\/v2\/posts\/9244\/revisions\/9249"}],"wp:featuredmedia":[{"embeddable":true,"href":"https:\/\/homolog.harald.com.br\/site-2026\/wp-json\/wp\/v2\/media\/9246"}],"wp:attachment":[{"href":"https:\/\/homolog.harald.com.br\/site-2026\/wp-json\/wp\/v2\/media?parent=9244"}],"wp:term":[{"taxonomy":"category","embeddable":true,"href":"https:\/\/homolog.harald.com.br\/site-2026\/wp-json\/wp\/v2\/categories?post=9244"},{"taxonomy":"post_tag","embeddable":true,"href":"https:\/\/homolog.harald.com.br\/site-2026\/wp-json\/wp\/v2\/tags?post=9244"},{"taxonomy":"para-seu-negocio","embeddable":true,"href":"https:\/\/homolog.harald.com.br\/site-2026\/wp-json\/wp\/v2\/para-seu-negocio?post=9244"}],"curies":[{"name":"wp","href":"https:\/\/api.w.org\/{rel}","templated":true}]}}