{"id":9241,"date":"2022-09-07T08:48:34","date_gmt":"2022-09-07T11:48:34","guid":{"rendered":"https:\/\/homolog.harald.com.br\/site-2026\/?p=9241"},"modified":"2022-10-06T08:49:04","modified_gmt":"2022-10-06T11:49:04","slug":"dia-do-brigadeiro-chefs-da-harald-ensinam-receitas-criativas-e-exclusivas-para-celebrar-a-data","status":"publish","type":"post","link":"https:\/\/homolog.harald.com.br\/site-2026\/blog\/dia-do-brigadeiro-chefs-da-harald-ensinam-receitas-criativas-e-exclusivas-para-celebrar-a-data\/","title":{"rendered":"Dia do Brigadeiro: chefs da Harald ensinam receitas criativas e exclusivas para celebrar a data"},"content":{"rendered":"<h1 class=\"post-title single-post-title entry-title\">Dia do Brigadeiro: chefs da Harald ensinam receitas criativas e exclusivas para celebrar a data<\/h1>\n<p><em>Brigadeiro de Chocolate ao Leite com maior tempo de durabilidade do chef Lucas Corazza e Verrini de Brigadeiro do chef Alexandre Bispo ser\u00e3o algumas das novidades<\/em><\/p>\n<p><img decoding=\"async\" src=\"https:\/\/homolog.harald.com.br\/site-2026\/wp-content\/uploads\/2020\/04\/BriadeiroGormet_Melken_700x520.jpg\" alt=\"Brigadeiro Gourmet | Harald\" \/><\/p>\n<p>No dia 10 de setembro \u00e9 celebrado o brigadeiro, um dos doces mais populares do Brasil. Para celebrar a data, a\u00a0<strong>Harald<\/strong>, marca l\u00edder em coberturas e refer\u00eancia em chocolates para o mercado especializado, realiza lives de receitas exclusivas com os seus chefs embaixadores, de 5 a 9 de setembro, \u00e0s 20h, no Instagram @<a href=\"https:\/\/s2209.imxsnd18.com\/link.php?code=bDpodHRwcyUzQSUyRiUyRnd3dy5pbnN0YWdyYW0uY29tJTJGaGFyYWxkY2hvY29sYXRlcyUyRjozMzQ4MDM3MzIwOmNvbnRhdG9AYmlhbm9uZXdzLmNvbS5icjo5ZjI3MDk6MjM=\" target=\"_blank\" rel=\"noreferrer noopener\">haraldchocolates<\/a>.<\/p>\n<p>No dia 7 de setembro, o chef Lucas Corazza, ensina o seu Brigadeiro de Chocolate ao Leite com t\u00e9cnicas para que ele tenha mais durabilidade. Preparado com o Chocolate em p\u00f3 Melken 33%, Granule Melken chocolate ao leite e Chocolate Unique 35% ao Leite, a receita \u00e9 ideal para quem busca uma op\u00e7\u00e3o vers\u00e1til com cremosidade e intensidade.<\/p>\n<p>No dia 9 de setembro, o chef Alexandre Bispo, ensina o Verrini de Brigadeiro preparado especialmente com Melken Brigadeiro, como op\u00e7\u00e3o para substituir o leite condensado. Al\u00e9m do Melken, a receita utiliza Cobertura Top ao Leite, Melken ao leite e Melken Granul\u00e9 Meio Amargo, uma verdadeira explos\u00e3o de sabores.<\/p>\n","protected":false},"excerpt":{"rendered":"<p>Dia do Brigadeiro: chefs da Harald ensinam receitas criativas e exclusivas para celebrar a data Brigadeiro de Chocolate ao Leite com maior tempo de durabilidade do chef Lucas Corazza e Verrini de Brigadeiro do chef Alexandre Bispo ser\u00e3o algumas das novidades No dia 10 de setembro \u00e9 celebrado o brigadeiro, um dos doces mais populares <a class=\"more-link\" href=\"https:\/\/homolog.harald.com.br\/site-2026\/blog\/dia-do-brigadeiro-chefs-da-harald-ensinam-receitas-criativas-e-exclusivas-para-celebrar-a-data\/\">Read more&#8230;<\/a><\/p>\n","protected":false},"author":9,"featured_media":3031,"comment_status":"closed","ping_status":"closed","sticky":false,"template":"","format":"standard","meta":{"_acf_changed":false,"_uag_custom_page_level_css":"","footnotes":""},"categories":[158],"tags":[],"para-seu-negocio":[],"class_list":["post-9241","post","type-post","status-publish","format-standard","has-post-thumbnail","hentry","category-noticias"],"acf":[],"yoast_head":"<!-- This site is optimized with the Yoast SEO plugin v26.3 - https:\/\/yoast.com\/wordpress\/plugins\/seo\/ -->\n<title>Dia do Brigadeiro: chefs da Harald ensinam receitas criativas e exclusivas para celebrar a data - Harald<\/title>\n<meta name=\"robots\" content=\"noindex, follow, max-snippet:-1, max-image-preview:large, max-video-preview:-1\" \/>\n<meta property=\"og:locale\" content=\"pt_BR\" \/>\n<meta property=\"og:type\" content=\"article\" \/>\n<meta property=\"og:title\" content=\"Dia do Brigadeiro: chefs da Harald ensinam receitas criativas e exclusivas para celebrar a data - Harald\" \/>\n<meta property=\"og:description\" content=\"Dia do Brigadeiro: chefs da Harald ensinam receitas criativas e exclusivas para celebrar a data Brigadeiro de Chocolate ao Leite com maior tempo de durabilidade do chef Lucas Corazza e Verrini de Brigadeiro do chef Alexandre Bispo ser\u00e3o algumas das novidades No dia 10 de setembro \u00e9 celebrado o brigadeiro, um dos doces mais populares Read more...\" \/>\n<meta property=\"og:url\" content=\"https:\/\/homolog.harald.com.br\/site-2026\/blog\/dia-do-brigadeiro-chefs-da-harald-ensinam-receitas-criativas-e-exclusivas-para-celebrar-a-data\/\" \/>\n<meta property=\"og:site_name\" content=\"Harald\" \/>\n<meta property=\"article:publisher\" content=\"https:\/\/www.facebook.com\/HaraldChocolates\/\" \/>\n<meta property=\"article:published_time\" content=\"2022-09-07T11:48:34+00:00\" \/>\n<meta property=\"article:modified_time\" content=\"2022-10-06T11:49:04+00:00\" \/>\n<meta property=\"og:image\" content=\"https:\/\/homolog.harald.com.br\/site-2026\/wp-content\/uploads\/2020\/04\/brigadeiro-gourmet-melken-1950x1300-1.jpg\" \/>\n\t<meta property=\"og:image:width\" content=\"1950\" \/>\n\t<meta property=\"og:image:height\" content=\"1300\" \/>\n\t<meta property=\"og:image:type\" content=\"image\/jpeg\" \/>\n<meta name=\"author\" content=\"CROWD\" \/>\n<meta name=\"twitter:card\" content=\"summary_large_image\" \/>\n<meta name=\"twitter:label1\" content=\"Escrito por\" \/>\n\t<meta name=\"twitter:data1\" content=\"CROWD\" \/>\n\t<meta name=\"twitter:label2\" content=\"Est. tempo de leitura\" \/>\n\t<meta name=\"twitter:data2\" content=\"1 minuto\" \/>\n<script type=\"application\/ld+json\" class=\"yoast-schema-graph\">{\"@context\":\"https:\/\/schema.org\",\"@graph\":[{\"@type\":\"Article\",\"@id\":\"https:\/\/homolog.harald.com.br\/site-2026\/blog\/dia-do-brigadeiro-chefs-da-harald-ensinam-receitas-criativas-e-exclusivas-para-celebrar-a-data\/#article\",\"isPartOf\":{\"@id\":\"https:\/\/homolog.harald.com.br\/site-2026\/blog\/dia-do-brigadeiro-chefs-da-harald-ensinam-receitas-criativas-e-exclusivas-para-celebrar-a-data\/\"},\"author\":{\"name\":\"CROWD\",\"@id\":\"https:\/\/homolog.harald.com.br\/site-2026\/#\/schema\/person\/474c783c0a4a997b6352b8b626175b12\"},\"headline\":\"Dia do Brigadeiro: chefs da Harald ensinam receitas criativas e exclusivas para celebrar a data\",\"datePublished\":\"2022-09-07T11:48:34+00:00\",\"dateModified\":\"2022-10-06T11:49:04+00:00\",\"mainEntityOfPage\":{\"@id\":\"https:\/\/homolog.harald.com.br\/site-2026\/blog\/dia-do-brigadeiro-chefs-da-harald-ensinam-receitas-criativas-e-exclusivas-para-celebrar-a-data\/\"},\"wordCount\":218,\"publisher\":{\"@id\":\"https:\/\/homolog.harald.com.br\/site-2026\/#organization\"},\"image\":{\"@id\":\"https:\/\/homolog.harald.com.br\/site-2026\/blog\/dia-do-brigadeiro-chefs-da-harald-ensinam-receitas-criativas-e-exclusivas-para-celebrar-a-data\/#primaryimage\"},\"thumbnailUrl\":\"https:\/\/homolog.harald.com.br\/site-2026\/wp-content\/uploads\/2020\/04\/brigadeiro-gourmet-melken-1950x1300-1.jpg\",\"articleSection\":[\"Not\u00edcias\"],\"inLanguage\":\"pt-BR\"},{\"@type\":\"WebPage\",\"@id\":\"https:\/\/homolog.harald.com.br\/site-2026\/blog\/dia-do-brigadeiro-chefs-da-harald-ensinam-receitas-criativas-e-exclusivas-para-celebrar-a-data\/\",\"url\":\"https:\/\/homolog.harald.com.br\/site-2026\/blog\/dia-do-brigadeiro-chefs-da-harald-ensinam-receitas-criativas-e-exclusivas-para-celebrar-a-data\/\",\"name\":\"Dia do Brigadeiro: chefs da Harald ensinam receitas criativas e exclusivas para celebrar a data - Harald\",\"isPartOf\":{\"@id\":\"https:\/\/homolog.harald.com.br\/site-2026\/#website\"},\"primaryImageOfPage\":{\"@id\":\"https:\/\/homolog.harald.com.br\/site-2026\/blog\/dia-do-brigadeiro-chefs-da-harald-ensinam-receitas-criativas-e-exclusivas-para-celebrar-a-data\/#primaryimage\"},\"image\":{\"@id\":\"https:\/\/homolog.harald.com.br\/site-2026\/blog\/dia-do-brigadeiro-chefs-da-harald-ensinam-receitas-criativas-e-exclusivas-para-celebrar-a-data\/#primaryimage\"},\"thumbnailUrl\":\"https:\/\/homolog.harald.com.br\/site-2026\/wp-content\/uploads\/2020\/04\/brigadeiro-gourmet-melken-1950x1300-1.jpg\",\"datePublished\":\"2022-09-07T11:48:34+00:00\",\"dateModified\":\"2022-10-06T11:49:04+00:00\",\"breadcrumb\":{\"@id\":\"https:\/\/homolog.harald.com.br\/site-2026\/blog\/dia-do-brigadeiro-chefs-da-harald-ensinam-receitas-criativas-e-exclusivas-para-celebrar-a-data\/#breadcrumb\"},\"inLanguage\":\"pt-BR\",\"potentialAction\":[{\"@type\":\"ReadAction\",\"target\":[\"https:\/\/homolog.harald.com.br\/site-2026\/blog\/dia-do-brigadeiro-chefs-da-harald-ensinam-receitas-criativas-e-exclusivas-para-celebrar-a-data\/\"]}]},{\"@type\":\"ImageObject\",\"inLanguage\":\"pt-BR\",\"@id\":\"https:\/\/homolog.harald.com.br\/site-2026\/blog\/dia-do-brigadeiro-chefs-da-harald-ensinam-receitas-criativas-e-exclusivas-para-celebrar-a-data\/#primaryimage\",\"url\":\"https:\/\/homolog.harald.com.br\/site-2026\/wp-content\/uploads\/2020\/04\/brigadeiro-gourmet-melken-1950x1300-1.jpg\",\"contentUrl\":\"https:\/\/homolog.harald.com.br\/site-2026\/wp-content\/uploads\/2020\/04\/brigadeiro-gourmet-melken-1950x1300-1.jpg\",\"width\":1950,\"height\":1300},{\"@type\":\"BreadcrumbList\",\"@id\":\"https:\/\/homolog.harald.com.br\/site-2026\/blog\/dia-do-brigadeiro-chefs-da-harald-ensinam-receitas-criativas-e-exclusivas-para-celebrar-a-data\/#breadcrumb\",\"itemListElement\":[{\"@type\":\"ListItem\",\"position\":1,\"name\":\"In\u00edcio\",\"item\":\"https:\/\/homolog.harald.com.br\/site-2026\/\"},{\"@type\":\"ListItem\",\"position\":2,\"name\":\"Dia do Brigadeiro: chefs da Harald ensinam receitas criativas e exclusivas para celebrar a data\"}]},{\"@type\":\"WebSite\",\"@id\":\"https:\/\/homolog.harald.com.br\/site-2026\/#website\",\"url\":\"https:\/\/homolog.harald.com.br\/site-2026\/\",\"name\":\"Harald\",\"description\":\"Fazer melhor \u00e9 fazer com paix\u00e3o\",\"publisher\":{\"@id\":\"https:\/\/homolog.harald.com.br\/site-2026\/#organization\"},\"potentialAction\":[{\"@type\":\"SearchAction\",\"target\":{\"@type\":\"EntryPoint\",\"urlTemplate\":\"https:\/\/homolog.harald.com.br\/site-2026\/?s={search_term_string}\"},\"query-input\":{\"@type\":\"PropertyValueSpecification\",\"valueRequired\":true,\"valueName\":\"search_term_string\"}}],\"inLanguage\":\"pt-BR\"},{\"@type\":\"Organization\",\"@id\":\"https:\/\/homolog.harald.com.br\/site-2026\/#organization\",\"name\":\"Harald\",\"url\":\"https:\/\/homolog.harald.com.br\/site-2026\/\",\"logo\":{\"@type\":\"ImageObject\",\"inLanguage\":\"pt-BR\",\"@id\":\"https:\/\/homolog.harald.com.br\/site-2026\/#\/schema\/logo\/image\/\",\"url\":\"https:\/\/homolog.harald.com.br\/site-2026\/wp-content\/uploads\/2022\/09\/logo-harald-cmyk-ss.png\",\"contentUrl\":\"https:\/\/homolog.harald.com.br\/site-2026\/wp-content\/uploads\/2022\/09\/logo-harald-cmyk-ss.png\",\"width\":1948,\"height\":1051,\"caption\":\"Harald\"},\"image\":{\"@id\":\"https:\/\/homolog.harald.com.br\/site-2026\/#\/schema\/logo\/image\/\"},\"sameAs\":[\"https:\/\/www.facebook.com\/HaraldChocolates\/\",\"https:\/\/www.youtube.com\/user\/HaraldChocolates\"]},{\"@type\":\"Person\",\"@id\":\"https:\/\/homolog.harald.com.br\/site-2026\/#\/schema\/person\/474c783c0a4a997b6352b8b626175b12\",\"name\":\"CROWD\",\"image\":{\"@type\":\"ImageObject\",\"inLanguage\":\"pt-BR\",\"@id\":\"https:\/\/homolog.harald.com.br\/site-2026\/#\/schema\/person\/image\/\",\"url\":\"https:\/\/secure.gravatar.com\/avatar\/4d8c1df2b3db7e6270e2d04115410a036e98bb8f8dd59ca3c343e438750c76b9?s=96&d=mm&r=g\",\"contentUrl\":\"https:\/\/secure.gravatar.com\/avatar\/4d8c1df2b3db7e6270e2d04115410a036e98bb8f8dd59ca3c343e438750c76b9?s=96&d=mm&r=g\",\"caption\":\"CROWD\"},\"url\":\"https:\/\/homolog.harald.com.br\/site-2026\/blog\/author\/crowd\/\"}]}<\/script>\n<!-- \/ Yoast SEO plugin. -->","yoast_head_json":{"title":"Dia do Brigadeiro: chefs da Harald ensinam receitas criativas e exclusivas para celebrar a data - Harald","robots":{"index":"noindex","follow":"follow","max-snippet":"max-snippet:-1","max-image-preview":"max-image-preview:large","max-video-preview":"max-video-preview:-1"},"og_locale":"pt_BR","og_type":"article","og_title":"Dia do Brigadeiro: chefs da Harald ensinam receitas criativas e exclusivas para celebrar a data - Harald","og_description":"Dia do Brigadeiro: chefs da Harald ensinam receitas criativas e exclusivas para celebrar a data Brigadeiro de Chocolate ao Leite com maior tempo de durabilidade do chef Lucas Corazza e Verrini de Brigadeiro do chef Alexandre Bispo ser\u00e3o algumas das novidades No dia 10 de setembro \u00e9 celebrado o brigadeiro, um dos doces mais populares Read more...","og_url":"https:\/\/homolog.harald.com.br\/site-2026\/blog\/dia-do-brigadeiro-chefs-da-harald-ensinam-receitas-criativas-e-exclusivas-para-celebrar-a-data\/","og_site_name":"Harald","article_publisher":"https:\/\/www.facebook.com\/HaraldChocolates\/","article_published_time":"2022-09-07T11:48:34+00:00","article_modified_time":"2022-10-06T11:49:04+00:00","og_image":[{"width":1950,"height":1300,"url":"https:\/\/homolog.harald.com.br\/site-2026\/wp-content\/uploads\/2020\/04\/brigadeiro-gourmet-melken-1950x1300-1.jpg","type":"image\/jpeg"}],"author":"CROWD","twitter_card":"summary_large_image","twitter_misc":{"Escrito por":"CROWD","Est. tempo de leitura":"1 minuto"},"schema":{"@context":"https:\/\/schema.org","@graph":[{"@type":"Article","@id":"https:\/\/homolog.harald.com.br\/site-2026\/blog\/dia-do-brigadeiro-chefs-da-harald-ensinam-receitas-criativas-e-exclusivas-para-celebrar-a-data\/#article","isPartOf":{"@id":"https:\/\/homolog.harald.com.br\/site-2026\/blog\/dia-do-brigadeiro-chefs-da-harald-ensinam-receitas-criativas-e-exclusivas-para-celebrar-a-data\/"},"author":{"name":"CROWD","@id":"https:\/\/homolog.harald.com.br\/site-2026\/#\/schema\/person\/474c783c0a4a997b6352b8b626175b12"},"headline":"Dia do Brigadeiro: chefs da Harald ensinam receitas criativas e exclusivas para celebrar a data","datePublished":"2022-09-07T11:48:34+00:00","dateModified":"2022-10-06T11:49:04+00:00","mainEntityOfPage":{"@id":"https:\/\/homolog.harald.com.br\/site-2026\/blog\/dia-do-brigadeiro-chefs-da-harald-ensinam-receitas-criativas-e-exclusivas-para-celebrar-a-data\/"},"wordCount":218,"publisher":{"@id":"https:\/\/homolog.harald.com.br\/site-2026\/#organization"},"image":{"@id":"https:\/\/homolog.harald.com.br\/site-2026\/blog\/dia-do-brigadeiro-chefs-da-harald-ensinam-receitas-criativas-e-exclusivas-para-celebrar-a-data\/#primaryimage"},"thumbnailUrl":"https:\/\/homolog.harald.com.br\/site-2026\/wp-content\/uploads\/2020\/04\/brigadeiro-gourmet-melken-1950x1300-1.jpg","articleSection":["Not\u00edcias"],"inLanguage":"pt-BR"},{"@type":"WebPage","@id":"https:\/\/homolog.harald.com.br\/site-2026\/blog\/dia-do-brigadeiro-chefs-da-harald-ensinam-receitas-criativas-e-exclusivas-para-celebrar-a-data\/","url":"https:\/\/homolog.harald.com.br\/site-2026\/blog\/dia-do-brigadeiro-chefs-da-harald-ensinam-receitas-criativas-e-exclusivas-para-celebrar-a-data\/","name":"Dia do Brigadeiro: chefs da Harald ensinam receitas criativas e exclusivas para celebrar a data - Harald","isPartOf":{"@id":"https:\/\/homolog.harald.com.br\/site-2026\/#website"},"primaryImageOfPage":{"@id":"https:\/\/homolog.harald.com.br\/site-2026\/blog\/dia-do-brigadeiro-chefs-da-harald-ensinam-receitas-criativas-e-exclusivas-para-celebrar-a-data\/#primaryimage"},"image":{"@id":"https:\/\/homolog.harald.com.br\/site-2026\/blog\/dia-do-brigadeiro-chefs-da-harald-ensinam-receitas-criativas-e-exclusivas-para-celebrar-a-data\/#primaryimage"},"thumbnailUrl":"https:\/\/homolog.harald.com.br\/site-2026\/wp-content\/uploads\/2020\/04\/brigadeiro-gourmet-melken-1950x1300-1.jpg","datePublished":"2022-09-07T11:48:34+00:00","dateModified":"2022-10-06T11:49:04+00:00","breadcrumb":{"@id":"https:\/\/homolog.harald.com.br\/site-2026\/blog\/dia-do-brigadeiro-chefs-da-harald-ensinam-receitas-criativas-e-exclusivas-para-celebrar-a-data\/#breadcrumb"},"inLanguage":"pt-BR","potentialAction":[{"@type":"ReadAction","target":["https:\/\/homolog.harald.com.br\/site-2026\/blog\/dia-do-brigadeiro-chefs-da-harald-ensinam-receitas-criativas-e-exclusivas-para-celebrar-a-data\/"]}]},{"@type":"ImageObject","inLanguage":"pt-BR","@id":"https:\/\/homolog.harald.com.br\/site-2026\/blog\/dia-do-brigadeiro-chefs-da-harald-ensinam-receitas-criativas-e-exclusivas-para-celebrar-a-data\/#primaryimage","url":"https:\/\/homolog.harald.com.br\/site-2026\/wp-content\/uploads\/2020\/04\/brigadeiro-gourmet-melken-1950x1300-1.jpg","contentUrl":"https:\/\/homolog.harald.com.br\/site-2026\/wp-content\/uploads\/2020\/04\/brigadeiro-gourmet-melken-1950x1300-1.jpg","width":1950,"height":1300},{"@type":"BreadcrumbList","@id":"https:\/\/homolog.harald.com.br\/site-2026\/blog\/dia-do-brigadeiro-chefs-da-harald-ensinam-receitas-criativas-e-exclusivas-para-celebrar-a-data\/#breadcrumb","itemListElement":[{"@type":"ListItem","position":1,"name":"In\u00edcio","item":"https:\/\/homolog.harald.com.br\/site-2026\/"},{"@type":"ListItem","position":2,"name":"Dia do Brigadeiro: chefs da Harald ensinam receitas criativas e exclusivas para celebrar a data"}]},{"@type":"WebSite","@id":"https:\/\/homolog.harald.com.br\/site-2026\/#website","url":"https:\/\/homolog.harald.com.br\/site-2026\/","name":"Harald","description":"Fazer melhor \u00e9 fazer com paix\u00e3o","publisher":{"@id":"https:\/\/homolog.harald.com.br\/site-2026\/#organization"},"potentialAction":[{"@type":"SearchAction","target":{"@type":"EntryPoint","urlTemplate":"https:\/\/homolog.harald.com.br\/site-2026\/?s={search_term_string}"},"query-input":{"@type":"PropertyValueSpecification","valueRequired":true,"valueName":"search_term_string"}}],"inLanguage":"pt-BR"},{"@type":"Organization","@id":"https:\/\/homolog.harald.com.br\/site-2026\/#organization","name":"Harald","url":"https:\/\/homolog.harald.com.br\/site-2026\/","logo":{"@type":"ImageObject","inLanguage":"pt-BR","@id":"https:\/\/homolog.harald.com.br\/site-2026\/#\/schema\/logo\/image\/","url":"https:\/\/homolog.harald.com.br\/site-2026\/wp-content\/uploads\/2022\/09\/logo-harald-cmyk-ss.png","contentUrl":"https:\/\/homolog.harald.com.br\/site-2026\/wp-content\/uploads\/2022\/09\/logo-harald-cmyk-ss.png","width":1948,"height":1051,"caption":"Harald"},"image":{"@id":"https:\/\/homolog.harald.com.br\/site-2026\/#\/schema\/logo\/image\/"},"sameAs":["https:\/\/www.facebook.com\/HaraldChocolates\/","https:\/\/www.youtube.com\/user\/HaraldChocolates"]},{"@type":"Person","@id":"https:\/\/homolog.harald.com.br\/site-2026\/#\/schema\/person\/474c783c0a4a997b6352b8b626175b12","name":"CROWD","image":{"@type":"ImageObject","inLanguage":"pt-BR","@id":"https:\/\/homolog.harald.com.br\/site-2026\/#\/schema\/person\/image\/","url":"https:\/\/secure.gravatar.com\/avatar\/4d8c1df2b3db7e6270e2d04115410a036e98bb8f8dd59ca3c343e438750c76b9?s=96&d=mm&r=g","contentUrl":"https:\/\/secure.gravatar.com\/avatar\/4d8c1df2b3db7e6270e2d04115410a036e98bb8f8dd59ca3c343e438750c76b9?s=96&d=mm&r=g","caption":"CROWD"},"url":"https:\/\/homolog.harald.com.br\/site-2026\/blog\/author\/crowd\/"}]}},"uagb_featured_image_src":{"full":["https:\/\/homolog.harald.com.br\/site-2026\/wp-content\/uploads\/2020\/04\/brigadeiro-gourmet-melken-1950x1300-1.jpg",1950,1300,false],"thumbnail":["https:\/\/homolog.harald.com.br\/site-2026\/wp-content\/uploads\/2020\/04\/brigadeiro-gourmet-melken-1950x1300-1-150x150.jpg",150,150,true],"medium":["https:\/\/homolog.harald.com.br\/site-2026\/wp-content\/uploads\/2020\/04\/brigadeiro-gourmet-melken-1950x1300-1-300x200.jpg",300,200,true],"medium_large":["https:\/\/homolog.harald.com.br\/site-2026\/wp-content\/uploads\/2020\/04\/brigadeiro-gourmet-melken-1950x1300-1-768x512.jpg",768,512,true],"large":["https:\/\/homolog.harald.com.br\/site-2026\/wp-content\/uploads\/2020\/04\/brigadeiro-gourmet-melken-1950x1300-1-1024x683.jpg",1024,683,true],"1536x1536":["https:\/\/homolog.harald.com.br\/site-2026\/wp-content\/uploads\/2020\/04\/brigadeiro-gourmet-melken-1950x1300-1-1536x1024.jpg",1536,1024,true],"2048x2048":["https:\/\/homolog.harald.com.br\/site-2026\/wp-content\/uploads\/2020\/04\/brigadeiro-gourmet-melken-1950x1300-1.jpg",1950,1300,false],"full-width":["https:\/\/homolog.harald.com.br\/site-2026\/wp-content\/uploads\/2020\/04\/brigadeiro-gourmet-melken-1950x1300-1.jpg",1620,1080,false],"gform-image-choice-sm":["https:\/\/homolog.harald.com.br\/site-2026\/wp-content\/uploads\/2020\/04\/brigadeiro-gourmet-melken-1950x1300-1.jpg",300,200,false],"gform-image-choice-md":["https:\/\/homolog.harald.com.br\/site-2026\/wp-content\/uploads\/2020\/04\/brigadeiro-gourmet-melken-1950x1300-1.jpg",400,267,false],"gform-image-choice-lg":["https:\/\/homolog.harald.com.br\/site-2026\/wp-content\/uploads\/2020\/04\/brigadeiro-gourmet-melken-1950x1300-1.jpg",600,400,false]},"uagb_author_info":{"display_name":"CROWD","author_link":"https:\/\/homolog.harald.com.br\/site-2026\/blog\/author\/crowd\/"},"uagb_comment_info":0,"uagb_excerpt":"Dia do Brigadeiro: chefs da Harald ensinam receitas criativas e exclusivas para celebrar a data Brigadeiro de Chocolate ao Leite com maior tempo de durabilidade do chef Lucas Corazza e Verrini de Brigadeiro do chef Alexandre Bispo ser\u00e3o algumas das novidades No dia 10 de setembro \u00e9 celebrado o brigadeiro, um dos doces mais populares&hellip;","_links":{"self":[{"href":"https:\/\/homolog.harald.com.br\/site-2026\/wp-json\/wp\/v2\/posts\/9241","targetHints":{"allow":["GET"]}}],"collection":[{"href":"https:\/\/homolog.harald.com.br\/site-2026\/wp-json\/wp\/v2\/posts"}],"about":[{"href":"https:\/\/homolog.harald.com.br\/site-2026\/wp-json\/wp\/v2\/types\/post"}],"author":[{"embeddable":true,"href":"https:\/\/homolog.harald.com.br\/site-2026\/wp-json\/wp\/v2\/users\/9"}],"replies":[{"embeddable":true,"href":"https:\/\/homolog.harald.com.br\/site-2026\/wp-json\/wp\/v2\/comments?post=9241"}],"version-history":[{"count":1,"href":"https:\/\/homolog.harald.com.br\/site-2026\/wp-json\/wp\/v2\/posts\/9241\/revisions"}],"predecessor-version":[{"id":9243,"href":"https:\/\/homolog.harald.com.br\/site-2026\/wp-json\/wp\/v2\/posts\/9241\/revisions\/9243"}],"wp:featuredmedia":[{"embeddable":true,"href":"https:\/\/homolog.harald.com.br\/site-2026\/wp-json\/wp\/v2\/media\/3031"}],"wp:attachment":[{"href":"https:\/\/homolog.harald.com.br\/site-2026\/wp-json\/wp\/v2\/media?parent=9241"}],"wp:term":[{"taxonomy":"category","embeddable":true,"href":"https:\/\/homolog.harald.com.br\/site-2026\/wp-json\/wp\/v2\/categories?post=9241"},{"taxonomy":"post_tag","embeddable":true,"href":"https:\/\/homolog.harald.com.br\/site-2026\/wp-json\/wp\/v2\/tags?post=9241"},{"taxonomy":"para-seu-negocio","embeddable":true,"href":"https:\/\/homolog.harald.com.br\/site-2026\/wp-json\/wp\/v2\/para-seu-negocio?post=9241"}],"curies":[{"name":"wp","href":"https:\/\/api.w.org\/{rel}","templated":true}]}}