{"id":9223,"date":"2022-09-12T08:38:39","date_gmt":"2022-09-12T11:38:39","guid":{"rendered":"https:\/\/homolog.harald.com.br\/site-2026\/?p=9223"},"modified":"2022-10-06T08:49:47","modified_gmt":"2022-10-06T11:49:47","slug":"harald-e-a-nova-patrocinadora-da-convencao-abras-e-apresenta-seu-portfolio-de-produtos-destinados-ao-consumidor-final","status":"publish","type":"post","link":"https:\/\/homolog.harald.com.br\/site-2026\/blog\/harald-e-a-nova-patrocinadora-da-convencao-abras-e-apresenta-seu-portfolio-de-produtos-destinados-ao-consumidor-final\/","title":{"rendered":"Harald \u00e9 a nova patrocinadora da Conven\u00e7\u00e3o ABRAS e apresenta seu portf\u00f3lio de produtos destinados ao consumidor final"},"content":{"rendered":"<h1 class=\"pt-introbox-titulo\">Harald \u00e9 a nova patrocinadora da Conven\u00e7\u00e3o ABRAS e apresenta seu portf\u00f3lio de produtos destinados ao consumidor final<\/h1>\n<div class=\"pt-introbox-desc\">\n<p><em>Refer\u00eancia no mercado de confeitaria e food service, empresa investe no setor supermercadista e apresenta seu novo portf\u00f3lio de produtos voltados para o consumidor final, destinado para o preparo de doces e sobremesas em casa.<\/em><\/p>\n<\/div>\n<p><img decoding=\"async\" src=\"https:\/\/rpnews.com.br\/images\/noticias\/43864\/06094855_Leonardo_S.jpg.jpg\" \/><\/p>\n<p>Imagem: Leonardo Santis, diretor comercial e marketing da Harald no Brasil<\/p>\n<p>Completando 40 anos de hist\u00f3ria, a Harald, empresa l\u00edder em coberturas no Brasil e refer\u00eancia em chocolates para o mercado especializado, chega aos supermercados e varejistas de todo o pa\u00eds. Com o objetivo de apresentar seu portf\u00f3lio &#8211; 15 produtos \u00e0 base de chocolate, com qualidade profissional, para o preparo de doces e sobremesas em casa &#8211; a marca se tornou patrocinadora da Conven\u00e7\u00e3o ABRAS, tradicional evento produzido pela Associa\u00e7\u00e3o Brasileira de Supermercados.<\/p>\n<p>Durante a Conven\u00e7\u00e3o ABRAS, que acontece em 19 e 20 de setembro, a Harald estar\u00e1 com um stand realizando degusta\u00e7\u00e3o e entregando amostras para os l\u00edderes supermercadistas de todo o Pa\u00eds. Al\u00e9m de marcar presen\u00e7a em todas as comunica\u00e7\u00f5es do evento, haver\u00e1 a transmiss\u00e3o do filme institucional que apresenta sua nova linha de produtos voltados para o consumidor final em tel\u00e3o e men\u00e7\u00e3o \u00e0 marca pelo mestre de cerim\u00f4nia. A ativa\u00e7\u00e3o contempla tamb\u00e9m um kit de boas-vindas que ser\u00e1 entregue aos participantes que se hospedarem no hotel da conven\u00e7\u00e3o.<\/p>\n<p>Segundo o diretor comercial e marketing da Harald, Leonardo Santis, como reflexo da pandemia e do momento econ\u00f4mico do pa\u00eds, houve um aumento no n\u00famero de pessoas cozinhando em casa. \u201cO investimento visa estreitar o relacionamento com os maiores supermercadistas e varejistas do Brasil. Queremos apresentar produtos que possuem performance certificada por profissionais da confeitaria, e mostrar que o consumidor ter\u00e1 acesso a um chocolate de alt\u00edssima qualidade, que far\u00e1 a diferen\u00e7a no preparo e na qualidade das receitas\u201d, afirma o executivo.<\/p>\n<p>A Harald apresenta chocolates, confeitos de chocolate para decora\u00e7\u00e3o, e coberturas em gotas, al\u00e9m de chocolate em p\u00f3 50% e cacau em p\u00f3 100%. \u201cUm portf\u00f3lio completo chancelado por produtos das linhas Unique, Melken e TOP, que s\u00e3o marcas reconhecidas no mercado especializado, e que agora far\u00e3o parte do dia a dia do consumidor\u201d, complementa Santis.<\/p>\n<p>Cada linha oferece um benef\u00edcio ao consumidor: no segmento gourmet, a linha Unique conta com produtos com chocolate de origem da Amaz\u00f4nia e Bahia, para harmoniza\u00e7\u00f5es especiais, evidenciando o aroma marcante do terroir de origem. A linha Melken, tradicional na confeitaria, traz sabor nobre do chocolate e flexibilidade nas prepara\u00e7\u00f5es. A linha TOP, l\u00edder no segmento de coberturas, entrega praticidade e versatilidade no manuseio.<\/p>\n","protected":false},"excerpt":{"rendered":"<p>Harald \u00e9 a nova patrocinadora da Conven\u00e7\u00e3o ABRAS e apresenta seu portf\u00f3lio de produtos destinados ao consumidor final Refer\u00eancia no mercado de confeitaria e food service, empresa investe no setor supermercadista e apresenta seu novo portf\u00f3lio de produtos voltados para o consumidor final, destinado para o preparo de doces e sobremesas em casa. Imagem: Leonardo <a class=\"more-link\" href=\"https:\/\/homolog.harald.com.br\/site-2026\/blog\/harald-e-a-nova-patrocinadora-da-convencao-abras-e-apresenta-seu-portfolio-de-produtos-destinados-ao-consumidor-final\/\">Read more&#8230;<\/a><\/p>\n","protected":false},"author":9,"featured_media":9226,"comment_status":"closed","ping_status":"closed","sticky":false,"template":"","format":"standard","meta":{"_acf_changed":false,"_uag_custom_page_level_css":"","footnotes":""},"categories":[158],"tags":[],"para-seu-negocio":[],"class_list":["post-9223","post","type-post","status-publish","format-standard","has-post-thumbnail","hentry","category-noticias"],"acf":[],"yoast_head":"<!-- This site is optimized with the Yoast SEO plugin v26.3 - https:\/\/yoast.com\/wordpress\/plugins\/seo\/ -->\n<title>Harald \u00e9 a nova patrocinadora da Conven\u00e7\u00e3o ABRAS e apresenta seu portf\u00f3lio de produtos destinados ao consumidor final - Harald<\/title>\n<meta name=\"robots\" content=\"noindex, follow, max-snippet:-1, max-image-preview:large, max-video-preview:-1\" \/>\n<meta property=\"og:locale\" content=\"pt_BR\" \/>\n<meta property=\"og:type\" content=\"article\" \/>\n<meta property=\"og:title\" content=\"Harald \u00e9 a nova patrocinadora da Conven\u00e7\u00e3o ABRAS e apresenta seu portf\u00f3lio de produtos destinados ao consumidor final - Harald\" \/>\n<meta property=\"og:description\" content=\"Harald \u00e9 a nova patrocinadora da Conven\u00e7\u00e3o ABRAS e apresenta seu portf\u00f3lio de produtos destinados ao consumidor final Refer\u00eancia no mercado de confeitaria e food service, empresa investe no setor supermercadista e apresenta seu novo portf\u00f3lio de produtos voltados para o consumidor final, destinado para o preparo de doces e sobremesas em casa. Imagem: Leonardo Read more...\" \/>\n<meta property=\"og:url\" content=\"https:\/\/homolog.harald.com.br\/site-2026\/blog\/harald-e-a-nova-patrocinadora-da-convencao-abras-e-apresenta-seu-portfolio-de-produtos-destinados-ao-consumidor-final\/\" \/>\n<meta property=\"og:site_name\" content=\"Harald\" \/>\n<meta property=\"article:publisher\" content=\"https:\/\/www.facebook.com\/HaraldChocolates\/\" \/>\n<meta property=\"article:published_time\" content=\"2022-09-12T11:38:39+00:00\" \/>\n<meta property=\"article:modified_time\" content=\"2022-10-06T11:49:47+00:00\" \/>\n<meta property=\"og:image\" content=\"https:\/\/homolog.harald.com.br\/site-2026\/wp-content\/uploads\/2022\/10\/harald-novos-produtos-consumidor-final.jpg\" \/>\n\t<meta property=\"og:image:width\" content=\"1080\" \/>\n\t<meta property=\"og:image:height\" content=\"720\" \/>\n\t<meta property=\"og:image:type\" content=\"image\/jpeg\" \/>\n<meta name=\"author\" content=\"CROWD\" \/>\n<meta name=\"twitter:card\" content=\"summary_large_image\" \/>\n<meta name=\"twitter:label1\" content=\"Escrito por\" \/>\n\t<meta name=\"twitter:data1\" content=\"CROWD\" \/>\n\t<meta name=\"twitter:label2\" content=\"Est. tempo de leitura\" \/>\n\t<meta name=\"twitter:data2\" content=\"2 minutos\" \/>\n<script type=\"application\/ld+json\" class=\"yoast-schema-graph\">{\"@context\":\"https:\/\/schema.org\",\"@graph\":[{\"@type\":\"Article\",\"@id\":\"https:\/\/homolog.harald.com.br\/site-2026\/blog\/harald-e-a-nova-patrocinadora-da-convencao-abras-e-apresenta-seu-portfolio-de-produtos-destinados-ao-consumidor-final\/#article\",\"isPartOf\":{\"@id\":\"https:\/\/homolog.harald.com.br\/site-2026\/blog\/harald-e-a-nova-patrocinadora-da-convencao-abras-e-apresenta-seu-portfolio-de-produtos-destinados-ao-consumidor-final\/\"},\"author\":{\"name\":\"CROWD\",\"@id\":\"https:\/\/homolog.harald.com.br\/site-2026\/#\/schema\/person\/474c783c0a4a997b6352b8b626175b12\"},\"headline\":\"Harald \u00e9 a nova patrocinadora da Conven\u00e7\u00e3o ABRAS e apresenta seu portf\u00f3lio de produtos destinados ao consumidor final\",\"datePublished\":\"2022-09-12T11:38:39+00:00\",\"dateModified\":\"2022-10-06T11:49:47+00:00\",\"mainEntityOfPage\":{\"@id\":\"https:\/\/homolog.harald.com.br\/site-2026\/blog\/harald-e-a-nova-patrocinadora-da-convencao-abras-e-apresenta-seu-portfolio-de-produtos-destinados-ao-consumidor-final\/\"},\"wordCount\":478,\"publisher\":{\"@id\":\"https:\/\/homolog.harald.com.br\/site-2026\/#organization\"},\"image\":{\"@id\":\"https:\/\/homolog.harald.com.br\/site-2026\/blog\/harald-e-a-nova-patrocinadora-da-convencao-abras-e-apresenta-seu-portfolio-de-produtos-destinados-ao-consumidor-final\/#primaryimage\"},\"thumbnailUrl\":\"https:\/\/homolog.harald.com.br\/site-2026\/wp-content\/uploads\/2022\/10\/harald-novos-produtos-consumidor-final.jpg\",\"articleSection\":[\"Not\u00edcias\"],\"inLanguage\":\"pt-BR\"},{\"@type\":\"WebPage\",\"@id\":\"https:\/\/homolog.harald.com.br\/site-2026\/blog\/harald-e-a-nova-patrocinadora-da-convencao-abras-e-apresenta-seu-portfolio-de-produtos-destinados-ao-consumidor-final\/\",\"url\":\"https:\/\/homolog.harald.com.br\/site-2026\/blog\/harald-e-a-nova-patrocinadora-da-convencao-abras-e-apresenta-seu-portfolio-de-produtos-destinados-ao-consumidor-final\/\",\"name\":\"Harald \u00e9 a nova patrocinadora da Conven\u00e7\u00e3o ABRAS e apresenta seu portf\u00f3lio de produtos destinados ao consumidor final - Harald\",\"isPartOf\":{\"@id\":\"https:\/\/homolog.harald.com.br\/site-2026\/#website\"},\"primaryImageOfPage\":{\"@id\":\"https:\/\/homolog.harald.com.br\/site-2026\/blog\/harald-e-a-nova-patrocinadora-da-convencao-abras-e-apresenta-seu-portfolio-de-produtos-destinados-ao-consumidor-final\/#primaryimage\"},\"image\":{\"@id\":\"https:\/\/homolog.harald.com.br\/site-2026\/blog\/harald-e-a-nova-patrocinadora-da-convencao-abras-e-apresenta-seu-portfolio-de-produtos-destinados-ao-consumidor-final\/#primaryimage\"},\"thumbnailUrl\":\"https:\/\/homolog.harald.com.br\/site-2026\/wp-content\/uploads\/2022\/10\/harald-novos-produtos-consumidor-final.jpg\",\"datePublished\":\"2022-09-12T11:38:39+00:00\",\"dateModified\":\"2022-10-06T11:49:47+00:00\",\"breadcrumb\":{\"@id\":\"https:\/\/homolog.harald.com.br\/site-2026\/blog\/harald-e-a-nova-patrocinadora-da-convencao-abras-e-apresenta-seu-portfolio-de-produtos-destinados-ao-consumidor-final\/#breadcrumb\"},\"inLanguage\":\"pt-BR\",\"potentialAction\":[{\"@type\":\"ReadAction\",\"target\":[\"https:\/\/homolog.harald.com.br\/site-2026\/blog\/harald-e-a-nova-patrocinadora-da-convencao-abras-e-apresenta-seu-portfolio-de-produtos-destinados-ao-consumidor-final\/\"]}]},{\"@type\":\"ImageObject\",\"inLanguage\":\"pt-BR\",\"@id\":\"https:\/\/homolog.harald.com.br\/site-2026\/blog\/harald-e-a-nova-patrocinadora-da-convencao-abras-e-apresenta-seu-portfolio-de-produtos-destinados-ao-consumidor-final\/#primaryimage\",\"url\":\"https:\/\/homolog.harald.com.br\/site-2026\/wp-content\/uploads\/2022\/10\/harald-novos-produtos-consumidor-final.jpg\",\"contentUrl\":\"https:\/\/homolog.harald.com.br\/site-2026\/wp-content\/uploads\/2022\/10\/harald-novos-produtos-consumidor-final.jpg\",\"width\":1080,\"height\":720},{\"@type\":\"BreadcrumbList\",\"@id\":\"https:\/\/homolog.harald.com.br\/site-2026\/blog\/harald-e-a-nova-patrocinadora-da-convencao-abras-e-apresenta-seu-portfolio-de-produtos-destinados-ao-consumidor-final\/#breadcrumb\",\"itemListElement\":[{\"@type\":\"ListItem\",\"position\":1,\"name\":\"In\u00edcio\",\"item\":\"https:\/\/homolog.harald.com.br\/site-2026\/\"},{\"@type\":\"ListItem\",\"position\":2,\"name\":\"Harald \u00e9 a nova patrocinadora da Conven\u00e7\u00e3o ABRAS e apresenta seu portf\u00f3lio de produtos destinados ao consumidor final\"}]},{\"@type\":\"WebSite\",\"@id\":\"https:\/\/homolog.harald.com.br\/site-2026\/#website\",\"url\":\"https:\/\/homolog.harald.com.br\/site-2026\/\",\"name\":\"Harald\",\"description\":\"Fazer melhor \u00e9 fazer com paix\u00e3o\",\"publisher\":{\"@id\":\"https:\/\/homolog.harald.com.br\/site-2026\/#organization\"},\"potentialAction\":[{\"@type\":\"SearchAction\",\"target\":{\"@type\":\"EntryPoint\",\"urlTemplate\":\"https:\/\/homolog.harald.com.br\/site-2026\/?s={search_term_string}\"},\"query-input\":{\"@type\":\"PropertyValueSpecification\",\"valueRequired\":true,\"valueName\":\"search_term_string\"}}],\"inLanguage\":\"pt-BR\"},{\"@type\":\"Organization\",\"@id\":\"https:\/\/homolog.harald.com.br\/site-2026\/#organization\",\"name\":\"Harald\",\"url\":\"https:\/\/homolog.harald.com.br\/site-2026\/\",\"logo\":{\"@type\":\"ImageObject\",\"inLanguage\":\"pt-BR\",\"@id\":\"https:\/\/homolog.harald.com.br\/site-2026\/#\/schema\/logo\/image\/\",\"url\":\"https:\/\/homolog.harald.com.br\/site-2026\/wp-content\/uploads\/2022\/09\/logo-harald-cmyk-ss.png\",\"contentUrl\":\"https:\/\/homolog.harald.com.br\/site-2026\/wp-content\/uploads\/2022\/09\/logo-harald-cmyk-ss.png\",\"width\":1948,\"height\":1051,\"caption\":\"Harald\"},\"image\":{\"@id\":\"https:\/\/homolog.harald.com.br\/site-2026\/#\/schema\/logo\/image\/\"},\"sameAs\":[\"https:\/\/www.facebook.com\/HaraldChocolates\/\",\"https:\/\/www.youtube.com\/user\/HaraldChocolates\"]},{\"@type\":\"Person\",\"@id\":\"https:\/\/homolog.harald.com.br\/site-2026\/#\/schema\/person\/474c783c0a4a997b6352b8b626175b12\",\"name\":\"CROWD\",\"image\":{\"@type\":\"ImageObject\",\"inLanguage\":\"pt-BR\",\"@id\":\"https:\/\/homolog.harald.com.br\/site-2026\/#\/schema\/person\/image\/\",\"url\":\"https:\/\/secure.gravatar.com\/avatar\/4d8c1df2b3db7e6270e2d04115410a036e98bb8f8dd59ca3c343e438750c76b9?s=96&d=mm&r=g\",\"contentUrl\":\"https:\/\/secure.gravatar.com\/avatar\/4d8c1df2b3db7e6270e2d04115410a036e98bb8f8dd59ca3c343e438750c76b9?s=96&d=mm&r=g\",\"caption\":\"CROWD\"},\"url\":\"https:\/\/homolog.harald.com.br\/site-2026\/blog\/author\/crowd\/\"}]}<\/script>\n<!-- \/ Yoast SEO plugin. -->","yoast_head_json":{"title":"Harald \u00e9 a nova patrocinadora da Conven\u00e7\u00e3o ABRAS e apresenta seu portf\u00f3lio de produtos destinados ao consumidor final - Harald","robots":{"index":"noindex","follow":"follow","max-snippet":"max-snippet:-1","max-image-preview":"max-image-preview:large","max-video-preview":"max-video-preview:-1"},"og_locale":"pt_BR","og_type":"article","og_title":"Harald \u00e9 a nova patrocinadora da Conven\u00e7\u00e3o ABRAS e apresenta seu portf\u00f3lio de produtos destinados ao consumidor final - Harald","og_description":"Harald \u00e9 a nova patrocinadora da Conven\u00e7\u00e3o ABRAS e apresenta seu portf\u00f3lio de produtos destinados ao consumidor final Refer\u00eancia no mercado de confeitaria e food service, empresa investe no setor supermercadista e apresenta seu novo portf\u00f3lio de produtos voltados para o consumidor final, destinado para o preparo de doces e sobremesas em casa. Imagem: Leonardo Read more...","og_url":"https:\/\/homolog.harald.com.br\/site-2026\/blog\/harald-e-a-nova-patrocinadora-da-convencao-abras-e-apresenta-seu-portfolio-de-produtos-destinados-ao-consumidor-final\/","og_site_name":"Harald","article_publisher":"https:\/\/www.facebook.com\/HaraldChocolates\/","article_published_time":"2022-09-12T11:38:39+00:00","article_modified_time":"2022-10-06T11:49:47+00:00","og_image":[{"width":1080,"height":720,"url":"https:\/\/homolog.harald.com.br\/site-2026\/wp-content\/uploads\/2022\/10\/harald-novos-produtos-consumidor-final.jpg","type":"image\/jpeg"}],"author":"CROWD","twitter_card":"summary_large_image","twitter_misc":{"Escrito por":"CROWD","Est. tempo de leitura":"2 minutos"},"schema":{"@context":"https:\/\/schema.org","@graph":[{"@type":"Article","@id":"https:\/\/homolog.harald.com.br\/site-2026\/blog\/harald-e-a-nova-patrocinadora-da-convencao-abras-e-apresenta-seu-portfolio-de-produtos-destinados-ao-consumidor-final\/#article","isPartOf":{"@id":"https:\/\/homolog.harald.com.br\/site-2026\/blog\/harald-e-a-nova-patrocinadora-da-convencao-abras-e-apresenta-seu-portfolio-de-produtos-destinados-ao-consumidor-final\/"},"author":{"name":"CROWD","@id":"https:\/\/homolog.harald.com.br\/site-2026\/#\/schema\/person\/474c783c0a4a997b6352b8b626175b12"},"headline":"Harald \u00e9 a nova patrocinadora da Conven\u00e7\u00e3o ABRAS e apresenta seu portf\u00f3lio de produtos destinados ao consumidor final","datePublished":"2022-09-12T11:38:39+00:00","dateModified":"2022-10-06T11:49:47+00:00","mainEntityOfPage":{"@id":"https:\/\/homolog.harald.com.br\/site-2026\/blog\/harald-e-a-nova-patrocinadora-da-convencao-abras-e-apresenta-seu-portfolio-de-produtos-destinados-ao-consumidor-final\/"},"wordCount":478,"publisher":{"@id":"https:\/\/homolog.harald.com.br\/site-2026\/#organization"},"image":{"@id":"https:\/\/homolog.harald.com.br\/site-2026\/blog\/harald-e-a-nova-patrocinadora-da-convencao-abras-e-apresenta-seu-portfolio-de-produtos-destinados-ao-consumidor-final\/#primaryimage"},"thumbnailUrl":"https:\/\/homolog.harald.com.br\/site-2026\/wp-content\/uploads\/2022\/10\/harald-novos-produtos-consumidor-final.jpg","articleSection":["Not\u00edcias"],"inLanguage":"pt-BR"},{"@type":"WebPage","@id":"https:\/\/homolog.harald.com.br\/site-2026\/blog\/harald-e-a-nova-patrocinadora-da-convencao-abras-e-apresenta-seu-portfolio-de-produtos-destinados-ao-consumidor-final\/","url":"https:\/\/homolog.harald.com.br\/site-2026\/blog\/harald-e-a-nova-patrocinadora-da-convencao-abras-e-apresenta-seu-portfolio-de-produtos-destinados-ao-consumidor-final\/","name":"Harald \u00e9 a nova patrocinadora da Conven\u00e7\u00e3o ABRAS e apresenta seu portf\u00f3lio de produtos destinados ao consumidor final - Harald","isPartOf":{"@id":"https:\/\/homolog.harald.com.br\/site-2026\/#website"},"primaryImageOfPage":{"@id":"https:\/\/homolog.harald.com.br\/site-2026\/blog\/harald-e-a-nova-patrocinadora-da-convencao-abras-e-apresenta-seu-portfolio-de-produtos-destinados-ao-consumidor-final\/#primaryimage"},"image":{"@id":"https:\/\/homolog.harald.com.br\/site-2026\/blog\/harald-e-a-nova-patrocinadora-da-convencao-abras-e-apresenta-seu-portfolio-de-produtos-destinados-ao-consumidor-final\/#primaryimage"},"thumbnailUrl":"https:\/\/homolog.harald.com.br\/site-2026\/wp-content\/uploads\/2022\/10\/harald-novos-produtos-consumidor-final.jpg","datePublished":"2022-09-12T11:38:39+00:00","dateModified":"2022-10-06T11:49:47+00:00","breadcrumb":{"@id":"https:\/\/homolog.harald.com.br\/site-2026\/blog\/harald-e-a-nova-patrocinadora-da-convencao-abras-e-apresenta-seu-portfolio-de-produtos-destinados-ao-consumidor-final\/#breadcrumb"},"inLanguage":"pt-BR","potentialAction":[{"@type":"ReadAction","target":["https:\/\/homolog.harald.com.br\/site-2026\/blog\/harald-e-a-nova-patrocinadora-da-convencao-abras-e-apresenta-seu-portfolio-de-produtos-destinados-ao-consumidor-final\/"]}]},{"@type":"ImageObject","inLanguage":"pt-BR","@id":"https:\/\/homolog.harald.com.br\/site-2026\/blog\/harald-e-a-nova-patrocinadora-da-convencao-abras-e-apresenta-seu-portfolio-de-produtos-destinados-ao-consumidor-final\/#primaryimage","url":"https:\/\/homolog.harald.com.br\/site-2026\/wp-content\/uploads\/2022\/10\/harald-novos-produtos-consumidor-final.jpg","contentUrl":"https:\/\/homolog.harald.com.br\/site-2026\/wp-content\/uploads\/2022\/10\/harald-novos-produtos-consumidor-final.jpg","width":1080,"height":720},{"@type":"BreadcrumbList","@id":"https:\/\/homolog.harald.com.br\/site-2026\/blog\/harald-e-a-nova-patrocinadora-da-convencao-abras-e-apresenta-seu-portfolio-de-produtos-destinados-ao-consumidor-final\/#breadcrumb","itemListElement":[{"@type":"ListItem","position":1,"name":"In\u00edcio","item":"https:\/\/homolog.harald.com.br\/site-2026\/"},{"@type":"ListItem","position":2,"name":"Harald \u00e9 a nova patrocinadora da Conven\u00e7\u00e3o ABRAS e apresenta seu portf\u00f3lio de produtos destinados ao consumidor final"}]},{"@type":"WebSite","@id":"https:\/\/homolog.harald.com.br\/site-2026\/#website","url":"https:\/\/homolog.harald.com.br\/site-2026\/","name":"Harald","description":"Fazer melhor \u00e9 fazer com paix\u00e3o","publisher":{"@id":"https:\/\/homolog.harald.com.br\/site-2026\/#organization"},"potentialAction":[{"@type":"SearchAction","target":{"@type":"EntryPoint","urlTemplate":"https:\/\/homolog.harald.com.br\/site-2026\/?s={search_term_string}"},"query-input":{"@type":"PropertyValueSpecification","valueRequired":true,"valueName":"search_term_string"}}],"inLanguage":"pt-BR"},{"@type":"Organization","@id":"https:\/\/homolog.harald.com.br\/site-2026\/#organization","name":"Harald","url":"https:\/\/homolog.harald.com.br\/site-2026\/","logo":{"@type":"ImageObject","inLanguage":"pt-BR","@id":"https:\/\/homolog.harald.com.br\/site-2026\/#\/schema\/logo\/image\/","url":"https:\/\/homolog.harald.com.br\/site-2026\/wp-content\/uploads\/2022\/09\/logo-harald-cmyk-ss.png","contentUrl":"https:\/\/homolog.harald.com.br\/site-2026\/wp-content\/uploads\/2022\/09\/logo-harald-cmyk-ss.png","width":1948,"height":1051,"caption":"Harald"},"image":{"@id":"https:\/\/homolog.harald.com.br\/site-2026\/#\/schema\/logo\/image\/"},"sameAs":["https:\/\/www.facebook.com\/HaraldChocolates\/","https:\/\/www.youtube.com\/user\/HaraldChocolates"]},{"@type":"Person","@id":"https:\/\/homolog.harald.com.br\/site-2026\/#\/schema\/person\/474c783c0a4a997b6352b8b626175b12","name":"CROWD","image":{"@type":"ImageObject","inLanguage":"pt-BR","@id":"https:\/\/homolog.harald.com.br\/site-2026\/#\/schema\/person\/image\/","url":"https:\/\/secure.gravatar.com\/avatar\/4d8c1df2b3db7e6270e2d04115410a036e98bb8f8dd59ca3c343e438750c76b9?s=96&d=mm&r=g","contentUrl":"https:\/\/secure.gravatar.com\/avatar\/4d8c1df2b3db7e6270e2d04115410a036e98bb8f8dd59ca3c343e438750c76b9?s=96&d=mm&r=g","caption":"CROWD"},"url":"https:\/\/homolog.harald.com.br\/site-2026\/blog\/author\/crowd\/"}]}},"uagb_featured_image_src":{"full":["https:\/\/homolog.harald.com.br\/site-2026\/wp-content\/uploads\/2022\/10\/harald-novos-produtos-consumidor-final.jpg",1080,720,false],"thumbnail":["https:\/\/homolog.harald.com.br\/site-2026\/wp-content\/uploads\/2022\/10\/harald-novos-produtos-consumidor-final-150x150.jpg",150,150,true],"medium":["https:\/\/homolog.harald.com.br\/site-2026\/wp-content\/uploads\/2022\/10\/harald-novos-produtos-consumidor-final-300x200.jpg",300,200,true],"medium_large":["https:\/\/homolog.harald.com.br\/site-2026\/wp-content\/uploads\/2022\/10\/harald-novos-produtos-consumidor-final-768x512.jpg",768,512,true],"large":["https:\/\/homolog.harald.com.br\/site-2026\/wp-content\/uploads\/2022\/10\/harald-novos-produtos-consumidor-final-1024x683.jpg",1024,683,true],"1536x1536":["https:\/\/homolog.harald.com.br\/site-2026\/wp-content\/uploads\/2022\/10\/harald-novos-produtos-consumidor-final.jpg",1080,720,false],"2048x2048":["https:\/\/homolog.harald.com.br\/site-2026\/wp-content\/uploads\/2022\/10\/harald-novos-produtos-consumidor-final.jpg",1080,720,false],"full-width":["https:\/\/homolog.harald.com.br\/site-2026\/wp-content\/uploads\/2022\/10\/harald-novos-produtos-consumidor-final.jpg",1080,720,false],"gform-image-choice-sm":["https:\/\/homolog.harald.com.br\/site-2026\/wp-content\/uploads\/2022\/10\/harald-novos-produtos-consumidor-final.jpg",300,200,false],"gform-image-choice-md":["https:\/\/homolog.harald.com.br\/site-2026\/wp-content\/uploads\/2022\/10\/harald-novos-produtos-consumidor-final.jpg",400,267,false],"gform-image-choice-lg":["https:\/\/homolog.harald.com.br\/site-2026\/wp-content\/uploads\/2022\/10\/harald-novos-produtos-consumidor-final.jpg",600,400,false]},"uagb_author_info":{"display_name":"CROWD","author_link":"https:\/\/homolog.harald.com.br\/site-2026\/blog\/author\/crowd\/"},"uagb_comment_info":0,"uagb_excerpt":"Harald \u00e9 a nova patrocinadora da Conven\u00e7\u00e3o ABRAS e apresenta seu portf\u00f3lio de produtos destinados ao consumidor final Refer\u00eancia no mercado de confeitaria e food service, empresa investe no setor supermercadista e apresenta seu novo portf\u00f3lio de produtos voltados para o consumidor final, destinado para o preparo de doces e sobremesas em casa. Imagem: Leonardo&hellip;","_links":{"self":[{"href":"https:\/\/homolog.harald.com.br\/site-2026\/wp-json\/wp\/v2\/posts\/9223","targetHints":{"allow":["GET"]}}],"collection":[{"href":"https:\/\/homolog.harald.com.br\/site-2026\/wp-json\/wp\/v2\/posts"}],"about":[{"href":"https:\/\/homolog.harald.com.br\/site-2026\/wp-json\/wp\/v2\/types\/post"}],"author":[{"embeddable":true,"href":"https:\/\/homolog.harald.com.br\/site-2026\/wp-json\/wp\/v2\/users\/9"}],"replies":[{"embeddable":true,"href":"https:\/\/homolog.harald.com.br\/site-2026\/wp-json\/wp\/v2\/comments?post=9223"}],"version-history":[{"count":5,"href":"https:\/\/homolog.harald.com.br\/site-2026\/wp-json\/wp\/v2\/posts\/9223\/revisions"}],"predecessor-version":[{"id":9232,"href":"https:\/\/homolog.harald.com.br\/site-2026\/wp-json\/wp\/v2\/posts\/9223\/revisions\/9232"}],"wp:featuredmedia":[{"embeddable":true,"href":"https:\/\/homolog.harald.com.br\/site-2026\/wp-json\/wp\/v2\/media\/9226"}],"wp:attachment":[{"href":"https:\/\/homolog.harald.com.br\/site-2026\/wp-json\/wp\/v2\/media?parent=9223"}],"wp:term":[{"taxonomy":"category","embeddable":true,"href":"https:\/\/homolog.harald.com.br\/site-2026\/wp-json\/wp\/v2\/categories?post=9223"},{"taxonomy":"post_tag","embeddable":true,"href":"https:\/\/homolog.harald.com.br\/site-2026\/wp-json\/wp\/v2\/tags?post=9223"},{"taxonomy":"para-seu-negocio","embeddable":true,"href":"https:\/\/homolog.harald.com.br\/site-2026\/wp-json\/wp\/v2\/para-seu-negocio?post=9223"}],"curies":[{"name":"wp","href":"https:\/\/api.w.org\/{rel}","templated":true}]}}