{"id":90330,"date":"2023-05-02T12:26:25","date_gmt":"2023-05-02T15:26:25","guid":{"rendered":"https:\/\/homolog.harald.com.br\/site-2026\/?p=90330"},"modified":"2023-05-02T12:26:25","modified_gmt":"2023-05-02T15:26:25","slug":"biscoito-amanteigado-de-chocolate-com-frutas-vermelhas","status":"publish","type":"post","link":"https:\/\/homolog.harald.com.br\/site-2026\/blog\/biscoito-amanteigado-de-chocolate-com-frutas-vermelhas\/","title":{"rendered":"Biscoito amanteigado de chocolate com frutas vermelhas"},"content":{"rendered":"<h1 style=\"text-align: center;\">Biscoito amanteigado de chocolate com frutas vermelhas<\/h1>\n<p>A chef Vivian Feldman fez a receita de biscoitos amanteigados de chocolate com frutas vermelhas na \u00faltima live no Instagram da Harald<\/p>\n<p>E queremos dividir com voc\u00ea todas as dicas para que possa reproduzir esses deliciosos biscoitos perfeitos para um caf\u00e9 da tarde em fam\u00edlia ou para receber amigos em casa.<\/p>\n<p>Ingredientes:<\/p>\n<p>Massa dos biscoitos<\/p>\n<p>285 gramas de manteiga<\/p>\n<p>145 gramas de a\u00e7\u00facar refinado<\/p>\n<p>1 ovo<\/p>\n<p>480 gramas de farinha de trigo<\/p>\n<p>20 gramas de Cacau em P\u00f3 Melken 100%<\/p>\n<p>Recheio 1<\/p>\n<p>250 gramas de Chocolate Melken Blend<\/p>\n<p>50 gramas de creme de leite<\/p>\n<p>Recheio 2<\/p>\n<p>150 gramas de geleia de frutas vermelhas<\/p>\n<p>Modo de preparo:<\/p>\n<p>Massa<\/p>\n<p>Bata a manteiga com o a\u00e7\u00facar at\u00e9 obter um creme. Adicione o ovo e bata para incorporar.<\/p>\n<p>Acrescente a farinha e o cacau em p\u00f3 peneirado e bata at\u00e9 virar uma massa (desgruda das laterais da batedeira). Abra a massa entre dois pl\u00e1sticos e corte os biscoitos. Em metade deles retire um cora\u00e7\u00e3o utilizando um pequeno cortador. Asse em forno m\u00e9dio (180 graus) por 10 a 15 minutos.<\/p>\n<p>Recheio 1<\/p>\n<p>Derreta o chocolate tipo blend no micro-ondas ou em banho-maria. Aque\u00e7a o creme de leite e misture ao chocolate. Reserve at\u00e9 firmar.<\/p>\n<p>Montagem<\/p>\n<p>Sobre os biscoitos inteiros espalhe recheio de chocolate. Sobre os biscoitos vazados polvilhe a\u00e7\u00facar de confeiteiro. Fa\u00e7a \u201csandu\u00edches\u201d e preencha os cora\u00e7\u00f5es com geleia de frutas vermelhas, com a ajuda de uma manga de confeitar e um bico liso pequeno.<\/p>\n","protected":false},"excerpt":{"rendered":"<p>Biscoito amanteigado de chocolate com frutas vermelhas A chef Vivian Feldman fez a receita de biscoitos amanteigados de chocolate com frutas vermelhas na \u00faltima live no Instagram da Harald E queremos dividir com voc\u00ea todas as dicas para que possa reproduzir esses deliciosos biscoitos perfeitos para um caf\u00e9 da tarde em fam\u00edlia ou para receber <a class=\"more-link\" href=\"https:\/\/homolog.harald.com.br\/site-2026\/blog\/biscoito-amanteigado-de-chocolate-com-frutas-vermelhas\/\">Read more&#8230;<\/a><\/p>\n","protected":false},"author":11,"featured_media":88703,"comment_status":"closed","ping_status":"closed","sticky":false,"template":"","format":"standard","meta":{"_acf_changed":false,"_uag_custom_page_level_css":"","footnotes":""},"categories":[216],"tags":[],"para-seu-negocio":[],"class_list":["post-90330","post","type-post","status-publish","format-standard","has-post-thumbnail","hentry","category-receitas"],"acf":[],"yoast_head":"<!-- This site is optimized with the Yoast SEO plugin v26.3 - https:\/\/yoast.com\/wordpress\/plugins\/seo\/ -->\n<title>Biscoito amanteigado de chocolate com frutas vermelhas - Harald<\/title>\n<meta name=\"robots\" content=\"noindex, follow, max-snippet:-1, max-image-preview:large, max-video-preview:-1\" \/>\n<meta property=\"og:locale\" content=\"pt_BR\" \/>\n<meta property=\"og:type\" content=\"article\" \/>\n<meta property=\"og:title\" content=\"Biscoito amanteigado de chocolate com frutas vermelhas - Harald\" \/>\n<meta property=\"og:description\" content=\"Biscoito amanteigado de chocolate com frutas vermelhas A chef Vivian Feldman fez a receita de biscoitos amanteigados de chocolate com frutas vermelhas na \u00faltima live no Instagram da Harald E queremos dividir com voc\u00ea todas as dicas para que possa reproduzir esses deliciosos biscoitos perfeitos para um caf\u00e9 da tarde em fam\u00edlia ou para receber Read more...\" \/>\n<meta property=\"og:url\" content=\"https:\/\/homolog.harald.com.br\/site-2026\/blog\/biscoito-amanteigado-de-chocolate-com-frutas-vermelhas\/\" \/>\n<meta property=\"og:site_name\" content=\"Harald\" \/>\n<meta property=\"article:publisher\" content=\"https:\/\/www.facebook.com\/HaraldChocolates\/\" \/>\n<meta property=\"article:published_time\" content=\"2023-05-02T15:26:25+00:00\" \/>\n<meta property=\"og:image\" content=\"https:\/\/homolog.harald.com.br\/site-2026\/wp-content\/uploads\/2023\/04\/caf987ca-48b6-402a-8cf5-dfa5c9e5597b.jpg\" \/>\n\t<meta property=\"og:image:width\" content=\"900\" \/>\n\t<meta property=\"og:image:height\" content=\"1600\" \/>\n\t<meta property=\"og:image:type\" content=\"image\/jpeg\" \/>\n<meta name=\"author\" content=\"Bruna Teodoro\" \/>\n<meta name=\"twitter:card\" content=\"summary_large_image\" \/>\n<meta name=\"twitter:label1\" content=\"Escrito por\" \/>\n\t<meta name=\"twitter:data1\" content=\"Bruna Teodoro\" \/>\n\t<meta name=\"twitter:label2\" content=\"Est. tempo de leitura\" \/>\n\t<meta name=\"twitter:data2\" content=\"2 minutos\" \/>\n<script type=\"application\/ld+json\" class=\"yoast-schema-graph\">{\"@context\":\"https:\/\/schema.org\",\"@graph\":[{\"@type\":\"Article\",\"@id\":\"https:\/\/homolog.harald.com.br\/site-2026\/blog\/biscoito-amanteigado-de-chocolate-com-frutas-vermelhas\/#article\",\"isPartOf\":{\"@id\":\"https:\/\/homolog.harald.com.br\/site-2026\/blog\/biscoito-amanteigado-de-chocolate-com-frutas-vermelhas\/\"},\"author\":{\"name\":\"Bruna Teodoro\",\"@id\":\"https:\/\/homolog.harald.com.br\/site-2026\/#\/schema\/person\/37dcc072f872b17c519dd3097a7925e5\"},\"headline\":\"Biscoito amanteigado de chocolate com frutas vermelhas\",\"datePublished\":\"2023-05-02T15:26:25+00:00\",\"mainEntityOfPage\":{\"@id\":\"https:\/\/homolog.harald.com.br\/site-2026\/blog\/biscoito-amanteigado-de-chocolate-com-frutas-vermelhas\/\"},\"wordCount\":250,\"publisher\":{\"@id\":\"https:\/\/homolog.harald.com.br\/site-2026\/#organization\"},\"image\":{\"@id\":\"https:\/\/homolog.harald.com.br\/site-2026\/blog\/biscoito-amanteigado-de-chocolate-com-frutas-vermelhas\/#primaryimage\"},\"thumbnailUrl\":\"https:\/\/homolog.harald.com.br\/site-2026\/wp-content\/uploads\/2023\/04\/caf987ca-48b6-402a-8cf5-dfa5c9e5597b.jpg\",\"articleSection\":[\"Receitas\"],\"inLanguage\":\"pt-BR\"},{\"@type\":\"WebPage\",\"@id\":\"https:\/\/homolog.harald.com.br\/site-2026\/blog\/biscoito-amanteigado-de-chocolate-com-frutas-vermelhas\/\",\"url\":\"https:\/\/homolog.harald.com.br\/site-2026\/blog\/biscoito-amanteigado-de-chocolate-com-frutas-vermelhas\/\",\"name\":\"Biscoito amanteigado de chocolate com frutas vermelhas - Harald\",\"isPartOf\":{\"@id\":\"https:\/\/homolog.harald.com.br\/site-2026\/#website\"},\"primaryImageOfPage\":{\"@id\":\"https:\/\/homolog.harald.com.br\/site-2026\/blog\/biscoito-amanteigado-de-chocolate-com-frutas-vermelhas\/#primaryimage\"},\"image\":{\"@id\":\"https:\/\/homolog.harald.com.br\/site-2026\/blog\/biscoito-amanteigado-de-chocolate-com-frutas-vermelhas\/#primaryimage\"},\"thumbnailUrl\":\"https:\/\/homolog.harald.com.br\/site-2026\/wp-content\/uploads\/2023\/04\/caf987ca-48b6-402a-8cf5-dfa5c9e5597b.jpg\",\"datePublished\":\"2023-05-02T15:26:25+00:00\",\"breadcrumb\":{\"@id\":\"https:\/\/homolog.harald.com.br\/site-2026\/blog\/biscoito-amanteigado-de-chocolate-com-frutas-vermelhas\/#breadcrumb\"},\"inLanguage\":\"pt-BR\",\"potentialAction\":[{\"@type\":\"ReadAction\",\"target\":[\"https:\/\/homolog.harald.com.br\/site-2026\/blog\/biscoito-amanteigado-de-chocolate-com-frutas-vermelhas\/\"]}]},{\"@type\":\"ImageObject\",\"inLanguage\":\"pt-BR\",\"@id\":\"https:\/\/homolog.harald.com.br\/site-2026\/blog\/biscoito-amanteigado-de-chocolate-com-frutas-vermelhas\/#primaryimage\",\"url\":\"https:\/\/homolog.harald.com.br\/site-2026\/wp-content\/uploads\/2023\/04\/caf987ca-48b6-402a-8cf5-dfa5c9e5597b.jpg\",\"contentUrl\":\"https:\/\/homolog.harald.com.br\/site-2026\/wp-content\/uploads\/2023\/04\/caf987ca-48b6-402a-8cf5-dfa5c9e5597b.jpg\",\"width\":900,\"height\":1600,\"caption\":\"Biscoitos de chocolate com frutas vermelhas\"},{\"@type\":\"BreadcrumbList\",\"@id\":\"https:\/\/homolog.harald.com.br\/site-2026\/blog\/biscoito-amanteigado-de-chocolate-com-frutas-vermelhas\/#breadcrumb\",\"itemListElement\":[{\"@type\":\"ListItem\",\"position\":1,\"name\":\"In\u00edcio\",\"item\":\"https:\/\/homolog.harald.com.br\/site-2026\/\"},{\"@type\":\"ListItem\",\"position\":2,\"name\":\"Biscoito amanteigado de chocolate com frutas vermelhas\"}]},{\"@type\":\"WebSite\",\"@id\":\"https:\/\/homolog.harald.com.br\/site-2026\/#website\",\"url\":\"https:\/\/homolog.harald.com.br\/site-2026\/\",\"name\":\"Harald\",\"description\":\"Fazer melhor \u00e9 fazer com paix\u00e3o\",\"publisher\":{\"@id\":\"https:\/\/homolog.harald.com.br\/site-2026\/#organization\"},\"potentialAction\":[{\"@type\":\"SearchAction\",\"target\":{\"@type\":\"EntryPoint\",\"urlTemplate\":\"https:\/\/homolog.harald.com.br\/site-2026\/?s={search_term_string}\"},\"query-input\":{\"@type\":\"PropertyValueSpecification\",\"valueRequired\":true,\"valueName\":\"search_term_string\"}}],\"inLanguage\":\"pt-BR\"},{\"@type\":\"Organization\",\"@id\":\"https:\/\/homolog.harald.com.br\/site-2026\/#organization\",\"name\":\"Harald\",\"url\":\"https:\/\/homolog.harald.com.br\/site-2026\/\",\"logo\":{\"@type\":\"ImageObject\",\"inLanguage\":\"pt-BR\",\"@id\":\"https:\/\/homolog.harald.com.br\/site-2026\/#\/schema\/logo\/image\/\",\"url\":\"https:\/\/homolog.harald.com.br\/site-2026\/wp-content\/uploads\/2022\/09\/logo-harald-cmyk-ss.png\",\"contentUrl\":\"https:\/\/homolog.harald.com.br\/site-2026\/wp-content\/uploads\/2022\/09\/logo-harald-cmyk-ss.png\",\"width\":1948,\"height\":1051,\"caption\":\"Harald\"},\"image\":{\"@id\":\"https:\/\/homolog.harald.com.br\/site-2026\/#\/schema\/logo\/image\/\"},\"sameAs\":[\"https:\/\/www.facebook.com\/HaraldChocolates\/\",\"https:\/\/www.youtube.com\/user\/HaraldChocolates\"]},{\"@type\":\"Person\",\"@id\":\"https:\/\/homolog.harald.com.br\/site-2026\/#\/schema\/person\/37dcc072f872b17c519dd3097a7925e5\",\"name\":\"Bruna Teodoro\",\"image\":{\"@type\":\"ImageObject\",\"inLanguage\":\"pt-BR\",\"@id\":\"https:\/\/homolog.harald.com.br\/site-2026\/#\/schema\/person\/image\/\",\"url\":\"https:\/\/secure.gravatar.com\/avatar\/7da0050c7a3bd4d6df113dcfae1a5b72c8690bc5d4bb4fabab7e4d34d582ceea?s=96&d=mm&r=g\",\"contentUrl\":\"https:\/\/secure.gravatar.com\/avatar\/7da0050c7a3bd4d6df113dcfae1a5b72c8690bc5d4bb4fabab7e4d34d582ceea?s=96&d=mm&r=g\",\"caption\":\"Bruna Teodoro\"},\"url\":\"https:\/\/homolog.harald.com.br\/site-2026\/blog\/author\/bruna-teodoro\/\"}]}<\/script>\n<!-- \/ Yoast SEO plugin. -->","yoast_head_json":{"title":"Biscoito amanteigado de chocolate com frutas vermelhas - Harald","robots":{"index":"noindex","follow":"follow","max-snippet":"max-snippet:-1","max-image-preview":"max-image-preview:large","max-video-preview":"max-video-preview:-1"},"og_locale":"pt_BR","og_type":"article","og_title":"Biscoito amanteigado de chocolate com frutas vermelhas - Harald","og_description":"Biscoito amanteigado de chocolate com frutas vermelhas A chef Vivian Feldman fez a receita de biscoitos amanteigados de chocolate com frutas vermelhas na \u00faltima live no Instagram da Harald E queremos dividir com voc\u00ea todas as dicas para que possa reproduzir esses deliciosos biscoitos perfeitos para um caf\u00e9 da tarde em fam\u00edlia ou para receber Read more...","og_url":"https:\/\/homolog.harald.com.br\/site-2026\/blog\/biscoito-amanteigado-de-chocolate-com-frutas-vermelhas\/","og_site_name":"Harald","article_publisher":"https:\/\/www.facebook.com\/HaraldChocolates\/","article_published_time":"2023-05-02T15:26:25+00:00","og_image":[{"width":900,"height":1600,"url":"https:\/\/homolog.harald.com.br\/site-2026\/wp-content\/uploads\/2023\/04\/caf987ca-48b6-402a-8cf5-dfa5c9e5597b.jpg","type":"image\/jpeg"}],"author":"Bruna Teodoro","twitter_card":"summary_large_image","twitter_misc":{"Escrito por":"Bruna Teodoro","Est. tempo de leitura":"2 minutos"},"schema":{"@context":"https:\/\/schema.org","@graph":[{"@type":"Article","@id":"https:\/\/homolog.harald.com.br\/site-2026\/blog\/biscoito-amanteigado-de-chocolate-com-frutas-vermelhas\/#article","isPartOf":{"@id":"https:\/\/homolog.harald.com.br\/site-2026\/blog\/biscoito-amanteigado-de-chocolate-com-frutas-vermelhas\/"},"author":{"name":"Bruna Teodoro","@id":"https:\/\/homolog.harald.com.br\/site-2026\/#\/schema\/person\/37dcc072f872b17c519dd3097a7925e5"},"headline":"Biscoito amanteigado de chocolate com frutas vermelhas","datePublished":"2023-05-02T15:26:25+00:00","mainEntityOfPage":{"@id":"https:\/\/homolog.harald.com.br\/site-2026\/blog\/biscoito-amanteigado-de-chocolate-com-frutas-vermelhas\/"},"wordCount":250,"publisher":{"@id":"https:\/\/homolog.harald.com.br\/site-2026\/#organization"},"image":{"@id":"https:\/\/homolog.harald.com.br\/site-2026\/blog\/biscoito-amanteigado-de-chocolate-com-frutas-vermelhas\/#primaryimage"},"thumbnailUrl":"https:\/\/homolog.harald.com.br\/site-2026\/wp-content\/uploads\/2023\/04\/caf987ca-48b6-402a-8cf5-dfa5c9e5597b.jpg","articleSection":["Receitas"],"inLanguage":"pt-BR"},{"@type":"WebPage","@id":"https:\/\/homolog.harald.com.br\/site-2026\/blog\/biscoito-amanteigado-de-chocolate-com-frutas-vermelhas\/","url":"https:\/\/homolog.harald.com.br\/site-2026\/blog\/biscoito-amanteigado-de-chocolate-com-frutas-vermelhas\/","name":"Biscoito amanteigado de chocolate com frutas vermelhas - Harald","isPartOf":{"@id":"https:\/\/homolog.harald.com.br\/site-2026\/#website"},"primaryImageOfPage":{"@id":"https:\/\/homolog.harald.com.br\/site-2026\/blog\/biscoito-amanteigado-de-chocolate-com-frutas-vermelhas\/#primaryimage"},"image":{"@id":"https:\/\/homolog.harald.com.br\/site-2026\/blog\/biscoito-amanteigado-de-chocolate-com-frutas-vermelhas\/#primaryimage"},"thumbnailUrl":"https:\/\/homolog.harald.com.br\/site-2026\/wp-content\/uploads\/2023\/04\/caf987ca-48b6-402a-8cf5-dfa5c9e5597b.jpg","datePublished":"2023-05-02T15:26:25+00:00","breadcrumb":{"@id":"https:\/\/homolog.harald.com.br\/site-2026\/blog\/biscoito-amanteigado-de-chocolate-com-frutas-vermelhas\/#breadcrumb"},"inLanguage":"pt-BR","potentialAction":[{"@type":"ReadAction","target":["https:\/\/homolog.harald.com.br\/site-2026\/blog\/biscoito-amanteigado-de-chocolate-com-frutas-vermelhas\/"]}]},{"@type":"ImageObject","inLanguage":"pt-BR","@id":"https:\/\/homolog.harald.com.br\/site-2026\/blog\/biscoito-amanteigado-de-chocolate-com-frutas-vermelhas\/#primaryimage","url":"https:\/\/homolog.harald.com.br\/site-2026\/wp-content\/uploads\/2023\/04\/caf987ca-48b6-402a-8cf5-dfa5c9e5597b.jpg","contentUrl":"https:\/\/homolog.harald.com.br\/site-2026\/wp-content\/uploads\/2023\/04\/caf987ca-48b6-402a-8cf5-dfa5c9e5597b.jpg","width":900,"height":1600,"caption":"Biscoitos de chocolate com frutas vermelhas"},{"@type":"BreadcrumbList","@id":"https:\/\/homolog.harald.com.br\/site-2026\/blog\/biscoito-amanteigado-de-chocolate-com-frutas-vermelhas\/#breadcrumb","itemListElement":[{"@type":"ListItem","position":1,"name":"In\u00edcio","item":"https:\/\/homolog.harald.com.br\/site-2026\/"},{"@type":"ListItem","position":2,"name":"Biscoito amanteigado de chocolate com frutas vermelhas"}]},{"@type":"WebSite","@id":"https:\/\/homolog.harald.com.br\/site-2026\/#website","url":"https:\/\/homolog.harald.com.br\/site-2026\/","name":"Harald","description":"Fazer melhor \u00e9 fazer com paix\u00e3o","publisher":{"@id":"https:\/\/homolog.harald.com.br\/site-2026\/#organization"},"potentialAction":[{"@type":"SearchAction","target":{"@type":"EntryPoint","urlTemplate":"https:\/\/homolog.harald.com.br\/site-2026\/?s={search_term_string}"},"query-input":{"@type":"PropertyValueSpecification","valueRequired":true,"valueName":"search_term_string"}}],"inLanguage":"pt-BR"},{"@type":"Organization","@id":"https:\/\/homolog.harald.com.br\/site-2026\/#organization","name":"Harald","url":"https:\/\/homolog.harald.com.br\/site-2026\/","logo":{"@type":"ImageObject","inLanguage":"pt-BR","@id":"https:\/\/homolog.harald.com.br\/site-2026\/#\/schema\/logo\/image\/","url":"https:\/\/homolog.harald.com.br\/site-2026\/wp-content\/uploads\/2022\/09\/logo-harald-cmyk-ss.png","contentUrl":"https:\/\/homolog.harald.com.br\/site-2026\/wp-content\/uploads\/2022\/09\/logo-harald-cmyk-ss.png","width":1948,"height":1051,"caption":"Harald"},"image":{"@id":"https:\/\/homolog.harald.com.br\/site-2026\/#\/schema\/logo\/image\/"},"sameAs":["https:\/\/www.facebook.com\/HaraldChocolates\/","https:\/\/www.youtube.com\/user\/HaraldChocolates"]},{"@type":"Person","@id":"https:\/\/homolog.harald.com.br\/site-2026\/#\/schema\/person\/37dcc072f872b17c519dd3097a7925e5","name":"Bruna Teodoro","image":{"@type":"ImageObject","inLanguage":"pt-BR","@id":"https:\/\/homolog.harald.com.br\/site-2026\/#\/schema\/person\/image\/","url":"https:\/\/secure.gravatar.com\/avatar\/7da0050c7a3bd4d6df113dcfae1a5b72c8690bc5d4bb4fabab7e4d34d582ceea?s=96&d=mm&r=g","contentUrl":"https:\/\/secure.gravatar.com\/avatar\/7da0050c7a3bd4d6df113dcfae1a5b72c8690bc5d4bb4fabab7e4d34d582ceea?s=96&d=mm&r=g","caption":"Bruna Teodoro"},"url":"https:\/\/homolog.harald.com.br\/site-2026\/blog\/author\/bruna-teodoro\/"}]}},"uagb_featured_image_src":{"full":["https:\/\/homolog.harald.com.br\/site-2026\/wp-content\/uploads\/2023\/04\/caf987ca-48b6-402a-8cf5-dfa5c9e5597b.jpg",900,1600,false],"thumbnail":["https:\/\/homolog.harald.com.br\/site-2026\/wp-content\/uploads\/2023\/04\/caf987ca-48b6-402a-8cf5-dfa5c9e5597b-150x150.jpg",150,150,true],"medium":["https:\/\/homolog.harald.com.br\/site-2026\/wp-content\/uploads\/2023\/04\/caf987ca-48b6-402a-8cf5-dfa5c9e5597b-169x300.jpg",169,300,true],"medium_large":["https:\/\/homolog.harald.com.br\/site-2026\/wp-content\/uploads\/2023\/04\/caf987ca-48b6-402a-8cf5-dfa5c9e5597b-768x1365.jpg",768,1365,true],"large":["https:\/\/homolog.harald.com.br\/site-2026\/wp-content\/uploads\/2023\/04\/caf987ca-48b6-402a-8cf5-dfa5c9e5597b-576x1024.jpg",576,1024,true],"1536x1536":["https:\/\/homolog.harald.com.br\/site-2026\/wp-content\/uploads\/2023\/04\/caf987ca-48b6-402a-8cf5-dfa5c9e5597b-864x1536.jpg",864,1536,true],"2048x2048":["https:\/\/homolog.harald.com.br\/site-2026\/wp-content\/uploads\/2023\/04\/caf987ca-48b6-402a-8cf5-dfa5c9e5597b.jpg",900,1600,false],"full-width":["https:\/\/homolog.harald.com.br\/site-2026\/wp-content\/uploads\/2023\/04\/caf987ca-48b6-402a-8cf5-dfa5c9e5597b.jpg",608,1080,false],"gform-image-choice-sm":["https:\/\/homolog.harald.com.br\/site-2026\/wp-content\/uploads\/2023\/04\/caf987ca-48b6-402a-8cf5-dfa5c9e5597b.jpg",169,300,false],"gform-image-choice-md":["https:\/\/homolog.harald.com.br\/site-2026\/wp-content\/uploads\/2023\/04\/caf987ca-48b6-402a-8cf5-dfa5c9e5597b.jpg",225,400,false],"gform-image-choice-lg":["https:\/\/homolog.harald.com.br\/site-2026\/wp-content\/uploads\/2023\/04\/caf987ca-48b6-402a-8cf5-dfa5c9e5597b.jpg",338,600,false]},"uagb_author_info":{"display_name":"Bruna Teodoro","author_link":"https:\/\/homolog.harald.com.br\/site-2026\/blog\/author\/bruna-teodoro\/"},"uagb_comment_info":0,"uagb_excerpt":"Biscoito amanteigado de chocolate com frutas vermelhas A chef Vivian Feldman fez a receita de biscoitos amanteigados de chocolate com frutas vermelhas na \u00faltima live no Instagram da Harald E queremos dividir com voc\u00ea todas as dicas para que possa reproduzir esses deliciosos biscoitos perfeitos para um caf\u00e9 da tarde em fam\u00edlia ou para receber&hellip;","_links":{"self":[{"href":"https:\/\/homolog.harald.com.br\/site-2026\/wp-json\/wp\/v2\/posts\/90330","targetHints":{"allow":["GET"]}}],"collection":[{"href":"https:\/\/homolog.harald.com.br\/site-2026\/wp-json\/wp\/v2\/posts"}],"about":[{"href":"https:\/\/homolog.harald.com.br\/site-2026\/wp-json\/wp\/v2\/types\/post"}],"author":[{"embeddable":true,"href":"https:\/\/homolog.harald.com.br\/site-2026\/wp-json\/wp\/v2\/users\/11"}],"replies":[{"embeddable":true,"href":"https:\/\/homolog.harald.com.br\/site-2026\/wp-json\/wp\/v2\/comments?post=90330"}],"version-history":[{"count":1,"href":"https:\/\/homolog.harald.com.br\/site-2026\/wp-json\/wp\/v2\/posts\/90330\/revisions"}],"predecessor-version":[{"id":90332,"href":"https:\/\/homolog.harald.com.br\/site-2026\/wp-json\/wp\/v2\/posts\/90330\/revisions\/90332"}],"wp:featuredmedia":[{"embeddable":true,"href":"https:\/\/homolog.harald.com.br\/site-2026\/wp-json\/wp\/v2\/media\/88703"}],"wp:attachment":[{"href":"https:\/\/homolog.harald.com.br\/site-2026\/wp-json\/wp\/v2\/media?parent=90330"}],"wp:term":[{"taxonomy":"category","embeddable":true,"href":"https:\/\/homolog.harald.com.br\/site-2026\/wp-json\/wp\/v2\/categories?post=90330"},{"taxonomy":"post_tag","embeddable":true,"href":"https:\/\/homolog.harald.com.br\/site-2026\/wp-json\/wp\/v2\/tags?post=90330"},{"taxonomy":"para-seu-negocio","embeddable":true,"href":"https:\/\/homolog.harald.com.br\/site-2026\/wp-json\/wp\/v2\/para-seu-negocio?post=90330"}],"curies":[{"name":"wp","href":"https:\/\/api.w.org\/{rel}","templated":true}]}}