{"id":89513,"date":"2023-04-24T16:11:27","date_gmt":"2023-04-24T19:11:27","guid":{"rendered":"https:\/\/homolog.harald.com.br\/site-2026\/?p=89513"},"modified":"2023-06-26T15:40:30","modified_gmt":"2023-06-26T18:40:30","slug":"harald-leva-alunos-do-projeto-social-de-chocolataria-para-maior-feira-de-confeitaria-do-pais","status":"publish","type":"post","link":"https:\/\/homolog.harald.com.br\/site-2026\/blog\/harald-leva-alunos-do-projeto-social-de-chocolataria-para-maior-feira-de-confeitaria-do-pais\/","title":{"rendered":"Harald leva alunos do projeto social de chocolataria para maior feira de confeitaria do pa\u00eds"},"content":{"rendered":"<h1 style=\"text-align: center;\">Harald leva alunos do projeto social de chocolataria para maior feira de confeitaria do pa\u00eds<\/h1>\n<p>Alunos do Aldeia do Futuro estiveram na 3 \u00aa edi\u00e7\u00e3o da Mara Cakes Fair na S\u00e3o Paulo Expo<br \/>\nS\u00e3o Paulo, abril de \u2014 A Harald, empresa l\u00edder em coberturas e refer\u00eancia em chocolate para o mercado especializado no Brasil, convidou cerca de 70 alunos do Programa de Chocolataria e Empreendedorismo, em parceria com a Aldeia do Futuro, organiza\u00e7\u00e3o que atende crian\u00e7as, adolescentes, jovens e mulheres em situa\u00e7\u00e3o de vulnerabilidade, para participarem da Mara Cakes Fair 2023.<\/p>\n<p>A fim de apresentar o mercado de confeitaria para esses alunos, a companhia os convidou para conhecerem a feira e terem experi\u00eancias imersivas no universo da confeitaria. Assim, al\u00e9m de conhecerem centenas de fornecedores do setor, os alunos ainda participaram de aulas de confeitaria, tiveram contato com chefes de cozinha renomados e visitaram toda a feira a convite da Harad, propiciando uma experi\u00eancia transformadora na forma\u00e7\u00e3o dos aspirantes \u00e0 confeiteiros.<\/p>\n<p>A parceria, que existe desde 2019 e faz parte do compromisso de Responsabilidade Social da companhia, tem como objetivo capacitar e impulsionar a carreira de pessoas que buscam formas de conseguir uma fonte de renda por meio da confeitaria. \u201cNossas aulas oferecem capacita\u00e7\u00e3o em 360\u00b0. Nossos alunos aprendem n\u00e3o s\u00f3 a produzirem os mais diversos tipos de doces, como tamb\u00e9m para empreender, montando seu pr\u00f3prio neg\u00f3cio, gerando emprego e renda para si e para terceiros. Acreditamos que levar essas pessoas para a maior feira de confeitaria do pa\u00eds abre um mundo de oportunidades e conhecimento. Assim, acreditamos que a experi\u00eancia tenha sido enriquecedora\u201d, comenta Fernanda Sequetto, gerente de marketing da Harald<\/p>\n<p>Para Jaqueline, aluna do curso de Chocolataria e Empreendedorismo, o curso foi uma enorme oportunidade para mudar de vida. \u201cSou de Alagoas e h\u00e1 4 anos eu e meu marido ficamos desempregados e resolvemos fazer marmitas para vender. Eu j\u00e1 fazia alguns doces, mas n\u00e3o tinha muita seguran\u00e7a e t\u00e9cnica. O curso de confeitaria da Aldeia do Futuro, em parceria com a Harald, est\u00e1 me possibilitando adquirir mais confian\u00e7a e ousar nas minhas produ\u00e7\u00f5es. H\u00e1 4 meses eu fa\u00e7o bolo bombom, p\u00e3o de mel, trufa e ovos de p\u00e1scoa para vender. Agora, al\u00e9m do espa\u00e7o f\u00edsico, tamb\u00e9m oferecemos as sobremesas nos aplicativos de refei\u00e7\u00e3o.\u201d diz Jaqueline.<\/p>\n<p>J\u00e1 para Elaine, a oportunidade veio com uma chance de volta ao mercado de trabalho ap\u00f3s a maternidade. \u201cEstava desempregada, pois n\u00e3o consegui me reinserir no mercado de trabalho depois de ter um filho. Esse ano comecei a fazer o curso de confeitaria na Aldeia do Futuro e a Harald me proporcionou a chance de eu fazer ovos de p\u00e1scoa para as crian\u00e7as da minha igreja. Al\u00e9m disso, j\u00e1 estou produzindo trufas e a venda desses produtos j\u00e1 \u00e9 minha primeira fonte de renda. Sou muito grata por essa oportunidade de estar empreendendo de forma rent\u00e1vel.\u201d<\/p>\n<p>A Harald\u00a0possui diversas iniciativas voltadas para a capacita\u00e7\u00e3o e, junto com a Aldeia do Futuro, a companhia vem ajudando a mudar a realidade de milhares de pessoas, por meio da confeitaria, com aulas pr\u00e1ticas, materiais did\u00e1ticos, produtos Harald\u00a0e todo o equipamento necess\u00e1rio.<\/p>\n<p>Compartilhe!<\/p>\n","protected":false},"excerpt":{"rendered":"<p>Harald leva alunos do projeto social de chocolataria para maior feira de confeitaria do pa\u00eds Alunos do Aldeia do Futuro estiveram na 3 \u00aa edi\u00e7\u00e3o da Mara Cakes Fair na S\u00e3o Paulo Expo S\u00e3o Paulo, abril de \u2014 A Harald, empresa l\u00edder em coberturas e refer\u00eancia em chocolate para o mercado especializado no Brasil, convidou <a class=\"more-link\" href=\"https:\/\/homolog.harald.com.br\/site-2026\/blog\/harald-leva-alunos-do-projeto-social-de-chocolataria-para-maior-feira-de-confeitaria-do-pais\/\">Read more&#8230;<\/a><\/p>\n","protected":false},"author":11,"featured_media":89506,"comment_status":"closed","ping_status":"closed","sticky":false,"template":"","format":"standard","meta":{"_acf_changed":false,"_uag_custom_page_level_css":"","footnotes":""},"categories":[158],"tags":[],"para-seu-negocio":[],"class_list":["post-89513","post","type-post","status-publish","format-standard","has-post-thumbnail","hentry","category-noticias"],"acf":[],"yoast_head":"<!-- This site is optimized with the Yoast SEO plugin v26.3 - https:\/\/yoast.com\/wordpress\/plugins\/seo\/ -->\n<title>Harald leva alunos do projeto social de chocolataria para maior feira de confeitaria do pa\u00eds - Harald<\/title>\n<meta name=\"robots\" content=\"noindex, follow, max-snippet:-1, max-image-preview:large, max-video-preview:-1\" \/>\n<meta property=\"og:locale\" content=\"pt_BR\" \/>\n<meta property=\"og:type\" content=\"article\" \/>\n<meta property=\"og:title\" content=\"Harald leva alunos do projeto social de chocolataria para maior feira de confeitaria do pa\u00eds - Harald\" \/>\n<meta property=\"og:description\" content=\"Harald leva alunos do projeto social de chocolataria para maior feira de confeitaria do pa\u00eds Alunos do Aldeia do Futuro estiveram na 3 \u00aa edi\u00e7\u00e3o da Mara Cakes Fair na S\u00e3o Paulo Expo S\u00e3o Paulo, abril de \u2014 A Harald, empresa l\u00edder em coberturas e refer\u00eancia em chocolate para o mercado especializado no Brasil, convidou Read more...\" \/>\n<meta property=\"og:url\" content=\"https:\/\/homolog.harald.com.br\/site-2026\/blog\/harald-leva-alunos-do-projeto-social-de-chocolataria-para-maior-feira-de-confeitaria-do-pais\/\" \/>\n<meta property=\"og:site_name\" content=\"Harald\" \/>\n<meta property=\"article:publisher\" content=\"https:\/\/www.facebook.com\/HaraldChocolates\/\" \/>\n<meta property=\"article:published_time\" content=\"2023-04-24T19:11:27+00:00\" \/>\n<meta property=\"article:modified_time\" content=\"2023-06-26T18:40:30+00:00\" \/>\n<meta property=\"og:image\" content=\"https:\/\/homolog.harald.com.br\/site-2026\/wp-content\/uploads\/2023\/04\/mara-cakes-fair-2022.jpg\" \/>\n\t<meta property=\"og:image:width\" content=\"1203\" \/>\n\t<meta property=\"og:image:height\" content=\"578\" \/>\n\t<meta property=\"og:image:type\" content=\"image\/jpeg\" \/>\n<meta name=\"author\" content=\"Bruna Teodoro\" \/>\n<meta name=\"twitter:card\" content=\"summary_large_image\" \/>\n<meta name=\"twitter:label1\" content=\"Escrito por\" \/>\n\t<meta name=\"twitter:data1\" content=\"Bruna Teodoro\" \/>\n\t<meta name=\"twitter:label2\" content=\"Est. tempo de leitura\" \/>\n\t<meta name=\"twitter:data2\" content=\"3 minutos\" \/>\n<script type=\"application\/ld+json\" class=\"yoast-schema-graph\">{\"@context\":\"https:\/\/schema.org\",\"@graph\":[{\"@type\":\"Article\",\"@id\":\"https:\/\/homolog.harald.com.br\/site-2026\/blog\/harald-leva-alunos-do-projeto-social-de-chocolataria-para-maior-feira-de-confeitaria-do-pais\/#article\",\"isPartOf\":{\"@id\":\"https:\/\/homolog.harald.com.br\/site-2026\/blog\/harald-leva-alunos-do-projeto-social-de-chocolataria-para-maior-feira-de-confeitaria-do-pais\/\"},\"author\":{\"name\":\"Bruna Teodoro\",\"@id\":\"https:\/\/homolog.harald.com.br\/site-2026\/#\/schema\/person\/37dcc072f872b17c519dd3097a7925e5\"},\"headline\":\"Harald leva alunos do projeto social de chocolataria para maior feira de confeitaria do pa\u00eds\",\"datePublished\":\"2023-04-24T19:11:27+00:00\",\"dateModified\":\"2023-06-26T18:40:30+00:00\",\"mainEntityOfPage\":{\"@id\":\"https:\/\/homolog.harald.com.br\/site-2026\/blog\/harald-leva-alunos-do-projeto-social-de-chocolataria-para-maior-feira-de-confeitaria-do-pais\/\"},\"wordCount\":567,\"publisher\":{\"@id\":\"https:\/\/homolog.harald.com.br\/site-2026\/#organization\"},\"image\":{\"@id\":\"https:\/\/homolog.harald.com.br\/site-2026\/blog\/harald-leva-alunos-do-projeto-social-de-chocolataria-para-maior-feira-de-confeitaria-do-pais\/#primaryimage\"},\"thumbnailUrl\":\"https:\/\/homolog.harald.com.br\/site-2026\/wp-content\/uploads\/2023\/04\/mara-cakes-fair-2022.jpg\",\"articleSection\":[\"Not\u00edcias\"],\"inLanguage\":\"pt-BR\"},{\"@type\":\"WebPage\",\"@id\":\"https:\/\/homolog.harald.com.br\/site-2026\/blog\/harald-leva-alunos-do-projeto-social-de-chocolataria-para-maior-feira-de-confeitaria-do-pais\/\",\"url\":\"https:\/\/homolog.harald.com.br\/site-2026\/blog\/harald-leva-alunos-do-projeto-social-de-chocolataria-para-maior-feira-de-confeitaria-do-pais\/\",\"name\":\"Harald leva alunos do projeto social de chocolataria para maior feira de confeitaria do pa\u00eds - Harald\",\"isPartOf\":{\"@id\":\"https:\/\/homolog.harald.com.br\/site-2026\/#website\"},\"primaryImageOfPage\":{\"@id\":\"https:\/\/homolog.harald.com.br\/site-2026\/blog\/harald-leva-alunos-do-projeto-social-de-chocolataria-para-maior-feira-de-confeitaria-do-pais\/#primaryimage\"},\"image\":{\"@id\":\"https:\/\/homolog.harald.com.br\/site-2026\/blog\/harald-leva-alunos-do-projeto-social-de-chocolataria-para-maior-feira-de-confeitaria-do-pais\/#primaryimage\"},\"thumbnailUrl\":\"https:\/\/homolog.harald.com.br\/site-2026\/wp-content\/uploads\/2023\/04\/mara-cakes-fair-2022.jpg\",\"datePublished\":\"2023-04-24T19:11:27+00:00\",\"dateModified\":\"2023-06-26T18:40:30+00:00\",\"breadcrumb\":{\"@id\":\"https:\/\/homolog.harald.com.br\/site-2026\/blog\/harald-leva-alunos-do-projeto-social-de-chocolataria-para-maior-feira-de-confeitaria-do-pais\/#breadcrumb\"},\"inLanguage\":\"pt-BR\",\"potentialAction\":[{\"@type\":\"ReadAction\",\"target\":[\"https:\/\/homolog.harald.com.br\/site-2026\/blog\/harald-leva-alunos-do-projeto-social-de-chocolataria-para-maior-feira-de-confeitaria-do-pais\/\"]}]},{\"@type\":\"ImageObject\",\"inLanguage\":\"pt-BR\",\"@id\":\"https:\/\/homolog.harald.com.br\/site-2026\/blog\/harald-leva-alunos-do-projeto-social-de-chocolataria-para-maior-feira-de-confeitaria-do-pais\/#primaryimage\",\"url\":\"https:\/\/homolog.harald.com.br\/site-2026\/wp-content\/uploads\/2023\/04\/mara-cakes-fair-2022.jpg\",\"contentUrl\":\"https:\/\/homolog.harald.com.br\/site-2026\/wp-content\/uploads\/2023\/04\/mara-cakes-fair-2022.jpg\",\"width\":1203,\"height\":578},{\"@type\":\"BreadcrumbList\",\"@id\":\"https:\/\/homolog.harald.com.br\/site-2026\/blog\/harald-leva-alunos-do-projeto-social-de-chocolataria-para-maior-feira-de-confeitaria-do-pais\/#breadcrumb\",\"itemListElement\":[{\"@type\":\"ListItem\",\"position\":1,\"name\":\"In\u00edcio\",\"item\":\"https:\/\/homolog.harald.com.br\/site-2026\/\"},{\"@type\":\"ListItem\",\"position\":2,\"name\":\"Harald leva alunos do projeto social de chocolataria para maior feira de confeitaria do pa\u00eds\"}]},{\"@type\":\"WebSite\",\"@id\":\"https:\/\/homolog.harald.com.br\/site-2026\/#website\",\"url\":\"https:\/\/homolog.harald.com.br\/site-2026\/\",\"name\":\"Harald\",\"description\":\"Fazer melhor \u00e9 fazer com paix\u00e3o\",\"publisher\":{\"@id\":\"https:\/\/homolog.harald.com.br\/site-2026\/#organization\"},\"potentialAction\":[{\"@type\":\"SearchAction\",\"target\":{\"@type\":\"EntryPoint\",\"urlTemplate\":\"https:\/\/homolog.harald.com.br\/site-2026\/?s={search_term_string}\"},\"query-input\":{\"@type\":\"PropertyValueSpecification\",\"valueRequired\":true,\"valueName\":\"search_term_string\"}}],\"inLanguage\":\"pt-BR\"},{\"@type\":\"Organization\",\"@id\":\"https:\/\/homolog.harald.com.br\/site-2026\/#organization\",\"name\":\"Harald\",\"url\":\"https:\/\/homolog.harald.com.br\/site-2026\/\",\"logo\":{\"@type\":\"ImageObject\",\"inLanguage\":\"pt-BR\",\"@id\":\"https:\/\/homolog.harald.com.br\/site-2026\/#\/schema\/logo\/image\/\",\"url\":\"https:\/\/homolog.harald.com.br\/site-2026\/wp-content\/uploads\/2022\/09\/logo-harald-cmyk-ss.png\",\"contentUrl\":\"https:\/\/homolog.harald.com.br\/site-2026\/wp-content\/uploads\/2022\/09\/logo-harald-cmyk-ss.png\",\"width\":1948,\"height\":1051,\"caption\":\"Harald\"},\"image\":{\"@id\":\"https:\/\/homolog.harald.com.br\/site-2026\/#\/schema\/logo\/image\/\"},\"sameAs\":[\"https:\/\/www.facebook.com\/HaraldChocolates\/\",\"https:\/\/www.youtube.com\/user\/HaraldChocolates\"]},{\"@type\":\"Person\",\"@id\":\"https:\/\/homolog.harald.com.br\/site-2026\/#\/schema\/person\/37dcc072f872b17c519dd3097a7925e5\",\"name\":\"Bruna Teodoro\",\"image\":{\"@type\":\"ImageObject\",\"inLanguage\":\"pt-BR\",\"@id\":\"https:\/\/homolog.harald.com.br\/site-2026\/#\/schema\/person\/image\/\",\"url\":\"https:\/\/secure.gravatar.com\/avatar\/7da0050c7a3bd4d6df113dcfae1a5b72c8690bc5d4bb4fabab7e4d34d582ceea?s=96&d=mm&r=g\",\"contentUrl\":\"https:\/\/secure.gravatar.com\/avatar\/7da0050c7a3bd4d6df113dcfae1a5b72c8690bc5d4bb4fabab7e4d34d582ceea?s=96&d=mm&r=g\",\"caption\":\"Bruna Teodoro\"},\"url\":\"https:\/\/homolog.harald.com.br\/site-2026\/blog\/author\/bruna-teodoro\/\"}]}<\/script>\n<!-- \/ Yoast SEO plugin. -->","yoast_head_json":{"title":"Harald leva alunos do projeto social de chocolataria para maior feira de confeitaria do pa\u00eds - Harald","robots":{"index":"noindex","follow":"follow","max-snippet":"max-snippet:-1","max-image-preview":"max-image-preview:large","max-video-preview":"max-video-preview:-1"},"og_locale":"pt_BR","og_type":"article","og_title":"Harald leva alunos do projeto social de chocolataria para maior feira de confeitaria do pa\u00eds - Harald","og_description":"Harald leva alunos do projeto social de chocolataria para maior feira de confeitaria do pa\u00eds Alunos do Aldeia do Futuro estiveram na 3 \u00aa edi\u00e7\u00e3o da Mara Cakes Fair na S\u00e3o Paulo Expo S\u00e3o Paulo, abril de \u2014 A Harald, empresa l\u00edder em coberturas e refer\u00eancia em chocolate para o mercado especializado no Brasil, convidou Read more...","og_url":"https:\/\/homolog.harald.com.br\/site-2026\/blog\/harald-leva-alunos-do-projeto-social-de-chocolataria-para-maior-feira-de-confeitaria-do-pais\/","og_site_name":"Harald","article_publisher":"https:\/\/www.facebook.com\/HaraldChocolates\/","article_published_time":"2023-04-24T19:11:27+00:00","article_modified_time":"2023-06-26T18:40:30+00:00","og_image":[{"width":1203,"height":578,"url":"https:\/\/homolog.harald.com.br\/site-2026\/wp-content\/uploads\/2023\/04\/mara-cakes-fair-2022.jpg","type":"image\/jpeg"}],"author":"Bruna Teodoro","twitter_card":"summary_large_image","twitter_misc":{"Escrito por":"Bruna Teodoro","Est. tempo de leitura":"3 minutos"},"schema":{"@context":"https:\/\/schema.org","@graph":[{"@type":"Article","@id":"https:\/\/homolog.harald.com.br\/site-2026\/blog\/harald-leva-alunos-do-projeto-social-de-chocolataria-para-maior-feira-de-confeitaria-do-pais\/#article","isPartOf":{"@id":"https:\/\/homolog.harald.com.br\/site-2026\/blog\/harald-leva-alunos-do-projeto-social-de-chocolataria-para-maior-feira-de-confeitaria-do-pais\/"},"author":{"name":"Bruna Teodoro","@id":"https:\/\/homolog.harald.com.br\/site-2026\/#\/schema\/person\/37dcc072f872b17c519dd3097a7925e5"},"headline":"Harald leva alunos do projeto social de chocolataria para maior feira de confeitaria do pa\u00eds","datePublished":"2023-04-24T19:11:27+00:00","dateModified":"2023-06-26T18:40:30+00:00","mainEntityOfPage":{"@id":"https:\/\/homolog.harald.com.br\/site-2026\/blog\/harald-leva-alunos-do-projeto-social-de-chocolataria-para-maior-feira-de-confeitaria-do-pais\/"},"wordCount":567,"publisher":{"@id":"https:\/\/homolog.harald.com.br\/site-2026\/#organization"},"image":{"@id":"https:\/\/homolog.harald.com.br\/site-2026\/blog\/harald-leva-alunos-do-projeto-social-de-chocolataria-para-maior-feira-de-confeitaria-do-pais\/#primaryimage"},"thumbnailUrl":"https:\/\/homolog.harald.com.br\/site-2026\/wp-content\/uploads\/2023\/04\/mara-cakes-fair-2022.jpg","articleSection":["Not\u00edcias"],"inLanguage":"pt-BR"},{"@type":"WebPage","@id":"https:\/\/homolog.harald.com.br\/site-2026\/blog\/harald-leva-alunos-do-projeto-social-de-chocolataria-para-maior-feira-de-confeitaria-do-pais\/","url":"https:\/\/homolog.harald.com.br\/site-2026\/blog\/harald-leva-alunos-do-projeto-social-de-chocolataria-para-maior-feira-de-confeitaria-do-pais\/","name":"Harald leva alunos do projeto social de chocolataria para maior feira de confeitaria do pa\u00eds - Harald","isPartOf":{"@id":"https:\/\/homolog.harald.com.br\/site-2026\/#website"},"primaryImageOfPage":{"@id":"https:\/\/homolog.harald.com.br\/site-2026\/blog\/harald-leva-alunos-do-projeto-social-de-chocolataria-para-maior-feira-de-confeitaria-do-pais\/#primaryimage"},"image":{"@id":"https:\/\/homolog.harald.com.br\/site-2026\/blog\/harald-leva-alunos-do-projeto-social-de-chocolataria-para-maior-feira-de-confeitaria-do-pais\/#primaryimage"},"thumbnailUrl":"https:\/\/homolog.harald.com.br\/site-2026\/wp-content\/uploads\/2023\/04\/mara-cakes-fair-2022.jpg","datePublished":"2023-04-24T19:11:27+00:00","dateModified":"2023-06-26T18:40:30+00:00","breadcrumb":{"@id":"https:\/\/homolog.harald.com.br\/site-2026\/blog\/harald-leva-alunos-do-projeto-social-de-chocolataria-para-maior-feira-de-confeitaria-do-pais\/#breadcrumb"},"inLanguage":"pt-BR","potentialAction":[{"@type":"ReadAction","target":["https:\/\/homolog.harald.com.br\/site-2026\/blog\/harald-leva-alunos-do-projeto-social-de-chocolataria-para-maior-feira-de-confeitaria-do-pais\/"]}]},{"@type":"ImageObject","inLanguage":"pt-BR","@id":"https:\/\/homolog.harald.com.br\/site-2026\/blog\/harald-leva-alunos-do-projeto-social-de-chocolataria-para-maior-feira-de-confeitaria-do-pais\/#primaryimage","url":"https:\/\/homolog.harald.com.br\/site-2026\/wp-content\/uploads\/2023\/04\/mara-cakes-fair-2022.jpg","contentUrl":"https:\/\/homolog.harald.com.br\/site-2026\/wp-content\/uploads\/2023\/04\/mara-cakes-fair-2022.jpg","width":1203,"height":578},{"@type":"BreadcrumbList","@id":"https:\/\/homolog.harald.com.br\/site-2026\/blog\/harald-leva-alunos-do-projeto-social-de-chocolataria-para-maior-feira-de-confeitaria-do-pais\/#breadcrumb","itemListElement":[{"@type":"ListItem","position":1,"name":"In\u00edcio","item":"https:\/\/homolog.harald.com.br\/site-2026\/"},{"@type":"ListItem","position":2,"name":"Harald leva alunos do projeto social de chocolataria para maior feira de confeitaria do pa\u00eds"}]},{"@type":"WebSite","@id":"https:\/\/homolog.harald.com.br\/site-2026\/#website","url":"https:\/\/homolog.harald.com.br\/site-2026\/","name":"Harald","description":"Fazer melhor \u00e9 fazer com paix\u00e3o","publisher":{"@id":"https:\/\/homolog.harald.com.br\/site-2026\/#organization"},"potentialAction":[{"@type":"SearchAction","target":{"@type":"EntryPoint","urlTemplate":"https:\/\/homolog.harald.com.br\/site-2026\/?s={search_term_string}"},"query-input":{"@type":"PropertyValueSpecification","valueRequired":true,"valueName":"search_term_string"}}],"inLanguage":"pt-BR"},{"@type":"Organization","@id":"https:\/\/homolog.harald.com.br\/site-2026\/#organization","name":"Harald","url":"https:\/\/homolog.harald.com.br\/site-2026\/","logo":{"@type":"ImageObject","inLanguage":"pt-BR","@id":"https:\/\/homolog.harald.com.br\/site-2026\/#\/schema\/logo\/image\/","url":"https:\/\/homolog.harald.com.br\/site-2026\/wp-content\/uploads\/2022\/09\/logo-harald-cmyk-ss.png","contentUrl":"https:\/\/homolog.harald.com.br\/site-2026\/wp-content\/uploads\/2022\/09\/logo-harald-cmyk-ss.png","width":1948,"height":1051,"caption":"Harald"},"image":{"@id":"https:\/\/homolog.harald.com.br\/site-2026\/#\/schema\/logo\/image\/"},"sameAs":["https:\/\/www.facebook.com\/HaraldChocolates\/","https:\/\/www.youtube.com\/user\/HaraldChocolates"]},{"@type":"Person","@id":"https:\/\/homolog.harald.com.br\/site-2026\/#\/schema\/person\/37dcc072f872b17c519dd3097a7925e5","name":"Bruna Teodoro","image":{"@type":"ImageObject","inLanguage":"pt-BR","@id":"https:\/\/homolog.harald.com.br\/site-2026\/#\/schema\/person\/image\/","url":"https:\/\/secure.gravatar.com\/avatar\/7da0050c7a3bd4d6df113dcfae1a5b72c8690bc5d4bb4fabab7e4d34d582ceea?s=96&d=mm&r=g","contentUrl":"https:\/\/secure.gravatar.com\/avatar\/7da0050c7a3bd4d6df113dcfae1a5b72c8690bc5d4bb4fabab7e4d34d582ceea?s=96&d=mm&r=g","caption":"Bruna Teodoro"},"url":"https:\/\/homolog.harald.com.br\/site-2026\/blog\/author\/bruna-teodoro\/"}]}},"uagb_featured_image_src":{"full":["https:\/\/homolog.harald.com.br\/site-2026\/wp-content\/uploads\/2023\/04\/mara-cakes-fair-2022.jpg",1203,578,false],"thumbnail":["https:\/\/homolog.harald.com.br\/site-2026\/wp-content\/uploads\/2023\/04\/mara-cakes-fair-2022-150x150.jpg",150,150,true],"medium":["https:\/\/homolog.harald.com.br\/site-2026\/wp-content\/uploads\/2023\/04\/mara-cakes-fair-2022-300x144.jpg",300,144,true],"medium_large":["https:\/\/homolog.harald.com.br\/site-2026\/wp-content\/uploads\/2023\/04\/mara-cakes-fair-2022-768x369.jpg",768,369,true],"large":["https:\/\/homolog.harald.com.br\/site-2026\/wp-content\/uploads\/2023\/04\/mara-cakes-fair-2022-1024x492.jpg",1024,492,true],"1536x1536":["https:\/\/homolog.harald.com.br\/site-2026\/wp-content\/uploads\/2023\/04\/mara-cakes-fair-2022.jpg",1203,578,false],"2048x2048":["https:\/\/homolog.harald.com.br\/site-2026\/wp-content\/uploads\/2023\/04\/mara-cakes-fair-2022.jpg",1203,578,false],"full-width":["https:\/\/homolog.harald.com.br\/site-2026\/wp-content\/uploads\/2023\/04\/mara-cakes-fair-2022.jpg",1203,578,false],"gform-image-choice-sm":["https:\/\/homolog.harald.com.br\/site-2026\/wp-content\/uploads\/2023\/04\/mara-cakes-fair-2022.jpg",300,144,false],"gform-image-choice-md":["https:\/\/homolog.harald.com.br\/site-2026\/wp-content\/uploads\/2023\/04\/mara-cakes-fair-2022.jpg",400,192,false],"gform-image-choice-lg":["https:\/\/homolog.harald.com.br\/site-2026\/wp-content\/uploads\/2023\/04\/mara-cakes-fair-2022.jpg",600,288,false]},"uagb_author_info":{"display_name":"Bruna Teodoro","author_link":"https:\/\/homolog.harald.com.br\/site-2026\/blog\/author\/bruna-teodoro\/"},"uagb_comment_info":0,"uagb_excerpt":"Harald leva alunos do projeto social de chocolataria para maior feira de confeitaria do pa\u00eds Alunos do Aldeia do Futuro estiveram na 3 \u00aa edi\u00e7\u00e3o da Mara Cakes Fair na S\u00e3o Paulo Expo S\u00e3o Paulo, abril de \u2014 A Harald, empresa l\u00edder em coberturas e refer\u00eancia em chocolate para o mercado especializado no Brasil, convidou&hellip;","_links":{"self":[{"href":"https:\/\/homolog.harald.com.br\/site-2026\/wp-json\/wp\/v2\/posts\/89513","targetHints":{"allow":["GET"]}}],"collection":[{"href":"https:\/\/homolog.harald.com.br\/site-2026\/wp-json\/wp\/v2\/posts"}],"about":[{"href":"https:\/\/homolog.harald.com.br\/site-2026\/wp-json\/wp\/v2\/types\/post"}],"author":[{"embeddable":true,"href":"https:\/\/homolog.harald.com.br\/site-2026\/wp-json\/wp\/v2\/users\/11"}],"replies":[{"embeddable":true,"href":"https:\/\/homolog.harald.com.br\/site-2026\/wp-json\/wp\/v2\/comments?post=89513"}],"version-history":[{"count":1,"href":"https:\/\/homolog.harald.com.br\/site-2026\/wp-json\/wp\/v2\/posts\/89513\/revisions"}],"predecessor-version":[{"id":89517,"href":"https:\/\/homolog.harald.com.br\/site-2026\/wp-json\/wp\/v2\/posts\/89513\/revisions\/89517"}],"wp:featuredmedia":[{"embeddable":true,"href":"https:\/\/homolog.harald.com.br\/site-2026\/wp-json\/wp\/v2\/media\/89506"}],"wp:attachment":[{"href":"https:\/\/homolog.harald.com.br\/site-2026\/wp-json\/wp\/v2\/media?parent=89513"}],"wp:term":[{"taxonomy":"category","embeddable":true,"href":"https:\/\/homolog.harald.com.br\/site-2026\/wp-json\/wp\/v2\/categories?post=89513"},{"taxonomy":"post_tag","embeddable":true,"href":"https:\/\/homolog.harald.com.br\/site-2026\/wp-json\/wp\/v2\/tags?post=89513"},{"taxonomy":"para-seu-negocio","embeddable":true,"href":"https:\/\/homolog.harald.com.br\/site-2026\/wp-json\/wp\/v2\/para-seu-negocio?post=89513"}],"curies":[{"name":"wp","href":"https:\/\/api.w.org\/{rel}","templated":true}]}}