{"id":89504,"date":"2023-04-14T15:23:22","date_gmt":"2023-04-14T18:23:22","guid":{"rendered":"https:\/\/homolog.harald.com.br\/site-2026\/?p=89504"},"modified":"2023-04-28T16:15:12","modified_gmt":"2023-04-28T19:15:12","slug":"harald-chocolates-e-patrocinadora-master-da-3a-edicao-da-mara-cakes-fair","status":"publish","type":"post","link":"https:\/\/homolog.harald.com.br\/site-2026\/blog\/harald-chocolates-e-patrocinadora-master-da-3a-edicao-da-mara-cakes-fair\/","title":{"rendered":"Harald Chocolates \u00e9 patrocinadora master da 3\u00aa edi\u00e7\u00e3o da Mara Cakes Fair"},"content":{"rendered":"<h1 style=\"text-align: center;\">Harald Chocolates \u00e9 patrocinadora master da 3\u00aa edi\u00e7\u00e3o da Mara Cakes Fair<\/h1>\n<p>Evento que acontece em S\u00e3o Paulo, nos dias 14, 15 e 16 de abril ter\u00e1 aulas especiais com chefs da marca e ativa\u00e7\u00f5es para o p\u00fablico<br \/>\nS\u00e3o Paulo, abril de &#8212; A Harald, l\u00edder de chocolate e cobertura no mercado de confeitaria, \u00e9 a patrocinadora master da Mara Cakes Fair, maior evento voltado ao setor da confeitaria do Brasil. Com uma variedade de expositores, aulas shows e atra\u00e7\u00f5es para todos os p\u00fablicos, a 3\u00aa edi\u00e7\u00e3o do evento acontece na S\u00e3o Paulo Expo nos dias 14, 15 e 16 de abril, das 12h \u00e0s 20h.<\/p>\n<p>Na \u00e1rea de expositores, a Harald ter\u00e1 um stand de 70 m etros quadrados, onde os visitantes poder\u00e3o degustar produtos feitos com chocolates Harald e conhecer um pouco mais sobre o portf\u00f3lio da marca, al\u00e9m de poder participar de ativa\u00e7\u00f5es promocionais e com os chefs Rafael Barros, Vivian Feldman e Lucas Corazza.<\/p>\n<p>Para a gerente de marketing da Harald, Fernanda Sequetto, a Mara Cakes Fair est\u00e1 totalmente alinhada ao prop\u00f3sito da marca de estimular o empreendedorismo por meio da confeitaria. \u201cA Mara come\u00e7ou compartilhando um bolo de anivers\u00e1rio que fez nas redes sociais e hoje realiza um evento para milhares de empreendedores de todo o pa\u00eds, o que \u00e9 extremamente inspirador. O Mara Cakes Fair conta com a participa\u00e7\u00e3o de pessoas, sejam elas j\u00e1 profissionais ou iniciantes, que t\u00eam o sonho de mudar de vida por meio da confeitaria, como a Mara fez. Por isso, fazer parte de um espa\u00e7o de troca que ajuda a impulsionar o neg\u00f3cio dessa audi\u00eancia , nos deixa extremamente honrados e est\u00e1 diretamente alinhado com um dos principais valores da Harald, que \u00e9 o trabalho dedicado \u00e0s pessoas. Temos solu\u00e7\u00f5es para todo tipo de desafio neste segmento e um portf\u00f3lio completo para que todo preparo feito com chocolate tenha um resultado profissional\u201d, comenta Fernanda.<\/p>\n<p>Servi\u00e7o<\/p>\n<p>O que: Mara Cakes Fair<\/p>\n<p>Onde: 1,5, Rod. dos Imigrantes &#8211; Vila \u00c1gua Funda, S\u00e3o Paulo<\/p>\n<p>Quando: dias 14, 15 e 16 de abril<\/p>\n","protected":false},"excerpt":{"rendered":"<p>Harald Chocolates \u00e9 patrocinadora master da 3\u00aa edi\u00e7\u00e3o da Mara Cakes Fair Evento que acontece em S\u00e3o Paulo, nos dias 14, 15 e 16 de abril ter\u00e1 aulas especiais com chefs da marca e ativa\u00e7\u00f5es para o p\u00fablico S\u00e3o Paulo, abril de &#8212; A Harald, l\u00edder de chocolate e cobertura no mercado de confeitaria, \u00e9 <a class=\"more-link\" href=\"https:\/\/homolog.harald.com.br\/site-2026\/blog\/harald-chocolates-e-patrocinadora-master-da-3a-edicao-da-mara-cakes-fair\/\">Read more&#8230;<\/a><\/p>\n","protected":false},"author":11,"featured_media":89506,"comment_status":"closed","ping_status":"closed","sticky":false,"template":"","format":"standard","meta":{"_acf_changed":false,"_uag_custom_page_level_css":"","footnotes":""},"categories":[158],"tags":[],"para-seu-negocio":[],"class_list":["post-89504","post","type-post","status-publish","format-standard","has-post-thumbnail","hentry","category-noticias"],"acf":[],"yoast_head":"<!-- This site is optimized with the Yoast SEO plugin v26.3 - https:\/\/yoast.com\/wordpress\/plugins\/seo\/ -->\n<title>Harald Chocolates \u00e9 patrocinadora master da 3\u00aa edi\u00e7\u00e3o da Mara Cakes Fair - Harald<\/title>\n<meta name=\"robots\" content=\"noindex, follow, max-snippet:-1, max-image-preview:large, max-video-preview:-1\" \/>\n<meta property=\"og:locale\" content=\"pt_BR\" \/>\n<meta property=\"og:type\" content=\"article\" \/>\n<meta property=\"og:title\" content=\"Harald Chocolates \u00e9 patrocinadora master da 3\u00aa edi\u00e7\u00e3o da Mara Cakes Fair - Harald\" \/>\n<meta property=\"og:description\" content=\"Harald Chocolates \u00e9 patrocinadora master da 3\u00aa edi\u00e7\u00e3o da Mara Cakes Fair Evento que acontece em S\u00e3o Paulo, nos dias 14, 15 e 16 de abril ter\u00e1 aulas especiais com chefs da marca e ativa\u00e7\u00f5es para o p\u00fablico S\u00e3o Paulo, abril de &#8212; A Harald, l\u00edder de chocolate e cobertura no mercado de confeitaria, \u00e9 Read more...\" \/>\n<meta property=\"og:url\" content=\"https:\/\/homolog.harald.com.br\/site-2026\/blog\/harald-chocolates-e-patrocinadora-master-da-3a-edicao-da-mara-cakes-fair\/\" \/>\n<meta property=\"og:site_name\" content=\"Harald\" \/>\n<meta property=\"article:publisher\" content=\"https:\/\/www.facebook.com\/HaraldChocolates\/\" \/>\n<meta property=\"article:published_time\" content=\"2023-04-14T18:23:22+00:00\" \/>\n<meta property=\"article:modified_time\" content=\"2023-04-28T19:15:12+00:00\" \/>\n<meta property=\"og:image\" content=\"https:\/\/homolog.harald.com.br\/site-2026\/wp-content\/uploads\/2023\/04\/mara-cakes-fair-2022.jpg\" \/>\n\t<meta property=\"og:image:width\" content=\"1203\" \/>\n\t<meta property=\"og:image:height\" content=\"578\" \/>\n\t<meta property=\"og:image:type\" content=\"image\/jpeg\" \/>\n<meta name=\"author\" content=\"Bruna Teodoro\" \/>\n<meta name=\"twitter:card\" content=\"summary_large_image\" \/>\n<meta name=\"twitter:label1\" content=\"Escrito por\" \/>\n\t<meta name=\"twitter:data1\" content=\"Bruna Teodoro\" \/>\n\t<meta name=\"twitter:label2\" content=\"Est. tempo de leitura\" \/>\n\t<meta name=\"twitter:data2\" content=\"2 minutos\" \/>\n<script type=\"application\/ld+json\" class=\"yoast-schema-graph\">{\"@context\":\"https:\/\/schema.org\",\"@graph\":[{\"@type\":\"Article\",\"@id\":\"https:\/\/homolog.harald.com.br\/site-2026\/blog\/harald-chocolates-e-patrocinadora-master-da-3a-edicao-da-mara-cakes-fair\/#article\",\"isPartOf\":{\"@id\":\"https:\/\/homolog.harald.com.br\/site-2026\/blog\/harald-chocolates-e-patrocinadora-master-da-3a-edicao-da-mara-cakes-fair\/\"},\"author\":{\"name\":\"Bruna Teodoro\",\"@id\":\"https:\/\/homolog.harald.com.br\/site-2026\/#\/schema\/person\/37dcc072f872b17c519dd3097a7925e5\"},\"headline\":\"Harald Chocolates \u00e9 patrocinadora master da 3\u00aa edi\u00e7\u00e3o da Mara Cakes Fair\",\"datePublished\":\"2023-04-14T18:23:22+00:00\",\"dateModified\":\"2023-04-28T19:15:12+00:00\",\"mainEntityOfPage\":{\"@id\":\"https:\/\/homolog.harald.com.br\/site-2026\/blog\/harald-chocolates-e-patrocinadora-master-da-3a-edicao-da-mara-cakes-fair\/\"},\"wordCount\":360,\"publisher\":{\"@id\":\"https:\/\/homolog.harald.com.br\/site-2026\/#organization\"},\"image\":{\"@id\":\"https:\/\/homolog.harald.com.br\/site-2026\/blog\/harald-chocolates-e-patrocinadora-master-da-3a-edicao-da-mara-cakes-fair\/#primaryimage\"},\"thumbnailUrl\":\"https:\/\/homolog.harald.com.br\/site-2026\/wp-content\/uploads\/2023\/04\/mara-cakes-fair-2022.jpg\",\"articleSection\":[\"Not\u00edcias\"],\"inLanguage\":\"pt-BR\"},{\"@type\":\"WebPage\",\"@id\":\"https:\/\/homolog.harald.com.br\/site-2026\/blog\/harald-chocolates-e-patrocinadora-master-da-3a-edicao-da-mara-cakes-fair\/\",\"url\":\"https:\/\/homolog.harald.com.br\/site-2026\/blog\/harald-chocolates-e-patrocinadora-master-da-3a-edicao-da-mara-cakes-fair\/\",\"name\":\"Harald Chocolates \u00e9 patrocinadora master da 3\u00aa edi\u00e7\u00e3o da Mara Cakes Fair - Harald\",\"isPartOf\":{\"@id\":\"https:\/\/homolog.harald.com.br\/site-2026\/#website\"},\"primaryImageOfPage\":{\"@id\":\"https:\/\/homolog.harald.com.br\/site-2026\/blog\/harald-chocolates-e-patrocinadora-master-da-3a-edicao-da-mara-cakes-fair\/#primaryimage\"},\"image\":{\"@id\":\"https:\/\/homolog.harald.com.br\/site-2026\/blog\/harald-chocolates-e-patrocinadora-master-da-3a-edicao-da-mara-cakes-fair\/#primaryimage\"},\"thumbnailUrl\":\"https:\/\/homolog.harald.com.br\/site-2026\/wp-content\/uploads\/2023\/04\/mara-cakes-fair-2022.jpg\",\"datePublished\":\"2023-04-14T18:23:22+00:00\",\"dateModified\":\"2023-04-28T19:15:12+00:00\",\"breadcrumb\":{\"@id\":\"https:\/\/homolog.harald.com.br\/site-2026\/blog\/harald-chocolates-e-patrocinadora-master-da-3a-edicao-da-mara-cakes-fair\/#breadcrumb\"},\"inLanguage\":\"pt-BR\",\"potentialAction\":[{\"@type\":\"ReadAction\",\"target\":[\"https:\/\/homolog.harald.com.br\/site-2026\/blog\/harald-chocolates-e-patrocinadora-master-da-3a-edicao-da-mara-cakes-fair\/\"]}]},{\"@type\":\"ImageObject\",\"inLanguage\":\"pt-BR\",\"@id\":\"https:\/\/homolog.harald.com.br\/site-2026\/blog\/harald-chocolates-e-patrocinadora-master-da-3a-edicao-da-mara-cakes-fair\/#primaryimage\",\"url\":\"https:\/\/homolog.harald.com.br\/site-2026\/wp-content\/uploads\/2023\/04\/mara-cakes-fair-2022.jpg\",\"contentUrl\":\"https:\/\/homolog.harald.com.br\/site-2026\/wp-content\/uploads\/2023\/04\/mara-cakes-fair-2022.jpg\",\"width\":1203,\"height\":578},{\"@type\":\"BreadcrumbList\",\"@id\":\"https:\/\/homolog.harald.com.br\/site-2026\/blog\/harald-chocolates-e-patrocinadora-master-da-3a-edicao-da-mara-cakes-fair\/#breadcrumb\",\"itemListElement\":[{\"@type\":\"ListItem\",\"position\":1,\"name\":\"In\u00edcio\",\"item\":\"https:\/\/homolog.harald.com.br\/site-2026\/\"},{\"@type\":\"ListItem\",\"position\":2,\"name\":\"Harald Chocolates \u00e9 patrocinadora master da 3\u00aa edi\u00e7\u00e3o da Mara Cakes Fair\"}]},{\"@type\":\"WebSite\",\"@id\":\"https:\/\/homolog.harald.com.br\/site-2026\/#website\",\"url\":\"https:\/\/homolog.harald.com.br\/site-2026\/\",\"name\":\"Harald\",\"description\":\"Fazer melhor \u00e9 fazer com paix\u00e3o\",\"publisher\":{\"@id\":\"https:\/\/homolog.harald.com.br\/site-2026\/#organization\"},\"potentialAction\":[{\"@type\":\"SearchAction\",\"target\":{\"@type\":\"EntryPoint\",\"urlTemplate\":\"https:\/\/homolog.harald.com.br\/site-2026\/?s={search_term_string}\"},\"query-input\":{\"@type\":\"PropertyValueSpecification\",\"valueRequired\":true,\"valueName\":\"search_term_string\"}}],\"inLanguage\":\"pt-BR\"},{\"@type\":\"Organization\",\"@id\":\"https:\/\/homolog.harald.com.br\/site-2026\/#organization\",\"name\":\"Harald\",\"url\":\"https:\/\/homolog.harald.com.br\/site-2026\/\",\"logo\":{\"@type\":\"ImageObject\",\"inLanguage\":\"pt-BR\",\"@id\":\"https:\/\/homolog.harald.com.br\/site-2026\/#\/schema\/logo\/image\/\",\"url\":\"https:\/\/homolog.harald.com.br\/site-2026\/wp-content\/uploads\/2022\/09\/logo-harald-cmyk-ss.png\",\"contentUrl\":\"https:\/\/homolog.harald.com.br\/site-2026\/wp-content\/uploads\/2022\/09\/logo-harald-cmyk-ss.png\",\"width\":1948,\"height\":1051,\"caption\":\"Harald\"},\"image\":{\"@id\":\"https:\/\/homolog.harald.com.br\/site-2026\/#\/schema\/logo\/image\/\"},\"sameAs\":[\"https:\/\/www.facebook.com\/HaraldChocolates\/\",\"https:\/\/www.youtube.com\/user\/HaraldChocolates\"]},{\"@type\":\"Person\",\"@id\":\"https:\/\/homolog.harald.com.br\/site-2026\/#\/schema\/person\/37dcc072f872b17c519dd3097a7925e5\",\"name\":\"Bruna Teodoro\",\"image\":{\"@type\":\"ImageObject\",\"inLanguage\":\"pt-BR\",\"@id\":\"https:\/\/homolog.harald.com.br\/site-2026\/#\/schema\/person\/image\/\",\"url\":\"https:\/\/secure.gravatar.com\/avatar\/7da0050c7a3bd4d6df113dcfae1a5b72c8690bc5d4bb4fabab7e4d34d582ceea?s=96&d=mm&r=g\",\"contentUrl\":\"https:\/\/secure.gravatar.com\/avatar\/7da0050c7a3bd4d6df113dcfae1a5b72c8690bc5d4bb4fabab7e4d34d582ceea?s=96&d=mm&r=g\",\"caption\":\"Bruna Teodoro\"},\"url\":\"https:\/\/homolog.harald.com.br\/site-2026\/blog\/author\/bruna-teodoro\/\"}]}<\/script>\n<!-- \/ Yoast SEO plugin. -->","yoast_head_json":{"title":"Harald Chocolates \u00e9 patrocinadora master da 3\u00aa edi\u00e7\u00e3o da Mara Cakes Fair - Harald","robots":{"index":"noindex","follow":"follow","max-snippet":"max-snippet:-1","max-image-preview":"max-image-preview:large","max-video-preview":"max-video-preview:-1"},"og_locale":"pt_BR","og_type":"article","og_title":"Harald Chocolates \u00e9 patrocinadora master da 3\u00aa edi\u00e7\u00e3o da Mara Cakes Fair - Harald","og_description":"Harald Chocolates \u00e9 patrocinadora master da 3\u00aa edi\u00e7\u00e3o da Mara Cakes Fair Evento que acontece em S\u00e3o Paulo, nos dias 14, 15 e 16 de abril ter\u00e1 aulas especiais com chefs da marca e ativa\u00e7\u00f5es para o p\u00fablico S\u00e3o Paulo, abril de &#8212; A Harald, l\u00edder de chocolate e cobertura no mercado de confeitaria, \u00e9 Read more...","og_url":"https:\/\/homolog.harald.com.br\/site-2026\/blog\/harald-chocolates-e-patrocinadora-master-da-3a-edicao-da-mara-cakes-fair\/","og_site_name":"Harald","article_publisher":"https:\/\/www.facebook.com\/HaraldChocolates\/","article_published_time":"2023-04-14T18:23:22+00:00","article_modified_time":"2023-04-28T19:15:12+00:00","og_image":[{"width":1203,"height":578,"url":"https:\/\/homolog.harald.com.br\/site-2026\/wp-content\/uploads\/2023\/04\/mara-cakes-fair-2022.jpg","type":"image\/jpeg"}],"author":"Bruna Teodoro","twitter_card":"summary_large_image","twitter_misc":{"Escrito por":"Bruna Teodoro","Est. tempo de leitura":"2 minutos"},"schema":{"@context":"https:\/\/schema.org","@graph":[{"@type":"Article","@id":"https:\/\/homolog.harald.com.br\/site-2026\/blog\/harald-chocolates-e-patrocinadora-master-da-3a-edicao-da-mara-cakes-fair\/#article","isPartOf":{"@id":"https:\/\/homolog.harald.com.br\/site-2026\/blog\/harald-chocolates-e-patrocinadora-master-da-3a-edicao-da-mara-cakes-fair\/"},"author":{"name":"Bruna Teodoro","@id":"https:\/\/homolog.harald.com.br\/site-2026\/#\/schema\/person\/37dcc072f872b17c519dd3097a7925e5"},"headline":"Harald Chocolates \u00e9 patrocinadora master da 3\u00aa edi\u00e7\u00e3o da Mara Cakes Fair","datePublished":"2023-04-14T18:23:22+00:00","dateModified":"2023-04-28T19:15:12+00:00","mainEntityOfPage":{"@id":"https:\/\/homolog.harald.com.br\/site-2026\/blog\/harald-chocolates-e-patrocinadora-master-da-3a-edicao-da-mara-cakes-fair\/"},"wordCount":360,"publisher":{"@id":"https:\/\/homolog.harald.com.br\/site-2026\/#organization"},"image":{"@id":"https:\/\/homolog.harald.com.br\/site-2026\/blog\/harald-chocolates-e-patrocinadora-master-da-3a-edicao-da-mara-cakes-fair\/#primaryimage"},"thumbnailUrl":"https:\/\/homolog.harald.com.br\/site-2026\/wp-content\/uploads\/2023\/04\/mara-cakes-fair-2022.jpg","articleSection":["Not\u00edcias"],"inLanguage":"pt-BR"},{"@type":"WebPage","@id":"https:\/\/homolog.harald.com.br\/site-2026\/blog\/harald-chocolates-e-patrocinadora-master-da-3a-edicao-da-mara-cakes-fair\/","url":"https:\/\/homolog.harald.com.br\/site-2026\/blog\/harald-chocolates-e-patrocinadora-master-da-3a-edicao-da-mara-cakes-fair\/","name":"Harald Chocolates \u00e9 patrocinadora master da 3\u00aa edi\u00e7\u00e3o da Mara Cakes Fair - Harald","isPartOf":{"@id":"https:\/\/homolog.harald.com.br\/site-2026\/#website"},"primaryImageOfPage":{"@id":"https:\/\/homolog.harald.com.br\/site-2026\/blog\/harald-chocolates-e-patrocinadora-master-da-3a-edicao-da-mara-cakes-fair\/#primaryimage"},"image":{"@id":"https:\/\/homolog.harald.com.br\/site-2026\/blog\/harald-chocolates-e-patrocinadora-master-da-3a-edicao-da-mara-cakes-fair\/#primaryimage"},"thumbnailUrl":"https:\/\/homolog.harald.com.br\/site-2026\/wp-content\/uploads\/2023\/04\/mara-cakes-fair-2022.jpg","datePublished":"2023-04-14T18:23:22+00:00","dateModified":"2023-04-28T19:15:12+00:00","breadcrumb":{"@id":"https:\/\/homolog.harald.com.br\/site-2026\/blog\/harald-chocolates-e-patrocinadora-master-da-3a-edicao-da-mara-cakes-fair\/#breadcrumb"},"inLanguage":"pt-BR","potentialAction":[{"@type":"ReadAction","target":["https:\/\/homolog.harald.com.br\/site-2026\/blog\/harald-chocolates-e-patrocinadora-master-da-3a-edicao-da-mara-cakes-fair\/"]}]},{"@type":"ImageObject","inLanguage":"pt-BR","@id":"https:\/\/homolog.harald.com.br\/site-2026\/blog\/harald-chocolates-e-patrocinadora-master-da-3a-edicao-da-mara-cakes-fair\/#primaryimage","url":"https:\/\/homolog.harald.com.br\/site-2026\/wp-content\/uploads\/2023\/04\/mara-cakes-fair-2022.jpg","contentUrl":"https:\/\/homolog.harald.com.br\/site-2026\/wp-content\/uploads\/2023\/04\/mara-cakes-fair-2022.jpg","width":1203,"height":578},{"@type":"BreadcrumbList","@id":"https:\/\/homolog.harald.com.br\/site-2026\/blog\/harald-chocolates-e-patrocinadora-master-da-3a-edicao-da-mara-cakes-fair\/#breadcrumb","itemListElement":[{"@type":"ListItem","position":1,"name":"In\u00edcio","item":"https:\/\/homolog.harald.com.br\/site-2026\/"},{"@type":"ListItem","position":2,"name":"Harald Chocolates \u00e9 patrocinadora master da 3\u00aa edi\u00e7\u00e3o da Mara Cakes Fair"}]},{"@type":"WebSite","@id":"https:\/\/homolog.harald.com.br\/site-2026\/#website","url":"https:\/\/homolog.harald.com.br\/site-2026\/","name":"Harald","description":"Fazer melhor \u00e9 fazer com paix\u00e3o","publisher":{"@id":"https:\/\/homolog.harald.com.br\/site-2026\/#organization"},"potentialAction":[{"@type":"SearchAction","target":{"@type":"EntryPoint","urlTemplate":"https:\/\/homolog.harald.com.br\/site-2026\/?s={search_term_string}"},"query-input":{"@type":"PropertyValueSpecification","valueRequired":true,"valueName":"search_term_string"}}],"inLanguage":"pt-BR"},{"@type":"Organization","@id":"https:\/\/homolog.harald.com.br\/site-2026\/#organization","name":"Harald","url":"https:\/\/homolog.harald.com.br\/site-2026\/","logo":{"@type":"ImageObject","inLanguage":"pt-BR","@id":"https:\/\/homolog.harald.com.br\/site-2026\/#\/schema\/logo\/image\/","url":"https:\/\/homolog.harald.com.br\/site-2026\/wp-content\/uploads\/2022\/09\/logo-harald-cmyk-ss.png","contentUrl":"https:\/\/homolog.harald.com.br\/site-2026\/wp-content\/uploads\/2022\/09\/logo-harald-cmyk-ss.png","width":1948,"height":1051,"caption":"Harald"},"image":{"@id":"https:\/\/homolog.harald.com.br\/site-2026\/#\/schema\/logo\/image\/"},"sameAs":["https:\/\/www.facebook.com\/HaraldChocolates\/","https:\/\/www.youtube.com\/user\/HaraldChocolates"]},{"@type":"Person","@id":"https:\/\/homolog.harald.com.br\/site-2026\/#\/schema\/person\/37dcc072f872b17c519dd3097a7925e5","name":"Bruna Teodoro","image":{"@type":"ImageObject","inLanguage":"pt-BR","@id":"https:\/\/homolog.harald.com.br\/site-2026\/#\/schema\/person\/image\/","url":"https:\/\/secure.gravatar.com\/avatar\/7da0050c7a3bd4d6df113dcfae1a5b72c8690bc5d4bb4fabab7e4d34d582ceea?s=96&d=mm&r=g","contentUrl":"https:\/\/secure.gravatar.com\/avatar\/7da0050c7a3bd4d6df113dcfae1a5b72c8690bc5d4bb4fabab7e4d34d582ceea?s=96&d=mm&r=g","caption":"Bruna Teodoro"},"url":"https:\/\/homolog.harald.com.br\/site-2026\/blog\/author\/bruna-teodoro\/"}]}},"uagb_featured_image_src":{"full":["https:\/\/homolog.harald.com.br\/site-2026\/wp-content\/uploads\/2023\/04\/mara-cakes-fair-2022.jpg",1203,578,false],"thumbnail":["https:\/\/homolog.harald.com.br\/site-2026\/wp-content\/uploads\/2023\/04\/mara-cakes-fair-2022-150x150.jpg",150,150,true],"medium":["https:\/\/homolog.harald.com.br\/site-2026\/wp-content\/uploads\/2023\/04\/mara-cakes-fair-2022-300x144.jpg",300,144,true],"medium_large":["https:\/\/homolog.harald.com.br\/site-2026\/wp-content\/uploads\/2023\/04\/mara-cakes-fair-2022-768x369.jpg",768,369,true],"large":["https:\/\/homolog.harald.com.br\/site-2026\/wp-content\/uploads\/2023\/04\/mara-cakes-fair-2022-1024x492.jpg",1024,492,true],"1536x1536":["https:\/\/homolog.harald.com.br\/site-2026\/wp-content\/uploads\/2023\/04\/mara-cakes-fair-2022.jpg",1203,578,false],"2048x2048":["https:\/\/homolog.harald.com.br\/site-2026\/wp-content\/uploads\/2023\/04\/mara-cakes-fair-2022.jpg",1203,578,false],"full-width":["https:\/\/homolog.harald.com.br\/site-2026\/wp-content\/uploads\/2023\/04\/mara-cakes-fair-2022.jpg",1203,578,false],"gform-image-choice-sm":["https:\/\/homolog.harald.com.br\/site-2026\/wp-content\/uploads\/2023\/04\/mara-cakes-fair-2022.jpg",300,144,false],"gform-image-choice-md":["https:\/\/homolog.harald.com.br\/site-2026\/wp-content\/uploads\/2023\/04\/mara-cakes-fair-2022.jpg",400,192,false],"gform-image-choice-lg":["https:\/\/homolog.harald.com.br\/site-2026\/wp-content\/uploads\/2023\/04\/mara-cakes-fair-2022.jpg",600,288,false]},"uagb_author_info":{"display_name":"Bruna Teodoro","author_link":"https:\/\/homolog.harald.com.br\/site-2026\/blog\/author\/bruna-teodoro\/"},"uagb_comment_info":0,"uagb_excerpt":"Harald Chocolates \u00e9 patrocinadora master da 3\u00aa edi\u00e7\u00e3o da Mara Cakes Fair Evento que acontece em S\u00e3o Paulo, nos dias 14, 15 e 16 de abril ter\u00e1 aulas especiais com chefs da marca e ativa\u00e7\u00f5es para o p\u00fablico S\u00e3o Paulo, abril de &#8212; A Harald, l\u00edder de chocolate e cobertura no mercado de confeitaria, \u00e9&hellip;","_links":{"self":[{"href":"https:\/\/homolog.harald.com.br\/site-2026\/wp-json\/wp\/v2\/posts\/89504","targetHints":{"allow":["GET"]}}],"collection":[{"href":"https:\/\/homolog.harald.com.br\/site-2026\/wp-json\/wp\/v2\/posts"}],"about":[{"href":"https:\/\/homolog.harald.com.br\/site-2026\/wp-json\/wp\/v2\/types\/post"}],"author":[{"embeddable":true,"href":"https:\/\/homolog.harald.com.br\/site-2026\/wp-json\/wp\/v2\/users\/11"}],"replies":[{"embeddable":true,"href":"https:\/\/homolog.harald.com.br\/site-2026\/wp-json\/wp\/v2\/comments?post=89504"}],"version-history":[{"count":1,"href":"https:\/\/homolog.harald.com.br\/site-2026\/wp-json\/wp\/v2\/posts\/89504\/revisions"}],"predecessor-version":[{"id":89509,"href":"https:\/\/homolog.harald.com.br\/site-2026\/wp-json\/wp\/v2\/posts\/89504\/revisions\/89509"}],"wp:featuredmedia":[{"embeddable":true,"href":"https:\/\/homolog.harald.com.br\/site-2026\/wp-json\/wp\/v2\/media\/89506"}],"wp:attachment":[{"href":"https:\/\/homolog.harald.com.br\/site-2026\/wp-json\/wp\/v2\/media?parent=89504"}],"wp:term":[{"taxonomy":"category","embeddable":true,"href":"https:\/\/homolog.harald.com.br\/site-2026\/wp-json\/wp\/v2\/categories?post=89504"},{"taxonomy":"post_tag","embeddable":true,"href":"https:\/\/homolog.harald.com.br\/site-2026\/wp-json\/wp\/v2\/tags?post=89504"},{"taxonomy":"para-seu-negocio","embeddable":true,"href":"https:\/\/homolog.harald.com.br\/site-2026\/wp-json\/wp\/v2\/para-seu-negocio?post=89504"}],"curies":[{"name":"wp","href":"https:\/\/api.w.org\/{rel}","templated":true}]}}