{"id":89492,"date":"2023-04-04T15:14:03","date_gmt":"2023-04-04T18:14:03","guid":{"rendered":"https:\/\/homolog.harald.com.br\/site-2026\/?p=89492"},"modified":"2023-04-28T16:14:13","modified_gmt":"2023-04-28T19:14:13","slug":"pascoa-2023-harald-quer-levar-o-mundo-das-confeitarias-para-dentro-de-casa-fernanda-sequetto","status":"publish","type":"post","link":"https:\/\/homolog.harald.com.br\/site-2026\/blog\/pascoa-2023-harald-quer-levar-o-mundo-das-confeitarias-para-dentro-de-casa-fernanda-sequetto\/","title":{"rendered":"P\u00e1scoa 2023 \u2013 \u201cHarald quer levar o mundo das confeitarias para dentro de casa\u201d, Fernanda Sequetto"},"content":{"rendered":"<h1 style=\"text-align: center;\">P\u00e1scoa 2023 \u2013 \u201cHarald quer levar o mundo das confeitarias para dentro de casa\u201d, Fernanda Sequetto<\/h1>\n<p>A Harald\u00a0tem 40 anos de hist\u00f3ria no mercado, \u00e9 uma das maiores empresas de chocolate e cobertura de confeitaria.<\/p>\n<p>A marca nasceu para ajudar os confeiteiros a transformar os chocolates em produtos como Ovos de P\u00e1scoa, doces tortas e bolos.<\/p>\n<p>A Harald\u00a0tem duas f\u00e1bricas, sendo uma rec\u00e9m inaugurada em Santana do Parna\u00edba \u2013 SP. Tem um portf\u00f3lio amplo, com tr\u00eas grandes marcas: Unique, Melken e TOP.<\/p>\n<p>Em 2022, a Harald faturou R\uff04 1.5 bilh\u00e3o e tem expectativa de crescimento de 10% em 2023. O valor representa 7% do faturamento global do Grupo Fuji Oil, conglomerado detentor da empresa brasileira de chocolates, e posiciona o Brasil como um pa\u00eds de destaque nos neg\u00f3cios da gigante japonesa.<\/p>\n<p>Com o mercado bastante aquecido, a P\u00e1scoa, principal data do ano para a marca, deve impulsionar ainda mais esse crescimento. Em 2023, a expectativa \u00e9 de aumento de 50%, alcan\u00e7ando R\uff04750 milh\u00f5es de reais.<\/p>\n<p>Campanha de P\u00e1scoa<\/p>\n<p>O per\u00edodo da P\u00e1scoa conta com uma s\u00e9rie de a\u00e7\u00f5es em m\u00eddia, levando a marca Harald para TV aberta em \u00e2mbito nacional. Com o mote \u201cHarald\u00a0\u00e9 Profissional\u201d, a comunica\u00e7\u00e3o conta com merchandising em programas relevantes e que conversam com o p\u00fablico-alvo da marca, al\u00e9m de um filme.<\/p>\n<p>Tamb\u00e9m haver\u00e1 refor\u00e7os nos pontos de venda, ampliando a penetra\u00e7\u00e3o da marca em redes de supermercados como P\u00e3o de A\u00e7\u00facar, Carrefour e Dia%. A expectativa \u00e9 que este novo canal possa representar entre 3% a 5% das vendas totais da Harald em cinco anos.<\/p>\n<p>Combina\u00e7\u00e3o de Capacita\u00e7\u00e3o com Responsabilidade Social na P\u00e1scoa<\/p>\n<p>A Harald\u00a0desenvolve projetos sociais para aumentar o impacto positivo na sociedade, na melhoria das comunidades e das pessoas em situa\u00e7\u00e3o de vulnerabilidade social por meio da transforma\u00e7\u00e3o do chocolate.<\/p>\n<p>Apoiando 10 institui\u00e7\u00f5es, a companhia tamb\u00e9m entende que o chocolate \u00e9 uma fonte de renda, e por isso, realiza treinamentos gratuitos em chocolataria para a capacita\u00e7\u00e3o de novos profissionais, tendo como foco pessoas em situa\u00e7\u00e3o de vulnerabilidade social.<\/p>\n<p>Com um alto investimento anual para a realiza\u00e7\u00e3o destas aulas, que s\u00e3o realizadas majoritariamente em lojas especializadas, a Harald\u00a0conta com um corpo docente de 45 t\u00e9cnicos culinaristas, muitos dos quais s\u00e3o formados pelo pr\u00f3prio programa de capacita\u00e7\u00e3o da empresa.<\/p>\n<p>Confira entrevista com Fernanda Sequetto, head de marketing da Harald.<\/p>\n","protected":false},"excerpt":{"rendered":"<p>P\u00e1scoa 2023 \u2013 \u201cHarald quer levar o mundo das confeitarias para dentro de casa\u201d, Fernanda Sequetto A Harald\u00a0tem 40 anos de hist\u00f3ria no mercado, \u00e9 uma das maiores empresas de chocolate e cobertura de confeitaria. A marca nasceu para ajudar os confeiteiros a transformar os chocolates em produtos como Ovos de P\u00e1scoa, doces tortas e <a class=\"more-link\" href=\"https:\/\/homolog.harald.com.br\/site-2026\/blog\/pascoa-2023-harald-quer-levar-o-mundo-das-confeitarias-para-dentro-de-casa-fernanda-sequetto\/\">Read more&#8230;<\/a><\/p>\n","protected":false},"author":11,"featured_media":89494,"comment_status":"closed","ping_status":"closed","sticky":false,"template":"","format":"standard","meta":{"_acf_changed":false,"_uag_custom_page_level_css":"","footnotes":""},"categories":[158],"tags":[],"para-seu-negocio":[],"class_list":["post-89492","post","type-post","status-publish","format-standard","has-post-thumbnail","hentry","category-noticias"],"acf":[],"yoast_head":"<!-- This site is optimized with the Yoast SEO plugin v26.3 - https:\/\/yoast.com\/wordpress\/plugins\/seo\/ -->\n<title>P\u00e1scoa 2023 \u2013 \u201cHarald quer levar o mundo das confeitarias para dentro de casa\u201d, Fernanda Sequetto - Harald<\/title>\n<meta name=\"robots\" content=\"noindex, follow, max-snippet:-1, max-image-preview:large, max-video-preview:-1\" \/>\n<meta property=\"og:locale\" content=\"pt_BR\" \/>\n<meta property=\"og:type\" content=\"article\" \/>\n<meta property=\"og:title\" content=\"P\u00e1scoa 2023 \u2013 \u201cHarald quer levar o mundo das confeitarias para dentro de casa\u201d, Fernanda Sequetto - Harald\" \/>\n<meta property=\"og:description\" content=\"P\u00e1scoa 2023 \u2013 \u201cHarald quer levar o mundo das confeitarias para dentro de casa\u201d, Fernanda Sequetto A Harald\u00a0tem 40 anos de hist\u00f3ria no mercado, \u00e9 uma das maiores empresas de chocolate e cobertura de confeitaria. A marca nasceu para ajudar os confeiteiros a transformar os chocolates em produtos como Ovos de P\u00e1scoa, doces tortas e Read more...\" \/>\n<meta property=\"og:url\" content=\"https:\/\/homolog.harald.com.br\/site-2026\/blog\/pascoa-2023-harald-quer-levar-o-mundo-das-confeitarias-para-dentro-de-casa-fernanda-sequetto\/\" \/>\n<meta property=\"og:site_name\" content=\"Harald\" \/>\n<meta property=\"article:publisher\" content=\"https:\/\/www.facebook.com\/HaraldChocolates\/\" \/>\n<meta property=\"article:published_time\" content=\"2023-04-04T18:14:03+00:00\" \/>\n<meta property=\"article:modified_time\" content=\"2023-04-28T19:14:13+00:00\" \/>\n<meta property=\"og:image\" content=\"https:\/\/homolog.harald.com.br\/site-2026\/wp-content\/uploads\/2023\/04\/atual-4-1024x576-1.png\" \/>\n\t<meta property=\"og:image:width\" content=\"1024\" \/>\n\t<meta property=\"og:image:height\" content=\"576\" \/>\n\t<meta property=\"og:image:type\" content=\"image\/png\" \/>\n<meta name=\"author\" content=\"Bruna Teodoro\" \/>\n<meta name=\"twitter:card\" content=\"summary_large_image\" \/>\n<meta name=\"twitter:label1\" content=\"Escrito por\" \/>\n\t<meta name=\"twitter:data1\" content=\"Bruna Teodoro\" \/>\n\t<meta name=\"twitter:label2\" content=\"Est. tempo de leitura\" \/>\n\t<meta name=\"twitter:data2\" content=\"3 minutos\" \/>\n<script type=\"application\/ld+json\" class=\"yoast-schema-graph\">{\"@context\":\"https:\/\/schema.org\",\"@graph\":[{\"@type\":\"Article\",\"@id\":\"https:\/\/homolog.harald.com.br\/site-2026\/blog\/pascoa-2023-harald-quer-levar-o-mundo-das-confeitarias-para-dentro-de-casa-fernanda-sequetto\/#article\",\"isPartOf\":{\"@id\":\"https:\/\/homolog.harald.com.br\/site-2026\/blog\/pascoa-2023-harald-quer-levar-o-mundo-das-confeitarias-para-dentro-de-casa-fernanda-sequetto\/\"},\"author\":{\"name\":\"Bruna Teodoro\",\"@id\":\"https:\/\/homolog.harald.com.br\/site-2026\/#\/schema\/person\/37dcc072f872b17c519dd3097a7925e5\"},\"headline\":\"P\u00e1scoa 2023 \u2013 \u201cHarald quer levar o mundo das confeitarias para dentro de casa\u201d, Fernanda Sequetto\",\"datePublished\":\"2023-04-04T18:14:03+00:00\",\"dateModified\":\"2023-04-28T19:14:13+00:00\",\"mainEntityOfPage\":{\"@id\":\"https:\/\/homolog.harald.com.br\/site-2026\/blog\/pascoa-2023-harald-quer-levar-o-mundo-das-confeitarias-para-dentro-de-casa-fernanda-sequetto\/\"},\"wordCount\":426,\"publisher\":{\"@id\":\"https:\/\/homolog.harald.com.br\/site-2026\/#organization\"},\"image\":{\"@id\":\"https:\/\/homolog.harald.com.br\/site-2026\/blog\/pascoa-2023-harald-quer-levar-o-mundo-das-confeitarias-para-dentro-de-casa-fernanda-sequetto\/#primaryimage\"},\"thumbnailUrl\":\"https:\/\/homolog.harald.com.br\/site-2026\/wp-content\/uploads\/2023\/04\/atual-4-1024x576-1.png\",\"articleSection\":[\"Not\u00edcias\"],\"inLanguage\":\"pt-BR\"},{\"@type\":\"WebPage\",\"@id\":\"https:\/\/homolog.harald.com.br\/site-2026\/blog\/pascoa-2023-harald-quer-levar-o-mundo-das-confeitarias-para-dentro-de-casa-fernanda-sequetto\/\",\"url\":\"https:\/\/homolog.harald.com.br\/site-2026\/blog\/pascoa-2023-harald-quer-levar-o-mundo-das-confeitarias-para-dentro-de-casa-fernanda-sequetto\/\",\"name\":\"P\u00e1scoa 2023 \u2013 \u201cHarald quer levar o mundo das confeitarias para dentro de casa\u201d, Fernanda Sequetto - Harald\",\"isPartOf\":{\"@id\":\"https:\/\/homolog.harald.com.br\/site-2026\/#website\"},\"primaryImageOfPage\":{\"@id\":\"https:\/\/homolog.harald.com.br\/site-2026\/blog\/pascoa-2023-harald-quer-levar-o-mundo-das-confeitarias-para-dentro-de-casa-fernanda-sequetto\/#primaryimage\"},\"image\":{\"@id\":\"https:\/\/homolog.harald.com.br\/site-2026\/blog\/pascoa-2023-harald-quer-levar-o-mundo-das-confeitarias-para-dentro-de-casa-fernanda-sequetto\/#primaryimage\"},\"thumbnailUrl\":\"https:\/\/homolog.harald.com.br\/site-2026\/wp-content\/uploads\/2023\/04\/atual-4-1024x576-1.png\",\"datePublished\":\"2023-04-04T18:14:03+00:00\",\"dateModified\":\"2023-04-28T19:14:13+00:00\",\"breadcrumb\":{\"@id\":\"https:\/\/homolog.harald.com.br\/site-2026\/blog\/pascoa-2023-harald-quer-levar-o-mundo-das-confeitarias-para-dentro-de-casa-fernanda-sequetto\/#breadcrumb\"},\"inLanguage\":\"pt-BR\",\"potentialAction\":[{\"@type\":\"ReadAction\",\"target\":[\"https:\/\/homolog.harald.com.br\/site-2026\/blog\/pascoa-2023-harald-quer-levar-o-mundo-das-confeitarias-para-dentro-de-casa-fernanda-sequetto\/\"]}]},{\"@type\":\"ImageObject\",\"inLanguage\":\"pt-BR\",\"@id\":\"https:\/\/homolog.harald.com.br\/site-2026\/blog\/pascoa-2023-harald-quer-levar-o-mundo-das-confeitarias-para-dentro-de-casa-fernanda-sequetto\/#primaryimage\",\"url\":\"https:\/\/homolog.harald.com.br\/site-2026\/wp-content\/uploads\/2023\/04\/atual-4-1024x576-1.png\",\"contentUrl\":\"https:\/\/homolog.harald.com.br\/site-2026\/wp-content\/uploads\/2023\/04\/atual-4-1024x576-1.png\",\"width\":1024,\"height\":576},{\"@type\":\"BreadcrumbList\",\"@id\":\"https:\/\/homolog.harald.com.br\/site-2026\/blog\/pascoa-2023-harald-quer-levar-o-mundo-das-confeitarias-para-dentro-de-casa-fernanda-sequetto\/#breadcrumb\",\"itemListElement\":[{\"@type\":\"ListItem\",\"position\":1,\"name\":\"In\u00edcio\",\"item\":\"https:\/\/homolog.harald.com.br\/site-2026\/\"},{\"@type\":\"ListItem\",\"position\":2,\"name\":\"P\u00e1scoa 2023 \u2013 \u201cHarald quer levar o mundo das confeitarias para dentro de casa\u201d, Fernanda Sequetto\"}]},{\"@type\":\"WebSite\",\"@id\":\"https:\/\/homolog.harald.com.br\/site-2026\/#website\",\"url\":\"https:\/\/homolog.harald.com.br\/site-2026\/\",\"name\":\"Harald\",\"description\":\"Fazer melhor \u00e9 fazer com paix\u00e3o\",\"publisher\":{\"@id\":\"https:\/\/homolog.harald.com.br\/site-2026\/#organization\"},\"potentialAction\":[{\"@type\":\"SearchAction\",\"target\":{\"@type\":\"EntryPoint\",\"urlTemplate\":\"https:\/\/homolog.harald.com.br\/site-2026\/?s={search_term_string}\"},\"query-input\":{\"@type\":\"PropertyValueSpecification\",\"valueRequired\":true,\"valueName\":\"search_term_string\"}}],\"inLanguage\":\"pt-BR\"},{\"@type\":\"Organization\",\"@id\":\"https:\/\/homolog.harald.com.br\/site-2026\/#organization\",\"name\":\"Harald\",\"url\":\"https:\/\/homolog.harald.com.br\/site-2026\/\",\"logo\":{\"@type\":\"ImageObject\",\"inLanguage\":\"pt-BR\",\"@id\":\"https:\/\/homolog.harald.com.br\/site-2026\/#\/schema\/logo\/image\/\",\"url\":\"https:\/\/homolog.harald.com.br\/site-2026\/wp-content\/uploads\/2022\/09\/logo-harald-cmyk-ss.png\",\"contentUrl\":\"https:\/\/homolog.harald.com.br\/site-2026\/wp-content\/uploads\/2022\/09\/logo-harald-cmyk-ss.png\",\"width\":1948,\"height\":1051,\"caption\":\"Harald\"},\"image\":{\"@id\":\"https:\/\/homolog.harald.com.br\/site-2026\/#\/schema\/logo\/image\/\"},\"sameAs\":[\"https:\/\/www.facebook.com\/HaraldChocolates\/\",\"https:\/\/www.youtube.com\/user\/HaraldChocolates\"]},{\"@type\":\"Person\",\"@id\":\"https:\/\/homolog.harald.com.br\/site-2026\/#\/schema\/person\/37dcc072f872b17c519dd3097a7925e5\",\"name\":\"Bruna Teodoro\",\"image\":{\"@type\":\"ImageObject\",\"inLanguage\":\"pt-BR\",\"@id\":\"https:\/\/homolog.harald.com.br\/site-2026\/#\/schema\/person\/image\/\",\"url\":\"https:\/\/secure.gravatar.com\/avatar\/7da0050c7a3bd4d6df113dcfae1a5b72c8690bc5d4bb4fabab7e4d34d582ceea?s=96&d=mm&r=g\",\"contentUrl\":\"https:\/\/secure.gravatar.com\/avatar\/7da0050c7a3bd4d6df113dcfae1a5b72c8690bc5d4bb4fabab7e4d34d582ceea?s=96&d=mm&r=g\",\"caption\":\"Bruna Teodoro\"},\"url\":\"https:\/\/homolog.harald.com.br\/site-2026\/blog\/author\/bruna-teodoro\/\"}]}<\/script>\n<!-- \/ Yoast SEO plugin. -->","yoast_head_json":{"title":"P\u00e1scoa 2023 \u2013 \u201cHarald quer levar o mundo das confeitarias para dentro de casa\u201d, Fernanda Sequetto - Harald","robots":{"index":"noindex","follow":"follow","max-snippet":"max-snippet:-1","max-image-preview":"max-image-preview:large","max-video-preview":"max-video-preview:-1"},"og_locale":"pt_BR","og_type":"article","og_title":"P\u00e1scoa 2023 \u2013 \u201cHarald quer levar o mundo das confeitarias para dentro de casa\u201d, Fernanda Sequetto - Harald","og_description":"P\u00e1scoa 2023 \u2013 \u201cHarald quer levar o mundo das confeitarias para dentro de casa\u201d, Fernanda Sequetto A Harald\u00a0tem 40 anos de hist\u00f3ria no mercado, \u00e9 uma das maiores empresas de chocolate e cobertura de confeitaria. A marca nasceu para ajudar os confeiteiros a transformar os chocolates em produtos como Ovos de P\u00e1scoa, doces tortas e Read more...","og_url":"https:\/\/homolog.harald.com.br\/site-2026\/blog\/pascoa-2023-harald-quer-levar-o-mundo-das-confeitarias-para-dentro-de-casa-fernanda-sequetto\/","og_site_name":"Harald","article_publisher":"https:\/\/www.facebook.com\/HaraldChocolates\/","article_published_time":"2023-04-04T18:14:03+00:00","article_modified_time":"2023-04-28T19:14:13+00:00","og_image":[{"width":1024,"height":576,"url":"https:\/\/homolog.harald.com.br\/site-2026\/wp-content\/uploads\/2023\/04\/atual-4-1024x576-1.png","type":"image\/png"}],"author":"Bruna Teodoro","twitter_card":"summary_large_image","twitter_misc":{"Escrito por":"Bruna Teodoro","Est. tempo de leitura":"3 minutos"},"schema":{"@context":"https:\/\/schema.org","@graph":[{"@type":"Article","@id":"https:\/\/homolog.harald.com.br\/site-2026\/blog\/pascoa-2023-harald-quer-levar-o-mundo-das-confeitarias-para-dentro-de-casa-fernanda-sequetto\/#article","isPartOf":{"@id":"https:\/\/homolog.harald.com.br\/site-2026\/blog\/pascoa-2023-harald-quer-levar-o-mundo-das-confeitarias-para-dentro-de-casa-fernanda-sequetto\/"},"author":{"name":"Bruna Teodoro","@id":"https:\/\/homolog.harald.com.br\/site-2026\/#\/schema\/person\/37dcc072f872b17c519dd3097a7925e5"},"headline":"P\u00e1scoa 2023 \u2013 \u201cHarald quer levar o mundo das confeitarias para dentro de casa\u201d, Fernanda Sequetto","datePublished":"2023-04-04T18:14:03+00:00","dateModified":"2023-04-28T19:14:13+00:00","mainEntityOfPage":{"@id":"https:\/\/homolog.harald.com.br\/site-2026\/blog\/pascoa-2023-harald-quer-levar-o-mundo-das-confeitarias-para-dentro-de-casa-fernanda-sequetto\/"},"wordCount":426,"publisher":{"@id":"https:\/\/homolog.harald.com.br\/site-2026\/#organization"},"image":{"@id":"https:\/\/homolog.harald.com.br\/site-2026\/blog\/pascoa-2023-harald-quer-levar-o-mundo-das-confeitarias-para-dentro-de-casa-fernanda-sequetto\/#primaryimage"},"thumbnailUrl":"https:\/\/homolog.harald.com.br\/site-2026\/wp-content\/uploads\/2023\/04\/atual-4-1024x576-1.png","articleSection":["Not\u00edcias"],"inLanguage":"pt-BR"},{"@type":"WebPage","@id":"https:\/\/homolog.harald.com.br\/site-2026\/blog\/pascoa-2023-harald-quer-levar-o-mundo-das-confeitarias-para-dentro-de-casa-fernanda-sequetto\/","url":"https:\/\/homolog.harald.com.br\/site-2026\/blog\/pascoa-2023-harald-quer-levar-o-mundo-das-confeitarias-para-dentro-de-casa-fernanda-sequetto\/","name":"P\u00e1scoa 2023 \u2013 \u201cHarald quer levar o mundo das confeitarias para dentro de casa\u201d, Fernanda Sequetto - Harald","isPartOf":{"@id":"https:\/\/homolog.harald.com.br\/site-2026\/#website"},"primaryImageOfPage":{"@id":"https:\/\/homolog.harald.com.br\/site-2026\/blog\/pascoa-2023-harald-quer-levar-o-mundo-das-confeitarias-para-dentro-de-casa-fernanda-sequetto\/#primaryimage"},"image":{"@id":"https:\/\/homolog.harald.com.br\/site-2026\/blog\/pascoa-2023-harald-quer-levar-o-mundo-das-confeitarias-para-dentro-de-casa-fernanda-sequetto\/#primaryimage"},"thumbnailUrl":"https:\/\/homolog.harald.com.br\/site-2026\/wp-content\/uploads\/2023\/04\/atual-4-1024x576-1.png","datePublished":"2023-04-04T18:14:03+00:00","dateModified":"2023-04-28T19:14:13+00:00","breadcrumb":{"@id":"https:\/\/homolog.harald.com.br\/site-2026\/blog\/pascoa-2023-harald-quer-levar-o-mundo-das-confeitarias-para-dentro-de-casa-fernanda-sequetto\/#breadcrumb"},"inLanguage":"pt-BR","potentialAction":[{"@type":"ReadAction","target":["https:\/\/homolog.harald.com.br\/site-2026\/blog\/pascoa-2023-harald-quer-levar-o-mundo-das-confeitarias-para-dentro-de-casa-fernanda-sequetto\/"]}]},{"@type":"ImageObject","inLanguage":"pt-BR","@id":"https:\/\/homolog.harald.com.br\/site-2026\/blog\/pascoa-2023-harald-quer-levar-o-mundo-das-confeitarias-para-dentro-de-casa-fernanda-sequetto\/#primaryimage","url":"https:\/\/homolog.harald.com.br\/site-2026\/wp-content\/uploads\/2023\/04\/atual-4-1024x576-1.png","contentUrl":"https:\/\/homolog.harald.com.br\/site-2026\/wp-content\/uploads\/2023\/04\/atual-4-1024x576-1.png","width":1024,"height":576},{"@type":"BreadcrumbList","@id":"https:\/\/homolog.harald.com.br\/site-2026\/blog\/pascoa-2023-harald-quer-levar-o-mundo-das-confeitarias-para-dentro-de-casa-fernanda-sequetto\/#breadcrumb","itemListElement":[{"@type":"ListItem","position":1,"name":"In\u00edcio","item":"https:\/\/homolog.harald.com.br\/site-2026\/"},{"@type":"ListItem","position":2,"name":"P\u00e1scoa 2023 \u2013 \u201cHarald quer levar o mundo das confeitarias para dentro de casa\u201d, Fernanda Sequetto"}]},{"@type":"WebSite","@id":"https:\/\/homolog.harald.com.br\/site-2026\/#website","url":"https:\/\/homolog.harald.com.br\/site-2026\/","name":"Harald","description":"Fazer melhor \u00e9 fazer com paix\u00e3o","publisher":{"@id":"https:\/\/homolog.harald.com.br\/site-2026\/#organization"},"potentialAction":[{"@type":"SearchAction","target":{"@type":"EntryPoint","urlTemplate":"https:\/\/homolog.harald.com.br\/site-2026\/?s={search_term_string}"},"query-input":{"@type":"PropertyValueSpecification","valueRequired":true,"valueName":"search_term_string"}}],"inLanguage":"pt-BR"},{"@type":"Organization","@id":"https:\/\/homolog.harald.com.br\/site-2026\/#organization","name":"Harald","url":"https:\/\/homolog.harald.com.br\/site-2026\/","logo":{"@type":"ImageObject","inLanguage":"pt-BR","@id":"https:\/\/homolog.harald.com.br\/site-2026\/#\/schema\/logo\/image\/","url":"https:\/\/homolog.harald.com.br\/site-2026\/wp-content\/uploads\/2022\/09\/logo-harald-cmyk-ss.png","contentUrl":"https:\/\/homolog.harald.com.br\/site-2026\/wp-content\/uploads\/2022\/09\/logo-harald-cmyk-ss.png","width":1948,"height":1051,"caption":"Harald"},"image":{"@id":"https:\/\/homolog.harald.com.br\/site-2026\/#\/schema\/logo\/image\/"},"sameAs":["https:\/\/www.facebook.com\/HaraldChocolates\/","https:\/\/www.youtube.com\/user\/HaraldChocolates"]},{"@type":"Person","@id":"https:\/\/homolog.harald.com.br\/site-2026\/#\/schema\/person\/37dcc072f872b17c519dd3097a7925e5","name":"Bruna Teodoro","image":{"@type":"ImageObject","inLanguage":"pt-BR","@id":"https:\/\/homolog.harald.com.br\/site-2026\/#\/schema\/person\/image\/","url":"https:\/\/secure.gravatar.com\/avatar\/7da0050c7a3bd4d6df113dcfae1a5b72c8690bc5d4bb4fabab7e4d34d582ceea?s=96&d=mm&r=g","contentUrl":"https:\/\/secure.gravatar.com\/avatar\/7da0050c7a3bd4d6df113dcfae1a5b72c8690bc5d4bb4fabab7e4d34d582ceea?s=96&d=mm&r=g","caption":"Bruna Teodoro"},"url":"https:\/\/homolog.harald.com.br\/site-2026\/blog\/author\/bruna-teodoro\/"}]}},"uagb_featured_image_src":{"full":["https:\/\/homolog.harald.com.br\/site-2026\/wp-content\/uploads\/2023\/04\/atual-4-1024x576-1.png",1024,576,false],"thumbnail":["https:\/\/homolog.harald.com.br\/site-2026\/wp-content\/uploads\/2023\/04\/atual-4-1024x576-1-150x150.png",150,150,true],"medium":["https:\/\/homolog.harald.com.br\/site-2026\/wp-content\/uploads\/2023\/04\/atual-4-1024x576-1-300x169.png",300,169,true],"medium_large":["https:\/\/homolog.harald.com.br\/site-2026\/wp-content\/uploads\/2023\/04\/atual-4-1024x576-1-768x432.png",768,432,true],"large":["https:\/\/homolog.harald.com.br\/site-2026\/wp-content\/uploads\/2023\/04\/atual-4-1024x576-1.png",1024,576,false],"1536x1536":["https:\/\/homolog.harald.com.br\/site-2026\/wp-content\/uploads\/2023\/04\/atual-4-1024x576-1.png",1024,576,false],"2048x2048":["https:\/\/homolog.harald.com.br\/site-2026\/wp-content\/uploads\/2023\/04\/atual-4-1024x576-1.png",1024,576,false],"full-width":["https:\/\/homolog.harald.com.br\/site-2026\/wp-content\/uploads\/2023\/04\/atual-4-1024x576-1.png",1024,576,false],"gform-image-choice-sm":["https:\/\/homolog.harald.com.br\/site-2026\/wp-content\/uploads\/2023\/04\/atual-4-1024x576-1.png",300,169,false],"gform-image-choice-md":["https:\/\/homolog.harald.com.br\/site-2026\/wp-content\/uploads\/2023\/04\/atual-4-1024x576-1.png",400,225,false],"gform-image-choice-lg":["https:\/\/homolog.harald.com.br\/site-2026\/wp-content\/uploads\/2023\/04\/atual-4-1024x576-1.png",600,338,false]},"uagb_author_info":{"display_name":"Bruna Teodoro","author_link":"https:\/\/homolog.harald.com.br\/site-2026\/blog\/author\/bruna-teodoro\/"},"uagb_comment_info":0,"uagb_excerpt":"P\u00e1scoa 2023 \u2013 \u201cHarald quer levar o mundo das confeitarias para dentro de casa\u201d, Fernanda Sequetto A Harald\u00a0tem 40 anos de hist\u00f3ria no mercado, \u00e9 uma das maiores empresas de chocolate e cobertura de confeitaria. A marca nasceu para ajudar os confeiteiros a transformar os chocolates em produtos como Ovos de P\u00e1scoa, doces tortas e&hellip;","_links":{"self":[{"href":"https:\/\/homolog.harald.com.br\/site-2026\/wp-json\/wp\/v2\/posts\/89492","targetHints":{"allow":["GET"]}}],"collection":[{"href":"https:\/\/homolog.harald.com.br\/site-2026\/wp-json\/wp\/v2\/posts"}],"about":[{"href":"https:\/\/homolog.harald.com.br\/site-2026\/wp-json\/wp\/v2\/types\/post"}],"author":[{"embeddable":true,"href":"https:\/\/homolog.harald.com.br\/site-2026\/wp-json\/wp\/v2\/users\/11"}],"replies":[{"embeddable":true,"href":"https:\/\/homolog.harald.com.br\/site-2026\/wp-json\/wp\/v2\/comments?post=89492"}],"version-history":[{"count":1,"href":"https:\/\/homolog.harald.com.br\/site-2026\/wp-json\/wp\/v2\/posts\/89492\/revisions"}],"predecessor-version":[{"id":89497,"href":"https:\/\/homolog.harald.com.br\/site-2026\/wp-json\/wp\/v2\/posts\/89492\/revisions\/89497"}],"wp:featuredmedia":[{"embeddable":true,"href":"https:\/\/homolog.harald.com.br\/site-2026\/wp-json\/wp\/v2\/media\/89494"}],"wp:attachment":[{"href":"https:\/\/homolog.harald.com.br\/site-2026\/wp-json\/wp\/v2\/media?parent=89492"}],"wp:term":[{"taxonomy":"category","embeddable":true,"href":"https:\/\/homolog.harald.com.br\/site-2026\/wp-json\/wp\/v2\/categories?post=89492"},{"taxonomy":"post_tag","embeddable":true,"href":"https:\/\/homolog.harald.com.br\/site-2026\/wp-json\/wp\/v2\/tags?post=89492"},{"taxonomy":"para-seu-negocio","embeddable":true,"href":"https:\/\/homolog.harald.com.br\/site-2026\/wp-json\/wp\/v2\/para-seu-negocio?post=89492"}],"curies":[{"name":"wp","href":"https:\/\/api.w.org\/{rel}","templated":true}]}}