{"id":76958,"date":"2023-03-15T12:50:20","date_gmt":"2023-03-15T15:50:20","guid":{"rendered":"https:\/\/homolog.harald.com.br\/site-2026\/?p=76958"},"modified":"2023-03-15T12:50:20","modified_gmt":"2023-03-15T15:50:20","slug":"no-dia-delas-em-santana-de-parnaiba-harald-dara-aula-show-de-ovos-de-pascoa","status":"publish","type":"post","link":"https:\/\/homolog.harald.com.br\/site-2026\/blog\/no-dia-delas-em-santana-de-parnaiba-harald-dara-aula-show-de-ovos-de-pascoa\/","title":{"rendered":"No \u2018Dia Delas em Santana de Parna\u00edba&#8217;, Harald dar\u00e1 Aula Show de Ovos de P\u00e1scoa"},"content":{"rendered":"<h1 style=\"text-align: center;\">No \u2018Dia Delas em Santana de Parna\u00edba&#8217;, Harald dar\u00e1 Aula Show de Ovos de P\u00e1scoa<\/h1>\n<p>Compartilhe A Harald empresa l\u00edder em coberturas e refer\u00eancia em chocolate para o mercado especializado no Brasil, est\u00e1 apoiando o evento<br \/>\nDia Delas, realizado pela Prefeitura de Santana de Parna\u00edba, atrtav\u00e9s da Secretaria Municipal da Mulher e da Fam\u00edlia. Criado para celebrar o M\u00eas da Mulher na cidade, o evento contar\u00e1 com a\u00e7\u00f5es voltadas \u00e0 sa\u00fade, bem-estar e empreendedorismo feminino. A marca ir\u00e1 realizar uma Aula Show de Ovos de P\u00e1scoa, ministrada por Ediv\u00e2nia Teixeira, confeiteira capacitada pela Harald.<\/p>\n<p>A iniciativa faz parte do Programa Social desenvolvido pela Harald em 2019, com o objetivo promover a forma\u00e7\u00e3o profissional de pessoas em vulnerabilidade social por meio da capacita\u00e7\u00e3o em chocolataria. O projeto j\u00e1 formou mais de 1200 pessoas desde a sua funda\u00e7\u00e3o, em parceria com 10 institui\u00e7\u00f5es de diferentes cidades do pa\u00eds. \u201cComo uma grande empresa do setor, entendemos que precisamos ir al\u00e9m e impactar de forma positiva n\u00e3o s\u00f3 os nossos consumidores, mas a sociedade como um todo. Por isso, seguiremos investindo cada vez mais na capacita\u00e7\u00e3o profissional por meio dos nossos cursos de confeitaria, impulsionando carreiras e mudando para a melhor a realidade de milhares de pessoas\u201d, diz Fernanda Sequetto, gerente de marketing da empresa.<\/p>\n<p>Al\u00e9m das aulas voltadas \u00e0 produ\u00e7\u00e3o de produtos com chocolate, a iniciativa ainda inclui conte\u00fado sobre empreendedorismo, pensado para motivar os alunos a criarem seu pr\u00f3prio neg\u00f3cio, como \u00e9 o caso da Edv\u00e2nia Teixeira, ex-aluna dos cursos da empresa e agora professora de confeitaria. \u201cParticipar do projeto da Harald me deu uma nova profiss\u00e3o, e agora poder dar aulas para outras pessoas, que tamb\u00e9m ter\u00e3o suas vidas transformadas \u00e9 muito gratificante\u201d, comenta a professora.<\/p>\n<p>A Aula Show de Ovos de P\u00e1scoa durante o Dia Delas acontece no s\u00e1bado, 11 de mar\u00e7o, na Pra\u00e7a da Fazendinha (antiga Bracel), na Avenida Tenente Marques \u2014 Jardim Represa (Fazendinha). Al\u00e9m das aulas oferecidas pela Harald, a a\u00e7\u00e3o ainda contar\u00e1 com comercializa\u00e7\u00e3o de artesanato, moda, gastronomia, servi\u00e7os como: orienta\u00e7\u00f5es da sa\u00fade (aferi\u00e7\u00e3o da press\u00e3o e destro), CREAS (viol\u00eancias contras as mulheres), Bem Estar da Mulher Parnaibana (atividade f\u00edsica), Workshop (Harald, Vita Derm e Ana Hickmann). E para as crian\u00e7as haver\u00e1 brinquedos infl\u00e1veis, aula de educa\u00e7\u00e3o no tr\u00e2nsito com o SEMUTRANS, e apresenta\u00e7\u00e3o do canil da Guarda Municipal.<\/p>\n<p>SERVI\u00c7O<\/p>\n<p>Local: Avenida Tenente Marques \u2014 Jardim Represa \u2013 Fazendinha \u2013 Santana de Parna\u00edba<\/p>\n<p>Data e hor\u00e1rio: S\u00e1bado \u2013 11 de mar\u00e7o \u2013 das 10h \u00e0s 22h<\/p>\n<p>Entrada gratuita<\/p>\n","protected":false},"excerpt":{"rendered":"<p>No \u2018Dia Delas em Santana de Parna\u00edba&#8217;, Harald dar\u00e1 Aula Show de Ovos de P\u00e1scoa Compartilhe A Harald empresa l\u00edder em coberturas e refer\u00eancia em chocolate para o mercado especializado no Brasil, est\u00e1 apoiando o evento Dia Delas, realizado pela Prefeitura de Santana de Parna\u00edba, atrtav\u00e9s da Secretaria Municipal da Mulher e da Fam\u00edlia. Criado <a class=\"more-link\" href=\"https:\/\/homolog.harald.com.br\/site-2026\/blog\/no-dia-delas-em-santana-de-parnaiba-harald-dara-aula-show-de-ovos-de-pascoa\/\">Read more&#8230;<\/a><\/p>\n","protected":false},"author":11,"featured_media":56819,"comment_status":"closed","ping_status":"closed","sticky":false,"template":"","format":"standard","meta":{"_acf_changed":false,"_uag_custom_page_level_css":"","footnotes":""},"categories":[1],"tags":[],"para-seu-negocio":[],"class_list":["post-76958","post","type-post","status-publish","format-standard","has-post-thumbnail","hentry","category-nao-categorizado"],"acf":[],"yoast_head":"<!-- This site is optimized with the Yoast SEO plugin v26.3 - https:\/\/yoast.com\/wordpress\/plugins\/seo\/ -->\n<title>No \u2018Dia Delas em Santana de Parna\u00edba&#039;, Harald dar\u00e1 Aula Show de Ovos de P\u00e1scoa - Harald<\/title>\n<meta name=\"robots\" content=\"noindex, follow, max-snippet:-1, max-image-preview:large, max-video-preview:-1\" \/>\n<meta property=\"og:locale\" content=\"pt_BR\" \/>\n<meta property=\"og:type\" content=\"article\" \/>\n<meta property=\"og:title\" content=\"No \u2018Dia Delas em Santana de Parna\u00edba&#039;, Harald dar\u00e1 Aula Show de Ovos de P\u00e1scoa - Harald\" \/>\n<meta property=\"og:description\" content=\"No \u2018Dia Delas em Santana de Parna\u00edba&#8217;, Harald dar\u00e1 Aula Show de Ovos de P\u00e1scoa Compartilhe A Harald empresa l\u00edder em coberturas e refer\u00eancia em chocolate para o mercado especializado no Brasil, est\u00e1 apoiando o evento Dia Delas, realizado pela Prefeitura de Santana de Parna\u00edba, atrtav\u00e9s da Secretaria Municipal da Mulher e da Fam\u00edlia. Criado Read more...\" \/>\n<meta property=\"og:url\" content=\"https:\/\/homolog.harald.com.br\/site-2026\/blog\/no-dia-delas-em-santana-de-parnaiba-harald-dara-aula-show-de-ovos-de-pascoa\/\" \/>\n<meta property=\"og:site_name\" content=\"Harald\" \/>\n<meta property=\"article:publisher\" content=\"https:\/\/www.facebook.com\/HaraldChocolates\/\" \/>\n<meta property=\"article:published_time\" content=\"2023-03-15T15:50:20+00:00\" \/>\n<meta property=\"og:image\" content=\"https:\/\/homolog.harald.com.br\/site-2026\/wp-content\/uploads\/2023\/01\/harald-logo.jpg\" \/>\n\t<meta property=\"og:image:width\" content=\"1280\" \/>\n\t<meta property=\"og:image:height\" content=\"720\" \/>\n\t<meta property=\"og:image:type\" content=\"image\/jpeg\" \/>\n<meta name=\"author\" content=\"Bruna Teodoro\" \/>\n<meta name=\"twitter:card\" content=\"summary_large_image\" \/>\n<meta name=\"twitter:label1\" content=\"Escrito por\" \/>\n\t<meta name=\"twitter:data1\" content=\"Bruna Teodoro\" \/>\n\t<meta name=\"twitter:label2\" content=\"Est. tempo de leitura\" \/>\n\t<meta name=\"twitter:data2\" content=\"3 minutos\" \/>\n<script type=\"application\/ld+json\" class=\"yoast-schema-graph\">{\"@context\":\"https:\/\/schema.org\",\"@graph\":[{\"@type\":\"Article\",\"@id\":\"https:\/\/homolog.harald.com.br\/site-2026\/blog\/no-dia-delas-em-santana-de-parnaiba-harald-dara-aula-show-de-ovos-de-pascoa\/#article\",\"isPartOf\":{\"@id\":\"https:\/\/homolog.harald.com.br\/site-2026\/blog\/no-dia-delas-em-santana-de-parnaiba-harald-dara-aula-show-de-ovos-de-pascoa\/\"},\"author\":{\"name\":\"Bruna Teodoro\",\"@id\":\"https:\/\/homolog.harald.com.br\/site-2026\/#\/schema\/person\/37dcc072f872b17c519dd3097a7925e5\"},\"headline\":\"No \u2018Dia Delas em Santana de Parna\u00edba&#8217;, Harald dar\u00e1 Aula Show de Ovos de P\u00e1scoa\",\"datePublished\":\"2023-03-15T15:50:20+00:00\",\"mainEntityOfPage\":{\"@id\":\"https:\/\/homolog.harald.com.br\/site-2026\/blog\/no-dia-delas-em-santana-de-parnaiba-harald-dara-aula-show-de-ovos-de-pascoa\/\"},\"wordCount\":467,\"publisher\":{\"@id\":\"https:\/\/homolog.harald.com.br\/site-2026\/#organization\"},\"image\":{\"@id\":\"https:\/\/homolog.harald.com.br\/site-2026\/blog\/no-dia-delas-em-santana-de-parnaiba-harald-dara-aula-show-de-ovos-de-pascoa\/#primaryimage\"},\"thumbnailUrl\":\"https:\/\/homolog.harald.com.br\/site-2026\/wp-content\/uploads\/2023\/01\/harald-logo.jpg\",\"articleSection\":[\"N\u00e3o categorizado\"],\"inLanguage\":\"pt-BR\"},{\"@type\":\"WebPage\",\"@id\":\"https:\/\/homolog.harald.com.br\/site-2026\/blog\/no-dia-delas-em-santana-de-parnaiba-harald-dara-aula-show-de-ovos-de-pascoa\/\",\"url\":\"https:\/\/homolog.harald.com.br\/site-2026\/blog\/no-dia-delas-em-santana-de-parnaiba-harald-dara-aula-show-de-ovos-de-pascoa\/\",\"name\":\"No \u2018Dia Delas em Santana de Parna\u00edba', Harald dar\u00e1 Aula Show de Ovos de P\u00e1scoa - Harald\",\"isPartOf\":{\"@id\":\"https:\/\/homolog.harald.com.br\/site-2026\/#website\"},\"primaryImageOfPage\":{\"@id\":\"https:\/\/homolog.harald.com.br\/site-2026\/blog\/no-dia-delas-em-santana-de-parnaiba-harald-dara-aula-show-de-ovos-de-pascoa\/#primaryimage\"},\"image\":{\"@id\":\"https:\/\/homolog.harald.com.br\/site-2026\/blog\/no-dia-delas-em-santana-de-parnaiba-harald-dara-aula-show-de-ovos-de-pascoa\/#primaryimage\"},\"thumbnailUrl\":\"https:\/\/homolog.harald.com.br\/site-2026\/wp-content\/uploads\/2023\/01\/harald-logo.jpg\",\"datePublished\":\"2023-03-15T15:50:20+00:00\",\"breadcrumb\":{\"@id\":\"https:\/\/homolog.harald.com.br\/site-2026\/blog\/no-dia-delas-em-santana-de-parnaiba-harald-dara-aula-show-de-ovos-de-pascoa\/#breadcrumb\"},\"inLanguage\":\"pt-BR\",\"potentialAction\":[{\"@type\":\"ReadAction\",\"target\":[\"https:\/\/homolog.harald.com.br\/site-2026\/blog\/no-dia-delas-em-santana-de-parnaiba-harald-dara-aula-show-de-ovos-de-pascoa\/\"]}]},{\"@type\":\"ImageObject\",\"inLanguage\":\"pt-BR\",\"@id\":\"https:\/\/homolog.harald.com.br\/site-2026\/blog\/no-dia-delas-em-santana-de-parnaiba-harald-dara-aula-show-de-ovos-de-pascoa\/#primaryimage\",\"url\":\"https:\/\/homolog.harald.com.br\/site-2026\/wp-content\/uploads\/2023\/01\/harald-logo.jpg\",\"contentUrl\":\"https:\/\/homolog.harald.com.br\/site-2026\/wp-content\/uploads\/2023\/01\/harald-logo.jpg\",\"width\":1280,\"height\":720},{\"@type\":\"BreadcrumbList\",\"@id\":\"https:\/\/homolog.harald.com.br\/site-2026\/blog\/no-dia-delas-em-santana-de-parnaiba-harald-dara-aula-show-de-ovos-de-pascoa\/#breadcrumb\",\"itemListElement\":[{\"@type\":\"ListItem\",\"position\":1,\"name\":\"In\u00edcio\",\"item\":\"https:\/\/homolog.harald.com.br\/site-2026\/\"},{\"@type\":\"ListItem\",\"position\":2,\"name\":\"No \u2018Dia Delas em Santana de Parna\u00edba&#8217;, Harald dar\u00e1 Aula Show de Ovos de P\u00e1scoa\"}]},{\"@type\":\"WebSite\",\"@id\":\"https:\/\/homolog.harald.com.br\/site-2026\/#website\",\"url\":\"https:\/\/homolog.harald.com.br\/site-2026\/\",\"name\":\"Harald\",\"description\":\"Fazer melhor \u00e9 fazer com paix\u00e3o\",\"publisher\":{\"@id\":\"https:\/\/homolog.harald.com.br\/site-2026\/#organization\"},\"potentialAction\":[{\"@type\":\"SearchAction\",\"target\":{\"@type\":\"EntryPoint\",\"urlTemplate\":\"https:\/\/homolog.harald.com.br\/site-2026\/?s={search_term_string}\"},\"query-input\":{\"@type\":\"PropertyValueSpecification\",\"valueRequired\":true,\"valueName\":\"search_term_string\"}}],\"inLanguage\":\"pt-BR\"},{\"@type\":\"Organization\",\"@id\":\"https:\/\/homolog.harald.com.br\/site-2026\/#organization\",\"name\":\"Harald\",\"url\":\"https:\/\/homolog.harald.com.br\/site-2026\/\",\"logo\":{\"@type\":\"ImageObject\",\"inLanguage\":\"pt-BR\",\"@id\":\"https:\/\/homolog.harald.com.br\/site-2026\/#\/schema\/logo\/image\/\",\"url\":\"https:\/\/homolog.harald.com.br\/site-2026\/wp-content\/uploads\/2022\/09\/logo-harald-cmyk-ss.png\",\"contentUrl\":\"https:\/\/homolog.harald.com.br\/site-2026\/wp-content\/uploads\/2022\/09\/logo-harald-cmyk-ss.png\",\"width\":1948,\"height\":1051,\"caption\":\"Harald\"},\"image\":{\"@id\":\"https:\/\/homolog.harald.com.br\/site-2026\/#\/schema\/logo\/image\/\"},\"sameAs\":[\"https:\/\/www.facebook.com\/HaraldChocolates\/\",\"https:\/\/www.youtube.com\/user\/HaraldChocolates\"]},{\"@type\":\"Person\",\"@id\":\"https:\/\/homolog.harald.com.br\/site-2026\/#\/schema\/person\/37dcc072f872b17c519dd3097a7925e5\",\"name\":\"Bruna Teodoro\",\"image\":{\"@type\":\"ImageObject\",\"inLanguage\":\"pt-BR\",\"@id\":\"https:\/\/homolog.harald.com.br\/site-2026\/#\/schema\/person\/image\/\",\"url\":\"https:\/\/secure.gravatar.com\/avatar\/7da0050c7a3bd4d6df113dcfae1a5b72c8690bc5d4bb4fabab7e4d34d582ceea?s=96&d=mm&r=g\",\"contentUrl\":\"https:\/\/secure.gravatar.com\/avatar\/7da0050c7a3bd4d6df113dcfae1a5b72c8690bc5d4bb4fabab7e4d34d582ceea?s=96&d=mm&r=g\",\"caption\":\"Bruna Teodoro\"},\"url\":\"https:\/\/homolog.harald.com.br\/site-2026\/blog\/author\/bruna-teodoro\/\"}]}<\/script>\n<!-- \/ Yoast SEO plugin. -->","yoast_head_json":{"title":"No \u2018Dia Delas em Santana de Parna\u00edba', Harald dar\u00e1 Aula Show de Ovos de P\u00e1scoa - Harald","robots":{"index":"noindex","follow":"follow","max-snippet":"max-snippet:-1","max-image-preview":"max-image-preview:large","max-video-preview":"max-video-preview:-1"},"og_locale":"pt_BR","og_type":"article","og_title":"No \u2018Dia Delas em Santana de Parna\u00edba', Harald dar\u00e1 Aula Show de Ovos de P\u00e1scoa - Harald","og_description":"No \u2018Dia Delas em Santana de Parna\u00edba&#8217;, Harald dar\u00e1 Aula Show de Ovos de P\u00e1scoa Compartilhe A Harald empresa l\u00edder em coberturas e refer\u00eancia em chocolate para o mercado especializado no Brasil, est\u00e1 apoiando o evento Dia Delas, realizado pela Prefeitura de Santana de Parna\u00edba, atrtav\u00e9s da Secretaria Municipal da Mulher e da Fam\u00edlia. Criado Read more...","og_url":"https:\/\/homolog.harald.com.br\/site-2026\/blog\/no-dia-delas-em-santana-de-parnaiba-harald-dara-aula-show-de-ovos-de-pascoa\/","og_site_name":"Harald","article_publisher":"https:\/\/www.facebook.com\/HaraldChocolates\/","article_published_time":"2023-03-15T15:50:20+00:00","og_image":[{"width":1280,"height":720,"url":"https:\/\/homolog.harald.com.br\/site-2026\/wp-content\/uploads\/2023\/01\/harald-logo.jpg","type":"image\/jpeg"}],"author":"Bruna Teodoro","twitter_card":"summary_large_image","twitter_misc":{"Escrito por":"Bruna Teodoro","Est. tempo de leitura":"3 minutos"},"schema":{"@context":"https:\/\/schema.org","@graph":[{"@type":"Article","@id":"https:\/\/homolog.harald.com.br\/site-2026\/blog\/no-dia-delas-em-santana-de-parnaiba-harald-dara-aula-show-de-ovos-de-pascoa\/#article","isPartOf":{"@id":"https:\/\/homolog.harald.com.br\/site-2026\/blog\/no-dia-delas-em-santana-de-parnaiba-harald-dara-aula-show-de-ovos-de-pascoa\/"},"author":{"name":"Bruna Teodoro","@id":"https:\/\/homolog.harald.com.br\/site-2026\/#\/schema\/person\/37dcc072f872b17c519dd3097a7925e5"},"headline":"No \u2018Dia Delas em Santana de Parna\u00edba&#8217;, Harald dar\u00e1 Aula Show de Ovos de P\u00e1scoa","datePublished":"2023-03-15T15:50:20+00:00","mainEntityOfPage":{"@id":"https:\/\/homolog.harald.com.br\/site-2026\/blog\/no-dia-delas-em-santana-de-parnaiba-harald-dara-aula-show-de-ovos-de-pascoa\/"},"wordCount":467,"publisher":{"@id":"https:\/\/homolog.harald.com.br\/site-2026\/#organization"},"image":{"@id":"https:\/\/homolog.harald.com.br\/site-2026\/blog\/no-dia-delas-em-santana-de-parnaiba-harald-dara-aula-show-de-ovos-de-pascoa\/#primaryimage"},"thumbnailUrl":"https:\/\/homolog.harald.com.br\/site-2026\/wp-content\/uploads\/2023\/01\/harald-logo.jpg","articleSection":["N\u00e3o categorizado"],"inLanguage":"pt-BR"},{"@type":"WebPage","@id":"https:\/\/homolog.harald.com.br\/site-2026\/blog\/no-dia-delas-em-santana-de-parnaiba-harald-dara-aula-show-de-ovos-de-pascoa\/","url":"https:\/\/homolog.harald.com.br\/site-2026\/blog\/no-dia-delas-em-santana-de-parnaiba-harald-dara-aula-show-de-ovos-de-pascoa\/","name":"No \u2018Dia Delas em Santana de Parna\u00edba', Harald dar\u00e1 Aula Show de Ovos de P\u00e1scoa - Harald","isPartOf":{"@id":"https:\/\/homolog.harald.com.br\/site-2026\/#website"},"primaryImageOfPage":{"@id":"https:\/\/homolog.harald.com.br\/site-2026\/blog\/no-dia-delas-em-santana-de-parnaiba-harald-dara-aula-show-de-ovos-de-pascoa\/#primaryimage"},"image":{"@id":"https:\/\/homolog.harald.com.br\/site-2026\/blog\/no-dia-delas-em-santana-de-parnaiba-harald-dara-aula-show-de-ovos-de-pascoa\/#primaryimage"},"thumbnailUrl":"https:\/\/homolog.harald.com.br\/site-2026\/wp-content\/uploads\/2023\/01\/harald-logo.jpg","datePublished":"2023-03-15T15:50:20+00:00","breadcrumb":{"@id":"https:\/\/homolog.harald.com.br\/site-2026\/blog\/no-dia-delas-em-santana-de-parnaiba-harald-dara-aula-show-de-ovos-de-pascoa\/#breadcrumb"},"inLanguage":"pt-BR","potentialAction":[{"@type":"ReadAction","target":["https:\/\/homolog.harald.com.br\/site-2026\/blog\/no-dia-delas-em-santana-de-parnaiba-harald-dara-aula-show-de-ovos-de-pascoa\/"]}]},{"@type":"ImageObject","inLanguage":"pt-BR","@id":"https:\/\/homolog.harald.com.br\/site-2026\/blog\/no-dia-delas-em-santana-de-parnaiba-harald-dara-aula-show-de-ovos-de-pascoa\/#primaryimage","url":"https:\/\/homolog.harald.com.br\/site-2026\/wp-content\/uploads\/2023\/01\/harald-logo.jpg","contentUrl":"https:\/\/homolog.harald.com.br\/site-2026\/wp-content\/uploads\/2023\/01\/harald-logo.jpg","width":1280,"height":720},{"@type":"BreadcrumbList","@id":"https:\/\/homolog.harald.com.br\/site-2026\/blog\/no-dia-delas-em-santana-de-parnaiba-harald-dara-aula-show-de-ovos-de-pascoa\/#breadcrumb","itemListElement":[{"@type":"ListItem","position":1,"name":"In\u00edcio","item":"https:\/\/homolog.harald.com.br\/site-2026\/"},{"@type":"ListItem","position":2,"name":"No \u2018Dia Delas em Santana de Parna\u00edba&#8217;, Harald dar\u00e1 Aula Show de Ovos de P\u00e1scoa"}]},{"@type":"WebSite","@id":"https:\/\/homolog.harald.com.br\/site-2026\/#website","url":"https:\/\/homolog.harald.com.br\/site-2026\/","name":"Harald","description":"Fazer melhor \u00e9 fazer com paix\u00e3o","publisher":{"@id":"https:\/\/homolog.harald.com.br\/site-2026\/#organization"},"potentialAction":[{"@type":"SearchAction","target":{"@type":"EntryPoint","urlTemplate":"https:\/\/homolog.harald.com.br\/site-2026\/?s={search_term_string}"},"query-input":{"@type":"PropertyValueSpecification","valueRequired":true,"valueName":"search_term_string"}}],"inLanguage":"pt-BR"},{"@type":"Organization","@id":"https:\/\/homolog.harald.com.br\/site-2026\/#organization","name":"Harald","url":"https:\/\/homolog.harald.com.br\/site-2026\/","logo":{"@type":"ImageObject","inLanguage":"pt-BR","@id":"https:\/\/homolog.harald.com.br\/site-2026\/#\/schema\/logo\/image\/","url":"https:\/\/homolog.harald.com.br\/site-2026\/wp-content\/uploads\/2022\/09\/logo-harald-cmyk-ss.png","contentUrl":"https:\/\/homolog.harald.com.br\/site-2026\/wp-content\/uploads\/2022\/09\/logo-harald-cmyk-ss.png","width":1948,"height":1051,"caption":"Harald"},"image":{"@id":"https:\/\/homolog.harald.com.br\/site-2026\/#\/schema\/logo\/image\/"},"sameAs":["https:\/\/www.facebook.com\/HaraldChocolates\/","https:\/\/www.youtube.com\/user\/HaraldChocolates"]},{"@type":"Person","@id":"https:\/\/homolog.harald.com.br\/site-2026\/#\/schema\/person\/37dcc072f872b17c519dd3097a7925e5","name":"Bruna Teodoro","image":{"@type":"ImageObject","inLanguage":"pt-BR","@id":"https:\/\/homolog.harald.com.br\/site-2026\/#\/schema\/person\/image\/","url":"https:\/\/secure.gravatar.com\/avatar\/7da0050c7a3bd4d6df113dcfae1a5b72c8690bc5d4bb4fabab7e4d34d582ceea?s=96&d=mm&r=g","contentUrl":"https:\/\/secure.gravatar.com\/avatar\/7da0050c7a3bd4d6df113dcfae1a5b72c8690bc5d4bb4fabab7e4d34d582ceea?s=96&d=mm&r=g","caption":"Bruna Teodoro"},"url":"https:\/\/homolog.harald.com.br\/site-2026\/blog\/author\/bruna-teodoro\/"}]}},"uagb_featured_image_src":{"full":["https:\/\/homolog.harald.com.br\/site-2026\/wp-content\/uploads\/2023\/01\/harald-logo.jpg",1280,720,false],"thumbnail":["https:\/\/homolog.harald.com.br\/site-2026\/wp-content\/uploads\/2023\/01\/harald-logo-150x150.jpg",150,150,true],"medium":["https:\/\/homolog.harald.com.br\/site-2026\/wp-content\/uploads\/2023\/01\/harald-logo-300x169.jpg",300,169,true],"medium_large":["https:\/\/homolog.harald.com.br\/site-2026\/wp-content\/uploads\/2023\/01\/harald-logo-768x432.jpg",768,432,true],"large":["https:\/\/homolog.harald.com.br\/site-2026\/wp-content\/uploads\/2023\/01\/harald-logo-1024x576.jpg",1024,576,true],"1536x1536":["https:\/\/homolog.harald.com.br\/site-2026\/wp-content\/uploads\/2023\/01\/harald-logo.jpg",1280,720,false],"2048x2048":["https:\/\/homolog.harald.com.br\/site-2026\/wp-content\/uploads\/2023\/01\/harald-logo.jpg",1280,720,false],"full-width":["https:\/\/homolog.harald.com.br\/site-2026\/wp-content\/uploads\/2023\/01\/harald-logo.jpg",1280,720,false],"gform-image-choice-sm":["https:\/\/homolog.harald.com.br\/site-2026\/wp-content\/uploads\/2023\/01\/harald-logo.jpg",300,169,false],"gform-image-choice-md":["https:\/\/homolog.harald.com.br\/site-2026\/wp-content\/uploads\/2023\/01\/harald-logo.jpg",400,225,false],"gform-image-choice-lg":["https:\/\/homolog.harald.com.br\/site-2026\/wp-content\/uploads\/2023\/01\/harald-logo.jpg",600,338,false]},"uagb_author_info":{"display_name":"Bruna Teodoro","author_link":"https:\/\/homolog.harald.com.br\/site-2026\/blog\/author\/bruna-teodoro\/"},"uagb_comment_info":0,"uagb_excerpt":"No \u2018Dia Delas em Santana de Parna\u00edba&#8217;, Harald dar\u00e1 Aula Show de Ovos de P\u00e1scoa Compartilhe A Harald empresa l\u00edder em coberturas e refer\u00eancia em chocolate para o mercado especializado no Brasil, est\u00e1 apoiando o evento Dia Delas, realizado pela Prefeitura de Santana de Parna\u00edba, atrtav\u00e9s da Secretaria Municipal da Mulher e da Fam\u00edlia. Criado&hellip;","_links":{"self":[{"href":"https:\/\/homolog.harald.com.br\/site-2026\/wp-json\/wp\/v2\/posts\/76958","targetHints":{"allow":["GET"]}}],"collection":[{"href":"https:\/\/homolog.harald.com.br\/site-2026\/wp-json\/wp\/v2\/posts"}],"about":[{"href":"https:\/\/homolog.harald.com.br\/site-2026\/wp-json\/wp\/v2\/types\/post"}],"author":[{"embeddable":true,"href":"https:\/\/homolog.harald.com.br\/site-2026\/wp-json\/wp\/v2\/users\/11"}],"replies":[{"embeddable":true,"href":"https:\/\/homolog.harald.com.br\/site-2026\/wp-json\/wp\/v2\/comments?post=76958"}],"version-history":[{"count":1,"href":"https:\/\/homolog.harald.com.br\/site-2026\/wp-json\/wp\/v2\/posts\/76958\/revisions"}],"predecessor-version":[{"id":76960,"href":"https:\/\/homolog.harald.com.br\/site-2026\/wp-json\/wp\/v2\/posts\/76958\/revisions\/76960"}],"wp:featuredmedia":[{"embeddable":true,"href":"https:\/\/homolog.harald.com.br\/site-2026\/wp-json\/wp\/v2\/media\/56819"}],"wp:attachment":[{"href":"https:\/\/homolog.harald.com.br\/site-2026\/wp-json\/wp\/v2\/media?parent=76958"}],"wp:term":[{"taxonomy":"category","embeddable":true,"href":"https:\/\/homolog.harald.com.br\/site-2026\/wp-json\/wp\/v2\/categories?post=76958"},{"taxonomy":"post_tag","embeddable":true,"href":"https:\/\/homolog.harald.com.br\/site-2026\/wp-json\/wp\/v2\/tags?post=76958"},{"taxonomy":"para-seu-negocio","embeddable":true,"href":"https:\/\/homolog.harald.com.br\/site-2026\/wp-json\/wp\/v2\/para-seu-negocio?post=76958"}],"curies":[{"name":"wp","href":"https:\/\/api.w.org\/{rel}","templated":true}]}}