{"id":732,"date":"2018-06-08T14:00:32","date_gmt":"2018-06-08T17:00:32","guid":{"rendered":"https:\/\/homolog.harald.com.br\/site-2026\/?p=8175"},"modified":"2024-06-03T15:19:17","modified_gmt":"2024-06-03T18:19:17","slug":"por-que-preciso-levar-o-chocolate-cobertura-a-geladeira-para-secar","status":"publish","type":"post","link":"https:\/\/homolog.harald.com.br\/site-2026\/blog\/por-que-preciso-levar-o-chocolate-cobertura-a-geladeira-para-secar\/","title":{"rendered":"Voc\u00ea sabe por que levar o chocolate \u00e0 geladeira para secar?"},"content":{"rendered":"<p>Ap\u00f3s derreter, temperar e moldar o chocolate em casquinhas de bombons, trufas, p\u00e3es de mel, ovos de P\u00e1scoa etc., voc\u00ea realiza o passo final: levar \u00e0 geladeira para que o chocolate \u201cseque\u201d. Mas qual \u00e9 o motivo? A etapa na geladeira \u00e9 uma das mais importantes do processo: a cristaliza\u00e7\u00e3o.<\/p>\n<p>Nesse processo, voc\u00ea garante o snap, o brilho e, sobretudo, a estabilidade do chocolate, gra\u00e7as \u00e0 forma\u00e7\u00e3o de cristais est\u00e1veis pela t\u00eampera. A manteiga de cacau \u00e9 composta por v\u00e1rias mol\u00e9culas, que se organizam em diversos padr\u00f5es \u2013 esses s\u00e3o os cristais, que s\u00e3o derretidos quando o chocolate \u00e9 aquecido. A t\u00eampera, ao resfriar lentamente o chocolate, forma novamente esses cristais est\u00e1veis.<\/p>\n<p>A cristaliza\u00e7\u00e3o na geladeira faz o produto contrair, permitindo sua remo\u00e7\u00e3o dos moldes. Uma boa t\u00eampera e cristaliza\u00e7\u00e3o resultam em casquinha brilhante, sem espa\u00e7os ou buracos, refletindo a luz de forma uniforme.<\/p>\n<p>No entanto, \u00e9 importante n\u00e3o exagerar com a geladeira: o processo de cristaliza\u00e7\u00e3o leva em m\u00e9dia 20-40 minutos numa temperatura entre 8\u00b0C e 10\u00b0C. Deixar tempo demais na geladeira pode causar problemas!<\/p>\n<p>Para produtos que n\u00e3o cont\u00eam manteiga de cacau, as gorduras presentes organizam-se perfeitamente sem a necessidade de t\u00eampera. Basta derreter, moldar e levar \u00e0 geladeira!<\/p>\n","protected":false},"excerpt":{"rendered":"<p>Ap\u00f3s derreter, temperar e moldar o chocolate em casquinhas de bombons, trufas, p\u00e3es de mel, ovos de P\u00e1scoa etc., voc\u00ea realiza o passo final: levar \u00e0 geladeira para que o chocolate \u201cseque\u201d. Mas qual \u00e9 o motivo? A etapa na geladeira \u00e9 uma das mais importantes do processo: a cristaliza\u00e7\u00e3o. Nesse processo, voc\u00ea garante o <a class=\"more-link\" href=\"https:\/\/homolog.harald.com.br\/site-2026\/blog\/por-que-preciso-levar-o-chocolate-cobertura-a-geladeira-para-secar\/\">Read more&#8230;<\/a><\/p>\n","protected":false},"author":7,"featured_media":733,"comment_status":"open","ping_status":"open","sticky":false,"template":"","format":"standard","meta":{"_acf_changed":false,"_uag_custom_page_level_css":"","footnotes":""},"categories":[21,22,158],"tags":[],"para-seu-negocio":[],"class_list":["post-732","post","type-post","status-publish","format-standard","has-post-thumbnail","hentry","category-blog-chocolates","category-blog-coberturas","category-noticias"],"acf":[],"yoast_head":"<!-- This site is optimized with the Yoast SEO plugin v26.3 - https:\/\/yoast.com\/wordpress\/plugins\/seo\/ -->\n<title>Voc\u00ea sabe por que levar o chocolate \u00e0 geladeira para secar? - Harald<\/title>\n<meta name=\"description\" content=\"Descubra a import\u00e2ncia da cristaliza\u00e7\u00e3o na produ\u00e7\u00e3o de chocolate e como esse processo garante estabilidade e brilho ao produto final!\" \/>\n<meta name=\"robots\" content=\"noindex, follow, max-snippet:-1, max-image-preview:large, max-video-preview:-1\" \/>\n<meta property=\"og:locale\" content=\"pt_BR\" \/>\n<meta property=\"og:type\" content=\"article\" \/>\n<meta property=\"og:title\" content=\"Voc\u00ea sabe por que levar o chocolate \u00e0 geladeira para secar? - Harald\" \/>\n<meta property=\"og:description\" content=\"Descubra a import\u00e2ncia da cristaliza\u00e7\u00e3o na produ\u00e7\u00e3o de chocolate e como esse processo garante estabilidade e brilho ao produto final!\" \/>\n<meta property=\"og:url\" content=\"https:\/\/homolog.harald.com.br\/site-2026\/blog\/por-que-preciso-levar-o-chocolate-cobertura-a-geladeira-para-secar\/\" \/>\n<meta property=\"og:site_name\" content=\"Harald\" \/>\n<meta property=\"article:publisher\" content=\"https:\/\/www.facebook.com\/HaraldChocolates\/\" \/>\n<meta property=\"article:published_time\" content=\"2018-06-08T17:00:32+00:00\" \/>\n<meta property=\"article:modified_time\" content=\"2024-06-03T18:19:17+00:00\" \/>\n<meta property=\"og:image\" content=\"https:\/\/homolog.harald.com.br\/site-2026\/wp-content\/uploads\/2018\/06\/cristalizacao-700x520-1.jpg\" \/>\n\t<meta property=\"og:image:width\" content=\"700\" \/>\n\t<meta property=\"og:image:height\" content=\"520\" \/>\n\t<meta property=\"og:image:type\" content=\"image\/jpeg\" \/>\n<meta name=\"author\" content=\"SAC Harald\" \/>\n<meta name=\"twitter:card\" content=\"summary_large_image\" \/>\n<meta name=\"twitter:label1\" content=\"Escrito por\" \/>\n\t<meta name=\"twitter:data1\" content=\"SAC Harald\" \/>\n\t<meta name=\"twitter:label2\" content=\"Est. tempo de leitura\" \/>\n\t<meta name=\"twitter:data2\" content=\"2 minutos\" \/>\n<script type=\"application\/ld+json\" class=\"yoast-schema-graph\">{\"@context\":\"https:\/\/schema.org\",\"@graph\":[{\"@type\":\"Article\",\"@id\":\"https:\/\/homolog.harald.com.br\/site-2026\/blog\/por-que-preciso-levar-o-chocolate-cobertura-a-geladeira-para-secar\/#article\",\"isPartOf\":{\"@id\":\"https:\/\/homolog.harald.com.br\/site-2026\/blog\/por-que-preciso-levar-o-chocolate-cobertura-a-geladeira-para-secar\/\"},\"author\":{\"name\":\"SAC Harald\",\"@id\":\"https:\/\/homolog.harald.com.br\/site-2026\/#\/schema\/person\/8f279aac8b97607e00c3bca057e0149d\"},\"headline\":\"Voc\u00ea sabe por que levar o chocolate \u00e0 geladeira para secar?\",\"datePublished\":\"2018-06-08T17:00:32+00:00\",\"dateModified\":\"2024-06-03T18:19:17+00:00\",\"mainEntityOfPage\":{\"@id\":\"https:\/\/homolog.harald.com.br\/site-2026\/blog\/por-que-preciso-levar-o-chocolate-cobertura-a-geladeira-para-secar\/\"},\"wordCount\":228,\"commentCount\":0,\"publisher\":{\"@id\":\"https:\/\/homolog.harald.com.br\/site-2026\/#organization\"},\"image\":{\"@id\":\"https:\/\/homolog.harald.com.br\/site-2026\/blog\/por-que-preciso-levar-o-chocolate-cobertura-a-geladeira-para-secar\/#primaryimage\"},\"thumbnailUrl\":\"https:\/\/homolog.harald.com.br\/site-2026\/wp-content\/uploads\/2018\/06\/cristalizacao-700x520-1.jpg\",\"articleSection\":[\"Chocolates\",\"Coberturas\",\"Not\u00edcias\"],\"inLanguage\":\"pt-BR\",\"potentialAction\":[{\"@type\":\"CommentAction\",\"name\":\"Comment\",\"target\":[\"https:\/\/homolog.harald.com.br\/site-2026\/blog\/por-que-preciso-levar-o-chocolate-cobertura-a-geladeira-para-secar\/#respond\"]}]},{\"@type\":\"WebPage\",\"@id\":\"https:\/\/homolog.harald.com.br\/site-2026\/blog\/por-que-preciso-levar-o-chocolate-cobertura-a-geladeira-para-secar\/\",\"url\":\"https:\/\/homolog.harald.com.br\/site-2026\/blog\/por-que-preciso-levar-o-chocolate-cobertura-a-geladeira-para-secar\/\",\"name\":\"Voc\u00ea sabe por que levar o chocolate \u00e0 geladeira para secar? - Harald\",\"isPartOf\":{\"@id\":\"https:\/\/homolog.harald.com.br\/site-2026\/#website\"},\"primaryImageOfPage\":{\"@id\":\"https:\/\/homolog.harald.com.br\/site-2026\/blog\/por-que-preciso-levar-o-chocolate-cobertura-a-geladeira-para-secar\/#primaryimage\"},\"image\":{\"@id\":\"https:\/\/homolog.harald.com.br\/site-2026\/blog\/por-que-preciso-levar-o-chocolate-cobertura-a-geladeira-para-secar\/#primaryimage\"},\"thumbnailUrl\":\"https:\/\/homolog.harald.com.br\/site-2026\/wp-content\/uploads\/2018\/06\/cristalizacao-700x520-1.jpg\",\"datePublished\":\"2018-06-08T17:00:32+00:00\",\"dateModified\":\"2024-06-03T18:19:17+00:00\",\"description\":\"Descubra a import\u00e2ncia da cristaliza\u00e7\u00e3o na produ\u00e7\u00e3o de chocolate e como esse processo garante estabilidade e brilho ao produto final!\",\"breadcrumb\":{\"@id\":\"https:\/\/homolog.harald.com.br\/site-2026\/blog\/por-que-preciso-levar-o-chocolate-cobertura-a-geladeira-para-secar\/#breadcrumb\"},\"inLanguage\":\"pt-BR\",\"potentialAction\":[{\"@type\":\"ReadAction\",\"target\":[\"https:\/\/homolog.harald.com.br\/site-2026\/blog\/por-que-preciso-levar-o-chocolate-cobertura-a-geladeira-para-secar\/\"]}]},{\"@type\":\"ImageObject\",\"inLanguage\":\"pt-BR\",\"@id\":\"https:\/\/homolog.harald.com.br\/site-2026\/blog\/por-que-preciso-levar-o-chocolate-cobertura-a-geladeira-para-secar\/#primaryimage\",\"url\":\"https:\/\/homolog.harald.com.br\/site-2026\/wp-content\/uploads\/2018\/06\/cristalizacao-700x520-1.jpg\",\"contentUrl\":\"https:\/\/homolog.harald.com.br\/site-2026\/wp-content\/uploads\/2018\/06\/cristalizacao-700x520-1.jpg\",\"width\":700,\"height\":520,\"caption\":\"chocolate\"},{\"@type\":\"BreadcrumbList\",\"@id\":\"https:\/\/homolog.harald.com.br\/site-2026\/blog\/por-que-preciso-levar-o-chocolate-cobertura-a-geladeira-para-secar\/#breadcrumb\",\"itemListElement\":[{\"@type\":\"ListItem\",\"position\":1,\"name\":\"In\u00edcio\",\"item\":\"https:\/\/homolog.harald.com.br\/site-2026\/\"},{\"@type\":\"ListItem\",\"position\":2,\"name\":\"Voc\u00ea sabe por que levar o chocolate \u00e0 geladeira para secar?\"}]},{\"@type\":\"WebSite\",\"@id\":\"https:\/\/homolog.harald.com.br\/site-2026\/#website\",\"url\":\"https:\/\/homolog.harald.com.br\/site-2026\/\",\"name\":\"Harald\",\"description\":\"Fazer melhor \u00e9 fazer com paix\u00e3o\",\"publisher\":{\"@id\":\"https:\/\/homolog.harald.com.br\/site-2026\/#organization\"},\"potentialAction\":[{\"@type\":\"SearchAction\",\"target\":{\"@type\":\"EntryPoint\",\"urlTemplate\":\"https:\/\/homolog.harald.com.br\/site-2026\/?s={search_term_string}\"},\"query-input\":{\"@type\":\"PropertyValueSpecification\",\"valueRequired\":true,\"valueName\":\"search_term_string\"}}],\"inLanguage\":\"pt-BR\"},{\"@type\":\"Organization\",\"@id\":\"https:\/\/homolog.harald.com.br\/site-2026\/#organization\",\"name\":\"Harald\",\"url\":\"https:\/\/homolog.harald.com.br\/site-2026\/\",\"logo\":{\"@type\":\"ImageObject\",\"inLanguage\":\"pt-BR\",\"@id\":\"https:\/\/homolog.harald.com.br\/site-2026\/#\/schema\/logo\/image\/\",\"url\":\"https:\/\/homolog.harald.com.br\/site-2026\/wp-content\/uploads\/2022\/09\/logo-harald-cmyk-ss.png\",\"contentUrl\":\"https:\/\/homolog.harald.com.br\/site-2026\/wp-content\/uploads\/2022\/09\/logo-harald-cmyk-ss.png\",\"width\":1948,\"height\":1051,\"caption\":\"Harald\"},\"image\":{\"@id\":\"https:\/\/homolog.harald.com.br\/site-2026\/#\/schema\/logo\/image\/\"},\"sameAs\":[\"https:\/\/www.facebook.com\/HaraldChocolates\/\",\"https:\/\/www.youtube.com\/user\/HaraldChocolates\"]},{\"@type\":\"Person\",\"@id\":\"https:\/\/homolog.harald.com.br\/site-2026\/#\/schema\/person\/8f279aac8b97607e00c3bca057e0149d\",\"name\":\"SAC Harald\",\"image\":{\"@type\":\"ImageObject\",\"inLanguage\":\"pt-BR\",\"@id\":\"https:\/\/homolog.harald.com.br\/site-2026\/#\/schema\/person\/image\/\",\"url\":\"https:\/\/secure.gravatar.com\/avatar\/639a81ac7e257761472bbd34ff65cfda9732c7ba914d3013ff3bc65cebcbf6b0?s=96&d=mm&r=g\",\"contentUrl\":\"https:\/\/secure.gravatar.com\/avatar\/639a81ac7e257761472bbd34ff65cfda9732c7ba914d3013ff3bc65cebcbf6b0?s=96&d=mm&r=g\",\"caption\":\"SAC Harald\"},\"url\":\"https:\/\/homolog.harald.com.br\/site-2026\/blog\/author\/sac-harald\/\"}]}<\/script>\n<!-- \/ Yoast SEO plugin. -->","yoast_head_json":{"title":"Voc\u00ea sabe por que levar o chocolate \u00e0 geladeira para secar? - Harald","description":"Descubra a import\u00e2ncia da cristaliza\u00e7\u00e3o na produ\u00e7\u00e3o de chocolate e como esse processo garante estabilidade e brilho ao produto final!","robots":{"index":"noindex","follow":"follow","max-snippet":"max-snippet:-1","max-image-preview":"max-image-preview:large","max-video-preview":"max-video-preview:-1"},"og_locale":"pt_BR","og_type":"article","og_title":"Voc\u00ea sabe por que levar o chocolate \u00e0 geladeira para secar? - Harald","og_description":"Descubra a import\u00e2ncia da cristaliza\u00e7\u00e3o na produ\u00e7\u00e3o de chocolate e como esse processo garante estabilidade e brilho ao produto final!","og_url":"https:\/\/homolog.harald.com.br\/site-2026\/blog\/por-que-preciso-levar-o-chocolate-cobertura-a-geladeira-para-secar\/","og_site_name":"Harald","article_publisher":"https:\/\/www.facebook.com\/HaraldChocolates\/","article_published_time":"2018-06-08T17:00:32+00:00","article_modified_time":"2024-06-03T18:19:17+00:00","og_image":[{"width":700,"height":520,"url":"https:\/\/homolog.harald.com.br\/site-2026\/wp-content\/uploads\/2018\/06\/cristalizacao-700x520-1.jpg","type":"image\/jpeg"}],"author":"SAC Harald","twitter_card":"summary_large_image","twitter_misc":{"Escrito por":"SAC Harald","Est. tempo de leitura":"2 minutos"},"schema":{"@context":"https:\/\/schema.org","@graph":[{"@type":"Article","@id":"https:\/\/homolog.harald.com.br\/site-2026\/blog\/por-que-preciso-levar-o-chocolate-cobertura-a-geladeira-para-secar\/#article","isPartOf":{"@id":"https:\/\/homolog.harald.com.br\/site-2026\/blog\/por-que-preciso-levar-o-chocolate-cobertura-a-geladeira-para-secar\/"},"author":{"name":"SAC Harald","@id":"https:\/\/homolog.harald.com.br\/site-2026\/#\/schema\/person\/8f279aac8b97607e00c3bca057e0149d"},"headline":"Voc\u00ea sabe por que levar o chocolate \u00e0 geladeira para secar?","datePublished":"2018-06-08T17:00:32+00:00","dateModified":"2024-06-03T18:19:17+00:00","mainEntityOfPage":{"@id":"https:\/\/homolog.harald.com.br\/site-2026\/blog\/por-que-preciso-levar-o-chocolate-cobertura-a-geladeira-para-secar\/"},"wordCount":228,"commentCount":0,"publisher":{"@id":"https:\/\/homolog.harald.com.br\/site-2026\/#organization"},"image":{"@id":"https:\/\/homolog.harald.com.br\/site-2026\/blog\/por-que-preciso-levar-o-chocolate-cobertura-a-geladeira-para-secar\/#primaryimage"},"thumbnailUrl":"https:\/\/homolog.harald.com.br\/site-2026\/wp-content\/uploads\/2018\/06\/cristalizacao-700x520-1.jpg","articleSection":["Chocolates","Coberturas","Not\u00edcias"],"inLanguage":"pt-BR","potentialAction":[{"@type":"CommentAction","name":"Comment","target":["https:\/\/homolog.harald.com.br\/site-2026\/blog\/por-que-preciso-levar-o-chocolate-cobertura-a-geladeira-para-secar\/#respond"]}]},{"@type":"WebPage","@id":"https:\/\/homolog.harald.com.br\/site-2026\/blog\/por-que-preciso-levar-o-chocolate-cobertura-a-geladeira-para-secar\/","url":"https:\/\/homolog.harald.com.br\/site-2026\/blog\/por-que-preciso-levar-o-chocolate-cobertura-a-geladeira-para-secar\/","name":"Voc\u00ea sabe por que levar o chocolate \u00e0 geladeira para secar? - Harald","isPartOf":{"@id":"https:\/\/homolog.harald.com.br\/site-2026\/#website"},"primaryImageOfPage":{"@id":"https:\/\/homolog.harald.com.br\/site-2026\/blog\/por-que-preciso-levar-o-chocolate-cobertura-a-geladeira-para-secar\/#primaryimage"},"image":{"@id":"https:\/\/homolog.harald.com.br\/site-2026\/blog\/por-que-preciso-levar-o-chocolate-cobertura-a-geladeira-para-secar\/#primaryimage"},"thumbnailUrl":"https:\/\/homolog.harald.com.br\/site-2026\/wp-content\/uploads\/2018\/06\/cristalizacao-700x520-1.jpg","datePublished":"2018-06-08T17:00:32+00:00","dateModified":"2024-06-03T18:19:17+00:00","description":"Descubra a import\u00e2ncia da cristaliza\u00e7\u00e3o na produ\u00e7\u00e3o de chocolate e como esse processo garante estabilidade e brilho ao produto final!","breadcrumb":{"@id":"https:\/\/homolog.harald.com.br\/site-2026\/blog\/por-que-preciso-levar-o-chocolate-cobertura-a-geladeira-para-secar\/#breadcrumb"},"inLanguage":"pt-BR","potentialAction":[{"@type":"ReadAction","target":["https:\/\/homolog.harald.com.br\/site-2026\/blog\/por-que-preciso-levar-o-chocolate-cobertura-a-geladeira-para-secar\/"]}]},{"@type":"ImageObject","inLanguage":"pt-BR","@id":"https:\/\/homolog.harald.com.br\/site-2026\/blog\/por-que-preciso-levar-o-chocolate-cobertura-a-geladeira-para-secar\/#primaryimage","url":"https:\/\/homolog.harald.com.br\/site-2026\/wp-content\/uploads\/2018\/06\/cristalizacao-700x520-1.jpg","contentUrl":"https:\/\/homolog.harald.com.br\/site-2026\/wp-content\/uploads\/2018\/06\/cristalizacao-700x520-1.jpg","width":700,"height":520,"caption":"chocolate"},{"@type":"BreadcrumbList","@id":"https:\/\/homolog.harald.com.br\/site-2026\/blog\/por-que-preciso-levar-o-chocolate-cobertura-a-geladeira-para-secar\/#breadcrumb","itemListElement":[{"@type":"ListItem","position":1,"name":"In\u00edcio","item":"https:\/\/homolog.harald.com.br\/site-2026\/"},{"@type":"ListItem","position":2,"name":"Voc\u00ea sabe por que levar o chocolate \u00e0 geladeira para secar?"}]},{"@type":"WebSite","@id":"https:\/\/homolog.harald.com.br\/site-2026\/#website","url":"https:\/\/homolog.harald.com.br\/site-2026\/","name":"Harald","description":"Fazer melhor \u00e9 fazer com paix\u00e3o","publisher":{"@id":"https:\/\/homolog.harald.com.br\/site-2026\/#organization"},"potentialAction":[{"@type":"SearchAction","target":{"@type":"EntryPoint","urlTemplate":"https:\/\/homolog.harald.com.br\/site-2026\/?s={search_term_string}"},"query-input":{"@type":"PropertyValueSpecification","valueRequired":true,"valueName":"search_term_string"}}],"inLanguage":"pt-BR"},{"@type":"Organization","@id":"https:\/\/homolog.harald.com.br\/site-2026\/#organization","name":"Harald","url":"https:\/\/homolog.harald.com.br\/site-2026\/","logo":{"@type":"ImageObject","inLanguage":"pt-BR","@id":"https:\/\/homolog.harald.com.br\/site-2026\/#\/schema\/logo\/image\/","url":"https:\/\/homolog.harald.com.br\/site-2026\/wp-content\/uploads\/2022\/09\/logo-harald-cmyk-ss.png","contentUrl":"https:\/\/homolog.harald.com.br\/site-2026\/wp-content\/uploads\/2022\/09\/logo-harald-cmyk-ss.png","width":1948,"height":1051,"caption":"Harald"},"image":{"@id":"https:\/\/homolog.harald.com.br\/site-2026\/#\/schema\/logo\/image\/"},"sameAs":["https:\/\/www.facebook.com\/HaraldChocolates\/","https:\/\/www.youtube.com\/user\/HaraldChocolates"]},{"@type":"Person","@id":"https:\/\/homolog.harald.com.br\/site-2026\/#\/schema\/person\/8f279aac8b97607e00c3bca057e0149d","name":"SAC Harald","image":{"@type":"ImageObject","inLanguage":"pt-BR","@id":"https:\/\/homolog.harald.com.br\/site-2026\/#\/schema\/person\/image\/","url":"https:\/\/secure.gravatar.com\/avatar\/639a81ac7e257761472bbd34ff65cfda9732c7ba914d3013ff3bc65cebcbf6b0?s=96&d=mm&r=g","contentUrl":"https:\/\/secure.gravatar.com\/avatar\/639a81ac7e257761472bbd34ff65cfda9732c7ba914d3013ff3bc65cebcbf6b0?s=96&d=mm&r=g","caption":"SAC Harald"},"url":"https:\/\/homolog.harald.com.br\/site-2026\/blog\/author\/sac-harald\/"}]}},"uagb_featured_image_src":{"full":["https:\/\/homolog.harald.com.br\/site-2026\/wp-content\/uploads\/2018\/06\/cristalizacao-700x520-1.jpg",700,520,false],"thumbnail":["https:\/\/homolog.harald.com.br\/site-2026\/wp-content\/uploads\/2018\/06\/cristalizacao-700x520-1-150x150.jpg",150,150,true],"medium":["https:\/\/homolog.harald.com.br\/site-2026\/wp-content\/uploads\/2018\/06\/cristalizacao-700x520-1-300x223.jpg",300,223,true],"medium_large":["https:\/\/homolog.harald.com.br\/site-2026\/wp-content\/uploads\/2018\/06\/cristalizacao-700x520-1.jpg",700,520,false],"large":["https:\/\/homolog.harald.com.br\/site-2026\/wp-content\/uploads\/2018\/06\/cristalizacao-700x520-1.jpg",700,520,false],"1536x1536":["https:\/\/homolog.harald.com.br\/site-2026\/wp-content\/uploads\/2018\/06\/cristalizacao-700x520-1.jpg",700,520,false],"2048x2048":["https:\/\/homolog.harald.com.br\/site-2026\/wp-content\/uploads\/2018\/06\/cristalizacao-700x520-1.jpg",700,520,false],"full-width":["https:\/\/homolog.harald.com.br\/site-2026\/wp-content\/uploads\/2018\/06\/cristalizacao-700x520-1.jpg",700,520,false],"gform-image-choice-sm":["https:\/\/homolog.harald.com.br\/site-2026\/wp-content\/uploads\/2018\/06\/cristalizacao-700x520-1.jpg",300,223,false],"gform-image-choice-md":["https:\/\/homolog.harald.com.br\/site-2026\/wp-content\/uploads\/2018\/06\/cristalizacao-700x520-1.jpg",400,297,false],"gform-image-choice-lg":["https:\/\/homolog.harald.com.br\/site-2026\/wp-content\/uploads\/2018\/06\/cristalizacao-700x520-1.jpg",600,446,false]},"uagb_author_info":{"display_name":"SAC Harald","author_link":"https:\/\/homolog.harald.com.br\/site-2026\/blog\/author\/sac-harald\/"},"uagb_comment_info":0,"uagb_excerpt":"Ap\u00f3s derreter, temperar e moldar o chocolate em casquinhas de bombons, trufas, p\u00e3es de mel, ovos de P\u00e1scoa etc., voc\u00ea realiza o passo final: levar \u00e0 geladeira para que o chocolate \u201cseque\u201d. Mas qual \u00e9 o motivo? A etapa na geladeira \u00e9 uma das mais importantes do processo: a cristaliza\u00e7\u00e3o. Nesse processo, voc\u00ea garante o&hellip;","_links":{"self":[{"href":"https:\/\/homolog.harald.com.br\/site-2026\/wp-json\/wp\/v2\/posts\/732","targetHints":{"allow":["GET"]}}],"collection":[{"href":"https:\/\/homolog.harald.com.br\/site-2026\/wp-json\/wp\/v2\/posts"}],"about":[{"href":"https:\/\/homolog.harald.com.br\/site-2026\/wp-json\/wp\/v2\/types\/post"}],"author":[{"embeddable":true,"href":"https:\/\/homolog.harald.com.br\/site-2026\/wp-json\/wp\/v2\/users\/7"}],"replies":[{"embeddable":true,"href":"https:\/\/homolog.harald.com.br\/site-2026\/wp-json\/wp\/v2\/comments?post=732"}],"version-history":[{"count":2,"href":"https:\/\/homolog.harald.com.br\/site-2026\/wp-json\/wp\/v2\/posts\/732\/revisions"}],"predecessor-version":[{"id":190848,"href":"https:\/\/homolog.harald.com.br\/site-2026\/wp-json\/wp\/v2\/posts\/732\/revisions\/190848"}],"wp:featuredmedia":[{"embeddable":true,"href":"https:\/\/homolog.harald.com.br\/site-2026\/wp-json\/wp\/v2\/media\/733"}],"wp:attachment":[{"href":"https:\/\/homolog.harald.com.br\/site-2026\/wp-json\/wp\/v2\/media?parent=732"}],"wp:term":[{"taxonomy":"category","embeddable":true,"href":"https:\/\/homolog.harald.com.br\/site-2026\/wp-json\/wp\/v2\/categories?post=732"},{"taxonomy":"post_tag","embeddable":true,"href":"https:\/\/homolog.harald.com.br\/site-2026\/wp-json\/wp\/v2\/tags?post=732"},{"taxonomy":"para-seu-negocio","embeddable":true,"href":"https:\/\/homolog.harald.com.br\/site-2026\/wp-json\/wp\/v2\/para-seu-negocio?post=732"}],"curies":[{"name":"wp","href":"https:\/\/api.w.org\/{rel}","templated":true}]}}