{"id":69672,"date":"2023-02-17T14:12:32","date_gmt":"2023-02-17T17:12:32","guid":{"rendered":"https:\/\/homolog.harald.com.br\/site-2026\/?p=69672"},"modified":"2023-02-17T14:12:32","modified_gmt":"2023-02-17T17:12:32","slug":"projeto-de-grao-em-pao-capacita-jovens-da-grande-sao-paulo","status":"publish","type":"post","link":"https:\/\/homolog.harald.com.br\/site-2026\/blog\/projeto-de-grao-em-pao-capacita-jovens-da-grande-sao-paulo\/","title":{"rendered":"Projeto De Gr\u00e3o em P\u00e3o capacita jovens da Grande S\u00e3o Paulo"},"content":{"rendered":"<h1 style=\"text-align: center;\">Projeto De Gr\u00e3o em P\u00e3o capacita jovens da Grande S\u00e3o Paulo<\/h1>\n<p>Programa criado pela Funda\u00e7\u00e3o Bunge oferece treinamento e oportunidade de emprego nos setores de panifica\u00e7\u00e3o, culin\u00e1ria e confeitaria<br \/>\nNa quarta-feira (15), aconteceu a formatura da primeira turma do projeto De Gr\u00e3o em P\u00e3o, uma iniciativa da Funda\u00e7\u00e3o Bunge para oferecer capacita\u00e7\u00e3o a jovens da periferia da Grande S\u00e3o Paulo. Agora, com conhecimento na mente e o certificado nas m\u00e3os, passam de estudantes a profissionais empregados na \u00e1rea de panifica\u00e7\u00e3o, culin\u00e1ria e confeitaria.<\/p>\n<p>Durante quatro meses de aulas e experi\u00eancias na Academia Bunge, um grupo de 15 jovens &#8211; que j\u00e1 demonstravam interesse ou aptid\u00e3o para atuar no segmento &#8211; aprendeu a preparar divesos tipos de p\u00e3es, salgados, doces, itens de confeitaria e a trabalhar com chocolates.<\/p>\n<p>&#8220;Al\u00e9m das aulas te\u00f3ricas e pr\u00e1ticas, receberam orienta\u00e7\u00f5es socioemocionais que ajudar\u00e3o muito na hora que ingressarem no mercado de trabalho&#8221;, disse a diretora-executiva da Funda\u00e7\u00e3o Bunge, Cl\u00e1udia Buzzete Calais.<\/p>\n<p>Essa \u00e9 a nova etapa dos participantes do programa, pois saem da formatura j\u00e1 com uma oportunidade de emprego em padarias associadas ao Sindicato e Associa\u00e7\u00e3o da Ind\u00fastria de Panifica\u00e7\u00e3o e Confeitaria de S\u00e3o Paulo (Sampap\u00e3o), entidade parceira do programa.<\/p>\n<p>Tamb\u00e9m fazem parte da iniciativa a Rede Cidad\u00e3, a Harald Chocolates e o Instituto Gastron\u00f4mico das Am\u00e9ricas (IGA). Isso comprova que a\u00e7\u00f5es coletivas envolvendo agroneg\u00f3cio, ind\u00fastria de alimentos e terceiro setor podem ter um grande impacto socioecon\u00f4mico.<\/p>\n<p>Al\u00e9m de oferecer capacita\u00e7\u00e3o e oportunidade de emprego a esses jovens, o projeto amplia a oferta de m\u00e3o de obra especializada para o setor de panifica\u00e7\u00e3o, que tem mais de 10 mil vagas abertas na Grande S\u00e3o Paulo, segundo o Sampap\u00e3o.<\/p>\n<p>A expectativa inicial de ampliar o projeto j\u00e1 virou realidade. Ainda neste semestre tem in\u00edcio uma nova turma, em S\u00e3o Paulo, e outras tr\u00eas come\u00e7am na segunda metade do ano, uma em S\u00e3o Paulo, uma no Rio de Janeiro e outra em Recife. As inscri\u00e7\u00f5es j\u00e1 est\u00e3o abertas e podem ser feitas pelo site da Funda\u00e7\u00e3o Bunge<\/p>\n","protected":false},"excerpt":{"rendered":"<p>Projeto De Gr\u00e3o em P\u00e3o capacita jovens da Grande S\u00e3o Paulo Programa criado pela Funda\u00e7\u00e3o Bunge oferece treinamento e oportunidade de emprego nos setores de panifica\u00e7\u00e3o, culin\u00e1ria e confeitaria Na quarta-feira (15), aconteceu a formatura da primeira turma do projeto De Gr\u00e3o em P\u00e3o, uma iniciativa da Funda\u00e7\u00e3o Bunge para oferecer capacita\u00e7\u00e3o a jovens da <a class=\"more-link\" href=\"https:\/\/homolog.harald.com.br\/site-2026\/blog\/projeto-de-grao-em-pao-capacita-jovens-da-grande-sao-paulo\/\">Read more&#8230;<\/a><\/p>\n","protected":false},"author":11,"featured_media":69674,"comment_status":"closed","ping_status":"closed","sticky":false,"template":"","format":"standard","meta":{"_acf_changed":false,"_uag_custom_page_level_css":"","footnotes":""},"categories":[158],"tags":[],"para-seu-negocio":[],"class_list":["post-69672","post","type-post","status-publish","format-standard","has-post-thumbnail","hentry","category-noticias"],"acf":[],"yoast_head":"<!-- This site is optimized with the Yoast SEO plugin v26.3 - https:\/\/yoast.com\/wordpress\/plugins\/seo\/ -->\n<title>Projeto De Gr\u00e3o em P\u00e3o capacita jovens da Grande S\u00e3o Paulo - Harald<\/title>\n<meta name=\"robots\" content=\"noindex, follow, max-snippet:-1, max-image-preview:large, max-video-preview:-1\" \/>\n<meta property=\"og:locale\" content=\"pt_BR\" \/>\n<meta property=\"og:type\" content=\"article\" \/>\n<meta property=\"og:title\" content=\"Projeto De Gr\u00e3o em P\u00e3o capacita jovens da Grande S\u00e3o Paulo - Harald\" \/>\n<meta property=\"og:description\" content=\"Projeto De Gr\u00e3o em P\u00e3o capacita jovens da Grande S\u00e3o Paulo Programa criado pela Funda\u00e7\u00e3o Bunge oferece treinamento e oportunidade de emprego nos setores de panifica\u00e7\u00e3o, culin\u00e1ria e confeitaria Na quarta-feira (15), aconteceu a formatura da primeira turma do projeto De Gr\u00e3o em P\u00e3o, uma iniciativa da Funda\u00e7\u00e3o Bunge para oferecer capacita\u00e7\u00e3o a jovens da Read more...\" \/>\n<meta property=\"og:url\" content=\"https:\/\/homolog.harald.com.br\/site-2026\/blog\/projeto-de-grao-em-pao-capacita-jovens-da-grande-sao-paulo\/\" \/>\n<meta property=\"og:site_name\" content=\"Harald\" \/>\n<meta property=\"article:publisher\" content=\"https:\/\/www.facebook.com\/HaraldChocolates\/\" \/>\n<meta property=\"article:published_time\" content=\"2023-02-17T17:12:32+00:00\" \/>\n<meta property=\"og:image\" content=\"https:\/\/homolog.harald.com.br\/site-2026\/wp-content\/uploads\/2023\/02\/captura-de-tela-2023-02-17-141205.png\" \/>\n\t<meta property=\"og:image:width\" content=\"855\" \/>\n\t<meta property=\"og:image:height\" content=\"441\" \/>\n\t<meta property=\"og:image:type\" content=\"image\/png\" \/>\n<meta name=\"author\" content=\"Bruna Teodoro\" \/>\n<meta name=\"twitter:card\" content=\"summary_large_image\" \/>\n<meta name=\"twitter:label1\" content=\"Escrito por\" \/>\n\t<meta name=\"twitter:data1\" content=\"Bruna Teodoro\" \/>\n\t<meta name=\"twitter:label2\" content=\"Est. tempo de leitura\" \/>\n\t<meta name=\"twitter:data2\" content=\"2 minutos\" \/>\n<script type=\"application\/ld+json\" class=\"yoast-schema-graph\">{\"@context\":\"https:\/\/schema.org\",\"@graph\":[{\"@type\":\"Article\",\"@id\":\"https:\/\/homolog.harald.com.br\/site-2026\/blog\/projeto-de-grao-em-pao-capacita-jovens-da-grande-sao-paulo\/#article\",\"isPartOf\":{\"@id\":\"https:\/\/homolog.harald.com.br\/site-2026\/blog\/projeto-de-grao-em-pao-capacita-jovens-da-grande-sao-paulo\/\"},\"author\":{\"name\":\"Bruna Teodoro\",\"@id\":\"https:\/\/homolog.harald.com.br\/site-2026\/#\/schema\/person\/37dcc072f872b17c519dd3097a7925e5\"},\"headline\":\"Projeto De Gr\u00e3o em P\u00e3o capacita jovens da Grande S\u00e3o Paulo\",\"datePublished\":\"2023-02-17T17:12:32+00:00\",\"mainEntityOfPage\":{\"@id\":\"https:\/\/homolog.harald.com.br\/site-2026\/blog\/projeto-de-grao-em-pao-capacita-jovens-da-grande-sao-paulo\/\"},\"wordCount\":391,\"publisher\":{\"@id\":\"https:\/\/homolog.harald.com.br\/site-2026\/#organization\"},\"image\":{\"@id\":\"https:\/\/homolog.harald.com.br\/site-2026\/blog\/projeto-de-grao-em-pao-capacita-jovens-da-grande-sao-paulo\/#primaryimage\"},\"thumbnailUrl\":\"https:\/\/homolog.harald.com.br\/site-2026\/wp-content\/uploads\/2023\/02\/captura-de-tela-2023-02-17-141205.png\",\"articleSection\":[\"Not\u00edcias\"],\"inLanguage\":\"pt-BR\"},{\"@type\":\"WebPage\",\"@id\":\"https:\/\/homolog.harald.com.br\/site-2026\/blog\/projeto-de-grao-em-pao-capacita-jovens-da-grande-sao-paulo\/\",\"url\":\"https:\/\/homolog.harald.com.br\/site-2026\/blog\/projeto-de-grao-em-pao-capacita-jovens-da-grande-sao-paulo\/\",\"name\":\"Projeto De Gr\u00e3o em P\u00e3o capacita jovens da Grande S\u00e3o Paulo - Harald\",\"isPartOf\":{\"@id\":\"https:\/\/homolog.harald.com.br\/site-2026\/#website\"},\"primaryImageOfPage\":{\"@id\":\"https:\/\/homolog.harald.com.br\/site-2026\/blog\/projeto-de-grao-em-pao-capacita-jovens-da-grande-sao-paulo\/#primaryimage\"},\"image\":{\"@id\":\"https:\/\/homolog.harald.com.br\/site-2026\/blog\/projeto-de-grao-em-pao-capacita-jovens-da-grande-sao-paulo\/#primaryimage\"},\"thumbnailUrl\":\"https:\/\/homolog.harald.com.br\/site-2026\/wp-content\/uploads\/2023\/02\/captura-de-tela-2023-02-17-141205.png\",\"datePublished\":\"2023-02-17T17:12:32+00:00\",\"breadcrumb\":{\"@id\":\"https:\/\/homolog.harald.com.br\/site-2026\/blog\/projeto-de-grao-em-pao-capacita-jovens-da-grande-sao-paulo\/#breadcrumb\"},\"inLanguage\":\"pt-BR\",\"potentialAction\":[{\"@type\":\"ReadAction\",\"target\":[\"https:\/\/homolog.harald.com.br\/site-2026\/blog\/projeto-de-grao-em-pao-capacita-jovens-da-grande-sao-paulo\/\"]}]},{\"@type\":\"ImageObject\",\"inLanguage\":\"pt-BR\",\"@id\":\"https:\/\/homolog.harald.com.br\/site-2026\/blog\/projeto-de-grao-em-pao-capacita-jovens-da-grande-sao-paulo\/#primaryimage\",\"url\":\"https:\/\/homolog.harald.com.br\/site-2026\/wp-content\/uploads\/2023\/02\/captura-de-tela-2023-02-17-141205.png\",\"contentUrl\":\"https:\/\/homolog.harald.com.br\/site-2026\/wp-content\/uploads\/2023\/02\/captura-de-tela-2023-02-17-141205.png\",\"width\":855,\"height\":441},{\"@type\":\"BreadcrumbList\",\"@id\":\"https:\/\/homolog.harald.com.br\/site-2026\/blog\/projeto-de-grao-em-pao-capacita-jovens-da-grande-sao-paulo\/#breadcrumb\",\"itemListElement\":[{\"@type\":\"ListItem\",\"position\":1,\"name\":\"In\u00edcio\",\"item\":\"https:\/\/homolog.harald.com.br\/site-2026\/\"},{\"@type\":\"ListItem\",\"position\":2,\"name\":\"Projeto De Gr\u00e3o em P\u00e3o capacita jovens da Grande S\u00e3o Paulo\"}]},{\"@type\":\"WebSite\",\"@id\":\"https:\/\/homolog.harald.com.br\/site-2026\/#website\",\"url\":\"https:\/\/homolog.harald.com.br\/site-2026\/\",\"name\":\"Harald\",\"description\":\"Fazer melhor \u00e9 fazer com paix\u00e3o\",\"publisher\":{\"@id\":\"https:\/\/homolog.harald.com.br\/site-2026\/#organization\"},\"potentialAction\":[{\"@type\":\"SearchAction\",\"target\":{\"@type\":\"EntryPoint\",\"urlTemplate\":\"https:\/\/homolog.harald.com.br\/site-2026\/?s={search_term_string}\"},\"query-input\":{\"@type\":\"PropertyValueSpecification\",\"valueRequired\":true,\"valueName\":\"search_term_string\"}}],\"inLanguage\":\"pt-BR\"},{\"@type\":\"Organization\",\"@id\":\"https:\/\/homolog.harald.com.br\/site-2026\/#organization\",\"name\":\"Harald\",\"url\":\"https:\/\/homolog.harald.com.br\/site-2026\/\",\"logo\":{\"@type\":\"ImageObject\",\"inLanguage\":\"pt-BR\",\"@id\":\"https:\/\/homolog.harald.com.br\/site-2026\/#\/schema\/logo\/image\/\",\"url\":\"https:\/\/homolog.harald.com.br\/site-2026\/wp-content\/uploads\/2022\/09\/logo-harald-cmyk-ss.png\",\"contentUrl\":\"https:\/\/homolog.harald.com.br\/site-2026\/wp-content\/uploads\/2022\/09\/logo-harald-cmyk-ss.png\",\"width\":1948,\"height\":1051,\"caption\":\"Harald\"},\"image\":{\"@id\":\"https:\/\/homolog.harald.com.br\/site-2026\/#\/schema\/logo\/image\/\"},\"sameAs\":[\"https:\/\/www.facebook.com\/HaraldChocolates\/\",\"https:\/\/www.youtube.com\/user\/HaraldChocolates\"]},{\"@type\":\"Person\",\"@id\":\"https:\/\/homolog.harald.com.br\/site-2026\/#\/schema\/person\/37dcc072f872b17c519dd3097a7925e5\",\"name\":\"Bruna Teodoro\",\"image\":{\"@type\":\"ImageObject\",\"inLanguage\":\"pt-BR\",\"@id\":\"https:\/\/homolog.harald.com.br\/site-2026\/#\/schema\/person\/image\/\",\"url\":\"https:\/\/secure.gravatar.com\/avatar\/7da0050c7a3bd4d6df113dcfae1a5b72c8690bc5d4bb4fabab7e4d34d582ceea?s=96&d=mm&r=g\",\"contentUrl\":\"https:\/\/secure.gravatar.com\/avatar\/7da0050c7a3bd4d6df113dcfae1a5b72c8690bc5d4bb4fabab7e4d34d582ceea?s=96&d=mm&r=g\",\"caption\":\"Bruna Teodoro\"},\"url\":\"https:\/\/homolog.harald.com.br\/site-2026\/blog\/author\/bruna-teodoro\/\"}]}<\/script>\n<!-- \/ Yoast SEO plugin. -->","yoast_head_json":{"title":"Projeto De Gr\u00e3o em P\u00e3o capacita jovens da Grande S\u00e3o Paulo - Harald","robots":{"index":"noindex","follow":"follow","max-snippet":"max-snippet:-1","max-image-preview":"max-image-preview:large","max-video-preview":"max-video-preview:-1"},"og_locale":"pt_BR","og_type":"article","og_title":"Projeto De Gr\u00e3o em P\u00e3o capacita jovens da Grande S\u00e3o Paulo - Harald","og_description":"Projeto De Gr\u00e3o em P\u00e3o capacita jovens da Grande S\u00e3o Paulo Programa criado pela Funda\u00e7\u00e3o Bunge oferece treinamento e oportunidade de emprego nos setores de panifica\u00e7\u00e3o, culin\u00e1ria e confeitaria Na quarta-feira (15), aconteceu a formatura da primeira turma do projeto De Gr\u00e3o em P\u00e3o, uma iniciativa da Funda\u00e7\u00e3o Bunge para oferecer capacita\u00e7\u00e3o a jovens da Read more...","og_url":"https:\/\/homolog.harald.com.br\/site-2026\/blog\/projeto-de-grao-em-pao-capacita-jovens-da-grande-sao-paulo\/","og_site_name":"Harald","article_publisher":"https:\/\/www.facebook.com\/HaraldChocolates\/","article_published_time":"2023-02-17T17:12:32+00:00","og_image":[{"width":855,"height":441,"url":"https:\/\/homolog.harald.com.br\/site-2026\/wp-content\/uploads\/2023\/02\/captura-de-tela-2023-02-17-141205.png","type":"image\/png"}],"author":"Bruna Teodoro","twitter_card":"summary_large_image","twitter_misc":{"Escrito por":"Bruna Teodoro","Est. tempo de leitura":"2 minutos"},"schema":{"@context":"https:\/\/schema.org","@graph":[{"@type":"Article","@id":"https:\/\/homolog.harald.com.br\/site-2026\/blog\/projeto-de-grao-em-pao-capacita-jovens-da-grande-sao-paulo\/#article","isPartOf":{"@id":"https:\/\/homolog.harald.com.br\/site-2026\/blog\/projeto-de-grao-em-pao-capacita-jovens-da-grande-sao-paulo\/"},"author":{"name":"Bruna Teodoro","@id":"https:\/\/homolog.harald.com.br\/site-2026\/#\/schema\/person\/37dcc072f872b17c519dd3097a7925e5"},"headline":"Projeto De Gr\u00e3o em P\u00e3o capacita jovens da Grande S\u00e3o Paulo","datePublished":"2023-02-17T17:12:32+00:00","mainEntityOfPage":{"@id":"https:\/\/homolog.harald.com.br\/site-2026\/blog\/projeto-de-grao-em-pao-capacita-jovens-da-grande-sao-paulo\/"},"wordCount":391,"publisher":{"@id":"https:\/\/homolog.harald.com.br\/site-2026\/#organization"},"image":{"@id":"https:\/\/homolog.harald.com.br\/site-2026\/blog\/projeto-de-grao-em-pao-capacita-jovens-da-grande-sao-paulo\/#primaryimage"},"thumbnailUrl":"https:\/\/homolog.harald.com.br\/site-2026\/wp-content\/uploads\/2023\/02\/captura-de-tela-2023-02-17-141205.png","articleSection":["Not\u00edcias"],"inLanguage":"pt-BR"},{"@type":"WebPage","@id":"https:\/\/homolog.harald.com.br\/site-2026\/blog\/projeto-de-grao-em-pao-capacita-jovens-da-grande-sao-paulo\/","url":"https:\/\/homolog.harald.com.br\/site-2026\/blog\/projeto-de-grao-em-pao-capacita-jovens-da-grande-sao-paulo\/","name":"Projeto De Gr\u00e3o em P\u00e3o capacita jovens da Grande S\u00e3o Paulo - Harald","isPartOf":{"@id":"https:\/\/homolog.harald.com.br\/site-2026\/#website"},"primaryImageOfPage":{"@id":"https:\/\/homolog.harald.com.br\/site-2026\/blog\/projeto-de-grao-em-pao-capacita-jovens-da-grande-sao-paulo\/#primaryimage"},"image":{"@id":"https:\/\/homolog.harald.com.br\/site-2026\/blog\/projeto-de-grao-em-pao-capacita-jovens-da-grande-sao-paulo\/#primaryimage"},"thumbnailUrl":"https:\/\/homolog.harald.com.br\/site-2026\/wp-content\/uploads\/2023\/02\/captura-de-tela-2023-02-17-141205.png","datePublished":"2023-02-17T17:12:32+00:00","breadcrumb":{"@id":"https:\/\/homolog.harald.com.br\/site-2026\/blog\/projeto-de-grao-em-pao-capacita-jovens-da-grande-sao-paulo\/#breadcrumb"},"inLanguage":"pt-BR","potentialAction":[{"@type":"ReadAction","target":["https:\/\/homolog.harald.com.br\/site-2026\/blog\/projeto-de-grao-em-pao-capacita-jovens-da-grande-sao-paulo\/"]}]},{"@type":"ImageObject","inLanguage":"pt-BR","@id":"https:\/\/homolog.harald.com.br\/site-2026\/blog\/projeto-de-grao-em-pao-capacita-jovens-da-grande-sao-paulo\/#primaryimage","url":"https:\/\/homolog.harald.com.br\/site-2026\/wp-content\/uploads\/2023\/02\/captura-de-tela-2023-02-17-141205.png","contentUrl":"https:\/\/homolog.harald.com.br\/site-2026\/wp-content\/uploads\/2023\/02\/captura-de-tela-2023-02-17-141205.png","width":855,"height":441},{"@type":"BreadcrumbList","@id":"https:\/\/homolog.harald.com.br\/site-2026\/blog\/projeto-de-grao-em-pao-capacita-jovens-da-grande-sao-paulo\/#breadcrumb","itemListElement":[{"@type":"ListItem","position":1,"name":"In\u00edcio","item":"https:\/\/homolog.harald.com.br\/site-2026\/"},{"@type":"ListItem","position":2,"name":"Projeto De Gr\u00e3o em P\u00e3o capacita jovens da Grande S\u00e3o Paulo"}]},{"@type":"WebSite","@id":"https:\/\/homolog.harald.com.br\/site-2026\/#website","url":"https:\/\/homolog.harald.com.br\/site-2026\/","name":"Harald","description":"Fazer melhor \u00e9 fazer com paix\u00e3o","publisher":{"@id":"https:\/\/homolog.harald.com.br\/site-2026\/#organization"},"potentialAction":[{"@type":"SearchAction","target":{"@type":"EntryPoint","urlTemplate":"https:\/\/homolog.harald.com.br\/site-2026\/?s={search_term_string}"},"query-input":{"@type":"PropertyValueSpecification","valueRequired":true,"valueName":"search_term_string"}}],"inLanguage":"pt-BR"},{"@type":"Organization","@id":"https:\/\/homolog.harald.com.br\/site-2026\/#organization","name":"Harald","url":"https:\/\/homolog.harald.com.br\/site-2026\/","logo":{"@type":"ImageObject","inLanguage":"pt-BR","@id":"https:\/\/homolog.harald.com.br\/site-2026\/#\/schema\/logo\/image\/","url":"https:\/\/homolog.harald.com.br\/site-2026\/wp-content\/uploads\/2022\/09\/logo-harald-cmyk-ss.png","contentUrl":"https:\/\/homolog.harald.com.br\/site-2026\/wp-content\/uploads\/2022\/09\/logo-harald-cmyk-ss.png","width":1948,"height":1051,"caption":"Harald"},"image":{"@id":"https:\/\/homolog.harald.com.br\/site-2026\/#\/schema\/logo\/image\/"},"sameAs":["https:\/\/www.facebook.com\/HaraldChocolates\/","https:\/\/www.youtube.com\/user\/HaraldChocolates"]},{"@type":"Person","@id":"https:\/\/homolog.harald.com.br\/site-2026\/#\/schema\/person\/37dcc072f872b17c519dd3097a7925e5","name":"Bruna Teodoro","image":{"@type":"ImageObject","inLanguage":"pt-BR","@id":"https:\/\/homolog.harald.com.br\/site-2026\/#\/schema\/person\/image\/","url":"https:\/\/secure.gravatar.com\/avatar\/7da0050c7a3bd4d6df113dcfae1a5b72c8690bc5d4bb4fabab7e4d34d582ceea?s=96&d=mm&r=g","contentUrl":"https:\/\/secure.gravatar.com\/avatar\/7da0050c7a3bd4d6df113dcfae1a5b72c8690bc5d4bb4fabab7e4d34d582ceea?s=96&d=mm&r=g","caption":"Bruna Teodoro"},"url":"https:\/\/homolog.harald.com.br\/site-2026\/blog\/author\/bruna-teodoro\/"}]}},"uagb_featured_image_src":{"full":["https:\/\/homolog.harald.com.br\/site-2026\/wp-content\/uploads\/2023\/02\/captura-de-tela-2023-02-17-141205.png",855,441,false],"thumbnail":["https:\/\/homolog.harald.com.br\/site-2026\/wp-content\/uploads\/2023\/02\/captura-de-tela-2023-02-17-141205-150x150.png",150,150,true],"medium":["https:\/\/homolog.harald.com.br\/site-2026\/wp-content\/uploads\/2023\/02\/captura-de-tela-2023-02-17-141205-300x155.png",300,155,true],"medium_large":["https:\/\/homolog.harald.com.br\/site-2026\/wp-content\/uploads\/2023\/02\/captura-de-tela-2023-02-17-141205-768x396.png",768,396,true],"large":["https:\/\/homolog.harald.com.br\/site-2026\/wp-content\/uploads\/2023\/02\/captura-de-tela-2023-02-17-141205.png",855,441,false],"1536x1536":["https:\/\/homolog.harald.com.br\/site-2026\/wp-content\/uploads\/2023\/02\/captura-de-tela-2023-02-17-141205.png",855,441,false],"2048x2048":["https:\/\/homolog.harald.com.br\/site-2026\/wp-content\/uploads\/2023\/02\/captura-de-tela-2023-02-17-141205.png",855,441,false],"full-width":["https:\/\/homolog.harald.com.br\/site-2026\/wp-content\/uploads\/2023\/02\/captura-de-tela-2023-02-17-141205.png",855,441,false],"gform-image-choice-sm":["https:\/\/homolog.harald.com.br\/site-2026\/wp-content\/uploads\/2023\/02\/captura-de-tela-2023-02-17-141205.png",300,155,false],"gform-image-choice-md":["https:\/\/homolog.harald.com.br\/site-2026\/wp-content\/uploads\/2023\/02\/captura-de-tela-2023-02-17-141205.png",400,206,false],"gform-image-choice-lg":["https:\/\/homolog.harald.com.br\/site-2026\/wp-content\/uploads\/2023\/02\/captura-de-tela-2023-02-17-141205.png",600,309,false]},"uagb_author_info":{"display_name":"Bruna Teodoro","author_link":"https:\/\/homolog.harald.com.br\/site-2026\/blog\/author\/bruna-teodoro\/"},"uagb_comment_info":0,"uagb_excerpt":"Projeto De Gr\u00e3o em P\u00e3o capacita jovens da Grande S\u00e3o Paulo Programa criado pela Funda\u00e7\u00e3o Bunge oferece treinamento e oportunidade de emprego nos setores de panifica\u00e7\u00e3o, culin\u00e1ria e confeitaria Na quarta-feira (15), aconteceu a formatura da primeira turma do projeto De Gr\u00e3o em P\u00e3o, uma iniciativa da Funda\u00e7\u00e3o Bunge para oferecer capacita\u00e7\u00e3o a jovens da&hellip;","_links":{"self":[{"href":"https:\/\/homolog.harald.com.br\/site-2026\/wp-json\/wp\/v2\/posts\/69672","targetHints":{"allow":["GET"]}}],"collection":[{"href":"https:\/\/homolog.harald.com.br\/site-2026\/wp-json\/wp\/v2\/posts"}],"about":[{"href":"https:\/\/homolog.harald.com.br\/site-2026\/wp-json\/wp\/v2\/types\/post"}],"author":[{"embeddable":true,"href":"https:\/\/homolog.harald.com.br\/site-2026\/wp-json\/wp\/v2\/users\/11"}],"replies":[{"embeddable":true,"href":"https:\/\/homolog.harald.com.br\/site-2026\/wp-json\/wp\/v2\/comments?post=69672"}],"version-history":[{"count":2,"href":"https:\/\/homolog.harald.com.br\/site-2026\/wp-json\/wp\/v2\/posts\/69672\/revisions"}],"predecessor-version":[{"id":69678,"href":"https:\/\/homolog.harald.com.br\/site-2026\/wp-json\/wp\/v2\/posts\/69672\/revisions\/69678"}],"wp:featuredmedia":[{"embeddable":true,"href":"https:\/\/homolog.harald.com.br\/site-2026\/wp-json\/wp\/v2\/media\/69674"}],"wp:attachment":[{"href":"https:\/\/homolog.harald.com.br\/site-2026\/wp-json\/wp\/v2\/media?parent=69672"}],"wp:term":[{"taxonomy":"category","embeddable":true,"href":"https:\/\/homolog.harald.com.br\/site-2026\/wp-json\/wp\/v2\/categories?post=69672"},{"taxonomy":"post_tag","embeddable":true,"href":"https:\/\/homolog.harald.com.br\/site-2026\/wp-json\/wp\/v2\/tags?post=69672"},{"taxonomy":"para-seu-negocio","embeddable":true,"href":"https:\/\/homolog.harald.com.br\/site-2026\/wp-json\/wp\/v2\/para-seu-negocio?post=69672"}],"curies":[{"name":"wp","href":"https:\/\/api.w.org\/{rel}","templated":true}]}}