{"id":685,"date":"2019-01-15T12:16:46","date_gmt":"2019-01-15T15:16:46","guid":{"rendered":"https:\/\/homolog.harald.com.br\/site-2026\/?p=10068"},"modified":"2024-06-05T12:06:31","modified_gmt":"2024-06-05T15:06:31","slug":"chocolate-e-verao-tome-cuidado","status":"publish","type":"post","link":"https:\/\/homolog.harald.com.br\/site-2026\/blog\/chocolate-e-verao-tome-cuidado\/","title":{"rendered":"Chocolate no ver\u00e3o &#8211; tome cuidado!"},"content":{"rendered":"<h3>Como Lidar com Chocolate no Ver\u00e3o: Dicas Essenciais<\/h3>\n<h4>Desafios do Ver\u00e3o para Quem Trabalha com Chocolate<\/h4>\n<p>O ver\u00e3o brasileiro apresenta um grande desafio para quem trabalha com chocolate. O calor e a umidade, comuns nessa esta\u00e7\u00e3o, afetam diretamente a qualidade do produto. Al\u00e9m disso, a P\u00e1scoa, a \u00e9poca mais importante do ano para o setor, coincide com o ver\u00e3o. Aqui est\u00e3o algumas dicas para que o calor e a umidade n\u00e3o atrapalhem sua produ\u00e7\u00e3o.<\/p>\n<h3>Pr\u00e9 e p\u00f3s compra:<\/h3>\n<p>Verifique a exposi\u00e7\u00e3o do produto no ponto de venda. O chocolate deve estar em um local fresco e arejado, longe da luz solar direta. Fa\u00e7a suas compras bem cedo ou \u00e0 noite, dessa forma, voc\u00ea evita a exposi\u00e7\u00e3o ao calor do dia.<\/p>\n<p>Logo ap\u00f3s, a compra leve os produtos imediatamente para casa. Evite circular com coberturas e chocolates a p\u00e9 ou de \u00f4nibus pela cidade, e nunca deixe-os na sacola de compras dentro do carro. Em todos esses casos, o chocolate ficar\u00e1 exposto ao calor. Utilize caixas t\u00e9rmicas para facilitar o transporte e evitar que os produtos superaque\u00e7am. Se estiver de carro, mantenha o ar-condicionado ligado e evite o porta-malas.<\/p>\n<h3>Durante a Produ\u00e7\u00e3o<\/h3>\n<p>Trabalhe em um ambiente climatizado, com temperatura entre 18\u00b0C e 25\u00b0C. Investir em um ar-condicionado pode ser crucial para quem produz em grande escala. Assim, se isso n\u00e3o for poss\u00edvel, procure trabalhar nos hor\u00e1rios mais amenos, como \u00e0 noite ou de madrugada.<\/p>\n<h3>Armazenamento Adequado<\/h3>\n<p>Com o calor e a umidade, o armazenamento dos chocolates pode se tornar problem\u00e1tico. O ideal \u00e9 ter um bom giro de estoque: compre, produza e entregue o mais r\u00e1pido poss\u00edvel. Utilize caixas t\u00e9rmicas para entregas longas. Se precisar armazenar as barras em casa, escolha o local mais fresco e arejado poss\u00edvel. Evite geladeira e freezer, pois eles podem causar outros problemas para o chocolate.<\/p>\n<h3>Conte Conosco para Mais Dicas<\/h3>\n<p>Se precisar de mais dicas ou tiver d\u00favidas sobre como lidar com chocolates e coberturas no ver\u00e3o, entre em contato. Estamos aqui para ajudar voc\u00ea a manter a qualidade de seus produtos durante essa \u00e9poca desafiadora.<\/p>\n","protected":false},"excerpt":{"rendered":"<p>Como Lidar com Chocolate no Ver\u00e3o: Dicas Essenciais Desafios do Ver\u00e3o para Quem Trabalha com Chocolate O ver\u00e3o brasileiro apresenta um grande desafio para quem trabalha com chocolate. O calor e a umidade, comuns nessa esta\u00e7\u00e3o, afetam diretamente a qualidade do produto. Al\u00e9m disso, a P\u00e1scoa, a \u00e9poca mais importante do ano para o setor, <a class=\"more-link\" href=\"https:\/\/homolog.harald.com.br\/site-2026\/blog\/chocolate-e-verao-tome-cuidado\/\">Read more&#8230;<\/a><\/p>\n","protected":false},"author":7,"featured_media":686,"comment_status":"open","ping_status":"open","sticky":false,"template":"","format":"standard","meta":{"_acf_changed":false,"_uag_custom_page_level_css":"","footnotes":""},"categories":[21,22,158],"tags":[],"para-seu-negocio":[],"class_list":["post-685","post","type-post","status-publish","format-standard","has-post-thumbnail","hentry","category-blog-chocolates","category-blog-coberturas","category-noticias"],"acf":[],"yoast_head":"<!-- This site is optimized with the Yoast SEO plugin v26.3 - https:\/\/yoast.com\/wordpress\/plugins\/seo\/ -->\n<title>Chocolate no ver\u00e3o - tome cuidado! - Harald<\/title>\n<meta name=\"description\" content=\"Enfrente os desafios do chocolate no ver\u00e3o, siga nossas dicas pr\u00e1ticas e prenda como comprar, transportar, produzir e armazenar!\" \/>\n<meta name=\"robots\" content=\"noindex, follow, max-snippet:-1, max-image-preview:large, max-video-preview:-1\" \/>\n<meta property=\"og:locale\" content=\"pt_BR\" \/>\n<meta property=\"og:type\" content=\"article\" \/>\n<meta property=\"og:title\" content=\"Chocolate no ver\u00e3o - tome cuidado! - Harald\" \/>\n<meta property=\"og:description\" content=\"Enfrente os desafios do chocolate no ver\u00e3o, siga nossas dicas pr\u00e1ticas e prenda como comprar, transportar, produzir e armazenar!\" \/>\n<meta property=\"og:url\" content=\"https:\/\/homolog.harald.com.br\/site-2026\/blog\/chocolate-e-verao-tome-cuidado\/\" \/>\n<meta property=\"og:site_name\" content=\"Harald\" \/>\n<meta property=\"article:publisher\" content=\"https:\/\/www.facebook.com\/HaraldChocolates\/\" \/>\n<meta property=\"article:published_time\" content=\"2019-01-15T15:16:46+00:00\" \/>\n<meta property=\"article:modified_time\" content=\"2024-06-05T15:06:31+00:00\" \/>\n<meta property=\"og:image\" content=\"https:\/\/homolog.harald.com.br\/site-2026\/wp-content\/uploads\/2019\/01\/blog-verao-700x520-1.jpg\" \/>\n\t<meta property=\"og:image:width\" content=\"700\" \/>\n\t<meta property=\"og:image:height\" content=\"520\" \/>\n\t<meta property=\"og:image:type\" content=\"image\/jpeg\" \/>\n<meta name=\"author\" content=\"SAC Harald\" \/>\n<meta name=\"twitter:card\" content=\"summary_large_image\" \/>\n<meta name=\"twitter:label1\" content=\"Escrito por\" \/>\n\t<meta name=\"twitter:data1\" content=\"SAC Harald\" \/>\n\t<meta name=\"twitter:label2\" content=\"Est. tempo de leitura\" \/>\n\t<meta name=\"twitter:data2\" content=\"3 minutos\" \/>\n<script type=\"application\/ld+json\" class=\"yoast-schema-graph\">{\"@context\":\"https:\/\/schema.org\",\"@graph\":[{\"@type\":\"Article\",\"@id\":\"https:\/\/homolog.harald.com.br\/site-2026\/blog\/chocolate-e-verao-tome-cuidado\/#article\",\"isPartOf\":{\"@id\":\"https:\/\/homolog.harald.com.br\/site-2026\/blog\/chocolate-e-verao-tome-cuidado\/\"},\"author\":{\"name\":\"SAC Harald\",\"@id\":\"https:\/\/homolog.harald.com.br\/site-2026\/#\/schema\/person\/8f279aac8b97607e00c3bca057e0149d\"},\"headline\":\"Chocolate no ver\u00e3o &#8211; tome cuidado!\",\"datePublished\":\"2019-01-15T15:16:46+00:00\",\"dateModified\":\"2024-06-05T15:06:31+00:00\",\"mainEntityOfPage\":{\"@id\":\"https:\/\/homolog.harald.com.br\/site-2026\/blog\/chocolate-e-verao-tome-cuidado\/\"},\"wordCount\":373,\"commentCount\":0,\"publisher\":{\"@id\":\"https:\/\/homolog.harald.com.br\/site-2026\/#organization\"},\"image\":{\"@id\":\"https:\/\/homolog.harald.com.br\/site-2026\/blog\/chocolate-e-verao-tome-cuidado\/#primaryimage\"},\"thumbnailUrl\":\"https:\/\/homolog.harald.com.br\/site-2026\/wp-content\/uploads\/2019\/01\/blog-verao-700x520-1.jpg\",\"articleSection\":[\"Chocolates\",\"Coberturas\",\"Not\u00edcias\"],\"inLanguage\":\"pt-BR\",\"potentialAction\":[{\"@type\":\"CommentAction\",\"name\":\"Comment\",\"target\":[\"https:\/\/homolog.harald.com.br\/site-2026\/blog\/chocolate-e-verao-tome-cuidado\/#respond\"]}]},{\"@type\":\"WebPage\",\"@id\":\"https:\/\/homolog.harald.com.br\/site-2026\/blog\/chocolate-e-verao-tome-cuidado\/\",\"url\":\"https:\/\/homolog.harald.com.br\/site-2026\/blog\/chocolate-e-verao-tome-cuidado\/\",\"name\":\"Chocolate no ver\u00e3o - tome cuidado! - Harald\",\"isPartOf\":{\"@id\":\"https:\/\/homolog.harald.com.br\/site-2026\/#website\"},\"primaryImageOfPage\":{\"@id\":\"https:\/\/homolog.harald.com.br\/site-2026\/blog\/chocolate-e-verao-tome-cuidado\/#primaryimage\"},\"image\":{\"@id\":\"https:\/\/homolog.harald.com.br\/site-2026\/blog\/chocolate-e-verao-tome-cuidado\/#primaryimage\"},\"thumbnailUrl\":\"https:\/\/homolog.harald.com.br\/site-2026\/wp-content\/uploads\/2019\/01\/blog-verao-700x520-1.jpg\",\"datePublished\":\"2019-01-15T15:16:46+00:00\",\"dateModified\":\"2024-06-05T15:06:31+00:00\",\"description\":\"Enfrente os desafios do chocolate no ver\u00e3o, siga nossas dicas pr\u00e1ticas e prenda como comprar, transportar, produzir e armazenar!\",\"breadcrumb\":{\"@id\":\"https:\/\/homolog.harald.com.br\/site-2026\/blog\/chocolate-e-verao-tome-cuidado\/#breadcrumb\"},\"inLanguage\":\"pt-BR\",\"potentialAction\":[{\"@type\":\"ReadAction\",\"target\":[\"https:\/\/homolog.harald.com.br\/site-2026\/blog\/chocolate-e-verao-tome-cuidado\/\"]}]},{\"@type\":\"ImageObject\",\"inLanguage\":\"pt-BR\",\"@id\":\"https:\/\/homolog.harald.com.br\/site-2026\/blog\/chocolate-e-verao-tome-cuidado\/#primaryimage\",\"url\":\"https:\/\/homolog.harald.com.br\/site-2026\/wp-content\/uploads\/2019\/01\/blog-verao-700x520-1.jpg\",\"contentUrl\":\"https:\/\/homolog.harald.com.br\/site-2026\/wp-content\/uploads\/2019\/01\/blog-verao-700x520-1.jpg\",\"width\":700,\"height\":520,\"caption\":\"chocolate no ver\u00e3o\"},{\"@type\":\"BreadcrumbList\",\"@id\":\"https:\/\/homolog.harald.com.br\/site-2026\/blog\/chocolate-e-verao-tome-cuidado\/#breadcrumb\",\"itemListElement\":[{\"@type\":\"ListItem\",\"position\":1,\"name\":\"In\u00edcio\",\"item\":\"https:\/\/homolog.harald.com.br\/site-2026\/\"},{\"@type\":\"ListItem\",\"position\":2,\"name\":\"Chocolate no ver\u00e3o &#8211; tome cuidado!\"}]},{\"@type\":\"WebSite\",\"@id\":\"https:\/\/homolog.harald.com.br\/site-2026\/#website\",\"url\":\"https:\/\/homolog.harald.com.br\/site-2026\/\",\"name\":\"Harald\",\"description\":\"Fazer melhor \u00e9 fazer com paix\u00e3o\",\"publisher\":{\"@id\":\"https:\/\/homolog.harald.com.br\/site-2026\/#organization\"},\"potentialAction\":[{\"@type\":\"SearchAction\",\"target\":{\"@type\":\"EntryPoint\",\"urlTemplate\":\"https:\/\/homolog.harald.com.br\/site-2026\/?s={search_term_string}\"},\"query-input\":{\"@type\":\"PropertyValueSpecification\",\"valueRequired\":true,\"valueName\":\"search_term_string\"}}],\"inLanguage\":\"pt-BR\"},{\"@type\":\"Organization\",\"@id\":\"https:\/\/homolog.harald.com.br\/site-2026\/#organization\",\"name\":\"Harald\",\"url\":\"https:\/\/homolog.harald.com.br\/site-2026\/\",\"logo\":{\"@type\":\"ImageObject\",\"inLanguage\":\"pt-BR\",\"@id\":\"https:\/\/homolog.harald.com.br\/site-2026\/#\/schema\/logo\/image\/\",\"url\":\"https:\/\/homolog.harald.com.br\/site-2026\/wp-content\/uploads\/2022\/09\/logo-harald-cmyk-ss.png\",\"contentUrl\":\"https:\/\/homolog.harald.com.br\/site-2026\/wp-content\/uploads\/2022\/09\/logo-harald-cmyk-ss.png\",\"width\":1948,\"height\":1051,\"caption\":\"Harald\"},\"image\":{\"@id\":\"https:\/\/homolog.harald.com.br\/site-2026\/#\/schema\/logo\/image\/\"},\"sameAs\":[\"https:\/\/www.facebook.com\/HaraldChocolates\/\",\"https:\/\/www.youtube.com\/user\/HaraldChocolates\"]},{\"@type\":\"Person\",\"@id\":\"https:\/\/homolog.harald.com.br\/site-2026\/#\/schema\/person\/8f279aac8b97607e00c3bca057e0149d\",\"name\":\"SAC Harald\",\"image\":{\"@type\":\"ImageObject\",\"inLanguage\":\"pt-BR\",\"@id\":\"https:\/\/homolog.harald.com.br\/site-2026\/#\/schema\/person\/image\/\",\"url\":\"https:\/\/secure.gravatar.com\/avatar\/639a81ac7e257761472bbd34ff65cfda9732c7ba914d3013ff3bc65cebcbf6b0?s=96&d=mm&r=g\",\"contentUrl\":\"https:\/\/secure.gravatar.com\/avatar\/639a81ac7e257761472bbd34ff65cfda9732c7ba914d3013ff3bc65cebcbf6b0?s=96&d=mm&r=g\",\"caption\":\"SAC Harald\"},\"url\":\"https:\/\/homolog.harald.com.br\/site-2026\/blog\/author\/sac-harald\/\"}]}<\/script>\n<!-- \/ Yoast SEO plugin. -->","yoast_head_json":{"title":"Chocolate no ver\u00e3o - tome cuidado! - Harald","description":"Enfrente os desafios do chocolate no ver\u00e3o, siga nossas dicas pr\u00e1ticas e prenda como comprar, transportar, produzir e armazenar!","robots":{"index":"noindex","follow":"follow","max-snippet":"max-snippet:-1","max-image-preview":"max-image-preview:large","max-video-preview":"max-video-preview:-1"},"og_locale":"pt_BR","og_type":"article","og_title":"Chocolate no ver\u00e3o - tome cuidado! - Harald","og_description":"Enfrente os desafios do chocolate no ver\u00e3o, siga nossas dicas pr\u00e1ticas e prenda como comprar, transportar, produzir e armazenar!","og_url":"https:\/\/homolog.harald.com.br\/site-2026\/blog\/chocolate-e-verao-tome-cuidado\/","og_site_name":"Harald","article_publisher":"https:\/\/www.facebook.com\/HaraldChocolates\/","article_published_time":"2019-01-15T15:16:46+00:00","article_modified_time":"2024-06-05T15:06:31+00:00","og_image":[{"width":700,"height":520,"url":"https:\/\/homolog.harald.com.br\/site-2026\/wp-content\/uploads\/2019\/01\/blog-verao-700x520-1.jpg","type":"image\/jpeg"}],"author":"SAC Harald","twitter_card":"summary_large_image","twitter_misc":{"Escrito por":"SAC Harald","Est. tempo de leitura":"3 minutos"},"schema":{"@context":"https:\/\/schema.org","@graph":[{"@type":"Article","@id":"https:\/\/homolog.harald.com.br\/site-2026\/blog\/chocolate-e-verao-tome-cuidado\/#article","isPartOf":{"@id":"https:\/\/homolog.harald.com.br\/site-2026\/blog\/chocolate-e-verao-tome-cuidado\/"},"author":{"name":"SAC Harald","@id":"https:\/\/homolog.harald.com.br\/site-2026\/#\/schema\/person\/8f279aac8b97607e00c3bca057e0149d"},"headline":"Chocolate no ver\u00e3o &#8211; tome cuidado!","datePublished":"2019-01-15T15:16:46+00:00","dateModified":"2024-06-05T15:06:31+00:00","mainEntityOfPage":{"@id":"https:\/\/homolog.harald.com.br\/site-2026\/blog\/chocolate-e-verao-tome-cuidado\/"},"wordCount":373,"commentCount":0,"publisher":{"@id":"https:\/\/homolog.harald.com.br\/site-2026\/#organization"},"image":{"@id":"https:\/\/homolog.harald.com.br\/site-2026\/blog\/chocolate-e-verao-tome-cuidado\/#primaryimage"},"thumbnailUrl":"https:\/\/homolog.harald.com.br\/site-2026\/wp-content\/uploads\/2019\/01\/blog-verao-700x520-1.jpg","articleSection":["Chocolates","Coberturas","Not\u00edcias"],"inLanguage":"pt-BR","potentialAction":[{"@type":"CommentAction","name":"Comment","target":["https:\/\/homolog.harald.com.br\/site-2026\/blog\/chocolate-e-verao-tome-cuidado\/#respond"]}]},{"@type":"WebPage","@id":"https:\/\/homolog.harald.com.br\/site-2026\/blog\/chocolate-e-verao-tome-cuidado\/","url":"https:\/\/homolog.harald.com.br\/site-2026\/blog\/chocolate-e-verao-tome-cuidado\/","name":"Chocolate no ver\u00e3o - tome cuidado! - Harald","isPartOf":{"@id":"https:\/\/homolog.harald.com.br\/site-2026\/#website"},"primaryImageOfPage":{"@id":"https:\/\/homolog.harald.com.br\/site-2026\/blog\/chocolate-e-verao-tome-cuidado\/#primaryimage"},"image":{"@id":"https:\/\/homolog.harald.com.br\/site-2026\/blog\/chocolate-e-verao-tome-cuidado\/#primaryimage"},"thumbnailUrl":"https:\/\/homolog.harald.com.br\/site-2026\/wp-content\/uploads\/2019\/01\/blog-verao-700x520-1.jpg","datePublished":"2019-01-15T15:16:46+00:00","dateModified":"2024-06-05T15:06:31+00:00","description":"Enfrente os desafios do chocolate no ver\u00e3o, siga nossas dicas pr\u00e1ticas e prenda como comprar, transportar, produzir e armazenar!","breadcrumb":{"@id":"https:\/\/homolog.harald.com.br\/site-2026\/blog\/chocolate-e-verao-tome-cuidado\/#breadcrumb"},"inLanguage":"pt-BR","potentialAction":[{"@type":"ReadAction","target":["https:\/\/homolog.harald.com.br\/site-2026\/blog\/chocolate-e-verao-tome-cuidado\/"]}]},{"@type":"ImageObject","inLanguage":"pt-BR","@id":"https:\/\/homolog.harald.com.br\/site-2026\/blog\/chocolate-e-verao-tome-cuidado\/#primaryimage","url":"https:\/\/homolog.harald.com.br\/site-2026\/wp-content\/uploads\/2019\/01\/blog-verao-700x520-1.jpg","contentUrl":"https:\/\/homolog.harald.com.br\/site-2026\/wp-content\/uploads\/2019\/01\/blog-verao-700x520-1.jpg","width":700,"height":520,"caption":"chocolate no ver\u00e3o"},{"@type":"BreadcrumbList","@id":"https:\/\/homolog.harald.com.br\/site-2026\/blog\/chocolate-e-verao-tome-cuidado\/#breadcrumb","itemListElement":[{"@type":"ListItem","position":1,"name":"In\u00edcio","item":"https:\/\/homolog.harald.com.br\/site-2026\/"},{"@type":"ListItem","position":2,"name":"Chocolate no ver\u00e3o &#8211; tome cuidado!"}]},{"@type":"WebSite","@id":"https:\/\/homolog.harald.com.br\/site-2026\/#website","url":"https:\/\/homolog.harald.com.br\/site-2026\/","name":"Harald","description":"Fazer melhor \u00e9 fazer com paix\u00e3o","publisher":{"@id":"https:\/\/homolog.harald.com.br\/site-2026\/#organization"},"potentialAction":[{"@type":"SearchAction","target":{"@type":"EntryPoint","urlTemplate":"https:\/\/homolog.harald.com.br\/site-2026\/?s={search_term_string}"},"query-input":{"@type":"PropertyValueSpecification","valueRequired":true,"valueName":"search_term_string"}}],"inLanguage":"pt-BR"},{"@type":"Organization","@id":"https:\/\/homolog.harald.com.br\/site-2026\/#organization","name":"Harald","url":"https:\/\/homolog.harald.com.br\/site-2026\/","logo":{"@type":"ImageObject","inLanguage":"pt-BR","@id":"https:\/\/homolog.harald.com.br\/site-2026\/#\/schema\/logo\/image\/","url":"https:\/\/homolog.harald.com.br\/site-2026\/wp-content\/uploads\/2022\/09\/logo-harald-cmyk-ss.png","contentUrl":"https:\/\/homolog.harald.com.br\/site-2026\/wp-content\/uploads\/2022\/09\/logo-harald-cmyk-ss.png","width":1948,"height":1051,"caption":"Harald"},"image":{"@id":"https:\/\/homolog.harald.com.br\/site-2026\/#\/schema\/logo\/image\/"},"sameAs":["https:\/\/www.facebook.com\/HaraldChocolates\/","https:\/\/www.youtube.com\/user\/HaraldChocolates"]},{"@type":"Person","@id":"https:\/\/homolog.harald.com.br\/site-2026\/#\/schema\/person\/8f279aac8b97607e00c3bca057e0149d","name":"SAC Harald","image":{"@type":"ImageObject","inLanguage":"pt-BR","@id":"https:\/\/homolog.harald.com.br\/site-2026\/#\/schema\/person\/image\/","url":"https:\/\/secure.gravatar.com\/avatar\/639a81ac7e257761472bbd34ff65cfda9732c7ba914d3013ff3bc65cebcbf6b0?s=96&d=mm&r=g","contentUrl":"https:\/\/secure.gravatar.com\/avatar\/639a81ac7e257761472bbd34ff65cfda9732c7ba914d3013ff3bc65cebcbf6b0?s=96&d=mm&r=g","caption":"SAC Harald"},"url":"https:\/\/homolog.harald.com.br\/site-2026\/blog\/author\/sac-harald\/"}]}},"uagb_featured_image_src":{"full":["https:\/\/homolog.harald.com.br\/site-2026\/wp-content\/uploads\/2019\/01\/blog-verao-700x520-1.jpg",700,520,false],"thumbnail":["https:\/\/homolog.harald.com.br\/site-2026\/wp-content\/uploads\/2019\/01\/blog-verao-700x520-1-150x150.jpg",150,150,true],"medium":["https:\/\/homolog.harald.com.br\/site-2026\/wp-content\/uploads\/2019\/01\/blog-verao-700x520-1-300x223.jpg",300,223,true],"medium_large":["https:\/\/homolog.harald.com.br\/site-2026\/wp-content\/uploads\/2019\/01\/blog-verao-700x520-1.jpg",700,520,false],"large":["https:\/\/homolog.harald.com.br\/site-2026\/wp-content\/uploads\/2019\/01\/blog-verao-700x520-1.jpg",700,520,false],"1536x1536":["https:\/\/homolog.harald.com.br\/site-2026\/wp-content\/uploads\/2019\/01\/blog-verao-700x520-1.jpg",700,520,false],"2048x2048":["https:\/\/homolog.harald.com.br\/site-2026\/wp-content\/uploads\/2019\/01\/blog-verao-700x520-1.jpg",700,520,false],"full-width":["https:\/\/homolog.harald.com.br\/site-2026\/wp-content\/uploads\/2019\/01\/blog-verao-700x520-1.jpg",700,520,false],"gform-image-choice-sm":["https:\/\/homolog.harald.com.br\/site-2026\/wp-content\/uploads\/2019\/01\/blog-verao-700x520-1.jpg",300,223,false],"gform-image-choice-md":["https:\/\/homolog.harald.com.br\/site-2026\/wp-content\/uploads\/2019\/01\/blog-verao-700x520-1.jpg",400,297,false],"gform-image-choice-lg":["https:\/\/homolog.harald.com.br\/site-2026\/wp-content\/uploads\/2019\/01\/blog-verao-700x520-1.jpg",600,446,false]},"uagb_author_info":{"display_name":"SAC Harald","author_link":"https:\/\/homolog.harald.com.br\/site-2026\/blog\/author\/sac-harald\/"},"uagb_comment_info":0,"uagb_excerpt":"Como Lidar com Chocolate no Ver\u00e3o: Dicas Essenciais Desafios do Ver\u00e3o para Quem Trabalha com Chocolate O ver\u00e3o brasileiro apresenta um grande desafio para quem trabalha com chocolate. O calor e a umidade, comuns nessa esta\u00e7\u00e3o, afetam diretamente a qualidade do produto. Al\u00e9m disso, a P\u00e1scoa, a \u00e9poca mais importante do ano para o setor,&hellip;","_links":{"self":[{"href":"https:\/\/homolog.harald.com.br\/site-2026\/wp-json\/wp\/v2\/posts\/685","targetHints":{"allow":["GET"]}}],"collection":[{"href":"https:\/\/homolog.harald.com.br\/site-2026\/wp-json\/wp\/v2\/posts"}],"about":[{"href":"https:\/\/homolog.harald.com.br\/site-2026\/wp-json\/wp\/v2\/types\/post"}],"author":[{"embeddable":true,"href":"https:\/\/homolog.harald.com.br\/site-2026\/wp-json\/wp\/v2\/users\/7"}],"replies":[{"embeddable":true,"href":"https:\/\/homolog.harald.com.br\/site-2026\/wp-json\/wp\/v2\/comments?post=685"}],"version-history":[{"count":2,"href":"https:\/\/homolog.harald.com.br\/site-2026\/wp-json\/wp\/v2\/posts\/685\/revisions"}],"predecessor-version":[{"id":191179,"href":"https:\/\/homolog.harald.com.br\/site-2026\/wp-json\/wp\/v2\/posts\/685\/revisions\/191179"}],"wp:featuredmedia":[{"embeddable":true,"href":"https:\/\/homolog.harald.com.br\/site-2026\/wp-json\/wp\/v2\/media\/686"}],"wp:attachment":[{"href":"https:\/\/homolog.harald.com.br\/site-2026\/wp-json\/wp\/v2\/media?parent=685"}],"wp:term":[{"taxonomy":"category","embeddable":true,"href":"https:\/\/homolog.harald.com.br\/site-2026\/wp-json\/wp\/v2\/categories?post=685"},{"taxonomy":"post_tag","embeddable":true,"href":"https:\/\/homolog.harald.com.br\/site-2026\/wp-json\/wp\/v2\/tags?post=685"},{"taxonomy":"para-seu-negocio","embeddable":true,"href":"https:\/\/homolog.harald.com.br\/site-2026\/wp-json\/wp\/v2\/para-seu-negocio?post=685"}],"curies":[{"name":"wp","href":"https:\/\/api.w.org\/{rel}","templated":true}]}}