{"id":66881,"date":"2023-02-09T16:26:50","date_gmt":"2023-02-09T19:26:50","guid":{"rendered":"https:\/\/homolog.harald.com.br\/site-2026\/?p=66881"},"modified":"2023-02-09T16:26:50","modified_gmt":"2023-02-09T19:26:50","slug":"uma-explosao-de-sabor-sem-culpa-aprenda-a-preparar-um-sable-de-avela-com-chocolate-zero-acucar","status":"publish","type":"post","link":"https:\/\/homolog.harald.com.br\/site-2026\/blog\/uma-explosao-de-sabor-sem-culpa-aprenda-a-preparar-um-sable-de-avela-com-chocolate-zero-acucar\/","title":{"rendered":"Uma explos\u00e3o de sabor sem culpa: aprenda a preparar um Sabl\u00e9 de Avel\u00e3 com Chocolate Zero A\u00e7\u00facar"},"content":{"rendered":"<h1 style=\"text-align: center;\">Uma explos\u00e3o de sabor sem culpa: aprenda a preparar um Sabl\u00e9 de Avel\u00e3 com Chocolate Zero A\u00e7\u00facar<\/h1>\n<div class=\"vn-div-content-web\">\n<div>Mercado do Cacau &#8211; 08\/02\/2023<\/div>\n<\/div>\n<div id=\"contentWeb\" class=\"vn-div-content-web\">\n<p>S\u00e3o Paulo, fevereiro de 2023 Para quem gosta de se desafiar na cozinha com sobremesas tradicionais da confeitaria, o sabl\u00e9 \u00e9 uma \u00f3tima op\u00e7\u00e3o.<\/p>\n<p>Com uma textura levemente arenosa e que combina perfeitamente com recheios doces, ao ser combinada com um chocolate zero a\u00e7\u00facar, ela se torno a sobremesa perfeita para o dia a dia! Pensando nisso, a Harald, empresa l\u00edder em coberturas e refer\u00eancia em chocolate para o mercado especializado no Brasil, ensina uma receita de Sabl\u00e9 de Avel\u00e3 com Chocolate Zero A\u00e7\u00facar.<\/p>\n<p>Preparado com o Chocolate Melken ao Leite Zero , a receita oferece uma combina\u00e7\u00e3o do sabor da avel\u00e3 e da textura tradicional do sabl\u00e9, proporcionando uma experi\u00eancia \u00fanica e livre de culpa.<\/p>\n<p>Tempo de preparo : 1 hora | Rendimento : 6 por\u00e7\u00f5es<\/p>\n<p>INGREDIENTES<\/p>\n<p>*Ganache de avel\u00e3:<\/p>\n<p>200 g de Chocolate Ao Leite Harald Zero A\u00e7\u00facar<\/p>\n<p>80 g de creme de leite UHT<\/p>\n<p>80 g de farinha de avel\u00e3<\/p>\n<p>*Sabl\u00e9 de avel\u00e3:<\/p>\n<p>1 ovo<\/p>\n<p>60 g de xilitol<\/p>\n<p>50 g de farinha de avel\u00e3<\/p>\n<p>80 g de manteiga ghee<\/p>\n<p>80 g de farinha de arroz integral<\/p>\n<p>35 g de f\u00e9cula de batata<\/p>\n<p>35 g de polvilho doce<\/p>\n<p>2 g de extrato de baunilha<\/p>\n<p>*Decora\u00e7\u00e3o:<\/p>\n<p>300 g de Chocolate Ao Leite Harald\u00a0Zero A\u00e7\u00facar temperado<\/p>\n<p>100 g de avel\u00e3 torrada e picada<\/p>\n<p>MODO DE PREPARO:<\/p>\n<p>*Ganache de avel\u00e3:<\/p>\n<p>1. Em um bowl pequeno de vidro, adicione o Chocolate Ao Leite Harald\u00a0Zero A\u00e7\u00facar e leve ao micro-ondas em pot\u00eancia m\u00e9dia por 1 minuto ou at\u00e9 que derreta por completo.<\/p>\n<p>2. Adicione o creme de leite, a farinha de avel\u00e3 e misture at\u00e9 ficar homog\u00eaneo e reserve.<\/p>\n<p>*Sabl\u00e9 de avel\u00e3:<\/p>\n<p>3. Coloque todos os ingredientes em um bowl m\u00e9dio, misture at\u00e9 que forme uma massa meio mole e leve para gelar por 30 minutos.<\/p>\n<p>4. Depois de gelada, abra a massa da sabl\u00e9 sobre dois pl\u00e1sticos para n\u00e3o grudar e corte com um cortador redondo de 6 cm de di\u00e2metro at\u00e9 finalizar toda a massa.<\/p>\n<p>5. Coloque sobre papel manteiga e leve ao forno pr\u00e9-aquecido a 170 \u00b0C por 12 minutos ou at\u00e9 que comece a dourar as laterais.<\/p>\n<p>6. Depois de frio, recheie as sabl\u00e9 com a ganache de avel\u00e3 e forme pares.<\/p>\n<p>7. Com o Chocolate Ao Leite Harald Zero A\u00e7\u00facar temperado, decore as sabl\u00e9s banhado pela metade e finalize com as avel\u00e3s.<\/p>\n<p>8. Sirva!<\/p>\n<\/div>\n","protected":false},"excerpt":{"rendered":"<p>Uma explos\u00e3o de sabor sem culpa: aprenda a preparar um Sabl\u00e9 de Avel\u00e3 com Chocolate Zero A\u00e7\u00facar Mercado do Cacau &#8211; 08\/02\/2023 S\u00e3o Paulo, fevereiro de 2023 Para quem gosta de se desafiar na cozinha com sobremesas tradicionais da confeitaria, o sabl\u00e9 \u00e9 uma \u00f3tima op\u00e7\u00e3o. Com uma textura levemente arenosa e que combina perfeitamente <a class=\"more-link\" href=\"https:\/\/homolog.harald.com.br\/site-2026\/blog\/uma-explosao-de-sabor-sem-culpa-aprenda-a-preparar-um-sable-de-avela-com-chocolate-zero-acucar\/\">Read more&#8230;<\/a><\/p>\n","protected":false},"author":11,"featured_media":66883,"comment_status":"closed","ping_status":"closed","sticky":false,"template":"","format":"standard","meta":{"_acf_changed":false,"_uag_custom_page_level_css":"","footnotes":""},"categories":[216],"tags":[],"para-seu-negocio":[],"class_list":["post-66881","post","type-post","status-publish","format-standard","has-post-thumbnail","hentry","category-receitas"],"acf":[],"yoast_head":"<!-- This site is optimized with the Yoast SEO plugin v26.3 - https:\/\/yoast.com\/wordpress\/plugins\/seo\/ -->\n<title>Uma explos\u00e3o de sabor sem culpa: aprenda a preparar um Sabl\u00e9 de Avel\u00e3 com Chocolate Zero A\u00e7\u00facar - Harald<\/title>\n<meta name=\"robots\" content=\"noindex, follow, max-snippet:-1, max-image-preview:large, max-video-preview:-1\" \/>\n<meta property=\"og:locale\" content=\"pt_BR\" \/>\n<meta property=\"og:type\" content=\"article\" \/>\n<meta property=\"og:title\" content=\"Uma explos\u00e3o de sabor sem culpa: aprenda a preparar um Sabl\u00e9 de Avel\u00e3 com Chocolate Zero A\u00e7\u00facar - Harald\" \/>\n<meta property=\"og:description\" content=\"Uma explos\u00e3o de sabor sem culpa: aprenda a preparar um Sabl\u00e9 de Avel\u00e3 com Chocolate Zero A\u00e7\u00facar Mercado do Cacau &#8211; 08\/02\/2023 S\u00e3o Paulo, fevereiro de 2023 Para quem gosta de se desafiar na cozinha com sobremesas tradicionais da confeitaria, o sabl\u00e9 \u00e9 uma \u00f3tima op\u00e7\u00e3o. Com uma textura levemente arenosa e que combina perfeitamente Read more...\" \/>\n<meta property=\"og:url\" content=\"https:\/\/homolog.harald.com.br\/site-2026\/blog\/uma-explosao-de-sabor-sem-culpa-aprenda-a-preparar-um-sable-de-avela-com-chocolate-zero-acucar\/\" \/>\n<meta property=\"og:site_name\" content=\"Harald\" \/>\n<meta property=\"article:publisher\" content=\"https:\/\/www.facebook.com\/HaraldChocolates\/\" \/>\n<meta property=\"article:published_time\" content=\"2023-02-09T19:26:50+00:00\" \/>\n<meta property=\"og:image\" content=\"https:\/\/homolog.harald.com.br\/site-2026\/wp-content\/uploads\/2023\/02\/tim.png\" \/>\n\t<meta property=\"og:image:width\" content=\"700\" \/>\n\t<meta property=\"og:image:height\" content=\"460\" \/>\n\t<meta property=\"og:image:type\" content=\"image\/png\" \/>\n<meta name=\"author\" content=\"Bruna Teodoro\" \/>\n<meta name=\"twitter:card\" content=\"summary_large_image\" \/>\n<meta name=\"twitter:label1\" content=\"Escrito por\" \/>\n\t<meta name=\"twitter:data1\" content=\"Bruna Teodoro\" \/>\n\t<meta name=\"twitter:label2\" content=\"Est. tempo de leitura\" \/>\n\t<meta name=\"twitter:data2\" content=\"3 minutos\" \/>\n<script type=\"application\/ld+json\" class=\"yoast-schema-graph\">{\"@context\":\"https:\/\/schema.org\",\"@graph\":[{\"@type\":\"Article\",\"@id\":\"https:\/\/homolog.harald.com.br\/site-2026\/blog\/uma-explosao-de-sabor-sem-culpa-aprenda-a-preparar-um-sable-de-avela-com-chocolate-zero-acucar\/#article\",\"isPartOf\":{\"@id\":\"https:\/\/homolog.harald.com.br\/site-2026\/blog\/uma-explosao-de-sabor-sem-culpa-aprenda-a-preparar-um-sable-de-avela-com-chocolate-zero-acucar\/\"},\"author\":{\"name\":\"Bruna Teodoro\",\"@id\":\"https:\/\/homolog.harald.com.br\/site-2026\/#\/schema\/person\/37dcc072f872b17c519dd3097a7925e5\"},\"headline\":\"Uma explos\u00e3o de sabor sem culpa: aprenda a preparar um Sabl\u00e9 de Avel\u00e3 com Chocolate Zero A\u00e7\u00facar\",\"datePublished\":\"2023-02-09T19:26:50+00:00\",\"mainEntityOfPage\":{\"@id\":\"https:\/\/homolog.harald.com.br\/site-2026\/blog\/uma-explosao-de-sabor-sem-culpa-aprenda-a-preparar-um-sable-de-avela-com-chocolate-zero-acucar\/\"},\"wordCount\":422,\"publisher\":{\"@id\":\"https:\/\/homolog.harald.com.br\/site-2026\/#organization\"},\"image\":{\"@id\":\"https:\/\/homolog.harald.com.br\/site-2026\/blog\/uma-explosao-de-sabor-sem-culpa-aprenda-a-preparar-um-sable-de-avela-com-chocolate-zero-acucar\/#primaryimage\"},\"thumbnailUrl\":\"https:\/\/homolog.harald.com.br\/site-2026\/wp-content\/uploads\/2023\/02\/tim.png\",\"articleSection\":[\"Receitas\"],\"inLanguage\":\"pt-BR\"},{\"@type\":\"WebPage\",\"@id\":\"https:\/\/homolog.harald.com.br\/site-2026\/blog\/uma-explosao-de-sabor-sem-culpa-aprenda-a-preparar-um-sable-de-avela-com-chocolate-zero-acucar\/\",\"url\":\"https:\/\/homolog.harald.com.br\/site-2026\/blog\/uma-explosao-de-sabor-sem-culpa-aprenda-a-preparar-um-sable-de-avela-com-chocolate-zero-acucar\/\",\"name\":\"Uma explos\u00e3o de sabor sem culpa: aprenda a preparar um Sabl\u00e9 de Avel\u00e3 com Chocolate Zero A\u00e7\u00facar - Harald\",\"isPartOf\":{\"@id\":\"https:\/\/homolog.harald.com.br\/site-2026\/#website\"},\"primaryImageOfPage\":{\"@id\":\"https:\/\/homolog.harald.com.br\/site-2026\/blog\/uma-explosao-de-sabor-sem-culpa-aprenda-a-preparar-um-sable-de-avela-com-chocolate-zero-acucar\/#primaryimage\"},\"image\":{\"@id\":\"https:\/\/homolog.harald.com.br\/site-2026\/blog\/uma-explosao-de-sabor-sem-culpa-aprenda-a-preparar-um-sable-de-avela-com-chocolate-zero-acucar\/#primaryimage\"},\"thumbnailUrl\":\"https:\/\/homolog.harald.com.br\/site-2026\/wp-content\/uploads\/2023\/02\/tim.png\",\"datePublished\":\"2023-02-09T19:26:50+00:00\",\"breadcrumb\":{\"@id\":\"https:\/\/homolog.harald.com.br\/site-2026\/blog\/uma-explosao-de-sabor-sem-culpa-aprenda-a-preparar-um-sable-de-avela-com-chocolate-zero-acucar\/#breadcrumb\"},\"inLanguage\":\"pt-BR\",\"potentialAction\":[{\"@type\":\"ReadAction\",\"target\":[\"https:\/\/homolog.harald.com.br\/site-2026\/blog\/uma-explosao-de-sabor-sem-culpa-aprenda-a-preparar-um-sable-de-avela-com-chocolate-zero-acucar\/\"]}]},{\"@type\":\"ImageObject\",\"inLanguage\":\"pt-BR\",\"@id\":\"https:\/\/homolog.harald.com.br\/site-2026\/blog\/uma-explosao-de-sabor-sem-culpa-aprenda-a-preparar-um-sable-de-avela-com-chocolate-zero-acucar\/#primaryimage\",\"url\":\"https:\/\/homolog.harald.com.br\/site-2026\/wp-content\/uploads\/2023\/02\/tim.png\",\"contentUrl\":\"https:\/\/homolog.harald.com.br\/site-2026\/wp-content\/uploads\/2023\/02\/tim.png\",\"width\":700,\"height\":460},{\"@type\":\"BreadcrumbList\",\"@id\":\"https:\/\/homolog.harald.com.br\/site-2026\/blog\/uma-explosao-de-sabor-sem-culpa-aprenda-a-preparar-um-sable-de-avela-com-chocolate-zero-acucar\/#breadcrumb\",\"itemListElement\":[{\"@type\":\"ListItem\",\"position\":1,\"name\":\"In\u00edcio\",\"item\":\"https:\/\/homolog.harald.com.br\/site-2026\/\"},{\"@type\":\"ListItem\",\"position\":2,\"name\":\"Uma explos\u00e3o de sabor sem culpa: aprenda a preparar um Sabl\u00e9 de Avel\u00e3 com Chocolate Zero A\u00e7\u00facar\"}]},{\"@type\":\"WebSite\",\"@id\":\"https:\/\/homolog.harald.com.br\/site-2026\/#website\",\"url\":\"https:\/\/homolog.harald.com.br\/site-2026\/\",\"name\":\"Harald\",\"description\":\"Fazer melhor \u00e9 fazer com paix\u00e3o\",\"publisher\":{\"@id\":\"https:\/\/homolog.harald.com.br\/site-2026\/#organization\"},\"potentialAction\":[{\"@type\":\"SearchAction\",\"target\":{\"@type\":\"EntryPoint\",\"urlTemplate\":\"https:\/\/homolog.harald.com.br\/site-2026\/?s={search_term_string}\"},\"query-input\":{\"@type\":\"PropertyValueSpecification\",\"valueRequired\":true,\"valueName\":\"search_term_string\"}}],\"inLanguage\":\"pt-BR\"},{\"@type\":\"Organization\",\"@id\":\"https:\/\/homolog.harald.com.br\/site-2026\/#organization\",\"name\":\"Harald\",\"url\":\"https:\/\/homolog.harald.com.br\/site-2026\/\",\"logo\":{\"@type\":\"ImageObject\",\"inLanguage\":\"pt-BR\",\"@id\":\"https:\/\/homolog.harald.com.br\/site-2026\/#\/schema\/logo\/image\/\",\"url\":\"https:\/\/homolog.harald.com.br\/site-2026\/wp-content\/uploads\/2022\/09\/logo-harald-cmyk-ss.png\",\"contentUrl\":\"https:\/\/homolog.harald.com.br\/site-2026\/wp-content\/uploads\/2022\/09\/logo-harald-cmyk-ss.png\",\"width\":1948,\"height\":1051,\"caption\":\"Harald\"},\"image\":{\"@id\":\"https:\/\/homolog.harald.com.br\/site-2026\/#\/schema\/logo\/image\/\"},\"sameAs\":[\"https:\/\/www.facebook.com\/HaraldChocolates\/\",\"https:\/\/www.youtube.com\/user\/HaraldChocolates\"]},{\"@type\":\"Person\",\"@id\":\"https:\/\/homolog.harald.com.br\/site-2026\/#\/schema\/person\/37dcc072f872b17c519dd3097a7925e5\",\"name\":\"Bruna Teodoro\",\"image\":{\"@type\":\"ImageObject\",\"inLanguage\":\"pt-BR\",\"@id\":\"https:\/\/homolog.harald.com.br\/site-2026\/#\/schema\/person\/image\/\",\"url\":\"https:\/\/secure.gravatar.com\/avatar\/7da0050c7a3bd4d6df113dcfae1a5b72c8690bc5d4bb4fabab7e4d34d582ceea?s=96&d=mm&r=g\",\"contentUrl\":\"https:\/\/secure.gravatar.com\/avatar\/7da0050c7a3bd4d6df113dcfae1a5b72c8690bc5d4bb4fabab7e4d34d582ceea?s=96&d=mm&r=g\",\"caption\":\"Bruna Teodoro\"},\"url\":\"https:\/\/homolog.harald.com.br\/site-2026\/blog\/author\/bruna-teodoro\/\"}]}<\/script>\n<!-- \/ Yoast SEO plugin. -->","yoast_head_json":{"title":"Uma explos\u00e3o de sabor sem culpa: aprenda a preparar um Sabl\u00e9 de Avel\u00e3 com Chocolate Zero A\u00e7\u00facar - Harald","robots":{"index":"noindex","follow":"follow","max-snippet":"max-snippet:-1","max-image-preview":"max-image-preview:large","max-video-preview":"max-video-preview:-1"},"og_locale":"pt_BR","og_type":"article","og_title":"Uma explos\u00e3o de sabor sem culpa: aprenda a preparar um Sabl\u00e9 de Avel\u00e3 com Chocolate Zero A\u00e7\u00facar - Harald","og_description":"Uma explos\u00e3o de sabor sem culpa: aprenda a preparar um Sabl\u00e9 de Avel\u00e3 com Chocolate Zero A\u00e7\u00facar Mercado do Cacau &#8211; 08\/02\/2023 S\u00e3o Paulo, fevereiro de 2023 Para quem gosta de se desafiar na cozinha com sobremesas tradicionais da confeitaria, o sabl\u00e9 \u00e9 uma \u00f3tima op\u00e7\u00e3o. Com uma textura levemente arenosa e que combina perfeitamente Read more...","og_url":"https:\/\/homolog.harald.com.br\/site-2026\/blog\/uma-explosao-de-sabor-sem-culpa-aprenda-a-preparar-um-sable-de-avela-com-chocolate-zero-acucar\/","og_site_name":"Harald","article_publisher":"https:\/\/www.facebook.com\/HaraldChocolates\/","article_published_time":"2023-02-09T19:26:50+00:00","og_image":[{"width":700,"height":460,"url":"https:\/\/homolog.harald.com.br\/site-2026\/wp-content\/uploads\/2023\/02\/tim.png","type":"image\/png"}],"author":"Bruna Teodoro","twitter_card":"summary_large_image","twitter_misc":{"Escrito por":"Bruna Teodoro","Est. tempo de leitura":"3 minutos"},"schema":{"@context":"https:\/\/schema.org","@graph":[{"@type":"Article","@id":"https:\/\/homolog.harald.com.br\/site-2026\/blog\/uma-explosao-de-sabor-sem-culpa-aprenda-a-preparar-um-sable-de-avela-com-chocolate-zero-acucar\/#article","isPartOf":{"@id":"https:\/\/homolog.harald.com.br\/site-2026\/blog\/uma-explosao-de-sabor-sem-culpa-aprenda-a-preparar-um-sable-de-avela-com-chocolate-zero-acucar\/"},"author":{"name":"Bruna Teodoro","@id":"https:\/\/homolog.harald.com.br\/site-2026\/#\/schema\/person\/37dcc072f872b17c519dd3097a7925e5"},"headline":"Uma explos\u00e3o de sabor sem culpa: aprenda a preparar um Sabl\u00e9 de Avel\u00e3 com Chocolate Zero A\u00e7\u00facar","datePublished":"2023-02-09T19:26:50+00:00","mainEntityOfPage":{"@id":"https:\/\/homolog.harald.com.br\/site-2026\/blog\/uma-explosao-de-sabor-sem-culpa-aprenda-a-preparar-um-sable-de-avela-com-chocolate-zero-acucar\/"},"wordCount":422,"publisher":{"@id":"https:\/\/homolog.harald.com.br\/site-2026\/#organization"},"image":{"@id":"https:\/\/homolog.harald.com.br\/site-2026\/blog\/uma-explosao-de-sabor-sem-culpa-aprenda-a-preparar-um-sable-de-avela-com-chocolate-zero-acucar\/#primaryimage"},"thumbnailUrl":"https:\/\/homolog.harald.com.br\/site-2026\/wp-content\/uploads\/2023\/02\/tim.png","articleSection":["Receitas"],"inLanguage":"pt-BR"},{"@type":"WebPage","@id":"https:\/\/homolog.harald.com.br\/site-2026\/blog\/uma-explosao-de-sabor-sem-culpa-aprenda-a-preparar-um-sable-de-avela-com-chocolate-zero-acucar\/","url":"https:\/\/homolog.harald.com.br\/site-2026\/blog\/uma-explosao-de-sabor-sem-culpa-aprenda-a-preparar-um-sable-de-avela-com-chocolate-zero-acucar\/","name":"Uma explos\u00e3o de sabor sem culpa: aprenda a preparar um Sabl\u00e9 de Avel\u00e3 com Chocolate Zero A\u00e7\u00facar - Harald","isPartOf":{"@id":"https:\/\/homolog.harald.com.br\/site-2026\/#website"},"primaryImageOfPage":{"@id":"https:\/\/homolog.harald.com.br\/site-2026\/blog\/uma-explosao-de-sabor-sem-culpa-aprenda-a-preparar-um-sable-de-avela-com-chocolate-zero-acucar\/#primaryimage"},"image":{"@id":"https:\/\/homolog.harald.com.br\/site-2026\/blog\/uma-explosao-de-sabor-sem-culpa-aprenda-a-preparar-um-sable-de-avela-com-chocolate-zero-acucar\/#primaryimage"},"thumbnailUrl":"https:\/\/homolog.harald.com.br\/site-2026\/wp-content\/uploads\/2023\/02\/tim.png","datePublished":"2023-02-09T19:26:50+00:00","breadcrumb":{"@id":"https:\/\/homolog.harald.com.br\/site-2026\/blog\/uma-explosao-de-sabor-sem-culpa-aprenda-a-preparar-um-sable-de-avela-com-chocolate-zero-acucar\/#breadcrumb"},"inLanguage":"pt-BR","potentialAction":[{"@type":"ReadAction","target":["https:\/\/homolog.harald.com.br\/site-2026\/blog\/uma-explosao-de-sabor-sem-culpa-aprenda-a-preparar-um-sable-de-avela-com-chocolate-zero-acucar\/"]}]},{"@type":"ImageObject","inLanguage":"pt-BR","@id":"https:\/\/homolog.harald.com.br\/site-2026\/blog\/uma-explosao-de-sabor-sem-culpa-aprenda-a-preparar-um-sable-de-avela-com-chocolate-zero-acucar\/#primaryimage","url":"https:\/\/homolog.harald.com.br\/site-2026\/wp-content\/uploads\/2023\/02\/tim.png","contentUrl":"https:\/\/homolog.harald.com.br\/site-2026\/wp-content\/uploads\/2023\/02\/tim.png","width":700,"height":460},{"@type":"BreadcrumbList","@id":"https:\/\/homolog.harald.com.br\/site-2026\/blog\/uma-explosao-de-sabor-sem-culpa-aprenda-a-preparar-um-sable-de-avela-com-chocolate-zero-acucar\/#breadcrumb","itemListElement":[{"@type":"ListItem","position":1,"name":"In\u00edcio","item":"https:\/\/homolog.harald.com.br\/site-2026\/"},{"@type":"ListItem","position":2,"name":"Uma explos\u00e3o de sabor sem culpa: aprenda a preparar um Sabl\u00e9 de Avel\u00e3 com Chocolate Zero A\u00e7\u00facar"}]},{"@type":"WebSite","@id":"https:\/\/homolog.harald.com.br\/site-2026\/#website","url":"https:\/\/homolog.harald.com.br\/site-2026\/","name":"Harald","description":"Fazer melhor \u00e9 fazer com paix\u00e3o","publisher":{"@id":"https:\/\/homolog.harald.com.br\/site-2026\/#organization"},"potentialAction":[{"@type":"SearchAction","target":{"@type":"EntryPoint","urlTemplate":"https:\/\/homolog.harald.com.br\/site-2026\/?s={search_term_string}"},"query-input":{"@type":"PropertyValueSpecification","valueRequired":true,"valueName":"search_term_string"}}],"inLanguage":"pt-BR"},{"@type":"Organization","@id":"https:\/\/homolog.harald.com.br\/site-2026\/#organization","name":"Harald","url":"https:\/\/homolog.harald.com.br\/site-2026\/","logo":{"@type":"ImageObject","inLanguage":"pt-BR","@id":"https:\/\/homolog.harald.com.br\/site-2026\/#\/schema\/logo\/image\/","url":"https:\/\/homolog.harald.com.br\/site-2026\/wp-content\/uploads\/2022\/09\/logo-harald-cmyk-ss.png","contentUrl":"https:\/\/homolog.harald.com.br\/site-2026\/wp-content\/uploads\/2022\/09\/logo-harald-cmyk-ss.png","width":1948,"height":1051,"caption":"Harald"},"image":{"@id":"https:\/\/homolog.harald.com.br\/site-2026\/#\/schema\/logo\/image\/"},"sameAs":["https:\/\/www.facebook.com\/HaraldChocolates\/","https:\/\/www.youtube.com\/user\/HaraldChocolates"]},{"@type":"Person","@id":"https:\/\/homolog.harald.com.br\/site-2026\/#\/schema\/person\/37dcc072f872b17c519dd3097a7925e5","name":"Bruna Teodoro","image":{"@type":"ImageObject","inLanguage":"pt-BR","@id":"https:\/\/homolog.harald.com.br\/site-2026\/#\/schema\/person\/image\/","url":"https:\/\/secure.gravatar.com\/avatar\/7da0050c7a3bd4d6df113dcfae1a5b72c8690bc5d4bb4fabab7e4d34d582ceea?s=96&d=mm&r=g","contentUrl":"https:\/\/secure.gravatar.com\/avatar\/7da0050c7a3bd4d6df113dcfae1a5b72c8690bc5d4bb4fabab7e4d34d582ceea?s=96&d=mm&r=g","caption":"Bruna Teodoro"},"url":"https:\/\/homolog.harald.com.br\/site-2026\/blog\/author\/bruna-teodoro\/"}]}},"uagb_featured_image_src":{"full":["https:\/\/homolog.harald.com.br\/site-2026\/wp-content\/uploads\/2023\/02\/tim.png",700,460,false],"thumbnail":["https:\/\/homolog.harald.com.br\/site-2026\/wp-content\/uploads\/2023\/02\/tim-150x150.png",150,150,true],"medium":["https:\/\/homolog.harald.com.br\/site-2026\/wp-content\/uploads\/2023\/02\/tim-300x197.png",300,197,true],"medium_large":["https:\/\/homolog.harald.com.br\/site-2026\/wp-content\/uploads\/2023\/02\/tim.png",700,460,false],"large":["https:\/\/homolog.harald.com.br\/site-2026\/wp-content\/uploads\/2023\/02\/tim.png",700,460,false],"1536x1536":["https:\/\/homolog.harald.com.br\/site-2026\/wp-content\/uploads\/2023\/02\/tim.png",700,460,false],"2048x2048":["https:\/\/homolog.harald.com.br\/site-2026\/wp-content\/uploads\/2023\/02\/tim.png",700,460,false],"full-width":["https:\/\/homolog.harald.com.br\/site-2026\/wp-content\/uploads\/2023\/02\/tim.png",700,460,false],"gform-image-choice-sm":["https:\/\/homolog.harald.com.br\/site-2026\/wp-content\/uploads\/2023\/02\/tim.png",300,197,false],"gform-image-choice-md":["https:\/\/homolog.harald.com.br\/site-2026\/wp-content\/uploads\/2023\/02\/tim.png",400,263,false],"gform-image-choice-lg":["https:\/\/homolog.harald.com.br\/site-2026\/wp-content\/uploads\/2023\/02\/tim.png",600,394,false]},"uagb_author_info":{"display_name":"Bruna Teodoro","author_link":"https:\/\/homolog.harald.com.br\/site-2026\/blog\/author\/bruna-teodoro\/"},"uagb_comment_info":0,"uagb_excerpt":"Uma explos\u00e3o de sabor sem culpa: aprenda a preparar um Sabl\u00e9 de Avel\u00e3 com Chocolate Zero A\u00e7\u00facar Mercado do Cacau &#8211; 08\/02\/2023 S\u00e3o Paulo, fevereiro de 2023 Para quem gosta de se desafiar na cozinha com sobremesas tradicionais da confeitaria, o sabl\u00e9 \u00e9 uma \u00f3tima op\u00e7\u00e3o. Com uma textura levemente arenosa e que combina perfeitamente&hellip;","_links":{"self":[{"href":"https:\/\/homolog.harald.com.br\/site-2026\/wp-json\/wp\/v2\/posts\/66881","targetHints":{"allow":["GET"]}}],"collection":[{"href":"https:\/\/homolog.harald.com.br\/site-2026\/wp-json\/wp\/v2\/posts"}],"about":[{"href":"https:\/\/homolog.harald.com.br\/site-2026\/wp-json\/wp\/v2\/types\/post"}],"author":[{"embeddable":true,"href":"https:\/\/homolog.harald.com.br\/site-2026\/wp-json\/wp\/v2\/users\/11"}],"replies":[{"embeddable":true,"href":"https:\/\/homolog.harald.com.br\/site-2026\/wp-json\/wp\/v2\/comments?post=66881"}],"version-history":[{"count":1,"href":"https:\/\/homolog.harald.com.br\/site-2026\/wp-json\/wp\/v2\/posts\/66881\/revisions"}],"predecessor-version":[{"id":66886,"href":"https:\/\/homolog.harald.com.br\/site-2026\/wp-json\/wp\/v2\/posts\/66881\/revisions\/66886"}],"wp:featuredmedia":[{"embeddable":true,"href":"https:\/\/homolog.harald.com.br\/site-2026\/wp-json\/wp\/v2\/media\/66883"}],"wp:attachment":[{"href":"https:\/\/homolog.harald.com.br\/site-2026\/wp-json\/wp\/v2\/media?parent=66881"}],"wp:term":[{"taxonomy":"category","embeddable":true,"href":"https:\/\/homolog.harald.com.br\/site-2026\/wp-json\/wp\/v2\/categories?post=66881"},{"taxonomy":"post_tag","embeddable":true,"href":"https:\/\/homolog.harald.com.br\/site-2026\/wp-json\/wp\/v2\/tags?post=66881"},{"taxonomy":"para-seu-negocio","embeddable":true,"href":"https:\/\/homolog.harald.com.br\/site-2026\/wp-json\/wp\/v2\/para-seu-negocio?post=66881"}],"curies":[{"name":"wp","href":"https:\/\/api.w.org\/{rel}","templated":true}]}}