{"id":60821,"date":"2023-01-19T11:02:59","date_gmt":"2023-01-19T14:02:59","guid":{"rendered":"https:\/\/homolog.harald.com.br\/site-2026\/?p=60821"},"modified":"2023-01-19T11:02:59","modified_gmt":"2023-01-19T14:02:59","slug":"comemore-o-aniversario-de-sao-paulo-com-esta-receita-que-todo-paulistano-ama","status":"publish","type":"post","link":"https:\/\/homolog.harald.com.br\/site-2026\/blog\/comemore-o-aniversario-de-sao-paulo-com-esta-receita-que-todo-paulistano-ama\/","title":{"rendered":"Comemore o anivers\u00e1rio de S\u00e3o Paulo com esta receita que todo paulistano ama"},"content":{"rendered":"<p>No dia 25 de janeiro, a cidade de S\u00e3o Paulo comemora o seu 469\u00ba anivers\u00e1rio. Conhecida por suas variadas op\u00e7\u00f5es de restaurantes, a metr\u00f3pole \u00e9 um destino procurado por sua culin\u00e1ria.<\/p>\n<p>Mas \u00e9 claro que alguns pratos t\u00eam um lugar especial no cora\u00e7\u00e3o de seus moradores. Pensando nisso, a\u00a0<mark>Harald<\/mark>\u00a0ensina uma receita t\u00edpica que todo paulistano ama. Confira e delicie-se em comemora\u00e7\u00e3o \u00e0 cidade!<\/p>\n<p>Bolinho de Chuva com Calda de Chocolate<\/p>\n<p>\u00c9 claro que na terra da garoa todo mundo ama um bolinho de chuva. Nesta vers\u00e3o, a\u00a0<mark>Harald<\/mark>\u00a0apresenta a receita cl\u00e1ssica com um toque especial: chocolate.<\/p>\n<p>Ingredientes<\/p>\n<p>*Massa<\/p>\n<p>\u2154 x\u00edcara (ch\u00e1) de leite integral (170 ml) \u2013 1 ovo \u2013 \u00bd x\u00edcara (ch\u00e1) de a\u00e7\u00facar (80 g) \u2013 3 colheres (sopa) deChocolate em P\u00f3 Melken 33% Cacau (45 g) \u2013 1 \u00bd x\u00edcara (ch\u00e1) de farinha de trigo (210 g) \u2013 1 colher (ch\u00e1) de fermento qu\u00edmico em p\u00f3 (5 g)<\/p>\n<p>*Finaliza\u00e7\u00e3o<\/p>\n<p>\u00bd x\u00edcara (ch\u00e1) de a\u00e7\u00facar (80 g) \u2013 3 colheres (sopa) de Chocolate em P\u00f3 Melken 33% Cacau (45 g)<\/p>\n<p>*Calda<\/p>\n<p>6 colheres (sopa) de doce de leite (85 g) \u2013 2 colheres (sopa) de leite (30 ml) \u2013 1 pitada de canela \u2013 1 colher (sopa) Chocolate em P\u00f3 Melken 33% Cacau (15 g)<\/p>\n<p>Modo de preparo<\/p>\n<p>Fa\u00e7a os bolinhos primeiramente, em uma tigela coloque o leite, o ovo, o a\u00e7\u00facar e misture. em seguida, adicione o Chocolate em P\u00f3 Melken 33% Cacau, a farinha de trigo e mexa at\u00e9 obter uma massa homog\u00eanea. Assim, coloque o fermento e misture. Ent\u00e3o, com duas colheres, coloque pequenas por\u00e7\u00f5es de massa para fritar em \u00f3leo a 170 \u00b0C por aproximadamente 2 minutos ou at\u00e9 ficarem firmes. Logo ap\u00f3s, coloque para secar em papel-toalha e em seguida passe pela mistura de a\u00e7\u00facar com Chocolate em P\u00f3 33% Cacau Melken.<\/p>\n<p>Fa\u00e7a a calda por fim, misture todos os ingredientes e leve ao micro-ondas por 1 minuto. Sirva quente com os bolinhos.<\/p>\n<p>Tempo de preparo :25 minutos | Rendimento: at\u00e9 40 unidades<\/p>\n","protected":false},"excerpt":{"rendered":"<p>No dia 25 de janeiro, a cidade de S\u00e3o Paulo comemora o seu 469\u00ba anivers\u00e1rio. Conhecida por suas variadas op\u00e7\u00f5es de restaurantes, a metr\u00f3pole \u00e9 um destino procurado por sua culin\u00e1ria. Mas \u00e9 claro que alguns pratos t\u00eam um lugar especial no cora\u00e7\u00e3o de seus moradores. Pensando nisso, a\u00a0Harald\u00a0ensina uma receita t\u00edpica que todo paulistano <a class=\"more-link\" href=\"https:\/\/homolog.harald.com.br\/site-2026\/blog\/comemore-o-aniversario-de-sao-paulo-com-esta-receita-que-todo-paulistano-ama\/\">Read more&#8230;<\/a><\/p>\n","protected":false},"author":11,"featured_media":60824,"comment_status":"closed","ping_status":"closed","sticky":false,"template":"","format":"standard","meta":{"_acf_changed":false,"_uag_custom_page_level_css":"","footnotes":""},"categories":[158],"tags":[],"para-seu-negocio":[],"class_list":["post-60821","post","type-post","status-publish","format-standard","has-post-thumbnail","hentry","category-noticias"],"acf":[],"yoast_head":"<!-- This site is optimized with the Yoast SEO plugin v26.3 - https:\/\/yoast.com\/wordpress\/plugins\/seo\/ -->\n<title>Comemore o anivers\u00e1rio de S\u00e3o Paulo com esta receita que todo paulistano ama - Harald<\/title>\n<meta name=\"robots\" content=\"noindex, follow, max-snippet:-1, max-image-preview:large, max-video-preview:-1\" \/>\n<meta property=\"og:locale\" content=\"pt_BR\" \/>\n<meta property=\"og:type\" content=\"article\" \/>\n<meta property=\"og:title\" content=\"Comemore o anivers\u00e1rio de S\u00e3o Paulo com esta receita que todo paulistano ama - Harald\" \/>\n<meta property=\"og:description\" content=\"No dia 25 de janeiro, a cidade de S\u00e3o Paulo comemora o seu 469\u00ba anivers\u00e1rio. Conhecida por suas variadas op\u00e7\u00f5es de restaurantes, a metr\u00f3pole \u00e9 um destino procurado por sua culin\u00e1ria. Mas \u00e9 claro que alguns pratos t\u00eam um lugar especial no cora\u00e7\u00e3o de seus moradores. Pensando nisso, a\u00a0Harald\u00a0ensina uma receita t\u00edpica que todo paulistano Read more...\" \/>\n<meta property=\"og:url\" content=\"https:\/\/homolog.harald.com.br\/site-2026\/blog\/comemore-o-aniversario-de-sao-paulo-com-esta-receita-que-todo-paulistano-ama\/\" \/>\n<meta property=\"og:site_name\" content=\"Harald\" \/>\n<meta property=\"article:publisher\" content=\"https:\/\/www.facebook.com\/HaraldChocolates\/\" \/>\n<meta property=\"article:published_time\" content=\"2023-01-19T14:02:59+00:00\" \/>\n<meta property=\"og:image\" content=\"https:\/\/homolog.harald.com.br\/site-2026\/wp-content\/uploads\/2023\/01\/receita-aniversario-sao-paulo.jpg\" \/>\n\t<meta property=\"og:image:width\" content=\"600\" \/>\n\t<meta property=\"og:image:height\" content=\"417\" \/>\n\t<meta property=\"og:image:type\" content=\"image\/jpeg\" \/>\n<meta name=\"author\" content=\"Bruna Teodoro\" \/>\n<meta name=\"twitter:card\" content=\"summary_large_image\" \/>\n<meta name=\"twitter:label1\" content=\"Escrito por\" \/>\n\t<meta name=\"twitter:data1\" content=\"Bruna Teodoro\" \/>\n\t<meta name=\"twitter:label2\" content=\"Est. tempo de leitura\" \/>\n\t<meta name=\"twitter:data2\" content=\"2 minutos\" \/>\n<script type=\"application\/ld+json\" class=\"yoast-schema-graph\">{\"@context\":\"https:\/\/schema.org\",\"@graph\":[{\"@type\":\"Article\",\"@id\":\"https:\/\/homolog.harald.com.br\/site-2026\/blog\/comemore-o-aniversario-de-sao-paulo-com-esta-receita-que-todo-paulistano-ama\/#article\",\"isPartOf\":{\"@id\":\"https:\/\/homolog.harald.com.br\/site-2026\/blog\/comemore-o-aniversario-de-sao-paulo-com-esta-receita-que-todo-paulistano-ama\/\"},\"author\":{\"name\":\"Bruna Teodoro\",\"@id\":\"https:\/\/homolog.harald.com.br\/site-2026\/#\/schema\/person\/37dcc072f872b17c519dd3097a7925e5\"},\"headline\":\"Comemore o anivers\u00e1rio de S\u00e3o Paulo com esta receita que todo paulistano ama\",\"datePublished\":\"2023-01-19T14:02:59+00:00\",\"mainEntityOfPage\":{\"@id\":\"https:\/\/homolog.harald.com.br\/site-2026\/blog\/comemore-o-aniversario-de-sao-paulo-com-esta-receita-que-todo-paulistano-ama\/\"},\"wordCount\":326,\"publisher\":{\"@id\":\"https:\/\/homolog.harald.com.br\/site-2026\/#organization\"},\"image\":{\"@id\":\"https:\/\/homolog.harald.com.br\/site-2026\/blog\/comemore-o-aniversario-de-sao-paulo-com-esta-receita-que-todo-paulistano-ama\/#primaryimage\"},\"thumbnailUrl\":\"https:\/\/homolog.harald.com.br\/site-2026\/wp-content\/uploads\/2023\/01\/receita-aniversario-sao-paulo.jpg\",\"articleSection\":[\"Not\u00edcias\"],\"inLanguage\":\"pt-BR\"},{\"@type\":\"WebPage\",\"@id\":\"https:\/\/homolog.harald.com.br\/site-2026\/blog\/comemore-o-aniversario-de-sao-paulo-com-esta-receita-que-todo-paulistano-ama\/\",\"url\":\"https:\/\/homolog.harald.com.br\/site-2026\/blog\/comemore-o-aniversario-de-sao-paulo-com-esta-receita-que-todo-paulistano-ama\/\",\"name\":\"Comemore o anivers\u00e1rio de S\u00e3o Paulo com esta receita que todo paulistano ama - Harald\",\"isPartOf\":{\"@id\":\"https:\/\/homolog.harald.com.br\/site-2026\/#website\"},\"primaryImageOfPage\":{\"@id\":\"https:\/\/homolog.harald.com.br\/site-2026\/blog\/comemore-o-aniversario-de-sao-paulo-com-esta-receita-que-todo-paulistano-ama\/#primaryimage\"},\"image\":{\"@id\":\"https:\/\/homolog.harald.com.br\/site-2026\/blog\/comemore-o-aniversario-de-sao-paulo-com-esta-receita-que-todo-paulistano-ama\/#primaryimage\"},\"thumbnailUrl\":\"https:\/\/homolog.harald.com.br\/site-2026\/wp-content\/uploads\/2023\/01\/receita-aniversario-sao-paulo.jpg\",\"datePublished\":\"2023-01-19T14:02:59+00:00\",\"breadcrumb\":{\"@id\":\"https:\/\/homolog.harald.com.br\/site-2026\/blog\/comemore-o-aniversario-de-sao-paulo-com-esta-receita-que-todo-paulistano-ama\/#breadcrumb\"},\"inLanguage\":\"pt-BR\",\"potentialAction\":[{\"@type\":\"ReadAction\",\"target\":[\"https:\/\/homolog.harald.com.br\/site-2026\/blog\/comemore-o-aniversario-de-sao-paulo-com-esta-receita-que-todo-paulistano-ama\/\"]}]},{\"@type\":\"ImageObject\",\"inLanguage\":\"pt-BR\",\"@id\":\"https:\/\/homolog.harald.com.br\/site-2026\/blog\/comemore-o-aniversario-de-sao-paulo-com-esta-receita-que-todo-paulistano-ama\/#primaryimage\",\"url\":\"https:\/\/homolog.harald.com.br\/site-2026\/wp-content\/uploads\/2023\/01\/receita-aniversario-sao-paulo.jpg\",\"contentUrl\":\"https:\/\/homolog.harald.com.br\/site-2026\/wp-content\/uploads\/2023\/01\/receita-aniversario-sao-paulo.jpg\",\"width\":600,\"height\":417},{\"@type\":\"BreadcrumbList\",\"@id\":\"https:\/\/homolog.harald.com.br\/site-2026\/blog\/comemore-o-aniversario-de-sao-paulo-com-esta-receita-que-todo-paulistano-ama\/#breadcrumb\",\"itemListElement\":[{\"@type\":\"ListItem\",\"position\":1,\"name\":\"In\u00edcio\",\"item\":\"https:\/\/homolog.harald.com.br\/site-2026\/\"},{\"@type\":\"ListItem\",\"position\":2,\"name\":\"Comemore o anivers\u00e1rio de S\u00e3o Paulo com esta receita que todo paulistano ama\"}]},{\"@type\":\"WebSite\",\"@id\":\"https:\/\/homolog.harald.com.br\/site-2026\/#website\",\"url\":\"https:\/\/homolog.harald.com.br\/site-2026\/\",\"name\":\"Harald\",\"description\":\"Fazer melhor \u00e9 fazer com paix\u00e3o\",\"publisher\":{\"@id\":\"https:\/\/homolog.harald.com.br\/site-2026\/#organization\"},\"potentialAction\":[{\"@type\":\"SearchAction\",\"target\":{\"@type\":\"EntryPoint\",\"urlTemplate\":\"https:\/\/homolog.harald.com.br\/site-2026\/?s={search_term_string}\"},\"query-input\":{\"@type\":\"PropertyValueSpecification\",\"valueRequired\":true,\"valueName\":\"search_term_string\"}}],\"inLanguage\":\"pt-BR\"},{\"@type\":\"Organization\",\"@id\":\"https:\/\/homolog.harald.com.br\/site-2026\/#organization\",\"name\":\"Harald\",\"url\":\"https:\/\/homolog.harald.com.br\/site-2026\/\",\"logo\":{\"@type\":\"ImageObject\",\"inLanguage\":\"pt-BR\",\"@id\":\"https:\/\/homolog.harald.com.br\/site-2026\/#\/schema\/logo\/image\/\",\"url\":\"https:\/\/homolog.harald.com.br\/site-2026\/wp-content\/uploads\/2022\/09\/logo-harald-cmyk-ss.png\",\"contentUrl\":\"https:\/\/homolog.harald.com.br\/site-2026\/wp-content\/uploads\/2022\/09\/logo-harald-cmyk-ss.png\",\"width\":1948,\"height\":1051,\"caption\":\"Harald\"},\"image\":{\"@id\":\"https:\/\/homolog.harald.com.br\/site-2026\/#\/schema\/logo\/image\/\"},\"sameAs\":[\"https:\/\/www.facebook.com\/HaraldChocolates\/\",\"https:\/\/www.youtube.com\/user\/HaraldChocolates\"]},{\"@type\":\"Person\",\"@id\":\"https:\/\/homolog.harald.com.br\/site-2026\/#\/schema\/person\/37dcc072f872b17c519dd3097a7925e5\",\"name\":\"Bruna Teodoro\",\"image\":{\"@type\":\"ImageObject\",\"inLanguage\":\"pt-BR\",\"@id\":\"https:\/\/homolog.harald.com.br\/site-2026\/#\/schema\/person\/image\/\",\"url\":\"https:\/\/secure.gravatar.com\/avatar\/7da0050c7a3bd4d6df113dcfae1a5b72c8690bc5d4bb4fabab7e4d34d582ceea?s=96&d=mm&r=g\",\"contentUrl\":\"https:\/\/secure.gravatar.com\/avatar\/7da0050c7a3bd4d6df113dcfae1a5b72c8690bc5d4bb4fabab7e4d34d582ceea?s=96&d=mm&r=g\",\"caption\":\"Bruna Teodoro\"},\"url\":\"https:\/\/homolog.harald.com.br\/site-2026\/blog\/author\/bruna-teodoro\/\"}]}<\/script>\n<!-- \/ Yoast SEO plugin. -->","yoast_head_json":{"title":"Comemore o anivers\u00e1rio de S\u00e3o Paulo com esta receita que todo paulistano ama - Harald","robots":{"index":"noindex","follow":"follow","max-snippet":"max-snippet:-1","max-image-preview":"max-image-preview:large","max-video-preview":"max-video-preview:-1"},"og_locale":"pt_BR","og_type":"article","og_title":"Comemore o anivers\u00e1rio de S\u00e3o Paulo com esta receita que todo paulistano ama - Harald","og_description":"No dia 25 de janeiro, a cidade de S\u00e3o Paulo comemora o seu 469\u00ba anivers\u00e1rio. Conhecida por suas variadas op\u00e7\u00f5es de restaurantes, a metr\u00f3pole \u00e9 um destino procurado por sua culin\u00e1ria. Mas \u00e9 claro que alguns pratos t\u00eam um lugar especial no cora\u00e7\u00e3o de seus moradores. Pensando nisso, a\u00a0Harald\u00a0ensina uma receita t\u00edpica que todo paulistano Read more...","og_url":"https:\/\/homolog.harald.com.br\/site-2026\/blog\/comemore-o-aniversario-de-sao-paulo-com-esta-receita-que-todo-paulistano-ama\/","og_site_name":"Harald","article_publisher":"https:\/\/www.facebook.com\/HaraldChocolates\/","article_published_time":"2023-01-19T14:02:59+00:00","og_image":[{"width":600,"height":417,"url":"https:\/\/homolog.harald.com.br\/site-2026\/wp-content\/uploads\/2023\/01\/receita-aniversario-sao-paulo.jpg","type":"image\/jpeg"}],"author":"Bruna Teodoro","twitter_card":"summary_large_image","twitter_misc":{"Escrito por":"Bruna Teodoro","Est. tempo de leitura":"2 minutos"},"schema":{"@context":"https:\/\/schema.org","@graph":[{"@type":"Article","@id":"https:\/\/homolog.harald.com.br\/site-2026\/blog\/comemore-o-aniversario-de-sao-paulo-com-esta-receita-que-todo-paulistano-ama\/#article","isPartOf":{"@id":"https:\/\/homolog.harald.com.br\/site-2026\/blog\/comemore-o-aniversario-de-sao-paulo-com-esta-receita-que-todo-paulistano-ama\/"},"author":{"name":"Bruna Teodoro","@id":"https:\/\/homolog.harald.com.br\/site-2026\/#\/schema\/person\/37dcc072f872b17c519dd3097a7925e5"},"headline":"Comemore o anivers\u00e1rio de S\u00e3o Paulo com esta receita que todo paulistano ama","datePublished":"2023-01-19T14:02:59+00:00","mainEntityOfPage":{"@id":"https:\/\/homolog.harald.com.br\/site-2026\/blog\/comemore-o-aniversario-de-sao-paulo-com-esta-receita-que-todo-paulistano-ama\/"},"wordCount":326,"publisher":{"@id":"https:\/\/homolog.harald.com.br\/site-2026\/#organization"},"image":{"@id":"https:\/\/homolog.harald.com.br\/site-2026\/blog\/comemore-o-aniversario-de-sao-paulo-com-esta-receita-que-todo-paulistano-ama\/#primaryimage"},"thumbnailUrl":"https:\/\/homolog.harald.com.br\/site-2026\/wp-content\/uploads\/2023\/01\/receita-aniversario-sao-paulo.jpg","articleSection":["Not\u00edcias"],"inLanguage":"pt-BR"},{"@type":"WebPage","@id":"https:\/\/homolog.harald.com.br\/site-2026\/blog\/comemore-o-aniversario-de-sao-paulo-com-esta-receita-que-todo-paulistano-ama\/","url":"https:\/\/homolog.harald.com.br\/site-2026\/blog\/comemore-o-aniversario-de-sao-paulo-com-esta-receita-que-todo-paulistano-ama\/","name":"Comemore o anivers\u00e1rio de S\u00e3o Paulo com esta receita que todo paulistano ama - Harald","isPartOf":{"@id":"https:\/\/homolog.harald.com.br\/site-2026\/#website"},"primaryImageOfPage":{"@id":"https:\/\/homolog.harald.com.br\/site-2026\/blog\/comemore-o-aniversario-de-sao-paulo-com-esta-receita-que-todo-paulistano-ama\/#primaryimage"},"image":{"@id":"https:\/\/homolog.harald.com.br\/site-2026\/blog\/comemore-o-aniversario-de-sao-paulo-com-esta-receita-que-todo-paulistano-ama\/#primaryimage"},"thumbnailUrl":"https:\/\/homolog.harald.com.br\/site-2026\/wp-content\/uploads\/2023\/01\/receita-aniversario-sao-paulo.jpg","datePublished":"2023-01-19T14:02:59+00:00","breadcrumb":{"@id":"https:\/\/homolog.harald.com.br\/site-2026\/blog\/comemore-o-aniversario-de-sao-paulo-com-esta-receita-que-todo-paulistano-ama\/#breadcrumb"},"inLanguage":"pt-BR","potentialAction":[{"@type":"ReadAction","target":["https:\/\/homolog.harald.com.br\/site-2026\/blog\/comemore-o-aniversario-de-sao-paulo-com-esta-receita-que-todo-paulistano-ama\/"]}]},{"@type":"ImageObject","inLanguage":"pt-BR","@id":"https:\/\/homolog.harald.com.br\/site-2026\/blog\/comemore-o-aniversario-de-sao-paulo-com-esta-receita-que-todo-paulistano-ama\/#primaryimage","url":"https:\/\/homolog.harald.com.br\/site-2026\/wp-content\/uploads\/2023\/01\/receita-aniversario-sao-paulo.jpg","contentUrl":"https:\/\/homolog.harald.com.br\/site-2026\/wp-content\/uploads\/2023\/01\/receita-aniversario-sao-paulo.jpg","width":600,"height":417},{"@type":"BreadcrumbList","@id":"https:\/\/homolog.harald.com.br\/site-2026\/blog\/comemore-o-aniversario-de-sao-paulo-com-esta-receita-que-todo-paulistano-ama\/#breadcrumb","itemListElement":[{"@type":"ListItem","position":1,"name":"In\u00edcio","item":"https:\/\/homolog.harald.com.br\/site-2026\/"},{"@type":"ListItem","position":2,"name":"Comemore o anivers\u00e1rio de S\u00e3o Paulo com esta receita que todo paulistano ama"}]},{"@type":"WebSite","@id":"https:\/\/homolog.harald.com.br\/site-2026\/#website","url":"https:\/\/homolog.harald.com.br\/site-2026\/","name":"Harald","description":"Fazer melhor \u00e9 fazer com paix\u00e3o","publisher":{"@id":"https:\/\/homolog.harald.com.br\/site-2026\/#organization"},"potentialAction":[{"@type":"SearchAction","target":{"@type":"EntryPoint","urlTemplate":"https:\/\/homolog.harald.com.br\/site-2026\/?s={search_term_string}"},"query-input":{"@type":"PropertyValueSpecification","valueRequired":true,"valueName":"search_term_string"}}],"inLanguage":"pt-BR"},{"@type":"Organization","@id":"https:\/\/homolog.harald.com.br\/site-2026\/#organization","name":"Harald","url":"https:\/\/homolog.harald.com.br\/site-2026\/","logo":{"@type":"ImageObject","inLanguage":"pt-BR","@id":"https:\/\/homolog.harald.com.br\/site-2026\/#\/schema\/logo\/image\/","url":"https:\/\/homolog.harald.com.br\/site-2026\/wp-content\/uploads\/2022\/09\/logo-harald-cmyk-ss.png","contentUrl":"https:\/\/homolog.harald.com.br\/site-2026\/wp-content\/uploads\/2022\/09\/logo-harald-cmyk-ss.png","width":1948,"height":1051,"caption":"Harald"},"image":{"@id":"https:\/\/homolog.harald.com.br\/site-2026\/#\/schema\/logo\/image\/"},"sameAs":["https:\/\/www.facebook.com\/HaraldChocolates\/","https:\/\/www.youtube.com\/user\/HaraldChocolates"]},{"@type":"Person","@id":"https:\/\/homolog.harald.com.br\/site-2026\/#\/schema\/person\/37dcc072f872b17c519dd3097a7925e5","name":"Bruna Teodoro","image":{"@type":"ImageObject","inLanguage":"pt-BR","@id":"https:\/\/homolog.harald.com.br\/site-2026\/#\/schema\/person\/image\/","url":"https:\/\/secure.gravatar.com\/avatar\/7da0050c7a3bd4d6df113dcfae1a5b72c8690bc5d4bb4fabab7e4d34d582ceea?s=96&d=mm&r=g","contentUrl":"https:\/\/secure.gravatar.com\/avatar\/7da0050c7a3bd4d6df113dcfae1a5b72c8690bc5d4bb4fabab7e4d34d582ceea?s=96&d=mm&r=g","caption":"Bruna Teodoro"},"url":"https:\/\/homolog.harald.com.br\/site-2026\/blog\/author\/bruna-teodoro\/"}]}},"uagb_featured_image_src":{"full":["https:\/\/homolog.harald.com.br\/site-2026\/wp-content\/uploads\/2023\/01\/receita-aniversario-sao-paulo.jpg",600,417,false],"thumbnail":["https:\/\/homolog.harald.com.br\/site-2026\/wp-content\/uploads\/2023\/01\/receita-aniversario-sao-paulo-150x150.jpg",150,150,true],"medium":["https:\/\/homolog.harald.com.br\/site-2026\/wp-content\/uploads\/2023\/01\/receita-aniversario-sao-paulo-300x209.jpg",300,209,true],"medium_large":["https:\/\/homolog.harald.com.br\/site-2026\/wp-content\/uploads\/2023\/01\/receita-aniversario-sao-paulo.jpg",600,417,false],"large":["https:\/\/homolog.harald.com.br\/site-2026\/wp-content\/uploads\/2023\/01\/receita-aniversario-sao-paulo.jpg",600,417,false],"1536x1536":["https:\/\/homolog.harald.com.br\/site-2026\/wp-content\/uploads\/2023\/01\/receita-aniversario-sao-paulo.jpg",600,417,false],"2048x2048":["https:\/\/homolog.harald.com.br\/site-2026\/wp-content\/uploads\/2023\/01\/receita-aniversario-sao-paulo.jpg",600,417,false],"full-width":["https:\/\/homolog.harald.com.br\/site-2026\/wp-content\/uploads\/2023\/01\/receita-aniversario-sao-paulo.jpg",600,417,false],"gform-image-choice-sm":["https:\/\/homolog.harald.com.br\/site-2026\/wp-content\/uploads\/2023\/01\/receita-aniversario-sao-paulo.jpg",300,209,false],"gform-image-choice-md":["https:\/\/homolog.harald.com.br\/site-2026\/wp-content\/uploads\/2023\/01\/receita-aniversario-sao-paulo.jpg",400,278,false],"gform-image-choice-lg":["https:\/\/homolog.harald.com.br\/site-2026\/wp-content\/uploads\/2023\/01\/receita-aniversario-sao-paulo.jpg",600,417,false]},"uagb_author_info":{"display_name":"Bruna Teodoro","author_link":"https:\/\/homolog.harald.com.br\/site-2026\/blog\/author\/bruna-teodoro\/"},"uagb_comment_info":0,"uagb_excerpt":"No dia 25 de janeiro, a cidade de S\u00e3o Paulo comemora o seu 469\u00ba anivers\u00e1rio. Conhecida por suas variadas op\u00e7\u00f5es de restaurantes, a metr\u00f3pole \u00e9 um destino procurado por sua culin\u00e1ria. Mas \u00e9 claro que alguns pratos t\u00eam um lugar especial no cora\u00e7\u00e3o de seus moradores. Pensando nisso, a\u00a0Harald\u00a0ensina uma receita t\u00edpica que todo paulistano&hellip;","_links":{"self":[{"href":"https:\/\/homolog.harald.com.br\/site-2026\/wp-json\/wp\/v2\/posts\/60821","targetHints":{"allow":["GET"]}}],"collection":[{"href":"https:\/\/homolog.harald.com.br\/site-2026\/wp-json\/wp\/v2\/posts"}],"about":[{"href":"https:\/\/homolog.harald.com.br\/site-2026\/wp-json\/wp\/v2\/types\/post"}],"author":[{"embeddable":true,"href":"https:\/\/homolog.harald.com.br\/site-2026\/wp-json\/wp\/v2\/users\/11"}],"replies":[{"embeddable":true,"href":"https:\/\/homolog.harald.com.br\/site-2026\/wp-json\/wp\/v2\/comments?post=60821"}],"version-history":[{"count":1,"href":"https:\/\/homolog.harald.com.br\/site-2026\/wp-json\/wp\/v2\/posts\/60821\/revisions"}],"predecessor-version":[{"id":60827,"href":"https:\/\/homolog.harald.com.br\/site-2026\/wp-json\/wp\/v2\/posts\/60821\/revisions\/60827"}],"wp:featuredmedia":[{"embeddable":true,"href":"https:\/\/homolog.harald.com.br\/site-2026\/wp-json\/wp\/v2\/media\/60824"}],"wp:attachment":[{"href":"https:\/\/homolog.harald.com.br\/site-2026\/wp-json\/wp\/v2\/media?parent=60821"}],"wp:term":[{"taxonomy":"category","embeddable":true,"href":"https:\/\/homolog.harald.com.br\/site-2026\/wp-json\/wp\/v2\/categories?post=60821"},{"taxonomy":"post_tag","embeddable":true,"href":"https:\/\/homolog.harald.com.br\/site-2026\/wp-json\/wp\/v2\/tags?post=60821"},{"taxonomy":"para-seu-negocio","embeddable":true,"href":"https:\/\/homolog.harald.com.br\/site-2026\/wp-json\/wp\/v2\/para-seu-negocio?post=60821"}],"curies":[{"name":"wp","href":"https:\/\/api.w.org\/{rel}","templated":true}]}}