{"id":56844,"date":"2022-01-31T12:39:57","date_gmt":"2022-01-31T15:39:57","guid":{"rendered":"https:\/\/homolog.harald.com.br\/site-2026\/?p=56844"},"modified":"2023-01-04T12:40:16","modified_gmt":"2023-01-04T15:40:16","slug":"harald-amplia-o-portfolio-da-linha-melken-com-lancamento-de-produto-zero-acucar","status":"publish","type":"post","link":"https:\/\/homolog.harald.com.br\/site-2026\/blog\/harald-amplia-o-portfolio-da-linha-melken-com-lancamento-de-produto-zero-acucar\/","title":{"rendered":"Harald amplia o portf\u00f3lio da linha Melken com lan\u00e7amento de produto Zero A\u00e7\u00facar"},"content":{"rendered":"<h1 style=\"text-align: center;\"><b>Harald amplia o portf\u00f3lio da linha Melken com lan\u00e7amento de produto Zero A\u00e7\u00facar<\/b><\/h1>\n<p style=\"text-align: center;\"><span style=\"font-weight: 400;\">\u00a0<\/span><i><span style=\"font-weight: 400;\">Alinhada com as tend\u00eancias do mercado, o Melken Zero A\u00e7\u00facar \u00e9 para quem busca um chocolate nobre na vers\u00e3o sem a\u00e7\u00facar para ampliar os neg\u00f3cios\u00a0<\/span><\/i><\/p>\n<p>\u00a0 \u00a0 \u00a0 \u00a0 \u00a0 \u00a0 \u00a0 \u00a0 \u00a0 \u00a0 \u00a0 \u00a0 \u00a0 \u00a0 \u00a0<img loading=\"lazy\" decoding=\"async\" class=\"alignnone size-medium wp-image-3751\" src=\"https:\/\/homolog.harald.com.br\/site-2026\/wp-content\/uploads\/2017\/12\/sku-104117-harald-lancamento-zero-acucar-ao-leite-500g-700x520-3-300x223.png\" alt=\"\" width=\"300\" height=\"223\" \/> <img loading=\"lazy\" decoding=\"async\" class=\"alignnone size-medium wp-image-3755\" src=\"https:\/\/homolog.harald.com.br\/site-2026\/wp-content\/uploads\/2017\/12\/sku-104118-harald-lancamento-zero-acucar-63-acucar-500g-700x520-3-300x223.png\" alt=\"\" width=\"300\" height=\"223\" srcset=\"https:\/\/homolog.harald.com.br\/site-2026\/wp-content\/uploads\/2017\/12\/sku-104118-harald-lancamento-zero-acucar-63-acucar-500g-700x520-3-300x223.png 300w, https:\/\/homolog.harald.com.br\/site-2026\/wp-content\/uploads\/2017\/12\/sku-104118-harald-lancamento-zero-acucar-63-acucar-500g-700x520-3.png 700w\" sizes=\"auto, (max-width: 300px) 100vw, 300px\" \/><\/p>\n<p>&nbsp;<\/p>\n<p><span style=\"font-weight: 400;\"><br \/>\n<\/span><b>S\u00e3o Paulo, fevereiro de 2022<\/b><span style=\"font-weight: 400;\"> &#8211; Sempre atenta \u00e0s necessidades de produtos e sabores do setor, a <\/span><b>Harald<\/b><span style=\"font-weight: 400;\">, marca l\u00edder em coberturas e refer\u00eancia em chocolates para o mercado especializado, amplia o seu portf\u00f3lio de chocolates com o<\/span><b> Melken Zero A\u00e7\u00facar<\/b><span style=\"font-weight: 400;\">. O novo produto tem o objetivo de ampliar a possibilidade de neg\u00f3cios do p\u00fablico especializado e que atua no setor de confeitaria, <\/span><i><span style=\"font-weight: 400;\">food service<\/span><\/i><span style=\"font-weight: 400;\"> e do <\/span><i><span style=\"font-weight: 400;\">cash and carry<\/span><\/i><span style=\"font-weight: 400;\">, entregando um chocolate nobre e totalmente sem a\u00e7\u00facar, que tamb\u00e9m \u00e9 fonte de fibras e n\u00e3o cont\u00e9m gl\u00faten.<\/span><\/p>\n<p>&nbsp;<\/p>\n<p><span style=\"font-weight: 400;\">O<\/span><b> Melken Zero A\u00e7\u00facar<\/b><span style=\"font-weight: 400;\"> proporciona o acesso dos consumidores a um chocolate da mais alta qualidade, com sabor \u00fanico e excelente derretimento. Dispon\u00edvel em barras (500g) nas vers\u00f5es ao leite e meio amargo (63% cacau), o produto que n\u00e3o tem adi\u00e7\u00e3o de a\u00e7\u00facares, oferece uma textura cremosa e \u00e9 indicado para moldar e banhar, pois entrega um excelente brilho e acabamento.<\/span><\/p>\n<p>&nbsp;<\/p>\n<p><span style=\"font-weight: 400;\">\u201cN\u00f3s investimos de forma estrat\u00e9gica para oferecer ao consumidor versatilidade, rendimento, agilidade e um excelente<\/span><i><span style=\"font-weight: 400;\"> shelf-life<\/span><\/i><span style=\"font-weight: 400;\">. No caso do Melken Zero A\u00e7\u00facar, entregamos uma novidade desenvolvida com o prop\u00f3sito de oferecer um chocolate nobre para quem busca uma alimenta\u00e7\u00e3o mais saud\u00e1vel, ou que possua restri\u00e7\u00e3o no consumo de a\u00e7\u00facares, com muito sabor e qualidade\u201d, comenta Fernanda Sequetto, gerente de marketing da <\/span><b>Harald<\/b><span style=\"font-weight: 400;\"> no Brasil.\u00a0<\/span><\/p>\n<p>&nbsp;<\/p>\n<p><span style=\"font-weight: 400;\">Confira os diferenciais do Melken Chocolate ao Leite e do Melken Chocolate Meio Amargo 63% cacau:\u00a0<\/span><\/p>\n<ul>\n<li style=\"font-weight: 400;\" aria-level=\"1\"><span style=\"font-weight: 400;\">N\u00e3o cont\u00e9m a\u00e7\u00facar em sua composi\u00e7\u00e3o;<\/span><\/li>\n<li style=\"font-weight: 400;\" aria-level=\"1\"><span style=\"font-weight: 400;\">N\u00e3o cont\u00e9m gl\u00faten;<\/span><\/li>\n<li style=\"font-weight: 400;\" aria-level=\"1\"><span style=\"font-weight: 400;\">Chocolate nobre;<\/span><\/li>\n<li style=\"font-weight: 400;\" aria-level=\"1\"><span style=\"font-weight: 400;\">Indicado para dietas com restri\u00e7\u00e3o de a\u00e7\u00facares;<\/span><\/li>\n<li style=\"font-weight: 400;\" aria-level=\"1\"><span style=\"font-weight: 400;\">Sabor delicioso e textura cremosa;<\/span><\/li>\n<li style=\"font-weight: 400;\" aria-level=\"1\"><span style=\"font-weight: 400;\">Excelente brilho e acabamento;<\/span><\/li>\n<li style=\"font-weight: 400;\" aria-level=\"1\"><span style=\"font-weight: 400;\">Vers\u00e1til, \u00e9 indicado para diversas aplica\u00e7\u00f5es;\u00a0<\/span><\/li>\n<li style=\"font-weight: 400;\" aria-level=\"1\"><span style=\"font-weight: 400;\">Embalagem de 500g (em barra);\u00a0<\/span><\/li>\n<li style=\"font-weight: 400;\" aria-level=\"1\"><span style=\"font-weight: 400;\">Qualidade Melken.\u00a0<\/span><\/li>\n<\/ul>\n","protected":false},"excerpt":{"rendered":"<p>Harald amplia o portf\u00f3lio da linha Melken com lan\u00e7amento de produto Zero A\u00e7\u00facar \u00a0Alinhada com as tend\u00eancias do mercado, o Melken Zero A\u00e7\u00facar \u00e9 para quem busca um chocolate nobre na vers\u00e3o sem a\u00e7\u00facar para ampliar os neg\u00f3cios\u00a0 \u00a0 \u00a0 \u00a0 \u00a0 \u00a0 \u00a0 \u00a0 \u00a0 \u00a0 \u00a0 \u00a0 \u00a0 \u00a0 \u00a0 \u00a0 &nbsp; S\u00e3o <a class=\"more-link\" href=\"https:\/\/homolog.harald.com.br\/site-2026\/blog\/harald-amplia-o-portfolio-da-linha-melken-com-lancamento-de-produto-zero-acucar\/\">Read more&#8230;<\/a><\/p>\n","protected":false},"author":11,"featured_media":8692,"comment_status":"closed","ping_status":"closed","sticky":false,"template":"","format":"standard","meta":{"_acf_changed":false,"_uag_custom_page_level_css":"","footnotes":""},"categories":[21],"tags":[],"para-seu-negocio":[],"class_list":["post-56844","post","type-post","status-publish","format-standard","has-post-thumbnail","hentry","category-blog-chocolates"],"acf":[],"yoast_head":"<!-- This site is optimized with the Yoast SEO plugin v26.3 - https:\/\/yoast.com\/wordpress\/plugins\/seo\/ -->\n<title>Harald amplia o portf\u00f3lio da linha Melken com lan\u00e7amento de produto Zero A\u00e7\u00facar - Harald<\/title>\n<meta name=\"robots\" content=\"noindex, follow, max-snippet:-1, max-image-preview:large, max-video-preview:-1\" \/>\n<meta property=\"og:locale\" content=\"pt_BR\" \/>\n<meta property=\"og:type\" content=\"article\" \/>\n<meta property=\"og:title\" content=\"Harald amplia o portf\u00f3lio da linha Melken com lan\u00e7amento de produto Zero A\u00e7\u00facar - Harald\" \/>\n<meta property=\"og:description\" content=\"Harald amplia o portf\u00f3lio da linha Melken com lan\u00e7amento de produto Zero A\u00e7\u00facar \u00a0Alinhada com as tend\u00eancias do mercado, o Melken Zero A\u00e7\u00facar \u00e9 para quem busca um chocolate nobre na vers\u00e3o sem a\u00e7\u00facar para ampliar os neg\u00f3cios\u00a0 \u00a0 \u00a0 \u00a0 \u00a0 \u00a0 \u00a0 \u00a0 \u00a0 \u00a0 \u00a0 \u00a0 \u00a0 \u00a0 \u00a0 \u00a0 &nbsp; S\u00e3o Read more...\" \/>\n<meta property=\"og:url\" content=\"https:\/\/homolog.harald.com.br\/site-2026\/blog\/harald-amplia-o-portfolio-da-linha-melken-com-lancamento-de-produto-zero-acucar\/\" \/>\n<meta property=\"og:site_name\" content=\"Harald\" \/>\n<meta property=\"article:publisher\" content=\"https:\/\/www.facebook.com\/HaraldChocolates\/\" \/>\n<meta property=\"article:published_time\" content=\"2022-01-31T15:39:57+00:00\" \/>\n<meta property=\"article:modified_time\" content=\"2023-01-04T15:40:16+00:00\" \/>\n<meta property=\"og:image\" content=\"https:\/\/homolog.harald.com.br\/site-2026\/wp-content\/uploads\/2022\/08\/melken-zero.jpg\" \/>\n\t<meta property=\"og:image:width\" content=\"519\" \/>\n\t<meta property=\"og:image:height\" content=\"517\" \/>\n\t<meta property=\"og:image:type\" content=\"image\/jpeg\" \/>\n<meta name=\"author\" content=\"Bruna Teodoro\" \/>\n<meta name=\"twitter:card\" content=\"summary_large_image\" \/>\n<meta name=\"twitter:label1\" content=\"Escrito por\" \/>\n\t<meta name=\"twitter:data1\" content=\"Bruna Teodoro\" \/>\n\t<meta name=\"twitter:label2\" content=\"Est. tempo de leitura\" \/>\n\t<meta name=\"twitter:data2\" content=\"3 minutos\" \/>\n<script type=\"application\/ld+json\" class=\"yoast-schema-graph\">{\"@context\":\"https:\/\/schema.org\",\"@graph\":[{\"@type\":\"Article\",\"@id\":\"https:\/\/homolog.harald.com.br\/site-2026\/blog\/harald-amplia-o-portfolio-da-linha-melken-com-lancamento-de-produto-zero-acucar\/#article\",\"isPartOf\":{\"@id\":\"https:\/\/homolog.harald.com.br\/site-2026\/blog\/harald-amplia-o-portfolio-da-linha-melken-com-lancamento-de-produto-zero-acucar\/\"},\"author\":{\"name\":\"Bruna Teodoro\",\"@id\":\"https:\/\/homolog.harald.com.br\/site-2026\/#\/schema\/person\/37dcc072f872b17c519dd3097a7925e5\"},\"headline\":\"Harald amplia o portf\u00f3lio da linha Melken com lan\u00e7amento de produto Zero A\u00e7\u00facar\",\"datePublished\":\"2022-01-31T15:39:57+00:00\",\"dateModified\":\"2023-01-04T15:40:16+00:00\",\"mainEntityOfPage\":{\"@id\":\"https:\/\/homolog.harald.com.br\/site-2026\/blog\/harald-amplia-o-portfolio-da-linha-melken-com-lancamento-de-produto-zero-acucar\/\"},\"wordCount\":365,\"publisher\":{\"@id\":\"https:\/\/homolog.harald.com.br\/site-2026\/#organization\"},\"image\":{\"@id\":\"https:\/\/homolog.harald.com.br\/site-2026\/blog\/harald-amplia-o-portfolio-da-linha-melken-com-lancamento-de-produto-zero-acucar\/#primaryimage\"},\"thumbnailUrl\":\"https:\/\/homolog.harald.com.br\/site-2026\/wp-content\/uploads\/2022\/08\/melken-zero.jpg\",\"articleSection\":[\"Chocolates\"],\"inLanguage\":\"pt-BR\"},{\"@type\":\"WebPage\",\"@id\":\"https:\/\/homolog.harald.com.br\/site-2026\/blog\/harald-amplia-o-portfolio-da-linha-melken-com-lancamento-de-produto-zero-acucar\/\",\"url\":\"https:\/\/homolog.harald.com.br\/site-2026\/blog\/harald-amplia-o-portfolio-da-linha-melken-com-lancamento-de-produto-zero-acucar\/\",\"name\":\"Harald amplia o portf\u00f3lio da linha Melken com lan\u00e7amento de produto Zero A\u00e7\u00facar - Harald\",\"isPartOf\":{\"@id\":\"https:\/\/homolog.harald.com.br\/site-2026\/#website\"},\"primaryImageOfPage\":{\"@id\":\"https:\/\/homolog.harald.com.br\/site-2026\/blog\/harald-amplia-o-portfolio-da-linha-melken-com-lancamento-de-produto-zero-acucar\/#primaryimage\"},\"image\":{\"@id\":\"https:\/\/homolog.harald.com.br\/site-2026\/blog\/harald-amplia-o-portfolio-da-linha-melken-com-lancamento-de-produto-zero-acucar\/#primaryimage\"},\"thumbnailUrl\":\"https:\/\/homolog.harald.com.br\/site-2026\/wp-content\/uploads\/2022\/08\/melken-zero.jpg\",\"datePublished\":\"2022-01-31T15:39:57+00:00\",\"dateModified\":\"2023-01-04T15:40:16+00:00\",\"breadcrumb\":{\"@id\":\"https:\/\/homolog.harald.com.br\/site-2026\/blog\/harald-amplia-o-portfolio-da-linha-melken-com-lancamento-de-produto-zero-acucar\/#breadcrumb\"},\"inLanguage\":\"pt-BR\",\"potentialAction\":[{\"@type\":\"ReadAction\",\"target\":[\"https:\/\/homolog.harald.com.br\/site-2026\/blog\/harald-amplia-o-portfolio-da-linha-melken-com-lancamento-de-produto-zero-acucar\/\"]}]},{\"@type\":\"ImageObject\",\"inLanguage\":\"pt-BR\",\"@id\":\"https:\/\/homolog.harald.com.br\/site-2026\/blog\/harald-amplia-o-portfolio-da-linha-melken-com-lancamento-de-produto-zero-acucar\/#primaryimage\",\"url\":\"https:\/\/homolog.harald.com.br\/site-2026\/wp-content\/uploads\/2022\/08\/melken-zero.jpg\",\"contentUrl\":\"https:\/\/homolog.harald.com.br\/site-2026\/wp-content\/uploads\/2022\/08\/melken-zero.jpg\",\"width\":519,\"height\":517},{\"@type\":\"BreadcrumbList\",\"@id\":\"https:\/\/homolog.harald.com.br\/site-2026\/blog\/harald-amplia-o-portfolio-da-linha-melken-com-lancamento-de-produto-zero-acucar\/#breadcrumb\",\"itemListElement\":[{\"@type\":\"ListItem\",\"position\":1,\"name\":\"In\u00edcio\",\"item\":\"https:\/\/homolog.harald.com.br\/site-2026\/\"},{\"@type\":\"ListItem\",\"position\":2,\"name\":\"Harald amplia o portf\u00f3lio da linha Melken com lan\u00e7amento de produto Zero A\u00e7\u00facar\"}]},{\"@type\":\"WebSite\",\"@id\":\"https:\/\/homolog.harald.com.br\/site-2026\/#website\",\"url\":\"https:\/\/homolog.harald.com.br\/site-2026\/\",\"name\":\"Harald\",\"description\":\"Fazer melhor \u00e9 fazer com paix\u00e3o\",\"publisher\":{\"@id\":\"https:\/\/homolog.harald.com.br\/site-2026\/#organization\"},\"potentialAction\":[{\"@type\":\"SearchAction\",\"target\":{\"@type\":\"EntryPoint\",\"urlTemplate\":\"https:\/\/homolog.harald.com.br\/site-2026\/?s={search_term_string}\"},\"query-input\":{\"@type\":\"PropertyValueSpecification\",\"valueRequired\":true,\"valueName\":\"search_term_string\"}}],\"inLanguage\":\"pt-BR\"},{\"@type\":\"Organization\",\"@id\":\"https:\/\/homolog.harald.com.br\/site-2026\/#organization\",\"name\":\"Harald\",\"url\":\"https:\/\/homolog.harald.com.br\/site-2026\/\",\"logo\":{\"@type\":\"ImageObject\",\"inLanguage\":\"pt-BR\",\"@id\":\"https:\/\/homolog.harald.com.br\/site-2026\/#\/schema\/logo\/image\/\",\"url\":\"https:\/\/homolog.harald.com.br\/site-2026\/wp-content\/uploads\/2022\/09\/logo-harald-cmyk-ss.png\",\"contentUrl\":\"https:\/\/homolog.harald.com.br\/site-2026\/wp-content\/uploads\/2022\/09\/logo-harald-cmyk-ss.png\",\"width\":1948,\"height\":1051,\"caption\":\"Harald\"},\"image\":{\"@id\":\"https:\/\/homolog.harald.com.br\/site-2026\/#\/schema\/logo\/image\/\"},\"sameAs\":[\"https:\/\/www.facebook.com\/HaraldChocolates\/\",\"https:\/\/www.youtube.com\/user\/HaraldChocolates\"]},{\"@type\":\"Person\",\"@id\":\"https:\/\/homolog.harald.com.br\/site-2026\/#\/schema\/person\/37dcc072f872b17c519dd3097a7925e5\",\"name\":\"Bruna Teodoro\",\"image\":{\"@type\":\"ImageObject\",\"inLanguage\":\"pt-BR\",\"@id\":\"https:\/\/homolog.harald.com.br\/site-2026\/#\/schema\/person\/image\/\",\"url\":\"https:\/\/secure.gravatar.com\/avatar\/7da0050c7a3bd4d6df113dcfae1a5b72c8690bc5d4bb4fabab7e4d34d582ceea?s=96&d=mm&r=g\",\"contentUrl\":\"https:\/\/secure.gravatar.com\/avatar\/7da0050c7a3bd4d6df113dcfae1a5b72c8690bc5d4bb4fabab7e4d34d582ceea?s=96&d=mm&r=g\",\"caption\":\"Bruna Teodoro\"},\"url\":\"https:\/\/homolog.harald.com.br\/site-2026\/blog\/author\/bruna-teodoro\/\"}]}<\/script>\n<!-- \/ Yoast SEO plugin. -->","yoast_head_json":{"title":"Harald amplia o portf\u00f3lio da linha Melken com lan\u00e7amento de produto Zero A\u00e7\u00facar - Harald","robots":{"index":"noindex","follow":"follow","max-snippet":"max-snippet:-1","max-image-preview":"max-image-preview:large","max-video-preview":"max-video-preview:-1"},"og_locale":"pt_BR","og_type":"article","og_title":"Harald amplia o portf\u00f3lio da linha Melken com lan\u00e7amento de produto Zero A\u00e7\u00facar - Harald","og_description":"Harald amplia o portf\u00f3lio da linha Melken com lan\u00e7amento de produto Zero A\u00e7\u00facar \u00a0Alinhada com as tend\u00eancias do mercado, o Melken Zero A\u00e7\u00facar \u00e9 para quem busca um chocolate nobre na vers\u00e3o sem a\u00e7\u00facar para ampliar os neg\u00f3cios\u00a0 \u00a0 \u00a0 \u00a0 \u00a0 \u00a0 \u00a0 \u00a0 \u00a0 \u00a0 \u00a0 \u00a0 \u00a0 \u00a0 \u00a0 \u00a0 &nbsp; S\u00e3o Read more...","og_url":"https:\/\/homolog.harald.com.br\/site-2026\/blog\/harald-amplia-o-portfolio-da-linha-melken-com-lancamento-de-produto-zero-acucar\/","og_site_name":"Harald","article_publisher":"https:\/\/www.facebook.com\/HaraldChocolates\/","article_published_time":"2022-01-31T15:39:57+00:00","article_modified_time":"2023-01-04T15:40:16+00:00","og_image":[{"width":519,"height":517,"url":"https:\/\/homolog.harald.com.br\/site-2026\/wp-content\/uploads\/2022\/08\/melken-zero.jpg","type":"image\/jpeg"}],"author":"Bruna Teodoro","twitter_card":"summary_large_image","twitter_misc":{"Escrito por":"Bruna Teodoro","Est. tempo de leitura":"3 minutos"},"schema":{"@context":"https:\/\/schema.org","@graph":[{"@type":"Article","@id":"https:\/\/homolog.harald.com.br\/site-2026\/blog\/harald-amplia-o-portfolio-da-linha-melken-com-lancamento-de-produto-zero-acucar\/#article","isPartOf":{"@id":"https:\/\/homolog.harald.com.br\/site-2026\/blog\/harald-amplia-o-portfolio-da-linha-melken-com-lancamento-de-produto-zero-acucar\/"},"author":{"name":"Bruna Teodoro","@id":"https:\/\/homolog.harald.com.br\/site-2026\/#\/schema\/person\/37dcc072f872b17c519dd3097a7925e5"},"headline":"Harald amplia o portf\u00f3lio da linha Melken com lan\u00e7amento de produto Zero A\u00e7\u00facar","datePublished":"2022-01-31T15:39:57+00:00","dateModified":"2023-01-04T15:40:16+00:00","mainEntityOfPage":{"@id":"https:\/\/homolog.harald.com.br\/site-2026\/blog\/harald-amplia-o-portfolio-da-linha-melken-com-lancamento-de-produto-zero-acucar\/"},"wordCount":365,"publisher":{"@id":"https:\/\/homolog.harald.com.br\/site-2026\/#organization"},"image":{"@id":"https:\/\/homolog.harald.com.br\/site-2026\/blog\/harald-amplia-o-portfolio-da-linha-melken-com-lancamento-de-produto-zero-acucar\/#primaryimage"},"thumbnailUrl":"https:\/\/homolog.harald.com.br\/site-2026\/wp-content\/uploads\/2022\/08\/melken-zero.jpg","articleSection":["Chocolates"],"inLanguage":"pt-BR"},{"@type":"WebPage","@id":"https:\/\/homolog.harald.com.br\/site-2026\/blog\/harald-amplia-o-portfolio-da-linha-melken-com-lancamento-de-produto-zero-acucar\/","url":"https:\/\/homolog.harald.com.br\/site-2026\/blog\/harald-amplia-o-portfolio-da-linha-melken-com-lancamento-de-produto-zero-acucar\/","name":"Harald amplia o portf\u00f3lio da linha Melken com lan\u00e7amento de produto Zero A\u00e7\u00facar - Harald","isPartOf":{"@id":"https:\/\/homolog.harald.com.br\/site-2026\/#website"},"primaryImageOfPage":{"@id":"https:\/\/homolog.harald.com.br\/site-2026\/blog\/harald-amplia-o-portfolio-da-linha-melken-com-lancamento-de-produto-zero-acucar\/#primaryimage"},"image":{"@id":"https:\/\/homolog.harald.com.br\/site-2026\/blog\/harald-amplia-o-portfolio-da-linha-melken-com-lancamento-de-produto-zero-acucar\/#primaryimage"},"thumbnailUrl":"https:\/\/homolog.harald.com.br\/site-2026\/wp-content\/uploads\/2022\/08\/melken-zero.jpg","datePublished":"2022-01-31T15:39:57+00:00","dateModified":"2023-01-04T15:40:16+00:00","breadcrumb":{"@id":"https:\/\/homolog.harald.com.br\/site-2026\/blog\/harald-amplia-o-portfolio-da-linha-melken-com-lancamento-de-produto-zero-acucar\/#breadcrumb"},"inLanguage":"pt-BR","potentialAction":[{"@type":"ReadAction","target":["https:\/\/homolog.harald.com.br\/site-2026\/blog\/harald-amplia-o-portfolio-da-linha-melken-com-lancamento-de-produto-zero-acucar\/"]}]},{"@type":"ImageObject","inLanguage":"pt-BR","@id":"https:\/\/homolog.harald.com.br\/site-2026\/blog\/harald-amplia-o-portfolio-da-linha-melken-com-lancamento-de-produto-zero-acucar\/#primaryimage","url":"https:\/\/homolog.harald.com.br\/site-2026\/wp-content\/uploads\/2022\/08\/melken-zero.jpg","contentUrl":"https:\/\/homolog.harald.com.br\/site-2026\/wp-content\/uploads\/2022\/08\/melken-zero.jpg","width":519,"height":517},{"@type":"BreadcrumbList","@id":"https:\/\/homolog.harald.com.br\/site-2026\/blog\/harald-amplia-o-portfolio-da-linha-melken-com-lancamento-de-produto-zero-acucar\/#breadcrumb","itemListElement":[{"@type":"ListItem","position":1,"name":"In\u00edcio","item":"https:\/\/homolog.harald.com.br\/site-2026\/"},{"@type":"ListItem","position":2,"name":"Harald amplia o portf\u00f3lio da linha Melken com lan\u00e7amento de produto Zero A\u00e7\u00facar"}]},{"@type":"WebSite","@id":"https:\/\/homolog.harald.com.br\/site-2026\/#website","url":"https:\/\/homolog.harald.com.br\/site-2026\/","name":"Harald","description":"Fazer melhor \u00e9 fazer com paix\u00e3o","publisher":{"@id":"https:\/\/homolog.harald.com.br\/site-2026\/#organization"},"potentialAction":[{"@type":"SearchAction","target":{"@type":"EntryPoint","urlTemplate":"https:\/\/homolog.harald.com.br\/site-2026\/?s={search_term_string}"},"query-input":{"@type":"PropertyValueSpecification","valueRequired":true,"valueName":"search_term_string"}}],"inLanguage":"pt-BR"},{"@type":"Organization","@id":"https:\/\/homolog.harald.com.br\/site-2026\/#organization","name":"Harald","url":"https:\/\/homolog.harald.com.br\/site-2026\/","logo":{"@type":"ImageObject","inLanguage":"pt-BR","@id":"https:\/\/homolog.harald.com.br\/site-2026\/#\/schema\/logo\/image\/","url":"https:\/\/homolog.harald.com.br\/site-2026\/wp-content\/uploads\/2022\/09\/logo-harald-cmyk-ss.png","contentUrl":"https:\/\/homolog.harald.com.br\/site-2026\/wp-content\/uploads\/2022\/09\/logo-harald-cmyk-ss.png","width":1948,"height":1051,"caption":"Harald"},"image":{"@id":"https:\/\/homolog.harald.com.br\/site-2026\/#\/schema\/logo\/image\/"},"sameAs":["https:\/\/www.facebook.com\/HaraldChocolates\/","https:\/\/www.youtube.com\/user\/HaraldChocolates"]},{"@type":"Person","@id":"https:\/\/homolog.harald.com.br\/site-2026\/#\/schema\/person\/37dcc072f872b17c519dd3097a7925e5","name":"Bruna Teodoro","image":{"@type":"ImageObject","inLanguage":"pt-BR","@id":"https:\/\/homolog.harald.com.br\/site-2026\/#\/schema\/person\/image\/","url":"https:\/\/secure.gravatar.com\/avatar\/7da0050c7a3bd4d6df113dcfae1a5b72c8690bc5d4bb4fabab7e4d34d582ceea?s=96&d=mm&r=g","contentUrl":"https:\/\/secure.gravatar.com\/avatar\/7da0050c7a3bd4d6df113dcfae1a5b72c8690bc5d4bb4fabab7e4d34d582ceea?s=96&d=mm&r=g","caption":"Bruna Teodoro"},"url":"https:\/\/homolog.harald.com.br\/site-2026\/blog\/author\/bruna-teodoro\/"}]}},"uagb_featured_image_src":{"full":["https:\/\/homolog.harald.com.br\/site-2026\/wp-content\/uploads\/2022\/08\/melken-zero.jpg",519,517,false],"thumbnail":["https:\/\/homolog.harald.com.br\/site-2026\/wp-content\/uploads\/2022\/08\/melken-zero-150x150.jpg",150,150,true],"medium":["https:\/\/homolog.harald.com.br\/site-2026\/wp-content\/uploads\/2022\/08\/melken-zero-300x300.jpg",300,300,true],"medium_large":["https:\/\/homolog.harald.com.br\/site-2026\/wp-content\/uploads\/2022\/08\/melken-zero.jpg",519,517,false],"large":["https:\/\/homolog.harald.com.br\/site-2026\/wp-content\/uploads\/2022\/08\/melken-zero.jpg",519,517,false],"1536x1536":["https:\/\/homolog.harald.com.br\/site-2026\/wp-content\/uploads\/2022\/08\/melken-zero.jpg",519,517,false],"2048x2048":["https:\/\/homolog.harald.com.br\/site-2026\/wp-content\/uploads\/2022\/08\/melken-zero.jpg",519,517,false],"full-width":["https:\/\/homolog.harald.com.br\/site-2026\/wp-content\/uploads\/2022\/08\/melken-zero.jpg",519,517,false],"gform-image-choice-sm":["https:\/\/homolog.harald.com.br\/site-2026\/wp-content\/uploads\/2022\/08\/melken-zero.jpg",300,300,false],"gform-image-choice-md":["https:\/\/homolog.harald.com.br\/site-2026\/wp-content\/uploads\/2022\/08\/melken-zero.jpg",400,398,false],"gform-image-choice-lg":["https:\/\/homolog.harald.com.br\/site-2026\/wp-content\/uploads\/2022\/08\/melken-zero.jpg",519,517,false]},"uagb_author_info":{"display_name":"Bruna Teodoro","author_link":"https:\/\/homolog.harald.com.br\/site-2026\/blog\/author\/bruna-teodoro\/"},"uagb_comment_info":0,"uagb_excerpt":"Harald amplia o portf\u00f3lio da linha Melken com lan\u00e7amento de produto Zero A\u00e7\u00facar \u00a0Alinhada com as tend\u00eancias do mercado, o Melken Zero A\u00e7\u00facar \u00e9 para quem busca um chocolate nobre na vers\u00e3o sem a\u00e7\u00facar para ampliar os neg\u00f3cios\u00a0 \u00a0 \u00a0 \u00a0 \u00a0 \u00a0 \u00a0 \u00a0 \u00a0 \u00a0 \u00a0 \u00a0 \u00a0 \u00a0 \u00a0 \u00a0 &nbsp; S\u00e3o&hellip;","_links":{"self":[{"href":"https:\/\/homolog.harald.com.br\/site-2026\/wp-json\/wp\/v2\/posts\/56844","targetHints":{"allow":["GET"]}}],"collection":[{"href":"https:\/\/homolog.harald.com.br\/site-2026\/wp-json\/wp\/v2\/posts"}],"about":[{"href":"https:\/\/homolog.harald.com.br\/site-2026\/wp-json\/wp\/v2\/types\/post"}],"author":[{"embeddable":true,"href":"https:\/\/homolog.harald.com.br\/site-2026\/wp-json\/wp\/v2\/users\/11"}],"replies":[{"embeddable":true,"href":"https:\/\/homolog.harald.com.br\/site-2026\/wp-json\/wp\/v2\/comments?post=56844"}],"version-history":[{"count":1,"href":"https:\/\/homolog.harald.com.br\/site-2026\/wp-json\/wp\/v2\/posts\/56844\/revisions"}],"predecessor-version":[{"id":56846,"href":"https:\/\/homolog.harald.com.br\/site-2026\/wp-json\/wp\/v2\/posts\/56844\/revisions\/56846"}],"wp:featuredmedia":[{"embeddable":true,"href":"https:\/\/homolog.harald.com.br\/site-2026\/wp-json\/wp\/v2\/media\/8692"}],"wp:attachment":[{"href":"https:\/\/homolog.harald.com.br\/site-2026\/wp-json\/wp\/v2\/media?parent=56844"}],"wp:term":[{"taxonomy":"category","embeddable":true,"href":"https:\/\/homolog.harald.com.br\/site-2026\/wp-json\/wp\/v2\/categories?post=56844"},{"taxonomy":"post_tag","embeddable":true,"href":"https:\/\/homolog.harald.com.br\/site-2026\/wp-json\/wp\/v2\/tags?post=56844"},{"taxonomy":"para-seu-negocio","embeddable":true,"href":"https:\/\/homolog.harald.com.br\/site-2026\/wp-json\/wp\/v2\/para-seu-negocio?post=56844"}],"curies":[{"name":"wp","href":"https:\/\/api.w.org\/{rel}","templated":true}]}}