{"id":56838,"date":"2022-01-26T12:33:38","date_gmt":"2022-01-26T15:33:38","guid":{"rendered":"https:\/\/homolog.harald.com.br\/site-2026\/?p=56838"},"modified":"2023-01-04T12:34:13","modified_gmt":"2023-01-04T15:34:13","slug":"harald-expande-o-portfolio-de-coberturas-com-novo-sabor-top-milky","status":"publish","type":"post","link":"https:\/\/homolog.harald.com.br\/site-2026\/blog\/harald-expande-o-portfolio-de-coberturas-com-novo-sabor-top-milky\/","title":{"rendered":"Harald expande o portf\u00f3lio de coberturas com novo sabor TOP Milky"},"content":{"rendered":"<h1 style=\"text-align: center;\"><b>Harald expande o portf\u00f3lio de coberturas com novo sabor TOP Milky<\/b><\/h1>\n<p style=\"text-align: center;\"><span style=\"font-weight: 400;\"><br \/>\n<\/span><span style=\"font-weight: 400;\">\u00a0<\/span><i><span style=\"font-weight: 400;\">Com tecnologia inovadora, a novidade entrega um sabor mais intenso de leite e notas caramelizadas, al\u00e9m de facilitar o processo de derretimento e agilizar a produ\u00e7\u00e3o do p\u00fablico transformador<\/span><\/i><\/p>\n<p><img loading=\"lazy\" decoding=\"async\" class=\"size-medium wp-image-8819 aligncenter\" src=\"https:\/\/homolog.harald.com.br\/site-2026\/wp-content\/uploads\/2022\/09\/top-milky-223x300.png\" alt=\"\" width=\"223\" height=\"300\" srcset=\"https:\/\/homolog.harald.com.br\/site-2026\/wp-content\/uploads\/2022\/09\/top-milky-223x300.png 223w, https:\/\/homolog.harald.com.br\/site-2026\/wp-content\/uploads\/2022\/09\/top-milky.png 520w\" sizes=\"auto, (max-width: 223px) 100vw, 223px\" \/><\/p>\n<p>&nbsp;<\/p>\n<p><span style=\"font-weight: 400;\"><br \/>\n<\/span><b>S\u00e3o Paulo, fevereiro de 2022 <\/b><span style=\"font-weight: 400;\">&#8211; Com o objetivo de atender \u00e0s<\/span> <span style=\"font-weight: 400;\">necessidades do mercado da transforma\u00e7\u00e3o e confeitaria, a<\/span><b> Harald<\/b><span style=\"font-weight: 400;\">, marca l\u00edder em coberturas e refer\u00eancia em chocolates para estes segmentos, lan\u00e7a o TOP Milky, desenvolvido para atender \u00e0s produ\u00e7\u00f5es que necessitam de coberturas pr\u00e1ticas e preparo de casquinhas finas.<\/span><\/p>\n<p><span style=\"font-weight: 400;\">\u00a0\u00a0<\/span><\/p>\n<p><span style=\"font-weight: 400;\">Trazendo um sabor mais intenso de leite e notas de caramelo, a novidade \u00e9 perfeita para os f\u00e3s da cremosidade e intensidade do sabor l\u00e1cteo, ao se aproximar bastante do chocolate, devido a presen\u00e7a do l\u00edquor de cacau na composi\u00e7\u00e3o. Dispon\u00edvel no formato de gotas (pacote de 1,01kg), o lan\u00e7amento \u00e9 produzido com tecnologia inovadora, entregando qualidade, praticidade e rendimento, sem a necessidade de temperagem.\u00a0<\/span><\/p>\n<p>&nbsp;<\/p>\n<p><span style=\"font-weight: 400;\">Com investimento estrat\u00e9gico para aumentar a qualidade e versatilidade, e trazer mais rendimento e praticidade, a Harald desenvolveu o TOP Milky em formato de gotas, que facilita o processo de derretimento e agiliza a produ\u00e7\u00e3o de quem procura por cremosidade e intensidade de sabor para suas produ\u00e7\u00f5es.<\/span><\/p>\n<p><span style=\"font-weight: 400;\"><br \/>\n<\/span><span style=\"font-weight: 400;\">\u201cOs nossos produtos se diferenciam pela qualidade do processo produtivo e cuidado no desenvolvimento da formula\u00e7\u00e3o, que une nossa alma brasileira com a excel\u00eancia japonesa. Foram pensadas inova\u00e7\u00f5es que possam auxiliar e contribuir na rotina e rendimento do consumidor, que est\u00e3o de acordo com as principais tend\u00eancias do mercado e que s\u00e3o sucesso nas confeitarias do Brasil\u201d, explica Fernanda Sequetto, gerente de marketing da <\/span><b>Harald<\/b><span style=\"font-weight: 400;\"> no Brasil.\u00a0<\/span><\/p>\n<p>&nbsp;<\/p>\n<p><span style=\"font-weight: 400;\">Confira os diferenciais do lan\u00e7amento TOP Milk:\u00a0<\/span><\/p>\n<ul>\n<li style=\"font-weight: 400;\" aria-level=\"1\"><span style=\"font-weight: 400;\">Gotas formato pr\u00e1tico;\u00a0<\/span><\/li>\n<li style=\"font-weight: 400;\" aria-level=\"1\"><span style=\"font-weight: 400;\">Sabor intenso de leite e notas caramelizadas;<\/span><\/li>\n<li style=\"font-weight: 400;\" aria-level=\"1\"><span style=\"font-weight: 400;\">Cristaliza\u00e7\u00e3o r\u00e1pida;\u00a0<\/span><\/li>\n<li style=\"font-weight: 400;\" aria-level=\"1\"><span style=\"font-weight: 400;\">Produz casquinhas finas;<\/span><\/li>\n<li style=\"font-weight: 400;\" aria-level=\"1\"><span style=\"font-weight: 400;\">N\u00e3o necessita temperagem;\u00a0<\/span><\/li>\n<li style=\"font-weight: 400;\" aria-level=\"1\"><span style=\"font-weight: 400;\">Praticidade e rendimento;\u00a0<\/span><\/li>\n<li style=\"font-weight: 400;\" aria-level=\"1\"><span style=\"font-weight: 400;\">Cobertura l\u00edder no mercado;\u00a0<\/span><\/li>\n<li style=\"font-weight: 400;\" aria-level=\"1\"><span style=\"font-weight: 400;\">Qualidade Harald.<\/span><\/li>\n<\/ul>\n","protected":false},"excerpt":{"rendered":"<p>Harald expande o portf\u00f3lio de coberturas com novo sabor TOP Milky \u00a0Com tecnologia inovadora, a novidade entrega um sabor mais intenso de leite e notas caramelizadas, al\u00e9m de facilitar o processo de derretimento e agilizar a produ\u00e7\u00e3o do p\u00fablico transformador &nbsp; S\u00e3o Paulo, fevereiro de 2022 &#8211; Com o objetivo de atender \u00e0s necessidades do <a class=\"more-link\" href=\"https:\/\/homolog.harald.com.br\/site-2026\/blog\/harald-expande-o-portfolio-de-coberturas-com-novo-sabor-top-milky\/\">Read more&#8230;<\/a><\/p>\n","protected":false},"author":11,"featured_media":8819,"comment_status":"closed","ping_status":"closed","sticky":false,"template":"","format":"standard","meta":{"_acf_changed":false,"_uag_custom_page_level_css":"","footnotes":""},"categories":[22],"tags":[],"para-seu-negocio":[],"class_list":["post-56838","post","type-post","status-publish","format-standard","has-post-thumbnail","hentry","category-blog-coberturas"],"acf":[],"yoast_head":"<!-- This site is optimized with the Yoast SEO plugin v26.3 - https:\/\/yoast.com\/wordpress\/plugins\/seo\/ -->\n<title>Harald expande o portf\u00f3lio de coberturas com novo sabor TOP Milky - Harald<\/title>\n<meta name=\"robots\" content=\"noindex, follow, max-snippet:-1, max-image-preview:large, max-video-preview:-1\" \/>\n<meta property=\"og:locale\" content=\"pt_BR\" \/>\n<meta property=\"og:type\" content=\"article\" \/>\n<meta property=\"og:title\" content=\"Harald expande o portf\u00f3lio de coberturas com novo sabor TOP Milky - Harald\" \/>\n<meta property=\"og:description\" content=\"Harald expande o portf\u00f3lio de coberturas com novo sabor TOP Milky \u00a0Com tecnologia inovadora, a novidade entrega um sabor mais intenso de leite e notas caramelizadas, al\u00e9m de facilitar o processo de derretimento e agilizar a produ\u00e7\u00e3o do p\u00fablico transformador &nbsp; S\u00e3o Paulo, fevereiro de 2022 &#8211; Com o objetivo de atender \u00e0s necessidades do Read more...\" \/>\n<meta property=\"og:url\" content=\"https:\/\/homolog.harald.com.br\/site-2026\/blog\/harald-expande-o-portfolio-de-coberturas-com-novo-sabor-top-milky\/\" \/>\n<meta property=\"og:site_name\" content=\"Harald\" \/>\n<meta property=\"article:publisher\" content=\"https:\/\/www.facebook.com\/HaraldChocolates\/\" \/>\n<meta property=\"article:published_time\" content=\"2022-01-26T15:33:38+00:00\" \/>\n<meta property=\"article:modified_time\" content=\"2023-01-04T15:34:13+00:00\" \/>\n<meta property=\"og:image\" content=\"https:\/\/homolog.harald.com.br\/site-2026\/wp-content\/uploads\/2022\/09\/top-milky.png\" \/>\n\t<meta property=\"og:image:width\" content=\"520\" \/>\n\t<meta property=\"og:image:height\" content=\"700\" \/>\n\t<meta property=\"og:image:type\" content=\"image\/png\" \/>\n<meta name=\"author\" content=\"Bruna Teodoro\" \/>\n<meta name=\"twitter:card\" content=\"summary_large_image\" \/>\n<meta name=\"twitter:label1\" content=\"Escrito por\" \/>\n\t<meta name=\"twitter:data1\" content=\"Bruna Teodoro\" \/>\n\t<meta name=\"twitter:label2\" content=\"Est. tempo de leitura\" \/>\n\t<meta name=\"twitter:data2\" content=\"2 minutos\" \/>\n<script type=\"application\/ld+json\" class=\"yoast-schema-graph\">{\"@context\":\"https:\/\/schema.org\",\"@graph\":[{\"@type\":\"Article\",\"@id\":\"https:\/\/homolog.harald.com.br\/site-2026\/blog\/harald-expande-o-portfolio-de-coberturas-com-novo-sabor-top-milky\/#article\",\"isPartOf\":{\"@id\":\"https:\/\/homolog.harald.com.br\/site-2026\/blog\/harald-expande-o-portfolio-de-coberturas-com-novo-sabor-top-milky\/\"},\"author\":{\"name\":\"Bruna Teodoro\",\"@id\":\"https:\/\/homolog.harald.com.br\/site-2026\/#\/schema\/person\/37dcc072f872b17c519dd3097a7925e5\"},\"headline\":\"Harald expande o portf\u00f3lio de coberturas com novo sabor TOP Milky\",\"datePublished\":\"2022-01-26T15:33:38+00:00\",\"dateModified\":\"2023-01-04T15:34:13+00:00\",\"mainEntityOfPage\":{\"@id\":\"https:\/\/homolog.harald.com.br\/site-2026\/blog\/harald-expande-o-portfolio-de-coberturas-com-novo-sabor-top-milky\/\"},\"wordCount\":349,\"publisher\":{\"@id\":\"https:\/\/homolog.harald.com.br\/site-2026\/#organization\"},\"image\":{\"@id\":\"https:\/\/homolog.harald.com.br\/site-2026\/blog\/harald-expande-o-portfolio-de-coberturas-com-novo-sabor-top-milky\/#primaryimage\"},\"thumbnailUrl\":\"https:\/\/homolog.harald.com.br\/site-2026\/wp-content\/uploads\/2022\/09\/top-milky.png\",\"articleSection\":[\"Coberturas\"],\"inLanguage\":\"pt-BR\"},{\"@type\":\"WebPage\",\"@id\":\"https:\/\/homolog.harald.com.br\/site-2026\/blog\/harald-expande-o-portfolio-de-coberturas-com-novo-sabor-top-milky\/\",\"url\":\"https:\/\/homolog.harald.com.br\/site-2026\/blog\/harald-expande-o-portfolio-de-coberturas-com-novo-sabor-top-milky\/\",\"name\":\"Harald expande o portf\u00f3lio de coberturas com novo sabor TOP Milky - Harald\",\"isPartOf\":{\"@id\":\"https:\/\/homolog.harald.com.br\/site-2026\/#website\"},\"primaryImageOfPage\":{\"@id\":\"https:\/\/homolog.harald.com.br\/site-2026\/blog\/harald-expande-o-portfolio-de-coberturas-com-novo-sabor-top-milky\/#primaryimage\"},\"image\":{\"@id\":\"https:\/\/homolog.harald.com.br\/site-2026\/blog\/harald-expande-o-portfolio-de-coberturas-com-novo-sabor-top-milky\/#primaryimage\"},\"thumbnailUrl\":\"https:\/\/homolog.harald.com.br\/site-2026\/wp-content\/uploads\/2022\/09\/top-milky.png\",\"datePublished\":\"2022-01-26T15:33:38+00:00\",\"dateModified\":\"2023-01-04T15:34:13+00:00\",\"breadcrumb\":{\"@id\":\"https:\/\/homolog.harald.com.br\/site-2026\/blog\/harald-expande-o-portfolio-de-coberturas-com-novo-sabor-top-milky\/#breadcrumb\"},\"inLanguage\":\"pt-BR\",\"potentialAction\":[{\"@type\":\"ReadAction\",\"target\":[\"https:\/\/homolog.harald.com.br\/site-2026\/blog\/harald-expande-o-portfolio-de-coberturas-com-novo-sabor-top-milky\/\"]}]},{\"@type\":\"ImageObject\",\"inLanguage\":\"pt-BR\",\"@id\":\"https:\/\/homolog.harald.com.br\/site-2026\/blog\/harald-expande-o-portfolio-de-coberturas-com-novo-sabor-top-milky\/#primaryimage\",\"url\":\"https:\/\/homolog.harald.com.br\/site-2026\/wp-content\/uploads\/2022\/09\/top-milky.png\",\"contentUrl\":\"https:\/\/homolog.harald.com.br\/site-2026\/wp-content\/uploads\/2022\/09\/top-milky.png\",\"width\":520,\"height\":700},{\"@type\":\"BreadcrumbList\",\"@id\":\"https:\/\/homolog.harald.com.br\/site-2026\/blog\/harald-expande-o-portfolio-de-coberturas-com-novo-sabor-top-milky\/#breadcrumb\",\"itemListElement\":[{\"@type\":\"ListItem\",\"position\":1,\"name\":\"In\u00edcio\",\"item\":\"https:\/\/homolog.harald.com.br\/site-2026\/\"},{\"@type\":\"ListItem\",\"position\":2,\"name\":\"Harald expande o portf\u00f3lio de coberturas com novo sabor TOP Milky\"}]},{\"@type\":\"WebSite\",\"@id\":\"https:\/\/homolog.harald.com.br\/site-2026\/#website\",\"url\":\"https:\/\/homolog.harald.com.br\/site-2026\/\",\"name\":\"Harald\",\"description\":\"Fazer melhor \u00e9 fazer com paix\u00e3o\",\"publisher\":{\"@id\":\"https:\/\/homolog.harald.com.br\/site-2026\/#organization\"},\"potentialAction\":[{\"@type\":\"SearchAction\",\"target\":{\"@type\":\"EntryPoint\",\"urlTemplate\":\"https:\/\/homolog.harald.com.br\/site-2026\/?s={search_term_string}\"},\"query-input\":{\"@type\":\"PropertyValueSpecification\",\"valueRequired\":true,\"valueName\":\"search_term_string\"}}],\"inLanguage\":\"pt-BR\"},{\"@type\":\"Organization\",\"@id\":\"https:\/\/homolog.harald.com.br\/site-2026\/#organization\",\"name\":\"Harald\",\"url\":\"https:\/\/homolog.harald.com.br\/site-2026\/\",\"logo\":{\"@type\":\"ImageObject\",\"inLanguage\":\"pt-BR\",\"@id\":\"https:\/\/homolog.harald.com.br\/site-2026\/#\/schema\/logo\/image\/\",\"url\":\"https:\/\/homolog.harald.com.br\/site-2026\/wp-content\/uploads\/2022\/09\/logo-harald-cmyk-ss.png\",\"contentUrl\":\"https:\/\/homolog.harald.com.br\/site-2026\/wp-content\/uploads\/2022\/09\/logo-harald-cmyk-ss.png\",\"width\":1948,\"height\":1051,\"caption\":\"Harald\"},\"image\":{\"@id\":\"https:\/\/homolog.harald.com.br\/site-2026\/#\/schema\/logo\/image\/\"},\"sameAs\":[\"https:\/\/www.facebook.com\/HaraldChocolates\/\",\"https:\/\/www.youtube.com\/user\/HaraldChocolates\"]},{\"@type\":\"Person\",\"@id\":\"https:\/\/homolog.harald.com.br\/site-2026\/#\/schema\/person\/37dcc072f872b17c519dd3097a7925e5\",\"name\":\"Bruna Teodoro\",\"image\":{\"@type\":\"ImageObject\",\"inLanguage\":\"pt-BR\",\"@id\":\"https:\/\/homolog.harald.com.br\/site-2026\/#\/schema\/person\/image\/\",\"url\":\"https:\/\/secure.gravatar.com\/avatar\/7da0050c7a3bd4d6df113dcfae1a5b72c8690bc5d4bb4fabab7e4d34d582ceea?s=96&d=mm&r=g\",\"contentUrl\":\"https:\/\/secure.gravatar.com\/avatar\/7da0050c7a3bd4d6df113dcfae1a5b72c8690bc5d4bb4fabab7e4d34d582ceea?s=96&d=mm&r=g\",\"caption\":\"Bruna Teodoro\"},\"url\":\"https:\/\/homolog.harald.com.br\/site-2026\/blog\/author\/bruna-teodoro\/\"}]}<\/script>\n<!-- \/ Yoast SEO plugin. -->","yoast_head_json":{"title":"Harald expande o portf\u00f3lio de coberturas com novo sabor TOP Milky - Harald","robots":{"index":"noindex","follow":"follow","max-snippet":"max-snippet:-1","max-image-preview":"max-image-preview:large","max-video-preview":"max-video-preview:-1"},"og_locale":"pt_BR","og_type":"article","og_title":"Harald expande o portf\u00f3lio de coberturas com novo sabor TOP Milky - Harald","og_description":"Harald expande o portf\u00f3lio de coberturas com novo sabor TOP Milky \u00a0Com tecnologia inovadora, a novidade entrega um sabor mais intenso de leite e notas caramelizadas, al\u00e9m de facilitar o processo de derretimento e agilizar a produ\u00e7\u00e3o do p\u00fablico transformador &nbsp; S\u00e3o Paulo, fevereiro de 2022 &#8211; Com o objetivo de atender \u00e0s necessidades do Read more...","og_url":"https:\/\/homolog.harald.com.br\/site-2026\/blog\/harald-expande-o-portfolio-de-coberturas-com-novo-sabor-top-milky\/","og_site_name":"Harald","article_publisher":"https:\/\/www.facebook.com\/HaraldChocolates\/","article_published_time":"2022-01-26T15:33:38+00:00","article_modified_time":"2023-01-04T15:34:13+00:00","og_image":[{"width":520,"height":700,"url":"https:\/\/homolog.harald.com.br\/site-2026\/wp-content\/uploads\/2022\/09\/top-milky.png","type":"image\/png"}],"author":"Bruna Teodoro","twitter_card":"summary_large_image","twitter_misc":{"Escrito por":"Bruna Teodoro","Est. tempo de leitura":"2 minutos"},"schema":{"@context":"https:\/\/schema.org","@graph":[{"@type":"Article","@id":"https:\/\/homolog.harald.com.br\/site-2026\/blog\/harald-expande-o-portfolio-de-coberturas-com-novo-sabor-top-milky\/#article","isPartOf":{"@id":"https:\/\/homolog.harald.com.br\/site-2026\/blog\/harald-expande-o-portfolio-de-coberturas-com-novo-sabor-top-milky\/"},"author":{"name":"Bruna Teodoro","@id":"https:\/\/homolog.harald.com.br\/site-2026\/#\/schema\/person\/37dcc072f872b17c519dd3097a7925e5"},"headline":"Harald expande o portf\u00f3lio de coberturas com novo sabor TOP Milky","datePublished":"2022-01-26T15:33:38+00:00","dateModified":"2023-01-04T15:34:13+00:00","mainEntityOfPage":{"@id":"https:\/\/homolog.harald.com.br\/site-2026\/blog\/harald-expande-o-portfolio-de-coberturas-com-novo-sabor-top-milky\/"},"wordCount":349,"publisher":{"@id":"https:\/\/homolog.harald.com.br\/site-2026\/#organization"},"image":{"@id":"https:\/\/homolog.harald.com.br\/site-2026\/blog\/harald-expande-o-portfolio-de-coberturas-com-novo-sabor-top-milky\/#primaryimage"},"thumbnailUrl":"https:\/\/homolog.harald.com.br\/site-2026\/wp-content\/uploads\/2022\/09\/top-milky.png","articleSection":["Coberturas"],"inLanguage":"pt-BR"},{"@type":"WebPage","@id":"https:\/\/homolog.harald.com.br\/site-2026\/blog\/harald-expande-o-portfolio-de-coberturas-com-novo-sabor-top-milky\/","url":"https:\/\/homolog.harald.com.br\/site-2026\/blog\/harald-expande-o-portfolio-de-coberturas-com-novo-sabor-top-milky\/","name":"Harald expande o portf\u00f3lio de coberturas com novo sabor TOP Milky - Harald","isPartOf":{"@id":"https:\/\/homolog.harald.com.br\/site-2026\/#website"},"primaryImageOfPage":{"@id":"https:\/\/homolog.harald.com.br\/site-2026\/blog\/harald-expande-o-portfolio-de-coberturas-com-novo-sabor-top-milky\/#primaryimage"},"image":{"@id":"https:\/\/homolog.harald.com.br\/site-2026\/blog\/harald-expande-o-portfolio-de-coberturas-com-novo-sabor-top-milky\/#primaryimage"},"thumbnailUrl":"https:\/\/homolog.harald.com.br\/site-2026\/wp-content\/uploads\/2022\/09\/top-milky.png","datePublished":"2022-01-26T15:33:38+00:00","dateModified":"2023-01-04T15:34:13+00:00","breadcrumb":{"@id":"https:\/\/homolog.harald.com.br\/site-2026\/blog\/harald-expande-o-portfolio-de-coberturas-com-novo-sabor-top-milky\/#breadcrumb"},"inLanguage":"pt-BR","potentialAction":[{"@type":"ReadAction","target":["https:\/\/homolog.harald.com.br\/site-2026\/blog\/harald-expande-o-portfolio-de-coberturas-com-novo-sabor-top-milky\/"]}]},{"@type":"ImageObject","inLanguage":"pt-BR","@id":"https:\/\/homolog.harald.com.br\/site-2026\/blog\/harald-expande-o-portfolio-de-coberturas-com-novo-sabor-top-milky\/#primaryimage","url":"https:\/\/homolog.harald.com.br\/site-2026\/wp-content\/uploads\/2022\/09\/top-milky.png","contentUrl":"https:\/\/homolog.harald.com.br\/site-2026\/wp-content\/uploads\/2022\/09\/top-milky.png","width":520,"height":700},{"@type":"BreadcrumbList","@id":"https:\/\/homolog.harald.com.br\/site-2026\/blog\/harald-expande-o-portfolio-de-coberturas-com-novo-sabor-top-milky\/#breadcrumb","itemListElement":[{"@type":"ListItem","position":1,"name":"In\u00edcio","item":"https:\/\/homolog.harald.com.br\/site-2026\/"},{"@type":"ListItem","position":2,"name":"Harald expande o portf\u00f3lio de coberturas com novo sabor TOP Milky"}]},{"@type":"WebSite","@id":"https:\/\/homolog.harald.com.br\/site-2026\/#website","url":"https:\/\/homolog.harald.com.br\/site-2026\/","name":"Harald","description":"Fazer melhor \u00e9 fazer com paix\u00e3o","publisher":{"@id":"https:\/\/homolog.harald.com.br\/site-2026\/#organization"},"potentialAction":[{"@type":"SearchAction","target":{"@type":"EntryPoint","urlTemplate":"https:\/\/homolog.harald.com.br\/site-2026\/?s={search_term_string}"},"query-input":{"@type":"PropertyValueSpecification","valueRequired":true,"valueName":"search_term_string"}}],"inLanguage":"pt-BR"},{"@type":"Organization","@id":"https:\/\/homolog.harald.com.br\/site-2026\/#organization","name":"Harald","url":"https:\/\/homolog.harald.com.br\/site-2026\/","logo":{"@type":"ImageObject","inLanguage":"pt-BR","@id":"https:\/\/homolog.harald.com.br\/site-2026\/#\/schema\/logo\/image\/","url":"https:\/\/homolog.harald.com.br\/site-2026\/wp-content\/uploads\/2022\/09\/logo-harald-cmyk-ss.png","contentUrl":"https:\/\/homolog.harald.com.br\/site-2026\/wp-content\/uploads\/2022\/09\/logo-harald-cmyk-ss.png","width":1948,"height":1051,"caption":"Harald"},"image":{"@id":"https:\/\/homolog.harald.com.br\/site-2026\/#\/schema\/logo\/image\/"},"sameAs":["https:\/\/www.facebook.com\/HaraldChocolates\/","https:\/\/www.youtube.com\/user\/HaraldChocolates"]},{"@type":"Person","@id":"https:\/\/homolog.harald.com.br\/site-2026\/#\/schema\/person\/37dcc072f872b17c519dd3097a7925e5","name":"Bruna Teodoro","image":{"@type":"ImageObject","inLanguage":"pt-BR","@id":"https:\/\/homolog.harald.com.br\/site-2026\/#\/schema\/person\/image\/","url":"https:\/\/secure.gravatar.com\/avatar\/7da0050c7a3bd4d6df113dcfae1a5b72c8690bc5d4bb4fabab7e4d34d582ceea?s=96&d=mm&r=g","contentUrl":"https:\/\/secure.gravatar.com\/avatar\/7da0050c7a3bd4d6df113dcfae1a5b72c8690bc5d4bb4fabab7e4d34d582ceea?s=96&d=mm&r=g","caption":"Bruna Teodoro"},"url":"https:\/\/homolog.harald.com.br\/site-2026\/blog\/author\/bruna-teodoro\/"}]}},"uagb_featured_image_src":{"full":["https:\/\/homolog.harald.com.br\/site-2026\/wp-content\/uploads\/2022\/09\/top-milky.png",520,700,false],"thumbnail":["https:\/\/homolog.harald.com.br\/site-2026\/wp-content\/uploads\/2022\/09\/top-milky-150x150.png",150,150,true],"medium":["https:\/\/homolog.harald.com.br\/site-2026\/wp-content\/uploads\/2022\/09\/top-milky-223x300.png",223,300,true],"medium_large":["https:\/\/homolog.harald.com.br\/site-2026\/wp-content\/uploads\/2022\/09\/top-milky.png",520,700,false],"large":["https:\/\/homolog.harald.com.br\/site-2026\/wp-content\/uploads\/2022\/09\/top-milky.png",520,700,false],"1536x1536":["https:\/\/homolog.harald.com.br\/site-2026\/wp-content\/uploads\/2022\/09\/top-milky.png",520,700,false],"2048x2048":["https:\/\/homolog.harald.com.br\/site-2026\/wp-content\/uploads\/2022\/09\/top-milky.png",520,700,false],"full-width":["https:\/\/homolog.harald.com.br\/site-2026\/wp-content\/uploads\/2022\/09\/top-milky.png",520,700,false],"gform-image-choice-sm":["https:\/\/homolog.harald.com.br\/site-2026\/wp-content\/uploads\/2022\/09\/top-milky.png",223,300,false],"gform-image-choice-md":["https:\/\/homolog.harald.com.br\/site-2026\/wp-content\/uploads\/2022\/09\/top-milky.png",297,400,false],"gform-image-choice-lg":["https:\/\/homolog.harald.com.br\/site-2026\/wp-content\/uploads\/2022\/09\/top-milky.png",446,600,false]},"uagb_author_info":{"display_name":"Bruna Teodoro","author_link":"https:\/\/homolog.harald.com.br\/site-2026\/blog\/author\/bruna-teodoro\/"},"uagb_comment_info":0,"uagb_excerpt":"Harald expande o portf\u00f3lio de coberturas com novo sabor TOP Milky \u00a0Com tecnologia inovadora, a novidade entrega um sabor mais intenso de leite e notas caramelizadas, al\u00e9m de facilitar o processo de derretimento e agilizar a produ\u00e7\u00e3o do p\u00fablico transformador &nbsp; S\u00e3o Paulo, fevereiro de 2022 &#8211; Com o objetivo de atender \u00e0s necessidades do&hellip;","_links":{"self":[{"href":"https:\/\/homolog.harald.com.br\/site-2026\/wp-json\/wp\/v2\/posts\/56838","targetHints":{"allow":["GET"]}}],"collection":[{"href":"https:\/\/homolog.harald.com.br\/site-2026\/wp-json\/wp\/v2\/posts"}],"about":[{"href":"https:\/\/homolog.harald.com.br\/site-2026\/wp-json\/wp\/v2\/types\/post"}],"author":[{"embeddable":true,"href":"https:\/\/homolog.harald.com.br\/site-2026\/wp-json\/wp\/v2\/users\/11"}],"replies":[{"embeddable":true,"href":"https:\/\/homolog.harald.com.br\/site-2026\/wp-json\/wp\/v2\/comments?post=56838"}],"version-history":[{"count":1,"href":"https:\/\/homolog.harald.com.br\/site-2026\/wp-json\/wp\/v2\/posts\/56838\/revisions"}],"predecessor-version":[{"id":56840,"href":"https:\/\/homolog.harald.com.br\/site-2026\/wp-json\/wp\/v2\/posts\/56838\/revisions\/56840"}],"wp:featuredmedia":[{"embeddable":true,"href":"https:\/\/homolog.harald.com.br\/site-2026\/wp-json\/wp\/v2\/media\/8819"}],"wp:attachment":[{"href":"https:\/\/homolog.harald.com.br\/site-2026\/wp-json\/wp\/v2\/media?parent=56838"}],"wp:term":[{"taxonomy":"category","embeddable":true,"href":"https:\/\/homolog.harald.com.br\/site-2026\/wp-json\/wp\/v2\/categories?post=56838"},{"taxonomy":"post_tag","embeddable":true,"href":"https:\/\/homolog.harald.com.br\/site-2026\/wp-json\/wp\/v2\/tags?post=56838"},{"taxonomy":"para-seu-negocio","embeddable":true,"href":"https:\/\/homolog.harald.com.br\/site-2026\/wp-json\/wp\/v2\/para-seu-negocio?post=56838"}],"curies":[{"name":"wp","href":"https:\/\/api.w.org\/{rel}","templated":true}]}}