{"id":56825,"date":"2022-02-07T12:04:56","date_gmt":"2022-02-07T15:04:56","guid":{"rendered":"https:\/\/homolog.harald.com.br\/site-2026\/?p=56825"},"modified":"2023-01-04T12:05:57","modified_gmt":"2023-01-04T15:05:57","slug":"referencia-em-esg-multinacional-da-qual-harald-faz-parte-conquista-classificacao-maxima-do-cdp","status":"publish","type":"post","link":"https:\/\/homolog.harald.com.br\/site-2026\/blog\/referencia-em-esg-multinacional-da-qual-harald-faz-parte-conquista-classificacao-maxima-do-cdp\/","title":{"rendered":"Refer\u00eancia em ESG, multinacional da qual Harald faz parte, conquista classifica\u00e7\u00e3o m\u00e1xima do CDP"},"content":{"rendered":"<h1 style=\"text-align: center;\"><b>Refer\u00eancia em ESG, multinacional da qual Harald faz parte, conquista classifica\u00e7\u00e3o m\u00e1xima do CDP<\/b><\/h1>\n<p style=\"text-align: center;\"><i><span style=\"font-weight: 400;\">Ranking aponta <\/span><\/i><i><span style=\"font-weight: 400;\">as empresas l\u00edderes em transpar\u00eancia e a\u00e7\u00e3o ambiental por de meio de reportes sobre mudan\u00e7as clim\u00e1ticas, preserva\u00e7\u00e3o florestal e seguran\u00e7a h\u00eddrica<\/span><\/i><\/p>\n<p><i><span style=\"font-weight: 400;\">\u00a0\u00a0\u00a0<\/span><\/i><\/p>\n<p><b>S\u00e3o Paulo, fevereiro de 2022<\/b><span style=\"font-weight: 400;\"> &#8211; Propriet\u00e1rio da <\/span><b>Harald<\/b><span style=\"font-weight: 400;\">, marca l\u00edder em chocolates e coberturas no Brasil, o grupo japon\u00eas Fuji Oil recebe pelo segundo ano consecutivo a classifica\u00e7\u00e3o AAA da CDP, entidade sem fins lucrativos que mobiliza e incentiva investidores, empresas e governos a tomarem a\u00e7\u00f5es urgentes para construir uma economia verdadeiramente sustent\u00e1vel. Esse \u00e9 o <\/span><i><span style=\"font-weight: 400;\">score<\/span><\/i><span style=\"font-weight: 400;\"> m\u00e1ximo do levantamento que, em 2021, foi alcan\u00e7ado por apenas 14 empresas em todo o mundo, e a <\/span><i><span style=\"font-weight: 400;\">holding <\/span><\/i><span style=\"font-weight: 400;\">foi a \u00fanica do Jap\u00e3o a conquistar esse status.\u00a0<\/span><\/p>\n<p>&nbsp;<\/p>\n<p><span style=\"font-weight: 400;\">\u201cEstamos muito honrados que o nosso grupo tenha alcan\u00e7ado mais uma vez a classifica\u00e7\u00e3o AAA. Alinhada a isso, a <\/span><b>Harald<\/b><span style=\"font-weight: 400;\">, com presen\u00e7a ativa no mercado aliment\u00edcio brasileiro, est\u00e1 construindo uma s\u00e9rie de iniciativas para ter presen\u00e7a efetiva dentro das pr\u00e1ticas ESGs. Queremos fortalecer nosso protagonismo na constru\u00e7\u00e3o de uma sociedade sustent\u00e1vel e avan\u00e7ar cada vez mais como grupo\u201d, declara S\u00e9rgio Tango, presidente da <\/span><b>Harald<\/b><span style=\"font-weight: 400;\"> no Brasil.<\/span><\/p>\n<p>&nbsp;<\/p>\n<p><span style=\"font-weight: 400;\">O grupo Fuji Oil tem como prop\u00f3sito participar da solu\u00e7\u00e3o de problemas sociais, fornecendo alimentos saud\u00e1veis, saborosos e sustent\u00e1veis \u200b\u200b\u00e0 base de plantas, al\u00e9m de ingredientes que reduzam o impacto ambiental e respeitem os direitos humanos em toda a cadeia de mantimentos. A empresa est\u00e1 comprometida em realizar a aquisi\u00e7\u00e3o sustent\u00e1vel de \u00f3leo de palma, cacau, soja e gr\u00e3os de carit\u00e9, suas principais mat\u00e9rias-primas, al\u00e9m de intensificar a busca por fornecedores sustent\u00e1veis \u200b\u200bque previnam o desmatamento e trabalhem para eliminar o trabalho infantil.<\/span><\/p>\n<p>&nbsp;<\/p>\n<p><span style=\"font-weight: 400;\">No cen\u00e1rio brasileiro, a <\/span><b>Harald<\/b><span style=\"font-weight: 400;\">, com base na miss\u00e3o, vis\u00e3o e valores do grupo, segue com o prop\u00f3sito de contribuir para o bem-estar das pessoas, agindo de maneira proativa para garantir a produ\u00e7\u00e3o de alimentos seguros e confi\u00e1veis para a sociedade, e oferecendo servi\u00e7os de capacita\u00e7\u00e3o para culin\u00e1ria que atendam \u00e0s diferentes demandas e expectativas do p\u00fablico que atua ou deseja atuar profissionalmente com chocolates. A marca busca desenvolver o potencial de suas linhas de produtos e contribuir com as pessoas, compreendendo todo o contexto e necessidades decorrentes do cen\u00e1rio socioecon\u00f4mico, lan\u00e7ando alimentos alinhados \u00e0s tend\u00eancias de mercado e comportamento de consumo que possam gerar oportunidades, al\u00e9m de conduzir atividades em harmonia com o meio ambiente.<\/span><\/p>\n","protected":false},"excerpt":{"rendered":"<p>Refer\u00eancia em ESG, multinacional da qual Harald faz parte, conquista classifica\u00e7\u00e3o m\u00e1xima do CDP Ranking aponta as empresas l\u00edderes em transpar\u00eancia e a\u00e7\u00e3o ambiental por de meio de reportes sobre mudan\u00e7as clim\u00e1ticas, preserva\u00e7\u00e3o florestal e seguran\u00e7a h\u00eddrica \u00a0\u00a0\u00a0 S\u00e3o Paulo, fevereiro de 2022 &#8211; Propriet\u00e1rio da Harald, marca l\u00edder em chocolates e coberturas no Brasil, <a class=\"more-link\" href=\"https:\/\/homolog.harald.com.br\/site-2026\/blog\/referencia-em-esg-multinacional-da-qual-harald-faz-parte-conquista-classificacao-maxima-do-cdp\/\">Read more&#8230;<\/a><\/p>\n","protected":false},"author":11,"featured_media":56827,"comment_status":"closed","ping_status":"closed","sticky":false,"template":"","format":"standard","meta":{"_acf_changed":false,"_uag_custom_page_level_css":"","footnotes":""},"categories":[158],"tags":[],"para-seu-negocio":[],"class_list":["post-56825","post","type-post","status-publish","format-standard","has-post-thumbnail","hentry","category-noticias"],"acf":[],"yoast_head":"<!-- This site is optimized with the Yoast SEO plugin v26.3 - https:\/\/yoast.com\/wordpress\/plugins\/seo\/ -->\n<title>Refer\u00eancia em ESG, multinacional da qual Harald faz parte, conquista classifica\u00e7\u00e3o m\u00e1xima do CDP - Harald<\/title>\n<meta name=\"robots\" content=\"noindex, follow, max-snippet:-1, max-image-preview:large, max-video-preview:-1\" \/>\n<meta property=\"og:locale\" content=\"pt_BR\" \/>\n<meta property=\"og:type\" content=\"article\" \/>\n<meta property=\"og:title\" content=\"Refer\u00eancia em ESG, multinacional da qual Harald faz parte, conquista classifica\u00e7\u00e3o m\u00e1xima do CDP - Harald\" \/>\n<meta property=\"og:description\" content=\"Refer\u00eancia em ESG, multinacional da qual Harald faz parte, conquista classifica\u00e7\u00e3o m\u00e1xima do CDP Ranking aponta as empresas l\u00edderes em transpar\u00eancia e a\u00e7\u00e3o ambiental por de meio de reportes sobre mudan\u00e7as clim\u00e1ticas, preserva\u00e7\u00e3o florestal e seguran\u00e7a h\u00eddrica \u00a0\u00a0\u00a0 S\u00e3o Paulo, fevereiro de 2022 &#8211; Propriet\u00e1rio da Harald, marca l\u00edder em chocolates e coberturas no Brasil, Read more...\" \/>\n<meta property=\"og:url\" content=\"https:\/\/homolog.harald.com.br\/site-2026\/blog\/referencia-em-esg-multinacional-da-qual-harald-faz-parte-conquista-classificacao-maxima-do-cdp\/\" \/>\n<meta property=\"og:site_name\" content=\"Harald\" \/>\n<meta property=\"article:publisher\" content=\"https:\/\/www.facebook.com\/HaraldChocolates\/\" \/>\n<meta property=\"article:published_time\" content=\"2022-02-07T15:04:56+00:00\" \/>\n<meta property=\"article:modified_time\" content=\"2023-01-04T15:05:57+00:00\" \/>\n<meta property=\"og:image\" content=\"https:\/\/homolog.harald.com.br\/site-2026\/wp-content\/uploads\/2023\/01\/image.webp\" \/>\n\t<meta property=\"og:image:width\" content=\"400\" \/>\n\t<meta property=\"og:image:height\" content=\"360\" \/>\n\t<meta property=\"og:image:type\" content=\"image\/webp\" \/>\n<meta name=\"author\" content=\"Bruna Teodoro\" \/>\n<meta name=\"twitter:card\" content=\"summary_large_image\" \/>\n<meta name=\"twitter:label1\" content=\"Escrito por\" \/>\n\t<meta name=\"twitter:data1\" content=\"Bruna Teodoro\" \/>\n\t<meta name=\"twitter:label2\" content=\"Est. tempo de leitura\" \/>\n\t<meta name=\"twitter:data2\" content=\"3 minutos\" \/>\n<script type=\"application\/ld+json\" class=\"yoast-schema-graph\">{\"@context\":\"https:\/\/schema.org\",\"@graph\":[{\"@type\":\"Article\",\"@id\":\"https:\/\/homolog.harald.com.br\/site-2026\/blog\/referencia-em-esg-multinacional-da-qual-harald-faz-parte-conquista-classificacao-maxima-do-cdp\/#article\",\"isPartOf\":{\"@id\":\"https:\/\/homolog.harald.com.br\/site-2026\/blog\/referencia-em-esg-multinacional-da-qual-harald-faz-parte-conquista-classificacao-maxima-do-cdp\/\"},\"author\":{\"name\":\"Bruna Teodoro\",\"@id\":\"https:\/\/homolog.harald.com.br\/site-2026\/#\/schema\/person\/37dcc072f872b17c519dd3097a7925e5\"},\"headline\":\"Refer\u00eancia em ESG, multinacional da qual Harald faz parte, conquista classifica\u00e7\u00e3o m\u00e1xima do CDP\",\"datePublished\":\"2022-02-07T15:04:56+00:00\",\"dateModified\":\"2023-01-04T15:05:57+00:00\",\"mainEntityOfPage\":{\"@id\":\"https:\/\/homolog.harald.com.br\/site-2026\/blog\/referencia-em-esg-multinacional-da-qual-harald-faz-parte-conquista-classificacao-maxima-do-cdp\/\"},\"wordCount\":461,\"publisher\":{\"@id\":\"https:\/\/homolog.harald.com.br\/site-2026\/#organization\"},\"image\":{\"@id\":\"https:\/\/homolog.harald.com.br\/site-2026\/blog\/referencia-em-esg-multinacional-da-qual-harald-faz-parte-conquista-classificacao-maxima-do-cdp\/#primaryimage\"},\"thumbnailUrl\":\"https:\/\/homolog.harald.com.br\/site-2026\/wp-content\/uploads\/2023\/01\/image.webp\",\"articleSection\":[\"Not\u00edcias\"],\"inLanguage\":\"pt-BR\"},{\"@type\":\"WebPage\",\"@id\":\"https:\/\/homolog.harald.com.br\/site-2026\/blog\/referencia-em-esg-multinacional-da-qual-harald-faz-parte-conquista-classificacao-maxima-do-cdp\/\",\"url\":\"https:\/\/homolog.harald.com.br\/site-2026\/blog\/referencia-em-esg-multinacional-da-qual-harald-faz-parte-conquista-classificacao-maxima-do-cdp\/\",\"name\":\"Refer\u00eancia em ESG, multinacional da qual Harald faz parte, conquista classifica\u00e7\u00e3o m\u00e1xima do CDP - Harald\",\"isPartOf\":{\"@id\":\"https:\/\/homolog.harald.com.br\/site-2026\/#website\"},\"primaryImageOfPage\":{\"@id\":\"https:\/\/homolog.harald.com.br\/site-2026\/blog\/referencia-em-esg-multinacional-da-qual-harald-faz-parte-conquista-classificacao-maxima-do-cdp\/#primaryimage\"},\"image\":{\"@id\":\"https:\/\/homolog.harald.com.br\/site-2026\/blog\/referencia-em-esg-multinacional-da-qual-harald-faz-parte-conquista-classificacao-maxima-do-cdp\/#primaryimage\"},\"thumbnailUrl\":\"https:\/\/homolog.harald.com.br\/site-2026\/wp-content\/uploads\/2023\/01\/image.webp\",\"datePublished\":\"2022-02-07T15:04:56+00:00\",\"dateModified\":\"2023-01-04T15:05:57+00:00\",\"breadcrumb\":{\"@id\":\"https:\/\/homolog.harald.com.br\/site-2026\/blog\/referencia-em-esg-multinacional-da-qual-harald-faz-parte-conquista-classificacao-maxima-do-cdp\/#breadcrumb\"},\"inLanguage\":\"pt-BR\",\"potentialAction\":[{\"@type\":\"ReadAction\",\"target\":[\"https:\/\/homolog.harald.com.br\/site-2026\/blog\/referencia-em-esg-multinacional-da-qual-harald-faz-parte-conquista-classificacao-maxima-do-cdp\/\"]}]},{\"@type\":\"ImageObject\",\"inLanguage\":\"pt-BR\",\"@id\":\"https:\/\/homolog.harald.com.br\/site-2026\/blog\/referencia-em-esg-multinacional-da-qual-harald-faz-parte-conquista-classificacao-maxima-do-cdp\/#primaryimage\",\"url\":\"https:\/\/homolog.harald.com.br\/site-2026\/wp-content\/uploads\/2023\/01\/image.webp\",\"contentUrl\":\"https:\/\/homolog.harald.com.br\/site-2026\/wp-content\/uploads\/2023\/01\/image.webp\",\"width\":400,\"height\":360},{\"@type\":\"BreadcrumbList\",\"@id\":\"https:\/\/homolog.harald.com.br\/site-2026\/blog\/referencia-em-esg-multinacional-da-qual-harald-faz-parte-conquista-classificacao-maxima-do-cdp\/#breadcrumb\",\"itemListElement\":[{\"@type\":\"ListItem\",\"position\":1,\"name\":\"In\u00edcio\",\"item\":\"https:\/\/homolog.harald.com.br\/site-2026\/\"},{\"@type\":\"ListItem\",\"position\":2,\"name\":\"Refer\u00eancia em ESG, multinacional da qual Harald faz parte, conquista classifica\u00e7\u00e3o m\u00e1xima do CDP\"}]},{\"@type\":\"WebSite\",\"@id\":\"https:\/\/homolog.harald.com.br\/site-2026\/#website\",\"url\":\"https:\/\/homolog.harald.com.br\/site-2026\/\",\"name\":\"Harald\",\"description\":\"Fazer melhor \u00e9 fazer com paix\u00e3o\",\"publisher\":{\"@id\":\"https:\/\/homolog.harald.com.br\/site-2026\/#organization\"},\"potentialAction\":[{\"@type\":\"SearchAction\",\"target\":{\"@type\":\"EntryPoint\",\"urlTemplate\":\"https:\/\/homolog.harald.com.br\/site-2026\/?s={search_term_string}\"},\"query-input\":{\"@type\":\"PropertyValueSpecification\",\"valueRequired\":true,\"valueName\":\"search_term_string\"}}],\"inLanguage\":\"pt-BR\"},{\"@type\":\"Organization\",\"@id\":\"https:\/\/homolog.harald.com.br\/site-2026\/#organization\",\"name\":\"Harald\",\"url\":\"https:\/\/homolog.harald.com.br\/site-2026\/\",\"logo\":{\"@type\":\"ImageObject\",\"inLanguage\":\"pt-BR\",\"@id\":\"https:\/\/homolog.harald.com.br\/site-2026\/#\/schema\/logo\/image\/\",\"url\":\"https:\/\/homolog.harald.com.br\/site-2026\/wp-content\/uploads\/2022\/09\/logo-harald-cmyk-ss.png\",\"contentUrl\":\"https:\/\/homolog.harald.com.br\/site-2026\/wp-content\/uploads\/2022\/09\/logo-harald-cmyk-ss.png\",\"width\":1948,\"height\":1051,\"caption\":\"Harald\"},\"image\":{\"@id\":\"https:\/\/homolog.harald.com.br\/site-2026\/#\/schema\/logo\/image\/\"},\"sameAs\":[\"https:\/\/www.facebook.com\/HaraldChocolates\/\",\"https:\/\/www.youtube.com\/user\/HaraldChocolates\"]},{\"@type\":\"Person\",\"@id\":\"https:\/\/homolog.harald.com.br\/site-2026\/#\/schema\/person\/37dcc072f872b17c519dd3097a7925e5\",\"name\":\"Bruna Teodoro\",\"image\":{\"@type\":\"ImageObject\",\"inLanguage\":\"pt-BR\",\"@id\":\"https:\/\/homolog.harald.com.br\/site-2026\/#\/schema\/person\/image\/\",\"url\":\"https:\/\/secure.gravatar.com\/avatar\/7da0050c7a3bd4d6df113dcfae1a5b72c8690bc5d4bb4fabab7e4d34d582ceea?s=96&d=mm&r=g\",\"contentUrl\":\"https:\/\/secure.gravatar.com\/avatar\/7da0050c7a3bd4d6df113dcfae1a5b72c8690bc5d4bb4fabab7e4d34d582ceea?s=96&d=mm&r=g\",\"caption\":\"Bruna Teodoro\"},\"url\":\"https:\/\/homolog.harald.com.br\/site-2026\/blog\/author\/bruna-teodoro\/\"}]}<\/script>\n<!-- \/ Yoast SEO plugin. -->","yoast_head_json":{"title":"Refer\u00eancia em ESG, multinacional da qual Harald faz parte, conquista classifica\u00e7\u00e3o m\u00e1xima do CDP - Harald","robots":{"index":"noindex","follow":"follow","max-snippet":"max-snippet:-1","max-image-preview":"max-image-preview:large","max-video-preview":"max-video-preview:-1"},"og_locale":"pt_BR","og_type":"article","og_title":"Refer\u00eancia em ESG, multinacional da qual Harald faz parte, conquista classifica\u00e7\u00e3o m\u00e1xima do CDP - Harald","og_description":"Refer\u00eancia em ESG, multinacional da qual Harald faz parte, conquista classifica\u00e7\u00e3o m\u00e1xima do CDP Ranking aponta as empresas l\u00edderes em transpar\u00eancia e a\u00e7\u00e3o ambiental por de meio de reportes sobre mudan\u00e7as clim\u00e1ticas, preserva\u00e7\u00e3o florestal e seguran\u00e7a h\u00eddrica \u00a0\u00a0\u00a0 S\u00e3o Paulo, fevereiro de 2022 &#8211; Propriet\u00e1rio da Harald, marca l\u00edder em chocolates e coberturas no Brasil, Read more...","og_url":"https:\/\/homolog.harald.com.br\/site-2026\/blog\/referencia-em-esg-multinacional-da-qual-harald-faz-parte-conquista-classificacao-maxima-do-cdp\/","og_site_name":"Harald","article_publisher":"https:\/\/www.facebook.com\/HaraldChocolates\/","article_published_time":"2022-02-07T15:04:56+00:00","article_modified_time":"2023-01-04T15:05:57+00:00","og_image":[{"width":400,"height":360,"url":"https:\/\/homolog.harald.com.br\/site-2026\/wp-content\/uploads\/2023\/01\/image.webp","type":"image\/webp"}],"author":"Bruna Teodoro","twitter_card":"summary_large_image","twitter_misc":{"Escrito por":"Bruna Teodoro","Est. tempo de leitura":"3 minutos"},"schema":{"@context":"https:\/\/schema.org","@graph":[{"@type":"Article","@id":"https:\/\/homolog.harald.com.br\/site-2026\/blog\/referencia-em-esg-multinacional-da-qual-harald-faz-parte-conquista-classificacao-maxima-do-cdp\/#article","isPartOf":{"@id":"https:\/\/homolog.harald.com.br\/site-2026\/blog\/referencia-em-esg-multinacional-da-qual-harald-faz-parte-conquista-classificacao-maxima-do-cdp\/"},"author":{"name":"Bruna Teodoro","@id":"https:\/\/homolog.harald.com.br\/site-2026\/#\/schema\/person\/37dcc072f872b17c519dd3097a7925e5"},"headline":"Refer\u00eancia em ESG, multinacional da qual Harald faz parte, conquista classifica\u00e7\u00e3o m\u00e1xima do CDP","datePublished":"2022-02-07T15:04:56+00:00","dateModified":"2023-01-04T15:05:57+00:00","mainEntityOfPage":{"@id":"https:\/\/homolog.harald.com.br\/site-2026\/blog\/referencia-em-esg-multinacional-da-qual-harald-faz-parte-conquista-classificacao-maxima-do-cdp\/"},"wordCount":461,"publisher":{"@id":"https:\/\/homolog.harald.com.br\/site-2026\/#organization"},"image":{"@id":"https:\/\/homolog.harald.com.br\/site-2026\/blog\/referencia-em-esg-multinacional-da-qual-harald-faz-parte-conquista-classificacao-maxima-do-cdp\/#primaryimage"},"thumbnailUrl":"https:\/\/homolog.harald.com.br\/site-2026\/wp-content\/uploads\/2023\/01\/image.webp","articleSection":["Not\u00edcias"],"inLanguage":"pt-BR"},{"@type":"WebPage","@id":"https:\/\/homolog.harald.com.br\/site-2026\/blog\/referencia-em-esg-multinacional-da-qual-harald-faz-parte-conquista-classificacao-maxima-do-cdp\/","url":"https:\/\/homolog.harald.com.br\/site-2026\/blog\/referencia-em-esg-multinacional-da-qual-harald-faz-parte-conquista-classificacao-maxima-do-cdp\/","name":"Refer\u00eancia em ESG, multinacional da qual Harald faz parte, conquista classifica\u00e7\u00e3o m\u00e1xima do CDP - Harald","isPartOf":{"@id":"https:\/\/homolog.harald.com.br\/site-2026\/#website"},"primaryImageOfPage":{"@id":"https:\/\/homolog.harald.com.br\/site-2026\/blog\/referencia-em-esg-multinacional-da-qual-harald-faz-parte-conquista-classificacao-maxima-do-cdp\/#primaryimage"},"image":{"@id":"https:\/\/homolog.harald.com.br\/site-2026\/blog\/referencia-em-esg-multinacional-da-qual-harald-faz-parte-conquista-classificacao-maxima-do-cdp\/#primaryimage"},"thumbnailUrl":"https:\/\/homolog.harald.com.br\/site-2026\/wp-content\/uploads\/2023\/01\/image.webp","datePublished":"2022-02-07T15:04:56+00:00","dateModified":"2023-01-04T15:05:57+00:00","breadcrumb":{"@id":"https:\/\/homolog.harald.com.br\/site-2026\/blog\/referencia-em-esg-multinacional-da-qual-harald-faz-parte-conquista-classificacao-maxima-do-cdp\/#breadcrumb"},"inLanguage":"pt-BR","potentialAction":[{"@type":"ReadAction","target":["https:\/\/homolog.harald.com.br\/site-2026\/blog\/referencia-em-esg-multinacional-da-qual-harald-faz-parte-conquista-classificacao-maxima-do-cdp\/"]}]},{"@type":"ImageObject","inLanguage":"pt-BR","@id":"https:\/\/homolog.harald.com.br\/site-2026\/blog\/referencia-em-esg-multinacional-da-qual-harald-faz-parte-conquista-classificacao-maxima-do-cdp\/#primaryimage","url":"https:\/\/homolog.harald.com.br\/site-2026\/wp-content\/uploads\/2023\/01\/image.webp","contentUrl":"https:\/\/homolog.harald.com.br\/site-2026\/wp-content\/uploads\/2023\/01\/image.webp","width":400,"height":360},{"@type":"BreadcrumbList","@id":"https:\/\/homolog.harald.com.br\/site-2026\/blog\/referencia-em-esg-multinacional-da-qual-harald-faz-parte-conquista-classificacao-maxima-do-cdp\/#breadcrumb","itemListElement":[{"@type":"ListItem","position":1,"name":"In\u00edcio","item":"https:\/\/homolog.harald.com.br\/site-2026\/"},{"@type":"ListItem","position":2,"name":"Refer\u00eancia em ESG, multinacional da qual Harald faz parte, conquista classifica\u00e7\u00e3o m\u00e1xima do CDP"}]},{"@type":"WebSite","@id":"https:\/\/homolog.harald.com.br\/site-2026\/#website","url":"https:\/\/homolog.harald.com.br\/site-2026\/","name":"Harald","description":"Fazer melhor \u00e9 fazer com paix\u00e3o","publisher":{"@id":"https:\/\/homolog.harald.com.br\/site-2026\/#organization"},"potentialAction":[{"@type":"SearchAction","target":{"@type":"EntryPoint","urlTemplate":"https:\/\/homolog.harald.com.br\/site-2026\/?s={search_term_string}"},"query-input":{"@type":"PropertyValueSpecification","valueRequired":true,"valueName":"search_term_string"}}],"inLanguage":"pt-BR"},{"@type":"Organization","@id":"https:\/\/homolog.harald.com.br\/site-2026\/#organization","name":"Harald","url":"https:\/\/homolog.harald.com.br\/site-2026\/","logo":{"@type":"ImageObject","inLanguage":"pt-BR","@id":"https:\/\/homolog.harald.com.br\/site-2026\/#\/schema\/logo\/image\/","url":"https:\/\/homolog.harald.com.br\/site-2026\/wp-content\/uploads\/2022\/09\/logo-harald-cmyk-ss.png","contentUrl":"https:\/\/homolog.harald.com.br\/site-2026\/wp-content\/uploads\/2022\/09\/logo-harald-cmyk-ss.png","width":1948,"height":1051,"caption":"Harald"},"image":{"@id":"https:\/\/homolog.harald.com.br\/site-2026\/#\/schema\/logo\/image\/"},"sameAs":["https:\/\/www.facebook.com\/HaraldChocolates\/","https:\/\/www.youtube.com\/user\/HaraldChocolates"]},{"@type":"Person","@id":"https:\/\/homolog.harald.com.br\/site-2026\/#\/schema\/person\/37dcc072f872b17c519dd3097a7925e5","name":"Bruna Teodoro","image":{"@type":"ImageObject","inLanguage":"pt-BR","@id":"https:\/\/homolog.harald.com.br\/site-2026\/#\/schema\/person\/image\/","url":"https:\/\/secure.gravatar.com\/avatar\/7da0050c7a3bd4d6df113dcfae1a5b72c8690bc5d4bb4fabab7e4d34d582ceea?s=96&d=mm&r=g","contentUrl":"https:\/\/secure.gravatar.com\/avatar\/7da0050c7a3bd4d6df113dcfae1a5b72c8690bc5d4bb4fabab7e4d34d582ceea?s=96&d=mm&r=g","caption":"Bruna Teodoro"},"url":"https:\/\/homolog.harald.com.br\/site-2026\/blog\/author\/bruna-teodoro\/"}]}},"uagb_featured_image_src":{"full":["https:\/\/homolog.harald.com.br\/site-2026\/wp-content\/uploads\/2023\/01\/image.webp",400,360,false],"thumbnail":["https:\/\/homolog.harald.com.br\/site-2026\/wp-content\/uploads\/2023\/01\/image-150x150.webp",150,150,true],"medium":["https:\/\/homolog.harald.com.br\/site-2026\/wp-content\/uploads\/2023\/01\/image-300x270.webp",300,270,true],"medium_large":["https:\/\/homolog.harald.com.br\/site-2026\/wp-content\/uploads\/2023\/01\/image.webp",400,360,false],"large":["https:\/\/homolog.harald.com.br\/site-2026\/wp-content\/uploads\/2023\/01\/image.webp",400,360,false],"1536x1536":["https:\/\/homolog.harald.com.br\/site-2026\/wp-content\/uploads\/2023\/01\/image.webp",400,360,false],"2048x2048":["https:\/\/homolog.harald.com.br\/site-2026\/wp-content\/uploads\/2023\/01\/image.webp",400,360,false],"full-width":["https:\/\/homolog.harald.com.br\/site-2026\/wp-content\/uploads\/2023\/01\/image.webp",400,360,false],"gform-image-choice-sm":["https:\/\/homolog.harald.com.br\/site-2026\/wp-content\/uploads\/2023\/01\/image.webp",300,270,false],"gform-image-choice-md":["https:\/\/homolog.harald.com.br\/site-2026\/wp-content\/uploads\/2023\/01\/image.webp",400,360,false],"gform-image-choice-lg":["https:\/\/homolog.harald.com.br\/site-2026\/wp-content\/uploads\/2023\/01\/image.webp",400,360,false]},"uagb_author_info":{"display_name":"Bruna Teodoro","author_link":"https:\/\/homolog.harald.com.br\/site-2026\/blog\/author\/bruna-teodoro\/"},"uagb_comment_info":0,"uagb_excerpt":"Refer\u00eancia em ESG, multinacional da qual Harald faz parte, conquista classifica\u00e7\u00e3o m\u00e1xima do CDP Ranking aponta as empresas l\u00edderes em transpar\u00eancia e a\u00e7\u00e3o ambiental por de meio de reportes sobre mudan\u00e7as clim\u00e1ticas, preserva\u00e7\u00e3o florestal e seguran\u00e7a h\u00eddrica \u00a0\u00a0\u00a0 S\u00e3o Paulo, fevereiro de 2022 &#8211; Propriet\u00e1rio da Harald, marca l\u00edder em chocolates e coberturas no Brasil,&hellip;","_links":{"self":[{"href":"https:\/\/homolog.harald.com.br\/site-2026\/wp-json\/wp\/v2\/posts\/56825","targetHints":{"allow":["GET"]}}],"collection":[{"href":"https:\/\/homolog.harald.com.br\/site-2026\/wp-json\/wp\/v2\/posts"}],"about":[{"href":"https:\/\/homolog.harald.com.br\/site-2026\/wp-json\/wp\/v2\/types\/post"}],"author":[{"embeddable":true,"href":"https:\/\/homolog.harald.com.br\/site-2026\/wp-json\/wp\/v2\/users\/11"}],"replies":[{"embeddable":true,"href":"https:\/\/homolog.harald.com.br\/site-2026\/wp-json\/wp\/v2\/comments?post=56825"}],"version-history":[{"count":1,"href":"https:\/\/homolog.harald.com.br\/site-2026\/wp-json\/wp\/v2\/posts\/56825\/revisions"}],"predecessor-version":[{"id":56830,"href":"https:\/\/homolog.harald.com.br\/site-2026\/wp-json\/wp\/v2\/posts\/56825\/revisions\/56830"}],"wp:featuredmedia":[{"embeddable":true,"href":"https:\/\/homolog.harald.com.br\/site-2026\/wp-json\/wp\/v2\/media\/56827"}],"wp:attachment":[{"href":"https:\/\/homolog.harald.com.br\/site-2026\/wp-json\/wp\/v2\/media?parent=56825"}],"wp:term":[{"taxonomy":"category","embeddable":true,"href":"https:\/\/homolog.harald.com.br\/site-2026\/wp-json\/wp\/v2\/categories?post=56825"},{"taxonomy":"post_tag","embeddable":true,"href":"https:\/\/homolog.harald.com.br\/site-2026\/wp-json\/wp\/v2\/tags?post=56825"},{"taxonomy":"para-seu-negocio","embeddable":true,"href":"https:\/\/homolog.harald.com.br\/site-2026\/wp-json\/wp\/v2\/para-seu-negocio?post=56825"}],"curies":[{"name":"wp","href":"https:\/\/api.w.org\/{rel}","templated":true}]}}