{"id":56808,"date":"2022-03-03T11:53:39","date_gmt":"2022-03-03T14:53:39","guid":{"rendered":"https:\/\/homolog.harald.com.br\/site-2026\/?p=56808"},"modified":"2023-01-04T11:53:57","modified_gmt":"2023-01-04T14:53:57","slug":"harald-promove-programa-social-com-foco-empreendedorismo-feminino-e-pequenos-negocios","status":"publish","type":"post","link":"https:\/\/homolog.harald.com.br\/site-2026\/blog\/harald-promove-programa-social-com-foco-empreendedorismo-feminino-e-pequenos-negocios\/","title":{"rendered":"Harald promove programa social com foco empreendedorismo feminino e pequenos neg\u00f3cios"},"content":{"rendered":"<h1 style=\"text-align: center;\"><b>Harald promove programa social com foco empreendedorismo feminino e pequenos neg\u00f3cios<\/b><\/h1>\n<p style=\"text-align: center;\"><i><span style=\"font-weight: 400;\">Em parceria com ONGs de diversas comunidades, a iniciativa j\u00e1 formou mais de 750 alunas e empreendedoras desde 2019\u00a0<\/span><\/i><\/p>\n<p>&nbsp;<\/p>\n<p><b>S\u00e3o Paulo, mar\u00e7o de 2022 <\/b><span style=\"font-weight: 400;\">&#8211; Com o objetivo de promover a capacita\u00e7\u00e3o de pessoas em situa\u00e7\u00e3o de vulnerabilidade social e apoiar projetos que visam empoderar mulheres, contribuindo para sua independ\u00eancia e autonomia financeira, a <\/span><b>Harald<\/b><span style=\"font-weight: 400;\">, l\u00edder em coberturas e refer\u00eancia em chocolates para o mercado especializado, desenvolve desde 2019 o Programa de Forma\u00e7\u00e3o em Chocolataria e Empreendedorismo, iniciativa que faz parte das a\u00e7\u00f5es de Responsabilidade Social e Sustentabilidade desenvolvidas pela companhia.\u00a0<\/span><\/p>\n<p>&nbsp;<\/p>\n<p><span style=\"font-weight: 400;\">De acordo com a pesquisa \u201cEmpreendedorismo Feminino no Brasil\u201d, feita pela SEBRAE em fevereiro de 2021, no terceiro trimestre de 2020 havia 25,6 milh\u00f5es de donos de neg\u00f3cios no Brasil, sendo 8,6 milh\u00f5es de mulheres (33,6%) e 17 milh\u00f5es de homens (66,4%). Avaliando essa discrep\u00e2ncia e tendo como um dos pilares do projeto apoiar mulheres que desejam desenvolver seu pr\u00f3prio neg\u00f3cio, a iniciativa da Harald trabalha para fomentar novas oportunidades de renda e contribuir com esse segmento importante para a economia, composto por pequenos neg\u00f3cios e novas empreendedoras.<\/span><\/p>\n<p>&nbsp;<\/p>\n<p><span style=\"font-weight: 400;\">\u201cDesenvolver um programa de sustentabilidade social abre portas para iniciativas capazes de gerar impactos positivos para a sociedade, al\u00e9m de contribuir para a redu\u00e7\u00e3o das desigualdades sociais e g\u00eanero, como \u00e9 o caso do Programa de Forma\u00e7\u00e3o em Chocolataria e Empreendedorismo da Harald. N\u00f3s entendemos que podemos contribuir com essa transforma\u00e7\u00e3o, j\u00e1 que todos os neg\u00f3cios afetam, de alguma forma, as pessoas e o ambiente em que est\u00e1 inserido\u201d, declara Fernanda Sequetto, gerente de marketing da Harald.<\/span><\/p>\n<p>&nbsp;<\/p>\n<p><span style=\"font-weight: 400;\">Para que o Programa seja bem-sucedido e garanta que seus assistidos obtenham capacita\u00e7\u00e3o t\u00e9cnica e insumos suficientes para iniciar seu pr\u00f3prio neg\u00f3cio, a <\/span><b>Harald <\/b><span style=\"font-weight: 400;\">criou um modelo que promove a reciclagem, recontextualiza\u00e7\u00e3o e capacita\u00e7\u00e3o de professores, para que tenham pleno dom\u00ednio de t\u00e9cnicas e consigam traduzi-las em uma abordagem acess\u00edvel para qualquer aluno.<\/span><\/p>\n<p>&nbsp;<\/p>\n<p><span style=\"font-weight: 400;\">Al\u00e9m disso, a <\/span><b>Harald<\/b><span style=\"font-weight: 400;\"> fornece todo o suporte necess\u00e1rio para que os cursos e oficinas sejam realizados gratuitamente em institui\u00e7\u00f5es parceiras, disponibilizando um &#8220;kit iniciante&#8221; que cont\u00e9m produtos que fazem parte do portf\u00f3lio da marca e materiais fundamentais para iniciar os trabalhos no ramo da chocolataria e confeitaria. O projeto j\u00e1 formou, at\u00e9 o momento, mais de 750 pessoas, com um aumento expressivo de 39% de novos alunos formados somente em 2021.<\/span><\/p>\n","protected":false},"excerpt":{"rendered":"<p>Harald promove programa social com foco empreendedorismo feminino e pequenos neg\u00f3cios Em parceria com ONGs de diversas comunidades, a iniciativa j\u00e1 formou mais de 750 alunas e empreendedoras desde 2019\u00a0 &nbsp; S\u00e3o Paulo, mar\u00e7o de 2022 &#8211; Com o objetivo de promover a capacita\u00e7\u00e3o de pessoas em situa\u00e7\u00e3o de vulnerabilidade social e apoiar projetos que <a class=\"more-link\" href=\"https:\/\/homolog.harald.com.br\/site-2026\/blog\/harald-promove-programa-social-com-foco-empreendedorismo-feminino-e-pequenos-negocios\/\">Read more&#8230;<\/a><\/p>\n","protected":false},"author":11,"featured_media":56813,"comment_status":"closed","ping_status":"closed","sticky":false,"template":"","format":"standard","meta":{"_acf_changed":false,"_uag_custom_page_level_css":"","footnotes":""},"categories":[1],"tags":[],"para-seu-negocio":[],"class_list":["post-56808","post","type-post","status-publish","format-standard","has-post-thumbnail","hentry","category-nao-categorizado"],"acf":[],"yoast_head":"<!-- This site is optimized with the Yoast SEO plugin v26.3 - https:\/\/yoast.com\/wordpress\/plugins\/seo\/ -->\n<title>Harald promove programa social com foco empreendedorismo feminino e pequenos neg\u00f3cios - Harald<\/title>\n<meta name=\"robots\" content=\"noindex, follow, max-snippet:-1, max-image-preview:large, max-video-preview:-1\" \/>\n<meta property=\"og:locale\" content=\"pt_BR\" \/>\n<meta property=\"og:type\" content=\"article\" \/>\n<meta property=\"og:title\" content=\"Harald promove programa social com foco empreendedorismo feminino e pequenos neg\u00f3cios - Harald\" \/>\n<meta property=\"og:description\" content=\"Harald promove programa social com foco empreendedorismo feminino e pequenos neg\u00f3cios Em parceria com ONGs de diversas comunidades, a iniciativa j\u00e1 formou mais de 750 alunas e empreendedoras desde 2019\u00a0 &nbsp; S\u00e3o Paulo, mar\u00e7o de 2022 &#8211; Com o objetivo de promover a capacita\u00e7\u00e3o de pessoas em situa\u00e7\u00e3o de vulnerabilidade social e apoiar projetos que Read more...\" \/>\n<meta property=\"og:url\" content=\"https:\/\/homolog.harald.com.br\/site-2026\/blog\/harald-promove-programa-social-com-foco-empreendedorismo-feminino-e-pequenos-negocios\/\" \/>\n<meta property=\"og:site_name\" content=\"Harald\" \/>\n<meta property=\"article:publisher\" content=\"https:\/\/www.facebook.com\/HaraldChocolates\/\" \/>\n<meta property=\"article:published_time\" content=\"2022-03-03T14:53:39+00:00\" \/>\n<meta property=\"article:modified_time\" content=\"2023-01-04T14:53:57+00:00\" \/>\n<meta property=\"og:image\" content=\"https:\/\/homolog.harald.com.br\/site-2026\/wp-content\/uploads\/2023\/01\/haraldchocolatesmulheres-758x426-1.jpg\" \/>\n\t<meta property=\"og:image:width\" content=\"758\" \/>\n\t<meta property=\"og:image:height\" content=\"426\" \/>\n\t<meta property=\"og:image:type\" content=\"image\/jpeg\" \/>\n<meta name=\"author\" content=\"Bruna Teodoro\" \/>\n<meta name=\"twitter:card\" content=\"summary_large_image\" \/>\n<meta name=\"twitter:label1\" content=\"Escrito por\" \/>\n\t<meta name=\"twitter:data1\" content=\"Bruna Teodoro\" \/>\n\t<meta name=\"twitter:label2\" content=\"Est. tempo de leitura\" \/>\n\t<meta name=\"twitter:data2\" content=\"3 minutos\" \/>\n<script type=\"application\/ld+json\" class=\"yoast-schema-graph\">{\"@context\":\"https:\/\/schema.org\",\"@graph\":[{\"@type\":\"Article\",\"@id\":\"https:\/\/homolog.harald.com.br\/site-2026\/blog\/harald-promove-programa-social-com-foco-empreendedorismo-feminino-e-pequenos-negocios\/#article\",\"isPartOf\":{\"@id\":\"https:\/\/homolog.harald.com.br\/site-2026\/blog\/harald-promove-programa-social-com-foco-empreendedorismo-feminino-e-pequenos-negocios\/\"},\"author\":{\"name\":\"Bruna Teodoro\",\"@id\":\"https:\/\/homolog.harald.com.br\/site-2026\/#\/schema\/person\/37dcc072f872b17c519dd3097a7925e5\"},\"headline\":\"Harald promove programa social com foco empreendedorismo feminino e pequenos neg\u00f3cios\",\"datePublished\":\"2022-03-03T14:53:39+00:00\",\"dateModified\":\"2023-01-04T14:53:57+00:00\",\"mainEntityOfPage\":{\"@id\":\"https:\/\/homolog.harald.com.br\/site-2026\/blog\/harald-promove-programa-social-com-foco-empreendedorismo-feminino-e-pequenos-negocios\/\"},\"wordCount\":433,\"publisher\":{\"@id\":\"https:\/\/homolog.harald.com.br\/site-2026\/#organization\"},\"image\":{\"@id\":\"https:\/\/homolog.harald.com.br\/site-2026\/blog\/harald-promove-programa-social-com-foco-empreendedorismo-feminino-e-pequenos-negocios\/#primaryimage\"},\"thumbnailUrl\":\"https:\/\/homolog.harald.com.br\/site-2026\/wp-content\/uploads\/2023\/01\/haraldchocolatesmulheres-758x426-1.jpg\",\"articleSection\":[\"N\u00e3o categorizado\"],\"inLanguage\":\"pt-BR\"},{\"@type\":\"WebPage\",\"@id\":\"https:\/\/homolog.harald.com.br\/site-2026\/blog\/harald-promove-programa-social-com-foco-empreendedorismo-feminino-e-pequenos-negocios\/\",\"url\":\"https:\/\/homolog.harald.com.br\/site-2026\/blog\/harald-promove-programa-social-com-foco-empreendedorismo-feminino-e-pequenos-negocios\/\",\"name\":\"Harald promove programa social com foco empreendedorismo feminino e pequenos neg\u00f3cios - Harald\",\"isPartOf\":{\"@id\":\"https:\/\/homolog.harald.com.br\/site-2026\/#website\"},\"primaryImageOfPage\":{\"@id\":\"https:\/\/homolog.harald.com.br\/site-2026\/blog\/harald-promove-programa-social-com-foco-empreendedorismo-feminino-e-pequenos-negocios\/#primaryimage\"},\"image\":{\"@id\":\"https:\/\/homolog.harald.com.br\/site-2026\/blog\/harald-promove-programa-social-com-foco-empreendedorismo-feminino-e-pequenos-negocios\/#primaryimage\"},\"thumbnailUrl\":\"https:\/\/homolog.harald.com.br\/site-2026\/wp-content\/uploads\/2023\/01\/haraldchocolatesmulheres-758x426-1.jpg\",\"datePublished\":\"2022-03-03T14:53:39+00:00\",\"dateModified\":\"2023-01-04T14:53:57+00:00\",\"breadcrumb\":{\"@id\":\"https:\/\/homolog.harald.com.br\/site-2026\/blog\/harald-promove-programa-social-com-foco-empreendedorismo-feminino-e-pequenos-negocios\/#breadcrumb\"},\"inLanguage\":\"pt-BR\",\"potentialAction\":[{\"@type\":\"ReadAction\",\"target\":[\"https:\/\/homolog.harald.com.br\/site-2026\/blog\/harald-promove-programa-social-com-foco-empreendedorismo-feminino-e-pequenos-negocios\/\"]}]},{\"@type\":\"ImageObject\",\"inLanguage\":\"pt-BR\",\"@id\":\"https:\/\/homolog.harald.com.br\/site-2026\/blog\/harald-promove-programa-social-com-foco-empreendedorismo-feminino-e-pequenos-negocios\/#primaryimage\",\"url\":\"https:\/\/homolog.harald.com.br\/site-2026\/wp-content\/uploads\/2023\/01\/haraldchocolatesmulheres-758x426-1.jpg\",\"contentUrl\":\"https:\/\/homolog.harald.com.br\/site-2026\/wp-content\/uploads\/2023\/01\/haraldchocolatesmulheres-758x426-1.jpg\",\"width\":758,\"height\":426},{\"@type\":\"BreadcrumbList\",\"@id\":\"https:\/\/homolog.harald.com.br\/site-2026\/blog\/harald-promove-programa-social-com-foco-empreendedorismo-feminino-e-pequenos-negocios\/#breadcrumb\",\"itemListElement\":[{\"@type\":\"ListItem\",\"position\":1,\"name\":\"In\u00edcio\",\"item\":\"https:\/\/homolog.harald.com.br\/site-2026\/\"},{\"@type\":\"ListItem\",\"position\":2,\"name\":\"Harald promove programa social com foco empreendedorismo feminino e pequenos neg\u00f3cios\"}]},{\"@type\":\"WebSite\",\"@id\":\"https:\/\/homolog.harald.com.br\/site-2026\/#website\",\"url\":\"https:\/\/homolog.harald.com.br\/site-2026\/\",\"name\":\"Harald\",\"description\":\"Fazer melhor \u00e9 fazer com paix\u00e3o\",\"publisher\":{\"@id\":\"https:\/\/homolog.harald.com.br\/site-2026\/#organization\"},\"potentialAction\":[{\"@type\":\"SearchAction\",\"target\":{\"@type\":\"EntryPoint\",\"urlTemplate\":\"https:\/\/homolog.harald.com.br\/site-2026\/?s={search_term_string}\"},\"query-input\":{\"@type\":\"PropertyValueSpecification\",\"valueRequired\":true,\"valueName\":\"search_term_string\"}}],\"inLanguage\":\"pt-BR\"},{\"@type\":\"Organization\",\"@id\":\"https:\/\/homolog.harald.com.br\/site-2026\/#organization\",\"name\":\"Harald\",\"url\":\"https:\/\/homolog.harald.com.br\/site-2026\/\",\"logo\":{\"@type\":\"ImageObject\",\"inLanguage\":\"pt-BR\",\"@id\":\"https:\/\/homolog.harald.com.br\/site-2026\/#\/schema\/logo\/image\/\",\"url\":\"https:\/\/homolog.harald.com.br\/site-2026\/wp-content\/uploads\/2022\/09\/logo-harald-cmyk-ss.png\",\"contentUrl\":\"https:\/\/homolog.harald.com.br\/site-2026\/wp-content\/uploads\/2022\/09\/logo-harald-cmyk-ss.png\",\"width\":1948,\"height\":1051,\"caption\":\"Harald\"},\"image\":{\"@id\":\"https:\/\/homolog.harald.com.br\/site-2026\/#\/schema\/logo\/image\/\"},\"sameAs\":[\"https:\/\/www.facebook.com\/HaraldChocolates\/\",\"https:\/\/www.youtube.com\/user\/HaraldChocolates\"]},{\"@type\":\"Person\",\"@id\":\"https:\/\/homolog.harald.com.br\/site-2026\/#\/schema\/person\/37dcc072f872b17c519dd3097a7925e5\",\"name\":\"Bruna Teodoro\",\"image\":{\"@type\":\"ImageObject\",\"inLanguage\":\"pt-BR\",\"@id\":\"https:\/\/homolog.harald.com.br\/site-2026\/#\/schema\/person\/image\/\",\"url\":\"https:\/\/secure.gravatar.com\/avatar\/7da0050c7a3bd4d6df113dcfae1a5b72c8690bc5d4bb4fabab7e4d34d582ceea?s=96&d=mm&r=g\",\"contentUrl\":\"https:\/\/secure.gravatar.com\/avatar\/7da0050c7a3bd4d6df113dcfae1a5b72c8690bc5d4bb4fabab7e4d34d582ceea?s=96&d=mm&r=g\",\"caption\":\"Bruna Teodoro\"},\"url\":\"https:\/\/homolog.harald.com.br\/site-2026\/blog\/author\/bruna-teodoro\/\"}]}<\/script>\n<!-- \/ Yoast SEO plugin. -->","yoast_head_json":{"title":"Harald promove programa social com foco empreendedorismo feminino e pequenos neg\u00f3cios - Harald","robots":{"index":"noindex","follow":"follow","max-snippet":"max-snippet:-1","max-image-preview":"max-image-preview:large","max-video-preview":"max-video-preview:-1"},"og_locale":"pt_BR","og_type":"article","og_title":"Harald promove programa social com foco empreendedorismo feminino e pequenos neg\u00f3cios - Harald","og_description":"Harald promove programa social com foco empreendedorismo feminino e pequenos neg\u00f3cios Em parceria com ONGs de diversas comunidades, a iniciativa j\u00e1 formou mais de 750 alunas e empreendedoras desde 2019\u00a0 &nbsp; S\u00e3o Paulo, mar\u00e7o de 2022 &#8211; Com o objetivo de promover a capacita\u00e7\u00e3o de pessoas em situa\u00e7\u00e3o de vulnerabilidade social e apoiar projetos que Read more...","og_url":"https:\/\/homolog.harald.com.br\/site-2026\/blog\/harald-promove-programa-social-com-foco-empreendedorismo-feminino-e-pequenos-negocios\/","og_site_name":"Harald","article_publisher":"https:\/\/www.facebook.com\/HaraldChocolates\/","article_published_time":"2022-03-03T14:53:39+00:00","article_modified_time":"2023-01-04T14:53:57+00:00","og_image":[{"width":758,"height":426,"url":"https:\/\/homolog.harald.com.br\/site-2026\/wp-content\/uploads\/2023\/01\/haraldchocolatesmulheres-758x426-1.jpg","type":"image\/jpeg"}],"author":"Bruna Teodoro","twitter_card":"summary_large_image","twitter_misc":{"Escrito por":"Bruna Teodoro","Est. tempo de leitura":"3 minutos"},"schema":{"@context":"https:\/\/schema.org","@graph":[{"@type":"Article","@id":"https:\/\/homolog.harald.com.br\/site-2026\/blog\/harald-promove-programa-social-com-foco-empreendedorismo-feminino-e-pequenos-negocios\/#article","isPartOf":{"@id":"https:\/\/homolog.harald.com.br\/site-2026\/blog\/harald-promove-programa-social-com-foco-empreendedorismo-feminino-e-pequenos-negocios\/"},"author":{"name":"Bruna Teodoro","@id":"https:\/\/homolog.harald.com.br\/site-2026\/#\/schema\/person\/37dcc072f872b17c519dd3097a7925e5"},"headline":"Harald promove programa social com foco empreendedorismo feminino e pequenos neg\u00f3cios","datePublished":"2022-03-03T14:53:39+00:00","dateModified":"2023-01-04T14:53:57+00:00","mainEntityOfPage":{"@id":"https:\/\/homolog.harald.com.br\/site-2026\/blog\/harald-promove-programa-social-com-foco-empreendedorismo-feminino-e-pequenos-negocios\/"},"wordCount":433,"publisher":{"@id":"https:\/\/homolog.harald.com.br\/site-2026\/#organization"},"image":{"@id":"https:\/\/homolog.harald.com.br\/site-2026\/blog\/harald-promove-programa-social-com-foco-empreendedorismo-feminino-e-pequenos-negocios\/#primaryimage"},"thumbnailUrl":"https:\/\/homolog.harald.com.br\/site-2026\/wp-content\/uploads\/2023\/01\/haraldchocolatesmulheres-758x426-1.jpg","articleSection":["N\u00e3o categorizado"],"inLanguage":"pt-BR"},{"@type":"WebPage","@id":"https:\/\/homolog.harald.com.br\/site-2026\/blog\/harald-promove-programa-social-com-foco-empreendedorismo-feminino-e-pequenos-negocios\/","url":"https:\/\/homolog.harald.com.br\/site-2026\/blog\/harald-promove-programa-social-com-foco-empreendedorismo-feminino-e-pequenos-negocios\/","name":"Harald promove programa social com foco empreendedorismo feminino e pequenos neg\u00f3cios - Harald","isPartOf":{"@id":"https:\/\/homolog.harald.com.br\/site-2026\/#website"},"primaryImageOfPage":{"@id":"https:\/\/homolog.harald.com.br\/site-2026\/blog\/harald-promove-programa-social-com-foco-empreendedorismo-feminino-e-pequenos-negocios\/#primaryimage"},"image":{"@id":"https:\/\/homolog.harald.com.br\/site-2026\/blog\/harald-promove-programa-social-com-foco-empreendedorismo-feminino-e-pequenos-negocios\/#primaryimage"},"thumbnailUrl":"https:\/\/homolog.harald.com.br\/site-2026\/wp-content\/uploads\/2023\/01\/haraldchocolatesmulheres-758x426-1.jpg","datePublished":"2022-03-03T14:53:39+00:00","dateModified":"2023-01-04T14:53:57+00:00","breadcrumb":{"@id":"https:\/\/homolog.harald.com.br\/site-2026\/blog\/harald-promove-programa-social-com-foco-empreendedorismo-feminino-e-pequenos-negocios\/#breadcrumb"},"inLanguage":"pt-BR","potentialAction":[{"@type":"ReadAction","target":["https:\/\/homolog.harald.com.br\/site-2026\/blog\/harald-promove-programa-social-com-foco-empreendedorismo-feminino-e-pequenos-negocios\/"]}]},{"@type":"ImageObject","inLanguage":"pt-BR","@id":"https:\/\/homolog.harald.com.br\/site-2026\/blog\/harald-promove-programa-social-com-foco-empreendedorismo-feminino-e-pequenos-negocios\/#primaryimage","url":"https:\/\/homolog.harald.com.br\/site-2026\/wp-content\/uploads\/2023\/01\/haraldchocolatesmulheres-758x426-1.jpg","contentUrl":"https:\/\/homolog.harald.com.br\/site-2026\/wp-content\/uploads\/2023\/01\/haraldchocolatesmulheres-758x426-1.jpg","width":758,"height":426},{"@type":"BreadcrumbList","@id":"https:\/\/homolog.harald.com.br\/site-2026\/blog\/harald-promove-programa-social-com-foco-empreendedorismo-feminino-e-pequenos-negocios\/#breadcrumb","itemListElement":[{"@type":"ListItem","position":1,"name":"In\u00edcio","item":"https:\/\/homolog.harald.com.br\/site-2026\/"},{"@type":"ListItem","position":2,"name":"Harald promove programa social com foco empreendedorismo feminino e pequenos neg\u00f3cios"}]},{"@type":"WebSite","@id":"https:\/\/homolog.harald.com.br\/site-2026\/#website","url":"https:\/\/homolog.harald.com.br\/site-2026\/","name":"Harald","description":"Fazer melhor \u00e9 fazer com paix\u00e3o","publisher":{"@id":"https:\/\/homolog.harald.com.br\/site-2026\/#organization"},"potentialAction":[{"@type":"SearchAction","target":{"@type":"EntryPoint","urlTemplate":"https:\/\/homolog.harald.com.br\/site-2026\/?s={search_term_string}"},"query-input":{"@type":"PropertyValueSpecification","valueRequired":true,"valueName":"search_term_string"}}],"inLanguage":"pt-BR"},{"@type":"Organization","@id":"https:\/\/homolog.harald.com.br\/site-2026\/#organization","name":"Harald","url":"https:\/\/homolog.harald.com.br\/site-2026\/","logo":{"@type":"ImageObject","inLanguage":"pt-BR","@id":"https:\/\/homolog.harald.com.br\/site-2026\/#\/schema\/logo\/image\/","url":"https:\/\/homolog.harald.com.br\/site-2026\/wp-content\/uploads\/2022\/09\/logo-harald-cmyk-ss.png","contentUrl":"https:\/\/homolog.harald.com.br\/site-2026\/wp-content\/uploads\/2022\/09\/logo-harald-cmyk-ss.png","width":1948,"height":1051,"caption":"Harald"},"image":{"@id":"https:\/\/homolog.harald.com.br\/site-2026\/#\/schema\/logo\/image\/"},"sameAs":["https:\/\/www.facebook.com\/HaraldChocolates\/","https:\/\/www.youtube.com\/user\/HaraldChocolates"]},{"@type":"Person","@id":"https:\/\/homolog.harald.com.br\/site-2026\/#\/schema\/person\/37dcc072f872b17c519dd3097a7925e5","name":"Bruna Teodoro","image":{"@type":"ImageObject","inLanguage":"pt-BR","@id":"https:\/\/homolog.harald.com.br\/site-2026\/#\/schema\/person\/image\/","url":"https:\/\/secure.gravatar.com\/avatar\/7da0050c7a3bd4d6df113dcfae1a5b72c8690bc5d4bb4fabab7e4d34d582ceea?s=96&d=mm&r=g","contentUrl":"https:\/\/secure.gravatar.com\/avatar\/7da0050c7a3bd4d6df113dcfae1a5b72c8690bc5d4bb4fabab7e4d34d582ceea?s=96&d=mm&r=g","caption":"Bruna Teodoro"},"url":"https:\/\/homolog.harald.com.br\/site-2026\/blog\/author\/bruna-teodoro\/"}]}},"uagb_featured_image_src":{"full":["https:\/\/homolog.harald.com.br\/site-2026\/wp-content\/uploads\/2023\/01\/haraldchocolatesmulheres-758x426-1.jpg",758,426,false],"thumbnail":["https:\/\/homolog.harald.com.br\/site-2026\/wp-content\/uploads\/2023\/01\/haraldchocolatesmulheres-758x426-1-150x150.jpg",150,150,true],"medium":["https:\/\/homolog.harald.com.br\/site-2026\/wp-content\/uploads\/2023\/01\/haraldchocolatesmulheres-758x426-1-300x169.jpg",300,169,true],"medium_large":["https:\/\/homolog.harald.com.br\/site-2026\/wp-content\/uploads\/2023\/01\/haraldchocolatesmulheres-758x426-1.jpg",758,426,false],"large":["https:\/\/homolog.harald.com.br\/site-2026\/wp-content\/uploads\/2023\/01\/haraldchocolatesmulheres-758x426-1.jpg",758,426,false],"1536x1536":["https:\/\/homolog.harald.com.br\/site-2026\/wp-content\/uploads\/2023\/01\/haraldchocolatesmulheres-758x426-1.jpg",758,426,false],"2048x2048":["https:\/\/homolog.harald.com.br\/site-2026\/wp-content\/uploads\/2023\/01\/haraldchocolatesmulheres-758x426-1.jpg",758,426,false],"full-width":["https:\/\/homolog.harald.com.br\/site-2026\/wp-content\/uploads\/2023\/01\/haraldchocolatesmulheres-758x426-1.jpg",758,426,false],"gform-image-choice-sm":["https:\/\/homolog.harald.com.br\/site-2026\/wp-content\/uploads\/2023\/01\/haraldchocolatesmulheres-758x426-1.jpg",300,169,false],"gform-image-choice-md":["https:\/\/homolog.harald.com.br\/site-2026\/wp-content\/uploads\/2023\/01\/haraldchocolatesmulheres-758x426-1.jpg",400,225,false],"gform-image-choice-lg":["https:\/\/homolog.harald.com.br\/site-2026\/wp-content\/uploads\/2023\/01\/haraldchocolatesmulheres-758x426-1.jpg",600,337,false]},"uagb_author_info":{"display_name":"Bruna Teodoro","author_link":"https:\/\/homolog.harald.com.br\/site-2026\/blog\/author\/bruna-teodoro\/"},"uagb_comment_info":0,"uagb_excerpt":"Harald promove programa social com foco empreendedorismo feminino e pequenos neg\u00f3cios Em parceria com ONGs de diversas comunidades, a iniciativa j\u00e1 formou mais de 750 alunas e empreendedoras desde 2019\u00a0 &nbsp; S\u00e3o Paulo, mar\u00e7o de 2022 &#8211; Com o objetivo de promover a capacita\u00e7\u00e3o de pessoas em situa\u00e7\u00e3o de vulnerabilidade social e apoiar projetos que&hellip;","_links":{"self":[{"href":"https:\/\/homolog.harald.com.br\/site-2026\/wp-json\/wp\/v2\/posts\/56808","targetHints":{"allow":["GET"]}}],"collection":[{"href":"https:\/\/homolog.harald.com.br\/site-2026\/wp-json\/wp\/v2\/posts"}],"about":[{"href":"https:\/\/homolog.harald.com.br\/site-2026\/wp-json\/wp\/v2\/types\/post"}],"author":[{"embeddable":true,"href":"https:\/\/homolog.harald.com.br\/site-2026\/wp-json\/wp\/v2\/users\/11"}],"replies":[{"embeddable":true,"href":"https:\/\/homolog.harald.com.br\/site-2026\/wp-json\/wp\/v2\/comments?post=56808"}],"version-history":[{"count":1,"href":"https:\/\/homolog.harald.com.br\/site-2026\/wp-json\/wp\/v2\/posts\/56808\/revisions"}],"predecessor-version":[{"id":56816,"href":"https:\/\/homolog.harald.com.br\/site-2026\/wp-json\/wp\/v2\/posts\/56808\/revisions\/56816"}],"wp:featuredmedia":[{"embeddable":true,"href":"https:\/\/homolog.harald.com.br\/site-2026\/wp-json\/wp\/v2\/media\/56813"}],"wp:attachment":[{"href":"https:\/\/homolog.harald.com.br\/site-2026\/wp-json\/wp\/v2\/media?parent=56808"}],"wp:term":[{"taxonomy":"category","embeddable":true,"href":"https:\/\/homolog.harald.com.br\/site-2026\/wp-json\/wp\/v2\/categories?post=56808"},{"taxonomy":"post_tag","embeddable":true,"href":"https:\/\/homolog.harald.com.br\/site-2026\/wp-json\/wp\/v2\/tags?post=56808"},{"taxonomy":"para-seu-negocio","embeddable":true,"href":"https:\/\/homolog.harald.com.br\/site-2026\/wp-json\/wp\/v2\/para-seu-negocio?post=56808"}],"curies":[{"name":"wp","href":"https:\/\/api.w.org\/{rel}","templated":true}]}}