{"id":56778,"date":"2022-05-04T11:37:50","date_gmt":"2022-05-04T14:37:50","guid":{"rendered":"https:\/\/homolog.harald.com.br\/site-2026\/?p=56778"},"modified":"2023-01-04T11:39:21","modified_gmt":"2023-01-04T14:39:21","slug":"harald-apoia-maes-empreendedoras-com-acoes-sociais-nas-periferias-de-sao-paulo","status":"publish","type":"post","link":"https:\/\/homolog.harald.com.br\/site-2026\/blog\/harald-apoia-maes-empreendedoras-com-acoes-sociais-nas-periferias-de-sao-paulo\/","title":{"rendered":"Harald apoia m\u00e3es empreendedoras com a\u00e7\u00f5es sociais nas periferias de S\u00e3o Paulo"},"content":{"rendered":"<h1 style=\"text-align: center;\"><b>Harald apoia m\u00e3es empreendedoras com a\u00e7\u00f5es sociais nas periferias de S\u00e3o Paulo<\/b><\/h1>\n<p style=\"text-align: center;\"><i><span style=\"font-weight: 400;\">A iniciativa da marca oferece novas oportunidades e contribui com a gera\u00e7\u00e3o de renda para mulheres em situa\u00e7\u00e3o de vulnerabilidade social\u00a0<\/span><\/i><\/p>\n<p>&nbsp;<\/p>\n<p><b>S\u00e3o Paulo, maio de 2022 <\/b><span style=\"font-weight: 400;\">&#8211; Pr\u00f3ximos de celebrar o Dia das M\u00e3es, em 08 de maio, as brasileiras seguem enfrentando desafios para continuar suas carreiras ap\u00f3s a maternidade. Com o objetivo de contribuir com essa mudan\u00e7a de cen\u00e1rio, promover a capacita\u00e7\u00e3o e ampliar oportunidades de renda para mulheres, a <\/span><b>Harald<\/b><span style=\"font-weight: 400;\">, empresa l\u00edder em coberturas e refer\u00eancia em chocolates para o mercado especializado, realiza a\u00e7\u00f5es sociais com cursos e oficinas de chocolataria focados no empreendedorismo.\u00a0<\/span><\/p>\n<p>&nbsp;<\/p>\n<p><span style=\"font-weight: 400;\">Segundo dados da Pesquisa Nacional por Amostra de Domic\u00edlios (Pnad) e do IBGE, o desemprego entre as mulheres \u00e9 maior do que entre os homens, ficando em 17% e 12%, respectivamente, sendo o empreendedorismo uma das poucas alternativas para que elas tenham uma renda ap\u00f3s a maternidade. Por isso, o Programa Social da Harald atende um p\u00fablico predominantemente feminino, que busca maneiras de contribuir com o or\u00e7amento dom\u00e9stico ou por assumir integralmente essa responsabilidade, j\u00e1 que muitas mulheres s\u00e3o chefes de fam\u00edlia.\u00a0<\/span><\/p>\n<p>&nbsp;<\/p>\n<p><span style=\"font-weight: 400;\">\u201cQueremos que a partir da cozinha, essas m\u00e3es desenvolvam seus neg\u00f3cios para proporcionar melhores condi\u00e7\u00f5es de vida para suas fam\u00edlias \u00e0 medida que conquistam o crescimento do seu neg\u00f3cio e a sua autonomia financeira. Isso refor\u00e7a o compromisso com a sustentabilidade, a responsabilidade social e o nosso prop\u00f3sito, que \u00e9 o trabalho dedicado \u00e0s pessoas&#8221;, declara Fernanda Sequetto, gerente de marketing da <\/span><b>Harald<\/b><span style=\"font-weight: 400;\">.<\/span><\/p>\n<p>&nbsp;<\/p>\n<p><span style=\"font-weight: 400;\">Desde 2019 a <\/span><b>Harald <\/b><span style=\"font-weight: 400;\">formou, aproximadamente, 1.000 alunas em 10 Institui\u00e7\u00f5es parceiras localizadas nas periferias de S\u00e3o Paulo. Nesse processo a marca capacita professores das Organiza\u00e7\u00f5es e oferece todo o suporte necess\u00e1rio \u00e0 realiza\u00e7\u00e3o dos cursos e oficinas com produtos e utens\u00edlios para realiza\u00e7\u00e3o das atividades. Esses parceiros disponibilizam a infraestrutura e oferecem os cursos gratuitamente para os alunos, que ao final do curso recebem o \u201ckit iniciante\u201d com produtos da Harald e materiais para fazerem as primeiras vendas.\u00a0<\/span><\/p>\n<p>&nbsp;<\/p>\n<p><span style=\"font-weight: 400;\">Com isso, a marca amplia o conhecimento empreendedor das alunas, principalmente, as que n\u00e3o possuem condi\u00e7\u00f5es de cursar uma especializa\u00e7\u00e3o adequada para tocar o seu pr\u00f3prio neg\u00f3cio. \u201cCom o curso, tenho mais chances de alcan\u00e7ar uma melhora financeira, com uma melhor educa\u00e7\u00e3o para poder dar o melhor para minhas filhas\u201d, diz Luanda Aparecida, aluna do curso.\u00a0<\/span><\/p>\n","protected":false},"excerpt":{"rendered":"<p>Harald apoia m\u00e3es empreendedoras com a\u00e7\u00f5es sociais nas periferias de S\u00e3o Paulo A iniciativa da marca oferece novas oportunidades e contribui com a gera\u00e7\u00e3o de renda para mulheres em situa\u00e7\u00e3o de vulnerabilidade social\u00a0 &nbsp; S\u00e3o Paulo, maio de 2022 &#8211; Pr\u00f3ximos de celebrar o Dia das M\u00e3es, em 08 de maio, as brasileiras seguem enfrentando <a class=\"more-link\" href=\"https:\/\/homolog.harald.com.br\/site-2026\/blog\/harald-apoia-maes-empreendedoras-com-acoes-sociais-nas-periferias-de-sao-paulo\/\">Read more&#8230;<\/a><\/p>\n","protected":false},"author":11,"featured_media":56780,"comment_status":"closed","ping_status":"closed","sticky":false,"template":"","format":"standard","meta":{"_acf_changed":false,"_uag_custom_page_level_css":"","footnotes":""},"categories":[158],"tags":[],"para-seu-negocio":[],"class_list":["post-56778","post","type-post","status-publish","format-standard","has-post-thumbnail","hentry","category-noticias"],"acf":[],"yoast_head":"<!-- This site is optimized with the Yoast SEO plugin v26.3 - https:\/\/yoast.com\/wordpress\/plugins\/seo\/ -->\n<title>Harald apoia m\u00e3es empreendedoras com a\u00e7\u00f5es sociais nas periferias de S\u00e3o Paulo - Harald<\/title>\n<meta name=\"robots\" content=\"noindex, follow, max-snippet:-1, max-image-preview:large, max-video-preview:-1\" \/>\n<meta property=\"og:locale\" content=\"pt_BR\" \/>\n<meta property=\"og:type\" content=\"article\" \/>\n<meta property=\"og:title\" content=\"Harald apoia m\u00e3es empreendedoras com a\u00e7\u00f5es sociais nas periferias de S\u00e3o Paulo - Harald\" \/>\n<meta property=\"og:description\" content=\"Harald apoia m\u00e3es empreendedoras com a\u00e7\u00f5es sociais nas periferias de S\u00e3o Paulo A iniciativa da marca oferece novas oportunidades e contribui com a gera\u00e7\u00e3o de renda para mulheres em situa\u00e7\u00e3o de vulnerabilidade social\u00a0 &nbsp; S\u00e3o Paulo, maio de 2022 &#8211; Pr\u00f3ximos de celebrar o Dia das M\u00e3es, em 08 de maio, as brasileiras seguem enfrentando Read more...\" \/>\n<meta property=\"og:url\" content=\"https:\/\/homolog.harald.com.br\/site-2026\/blog\/harald-apoia-maes-empreendedoras-com-acoes-sociais-nas-periferias-de-sao-paulo\/\" \/>\n<meta property=\"og:site_name\" content=\"Harald\" \/>\n<meta property=\"article:publisher\" content=\"https:\/\/www.facebook.com\/HaraldChocolates\/\" \/>\n<meta property=\"article:published_time\" content=\"2022-05-04T14:37:50+00:00\" \/>\n<meta property=\"article:modified_time\" content=\"2023-01-04T14:39:21+00:00\" \/>\n<meta property=\"og:image\" content=\"https:\/\/homolog.harald.com.br\/site-2026\/wp-content\/uploads\/2023\/01\/tim-1.png\" \/>\n\t<meta property=\"og:image:width\" content=\"700\" \/>\n\t<meta property=\"og:image:height\" content=\"466\" \/>\n\t<meta property=\"og:image:type\" content=\"image\/png\" \/>\n<meta name=\"author\" content=\"Bruna Teodoro\" \/>\n<meta name=\"twitter:card\" content=\"summary_large_image\" \/>\n<meta name=\"twitter:label1\" content=\"Escrito por\" \/>\n\t<meta name=\"twitter:data1\" content=\"Bruna Teodoro\" \/>\n\t<meta name=\"twitter:label2\" content=\"Est. tempo de leitura\" \/>\n\t<meta name=\"twitter:data2\" content=\"3 minutos\" \/>\n<script type=\"application\/ld+json\" class=\"yoast-schema-graph\">{\"@context\":\"https:\/\/schema.org\",\"@graph\":[{\"@type\":\"Article\",\"@id\":\"https:\/\/homolog.harald.com.br\/site-2026\/blog\/harald-apoia-maes-empreendedoras-com-acoes-sociais-nas-periferias-de-sao-paulo\/#article\",\"isPartOf\":{\"@id\":\"https:\/\/homolog.harald.com.br\/site-2026\/blog\/harald-apoia-maes-empreendedoras-com-acoes-sociais-nas-periferias-de-sao-paulo\/\"},\"author\":{\"name\":\"Bruna Teodoro\",\"@id\":\"https:\/\/homolog.harald.com.br\/site-2026\/#\/schema\/person\/37dcc072f872b17c519dd3097a7925e5\"},\"headline\":\"Harald apoia m\u00e3es empreendedoras com a\u00e7\u00f5es sociais nas periferias de S\u00e3o Paulo\",\"datePublished\":\"2022-05-04T14:37:50+00:00\",\"dateModified\":\"2023-01-04T14:39:21+00:00\",\"mainEntityOfPage\":{\"@id\":\"https:\/\/homolog.harald.com.br\/site-2026\/blog\/harald-apoia-maes-empreendedoras-com-acoes-sociais-nas-periferias-de-sao-paulo\/\"},\"wordCount\":440,\"publisher\":{\"@id\":\"https:\/\/homolog.harald.com.br\/site-2026\/#organization\"},\"image\":{\"@id\":\"https:\/\/homolog.harald.com.br\/site-2026\/blog\/harald-apoia-maes-empreendedoras-com-acoes-sociais-nas-periferias-de-sao-paulo\/#primaryimage\"},\"thumbnailUrl\":\"https:\/\/homolog.harald.com.br\/site-2026\/wp-content\/uploads\/2023\/01\/tim-1.png\",\"articleSection\":[\"Not\u00edcias\"],\"inLanguage\":\"pt-BR\"},{\"@type\":\"WebPage\",\"@id\":\"https:\/\/homolog.harald.com.br\/site-2026\/blog\/harald-apoia-maes-empreendedoras-com-acoes-sociais-nas-periferias-de-sao-paulo\/\",\"url\":\"https:\/\/homolog.harald.com.br\/site-2026\/blog\/harald-apoia-maes-empreendedoras-com-acoes-sociais-nas-periferias-de-sao-paulo\/\",\"name\":\"Harald apoia m\u00e3es empreendedoras com a\u00e7\u00f5es sociais nas periferias de S\u00e3o Paulo - Harald\",\"isPartOf\":{\"@id\":\"https:\/\/homolog.harald.com.br\/site-2026\/#website\"},\"primaryImageOfPage\":{\"@id\":\"https:\/\/homolog.harald.com.br\/site-2026\/blog\/harald-apoia-maes-empreendedoras-com-acoes-sociais-nas-periferias-de-sao-paulo\/#primaryimage\"},\"image\":{\"@id\":\"https:\/\/homolog.harald.com.br\/site-2026\/blog\/harald-apoia-maes-empreendedoras-com-acoes-sociais-nas-periferias-de-sao-paulo\/#primaryimage\"},\"thumbnailUrl\":\"https:\/\/homolog.harald.com.br\/site-2026\/wp-content\/uploads\/2023\/01\/tim-1.png\",\"datePublished\":\"2022-05-04T14:37:50+00:00\",\"dateModified\":\"2023-01-04T14:39:21+00:00\",\"breadcrumb\":{\"@id\":\"https:\/\/homolog.harald.com.br\/site-2026\/blog\/harald-apoia-maes-empreendedoras-com-acoes-sociais-nas-periferias-de-sao-paulo\/#breadcrumb\"},\"inLanguage\":\"pt-BR\",\"potentialAction\":[{\"@type\":\"ReadAction\",\"target\":[\"https:\/\/homolog.harald.com.br\/site-2026\/blog\/harald-apoia-maes-empreendedoras-com-acoes-sociais-nas-periferias-de-sao-paulo\/\"]}]},{\"@type\":\"ImageObject\",\"inLanguage\":\"pt-BR\",\"@id\":\"https:\/\/homolog.harald.com.br\/site-2026\/blog\/harald-apoia-maes-empreendedoras-com-acoes-sociais-nas-periferias-de-sao-paulo\/#primaryimage\",\"url\":\"https:\/\/homolog.harald.com.br\/site-2026\/wp-content\/uploads\/2023\/01\/tim-1.png\",\"contentUrl\":\"https:\/\/homolog.harald.com.br\/site-2026\/wp-content\/uploads\/2023\/01\/tim-1.png\",\"width\":700,\"height\":466},{\"@type\":\"BreadcrumbList\",\"@id\":\"https:\/\/homolog.harald.com.br\/site-2026\/blog\/harald-apoia-maes-empreendedoras-com-acoes-sociais-nas-periferias-de-sao-paulo\/#breadcrumb\",\"itemListElement\":[{\"@type\":\"ListItem\",\"position\":1,\"name\":\"In\u00edcio\",\"item\":\"https:\/\/homolog.harald.com.br\/site-2026\/\"},{\"@type\":\"ListItem\",\"position\":2,\"name\":\"Harald apoia m\u00e3es empreendedoras com a\u00e7\u00f5es sociais nas periferias de S\u00e3o Paulo\"}]},{\"@type\":\"WebSite\",\"@id\":\"https:\/\/homolog.harald.com.br\/site-2026\/#website\",\"url\":\"https:\/\/homolog.harald.com.br\/site-2026\/\",\"name\":\"Harald\",\"description\":\"Fazer melhor \u00e9 fazer com paix\u00e3o\",\"publisher\":{\"@id\":\"https:\/\/homolog.harald.com.br\/site-2026\/#organization\"},\"potentialAction\":[{\"@type\":\"SearchAction\",\"target\":{\"@type\":\"EntryPoint\",\"urlTemplate\":\"https:\/\/homolog.harald.com.br\/site-2026\/?s={search_term_string}\"},\"query-input\":{\"@type\":\"PropertyValueSpecification\",\"valueRequired\":true,\"valueName\":\"search_term_string\"}}],\"inLanguage\":\"pt-BR\"},{\"@type\":\"Organization\",\"@id\":\"https:\/\/homolog.harald.com.br\/site-2026\/#organization\",\"name\":\"Harald\",\"url\":\"https:\/\/homolog.harald.com.br\/site-2026\/\",\"logo\":{\"@type\":\"ImageObject\",\"inLanguage\":\"pt-BR\",\"@id\":\"https:\/\/homolog.harald.com.br\/site-2026\/#\/schema\/logo\/image\/\",\"url\":\"https:\/\/homolog.harald.com.br\/site-2026\/wp-content\/uploads\/2022\/09\/logo-harald-cmyk-ss.png\",\"contentUrl\":\"https:\/\/homolog.harald.com.br\/site-2026\/wp-content\/uploads\/2022\/09\/logo-harald-cmyk-ss.png\",\"width\":1948,\"height\":1051,\"caption\":\"Harald\"},\"image\":{\"@id\":\"https:\/\/homolog.harald.com.br\/site-2026\/#\/schema\/logo\/image\/\"},\"sameAs\":[\"https:\/\/www.facebook.com\/HaraldChocolates\/\",\"https:\/\/www.youtube.com\/user\/HaraldChocolates\"]},{\"@type\":\"Person\",\"@id\":\"https:\/\/homolog.harald.com.br\/site-2026\/#\/schema\/person\/37dcc072f872b17c519dd3097a7925e5\",\"name\":\"Bruna Teodoro\",\"image\":{\"@type\":\"ImageObject\",\"inLanguage\":\"pt-BR\",\"@id\":\"https:\/\/homolog.harald.com.br\/site-2026\/#\/schema\/person\/image\/\",\"url\":\"https:\/\/secure.gravatar.com\/avatar\/7da0050c7a3bd4d6df113dcfae1a5b72c8690bc5d4bb4fabab7e4d34d582ceea?s=96&d=mm&r=g\",\"contentUrl\":\"https:\/\/secure.gravatar.com\/avatar\/7da0050c7a3bd4d6df113dcfae1a5b72c8690bc5d4bb4fabab7e4d34d582ceea?s=96&d=mm&r=g\",\"caption\":\"Bruna Teodoro\"},\"url\":\"https:\/\/homolog.harald.com.br\/site-2026\/blog\/author\/bruna-teodoro\/\"}]}<\/script>\n<!-- \/ Yoast SEO plugin. -->","yoast_head_json":{"title":"Harald apoia m\u00e3es empreendedoras com a\u00e7\u00f5es sociais nas periferias de S\u00e3o Paulo - Harald","robots":{"index":"noindex","follow":"follow","max-snippet":"max-snippet:-1","max-image-preview":"max-image-preview:large","max-video-preview":"max-video-preview:-1"},"og_locale":"pt_BR","og_type":"article","og_title":"Harald apoia m\u00e3es empreendedoras com a\u00e7\u00f5es sociais nas periferias de S\u00e3o Paulo - Harald","og_description":"Harald apoia m\u00e3es empreendedoras com a\u00e7\u00f5es sociais nas periferias de S\u00e3o Paulo A iniciativa da marca oferece novas oportunidades e contribui com a gera\u00e7\u00e3o de renda para mulheres em situa\u00e7\u00e3o de vulnerabilidade social\u00a0 &nbsp; S\u00e3o Paulo, maio de 2022 &#8211; Pr\u00f3ximos de celebrar o Dia das M\u00e3es, em 08 de maio, as brasileiras seguem enfrentando Read more...","og_url":"https:\/\/homolog.harald.com.br\/site-2026\/blog\/harald-apoia-maes-empreendedoras-com-acoes-sociais-nas-periferias-de-sao-paulo\/","og_site_name":"Harald","article_publisher":"https:\/\/www.facebook.com\/HaraldChocolates\/","article_published_time":"2022-05-04T14:37:50+00:00","article_modified_time":"2023-01-04T14:39:21+00:00","og_image":[{"width":700,"height":466,"url":"https:\/\/homolog.harald.com.br\/site-2026\/wp-content\/uploads\/2023\/01\/tim-1.png","type":"image\/png"}],"author":"Bruna Teodoro","twitter_card":"summary_large_image","twitter_misc":{"Escrito por":"Bruna Teodoro","Est. tempo de leitura":"3 minutos"},"schema":{"@context":"https:\/\/schema.org","@graph":[{"@type":"Article","@id":"https:\/\/homolog.harald.com.br\/site-2026\/blog\/harald-apoia-maes-empreendedoras-com-acoes-sociais-nas-periferias-de-sao-paulo\/#article","isPartOf":{"@id":"https:\/\/homolog.harald.com.br\/site-2026\/blog\/harald-apoia-maes-empreendedoras-com-acoes-sociais-nas-periferias-de-sao-paulo\/"},"author":{"name":"Bruna Teodoro","@id":"https:\/\/homolog.harald.com.br\/site-2026\/#\/schema\/person\/37dcc072f872b17c519dd3097a7925e5"},"headline":"Harald apoia m\u00e3es empreendedoras com a\u00e7\u00f5es sociais nas periferias de S\u00e3o Paulo","datePublished":"2022-05-04T14:37:50+00:00","dateModified":"2023-01-04T14:39:21+00:00","mainEntityOfPage":{"@id":"https:\/\/homolog.harald.com.br\/site-2026\/blog\/harald-apoia-maes-empreendedoras-com-acoes-sociais-nas-periferias-de-sao-paulo\/"},"wordCount":440,"publisher":{"@id":"https:\/\/homolog.harald.com.br\/site-2026\/#organization"},"image":{"@id":"https:\/\/homolog.harald.com.br\/site-2026\/blog\/harald-apoia-maes-empreendedoras-com-acoes-sociais-nas-periferias-de-sao-paulo\/#primaryimage"},"thumbnailUrl":"https:\/\/homolog.harald.com.br\/site-2026\/wp-content\/uploads\/2023\/01\/tim-1.png","articleSection":["Not\u00edcias"],"inLanguage":"pt-BR"},{"@type":"WebPage","@id":"https:\/\/homolog.harald.com.br\/site-2026\/blog\/harald-apoia-maes-empreendedoras-com-acoes-sociais-nas-periferias-de-sao-paulo\/","url":"https:\/\/homolog.harald.com.br\/site-2026\/blog\/harald-apoia-maes-empreendedoras-com-acoes-sociais-nas-periferias-de-sao-paulo\/","name":"Harald apoia m\u00e3es empreendedoras com a\u00e7\u00f5es sociais nas periferias de S\u00e3o Paulo - Harald","isPartOf":{"@id":"https:\/\/homolog.harald.com.br\/site-2026\/#website"},"primaryImageOfPage":{"@id":"https:\/\/homolog.harald.com.br\/site-2026\/blog\/harald-apoia-maes-empreendedoras-com-acoes-sociais-nas-periferias-de-sao-paulo\/#primaryimage"},"image":{"@id":"https:\/\/homolog.harald.com.br\/site-2026\/blog\/harald-apoia-maes-empreendedoras-com-acoes-sociais-nas-periferias-de-sao-paulo\/#primaryimage"},"thumbnailUrl":"https:\/\/homolog.harald.com.br\/site-2026\/wp-content\/uploads\/2023\/01\/tim-1.png","datePublished":"2022-05-04T14:37:50+00:00","dateModified":"2023-01-04T14:39:21+00:00","breadcrumb":{"@id":"https:\/\/homolog.harald.com.br\/site-2026\/blog\/harald-apoia-maes-empreendedoras-com-acoes-sociais-nas-periferias-de-sao-paulo\/#breadcrumb"},"inLanguage":"pt-BR","potentialAction":[{"@type":"ReadAction","target":["https:\/\/homolog.harald.com.br\/site-2026\/blog\/harald-apoia-maes-empreendedoras-com-acoes-sociais-nas-periferias-de-sao-paulo\/"]}]},{"@type":"ImageObject","inLanguage":"pt-BR","@id":"https:\/\/homolog.harald.com.br\/site-2026\/blog\/harald-apoia-maes-empreendedoras-com-acoes-sociais-nas-periferias-de-sao-paulo\/#primaryimage","url":"https:\/\/homolog.harald.com.br\/site-2026\/wp-content\/uploads\/2023\/01\/tim-1.png","contentUrl":"https:\/\/homolog.harald.com.br\/site-2026\/wp-content\/uploads\/2023\/01\/tim-1.png","width":700,"height":466},{"@type":"BreadcrumbList","@id":"https:\/\/homolog.harald.com.br\/site-2026\/blog\/harald-apoia-maes-empreendedoras-com-acoes-sociais-nas-periferias-de-sao-paulo\/#breadcrumb","itemListElement":[{"@type":"ListItem","position":1,"name":"In\u00edcio","item":"https:\/\/homolog.harald.com.br\/site-2026\/"},{"@type":"ListItem","position":2,"name":"Harald apoia m\u00e3es empreendedoras com a\u00e7\u00f5es sociais nas periferias de S\u00e3o Paulo"}]},{"@type":"WebSite","@id":"https:\/\/homolog.harald.com.br\/site-2026\/#website","url":"https:\/\/homolog.harald.com.br\/site-2026\/","name":"Harald","description":"Fazer melhor \u00e9 fazer com paix\u00e3o","publisher":{"@id":"https:\/\/homolog.harald.com.br\/site-2026\/#organization"},"potentialAction":[{"@type":"SearchAction","target":{"@type":"EntryPoint","urlTemplate":"https:\/\/homolog.harald.com.br\/site-2026\/?s={search_term_string}"},"query-input":{"@type":"PropertyValueSpecification","valueRequired":true,"valueName":"search_term_string"}}],"inLanguage":"pt-BR"},{"@type":"Organization","@id":"https:\/\/homolog.harald.com.br\/site-2026\/#organization","name":"Harald","url":"https:\/\/homolog.harald.com.br\/site-2026\/","logo":{"@type":"ImageObject","inLanguage":"pt-BR","@id":"https:\/\/homolog.harald.com.br\/site-2026\/#\/schema\/logo\/image\/","url":"https:\/\/homolog.harald.com.br\/site-2026\/wp-content\/uploads\/2022\/09\/logo-harald-cmyk-ss.png","contentUrl":"https:\/\/homolog.harald.com.br\/site-2026\/wp-content\/uploads\/2022\/09\/logo-harald-cmyk-ss.png","width":1948,"height":1051,"caption":"Harald"},"image":{"@id":"https:\/\/homolog.harald.com.br\/site-2026\/#\/schema\/logo\/image\/"},"sameAs":["https:\/\/www.facebook.com\/HaraldChocolates\/","https:\/\/www.youtube.com\/user\/HaraldChocolates"]},{"@type":"Person","@id":"https:\/\/homolog.harald.com.br\/site-2026\/#\/schema\/person\/37dcc072f872b17c519dd3097a7925e5","name":"Bruna Teodoro","image":{"@type":"ImageObject","inLanguage":"pt-BR","@id":"https:\/\/homolog.harald.com.br\/site-2026\/#\/schema\/person\/image\/","url":"https:\/\/secure.gravatar.com\/avatar\/7da0050c7a3bd4d6df113dcfae1a5b72c8690bc5d4bb4fabab7e4d34d582ceea?s=96&d=mm&r=g","contentUrl":"https:\/\/secure.gravatar.com\/avatar\/7da0050c7a3bd4d6df113dcfae1a5b72c8690bc5d4bb4fabab7e4d34d582ceea?s=96&d=mm&r=g","caption":"Bruna Teodoro"},"url":"https:\/\/homolog.harald.com.br\/site-2026\/blog\/author\/bruna-teodoro\/"}]}},"uagb_featured_image_src":{"full":["https:\/\/homolog.harald.com.br\/site-2026\/wp-content\/uploads\/2023\/01\/tim-1.png",700,466,false],"thumbnail":["https:\/\/homolog.harald.com.br\/site-2026\/wp-content\/uploads\/2023\/01\/tim-1-150x150.png",150,150,true],"medium":["https:\/\/homolog.harald.com.br\/site-2026\/wp-content\/uploads\/2023\/01\/tim-1-300x200.png",300,200,true],"medium_large":["https:\/\/homolog.harald.com.br\/site-2026\/wp-content\/uploads\/2023\/01\/tim-1.png",700,466,false],"large":["https:\/\/homolog.harald.com.br\/site-2026\/wp-content\/uploads\/2023\/01\/tim-1.png",700,466,false],"1536x1536":["https:\/\/homolog.harald.com.br\/site-2026\/wp-content\/uploads\/2023\/01\/tim-1.png",700,466,false],"2048x2048":["https:\/\/homolog.harald.com.br\/site-2026\/wp-content\/uploads\/2023\/01\/tim-1.png",700,466,false],"full-width":["https:\/\/homolog.harald.com.br\/site-2026\/wp-content\/uploads\/2023\/01\/tim-1.png",700,466,false],"gform-image-choice-sm":["https:\/\/homolog.harald.com.br\/site-2026\/wp-content\/uploads\/2023\/01\/tim-1.png",300,200,false],"gform-image-choice-md":["https:\/\/homolog.harald.com.br\/site-2026\/wp-content\/uploads\/2023\/01\/tim-1.png",400,266,false],"gform-image-choice-lg":["https:\/\/homolog.harald.com.br\/site-2026\/wp-content\/uploads\/2023\/01\/tim-1.png",600,399,false]},"uagb_author_info":{"display_name":"Bruna Teodoro","author_link":"https:\/\/homolog.harald.com.br\/site-2026\/blog\/author\/bruna-teodoro\/"},"uagb_comment_info":0,"uagb_excerpt":"Harald apoia m\u00e3es empreendedoras com a\u00e7\u00f5es sociais nas periferias de S\u00e3o Paulo A iniciativa da marca oferece novas oportunidades e contribui com a gera\u00e7\u00e3o de renda para mulheres em situa\u00e7\u00e3o de vulnerabilidade social\u00a0 &nbsp; S\u00e3o Paulo, maio de 2022 &#8211; Pr\u00f3ximos de celebrar o Dia das M\u00e3es, em 08 de maio, as brasileiras seguem enfrentando&hellip;","_links":{"self":[{"href":"https:\/\/homolog.harald.com.br\/site-2026\/wp-json\/wp\/v2\/posts\/56778","targetHints":{"allow":["GET"]}}],"collection":[{"href":"https:\/\/homolog.harald.com.br\/site-2026\/wp-json\/wp\/v2\/posts"}],"about":[{"href":"https:\/\/homolog.harald.com.br\/site-2026\/wp-json\/wp\/v2\/types\/post"}],"author":[{"embeddable":true,"href":"https:\/\/homolog.harald.com.br\/site-2026\/wp-json\/wp\/v2\/users\/11"}],"replies":[{"embeddable":true,"href":"https:\/\/homolog.harald.com.br\/site-2026\/wp-json\/wp\/v2\/comments?post=56778"}],"version-history":[{"count":1,"href":"https:\/\/homolog.harald.com.br\/site-2026\/wp-json\/wp\/v2\/posts\/56778\/revisions"}],"predecessor-version":[{"id":56783,"href":"https:\/\/homolog.harald.com.br\/site-2026\/wp-json\/wp\/v2\/posts\/56778\/revisions\/56783"}],"wp:featuredmedia":[{"embeddable":true,"href":"https:\/\/homolog.harald.com.br\/site-2026\/wp-json\/wp\/v2\/media\/56780"}],"wp:attachment":[{"href":"https:\/\/homolog.harald.com.br\/site-2026\/wp-json\/wp\/v2\/media?parent=56778"}],"wp:term":[{"taxonomy":"category","embeddable":true,"href":"https:\/\/homolog.harald.com.br\/site-2026\/wp-json\/wp\/v2\/categories?post=56778"},{"taxonomy":"post_tag","embeddable":true,"href":"https:\/\/homolog.harald.com.br\/site-2026\/wp-json\/wp\/v2\/tags?post=56778"},{"taxonomy":"para-seu-negocio","embeddable":true,"href":"https:\/\/homolog.harald.com.br\/site-2026\/wp-json\/wp\/v2\/para-seu-negocio?post=56778"}],"curies":[{"name":"wp","href":"https:\/\/api.w.org\/{rel}","templated":true}]}}