{"id":56771,"date":"2022-05-18T11:32:52","date_gmt":"2022-05-18T14:32:52","guid":{"rendered":"https:\/\/homolog.harald.com.br\/site-2026\/?p=56771"},"modified":"2023-01-04T11:33:31","modified_gmt":"2023-01-04T14:33:31","slug":"harald-traz-receitas-que-harmonizam-chocolate-e-cafe-para-celebrar-o-dia-nacional-do-cafe-com-muito-sabor","status":"publish","type":"post","link":"https:\/\/homolog.harald.com.br\/site-2026\/blog\/harald-traz-receitas-que-harmonizam-chocolate-e-cafe-para-celebrar-o-dia-nacional-do-cafe-com-muito-sabor\/","title":{"rendered":"Harald traz receitas que harmonizam chocolate e caf\u00e9 para celebrar o Dia Nacional do Caf\u00e9 com muito sabor!"},"content":{"rendered":"<h1 style=\"text-align: center;\"><b>Harald traz receitas que harmonizam chocolate e caf\u00e9 para celebrar o Dia Nacional do Caf\u00e9 com muito sabor!<\/b><\/h1>\n<p>&nbsp;<\/p>\n<p><b>S\u00e3o Paulo, maio de 2022 <\/b><span style=\"font-weight: 400;\">&#8211; Apreciados por quase todos os paladares, o chocolate e o caf\u00e9 s\u00e3o dois famosos ingredientes em diversas receitas ao redor do mundo. E para celebrar o Dia Nacional do Caf\u00e9, em 24 de maio, a <\/span><b>Harald<\/b><span style=\"font-weight: 400;\">, empresa l\u00edder em coberturas e refer\u00eancia em chocolates para o mercado especializado, ensina receitas especiais que harmonizam perfeitamente esses dois sabores.<\/span><\/p>\n<p>&nbsp;<\/p>\n<p><span style=\"font-weight: 400;\">O caf\u00e9 combina com diversos alimentos e bebidas. Assim, in\u00fameras receitas podem ser criadas com ele. J\u00e1 o chocolate n\u00e3o fica de fora e tamb\u00e9m pode ser harmonizado com o gr\u00e3o, criando novas sensa\u00e7\u00f5es e sabores.\u00a0<\/span><\/p>\n<p>&nbsp;<\/p>\n<h1><b>C\u00e1psula de Cappuccino<\/b><\/h1>\n<p>&nbsp;<\/p>\n<p><b>Tempo de Preparo: 40 minutos | Rendimento: 6 esferas<\/b><\/p>\n<h3><b>Ingredientes:<\/b><\/h3>\n<p><b><i>Casquinha:<\/i><\/b><\/p>\n<p><span style=\"font-weight: 400;\">200 g de Top Avel\u00e3 Gotas<\/span><\/p>\n<p>&nbsp;<\/p>\n<p><b><i>Recheio:<\/i><\/b><\/p>\n<p><span style=\"font-weight: 400;\">125 g de Chocolate ao Leite Melken<\/span><\/p>\n<p><span style=\"font-weight: 400;\">\u00bd x\u00edcara (ch\u00e1) de creme de leite UHT (125 ml)<\/span><\/p>\n<p><span style=\"font-weight: 400;\">4 colheres (ch\u00e1) de caf\u00e9 sol\u00favel (8 g)<\/span><\/p>\n<p><span style=\"font-weight: 400;\">\u00bc colher (ch\u00e1) de canela em p\u00f3 (2 g)<\/span><\/p>\n<p>&nbsp;<\/p>\n<h3><b>Material:<\/b><\/h3>\n<ul>\n<li style=\"font-weight: 400;\" aria-level=\"1\"><span style=\"font-weight: 400;\">Formas de acetato no formato de esferas (5 cm de di\u00e2metro)<\/span><\/li>\n<\/ul>\n<p>&nbsp;<\/p>\n<p><b>Modo de preparo:<\/b><\/p>\n<p><b><i>Casquinha:<\/i><\/b><b>\u00a0<\/b><\/p>\n<p><span style=\"font-weight: 400;\">1 &#8211; Em uma tigela, derreta a cobertura Top Avel\u00e3 Gotas no micro-ondas e molde casquinhas em formas de esfera.<\/span><\/p>\n<p><span style=\"font-weight: 400;\">2 &#8211; Leve \u00e0 geladeira para cristalizar. Desmolde as esferas.<\/span><\/p>\n<p><b><i>Recheio:<\/i><\/b><b>\u00a0<\/b><\/p>\n<p><span style=\"font-weight: 400;\">1 &#8211; Em uma tigela, coloque o Melken ao Leite, o creme de leite e o caf\u00e9 sol\u00favel.<\/span><\/p>\n<p><span style=\"font-weight: 400;\">2 &#8211; Derreta no micro-ondas e misture bem, at\u00e9 formar um creme liso e homog\u00eaneo.<\/span><\/p>\n<p><span style=\"font-weight: 400;\">3 &#8211; Acrescente a canela e misture. Deixe esfriar antes de utilizar.<\/span><\/p>\n<p><b><i>Montagem:<\/i><\/b><\/p>\n<p><span style=\"font-weight: 400;\">1 &#8211;<\/span> <span style=\"font-weight: 400;\">posicione metade das esferas de volta na forma, para apoiar na hora da montagem.<\/span><\/p>\n<p><span style=\"font-weight: 400;\">2 &#8211; Coloque 40 gramas do recheio em cada metade e cole a outra metade da esfera usando um pouco de cobertura derretida ou uma assadeira aquecida.<\/span><\/p>\n<p>&nbsp;<\/p>\n<p><b>Dica:<\/b><span style=\"font-weight: 400;\"> Para um cappuccino cremoso, dissolva cada esfera em \u00bd x\u00edcara (ch\u00e1) de leite fervente (125 ml). &#8211; Caso fa\u00e7a para vender, deixe as casquinhas e o recheio separados. Monte na hora da encomenda. Depois de montadas, as esferas t\u00eam validade de 2 dias.<\/span><\/p>\n<p>&nbsp;<\/p>\n<h1><b>Tiramis\u00f9 de Pote<\/b><\/h1>\n<p><b>Tempo de Preparo: 1 hora | Rendimento: 6 por\u00e7\u00f5es de 130 g (montadas em recipientes de 150 ml)<\/b><\/p>\n<h3><b>Ingredientes:<\/b><\/h3>\n<p><b><i>Creme:<\/i><\/b><\/p>\n<p><span style=\"font-weight: 400;\">4 colheres (sopa) de creme de leite UHT (45 g)<\/span><\/p>\n<p><span style=\"font-weight: 400;\">1 embalagem de cream cheese (150 g)<\/span><\/p>\n<p><span style=\"font-weight: 400;\">200 g de Chocolate Branco Melken<\/span><\/p>\n<p>&nbsp;<\/p>\n<p><b><i>Para umedecer o biscoito:<\/i><\/b><\/p>\n<p><span style=\"font-weight: 400;\">3 colheres (ch\u00e1) de caf\u00e9 sol\u00favel (3 g)<\/span><\/p>\n<p><span style=\"font-weight: 400;\">\u00bd x\u00edcara (ch\u00e1) de \u00e1gua fervente (125 ml)<\/span><\/p>\n<p><span style=\"font-weight: 400;\">2 colheres (sopa) de conhaque (30 ml)<\/span><\/p>\n<p>&nbsp;<\/p>\n<p><b><i>Montagem:<\/i><\/b><\/p>\n<p><span style=\"font-weight: 400;\">300 g de biscoitos tipo champanhe<\/span><\/p>\n<p><span style=\"font-weight: 400;\">3 colheres (sopa) de Cacau em p\u00f3 Alcalino 100% Melken (20 g)<\/span><\/p>\n<p>&nbsp;<\/p>\n<h3><b>Material:<\/b><\/h3>\n<ul>\n<li style=\"font-weight: 400;\" aria-level=\"1\"><span style=\"font-weight: 400;\">Saco de confeitar<\/span><\/li>\n<li style=\"font-weight: 400;\" aria-level=\"1\"><span style=\"font-weight: 400;\">Bico de confeitar redondo<\/span><\/li>\n<\/ul>\n<p>&nbsp;<\/p>\n<h3><b>T\u00e9cnicas da Receita:<\/b><\/h3>\n<ul>\n<li style=\"font-weight: 400;\" aria-level=\"1\"><a href=\"https:\/\/homolog.harald.com.br\/site-2026\/tecnicas\/fazendo-ganaches\/\"><span style=\"font-weight: 400;\">Fazendo Ganaches<\/span><\/a><\/li>\n<\/ul>\n<p>&nbsp;<\/p>\n<p><b>Modo de preparo:<\/b><\/p>\n<p><b><i>Creme:<\/i><\/b><b>\u00a0<\/b><\/p>\n<p><span style=\"font-weight: 400;\">1 &#8211; Em uma tigela, misture o creme de leite com o cream cheese em temperatura ambiente com um batedor de arame at\u00e9 obter um creme homog\u00eaneo.\u00a0<\/span><\/p>\n<p><span style=\"font-weight: 400;\">2 &#8211; Adicione o <\/span><b>Melken Branco<\/b><span style=\"font-weight: 400;\"> \u00e0 mistura e leve ao micro-ondas em pot\u00eancia m\u00e9dia, de 30 em 30 segundos, mexendo de tempos em tempos at\u00e9 obter uma <\/span><a href=\"https:\/\/homolog.harald.com.br\/site-2026\/tecnicas\/fazendo-ganaches\/\"><b>ganache homog\u00eanea<\/b><\/a><span style=\"font-weight: 400;\">.\u00a0<\/span><\/p>\n<p><span style=\"font-weight: 400;\">3 &#8211; Leve \u00e0 geladeira com filme-pl\u00e1stico em contato por pelo menos 2 horas.<\/span><\/p>\n<p><span style=\"font-weight: 400;\">4 &#8211; Bata o creme gelado com o globo da batedeira para montar a ganache e deix\u00e1-la aerada. Quando o batedor come\u00e7ar a deixar marcas no creme, como no chantilly, transfira para um saco de confeitar com bico redondo e refrigere por 30 minutos.<\/span><\/p>\n<p><b><i>Para umedecer\u00a0 o biscoito:<\/i><\/b><b>\u00a0<\/b><\/p>\n<p><span style=\"font-weight: 400;\">1 &#8211; Coloque o caf\u00e9 sol\u00favel em uma tigela pequena, adicione a \u00e1gua fervente\u00a0 e o conhaque. Reserve.<\/span><\/p>\n<p><b><i>Montagem:<\/i><\/b><span style=\"font-weight: 400;\">\u00a0<\/span><\/p>\n<p><span style=\"font-weight: 400;\">1 &#8211; Com o creme pronto, bique o creme no fundo do pote (cerca de 25 g) e peneire um pouco de <\/span><b>Cacau em P\u00f3 Melken<\/b><span style=\"font-weight: 400;\"> por cima.\u00a0<\/span><\/p>\n<p><span style=\"font-weight: 400;\">2 &#8211; Molhe dois biscoitos e use-os para cobrir o creme do fundo.\u00a0<\/span><\/p>\n<p><span style=\"font-weight: 400;\">3 &#8211; Pingue mais 25 g de creme e repita a camada de biscoito umedecido.\u00a0<\/span><\/p>\n<p><span style=\"font-weight: 400;\">4 &#8211; Repita o processo at\u00e9 finalizar com uma camada de creme com <\/span><b>Cacau em P\u00f3 Melken<\/b><span style=\"font-weight: 400;\"> polvilhado.<\/span><\/p>\n<p><b><i>Varia\u00e7\u00e3o:<\/i><\/b><span style=\"font-weight: 400;\"> use licor de caf\u00e9 no lugar do conhaque.<\/span><\/p>\n<p>&nbsp;<\/p>\n<p><b>Dica:<\/b><span style=\"font-weight: 400;\"> umede\u00e7a os biscoitos apenas no momento da montagem para que eles n\u00e3o desmanchem.<\/span><\/p>\n<p>&nbsp;<\/p>\n<h1><b>Cappuccino de Pote<\/b><\/h1>\n<p><b>Tempo de Preparo: 15 minutos | Rendimento: 1 por\u00e7\u00e3o de 80 g rende 1 x\u00edcara de 260 ml<\/b><\/p>\n<p>&nbsp;<\/p>\n<h3><b>Ingredientes:<\/b><\/h3>\n<p><span style=\"font-weight: 400;\">6 colheres (sopa) de leite em p\u00f3 (50 g)<\/span><\/p>\n<p><span style=\"font-weight: 400;\">3 colheres de (sopa) Chocolate em P\u00f3 33% Melken (25 g)<\/span><\/p>\n<p><span style=\"font-weight: 400;\">\u00bd colher (caf\u00e9) de caf\u00e9 sol\u00favel (1 g)<\/span><\/p>\n<p><span style=\"font-weight: 400;\">\u00bc colher (ch\u00e1) de canela em p\u00f3 (2 g)<\/span><\/p>\n<p><span style=\"font-weight: 400;\">1 pitada de bicarbonato em p\u00f3<\/span><\/p>\n<p>&nbsp;<\/p>\n<h3><b>Material:<\/b><\/h3>\n<ul>\n<li style=\"font-weight: 400;\" aria-level=\"1\"><span style=\"font-weight: 400;\">Potes de vidro com tampa<\/span><\/li>\n<\/ul>\n<p>&nbsp;<\/p>\n<p><b>Modo de preparo:<\/b><\/p>\n<p><span style=\"font-weight: 400;\">1- Em um pote de vidro com capacidade para 180 ml, adicione os ingredientes nesta ordem, sem misturar e compactando bem a cada camada: leite em p\u00f3, <\/span><b>Chocolate em P\u00f3 33%<\/b><span style=\"font-weight: 400;\">, caf\u00e9 sol\u00favel, canela e, por fim, o bicarbonato.<\/span><\/p>\n<p><span style=\"font-weight: 400;\">2 &#8211; Cada medida deve ser dissolvida em 180 ml de \u00e1gua fervente.<\/span><\/p>\n<p><b><i>Varia\u00e7\u00e3o sem a\u00e7\u00facar:<\/i><\/b><span style=\"font-weight: 400;\"> troque o Chocolate em P\u00f3 33% por 2 colheres (sopa) de Cacau em P\u00f3 100% Melken (15 g) e adicione 2 envelopes de Xilitol (10 g).<\/span><\/p>\n<p><b><i>Varia\u00e7\u00e3o fitness:<\/i><\/b><span style=\"font-weight: 400;\"> substitua o leite em p\u00f3 integral por leite em p\u00f3 desnatado na mesma propor\u00e7\u00e3o, o Chocolate em P\u00f3 33% por 2 colheres (sopa) de Cacau em P\u00f3 100% Melken (15 g) e adicione 2 envelopes de Xilitol (10 g).<\/span><\/p>\n<p>&nbsp;<\/p>\n<p><b>Dica:<\/b><span style=\"font-weight: 400;\"> os ingredientes secos podem ser conservados por at\u00e9 1 m\u00eas no pote fechado. Confira se a validade dos produtos utilizados tamb\u00e9m corresponde a este per\u00edodo ou mais.<\/span><\/p>\n","protected":false},"excerpt":{"rendered":"<p>Harald traz receitas que harmonizam chocolate e caf\u00e9 para celebrar o Dia Nacional do Caf\u00e9 com muito sabor! &nbsp; S\u00e3o Paulo, maio de 2022 &#8211; Apreciados por quase todos os paladares, o chocolate e o caf\u00e9 s\u00e3o dois famosos ingredientes em diversas receitas ao redor do mundo. E para celebrar o Dia Nacional do Caf\u00e9, <a class=\"more-link\" href=\"https:\/\/homolog.harald.com.br\/site-2026\/blog\/harald-traz-receitas-que-harmonizam-chocolate-e-cafe-para-celebrar-o-dia-nacional-do-cafe-com-muito-sabor\/\">Read more&#8230;<\/a><\/p>\n","protected":false},"author":11,"featured_media":56773,"comment_status":"closed","ping_status":"closed","sticky":false,"template":"","format":"standard","meta":{"_acf_changed":false,"_uag_custom_page_level_css":"","footnotes":""},"categories":[158],"tags":[],"para-seu-negocio":[],"class_list":["post-56771","post","type-post","status-publish","format-standard","has-post-thumbnail","hentry","category-noticias"],"acf":[],"yoast_head":"<!-- This site is optimized with the Yoast SEO plugin v26.3 - https:\/\/yoast.com\/wordpress\/plugins\/seo\/ -->\n<title>Harald traz receitas que harmonizam chocolate e caf\u00e9 para celebrar o Dia Nacional do Caf\u00e9 com muito sabor! - Harald<\/title>\n<meta name=\"robots\" content=\"noindex, follow, max-snippet:-1, max-image-preview:large, max-video-preview:-1\" \/>\n<meta property=\"og:locale\" content=\"pt_BR\" \/>\n<meta property=\"og:type\" content=\"article\" \/>\n<meta property=\"og:title\" content=\"Harald traz receitas que harmonizam chocolate e caf\u00e9 para celebrar o Dia Nacional do Caf\u00e9 com muito sabor! - Harald\" \/>\n<meta property=\"og:description\" content=\"Harald traz receitas que harmonizam chocolate e caf\u00e9 para celebrar o Dia Nacional do Caf\u00e9 com muito sabor! &nbsp; S\u00e3o Paulo, maio de 2022 &#8211; Apreciados por quase todos os paladares, o chocolate e o caf\u00e9 s\u00e3o dois famosos ingredientes em diversas receitas ao redor do mundo. E para celebrar o Dia Nacional do Caf\u00e9, Read more...\" \/>\n<meta property=\"og:url\" content=\"https:\/\/homolog.harald.com.br\/site-2026\/blog\/harald-traz-receitas-que-harmonizam-chocolate-e-cafe-para-celebrar-o-dia-nacional-do-cafe-com-muito-sabor\/\" \/>\n<meta property=\"og:site_name\" content=\"Harald\" \/>\n<meta property=\"article:publisher\" content=\"https:\/\/www.facebook.com\/HaraldChocolates\/\" \/>\n<meta property=\"article:published_time\" content=\"2022-05-18T14:32:52+00:00\" \/>\n<meta property=\"article:modified_time\" content=\"2023-01-04T14:33:31+00:00\" \/>\n<meta property=\"og:image\" content=\"https:\/\/homolog.harald.com.br\/site-2026\/wp-content\/uploads\/2023\/01\/texto-chocolate-e-cafe-credito-istock.jpg\" \/>\n\t<meta property=\"og:image:width\" content=\"612\" \/>\n\t<meta property=\"og:image:height\" content=\"405\" \/>\n\t<meta property=\"og:image:type\" content=\"image\/jpeg\" \/>\n<meta name=\"author\" content=\"Bruna Teodoro\" \/>\n<meta name=\"twitter:card\" content=\"summary_large_image\" \/>\n<meta name=\"twitter:label1\" content=\"Escrito por\" \/>\n\t<meta name=\"twitter:data1\" content=\"Bruna Teodoro\" \/>\n\t<meta name=\"twitter:label2\" content=\"Est. tempo de leitura\" \/>\n\t<meta name=\"twitter:data2\" content=\"5 minutos\" \/>\n<script type=\"application\/ld+json\" class=\"yoast-schema-graph\">{\"@context\":\"https:\/\/schema.org\",\"@graph\":[{\"@type\":\"Article\",\"@id\":\"https:\/\/homolog.harald.com.br\/site-2026\/blog\/harald-traz-receitas-que-harmonizam-chocolate-e-cafe-para-celebrar-o-dia-nacional-do-cafe-com-muito-sabor\/#article\",\"isPartOf\":{\"@id\":\"https:\/\/homolog.harald.com.br\/site-2026\/blog\/harald-traz-receitas-que-harmonizam-chocolate-e-cafe-para-celebrar-o-dia-nacional-do-cafe-com-muito-sabor\/\"},\"author\":{\"name\":\"Bruna Teodoro\",\"@id\":\"https:\/\/homolog.harald.com.br\/site-2026\/#\/schema\/person\/37dcc072f872b17c519dd3097a7925e5\"},\"headline\":\"Harald traz receitas que harmonizam chocolate e caf\u00e9 para celebrar o Dia Nacional do Caf\u00e9 com muito sabor!\",\"datePublished\":\"2022-05-18T14:32:52+00:00\",\"dateModified\":\"2023-01-04T14:33:31+00:00\",\"mainEntityOfPage\":{\"@id\":\"https:\/\/homolog.harald.com.br\/site-2026\/blog\/harald-traz-receitas-que-harmonizam-chocolate-e-cafe-para-celebrar-o-dia-nacional-do-cafe-com-muito-sabor\/\"},\"wordCount\":906,\"publisher\":{\"@id\":\"https:\/\/homolog.harald.com.br\/site-2026\/#organization\"},\"image\":{\"@id\":\"https:\/\/homolog.harald.com.br\/site-2026\/blog\/harald-traz-receitas-que-harmonizam-chocolate-e-cafe-para-celebrar-o-dia-nacional-do-cafe-com-muito-sabor\/#primaryimage\"},\"thumbnailUrl\":\"https:\/\/homolog.harald.com.br\/site-2026\/wp-content\/uploads\/2023\/01\/texto-chocolate-e-cafe-credito-istock.jpg\",\"articleSection\":[\"Not\u00edcias\"],\"inLanguage\":\"pt-BR\"},{\"@type\":\"WebPage\",\"@id\":\"https:\/\/homolog.harald.com.br\/site-2026\/blog\/harald-traz-receitas-que-harmonizam-chocolate-e-cafe-para-celebrar-o-dia-nacional-do-cafe-com-muito-sabor\/\",\"url\":\"https:\/\/homolog.harald.com.br\/site-2026\/blog\/harald-traz-receitas-que-harmonizam-chocolate-e-cafe-para-celebrar-o-dia-nacional-do-cafe-com-muito-sabor\/\",\"name\":\"Harald traz receitas que harmonizam chocolate e caf\u00e9 para celebrar o Dia Nacional do Caf\u00e9 com muito sabor! - Harald\",\"isPartOf\":{\"@id\":\"https:\/\/homolog.harald.com.br\/site-2026\/#website\"},\"primaryImageOfPage\":{\"@id\":\"https:\/\/homolog.harald.com.br\/site-2026\/blog\/harald-traz-receitas-que-harmonizam-chocolate-e-cafe-para-celebrar-o-dia-nacional-do-cafe-com-muito-sabor\/#primaryimage\"},\"image\":{\"@id\":\"https:\/\/homolog.harald.com.br\/site-2026\/blog\/harald-traz-receitas-que-harmonizam-chocolate-e-cafe-para-celebrar-o-dia-nacional-do-cafe-com-muito-sabor\/#primaryimage\"},\"thumbnailUrl\":\"https:\/\/homolog.harald.com.br\/site-2026\/wp-content\/uploads\/2023\/01\/texto-chocolate-e-cafe-credito-istock.jpg\",\"datePublished\":\"2022-05-18T14:32:52+00:00\",\"dateModified\":\"2023-01-04T14:33:31+00:00\",\"breadcrumb\":{\"@id\":\"https:\/\/homolog.harald.com.br\/site-2026\/blog\/harald-traz-receitas-que-harmonizam-chocolate-e-cafe-para-celebrar-o-dia-nacional-do-cafe-com-muito-sabor\/#breadcrumb\"},\"inLanguage\":\"pt-BR\",\"potentialAction\":[{\"@type\":\"ReadAction\",\"target\":[\"https:\/\/homolog.harald.com.br\/site-2026\/blog\/harald-traz-receitas-que-harmonizam-chocolate-e-cafe-para-celebrar-o-dia-nacional-do-cafe-com-muito-sabor\/\"]}]},{\"@type\":\"ImageObject\",\"inLanguage\":\"pt-BR\",\"@id\":\"https:\/\/homolog.harald.com.br\/site-2026\/blog\/harald-traz-receitas-que-harmonizam-chocolate-e-cafe-para-celebrar-o-dia-nacional-do-cafe-com-muito-sabor\/#primaryimage\",\"url\":\"https:\/\/homolog.harald.com.br\/site-2026\/wp-content\/uploads\/2023\/01\/texto-chocolate-e-cafe-credito-istock.jpg\",\"contentUrl\":\"https:\/\/homolog.harald.com.br\/site-2026\/wp-content\/uploads\/2023\/01\/texto-chocolate-e-cafe-credito-istock.jpg\",\"width\":612,\"height\":405,\"caption\":\"Transparent glass cup with coffee espresso, pieces of chocolate, spoon on wooden table\"},{\"@type\":\"BreadcrumbList\",\"@id\":\"https:\/\/homolog.harald.com.br\/site-2026\/blog\/harald-traz-receitas-que-harmonizam-chocolate-e-cafe-para-celebrar-o-dia-nacional-do-cafe-com-muito-sabor\/#breadcrumb\",\"itemListElement\":[{\"@type\":\"ListItem\",\"position\":1,\"name\":\"In\u00edcio\",\"item\":\"https:\/\/homolog.harald.com.br\/site-2026\/\"},{\"@type\":\"ListItem\",\"position\":2,\"name\":\"Harald traz receitas que harmonizam chocolate e caf\u00e9 para celebrar o Dia Nacional do Caf\u00e9 com muito sabor!\"}]},{\"@type\":\"WebSite\",\"@id\":\"https:\/\/homolog.harald.com.br\/site-2026\/#website\",\"url\":\"https:\/\/homolog.harald.com.br\/site-2026\/\",\"name\":\"Harald\",\"description\":\"Fazer melhor \u00e9 fazer com paix\u00e3o\",\"publisher\":{\"@id\":\"https:\/\/homolog.harald.com.br\/site-2026\/#organization\"},\"potentialAction\":[{\"@type\":\"SearchAction\",\"target\":{\"@type\":\"EntryPoint\",\"urlTemplate\":\"https:\/\/homolog.harald.com.br\/site-2026\/?s={search_term_string}\"},\"query-input\":{\"@type\":\"PropertyValueSpecification\",\"valueRequired\":true,\"valueName\":\"search_term_string\"}}],\"inLanguage\":\"pt-BR\"},{\"@type\":\"Organization\",\"@id\":\"https:\/\/homolog.harald.com.br\/site-2026\/#organization\",\"name\":\"Harald\",\"url\":\"https:\/\/homolog.harald.com.br\/site-2026\/\",\"logo\":{\"@type\":\"ImageObject\",\"inLanguage\":\"pt-BR\",\"@id\":\"https:\/\/homolog.harald.com.br\/site-2026\/#\/schema\/logo\/image\/\",\"url\":\"https:\/\/homolog.harald.com.br\/site-2026\/wp-content\/uploads\/2022\/09\/logo-harald-cmyk-ss.png\",\"contentUrl\":\"https:\/\/homolog.harald.com.br\/site-2026\/wp-content\/uploads\/2022\/09\/logo-harald-cmyk-ss.png\",\"width\":1948,\"height\":1051,\"caption\":\"Harald\"},\"image\":{\"@id\":\"https:\/\/homolog.harald.com.br\/site-2026\/#\/schema\/logo\/image\/\"},\"sameAs\":[\"https:\/\/www.facebook.com\/HaraldChocolates\/\",\"https:\/\/www.youtube.com\/user\/HaraldChocolates\"]},{\"@type\":\"Person\",\"@id\":\"https:\/\/homolog.harald.com.br\/site-2026\/#\/schema\/person\/37dcc072f872b17c519dd3097a7925e5\",\"name\":\"Bruna Teodoro\",\"image\":{\"@type\":\"ImageObject\",\"inLanguage\":\"pt-BR\",\"@id\":\"https:\/\/homolog.harald.com.br\/site-2026\/#\/schema\/person\/image\/\",\"url\":\"https:\/\/secure.gravatar.com\/avatar\/7da0050c7a3bd4d6df113dcfae1a5b72c8690bc5d4bb4fabab7e4d34d582ceea?s=96&d=mm&r=g\",\"contentUrl\":\"https:\/\/secure.gravatar.com\/avatar\/7da0050c7a3bd4d6df113dcfae1a5b72c8690bc5d4bb4fabab7e4d34d582ceea?s=96&d=mm&r=g\",\"caption\":\"Bruna Teodoro\"},\"url\":\"https:\/\/homolog.harald.com.br\/site-2026\/blog\/author\/bruna-teodoro\/\"}]}<\/script>\n<!-- \/ Yoast SEO plugin. -->","yoast_head_json":{"title":"Harald traz receitas que harmonizam chocolate e caf\u00e9 para celebrar o Dia Nacional do Caf\u00e9 com muito sabor! - Harald","robots":{"index":"noindex","follow":"follow","max-snippet":"max-snippet:-1","max-image-preview":"max-image-preview:large","max-video-preview":"max-video-preview:-1"},"og_locale":"pt_BR","og_type":"article","og_title":"Harald traz receitas que harmonizam chocolate e caf\u00e9 para celebrar o Dia Nacional do Caf\u00e9 com muito sabor! - Harald","og_description":"Harald traz receitas que harmonizam chocolate e caf\u00e9 para celebrar o Dia Nacional do Caf\u00e9 com muito sabor! &nbsp; S\u00e3o Paulo, maio de 2022 &#8211; Apreciados por quase todos os paladares, o chocolate e o caf\u00e9 s\u00e3o dois famosos ingredientes em diversas receitas ao redor do mundo. E para celebrar o Dia Nacional do Caf\u00e9, Read more...","og_url":"https:\/\/homolog.harald.com.br\/site-2026\/blog\/harald-traz-receitas-que-harmonizam-chocolate-e-cafe-para-celebrar-o-dia-nacional-do-cafe-com-muito-sabor\/","og_site_name":"Harald","article_publisher":"https:\/\/www.facebook.com\/HaraldChocolates\/","article_published_time":"2022-05-18T14:32:52+00:00","article_modified_time":"2023-01-04T14:33:31+00:00","og_image":[{"width":612,"height":405,"url":"https:\/\/homolog.harald.com.br\/site-2026\/wp-content\/uploads\/2023\/01\/texto-chocolate-e-cafe-credito-istock.jpg","type":"image\/jpeg"}],"author":"Bruna Teodoro","twitter_card":"summary_large_image","twitter_misc":{"Escrito por":"Bruna Teodoro","Est. tempo de leitura":"5 minutos"},"schema":{"@context":"https:\/\/schema.org","@graph":[{"@type":"Article","@id":"https:\/\/homolog.harald.com.br\/site-2026\/blog\/harald-traz-receitas-que-harmonizam-chocolate-e-cafe-para-celebrar-o-dia-nacional-do-cafe-com-muito-sabor\/#article","isPartOf":{"@id":"https:\/\/homolog.harald.com.br\/site-2026\/blog\/harald-traz-receitas-que-harmonizam-chocolate-e-cafe-para-celebrar-o-dia-nacional-do-cafe-com-muito-sabor\/"},"author":{"name":"Bruna Teodoro","@id":"https:\/\/homolog.harald.com.br\/site-2026\/#\/schema\/person\/37dcc072f872b17c519dd3097a7925e5"},"headline":"Harald traz receitas que harmonizam chocolate e caf\u00e9 para celebrar o Dia Nacional do Caf\u00e9 com muito sabor!","datePublished":"2022-05-18T14:32:52+00:00","dateModified":"2023-01-04T14:33:31+00:00","mainEntityOfPage":{"@id":"https:\/\/homolog.harald.com.br\/site-2026\/blog\/harald-traz-receitas-que-harmonizam-chocolate-e-cafe-para-celebrar-o-dia-nacional-do-cafe-com-muito-sabor\/"},"wordCount":906,"publisher":{"@id":"https:\/\/homolog.harald.com.br\/site-2026\/#organization"},"image":{"@id":"https:\/\/homolog.harald.com.br\/site-2026\/blog\/harald-traz-receitas-que-harmonizam-chocolate-e-cafe-para-celebrar-o-dia-nacional-do-cafe-com-muito-sabor\/#primaryimage"},"thumbnailUrl":"https:\/\/homolog.harald.com.br\/site-2026\/wp-content\/uploads\/2023\/01\/texto-chocolate-e-cafe-credito-istock.jpg","articleSection":["Not\u00edcias"],"inLanguage":"pt-BR"},{"@type":"WebPage","@id":"https:\/\/homolog.harald.com.br\/site-2026\/blog\/harald-traz-receitas-que-harmonizam-chocolate-e-cafe-para-celebrar-o-dia-nacional-do-cafe-com-muito-sabor\/","url":"https:\/\/homolog.harald.com.br\/site-2026\/blog\/harald-traz-receitas-que-harmonizam-chocolate-e-cafe-para-celebrar-o-dia-nacional-do-cafe-com-muito-sabor\/","name":"Harald traz receitas que harmonizam chocolate e caf\u00e9 para celebrar o Dia Nacional do Caf\u00e9 com muito sabor! - Harald","isPartOf":{"@id":"https:\/\/homolog.harald.com.br\/site-2026\/#website"},"primaryImageOfPage":{"@id":"https:\/\/homolog.harald.com.br\/site-2026\/blog\/harald-traz-receitas-que-harmonizam-chocolate-e-cafe-para-celebrar-o-dia-nacional-do-cafe-com-muito-sabor\/#primaryimage"},"image":{"@id":"https:\/\/homolog.harald.com.br\/site-2026\/blog\/harald-traz-receitas-que-harmonizam-chocolate-e-cafe-para-celebrar-o-dia-nacional-do-cafe-com-muito-sabor\/#primaryimage"},"thumbnailUrl":"https:\/\/homolog.harald.com.br\/site-2026\/wp-content\/uploads\/2023\/01\/texto-chocolate-e-cafe-credito-istock.jpg","datePublished":"2022-05-18T14:32:52+00:00","dateModified":"2023-01-04T14:33:31+00:00","breadcrumb":{"@id":"https:\/\/homolog.harald.com.br\/site-2026\/blog\/harald-traz-receitas-que-harmonizam-chocolate-e-cafe-para-celebrar-o-dia-nacional-do-cafe-com-muito-sabor\/#breadcrumb"},"inLanguage":"pt-BR","potentialAction":[{"@type":"ReadAction","target":["https:\/\/homolog.harald.com.br\/site-2026\/blog\/harald-traz-receitas-que-harmonizam-chocolate-e-cafe-para-celebrar-o-dia-nacional-do-cafe-com-muito-sabor\/"]}]},{"@type":"ImageObject","inLanguage":"pt-BR","@id":"https:\/\/homolog.harald.com.br\/site-2026\/blog\/harald-traz-receitas-que-harmonizam-chocolate-e-cafe-para-celebrar-o-dia-nacional-do-cafe-com-muito-sabor\/#primaryimage","url":"https:\/\/homolog.harald.com.br\/site-2026\/wp-content\/uploads\/2023\/01\/texto-chocolate-e-cafe-credito-istock.jpg","contentUrl":"https:\/\/homolog.harald.com.br\/site-2026\/wp-content\/uploads\/2023\/01\/texto-chocolate-e-cafe-credito-istock.jpg","width":612,"height":405,"caption":"Transparent glass cup with coffee espresso, pieces of chocolate, spoon on wooden table"},{"@type":"BreadcrumbList","@id":"https:\/\/homolog.harald.com.br\/site-2026\/blog\/harald-traz-receitas-que-harmonizam-chocolate-e-cafe-para-celebrar-o-dia-nacional-do-cafe-com-muito-sabor\/#breadcrumb","itemListElement":[{"@type":"ListItem","position":1,"name":"In\u00edcio","item":"https:\/\/homolog.harald.com.br\/site-2026\/"},{"@type":"ListItem","position":2,"name":"Harald traz receitas que harmonizam chocolate e caf\u00e9 para celebrar o Dia Nacional do Caf\u00e9 com muito sabor!"}]},{"@type":"WebSite","@id":"https:\/\/homolog.harald.com.br\/site-2026\/#website","url":"https:\/\/homolog.harald.com.br\/site-2026\/","name":"Harald","description":"Fazer melhor \u00e9 fazer com paix\u00e3o","publisher":{"@id":"https:\/\/homolog.harald.com.br\/site-2026\/#organization"},"potentialAction":[{"@type":"SearchAction","target":{"@type":"EntryPoint","urlTemplate":"https:\/\/homolog.harald.com.br\/site-2026\/?s={search_term_string}"},"query-input":{"@type":"PropertyValueSpecification","valueRequired":true,"valueName":"search_term_string"}}],"inLanguage":"pt-BR"},{"@type":"Organization","@id":"https:\/\/homolog.harald.com.br\/site-2026\/#organization","name":"Harald","url":"https:\/\/homolog.harald.com.br\/site-2026\/","logo":{"@type":"ImageObject","inLanguage":"pt-BR","@id":"https:\/\/homolog.harald.com.br\/site-2026\/#\/schema\/logo\/image\/","url":"https:\/\/homolog.harald.com.br\/site-2026\/wp-content\/uploads\/2022\/09\/logo-harald-cmyk-ss.png","contentUrl":"https:\/\/homolog.harald.com.br\/site-2026\/wp-content\/uploads\/2022\/09\/logo-harald-cmyk-ss.png","width":1948,"height":1051,"caption":"Harald"},"image":{"@id":"https:\/\/homolog.harald.com.br\/site-2026\/#\/schema\/logo\/image\/"},"sameAs":["https:\/\/www.facebook.com\/HaraldChocolates\/","https:\/\/www.youtube.com\/user\/HaraldChocolates"]},{"@type":"Person","@id":"https:\/\/homolog.harald.com.br\/site-2026\/#\/schema\/person\/37dcc072f872b17c519dd3097a7925e5","name":"Bruna Teodoro","image":{"@type":"ImageObject","inLanguage":"pt-BR","@id":"https:\/\/homolog.harald.com.br\/site-2026\/#\/schema\/person\/image\/","url":"https:\/\/secure.gravatar.com\/avatar\/7da0050c7a3bd4d6df113dcfae1a5b72c8690bc5d4bb4fabab7e4d34d582ceea?s=96&d=mm&r=g","contentUrl":"https:\/\/secure.gravatar.com\/avatar\/7da0050c7a3bd4d6df113dcfae1a5b72c8690bc5d4bb4fabab7e4d34d582ceea?s=96&d=mm&r=g","caption":"Bruna Teodoro"},"url":"https:\/\/homolog.harald.com.br\/site-2026\/blog\/author\/bruna-teodoro\/"}]}},"uagb_featured_image_src":{"full":["https:\/\/homolog.harald.com.br\/site-2026\/wp-content\/uploads\/2023\/01\/texto-chocolate-e-cafe-credito-istock.jpg",612,405,false],"thumbnail":["https:\/\/homolog.harald.com.br\/site-2026\/wp-content\/uploads\/2023\/01\/texto-chocolate-e-cafe-credito-istock-150x150.jpg",150,150,true],"medium":["https:\/\/homolog.harald.com.br\/site-2026\/wp-content\/uploads\/2023\/01\/texto-chocolate-e-cafe-credito-istock-300x199.jpg",300,199,true],"medium_large":["https:\/\/homolog.harald.com.br\/site-2026\/wp-content\/uploads\/2023\/01\/texto-chocolate-e-cafe-credito-istock.jpg",612,405,false],"large":["https:\/\/homolog.harald.com.br\/site-2026\/wp-content\/uploads\/2023\/01\/texto-chocolate-e-cafe-credito-istock.jpg",612,405,false],"1536x1536":["https:\/\/homolog.harald.com.br\/site-2026\/wp-content\/uploads\/2023\/01\/texto-chocolate-e-cafe-credito-istock.jpg",612,405,false],"2048x2048":["https:\/\/homolog.harald.com.br\/site-2026\/wp-content\/uploads\/2023\/01\/texto-chocolate-e-cafe-credito-istock.jpg",612,405,false],"full-width":["https:\/\/homolog.harald.com.br\/site-2026\/wp-content\/uploads\/2023\/01\/texto-chocolate-e-cafe-credito-istock.jpg",612,405,false],"gform-image-choice-sm":["https:\/\/homolog.harald.com.br\/site-2026\/wp-content\/uploads\/2023\/01\/texto-chocolate-e-cafe-credito-istock.jpg",300,199,false],"gform-image-choice-md":["https:\/\/homolog.harald.com.br\/site-2026\/wp-content\/uploads\/2023\/01\/texto-chocolate-e-cafe-credito-istock.jpg",400,265,false],"gform-image-choice-lg":["https:\/\/homolog.harald.com.br\/site-2026\/wp-content\/uploads\/2023\/01\/texto-chocolate-e-cafe-credito-istock.jpg",600,397,false]},"uagb_author_info":{"display_name":"Bruna Teodoro","author_link":"https:\/\/homolog.harald.com.br\/site-2026\/blog\/author\/bruna-teodoro\/"},"uagb_comment_info":0,"uagb_excerpt":"Harald traz receitas que harmonizam chocolate e caf\u00e9 para celebrar o Dia Nacional do Caf\u00e9 com muito sabor! &nbsp; S\u00e3o Paulo, maio de 2022 &#8211; Apreciados por quase todos os paladares, o chocolate e o caf\u00e9 s\u00e3o dois famosos ingredientes em diversas receitas ao redor do mundo. E para celebrar o Dia Nacional do Caf\u00e9,&hellip;","_links":{"self":[{"href":"https:\/\/homolog.harald.com.br\/site-2026\/wp-json\/wp\/v2\/posts\/56771","targetHints":{"allow":["GET"]}}],"collection":[{"href":"https:\/\/homolog.harald.com.br\/site-2026\/wp-json\/wp\/v2\/posts"}],"about":[{"href":"https:\/\/homolog.harald.com.br\/site-2026\/wp-json\/wp\/v2\/types\/post"}],"author":[{"embeddable":true,"href":"https:\/\/homolog.harald.com.br\/site-2026\/wp-json\/wp\/v2\/users\/11"}],"replies":[{"embeddable":true,"href":"https:\/\/homolog.harald.com.br\/site-2026\/wp-json\/wp\/v2\/comments?post=56771"}],"version-history":[{"count":1,"href":"https:\/\/homolog.harald.com.br\/site-2026\/wp-json\/wp\/v2\/posts\/56771\/revisions"}],"predecessor-version":[{"id":56776,"href":"https:\/\/homolog.harald.com.br\/site-2026\/wp-json\/wp\/v2\/posts\/56771\/revisions\/56776"}],"wp:featuredmedia":[{"embeddable":true,"href":"https:\/\/homolog.harald.com.br\/site-2026\/wp-json\/wp\/v2\/media\/56773"}],"wp:attachment":[{"href":"https:\/\/homolog.harald.com.br\/site-2026\/wp-json\/wp\/v2\/media?parent=56771"}],"wp:term":[{"taxonomy":"category","embeddable":true,"href":"https:\/\/homolog.harald.com.br\/site-2026\/wp-json\/wp\/v2\/categories?post=56771"},{"taxonomy":"post_tag","embeddable":true,"href":"https:\/\/homolog.harald.com.br\/site-2026\/wp-json\/wp\/v2\/tags?post=56771"},{"taxonomy":"para-seu-negocio","embeddable":true,"href":"https:\/\/homolog.harald.com.br\/site-2026\/wp-json\/wp\/v2\/para-seu-negocio?post=56771"}],"curies":[{"name":"wp","href":"https:\/\/api.w.org\/{rel}","templated":true}]}}