{"id":56757,"date":"2022-04-29T11:18:01","date_gmt":"2022-04-29T14:18:01","guid":{"rendered":"https:\/\/homolog.harald.com.br\/site-2026\/?p=56757"},"modified":"2023-01-04T11:18:41","modified_gmt":"2023-01-04T14:18:41","slug":"harald-realiza-programacao-especial-para-dia-dos-namorados-e-compartilha-as-tendencias-do-mundo-do-chocolate-para-os-proximos-meses","status":"publish","type":"post","link":"https:\/\/homolog.harald.com.br\/site-2026\/blog\/harald-realiza-programacao-especial-para-dia-dos-namorados-e-compartilha-as-tendencias-do-mundo-do-chocolate-para-os-proximos-meses\/","title":{"rendered":"Harald realiza programa\u00e7\u00e3o especial para Dia dos Namorados e compartilha as tend\u00eancias do mundo do chocolate para os pr\u00f3ximos meses"},"content":{"rendered":"<h1 style=\"text-align: center;\"><b>Harald realiza programa\u00e7\u00e3o especial para Dia dos Namorados e compartilha as tend\u00eancias do mundo do chocolate para os pr\u00f3ximos meses<\/b><\/h1>\n<p style=\"text-align: center;\"><i><span style=\"font-weight: 400;\">Programa\u00e7\u00e3o contar\u00e1 com lives dos chefs embaixadores da marca Rafael Barros, Vivian Feldman, Lucas Corazza e Alexandre Bispo\u00a0\u00a0\u00a0<\/span><\/i><\/p>\n<p>&nbsp;<\/p>\n<p><b>S\u00e3o Paulo, maio de 2022 <\/b><span style=\"font-weight: 400;\">&#8211; Disputado em datas rom\u00e2nticas, o chocolate \u00e9 tamb\u00e9m uma fonte de renda. Por isso, com o objetivo de ajudar as transformadoras a impulsionar suas vendas, a <\/span><b>Harald<\/b><span style=\"font-weight: 400;\">, empresa l\u00edder em coberturas e refer\u00eancia em chocolates para o mercado especializado, preparou uma s\u00e9rie de lives que acontecer\u00e3o no Instagram da marca, para os meses de maio e junho, com seus chefs embaixadores, para ensinar tr\u00eas receitas exclusivas e dar dicas para lucrar em datas comemorativas como o Dia dos Namorados e, tamb\u00e9m, no decorrer de todo o ano.\u00a0<\/span><\/p>\n<p>&nbsp;<\/p>\n<p><span style=\"font-weight: 400;\">As lives trar\u00e3o tend\u00eancias do mundo do chocolate, apontadas em pesquisas realizadas via Google Trends e por meio de monitoramento das m\u00eddias sociais. Foram selecionados os produtos com chocolates mais pesquisados nos \u00faltimos tr\u00eas anos, tanto no quesito \u201ccomo fazer\u201d quanto no quesito \u201conde comprar\u201d, entre eles: barras de chocolate refinadas, caixa de bombons e trufas.\u00a0<\/span><\/p>\n<p>&nbsp;<\/p>\n<p><span style=\"font-weight: 400;\">Al\u00e9m disso, o chef Lucas Corazza encabe\u00e7ar\u00e1 uma conversa sobre empreendedorismo com o intuito de aprimorar a gest\u00e3o administrativa dos neg\u00f3cios da audi\u00eancia, com dicas de gest\u00e3o de tempo, organiza\u00e7\u00e3o de produ\u00e7\u00e3o e outros fatores que podem contribuir para melhorar as vendas.<\/span><\/p>\n<p>&nbsp;<\/p>\n<p><b>Confira a agenda:\u00a0<\/b><\/p>\n<p><span style=\"font-weight: 400;\">18\/05 &#8211; A chef Vivian Feldman ensina a receita de Trufas com frutas com a linha Melken<\/span><\/p>\n<p><span style=\"font-weight: 400;\">25\/05 &#8211; O chef Rafael Barros far\u00e1 a receita de bombons diversos com a linha Unique<\/span><\/p>\n<p><span style=\"font-weight: 400;\">01\/06 &#8211; O chef Alexandre Bispo ensina a receita da Barra recheada com a linha Melken<\/span><\/p>\n<p><span style=\"font-weight: 400;\">08\/06 \u2013 O chef Lucas Corazza far\u00e1 um bate-papo sobre empreendedorismo\u00a0<\/span><\/p>\n","protected":false},"excerpt":{"rendered":"<p>Harald realiza programa\u00e7\u00e3o especial para Dia dos Namorados e compartilha as tend\u00eancias do mundo do chocolate para os pr\u00f3ximos meses Programa\u00e7\u00e3o contar\u00e1 com lives dos chefs embaixadores da marca Rafael Barros, Vivian Feldman, Lucas Corazza e Alexandre Bispo\u00a0\u00a0\u00a0 &nbsp; S\u00e3o Paulo, maio de 2022 &#8211; Disputado em datas rom\u00e2nticas, o chocolate \u00e9 tamb\u00e9m uma fonte <a class=\"more-link\" href=\"https:\/\/homolog.harald.com.br\/site-2026\/blog\/harald-realiza-programacao-especial-para-dia-dos-namorados-e-compartilha-as-tendencias-do-mundo-do-chocolate-para-os-proximos-meses\/\">Read more&#8230;<\/a><\/p>\n","protected":false},"author":11,"featured_media":56759,"comment_status":"closed","ping_status":"closed","sticky":false,"template":"","format":"standard","meta":{"_acf_changed":false,"_uag_custom_page_level_css":"","footnotes":""},"categories":[158],"tags":[],"para-seu-negocio":[],"class_list":["post-56757","post","type-post","status-publish","format-standard","has-post-thumbnail","hentry","category-noticias"],"acf":[],"yoast_head":"<!-- This site is optimized with the Yoast SEO plugin v26.3 - https:\/\/yoast.com\/wordpress\/plugins\/seo\/ -->\n<title>Harald realiza programa\u00e7\u00e3o especial para Dia dos Namorados e compartilha as tend\u00eancias do mundo do chocolate para os pr\u00f3ximos meses - Harald<\/title>\n<meta name=\"robots\" content=\"noindex, follow, max-snippet:-1, max-image-preview:large, max-video-preview:-1\" \/>\n<meta property=\"og:locale\" content=\"pt_BR\" \/>\n<meta property=\"og:type\" content=\"article\" \/>\n<meta property=\"og:title\" content=\"Harald realiza programa\u00e7\u00e3o especial para Dia dos Namorados e compartilha as tend\u00eancias do mundo do chocolate para os pr\u00f3ximos meses - Harald\" \/>\n<meta property=\"og:description\" content=\"Harald realiza programa\u00e7\u00e3o especial para Dia dos Namorados e compartilha as tend\u00eancias do mundo do chocolate para os pr\u00f3ximos meses Programa\u00e7\u00e3o contar\u00e1 com lives dos chefs embaixadores da marca Rafael Barros, Vivian Feldman, Lucas Corazza e Alexandre Bispo\u00a0\u00a0\u00a0 &nbsp; S\u00e3o Paulo, maio de 2022 &#8211; Disputado em datas rom\u00e2nticas, o chocolate \u00e9 tamb\u00e9m uma fonte Read more...\" \/>\n<meta property=\"og:url\" content=\"https:\/\/homolog.harald.com.br\/site-2026\/blog\/harald-realiza-programacao-especial-para-dia-dos-namorados-e-compartilha-as-tendencias-do-mundo-do-chocolate-para-os-proximos-meses\/\" \/>\n<meta property=\"og:site_name\" content=\"Harald\" \/>\n<meta property=\"article:publisher\" content=\"https:\/\/www.facebook.com\/HaraldChocolates\/\" \/>\n<meta property=\"article:published_time\" content=\"2022-04-29T14:18:01+00:00\" \/>\n<meta property=\"article:modified_time\" content=\"2023-01-04T14:18:41+00:00\" \/>\n<meta property=\"og:image\" content=\"https:\/\/homolog.harald.com.br\/site-2026\/wp-content\/uploads\/2023\/01\/harald-realiza-programacao-especial-para-dia-dos-namorados-e-compartilha-as-tendencias-do-mundo-do-chocolate-para-os-proximos-meses.jpg\" \/>\n\t<meta property=\"og:image:width\" content=\"800\" \/>\n\t<meta property=\"og:image:height\" content=\"533\" \/>\n\t<meta property=\"og:image:type\" content=\"image\/jpeg\" \/>\n<meta name=\"author\" content=\"Bruna Teodoro\" \/>\n<meta name=\"twitter:card\" content=\"summary_large_image\" \/>\n<meta name=\"twitter:label1\" content=\"Escrito por\" \/>\n\t<meta name=\"twitter:data1\" content=\"Bruna Teodoro\" \/>\n\t<meta name=\"twitter:label2\" content=\"Est. tempo de leitura\" \/>\n\t<meta name=\"twitter:data2\" content=\"2 minutos\" \/>\n<script type=\"application\/ld+json\" class=\"yoast-schema-graph\">{\"@context\":\"https:\/\/schema.org\",\"@graph\":[{\"@type\":\"Article\",\"@id\":\"https:\/\/homolog.harald.com.br\/site-2026\/blog\/harald-realiza-programacao-especial-para-dia-dos-namorados-e-compartilha-as-tendencias-do-mundo-do-chocolate-para-os-proximos-meses\/#article\",\"isPartOf\":{\"@id\":\"https:\/\/homolog.harald.com.br\/site-2026\/blog\/harald-realiza-programacao-especial-para-dia-dos-namorados-e-compartilha-as-tendencias-do-mundo-do-chocolate-para-os-proximos-meses\/\"},\"author\":{\"name\":\"Bruna Teodoro\",\"@id\":\"https:\/\/homolog.harald.com.br\/site-2026\/#\/schema\/person\/37dcc072f872b17c519dd3097a7925e5\"},\"headline\":\"Harald realiza programa\u00e7\u00e3o especial para Dia dos Namorados e compartilha as tend\u00eancias do mundo do chocolate para os pr\u00f3ximos meses\",\"datePublished\":\"2022-04-29T14:18:01+00:00\",\"dateModified\":\"2023-01-04T14:18:41+00:00\",\"mainEntityOfPage\":{\"@id\":\"https:\/\/homolog.harald.com.br\/site-2026\/blog\/harald-realiza-programacao-especial-para-dia-dos-namorados-e-compartilha-as-tendencias-do-mundo-do-chocolate-para-os-proximos-meses\/\"},\"wordCount\":337,\"publisher\":{\"@id\":\"https:\/\/homolog.harald.com.br\/site-2026\/#organization\"},\"image\":{\"@id\":\"https:\/\/homolog.harald.com.br\/site-2026\/blog\/harald-realiza-programacao-especial-para-dia-dos-namorados-e-compartilha-as-tendencias-do-mundo-do-chocolate-para-os-proximos-meses\/#primaryimage\"},\"thumbnailUrl\":\"https:\/\/homolog.harald.com.br\/site-2026\/wp-content\/uploads\/2023\/01\/harald-realiza-programacao-especial-para-dia-dos-namorados-e-compartilha-as-tendencias-do-mundo-do-chocolate-para-os-proximos-meses.jpg\",\"articleSection\":[\"Not\u00edcias\"],\"inLanguage\":\"pt-BR\"},{\"@type\":\"WebPage\",\"@id\":\"https:\/\/homolog.harald.com.br\/site-2026\/blog\/harald-realiza-programacao-especial-para-dia-dos-namorados-e-compartilha-as-tendencias-do-mundo-do-chocolate-para-os-proximos-meses\/\",\"url\":\"https:\/\/homolog.harald.com.br\/site-2026\/blog\/harald-realiza-programacao-especial-para-dia-dos-namorados-e-compartilha-as-tendencias-do-mundo-do-chocolate-para-os-proximos-meses\/\",\"name\":\"Harald realiza programa\u00e7\u00e3o especial para Dia dos Namorados e compartilha as tend\u00eancias do mundo do chocolate para os pr\u00f3ximos meses - Harald\",\"isPartOf\":{\"@id\":\"https:\/\/homolog.harald.com.br\/site-2026\/#website\"},\"primaryImageOfPage\":{\"@id\":\"https:\/\/homolog.harald.com.br\/site-2026\/blog\/harald-realiza-programacao-especial-para-dia-dos-namorados-e-compartilha-as-tendencias-do-mundo-do-chocolate-para-os-proximos-meses\/#primaryimage\"},\"image\":{\"@id\":\"https:\/\/homolog.harald.com.br\/site-2026\/blog\/harald-realiza-programacao-especial-para-dia-dos-namorados-e-compartilha-as-tendencias-do-mundo-do-chocolate-para-os-proximos-meses\/#primaryimage\"},\"thumbnailUrl\":\"https:\/\/homolog.harald.com.br\/site-2026\/wp-content\/uploads\/2023\/01\/harald-realiza-programacao-especial-para-dia-dos-namorados-e-compartilha-as-tendencias-do-mundo-do-chocolate-para-os-proximos-meses.jpg\",\"datePublished\":\"2022-04-29T14:18:01+00:00\",\"dateModified\":\"2023-01-04T14:18:41+00:00\",\"breadcrumb\":{\"@id\":\"https:\/\/homolog.harald.com.br\/site-2026\/blog\/harald-realiza-programacao-especial-para-dia-dos-namorados-e-compartilha-as-tendencias-do-mundo-do-chocolate-para-os-proximos-meses\/#breadcrumb\"},\"inLanguage\":\"pt-BR\",\"potentialAction\":[{\"@type\":\"ReadAction\",\"target\":[\"https:\/\/homolog.harald.com.br\/site-2026\/blog\/harald-realiza-programacao-especial-para-dia-dos-namorados-e-compartilha-as-tendencias-do-mundo-do-chocolate-para-os-proximos-meses\/\"]}]},{\"@type\":\"ImageObject\",\"inLanguage\":\"pt-BR\",\"@id\":\"https:\/\/homolog.harald.com.br\/site-2026\/blog\/harald-realiza-programacao-especial-para-dia-dos-namorados-e-compartilha-as-tendencias-do-mundo-do-chocolate-para-os-proximos-meses\/#primaryimage\",\"url\":\"https:\/\/homolog.harald.com.br\/site-2026\/wp-content\/uploads\/2023\/01\/harald-realiza-programacao-especial-para-dia-dos-namorados-e-compartilha-as-tendencias-do-mundo-do-chocolate-para-os-proximos-meses.jpg\",\"contentUrl\":\"https:\/\/homolog.harald.com.br\/site-2026\/wp-content\/uploads\/2023\/01\/harald-realiza-programacao-especial-para-dia-dos-namorados-e-compartilha-as-tendencias-do-mundo-do-chocolate-para-os-proximos-meses.jpg\",\"width\":800,\"height\":533},{\"@type\":\"BreadcrumbList\",\"@id\":\"https:\/\/homolog.harald.com.br\/site-2026\/blog\/harald-realiza-programacao-especial-para-dia-dos-namorados-e-compartilha-as-tendencias-do-mundo-do-chocolate-para-os-proximos-meses\/#breadcrumb\",\"itemListElement\":[{\"@type\":\"ListItem\",\"position\":1,\"name\":\"In\u00edcio\",\"item\":\"https:\/\/homolog.harald.com.br\/site-2026\/\"},{\"@type\":\"ListItem\",\"position\":2,\"name\":\"Harald realiza programa\u00e7\u00e3o especial para Dia dos Namorados e compartilha as tend\u00eancias do mundo do chocolate para os pr\u00f3ximos meses\"}]},{\"@type\":\"WebSite\",\"@id\":\"https:\/\/homolog.harald.com.br\/site-2026\/#website\",\"url\":\"https:\/\/homolog.harald.com.br\/site-2026\/\",\"name\":\"Harald\",\"description\":\"Fazer melhor \u00e9 fazer com paix\u00e3o\",\"publisher\":{\"@id\":\"https:\/\/homolog.harald.com.br\/site-2026\/#organization\"},\"potentialAction\":[{\"@type\":\"SearchAction\",\"target\":{\"@type\":\"EntryPoint\",\"urlTemplate\":\"https:\/\/homolog.harald.com.br\/site-2026\/?s={search_term_string}\"},\"query-input\":{\"@type\":\"PropertyValueSpecification\",\"valueRequired\":true,\"valueName\":\"search_term_string\"}}],\"inLanguage\":\"pt-BR\"},{\"@type\":\"Organization\",\"@id\":\"https:\/\/homolog.harald.com.br\/site-2026\/#organization\",\"name\":\"Harald\",\"url\":\"https:\/\/homolog.harald.com.br\/site-2026\/\",\"logo\":{\"@type\":\"ImageObject\",\"inLanguage\":\"pt-BR\",\"@id\":\"https:\/\/homolog.harald.com.br\/site-2026\/#\/schema\/logo\/image\/\",\"url\":\"https:\/\/homolog.harald.com.br\/site-2026\/wp-content\/uploads\/2022\/09\/logo-harald-cmyk-ss.png\",\"contentUrl\":\"https:\/\/homolog.harald.com.br\/site-2026\/wp-content\/uploads\/2022\/09\/logo-harald-cmyk-ss.png\",\"width\":1948,\"height\":1051,\"caption\":\"Harald\"},\"image\":{\"@id\":\"https:\/\/homolog.harald.com.br\/site-2026\/#\/schema\/logo\/image\/\"},\"sameAs\":[\"https:\/\/www.facebook.com\/HaraldChocolates\/\",\"https:\/\/www.youtube.com\/user\/HaraldChocolates\"]},{\"@type\":\"Person\",\"@id\":\"https:\/\/homolog.harald.com.br\/site-2026\/#\/schema\/person\/37dcc072f872b17c519dd3097a7925e5\",\"name\":\"Bruna Teodoro\",\"image\":{\"@type\":\"ImageObject\",\"inLanguage\":\"pt-BR\",\"@id\":\"https:\/\/homolog.harald.com.br\/site-2026\/#\/schema\/person\/image\/\",\"url\":\"https:\/\/secure.gravatar.com\/avatar\/7da0050c7a3bd4d6df113dcfae1a5b72c8690bc5d4bb4fabab7e4d34d582ceea?s=96&d=mm&r=g\",\"contentUrl\":\"https:\/\/secure.gravatar.com\/avatar\/7da0050c7a3bd4d6df113dcfae1a5b72c8690bc5d4bb4fabab7e4d34d582ceea?s=96&d=mm&r=g\",\"caption\":\"Bruna Teodoro\"},\"url\":\"https:\/\/homolog.harald.com.br\/site-2026\/blog\/author\/bruna-teodoro\/\"}]}<\/script>\n<!-- \/ Yoast SEO plugin. -->","yoast_head_json":{"title":"Harald realiza programa\u00e7\u00e3o especial para Dia dos Namorados e compartilha as tend\u00eancias do mundo do chocolate para os pr\u00f3ximos meses - Harald","robots":{"index":"noindex","follow":"follow","max-snippet":"max-snippet:-1","max-image-preview":"max-image-preview:large","max-video-preview":"max-video-preview:-1"},"og_locale":"pt_BR","og_type":"article","og_title":"Harald realiza programa\u00e7\u00e3o especial para Dia dos Namorados e compartilha as tend\u00eancias do mundo do chocolate para os pr\u00f3ximos meses - Harald","og_description":"Harald realiza programa\u00e7\u00e3o especial para Dia dos Namorados e compartilha as tend\u00eancias do mundo do chocolate para os pr\u00f3ximos meses Programa\u00e7\u00e3o contar\u00e1 com lives dos chefs embaixadores da marca Rafael Barros, Vivian Feldman, Lucas Corazza e Alexandre Bispo\u00a0\u00a0\u00a0 &nbsp; S\u00e3o Paulo, maio de 2022 &#8211; Disputado em datas rom\u00e2nticas, o chocolate \u00e9 tamb\u00e9m uma fonte Read more...","og_url":"https:\/\/homolog.harald.com.br\/site-2026\/blog\/harald-realiza-programacao-especial-para-dia-dos-namorados-e-compartilha-as-tendencias-do-mundo-do-chocolate-para-os-proximos-meses\/","og_site_name":"Harald","article_publisher":"https:\/\/www.facebook.com\/HaraldChocolates\/","article_published_time":"2022-04-29T14:18:01+00:00","article_modified_time":"2023-01-04T14:18:41+00:00","og_image":[{"width":800,"height":533,"url":"https:\/\/homolog.harald.com.br\/site-2026\/wp-content\/uploads\/2023\/01\/harald-realiza-programacao-especial-para-dia-dos-namorados-e-compartilha-as-tendencias-do-mundo-do-chocolate-para-os-proximos-meses.jpg","type":"image\/jpeg"}],"author":"Bruna Teodoro","twitter_card":"summary_large_image","twitter_misc":{"Escrito por":"Bruna Teodoro","Est. tempo de leitura":"2 minutos"},"schema":{"@context":"https:\/\/schema.org","@graph":[{"@type":"Article","@id":"https:\/\/homolog.harald.com.br\/site-2026\/blog\/harald-realiza-programacao-especial-para-dia-dos-namorados-e-compartilha-as-tendencias-do-mundo-do-chocolate-para-os-proximos-meses\/#article","isPartOf":{"@id":"https:\/\/homolog.harald.com.br\/site-2026\/blog\/harald-realiza-programacao-especial-para-dia-dos-namorados-e-compartilha-as-tendencias-do-mundo-do-chocolate-para-os-proximos-meses\/"},"author":{"name":"Bruna Teodoro","@id":"https:\/\/homolog.harald.com.br\/site-2026\/#\/schema\/person\/37dcc072f872b17c519dd3097a7925e5"},"headline":"Harald realiza programa\u00e7\u00e3o especial para Dia dos Namorados e compartilha as tend\u00eancias do mundo do chocolate para os pr\u00f3ximos meses","datePublished":"2022-04-29T14:18:01+00:00","dateModified":"2023-01-04T14:18:41+00:00","mainEntityOfPage":{"@id":"https:\/\/homolog.harald.com.br\/site-2026\/blog\/harald-realiza-programacao-especial-para-dia-dos-namorados-e-compartilha-as-tendencias-do-mundo-do-chocolate-para-os-proximos-meses\/"},"wordCount":337,"publisher":{"@id":"https:\/\/homolog.harald.com.br\/site-2026\/#organization"},"image":{"@id":"https:\/\/homolog.harald.com.br\/site-2026\/blog\/harald-realiza-programacao-especial-para-dia-dos-namorados-e-compartilha-as-tendencias-do-mundo-do-chocolate-para-os-proximos-meses\/#primaryimage"},"thumbnailUrl":"https:\/\/homolog.harald.com.br\/site-2026\/wp-content\/uploads\/2023\/01\/harald-realiza-programacao-especial-para-dia-dos-namorados-e-compartilha-as-tendencias-do-mundo-do-chocolate-para-os-proximos-meses.jpg","articleSection":["Not\u00edcias"],"inLanguage":"pt-BR"},{"@type":"WebPage","@id":"https:\/\/homolog.harald.com.br\/site-2026\/blog\/harald-realiza-programacao-especial-para-dia-dos-namorados-e-compartilha-as-tendencias-do-mundo-do-chocolate-para-os-proximos-meses\/","url":"https:\/\/homolog.harald.com.br\/site-2026\/blog\/harald-realiza-programacao-especial-para-dia-dos-namorados-e-compartilha-as-tendencias-do-mundo-do-chocolate-para-os-proximos-meses\/","name":"Harald realiza programa\u00e7\u00e3o especial para Dia dos Namorados e compartilha as tend\u00eancias do mundo do chocolate para os pr\u00f3ximos meses - Harald","isPartOf":{"@id":"https:\/\/homolog.harald.com.br\/site-2026\/#website"},"primaryImageOfPage":{"@id":"https:\/\/homolog.harald.com.br\/site-2026\/blog\/harald-realiza-programacao-especial-para-dia-dos-namorados-e-compartilha-as-tendencias-do-mundo-do-chocolate-para-os-proximos-meses\/#primaryimage"},"image":{"@id":"https:\/\/homolog.harald.com.br\/site-2026\/blog\/harald-realiza-programacao-especial-para-dia-dos-namorados-e-compartilha-as-tendencias-do-mundo-do-chocolate-para-os-proximos-meses\/#primaryimage"},"thumbnailUrl":"https:\/\/homolog.harald.com.br\/site-2026\/wp-content\/uploads\/2023\/01\/harald-realiza-programacao-especial-para-dia-dos-namorados-e-compartilha-as-tendencias-do-mundo-do-chocolate-para-os-proximos-meses.jpg","datePublished":"2022-04-29T14:18:01+00:00","dateModified":"2023-01-04T14:18:41+00:00","breadcrumb":{"@id":"https:\/\/homolog.harald.com.br\/site-2026\/blog\/harald-realiza-programacao-especial-para-dia-dos-namorados-e-compartilha-as-tendencias-do-mundo-do-chocolate-para-os-proximos-meses\/#breadcrumb"},"inLanguage":"pt-BR","potentialAction":[{"@type":"ReadAction","target":["https:\/\/homolog.harald.com.br\/site-2026\/blog\/harald-realiza-programacao-especial-para-dia-dos-namorados-e-compartilha-as-tendencias-do-mundo-do-chocolate-para-os-proximos-meses\/"]}]},{"@type":"ImageObject","inLanguage":"pt-BR","@id":"https:\/\/homolog.harald.com.br\/site-2026\/blog\/harald-realiza-programacao-especial-para-dia-dos-namorados-e-compartilha-as-tendencias-do-mundo-do-chocolate-para-os-proximos-meses\/#primaryimage","url":"https:\/\/homolog.harald.com.br\/site-2026\/wp-content\/uploads\/2023\/01\/harald-realiza-programacao-especial-para-dia-dos-namorados-e-compartilha-as-tendencias-do-mundo-do-chocolate-para-os-proximos-meses.jpg","contentUrl":"https:\/\/homolog.harald.com.br\/site-2026\/wp-content\/uploads\/2023\/01\/harald-realiza-programacao-especial-para-dia-dos-namorados-e-compartilha-as-tendencias-do-mundo-do-chocolate-para-os-proximos-meses.jpg","width":800,"height":533},{"@type":"BreadcrumbList","@id":"https:\/\/homolog.harald.com.br\/site-2026\/blog\/harald-realiza-programacao-especial-para-dia-dos-namorados-e-compartilha-as-tendencias-do-mundo-do-chocolate-para-os-proximos-meses\/#breadcrumb","itemListElement":[{"@type":"ListItem","position":1,"name":"In\u00edcio","item":"https:\/\/homolog.harald.com.br\/site-2026\/"},{"@type":"ListItem","position":2,"name":"Harald realiza programa\u00e7\u00e3o especial para Dia dos Namorados e compartilha as tend\u00eancias do mundo do chocolate para os pr\u00f3ximos meses"}]},{"@type":"WebSite","@id":"https:\/\/homolog.harald.com.br\/site-2026\/#website","url":"https:\/\/homolog.harald.com.br\/site-2026\/","name":"Harald","description":"Fazer melhor \u00e9 fazer com paix\u00e3o","publisher":{"@id":"https:\/\/homolog.harald.com.br\/site-2026\/#organization"},"potentialAction":[{"@type":"SearchAction","target":{"@type":"EntryPoint","urlTemplate":"https:\/\/homolog.harald.com.br\/site-2026\/?s={search_term_string}"},"query-input":{"@type":"PropertyValueSpecification","valueRequired":true,"valueName":"search_term_string"}}],"inLanguage":"pt-BR"},{"@type":"Organization","@id":"https:\/\/homolog.harald.com.br\/site-2026\/#organization","name":"Harald","url":"https:\/\/homolog.harald.com.br\/site-2026\/","logo":{"@type":"ImageObject","inLanguage":"pt-BR","@id":"https:\/\/homolog.harald.com.br\/site-2026\/#\/schema\/logo\/image\/","url":"https:\/\/homolog.harald.com.br\/site-2026\/wp-content\/uploads\/2022\/09\/logo-harald-cmyk-ss.png","contentUrl":"https:\/\/homolog.harald.com.br\/site-2026\/wp-content\/uploads\/2022\/09\/logo-harald-cmyk-ss.png","width":1948,"height":1051,"caption":"Harald"},"image":{"@id":"https:\/\/homolog.harald.com.br\/site-2026\/#\/schema\/logo\/image\/"},"sameAs":["https:\/\/www.facebook.com\/HaraldChocolates\/","https:\/\/www.youtube.com\/user\/HaraldChocolates"]},{"@type":"Person","@id":"https:\/\/homolog.harald.com.br\/site-2026\/#\/schema\/person\/37dcc072f872b17c519dd3097a7925e5","name":"Bruna Teodoro","image":{"@type":"ImageObject","inLanguage":"pt-BR","@id":"https:\/\/homolog.harald.com.br\/site-2026\/#\/schema\/person\/image\/","url":"https:\/\/secure.gravatar.com\/avatar\/7da0050c7a3bd4d6df113dcfae1a5b72c8690bc5d4bb4fabab7e4d34d582ceea?s=96&d=mm&r=g","contentUrl":"https:\/\/secure.gravatar.com\/avatar\/7da0050c7a3bd4d6df113dcfae1a5b72c8690bc5d4bb4fabab7e4d34d582ceea?s=96&d=mm&r=g","caption":"Bruna Teodoro"},"url":"https:\/\/homolog.harald.com.br\/site-2026\/blog\/author\/bruna-teodoro\/"}]}},"uagb_featured_image_src":{"full":["https:\/\/homolog.harald.com.br\/site-2026\/wp-content\/uploads\/2023\/01\/harald-realiza-programacao-especial-para-dia-dos-namorados-e-compartilha-as-tendencias-do-mundo-do-chocolate-para-os-proximos-meses.jpg",800,533,false],"thumbnail":["https:\/\/homolog.harald.com.br\/site-2026\/wp-content\/uploads\/2023\/01\/harald-realiza-programacao-especial-para-dia-dos-namorados-e-compartilha-as-tendencias-do-mundo-do-chocolate-para-os-proximos-meses-150x150.jpg",150,150,true],"medium":["https:\/\/homolog.harald.com.br\/site-2026\/wp-content\/uploads\/2023\/01\/harald-realiza-programacao-especial-para-dia-dos-namorados-e-compartilha-as-tendencias-do-mundo-do-chocolate-para-os-proximos-meses-300x200.jpg",300,200,true],"medium_large":["https:\/\/homolog.harald.com.br\/site-2026\/wp-content\/uploads\/2023\/01\/harald-realiza-programacao-especial-para-dia-dos-namorados-e-compartilha-as-tendencias-do-mundo-do-chocolate-para-os-proximos-meses-768x512.jpg",768,512,true],"large":["https:\/\/homolog.harald.com.br\/site-2026\/wp-content\/uploads\/2023\/01\/harald-realiza-programacao-especial-para-dia-dos-namorados-e-compartilha-as-tendencias-do-mundo-do-chocolate-para-os-proximos-meses.jpg",800,533,false],"1536x1536":["https:\/\/homolog.harald.com.br\/site-2026\/wp-content\/uploads\/2023\/01\/harald-realiza-programacao-especial-para-dia-dos-namorados-e-compartilha-as-tendencias-do-mundo-do-chocolate-para-os-proximos-meses.jpg",800,533,false],"2048x2048":["https:\/\/homolog.harald.com.br\/site-2026\/wp-content\/uploads\/2023\/01\/harald-realiza-programacao-especial-para-dia-dos-namorados-e-compartilha-as-tendencias-do-mundo-do-chocolate-para-os-proximos-meses.jpg",800,533,false],"full-width":["https:\/\/homolog.harald.com.br\/site-2026\/wp-content\/uploads\/2023\/01\/harald-realiza-programacao-especial-para-dia-dos-namorados-e-compartilha-as-tendencias-do-mundo-do-chocolate-para-os-proximos-meses.jpg",800,533,false],"gform-image-choice-sm":["https:\/\/homolog.harald.com.br\/site-2026\/wp-content\/uploads\/2023\/01\/harald-realiza-programacao-especial-para-dia-dos-namorados-e-compartilha-as-tendencias-do-mundo-do-chocolate-para-os-proximos-meses.jpg",300,200,false],"gform-image-choice-md":["https:\/\/homolog.harald.com.br\/site-2026\/wp-content\/uploads\/2023\/01\/harald-realiza-programacao-especial-para-dia-dos-namorados-e-compartilha-as-tendencias-do-mundo-do-chocolate-para-os-proximos-meses.jpg",400,267,false],"gform-image-choice-lg":["https:\/\/homolog.harald.com.br\/site-2026\/wp-content\/uploads\/2023\/01\/harald-realiza-programacao-especial-para-dia-dos-namorados-e-compartilha-as-tendencias-do-mundo-do-chocolate-para-os-proximos-meses.jpg",600,400,false]},"uagb_author_info":{"display_name":"Bruna Teodoro","author_link":"https:\/\/homolog.harald.com.br\/site-2026\/blog\/author\/bruna-teodoro\/"},"uagb_comment_info":0,"uagb_excerpt":"Harald realiza programa\u00e7\u00e3o especial para Dia dos Namorados e compartilha as tend\u00eancias do mundo do chocolate para os pr\u00f3ximos meses Programa\u00e7\u00e3o contar\u00e1 com lives dos chefs embaixadores da marca Rafael Barros, Vivian Feldman, Lucas Corazza e Alexandre Bispo\u00a0\u00a0\u00a0 &nbsp; S\u00e3o Paulo, maio de 2022 &#8211; Disputado em datas rom\u00e2nticas, o chocolate \u00e9 tamb\u00e9m uma fonte&hellip;","_links":{"self":[{"href":"https:\/\/homolog.harald.com.br\/site-2026\/wp-json\/wp\/v2\/posts\/56757","targetHints":{"allow":["GET"]}}],"collection":[{"href":"https:\/\/homolog.harald.com.br\/site-2026\/wp-json\/wp\/v2\/posts"}],"about":[{"href":"https:\/\/homolog.harald.com.br\/site-2026\/wp-json\/wp\/v2\/types\/post"}],"author":[{"embeddable":true,"href":"https:\/\/homolog.harald.com.br\/site-2026\/wp-json\/wp\/v2\/users\/11"}],"replies":[{"embeddable":true,"href":"https:\/\/homolog.harald.com.br\/site-2026\/wp-json\/wp\/v2\/comments?post=56757"}],"version-history":[{"count":1,"href":"https:\/\/homolog.harald.com.br\/site-2026\/wp-json\/wp\/v2\/posts\/56757\/revisions"}],"predecessor-version":[{"id":56762,"href":"https:\/\/homolog.harald.com.br\/site-2026\/wp-json\/wp\/v2\/posts\/56757\/revisions\/56762"}],"wp:featuredmedia":[{"embeddable":true,"href":"https:\/\/homolog.harald.com.br\/site-2026\/wp-json\/wp\/v2\/media\/56759"}],"wp:attachment":[{"href":"https:\/\/homolog.harald.com.br\/site-2026\/wp-json\/wp\/v2\/media?parent=56757"}],"wp:term":[{"taxonomy":"category","embeddable":true,"href":"https:\/\/homolog.harald.com.br\/site-2026\/wp-json\/wp\/v2\/categories?post=56757"},{"taxonomy":"post_tag","embeddable":true,"href":"https:\/\/homolog.harald.com.br\/site-2026\/wp-json\/wp\/v2\/tags?post=56757"},{"taxonomy":"para-seu-negocio","embeddable":true,"href":"https:\/\/homolog.harald.com.br\/site-2026\/wp-json\/wp\/v2\/para-seu-negocio?post=56757"}],"curies":[{"name":"wp","href":"https:\/\/api.w.org\/{rel}","templated":true}]}}