{"id":56081,"date":"2022-06-27T16:29:47","date_gmt":"2022-06-27T19:29:47","guid":{"rendered":"https:\/\/homolog.harald.com.br\/site-2026\/?p=56081"},"modified":"2023-01-04T10:32:12","modified_gmt":"2023-01-04T13:32:12","slug":"harald-realiza-programacao-especial-com-o-chef-ronaldo-ayres-para-comemorar-o-dia-nacional-da-pizza","status":"publish","type":"post","link":"https:\/\/homolog.harald.com.br\/site-2026\/blog\/harald-realiza-programacao-especial-com-o-chef-ronaldo-ayres-para-comemorar-o-dia-nacional-da-pizza\/","title":{"rendered":"Harald realiza programa\u00e7\u00e3o especial com o chef Ronaldo Ayres para comemorar o Dia Nacional da Pizza"},"content":{"rendered":"<h1 style=\"text-align: center;\"><b>Harald realiza programa\u00e7\u00e3o especial com o chef Ronaldo Ayres para comemorar o Dia Nacional da Pizza<\/b><\/h1>\n<p style=\"text-align: center;\"><i><span style=\"font-weight: 400;\">Live ser\u00e1 realizada no perfil oficial da marca no Instagram pelo chef, tamb\u00e9m conhecido como Senhor Pizza, que ensinar\u00e1 uma receita exclusiva para celebrar a data<\/span><\/i><\/p>\n<p>&nbsp;<\/p>\n<p><b>S\u00e3o Paulo, junho de 2022<\/b><span style=\"font-weight: 400;\"> &#8211; <\/span><span style=\"font-weight: 400;\">Segundo a Pesquisa de Or\u00e7amentos Familiares (POF), o Brasil \u00e9 o segundo pa\u00eds do mundo no consumo de pizzas. E <\/span><span style=\"font-weight: 400;\">acompanhando as novas tend\u00eancias desse mercado, a <\/span><b>Harald<\/b><span style=\"font-weight: 400;\">, empresa l\u00edder em coberturas e refer\u00eancia em chocolates para o mercado especializado, em parceria com o Ronaldo Ayres, o conhecido Senhor Pizza, realiza uma live especial no dia 06 de julho, \u00e0s 15h, para celebrar o Dia Nacional da Pizza (10\/07) com uma receita exclusiva: a <\/span><span style=\"font-weight: 400;\">Pizza de P\u00e3o de Mel.<\/span><\/p>\n<p>&nbsp;<\/p>\n<p><span style=\"font-weight: 400;\">Ronaldo Ayres \u00e9 consultor gastron\u00f4mico, al\u00e9m de diretor, professor e palestrante do CTP &#8211; Centro Tecnol\u00f3gico de Desenvolvimento de Pizzas &amp; Massas do Brasil. A convite da <\/span><b>marca<\/b><span style=\"font-weight: 400;\">, ele participa da programa\u00e7\u00e3o da semana da pizza que, apesar de n\u00e3o ter nascido no Brasil, caiu no gosto dos brasileiros, sendo S\u00e3o Paulo a segunda cidade que mais consome a comida no mundo, atr\u00e1s apenas de Nova York.\u00a0<\/span><\/p>\n<p>&nbsp;<\/p>\n<p><span style=\"font-weight: 400;\">Na live, o Senhor Pizza ensinar\u00e1 como preparar a pizza doce de P\u00e3o de Mel com massa de chocolate, recheio de churros e borda feita com recheio forne\u00e1vel de chocolate ao leite, da linha Confeiteiro. Al\u00e9m disso, <\/span><span style=\"font-weight: 400;\">o especialista mostrar\u00e1 as t\u00e9cnicas para montar e rechear para obter um resultado com excelente acabamento, os cuidados necess\u00e1rios com o forno, entre outras dicas que poder\u00e3o facilitar a produ\u00e7\u00e3o no dia a dia e conquistar muitos clientes.<\/span><\/p>\n<p>&nbsp;<\/p>\n<p><b>Live &#8211; Dia da Pizza:<\/b><\/p>\n<ul>\n<li aria-level=\"1\"><b>Dia: <\/b><span style=\"font-weight: 400;\">06\/07\/2022<\/span><\/li>\n<\/ul>\n<ul>\n<li aria-level=\"1\"><b>Hor\u00e1rio: <\/b><span style=\"font-weight: 400;\">15h<\/span><\/li>\n<\/ul>\n<ul>\n<li aria-level=\"1\"><b>Perfil do Instagram: <\/b><span style=\"font-weight: 400;\">@haraldchocolates<\/span><\/li>\n<\/ul>\n<p>&nbsp;<\/p>\n","protected":false},"excerpt":{"rendered":"<p>Harald realiza programa\u00e7\u00e3o especial com o chef Ronaldo Ayres para comemorar o Dia Nacional da Pizza Live ser\u00e1 realizada no perfil oficial da marca no Instagram pelo chef, tamb\u00e9m conhecido como Senhor Pizza, que ensinar\u00e1 uma receita exclusiva para celebrar a data &nbsp; S\u00e3o Paulo, junho de 2022 &#8211; Segundo a Pesquisa de Or\u00e7amentos Familiares <a class=\"more-link\" href=\"https:\/\/homolog.harald.com.br\/site-2026\/blog\/harald-realiza-programacao-especial-com-o-chef-ronaldo-ayres-para-comemorar-o-dia-nacional-da-pizza\/\">Read more&#8230;<\/a><\/p>\n","protected":false},"author":11,"featured_media":56084,"comment_status":"closed","ping_status":"closed","sticky":false,"template":"","format":"standard","meta":{"_acf_changed":false,"_uag_custom_page_level_css":"","footnotes":""},"categories":[158],"tags":[],"para-seu-negocio":[],"class_list":["post-56081","post","type-post","status-publish","format-standard","has-post-thumbnail","hentry","category-noticias"],"acf":[],"yoast_head":"<!-- This site is optimized with the Yoast SEO plugin v26.3 - https:\/\/yoast.com\/wordpress\/plugins\/seo\/ -->\n<title>Harald realiza programa\u00e7\u00e3o especial com o chef Ronaldo Ayres para comemorar o Dia Nacional da Pizza - Harald<\/title>\n<meta name=\"robots\" content=\"noindex, follow, max-snippet:-1, max-image-preview:large, max-video-preview:-1\" \/>\n<meta property=\"og:locale\" content=\"pt_BR\" \/>\n<meta property=\"og:type\" content=\"article\" \/>\n<meta property=\"og:title\" content=\"Harald realiza programa\u00e7\u00e3o especial com o chef Ronaldo Ayres para comemorar o Dia Nacional da Pizza - Harald\" \/>\n<meta property=\"og:description\" content=\"Harald realiza programa\u00e7\u00e3o especial com o chef Ronaldo Ayres para comemorar o Dia Nacional da Pizza Live ser\u00e1 realizada no perfil oficial da marca no Instagram pelo chef, tamb\u00e9m conhecido como Senhor Pizza, que ensinar\u00e1 uma receita exclusiva para celebrar a data &nbsp; S\u00e3o Paulo, junho de 2022 &#8211; Segundo a Pesquisa de Or\u00e7amentos Familiares Read more...\" \/>\n<meta property=\"og:url\" content=\"https:\/\/homolog.harald.com.br\/site-2026\/blog\/harald-realiza-programacao-especial-com-o-chef-ronaldo-ayres-para-comemorar-o-dia-nacional-da-pizza\/\" \/>\n<meta property=\"og:site_name\" content=\"Harald\" \/>\n<meta property=\"article:publisher\" content=\"https:\/\/www.facebook.com\/HaraldChocolates\/\" \/>\n<meta property=\"article:published_time\" content=\"2022-06-27T19:29:47+00:00\" \/>\n<meta property=\"article:modified_time\" content=\"2023-01-04T13:32:12+00:00\" \/>\n<meta property=\"og:image\" content=\"https:\/\/homolog.harald.com.br\/site-2026\/wp-content\/uploads\/2023\/01\/05071353-pizza-de-pjpg.jpg\" \/>\n\t<meta property=\"og:image:width\" content=\"1080\" \/>\n\t<meta property=\"og:image:height\" content=\"720\" \/>\n\t<meta property=\"og:image:type\" content=\"image\/jpeg\" \/>\n<meta name=\"author\" content=\"Bruna Teodoro\" \/>\n<meta name=\"twitter:card\" content=\"summary_large_image\" \/>\n<meta name=\"twitter:label1\" content=\"Escrito por\" \/>\n\t<meta name=\"twitter:data1\" content=\"Bruna Teodoro\" \/>\n\t<meta name=\"twitter:label2\" content=\"Est. tempo de leitura\" \/>\n\t<meta name=\"twitter:data2\" content=\"2 minutos\" \/>\n<script type=\"application\/ld+json\" class=\"yoast-schema-graph\">{\"@context\":\"https:\/\/schema.org\",\"@graph\":[{\"@type\":\"Article\",\"@id\":\"https:\/\/homolog.harald.com.br\/site-2026\/blog\/harald-realiza-programacao-especial-com-o-chef-ronaldo-ayres-para-comemorar-o-dia-nacional-da-pizza\/#article\",\"isPartOf\":{\"@id\":\"https:\/\/homolog.harald.com.br\/site-2026\/blog\/harald-realiza-programacao-especial-com-o-chef-ronaldo-ayres-para-comemorar-o-dia-nacional-da-pizza\/\"},\"author\":{\"name\":\"Bruna Teodoro\",\"@id\":\"https:\/\/homolog.harald.com.br\/site-2026\/#\/schema\/person\/37dcc072f872b17c519dd3097a7925e5\"},\"headline\":\"Harald realiza programa\u00e7\u00e3o especial com o chef Ronaldo Ayres para comemorar o Dia Nacional da Pizza\",\"datePublished\":\"2022-06-27T19:29:47+00:00\",\"dateModified\":\"2023-01-04T13:32:12+00:00\",\"mainEntityOfPage\":{\"@id\":\"https:\/\/homolog.harald.com.br\/site-2026\/blog\/harald-realiza-programacao-especial-com-o-chef-ronaldo-ayres-para-comemorar-o-dia-nacional-da-pizza\/\"},\"wordCount\":322,\"publisher\":{\"@id\":\"https:\/\/homolog.harald.com.br\/site-2026\/#organization\"},\"image\":{\"@id\":\"https:\/\/homolog.harald.com.br\/site-2026\/blog\/harald-realiza-programacao-especial-com-o-chef-ronaldo-ayres-para-comemorar-o-dia-nacional-da-pizza\/#primaryimage\"},\"thumbnailUrl\":\"https:\/\/homolog.harald.com.br\/site-2026\/wp-content\/uploads\/2023\/01\/05071353-pizza-de-pjpg.jpg\",\"articleSection\":[\"Not\u00edcias\"],\"inLanguage\":\"pt-BR\"},{\"@type\":\"WebPage\",\"@id\":\"https:\/\/homolog.harald.com.br\/site-2026\/blog\/harald-realiza-programacao-especial-com-o-chef-ronaldo-ayres-para-comemorar-o-dia-nacional-da-pizza\/\",\"url\":\"https:\/\/homolog.harald.com.br\/site-2026\/blog\/harald-realiza-programacao-especial-com-o-chef-ronaldo-ayres-para-comemorar-o-dia-nacional-da-pizza\/\",\"name\":\"Harald realiza programa\u00e7\u00e3o especial com o chef Ronaldo Ayres para comemorar o Dia Nacional da Pizza - Harald\",\"isPartOf\":{\"@id\":\"https:\/\/homolog.harald.com.br\/site-2026\/#website\"},\"primaryImageOfPage\":{\"@id\":\"https:\/\/homolog.harald.com.br\/site-2026\/blog\/harald-realiza-programacao-especial-com-o-chef-ronaldo-ayres-para-comemorar-o-dia-nacional-da-pizza\/#primaryimage\"},\"image\":{\"@id\":\"https:\/\/homolog.harald.com.br\/site-2026\/blog\/harald-realiza-programacao-especial-com-o-chef-ronaldo-ayres-para-comemorar-o-dia-nacional-da-pizza\/#primaryimage\"},\"thumbnailUrl\":\"https:\/\/homolog.harald.com.br\/site-2026\/wp-content\/uploads\/2023\/01\/05071353-pizza-de-pjpg.jpg\",\"datePublished\":\"2022-06-27T19:29:47+00:00\",\"dateModified\":\"2023-01-04T13:32:12+00:00\",\"breadcrumb\":{\"@id\":\"https:\/\/homolog.harald.com.br\/site-2026\/blog\/harald-realiza-programacao-especial-com-o-chef-ronaldo-ayres-para-comemorar-o-dia-nacional-da-pizza\/#breadcrumb\"},\"inLanguage\":\"pt-BR\",\"potentialAction\":[{\"@type\":\"ReadAction\",\"target\":[\"https:\/\/homolog.harald.com.br\/site-2026\/blog\/harald-realiza-programacao-especial-com-o-chef-ronaldo-ayres-para-comemorar-o-dia-nacional-da-pizza\/\"]}]},{\"@type\":\"ImageObject\",\"inLanguage\":\"pt-BR\",\"@id\":\"https:\/\/homolog.harald.com.br\/site-2026\/blog\/harald-realiza-programacao-especial-com-o-chef-ronaldo-ayres-para-comemorar-o-dia-nacional-da-pizza\/#primaryimage\",\"url\":\"https:\/\/homolog.harald.com.br\/site-2026\/wp-content\/uploads\/2023\/01\/05071353-pizza-de-pjpg.jpg\",\"contentUrl\":\"https:\/\/homolog.harald.com.br\/site-2026\/wp-content\/uploads\/2023\/01\/05071353-pizza-de-pjpg.jpg\",\"width\":1080,\"height\":720,\"caption\":\"Massa de Chocolate para Pizza\"},{\"@type\":\"BreadcrumbList\",\"@id\":\"https:\/\/homolog.harald.com.br\/site-2026\/blog\/harald-realiza-programacao-especial-com-o-chef-ronaldo-ayres-para-comemorar-o-dia-nacional-da-pizza\/#breadcrumb\",\"itemListElement\":[{\"@type\":\"ListItem\",\"position\":1,\"name\":\"In\u00edcio\",\"item\":\"https:\/\/homolog.harald.com.br\/site-2026\/\"},{\"@type\":\"ListItem\",\"position\":2,\"name\":\"Harald realiza programa\u00e7\u00e3o especial com o chef Ronaldo Ayres para comemorar o Dia Nacional da Pizza\"}]},{\"@type\":\"WebSite\",\"@id\":\"https:\/\/homolog.harald.com.br\/site-2026\/#website\",\"url\":\"https:\/\/homolog.harald.com.br\/site-2026\/\",\"name\":\"Harald\",\"description\":\"Fazer melhor \u00e9 fazer com paix\u00e3o\",\"publisher\":{\"@id\":\"https:\/\/homolog.harald.com.br\/site-2026\/#organization\"},\"potentialAction\":[{\"@type\":\"SearchAction\",\"target\":{\"@type\":\"EntryPoint\",\"urlTemplate\":\"https:\/\/homolog.harald.com.br\/site-2026\/?s={search_term_string}\"},\"query-input\":{\"@type\":\"PropertyValueSpecification\",\"valueRequired\":true,\"valueName\":\"search_term_string\"}}],\"inLanguage\":\"pt-BR\"},{\"@type\":\"Organization\",\"@id\":\"https:\/\/homolog.harald.com.br\/site-2026\/#organization\",\"name\":\"Harald\",\"url\":\"https:\/\/homolog.harald.com.br\/site-2026\/\",\"logo\":{\"@type\":\"ImageObject\",\"inLanguage\":\"pt-BR\",\"@id\":\"https:\/\/homolog.harald.com.br\/site-2026\/#\/schema\/logo\/image\/\",\"url\":\"https:\/\/homolog.harald.com.br\/site-2026\/wp-content\/uploads\/2022\/09\/logo-harald-cmyk-ss.png\",\"contentUrl\":\"https:\/\/homolog.harald.com.br\/site-2026\/wp-content\/uploads\/2022\/09\/logo-harald-cmyk-ss.png\",\"width\":1948,\"height\":1051,\"caption\":\"Harald\"},\"image\":{\"@id\":\"https:\/\/homolog.harald.com.br\/site-2026\/#\/schema\/logo\/image\/\"},\"sameAs\":[\"https:\/\/www.facebook.com\/HaraldChocolates\/\",\"https:\/\/www.youtube.com\/user\/HaraldChocolates\"]},{\"@type\":\"Person\",\"@id\":\"https:\/\/homolog.harald.com.br\/site-2026\/#\/schema\/person\/37dcc072f872b17c519dd3097a7925e5\",\"name\":\"Bruna Teodoro\",\"image\":{\"@type\":\"ImageObject\",\"inLanguage\":\"pt-BR\",\"@id\":\"https:\/\/homolog.harald.com.br\/site-2026\/#\/schema\/person\/image\/\",\"url\":\"https:\/\/secure.gravatar.com\/avatar\/7da0050c7a3bd4d6df113dcfae1a5b72c8690bc5d4bb4fabab7e4d34d582ceea?s=96&d=mm&r=g\",\"contentUrl\":\"https:\/\/secure.gravatar.com\/avatar\/7da0050c7a3bd4d6df113dcfae1a5b72c8690bc5d4bb4fabab7e4d34d582ceea?s=96&d=mm&r=g\",\"caption\":\"Bruna Teodoro\"},\"url\":\"https:\/\/homolog.harald.com.br\/site-2026\/blog\/author\/bruna-teodoro\/\"}]}<\/script>\n<!-- \/ Yoast SEO plugin. -->","yoast_head_json":{"title":"Harald realiza programa\u00e7\u00e3o especial com o chef Ronaldo Ayres para comemorar o Dia Nacional da Pizza - Harald","robots":{"index":"noindex","follow":"follow","max-snippet":"max-snippet:-1","max-image-preview":"max-image-preview:large","max-video-preview":"max-video-preview:-1"},"og_locale":"pt_BR","og_type":"article","og_title":"Harald realiza programa\u00e7\u00e3o especial com o chef Ronaldo Ayres para comemorar o Dia Nacional da Pizza - Harald","og_description":"Harald realiza programa\u00e7\u00e3o especial com o chef Ronaldo Ayres para comemorar o Dia Nacional da Pizza Live ser\u00e1 realizada no perfil oficial da marca no Instagram pelo chef, tamb\u00e9m conhecido como Senhor Pizza, que ensinar\u00e1 uma receita exclusiva para celebrar a data &nbsp; S\u00e3o Paulo, junho de 2022 &#8211; Segundo a Pesquisa de Or\u00e7amentos Familiares Read more...","og_url":"https:\/\/homolog.harald.com.br\/site-2026\/blog\/harald-realiza-programacao-especial-com-o-chef-ronaldo-ayres-para-comemorar-o-dia-nacional-da-pizza\/","og_site_name":"Harald","article_publisher":"https:\/\/www.facebook.com\/HaraldChocolates\/","article_published_time":"2022-06-27T19:29:47+00:00","article_modified_time":"2023-01-04T13:32:12+00:00","og_image":[{"width":1080,"height":720,"url":"https:\/\/homolog.harald.com.br\/site-2026\/wp-content\/uploads\/2023\/01\/05071353-pizza-de-pjpg.jpg","type":"image\/jpeg"}],"author":"Bruna Teodoro","twitter_card":"summary_large_image","twitter_misc":{"Escrito por":"Bruna Teodoro","Est. tempo de leitura":"2 minutos"},"schema":{"@context":"https:\/\/schema.org","@graph":[{"@type":"Article","@id":"https:\/\/homolog.harald.com.br\/site-2026\/blog\/harald-realiza-programacao-especial-com-o-chef-ronaldo-ayres-para-comemorar-o-dia-nacional-da-pizza\/#article","isPartOf":{"@id":"https:\/\/homolog.harald.com.br\/site-2026\/blog\/harald-realiza-programacao-especial-com-o-chef-ronaldo-ayres-para-comemorar-o-dia-nacional-da-pizza\/"},"author":{"name":"Bruna Teodoro","@id":"https:\/\/homolog.harald.com.br\/site-2026\/#\/schema\/person\/37dcc072f872b17c519dd3097a7925e5"},"headline":"Harald realiza programa\u00e7\u00e3o especial com o chef Ronaldo Ayres para comemorar o Dia Nacional da Pizza","datePublished":"2022-06-27T19:29:47+00:00","dateModified":"2023-01-04T13:32:12+00:00","mainEntityOfPage":{"@id":"https:\/\/homolog.harald.com.br\/site-2026\/blog\/harald-realiza-programacao-especial-com-o-chef-ronaldo-ayres-para-comemorar-o-dia-nacional-da-pizza\/"},"wordCount":322,"publisher":{"@id":"https:\/\/homolog.harald.com.br\/site-2026\/#organization"},"image":{"@id":"https:\/\/homolog.harald.com.br\/site-2026\/blog\/harald-realiza-programacao-especial-com-o-chef-ronaldo-ayres-para-comemorar-o-dia-nacional-da-pizza\/#primaryimage"},"thumbnailUrl":"https:\/\/homolog.harald.com.br\/site-2026\/wp-content\/uploads\/2023\/01\/05071353-pizza-de-pjpg.jpg","articleSection":["Not\u00edcias"],"inLanguage":"pt-BR"},{"@type":"WebPage","@id":"https:\/\/homolog.harald.com.br\/site-2026\/blog\/harald-realiza-programacao-especial-com-o-chef-ronaldo-ayres-para-comemorar-o-dia-nacional-da-pizza\/","url":"https:\/\/homolog.harald.com.br\/site-2026\/blog\/harald-realiza-programacao-especial-com-o-chef-ronaldo-ayres-para-comemorar-o-dia-nacional-da-pizza\/","name":"Harald realiza programa\u00e7\u00e3o especial com o chef Ronaldo Ayres para comemorar o Dia Nacional da Pizza - Harald","isPartOf":{"@id":"https:\/\/homolog.harald.com.br\/site-2026\/#website"},"primaryImageOfPage":{"@id":"https:\/\/homolog.harald.com.br\/site-2026\/blog\/harald-realiza-programacao-especial-com-o-chef-ronaldo-ayres-para-comemorar-o-dia-nacional-da-pizza\/#primaryimage"},"image":{"@id":"https:\/\/homolog.harald.com.br\/site-2026\/blog\/harald-realiza-programacao-especial-com-o-chef-ronaldo-ayres-para-comemorar-o-dia-nacional-da-pizza\/#primaryimage"},"thumbnailUrl":"https:\/\/homolog.harald.com.br\/site-2026\/wp-content\/uploads\/2023\/01\/05071353-pizza-de-pjpg.jpg","datePublished":"2022-06-27T19:29:47+00:00","dateModified":"2023-01-04T13:32:12+00:00","breadcrumb":{"@id":"https:\/\/homolog.harald.com.br\/site-2026\/blog\/harald-realiza-programacao-especial-com-o-chef-ronaldo-ayres-para-comemorar-o-dia-nacional-da-pizza\/#breadcrumb"},"inLanguage":"pt-BR","potentialAction":[{"@type":"ReadAction","target":["https:\/\/homolog.harald.com.br\/site-2026\/blog\/harald-realiza-programacao-especial-com-o-chef-ronaldo-ayres-para-comemorar-o-dia-nacional-da-pizza\/"]}]},{"@type":"ImageObject","inLanguage":"pt-BR","@id":"https:\/\/homolog.harald.com.br\/site-2026\/blog\/harald-realiza-programacao-especial-com-o-chef-ronaldo-ayres-para-comemorar-o-dia-nacional-da-pizza\/#primaryimage","url":"https:\/\/homolog.harald.com.br\/site-2026\/wp-content\/uploads\/2023\/01\/05071353-pizza-de-pjpg.jpg","contentUrl":"https:\/\/homolog.harald.com.br\/site-2026\/wp-content\/uploads\/2023\/01\/05071353-pizza-de-pjpg.jpg","width":1080,"height":720,"caption":"Massa de Chocolate para Pizza"},{"@type":"BreadcrumbList","@id":"https:\/\/homolog.harald.com.br\/site-2026\/blog\/harald-realiza-programacao-especial-com-o-chef-ronaldo-ayres-para-comemorar-o-dia-nacional-da-pizza\/#breadcrumb","itemListElement":[{"@type":"ListItem","position":1,"name":"In\u00edcio","item":"https:\/\/homolog.harald.com.br\/site-2026\/"},{"@type":"ListItem","position":2,"name":"Harald realiza programa\u00e7\u00e3o especial com o chef Ronaldo Ayres para comemorar o Dia Nacional da Pizza"}]},{"@type":"WebSite","@id":"https:\/\/homolog.harald.com.br\/site-2026\/#website","url":"https:\/\/homolog.harald.com.br\/site-2026\/","name":"Harald","description":"Fazer melhor \u00e9 fazer com paix\u00e3o","publisher":{"@id":"https:\/\/homolog.harald.com.br\/site-2026\/#organization"},"potentialAction":[{"@type":"SearchAction","target":{"@type":"EntryPoint","urlTemplate":"https:\/\/homolog.harald.com.br\/site-2026\/?s={search_term_string}"},"query-input":{"@type":"PropertyValueSpecification","valueRequired":true,"valueName":"search_term_string"}}],"inLanguage":"pt-BR"},{"@type":"Organization","@id":"https:\/\/homolog.harald.com.br\/site-2026\/#organization","name":"Harald","url":"https:\/\/homolog.harald.com.br\/site-2026\/","logo":{"@type":"ImageObject","inLanguage":"pt-BR","@id":"https:\/\/homolog.harald.com.br\/site-2026\/#\/schema\/logo\/image\/","url":"https:\/\/homolog.harald.com.br\/site-2026\/wp-content\/uploads\/2022\/09\/logo-harald-cmyk-ss.png","contentUrl":"https:\/\/homolog.harald.com.br\/site-2026\/wp-content\/uploads\/2022\/09\/logo-harald-cmyk-ss.png","width":1948,"height":1051,"caption":"Harald"},"image":{"@id":"https:\/\/homolog.harald.com.br\/site-2026\/#\/schema\/logo\/image\/"},"sameAs":["https:\/\/www.facebook.com\/HaraldChocolates\/","https:\/\/www.youtube.com\/user\/HaraldChocolates"]},{"@type":"Person","@id":"https:\/\/homolog.harald.com.br\/site-2026\/#\/schema\/person\/37dcc072f872b17c519dd3097a7925e5","name":"Bruna Teodoro","image":{"@type":"ImageObject","inLanguage":"pt-BR","@id":"https:\/\/homolog.harald.com.br\/site-2026\/#\/schema\/person\/image\/","url":"https:\/\/secure.gravatar.com\/avatar\/7da0050c7a3bd4d6df113dcfae1a5b72c8690bc5d4bb4fabab7e4d34d582ceea?s=96&d=mm&r=g","contentUrl":"https:\/\/secure.gravatar.com\/avatar\/7da0050c7a3bd4d6df113dcfae1a5b72c8690bc5d4bb4fabab7e4d34d582ceea?s=96&d=mm&r=g","caption":"Bruna Teodoro"},"url":"https:\/\/homolog.harald.com.br\/site-2026\/blog\/author\/bruna-teodoro\/"}]}},"uagb_featured_image_src":{"full":["https:\/\/homolog.harald.com.br\/site-2026\/wp-content\/uploads\/2023\/01\/05071353-pizza-de-pjpg.jpg",1080,720,false],"thumbnail":["https:\/\/homolog.harald.com.br\/site-2026\/wp-content\/uploads\/2023\/01\/05071353-pizza-de-pjpg-150x150.jpg",150,150,true],"medium":["https:\/\/homolog.harald.com.br\/site-2026\/wp-content\/uploads\/2023\/01\/05071353-pizza-de-pjpg-300x200.jpg",300,200,true],"medium_large":["https:\/\/homolog.harald.com.br\/site-2026\/wp-content\/uploads\/2023\/01\/05071353-pizza-de-pjpg-768x512.jpg",768,512,true],"large":["https:\/\/homolog.harald.com.br\/site-2026\/wp-content\/uploads\/2023\/01\/05071353-pizza-de-pjpg-1024x683.jpg",1024,683,true],"1536x1536":["https:\/\/homolog.harald.com.br\/site-2026\/wp-content\/uploads\/2023\/01\/05071353-pizza-de-pjpg.jpg",1080,720,false],"2048x2048":["https:\/\/homolog.harald.com.br\/site-2026\/wp-content\/uploads\/2023\/01\/05071353-pizza-de-pjpg.jpg",1080,720,false],"full-width":["https:\/\/homolog.harald.com.br\/site-2026\/wp-content\/uploads\/2023\/01\/05071353-pizza-de-pjpg.jpg",1080,720,false],"gform-image-choice-sm":["https:\/\/homolog.harald.com.br\/site-2026\/wp-content\/uploads\/2023\/01\/05071353-pizza-de-pjpg.jpg",300,200,false],"gform-image-choice-md":["https:\/\/homolog.harald.com.br\/site-2026\/wp-content\/uploads\/2023\/01\/05071353-pizza-de-pjpg.jpg",400,267,false],"gform-image-choice-lg":["https:\/\/homolog.harald.com.br\/site-2026\/wp-content\/uploads\/2023\/01\/05071353-pizza-de-pjpg.jpg",600,400,false]},"uagb_author_info":{"display_name":"Bruna Teodoro","author_link":"https:\/\/homolog.harald.com.br\/site-2026\/blog\/author\/bruna-teodoro\/"},"uagb_comment_info":0,"uagb_excerpt":"Harald realiza programa\u00e7\u00e3o especial com o chef Ronaldo Ayres para comemorar o Dia Nacional da Pizza Live ser\u00e1 realizada no perfil oficial da marca no Instagram pelo chef, tamb\u00e9m conhecido como Senhor Pizza, que ensinar\u00e1 uma receita exclusiva para celebrar a data &nbsp; S\u00e3o Paulo, junho de 2022 &#8211; Segundo a Pesquisa de Or\u00e7amentos Familiares&hellip;","_links":{"self":[{"href":"https:\/\/homolog.harald.com.br\/site-2026\/wp-json\/wp\/v2\/posts\/56081","targetHints":{"allow":["GET"]}}],"collection":[{"href":"https:\/\/homolog.harald.com.br\/site-2026\/wp-json\/wp\/v2\/posts"}],"about":[{"href":"https:\/\/homolog.harald.com.br\/site-2026\/wp-json\/wp\/v2\/types\/post"}],"author":[{"embeddable":true,"href":"https:\/\/homolog.harald.com.br\/site-2026\/wp-json\/wp\/v2\/users\/11"}],"replies":[{"embeddable":true,"href":"https:\/\/homolog.harald.com.br\/site-2026\/wp-json\/wp\/v2\/comments?post=56081"}],"version-history":[{"count":1,"href":"https:\/\/homolog.harald.com.br\/site-2026\/wp-json\/wp\/v2\/posts\/56081\/revisions"}],"predecessor-version":[{"id":56087,"href":"https:\/\/homolog.harald.com.br\/site-2026\/wp-json\/wp\/v2\/posts\/56081\/revisions\/56087"}],"wp:featuredmedia":[{"embeddable":true,"href":"https:\/\/homolog.harald.com.br\/site-2026\/wp-json\/wp\/v2\/media\/56084"}],"wp:attachment":[{"href":"https:\/\/homolog.harald.com.br\/site-2026\/wp-json\/wp\/v2\/media?parent=56081"}],"wp:term":[{"taxonomy":"category","embeddable":true,"href":"https:\/\/homolog.harald.com.br\/site-2026\/wp-json\/wp\/v2\/categories?post=56081"},{"taxonomy":"post_tag","embeddable":true,"href":"https:\/\/homolog.harald.com.br\/site-2026\/wp-json\/wp\/v2\/tags?post=56081"},{"taxonomy":"para-seu-negocio","embeddable":true,"href":"https:\/\/homolog.harald.com.br\/site-2026\/wp-json\/wp\/v2\/para-seu-negocio?post=56081"}],"curies":[{"name":"wp","href":"https:\/\/api.w.org\/{rel}","templated":true}]}}