{"id":56069,"date":"2022-05-27T16:23:17","date_gmt":"2022-05-27T19:23:17","guid":{"rendered":"https:\/\/homolog.harald.com.br\/site-2026\/?p=56069"},"modified":"2023-01-03T16:23:58","modified_gmt":"2023-01-03T19:23:58","slug":"festa-junina-chef-alexandre-bispo-da-dicas-de-confeitaria-para-impulsionar-as-vendas-do-publico-transformador","status":"publish","type":"post","link":"https:\/\/homolog.harald.com.br\/site-2026\/blog\/festa-junina-chef-alexandre-bispo-da-dicas-de-confeitaria-para-impulsionar-as-vendas-do-publico-transformador\/","title":{"rendered":"Festa Junina: Chef Alexandre Bispo d\u00e1 dicas de confeitaria para impulsionar as vendas do p\u00fablico transformador"},"content":{"rendered":"<h1 style=\"text-align: center;\"><b>Festa Junina: Chef Alexandre Bispo d\u00e1 dicas de confeitaria para impulsionar as vendas do p\u00fablico transformador\u00a0\u00a0<\/b><\/h1>\n<p style=\"text-align: center;\"><b>\u00a0<\/b><i><span style=\"font-weight: 400;\">Com receitas mesclando chocolate com ingredientes regionais, Chef embaixador da Harald destaca receitas do Nordeste<\/span><\/i><\/p>\n<p>&nbsp;<\/p>\n<p><b>S\u00e3o Paulo, junho de 2022<\/b><span style=\"font-weight: 400;\"> &#8211; O m\u00eas de junho chegou e com ele as famosas festas de Santo Ant\u00f4nio (13\/06), S\u00e3o Jo\u00e3o (24\/06) e S\u00e3o Pedro (29\/06). Celebra\u00e7\u00f5es que exaltam a identidade regional brasileira com muitas dan\u00e7as e comidas t\u00edpicas. E com a volta dos eventos presenciais a <\/span><b>Harald<\/b><span style=\"font-weight: 400;\">, empresa l\u00edder em coberturas e refer\u00eancia em chocolates para o mercado especializado, ajuda o p\u00fablico transformador com dicas para se destacar nos neg\u00f3cios nesse per\u00edodo do ano.<\/span><\/p>\n<p>&nbsp;<\/p>\n<p><span style=\"font-weight: 400;\">\u201cA data tem a sua import\u00e2ncia para a confeitaria. Para se destacar \u00e9 preciso ser bastante criativo e desenvolver produtos com a tem\u00e1tica das festas, trazendo sabor, aroma e textura dos ingredientes ligados ao per\u00edodo do ano, e oferecer aos seus clientes a melhor experi\u00eancia, e dessa forma aumentar\u00e1 o seu faturamento\u201d, declara o <\/span><b>chef Alexandre Bispo, chef embaixador da Harald<\/b><span style=\"font-weight: 400;\">.<\/span><\/p>\n<p>&nbsp;<\/p>\n<p><span style=\"font-weight: 400;\">Com o aquecimento do setor, a data \u00e9 relevante para os neg\u00f3cios que queiram lucrar al\u00e9m das datas tradicionais do mundo do chocolate. Para Bispo, \u201ca variedade de produtos que pode ser criada \u00e9 infinita, passando por bolos t\u00edpicos, doces, sobremesas, al\u00e9m do Fa\u00e7a e Venda, como cocada de milho, rocambole de milho, p\u00e9 de moleque, entre outras especiarias da culin\u00e1ria nordestina, sempre trazendo um toque de chocolate nas receitas, para entregar um melhor valor agregado ao neg\u00f3cio\u201d.\u00a0<\/span><\/p>\n<p>&nbsp;<\/p>\n<p><span style=\"font-weight: 400;\">Como dica, o chef tamb\u00e9m aconselha que al\u00e9m dos tradicionais doces, bolos e sobremesas t\u00edpicas juninas, \u00e9 estrat\u00e9gico procurar criar novos produtos que mesclem chocolate com ingredientes da regi\u00e3o, como milho, coco, amendoim, castanhas de caju e outros ingredientes, como: rocambole de milho recheado com ganache de chocolate, bolo de milho ao banho de ganache, bolo de macaxeira com chocolate branco, cocada de amendoim com coco e chocolate, trufas e bombons com pa\u00e7oca, bolo de coco milho e chocolate, etc. Dessa forma, \u00e9 poss\u00edvel ampliar o portf\u00f3lio, valorizar as receitas e, consequentemente, agradar mais os clientes.<\/span><\/p>\n","protected":false},"excerpt":{"rendered":"<p>Festa Junina: Chef Alexandre Bispo d\u00e1 dicas de confeitaria para impulsionar as vendas do p\u00fablico transformador\u00a0\u00a0 \u00a0Com receitas mesclando chocolate com ingredientes regionais, Chef embaixador da Harald destaca receitas do Nordeste &nbsp; S\u00e3o Paulo, junho de 2022 &#8211; O m\u00eas de junho chegou e com ele as famosas festas de Santo Ant\u00f4nio (13\/06), S\u00e3o Jo\u00e3o <a class=\"more-link\" href=\"https:\/\/homolog.harald.com.br\/site-2026\/blog\/festa-junina-chef-alexandre-bispo-da-dicas-de-confeitaria-para-impulsionar-as-vendas-do-publico-transformador\/\">Read more&#8230;<\/a><\/p>\n","protected":false},"author":11,"featured_media":56071,"comment_status":"closed","ping_status":"closed","sticky":false,"template":"","format":"standard","meta":{"_acf_changed":false,"_uag_custom_page_level_css":"","footnotes":""},"categories":[158],"tags":[],"para-seu-negocio":[],"class_list":["post-56069","post","type-post","status-publish","format-standard","has-post-thumbnail","hentry","category-noticias"],"acf":[],"yoast_head":"<!-- This site is optimized with the Yoast SEO plugin v26.3 - https:\/\/yoast.com\/wordpress\/plugins\/seo\/ -->\n<title>Festa Junina: Chef Alexandre Bispo d\u00e1 dicas de confeitaria para impulsionar as vendas do p\u00fablico transformador - Harald<\/title>\n<meta name=\"robots\" content=\"noindex, follow, max-snippet:-1, max-image-preview:large, max-video-preview:-1\" \/>\n<meta property=\"og:locale\" content=\"pt_BR\" \/>\n<meta property=\"og:type\" content=\"article\" \/>\n<meta property=\"og:title\" content=\"Festa Junina: Chef Alexandre Bispo d\u00e1 dicas de confeitaria para impulsionar as vendas do p\u00fablico transformador - Harald\" \/>\n<meta property=\"og:description\" content=\"Festa Junina: Chef Alexandre Bispo d\u00e1 dicas de confeitaria para impulsionar as vendas do p\u00fablico transformador\u00a0\u00a0 \u00a0Com receitas mesclando chocolate com ingredientes regionais, Chef embaixador da Harald destaca receitas do Nordeste &nbsp; S\u00e3o Paulo, junho de 2022 &#8211; O m\u00eas de junho chegou e com ele as famosas festas de Santo Ant\u00f4nio (13\/06), S\u00e3o Jo\u00e3o Read more...\" \/>\n<meta property=\"og:url\" content=\"https:\/\/homolog.harald.com.br\/site-2026\/blog\/festa-junina-chef-alexandre-bispo-da-dicas-de-confeitaria-para-impulsionar-as-vendas-do-publico-transformador\/\" \/>\n<meta property=\"og:site_name\" content=\"Harald\" \/>\n<meta property=\"article:publisher\" content=\"https:\/\/www.facebook.com\/HaraldChocolates\/\" \/>\n<meta property=\"article:published_time\" content=\"2022-05-27T19:23:17+00:00\" \/>\n<meta property=\"article:modified_time\" content=\"2023-01-03T19:23:58+00:00\" \/>\n<meta property=\"og:image\" content=\"https:\/\/homolog.harald.com.br\/site-2026\/wp-content\/uploads\/2023\/01\/b3098085bc2866191e823e0a7b8300f0c8d91f7c569bda27c162de73ef540fe8.jpg\" \/>\n\t<meta property=\"og:image:width\" content=\"801\" \/>\n\t<meta property=\"og:image:height\" content=\"400\" \/>\n\t<meta property=\"og:image:type\" content=\"image\/jpeg\" \/>\n<meta name=\"author\" content=\"Bruna Teodoro\" \/>\n<meta name=\"twitter:card\" content=\"summary_large_image\" \/>\n<meta name=\"twitter:label1\" content=\"Escrito por\" \/>\n\t<meta name=\"twitter:data1\" content=\"Bruna Teodoro\" \/>\n\t<meta name=\"twitter:label2\" content=\"Est. tempo de leitura\" \/>\n\t<meta name=\"twitter:data2\" content=\"2 minutos\" \/>\n<script type=\"application\/ld+json\" class=\"yoast-schema-graph\">{\"@context\":\"https:\/\/schema.org\",\"@graph\":[{\"@type\":\"Article\",\"@id\":\"https:\/\/homolog.harald.com.br\/site-2026\/blog\/festa-junina-chef-alexandre-bispo-da-dicas-de-confeitaria-para-impulsionar-as-vendas-do-publico-transformador\/#article\",\"isPartOf\":{\"@id\":\"https:\/\/homolog.harald.com.br\/site-2026\/blog\/festa-junina-chef-alexandre-bispo-da-dicas-de-confeitaria-para-impulsionar-as-vendas-do-publico-transformador\/\"},\"author\":{\"name\":\"Bruna Teodoro\",\"@id\":\"https:\/\/homolog.harald.com.br\/site-2026\/#\/schema\/person\/37dcc072f872b17c519dd3097a7925e5\"},\"headline\":\"Festa Junina: Chef Alexandre Bispo d\u00e1 dicas de confeitaria para impulsionar as vendas do p\u00fablico transformador\",\"datePublished\":\"2022-05-27T19:23:17+00:00\",\"dateModified\":\"2023-01-03T19:23:58+00:00\",\"mainEntityOfPage\":{\"@id\":\"https:\/\/homolog.harald.com.br\/site-2026\/blog\/festa-junina-chef-alexandre-bispo-da-dicas-de-confeitaria-para-impulsionar-as-vendas-do-publico-transformador\/\"},\"wordCount\":389,\"publisher\":{\"@id\":\"https:\/\/homolog.harald.com.br\/site-2026\/#organization\"},\"image\":{\"@id\":\"https:\/\/homolog.harald.com.br\/site-2026\/blog\/festa-junina-chef-alexandre-bispo-da-dicas-de-confeitaria-para-impulsionar-as-vendas-do-publico-transformador\/#primaryimage\"},\"thumbnailUrl\":\"https:\/\/homolog.harald.com.br\/site-2026\/wp-content\/uploads\/2023\/01\/b3098085bc2866191e823e0a7b8300f0c8d91f7c569bda27c162de73ef540fe8.jpg\",\"articleSection\":[\"Not\u00edcias\"],\"inLanguage\":\"pt-BR\"},{\"@type\":\"WebPage\",\"@id\":\"https:\/\/homolog.harald.com.br\/site-2026\/blog\/festa-junina-chef-alexandre-bispo-da-dicas-de-confeitaria-para-impulsionar-as-vendas-do-publico-transformador\/\",\"url\":\"https:\/\/homolog.harald.com.br\/site-2026\/blog\/festa-junina-chef-alexandre-bispo-da-dicas-de-confeitaria-para-impulsionar-as-vendas-do-publico-transformador\/\",\"name\":\"Festa Junina: Chef Alexandre Bispo d\u00e1 dicas de confeitaria para impulsionar as vendas do p\u00fablico transformador - Harald\",\"isPartOf\":{\"@id\":\"https:\/\/homolog.harald.com.br\/site-2026\/#website\"},\"primaryImageOfPage\":{\"@id\":\"https:\/\/homolog.harald.com.br\/site-2026\/blog\/festa-junina-chef-alexandre-bispo-da-dicas-de-confeitaria-para-impulsionar-as-vendas-do-publico-transformador\/#primaryimage\"},\"image\":{\"@id\":\"https:\/\/homolog.harald.com.br\/site-2026\/blog\/festa-junina-chef-alexandre-bispo-da-dicas-de-confeitaria-para-impulsionar-as-vendas-do-publico-transformador\/#primaryimage\"},\"thumbnailUrl\":\"https:\/\/homolog.harald.com.br\/site-2026\/wp-content\/uploads\/2023\/01\/b3098085bc2866191e823e0a7b8300f0c8d91f7c569bda27c162de73ef540fe8.jpg\",\"datePublished\":\"2022-05-27T19:23:17+00:00\",\"dateModified\":\"2023-01-03T19:23:58+00:00\",\"breadcrumb\":{\"@id\":\"https:\/\/homolog.harald.com.br\/site-2026\/blog\/festa-junina-chef-alexandre-bispo-da-dicas-de-confeitaria-para-impulsionar-as-vendas-do-publico-transformador\/#breadcrumb\"},\"inLanguage\":\"pt-BR\",\"potentialAction\":[{\"@type\":\"ReadAction\",\"target\":[\"https:\/\/homolog.harald.com.br\/site-2026\/blog\/festa-junina-chef-alexandre-bispo-da-dicas-de-confeitaria-para-impulsionar-as-vendas-do-publico-transformador\/\"]}]},{\"@type\":\"ImageObject\",\"inLanguage\":\"pt-BR\",\"@id\":\"https:\/\/homolog.harald.com.br\/site-2026\/blog\/festa-junina-chef-alexandre-bispo-da-dicas-de-confeitaria-para-impulsionar-as-vendas-do-publico-transformador\/#primaryimage\",\"url\":\"https:\/\/homolog.harald.com.br\/site-2026\/wp-content\/uploads\/2023\/01\/b3098085bc2866191e823e0a7b8300f0c8d91f7c569bda27c162de73ef540fe8.jpg\",\"contentUrl\":\"https:\/\/homolog.harald.com.br\/site-2026\/wp-content\/uploads\/2023\/01\/b3098085bc2866191e823e0a7b8300f0c8d91f7c569bda27c162de73ef540fe8.jpg\",\"width\":801,\"height\":400},{\"@type\":\"BreadcrumbList\",\"@id\":\"https:\/\/homolog.harald.com.br\/site-2026\/blog\/festa-junina-chef-alexandre-bispo-da-dicas-de-confeitaria-para-impulsionar-as-vendas-do-publico-transformador\/#breadcrumb\",\"itemListElement\":[{\"@type\":\"ListItem\",\"position\":1,\"name\":\"In\u00edcio\",\"item\":\"https:\/\/homolog.harald.com.br\/site-2026\/\"},{\"@type\":\"ListItem\",\"position\":2,\"name\":\"Festa Junina: Chef Alexandre Bispo d\u00e1 dicas de confeitaria para impulsionar as vendas do p\u00fablico transformador\"}]},{\"@type\":\"WebSite\",\"@id\":\"https:\/\/homolog.harald.com.br\/site-2026\/#website\",\"url\":\"https:\/\/homolog.harald.com.br\/site-2026\/\",\"name\":\"Harald\",\"description\":\"Fazer melhor \u00e9 fazer com paix\u00e3o\",\"publisher\":{\"@id\":\"https:\/\/homolog.harald.com.br\/site-2026\/#organization\"},\"potentialAction\":[{\"@type\":\"SearchAction\",\"target\":{\"@type\":\"EntryPoint\",\"urlTemplate\":\"https:\/\/homolog.harald.com.br\/site-2026\/?s={search_term_string}\"},\"query-input\":{\"@type\":\"PropertyValueSpecification\",\"valueRequired\":true,\"valueName\":\"search_term_string\"}}],\"inLanguage\":\"pt-BR\"},{\"@type\":\"Organization\",\"@id\":\"https:\/\/homolog.harald.com.br\/site-2026\/#organization\",\"name\":\"Harald\",\"url\":\"https:\/\/homolog.harald.com.br\/site-2026\/\",\"logo\":{\"@type\":\"ImageObject\",\"inLanguage\":\"pt-BR\",\"@id\":\"https:\/\/homolog.harald.com.br\/site-2026\/#\/schema\/logo\/image\/\",\"url\":\"https:\/\/homolog.harald.com.br\/site-2026\/wp-content\/uploads\/2022\/09\/logo-harald-cmyk-ss.png\",\"contentUrl\":\"https:\/\/homolog.harald.com.br\/site-2026\/wp-content\/uploads\/2022\/09\/logo-harald-cmyk-ss.png\",\"width\":1948,\"height\":1051,\"caption\":\"Harald\"},\"image\":{\"@id\":\"https:\/\/homolog.harald.com.br\/site-2026\/#\/schema\/logo\/image\/\"},\"sameAs\":[\"https:\/\/www.facebook.com\/HaraldChocolates\/\",\"https:\/\/www.youtube.com\/user\/HaraldChocolates\"]},{\"@type\":\"Person\",\"@id\":\"https:\/\/homolog.harald.com.br\/site-2026\/#\/schema\/person\/37dcc072f872b17c519dd3097a7925e5\",\"name\":\"Bruna Teodoro\",\"image\":{\"@type\":\"ImageObject\",\"inLanguage\":\"pt-BR\",\"@id\":\"https:\/\/homolog.harald.com.br\/site-2026\/#\/schema\/person\/image\/\",\"url\":\"https:\/\/secure.gravatar.com\/avatar\/7da0050c7a3bd4d6df113dcfae1a5b72c8690bc5d4bb4fabab7e4d34d582ceea?s=96&d=mm&r=g\",\"contentUrl\":\"https:\/\/secure.gravatar.com\/avatar\/7da0050c7a3bd4d6df113dcfae1a5b72c8690bc5d4bb4fabab7e4d34d582ceea?s=96&d=mm&r=g\",\"caption\":\"Bruna Teodoro\"},\"url\":\"https:\/\/homolog.harald.com.br\/site-2026\/blog\/author\/bruna-teodoro\/\"}]}<\/script>\n<!-- \/ Yoast SEO plugin. -->","yoast_head_json":{"title":"Festa Junina: Chef Alexandre Bispo d\u00e1 dicas de confeitaria para impulsionar as vendas do p\u00fablico transformador - Harald","robots":{"index":"noindex","follow":"follow","max-snippet":"max-snippet:-1","max-image-preview":"max-image-preview:large","max-video-preview":"max-video-preview:-1"},"og_locale":"pt_BR","og_type":"article","og_title":"Festa Junina: Chef Alexandre Bispo d\u00e1 dicas de confeitaria para impulsionar as vendas do p\u00fablico transformador - Harald","og_description":"Festa Junina: Chef Alexandre Bispo d\u00e1 dicas de confeitaria para impulsionar as vendas do p\u00fablico transformador\u00a0\u00a0 \u00a0Com receitas mesclando chocolate com ingredientes regionais, Chef embaixador da Harald destaca receitas do Nordeste &nbsp; S\u00e3o Paulo, junho de 2022 &#8211; O m\u00eas de junho chegou e com ele as famosas festas de Santo Ant\u00f4nio (13\/06), S\u00e3o Jo\u00e3o Read more...","og_url":"https:\/\/homolog.harald.com.br\/site-2026\/blog\/festa-junina-chef-alexandre-bispo-da-dicas-de-confeitaria-para-impulsionar-as-vendas-do-publico-transformador\/","og_site_name":"Harald","article_publisher":"https:\/\/www.facebook.com\/HaraldChocolates\/","article_published_time":"2022-05-27T19:23:17+00:00","article_modified_time":"2023-01-03T19:23:58+00:00","og_image":[{"width":801,"height":400,"url":"https:\/\/homolog.harald.com.br\/site-2026\/wp-content\/uploads\/2023\/01\/b3098085bc2866191e823e0a7b8300f0c8d91f7c569bda27c162de73ef540fe8.jpg","type":"image\/jpeg"}],"author":"Bruna Teodoro","twitter_card":"summary_large_image","twitter_misc":{"Escrito por":"Bruna Teodoro","Est. tempo de leitura":"2 minutos"},"schema":{"@context":"https:\/\/schema.org","@graph":[{"@type":"Article","@id":"https:\/\/homolog.harald.com.br\/site-2026\/blog\/festa-junina-chef-alexandre-bispo-da-dicas-de-confeitaria-para-impulsionar-as-vendas-do-publico-transformador\/#article","isPartOf":{"@id":"https:\/\/homolog.harald.com.br\/site-2026\/blog\/festa-junina-chef-alexandre-bispo-da-dicas-de-confeitaria-para-impulsionar-as-vendas-do-publico-transformador\/"},"author":{"name":"Bruna Teodoro","@id":"https:\/\/homolog.harald.com.br\/site-2026\/#\/schema\/person\/37dcc072f872b17c519dd3097a7925e5"},"headline":"Festa Junina: Chef Alexandre Bispo d\u00e1 dicas de confeitaria para impulsionar as vendas do p\u00fablico transformador","datePublished":"2022-05-27T19:23:17+00:00","dateModified":"2023-01-03T19:23:58+00:00","mainEntityOfPage":{"@id":"https:\/\/homolog.harald.com.br\/site-2026\/blog\/festa-junina-chef-alexandre-bispo-da-dicas-de-confeitaria-para-impulsionar-as-vendas-do-publico-transformador\/"},"wordCount":389,"publisher":{"@id":"https:\/\/homolog.harald.com.br\/site-2026\/#organization"},"image":{"@id":"https:\/\/homolog.harald.com.br\/site-2026\/blog\/festa-junina-chef-alexandre-bispo-da-dicas-de-confeitaria-para-impulsionar-as-vendas-do-publico-transformador\/#primaryimage"},"thumbnailUrl":"https:\/\/homolog.harald.com.br\/site-2026\/wp-content\/uploads\/2023\/01\/b3098085bc2866191e823e0a7b8300f0c8d91f7c569bda27c162de73ef540fe8.jpg","articleSection":["Not\u00edcias"],"inLanguage":"pt-BR"},{"@type":"WebPage","@id":"https:\/\/homolog.harald.com.br\/site-2026\/blog\/festa-junina-chef-alexandre-bispo-da-dicas-de-confeitaria-para-impulsionar-as-vendas-do-publico-transformador\/","url":"https:\/\/homolog.harald.com.br\/site-2026\/blog\/festa-junina-chef-alexandre-bispo-da-dicas-de-confeitaria-para-impulsionar-as-vendas-do-publico-transformador\/","name":"Festa Junina: Chef Alexandre Bispo d\u00e1 dicas de confeitaria para impulsionar as vendas do p\u00fablico transformador - Harald","isPartOf":{"@id":"https:\/\/homolog.harald.com.br\/site-2026\/#website"},"primaryImageOfPage":{"@id":"https:\/\/homolog.harald.com.br\/site-2026\/blog\/festa-junina-chef-alexandre-bispo-da-dicas-de-confeitaria-para-impulsionar-as-vendas-do-publico-transformador\/#primaryimage"},"image":{"@id":"https:\/\/homolog.harald.com.br\/site-2026\/blog\/festa-junina-chef-alexandre-bispo-da-dicas-de-confeitaria-para-impulsionar-as-vendas-do-publico-transformador\/#primaryimage"},"thumbnailUrl":"https:\/\/homolog.harald.com.br\/site-2026\/wp-content\/uploads\/2023\/01\/b3098085bc2866191e823e0a7b8300f0c8d91f7c569bda27c162de73ef540fe8.jpg","datePublished":"2022-05-27T19:23:17+00:00","dateModified":"2023-01-03T19:23:58+00:00","breadcrumb":{"@id":"https:\/\/homolog.harald.com.br\/site-2026\/blog\/festa-junina-chef-alexandre-bispo-da-dicas-de-confeitaria-para-impulsionar-as-vendas-do-publico-transformador\/#breadcrumb"},"inLanguage":"pt-BR","potentialAction":[{"@type":"ReadAction","target":["https:\/\/homolog.harald.com.br\/site-2026\/blog\/festa-junina-chef-alexandre-bispo-da-dicas-de-confeitaria-para-impulsionar-as-vendas-do-publico-transformador\/"]}]},{"@type":"ImageObject","inLanguage":"pt-BR","@id":"https:\/\/homolog.harald.com.br\/site-2026\/blog\/festa-junina-chef-alexandre-bispo-da-dicas-de-confeitaria-para-impulsionar-as-vendas-do-publico-transformador\/#primaryimage","url":"https:\/\/homolog.harald.com.br\/site-2026\/wp-content\/uploads\/2023\/01\/b3098085bc2866191e823e0a7b8300f0c8d91f7c569bda27c162de73ef540fe8.jpg","contentUrl":"https:\/\/homolog.harald.com.br\/site-2026\/wp-content\/uploads\/2023\/01\/b3098085bc2866191e823e0a7b8300f0c8d91f7c569bda27c162de73ef540fe8.jpg","width":801,"height":400},{"@type":"BreadcrumbList","@id":"https:\/\/homolog.harald.com.br\/site-2026\/blog\/festa-junina-chef-alexandre-bispo-da-dicas-de-confeitaria-para-impulsionar-as-vendas-do-publico-transformador\/#breadcrumb","itemListElement":[{"@type":"ListItem","position":1,"name":"In\u00edcio","item":"https:\/\/homolog.harald.com.br\/site-2026\/"},{"@type":"ListItem","position":2,"name":"Festa Junina: Chef Alexandre Bispo d\u00e1 dicas de confeitaria para impulsionar as vendas do p\u00fablico transformador"}]},{"@type":"WebSite","@id":"https:\/\/homolog.harald.com.br\/site-2026\/#website","url":"https:\/\/homolog.harald.com.br\/site-2026\/","name":"Harald","description":"Fazer melhor \u00e9 fazer com paix\u00e3o","publisher":{"@id":"https:\/\/homolog.harald.com.br\/site-2026\/#organization"},"potentialAction":[{"@type":"SearchAction","target":{"@type":"EntryPoint","urlTemplate":"https:\/\/homolog.harald.com.br\/site-2026\/?s={search_term_string}"},"query-input":{"@type":"PropertyValueSpecification","valueRequired":true,"valueName":"search_term_string"}}],"inLanguage":"pt-BR"},{"@type":"Organization","@id":"https:\/\/homolog.harald.com.br\/site-2026\/#organization","name":"Harald","url":"https:\/\/homolog.harald.com.br\/site-2026\/","logo":{"@type":"ImageObject","inLanguage":"pt-BR","@id":"https:\/\/homolog.harald.com.br\/site-2026\/#\/schema\/logo\/image\/","url":"https:\/\/homolog.harald.com.br\/site-2026\/wp-content\/uploads\/2022\/09\/logo-harald-cmyk-ss.png","contentUrl":"https:\/\/homolog.harald.com.br\/site-2026\/wp-content\/uploads\/2022\/09\/logo-harald-cmyk-ss.png","width":1948,"height":1051,"caption":"Harald"},"image":{"@id":"https:\/\/homolog.harald.com.br\/site-2026\/#\/schema\/logo\/image\/"},"sameAs":["https:\/\/www.facebook.com\/HaraldChocolates\/","https:\/\/www.youtube.com\/user\/HaraldChocolates"]},{"@type":"Person","@id":"https:\/\/homolog.harald.com.br\/site-2026\/#\/schema\/person\/37dcc072f872b17c519dd3097a7925e5","name":"Bruna Teodoro","image":{"@type":"ImageObject","inLanguage":"pt-BR","@id":"https:\/\/homolog.harald.com.br\/site-2026\/#\/schema\/person\/image\/","url":"https:\/\/secure.gravatar.com\/avatar\/7da0050c7a3bd4d6df113dcfae1a5b72c8690bc5d4bb4fabab7e4d34d582ceea?s=96&d=mm&r=g","contentUrl":"https:\/\/secure.gravatar.com\/avatar\/7da0050c7a3bd4d6df113dcfae1a5b72c8690bc5d4bb4fabab7e4d34d582ceea?s=96&d=mm&r=g","caption":"Bruna Teodoro"},"url":"https:\/\/homolog.harald.com.br\/site-2026\/blog\/author\/bruna-teodoro\/"}]}},"uagb_featured_image_src":{"full":["https:\/\/homolog.harald.com.br\/site-2026\/wp-content\/uploads\/2023\/01\/b3098085bc2866191e823e0a7b8300f0c8d91f7c569bda27c162de73ef540fe8.jpg",801,400,false],"thumbnail":["https:\/\/homolog.harald.com.br\/site-2026\/wp-content\/uploads\/2023\/01\/b3098085bc2866191e823e0a7b8300f0c8d91f7c569bda27c162de73ef540fe8-150x150.jpg",150,150,true],"medium":["https:\/\/homolog.harald.com.br\/site-2026\/wp-content\/uploads\/2023\/01\/b3098085bc2866191e823e0a7b8300f0c8d91f7c569bda27c162de73ef540fe8-300x150.jpg",300,150,true],"medium_large":["https:\/\/homolog.harald.com.br\/site-2026\/wp-content\/uploads\/2023\/01\/b3098085bc2866191e823e0a7b8300f0c8d91f7c569bda27c162de73ef540fe8-768x384.jpg",768,384,true],"large":["https:\/\/homolog.harald.com.br\/site-2026\/wp-content\/uploads\/2023\/01\/b3098085bc2866191e823e0a7b8300f0c8d91f7c569bda27c162de73ef540fe8.jpg",801,400,false],"1536x1536":["https:\/\/homolog.harald.com.br\/site-2026\/wp-content\/uploads\/2023\/01\/b3098085bc2866191e823e0a7b8300f0c8d91f7c569bda27c162de73ef540fe8.jpg",801,400,false],"2048x2048":["https:\/\/homolog.harald.com.br\/site-2026\/wp-content\/uploads\/2023\/01\/b3098085bc2866191e823e0a7b8300f0c8d91f7c569bda27c162de73ef540fe8.jpg",801,400,false],"full-width":["https:\/\/homolog.harald.com.br\/site-2026\/wp-content\/uploads\/2023\/01\/b3098085bc2866191e823e0a7b8300f0c8d91f7c569bda27c162de73ef540fe8.jpg",801,400,false],"gform-image-choice-sm":["https:\/\/homolog.harald.com.br\/site-2026\/wp-content\/uploads\/2023\/01\/b3098085bc2866191e823e0a7b8300f0c8d91f7c569bda27c162de73ef540fe8.jpg",300,150,false],"gform-image-choice-md":["https:\/\/homolog.harald.com.br\/site-2026\/wp-content\/uploads\/2023\/01\/b3098085bc2866191e823e0a7b8300f0c8d91f7c569bda27c162de73ef540fe8.jpg",400,200,false],"gform-image-choice-lg":["https:\/\/homolog.harald.com.br\/site-2026\/wp-content\/uploads\/2023\/01\/b3098085bc2866191e823e0a7b8300f0c8d91f7c569bda27c162de73ef540fe8.jpg",600,300,false]},"uagb_author_info":{"display_name":"Bruna Teodoro","author_link":"https:\/\/homolog.harald.com.br\/site-2026\/blog\/author\/bruna-teodoro\/"},"uagb_comment_info":0,"uagb_excerpt":"Festa Junina: Chef Alexandre Bispo d\u00e1 dicas de confeitaria para impulsionar as vendas do p\u00fablico transformador\u00a0\u00a0 \u00a0Com receitas mesclando chocolate com ingredientes regionais, Chef embaixador da Harald destaca receitas do Nordeste &nbsp; S\u00e3o Paulo, junho de 2022 &#8211; O m\u00eas de junho chegou e com ele as famosas festas de Santo Ant\u00f4nio (13\/06), S\u00e3o Jo\u00e3o&hellip;","_links":{"self":[{"href":"https:\/\/homolog.harald.com.br\/site-2026\/wp-json\/wp\/v2\/posts\/56069","targetHints":{"allow":["GET"]}}],"collection":[{"href":"https:\/\/homolog.harald.com.br\/site-2026\/wp-json\/wp\/v2\/posts"}],"about":[{"href":"https:\/\/homolog.harald.com.br\/site-2026\/wp-json\/wp\/v2\/types\/post"}],"author":[{"embeddable":true,"href":"https:\/\/homolog.harald.com.br\/site-2026\/wp-json\/wp\/v2\/users\/11"}],"replies":[{"embeddable":true,"href":"https:\/\/homolog.harald.com.br\/site-2026\/wp-json\/wp\/v2\/comments?post=56069"}],"version-history":[{"count":1,"href":"https:\/\/homolog.harald.com.br\/site-2026\/wp-json\/wp\/v2\/posts\/56069\/revisions"}],"predecessor-version":[{"id":56074,"href":"https:\/\/homolog.harald.com.br\/site-2026\/wp-json\/wp\/v2\/posts\/56069\/revisions\/56074"}],"wp:featuredmedia":[{"embeddable":true,"href":"https:\/\/homolog.harald.com.br\/site-2026\/wp-json\/wp\/v2\/media\/56071"}],"wp:attachment":[{"href":"https:\/\/homolog.harald.com.br\/site-2026\/wp-json\/wp\/v2\/media?parent=56069"}],"wp:term":[{"taxonomy":"category","embeddable":true,"href":"https:\/\/homolog.harald.com.br\/site-2026\/wp-json\/wp\/v2\/categories?post=56069"},{"taxonomy":"post_tag","embeddable":true,"href":"https:\/\/homolog.harald.com.br\/site-2026\/wp-json\/wp\/v2\/tags?post=56069"},{"taxonomy":"para-seu-negocio","embeddable":true,"href":"https:\/\/homolog.harald.com.br\/site-2026\/wp-json\/wp\/v2\/para-seu-negocio?post=56069"}],"curies":[{"name":"wp","href":"https:\/\/api.w.org\/{rel}","templated":true}]}}