{"id":56062,"date":"2022-07-08T16:18:43","date_gmt":"2022-07-08T19:18:43","guid":{"rendered":"https:\/\/homolog.harald.com.br\/site-2026\/?p=56062"},"modified":"2023-01-03T16:19:20","modified_gmt":"2023-01-03T19:19:20","slug":"harald-expande-mercado-de-atuacao-e-chega-as-prateleiras-dos-supermercados","status":"publish","type":"post","link":"https:\/\/homolog.harald.com.br\/site-2026\/blog\/harald-expande-mercado-de-atuacao-e-chega-as-prateleiras-dos-supermercados\/","title":{"rendered":"Harald expande mercado de atua\u00e7\u00e3o e chega \u00e0s prateleiras dos supermercados"},"content":{"rendered":"<h1 style=\"text-align: center;\"><b>Harald expande mercado de atua\u00e7\u00e3o e chega \u00e0s prateleiras dos supermercados\u00a0\u00a0<\/b><\/h1>\n<p style=\"text-align: center;\"><i><span style=\"font-weight: 400;\">Fabricante mira o setor B2C com adapta\u00e7\u00e3o de portf\u00f3lio atrav\u00e9s de embalagens menores para produ\u00e7\u00f5es caseiras<\/span><\/i><span style=\"font-weight: 400;\">\u00a0<\/span><\/p>\n<p><img loading=\"lazy\" decoding=\"async\" class=\"size-medium wp-image-56064 aligncenter\" src=\"https:\/\/homolog.harald.com.br\/site-2026\/wp-content\/uploads\/2023\/01\/2f15b5a8-adaa-4096-8898-5402513a29a8-719-leiamais-300x113.png\" alt=\"\" width=\"300\" height=\"113\" srcset=\"https:\/\/homolog.harald.com.br\/site-2026\/wp-content\/uploads\/2023\/01\/2f15b5a8-adaa-4096-8898-5402513a29a8-719-leiamais-300x113.png 300w, https:\/\/homolog.harald.com.br\/site-2026\/wp-content\/uploads\/2023\/01\/2f15b5a8-adaa-4096-8898-5402513a29a8-719-leiamais.png 719w\" sizes=\"auto, (max-width: 300px) 100vw, 300px\" \/><\/p>\n<p>&nbsp;<\/p>\n<p><b>S\u00e3o Paulo, julho de 2022<\/b><span style=\"font-weight: 400;\"> &#8211; Com 40 anos de hist\u00f3ria no segmento profissional e acompanhando as mudan\u00e7as de consumo pelos brasileiros, a <\/span><b>Harald<\/b><span style=\"font-weight: 400;\">, empresa l\u00edder em coberturas e refer\u00eancia em chocolates para o mercado especializado, expande seu mercado de atua\u00e7\u00e3o e chega aos supermercados da capital paulista com adapta\u00e7\u00e3o do tamanho de uma ampla variedade de produtos, para que atendam \u00e0s necessidades do consumidor final.<\/span><\/p>\n<p>&nbsp;<\/p>\n<p><span style=\"font-weight: 400;\">Com performance certificada por profissionais da confeitaria, a <\/span><b>Harald<\/b><span style=\"font-weight: 400;\"> apresenta os chocolates de suas linhas Melken, TOP e Unique, que se destacam pelos sabores, texturas e usabilidade. \u201cCom a pandemia houve o aumento de pessoas cozinhando em casa, entramos nos supermercados e varejistas para que os consumidores finais tenham acesso a produtos de qualidade profissional para fazer a diferen\u00e7a em sobremesas e doces variados\u201d, afirma Fernanda Sequetto, gerente de marketing da <\/span><b>Harald<\/b><span style=\"font-weight: 400;\"> no Brasil.<\/span><\/p>\n<p>&nbsp;<\/p>\n<p><span style=\"font-weight: 400;\">No lan\u00e7amento da linha B2C, todos os produtos s\u00e3o uma novidade para os supermercados, visando um novo p\u00fablico. Esse portf\u00f3lio, que agora chega na casa dos consumidores, \u00e9 composto de coberturas fracionadas, chocolates, p\u00f3s e decora\u00e7\u00f5es de qualidade profissional, permitindo elevar a experi\u00eancia de cria\u00e7\u00e3o das receitas feitas em casa para uma experi\u00eancia mais gourmet.<\/span><\/p>\n<p>&nbsp;<\/p>\n<p><b>Conhe\u00e7a o Portf\u00f3lio de produtos para B2C<\/b><span style=\"font-weight: 400;\">:\u00a0<\/span><\/p>\n<ul>\n<li style=\"font-weight: 400;\" aria-level=\"1\"><span style=\"font-weight: 400;\">Chocolate Melken ao Leite Gotas 400g<\/span><\/li>\n<li style=\"font-weight: 400;\" aria-level=\"1\"><span style=\"font-weight: 400;\">Chocolate Melken Meio Amargo Gotas 400g<\/span><\/li>\n<li style=\"font-weight: 400;\" aria-level=\"1\"><span style=\"font-weight: 400;\">Cacau em P\u00f3 100% Melken 200g<\/span><\/li>\n<li style=\"font-weight: 400;\" aria-level=\"1\"><span style=\"font-weight: 400;\">Chocolate em P\u00f3 50% Melken 200g<\/span><\/li>\n<li style=\"font-weight: 400;\" aria-level=\"1\"><span style=\"font-weight: 400;\">Cobertura TOP ao Leite Gotas 400g<\/span><\/li>\n<li style=\"font-weight: 400;\" aria-level=\"1\"><span style=\"font-weight: 400;\">Cobertura TOP Gotas Meio Amargo 400g<\/span><\/li>\n<li style=\"font-weight: 400;\" aria-level=\"1\"><span style=\"font-weight: 400;\">Cobertura TOP Gotas Branco 400g<\/span><\/li>\n<li style=\"font-weight: 400;\" aria-level=\"1\"><span style=\"font-weight: 400;\">Granul\u00e9 de Chocolate ao Leite Melken 130g<\/span><\/li>\n<li style=\"font-weight: 400;\" aria-level=\"1\"><span style=\"font-weight: 400;\">Granul\u00e9 de Chocolate Branco Melken 130g<\/span><\/li>\n<li style=\"font-weight: 400;\" aria-level=\"1\"><span style=\"font-weight: 400;\">Granul\u00e9 de Chocolate Meio Amargo Melken 130g<\/span><\/li>\n<li style=\"font-weight: 400;\" aria-level=\"1\"><span style=\"font-weight: 400;\">Chocolate Unique Brasil 35% Branco Gotas 400g<\/span><\/li>\n<li style=\"font-weight: 400;\" aria-level=\"1\"><span style=\"font-weight: 400;\">Chocolate Unique Brasil 35% ao Leite Gotas 400g<\/span><\/li>\n<li style=\"font-weight: 400;\" aria-level=\"1\"><span style=\"font-weight: 400;\">Unique Bahia 53% Gotas<\/span><\/li>\n<li style=\"font-weight: 400;\" aria-level=\"1\"><span style=\"font-weight: 400;\">Chocolate Unique Bahia 63% Gotas 400g<\/span><\/li>\n<li style=\"font-weight: 400;\" aria-level=\"1\"><span style=\"font-weight: 400;\">Chocolate Unique Amaz\u00f4nia 70% Gotas\u00a0 400g<\/span><\/li>\n<\/ul>\n","protected":false},"excerpt":{"rendered":"<p>Harald expande mercado de atua\u00e7\u00e3o e chega \u00e0s prateleiras dos supermercados\u00a0\u00a0 Fabricante mira o setor B2C com adapta\u00e7\u00e3o de portf\u00f3lio atrav\u00e9s de embalagens menores para produ\u00e7\u00f5es caseiras\u00a0 &nbsp; S\u00e3o Paulo, julho de 2022 &#8211; Com 40 anos de hist\u00f3ria no segmento profissional e acompanhando as mudan\u00e7as de consumo pelos brasileiros, a Harald, empresa l\u00edder em <a class=\"more-link\" href=\"https:\/\/homolog.harald.com.br\/site-2026\/blog\/harald-expande-mercado-de-atuacao-e-chega-as-prateleiras-dos-supermercados\/\">Read more&#8230;<\/a><\/p>\n","protected":false},"author":11,"featured_media":56064,"comment_status":"closed","ping_status":"closed","sticky":false,"template":"","format":"standard","meta":{"_acf_changed":false,"_uag_custom_page_level_css":"","footnotes":""},"categories":[158],"tags":[],"para-seu-negocio":[],"class_list":["post-56062","post","type-post","status-publish","format-standard","has-post-thumbnail","hentry","category-noticias"],"acf":[],"yoast_head":"<!-- This site is optimized with the Yoast SEO plugin v26.3 - https:\/\/yoast.com\/wordpress\/plugins\/seo\/ -->\n<title>Harald expande mercado de atua\u00e7\u00e3o e chega \u00e0s prateleiras dos supermercados - Harald<\/title>\n<meta name=\"robots\" content=\"noindex, follow, max-snippet:-1, max-image-preview:large, max-video-preview:-1\" \/>\n<meta property=\"og:locale\" content=\"pt_BR\" \/>\n<meta property=\"og:type\" content=\"article\" \/>\n<meta property=\"og:title\" content=\"Harald expande mercado de atua\u00e7\u00e3o e chega \u00e0s prateleiras dos supermercados - Harald\" \/>\n<meta property=\"og:description\" content=\"Harald expande mercado de atua\u00e7\u00e3o e chega \u00e0s prateleiras dos supermercados\u00a0\u00a0 Fabricante mira o setor B2C com adapta\u00e7\u00e3o de portf\u00f3lio atrav\u00e9s de embalagens menores para produ\u00e7\u00f5es caseiras\u00a0 &nbsp; S\u00e3o Paulo, julho de 2022 &#8211; Com 40 anos de hist\u00f3ria no segmento profissional e acompanhando as mudan\u00e7as de consumo pelos brasileiros, a Harald, empresa l\u00edder em Read more...\" \/>\n<meta property=\"og:url\" content=\"https:\/\/homolog.harald.com.br\/site-2026\/blog\/harald-expande-mercado-de-atuacao-e-chega-as-prateleiras-dos-supermercados\/\" \/>\n<meta property=\"og:site_name\" content=\"Harald\" \/>\n<meta property=\"article:publisher\" content=\"https:\/\/www.facebook.com\/HaraldChocolates\/\" \/>\n<meta property=\"article:published_time\" content=\"2022-07-08T19:18:43+00:00\" \/>\n<meta property=\"article:modified_time\" content=\"2023-01-03T19:19:20+00:00\" \/>\n<meta property=\"og:image\" content=\"https:\/\/homolog.harald.com.br\/site-2026\/wp-content\/uploads\/2023\/01\/2f15b5a8-adaa-4096-8898-5402513a29a8-719-leiamais.png\" \/>\n\t<meta property=\"og:image:width\" content=\"719\" \/>\n\t<meta property=\"og:image:height\" content=\"271\" \/>\n\t<meta property=\"og:image:type\" content=\"image\/png\" \/>\n<meta name=\"author\" content=\"Bruna Teodoro\" \/>\n<meta name=\"twitter:card\" content=\"summary_large_image\" \/>\n<meta name=\"twitter:label1\" content=\"Escrito por\" \/>\n\t<meta name=\"twitter:data1\" content=\"Bruna Teodoro\" \/>\n\t<meta name=\"twitter:label2\" content=\"Est. tempo de leitura\" \/>\n\t<meta name=\"twitter:data2\" content=\"2 minutos\" \/>\n<script type=\"application\/ld+json\" class=\"yoast-schema-graph\">{\"@context\":\"https:\/\/schema.org\",\"@graph\":[{\"@type\":\"Article\",\"@id\":\"https:\/\/homolog.harald.com.br\/site-2026\/blog\/harald-expande-mercado-de-atuacao-e-chega-as-prateleiras-dos-supermercados\/#article\",\"isPartOf\":{\"@id\":\"https:\/\/homolog.harald.com.br\/site-2026\/blog\/harald-expande-mercado-de-atuacao-e-chega-as-prateleiras-dos-supermercados\/\"},\"author\":{\"name\":\"Bruna Teodoro\",\"@id\":\"https:\/\/homolog.harald.com.br\/site-2026\/#\/schema\/person\/37dcc072f872b17c519dd3097a7925e5\"},\"headline\":\"Harald expande mercado de atua\u00e7\u00e3o e chega \u00e0s prateleiras dos supermercados\",\"datePublished\":\"2022-07-08T19:18:43+00:00\",\"dateModified\":\"2023-01-03T19:19:20+00:00\",\"mainEntityOfPage\":{\"@id\":\"https:\/\/homolog.harald.com.br\/site-2026\/blog\/harald-expande-mercado-de-atuacao-e-chega-as-prateleiras-dos-supermercados\/\"},\"wordCount\":355,\"publisher\":{\"@id\":\"https:\/\/homolog.harald.com.br\/site-2026\/#organization\"},\"image\":{\"@id\":\"https:\/\/homolog.harald.com.br\/site-2026\/blog\/harald-expande-mercado-de-atuacao-e-chega-as-prateleiras-dos-supermercados\/#primaryimage\"},\"thumbnailUrl\":\"https:\/\/homolog.harald.com.br\/site-2026\/wp-content\/uploads\/2023\/01\/2f15b5a8-adaa-4096-8898-5402513a29a8-719-leiamais.png\",\"articleSection\":[\"Not\u00edcias\"],\"inLanguage\":\"pt-BR\"},{\"@type\":\"WebPage\",\"@id\":\"https:\/\/homolog.harald.com.br\/site-2026\/blog\/harald-expande-mercado-de-atuacao-e-chega-as-prateleiras-dos-supermercados\/\",\"url\":\"https:\/\/homolog.harald.com.br\/site-2026\/blog\/harald-expande-mercado-de-atuacao-e-chega-as-prateleiras-dos-supermercados\/\",\"name\":\"Harald expande mercado de atua\u00e7\u00e3o e chega \u00e0s prateleiras dos supermercados - Harald\",\"isPartOf\":{\"@id\":\"https:\/\/homolog.harald.com.br\/site-2026\/#website\"},\"primaryImageOfPage\":{\"@id\":\"https:\/\/homolog.harald.com.br\/site-2026\/blog\/harald-expande-mercado-de-atuacao-e-chega-as-prateleiras-dos-supermercados\/#primaryimage\"},\"image\":{\"@id\":\"https:\/\/homolog.harald.com.br\/site-2026\/blog\/harald-expande-mercado-de-atuacao-e-chega-as-prateleiras-dos-supermercados\/#primaryimage\"},\"thumbnailUrl\":\"https:\/\/homolog.harald.com.br\/site-2026\/wp-content\/uploads\/2023\/01\/2f15b5a8-adaa-4096-8898-5402513a29a8-719-leiamais.png\",\"datePublished\":\"2022-07-08T19:18:43+00:00\",\"dateModified\":\"2023-01-03T19:19:20+00:00\",\"breadcrumb\":{\"@id\":\"https:\/\/homolog.harald.com.br\/site-2026\/blog\/harald-expande-mercado-de-atuacao-e-chega-as-prateleiras-dos-supermercados\/#breadcrumb\"},\"inLanguage\":\"pt-BR\",\"potentialAction\":[{\"@type\":\"ReadAction\",\"target\":[\"https:\/\/homolog.harald.com.br\/site-2026\/blog\/harald-expande-mercado-de-atuacao-e-chega-as-prateleiras-dos-supermercados\/\"]}]},{\"@type\":\"ImageObject\",\"inLanguage\":\"pt-BR\",\"@id\":\"https:\/\/homolog.harald.com.br\/site-2026\/blog\/harald-expande-mercado-de-atuacao-e-chega-as-prateleiras-dos-supermercados\/#primaryimage\",\"url\":\"https:\/\/homolog.harald.com.br\/site-2026\/wp-content\/uploads\/2023\/01\/2f15b5a8-adaa-4096-8898-5402513a29a8-719-leiamais.png\",\"contentUrl\":\"https:\/\/homolog.harald.com.br\/site-2026\/wp-content\/uploads\/2023\/01\/2f15b5a8-adaa-4096-8898-5402513a29a8-719-leiamais.png\",\"width\":719,\"height\":271},{\"@type\":\"BreadcrumbList\",\"@id\":\"https:\/\/homolog.harald.com.br\/site-2026\/blog\/harald-expande-mercado-de-atuacao-e-chega-as-prateleiras-dos-supermercados\/#breadcrumb\",\"itemListElement\":[{\"@type\":\"ListItem\",\"position\":1,\"name\":\"In\u00edcio\",\"item\":\"https:\/\/homolog.harald.com.br\/site-2026\/\"},{\"@type\":\"ListItem\",\"position\":2,\"name\":\"Harald expande mercado de atua\u00e7\u00e3o e chega \u00e0s prateleiras dos supermercados\"}]},{\"@type\":\"WebSite\",\"@id\":\"https:\/\/homolog.harald.com.br\/site-2026\/#website\",\"url\":\"https:\/\/homolog.harald.com.br\/site-2026\/\",\"name\":\"Harald\",\"description\":\"Fazer melhor \u00e9 fazer com paix\u00e3o\",\"publisher\":{\"@id\":\"https:\/\/homolog.harald.com.br\/site-2026\/#organization\"},\"potentialAction\":[{\"@type\":\"SearchAction\",\"target\":{\"@type\":\"EntryPoint\",\"urlTemplate\":\"https:\/\/homolog.harald.com.br\/site-2026\/?s={search_term_string}\"},\"query-input\":{\"@type\":\"PropertyValueSpecification\",\"valueRequired\":true,\"valueName\":\"search_term_string\"}}],\"inLanguage\":\"pt-BR\"},{\"@type\":\"Organization\",\"@id\":\"https:\/\/homolog.harald.com.br\/site-2026\/#organization\",\"name\":\"Harald\",\"url\":\"https:\/\/homolog.harald.com.br\/site-2026\/\",\"logo\":{\"@type\":\"ImageObject\",\"inLanguage\":\"pt-BR\",\"@id\":\"https:\/\/homolog.harald.com.br\/site-2026\/#\/schema\/logo\/image\/\",\"url\":\"https:\/\/homolog.harald.com.br\/site-2026\/wp-content\/uploads\/2022\/09\/logo-harald-cmyk-ss.png\",\"contentUrl\":\"https:\/\/homolog.harald.com.br\/site-2026\/wp-content\/uploads\/2022\/09\/logo-harald-cmyk-ss.png\",\"width\":1948,\"height\":1051,\"caption\":\"Harald\"},\"image\":{\"@id\":\"https:\/\/homolog.harald.com.br\/site-2026\/#\/schema\/logo\/image\/\"},\"sameAs\":[\"https:\/\/www.facebook.com\/HaraldChocolates\/\",\"https:\/\/www.youtube.com\/user\/HaraldChocolates\"]},{\"@type\":\"Person\",\"@id\":\"https:\/\/homolog.harald.com.br\/site-2026\/#\/schema\/person\/37dcc072f872b17c519dd3097a7925e5\",\"name\":\"Bruna Teodoro\",\"image\":{\"@type\":\"ImageObject\",\"inLanguage\":\"pt-BR\",\"@id\":\"https:\/\/homolog.harald.com.br\/site-2026\/#\/schema\/person\/image\/\",\"url\":\"https:\/\/secure.gravatar.com\/avatar\/7da0050c7a3bd4d6df113dcfae1a5b72c8690bc5d4bb4fabab7e4d34d582ceea?s=96&d=mm&r=g\",\"contentUrl\":\"https:\/\/secure.gravatar.com\/avatar\/7da0050c7a3bd4d6df113dcfae1a5b72c8690bc5d4bb4fabab7e4d34d582ceea?s=96&d=mm&r=g\",\"caption\":\"Bruna Teodoro\"},\"url\":\"https:\/\/homolog.harald.com.br\/site-2026\/blog\/author\/bruna-teodoro\/\"}]}<\/script>\n<!-- \/ Yoast SEO plugin. -->","yoast_head_json":{"title":"Harald expande mercado de atua\u00e7\u00e3o e chega \u00e0s prateleiras dos supermercados - Harald","robots":{"index":"noindex","follow":"follow","max-snippet":"max-snippet:-1","max-image-preview":"max-image-preview:large","max-video-preview":"max-video-preview:-1"},"og_locale":"pt_BR","og_type":"article","og_title":"Harald expande mercado de atua\u00e7\u00e3o e chega \u00e0s prateleiras dos supermercados - Harald","og_description":"Harald expande mercado de atua\u00e7\u00e3o e chega \u00e0s prateleiras dos supermercados\u00a0\u00a0 Fabricante mira o setor B2C com adapta\u00e7\u00e3o de portf\u00f3lio atrav\u00e9s de embalagens menores para produ\u00e7\u00f5es caseiras\u00a0 &nbsp; S\u00e3o Paulo, julho de 2022 &#8211; Com 40 anos de hist\u00f3ria no segmento profissional e acompanhando as mudan\u00e7as de consumo pelos brasileiros, a Harald, empresa l\u00edder em Read more...","og_url":"https:\/\/homolog.harald.com.br\/site-2026\/blog\/harald-expande-mercado-de-atuacao-e-chega-as-prateleiras-dos-supermercados\/","og_site_name":"Harald","article_publisher":"https:\/\/www.facebook.com\/HaraldChocolates\/","article_published_time":"2022-07-08T19:18:43+00:00","article_modified_time":"2023-01-03T19:19:20+00:00","og_image":[{"width":719,"height":271,"url":"https:\/\/homolog.harald.com.br\/site-2026\/wp-content\/uploads\/2023\/01\/2f15b5a8-adaa-4096-8898-5402513a29a8-719-leiamais.png","type":"image\/png"}],"author":"Bruna Teodoro","twitter_card":"summary_large_image","twitter_misc":{"Escrito por":"Bruna Teodoro","Est. tempo de leitura":"2 minutos"},"schema":{"@context":"https:\/\/schema.org","@graph":[{"@type":"Article","@id":"https:\/\/homolog.harald.com.br\/site-2026\/blog\/harald-expande-mercado-de-atuacao-e-chega-as-prateleiras-dos-supermercados\/#article","isPartOf":{"@id":"https:\/\/homolog.harald.com.br\/site-2026\/blog\/harald-expande-mercado-de-atuacao-e-chega-as-prateleiras-dos-supermercados\/"},"author":{"name":"Bruna Teodoro","@id":"https:\/\/homolog.harald.com.br\/site-2026\/#\/schema\/person\/37dcc072f872b17c519dd3097a7925e5"},"headline":"Harald expande mercado de atua\u00e7\u00e3o e chega \u00e0s prateleiras dos supermercados","datePublished":"2022-07-08T19:18:43+00:00","dateModified":"2023-01-03T19:19:20+00:00","mainEntityOfPage":{"@id":"https:\/\/homolog.harald.com.br\/site-2026\/blog\/harald-expande-mercado-de-atuacao-e-chega-as-prateleiras-dos-supermercados\/"},"wordCount":355,"publisher":{"@id":"https:\/\/homolog.harald.com.br\/site-2026\/#organization"},"image":{"@id":"https:\/\/homolog.harald.com.br\/site-2026\/blog\/harald-expande-mercado-de-atuacao-e-chega-as-prateleiras-dos-supermercados\/#primaryimage"},"thumbnailUrl":"https:\/\/homolog.harald.com.br\/site-2026\/wp-content\/uploads\/2023\/01\/2f15b5a8-adaa-4096-8898-5402513a29a8-719-leiamais.png","articleSection":["Not\u00edcias"],"inLanguage":"pt-BR"},{"@type":"WebPage","@id":"https:\/\/homolog.harald.com.br\/site-2026\/blog\/harald-expande-mercado-de-atuacao-e-chega-as-prateleiras-dos-supermercados\/","url":"https:\/\/homolog.harald.com.br\/site-2026\/blog\/harald-expande-mercado-de-atuacao-e-chega-as-prateleiras-dos-supermercados\/","name":"Harald expande mercado de atua\u00e7\u00e3o e chega \u00e0s prateleiras dos supermercados - Harald","isPartOf":{"@id":"https:\/\/homolog.harald.com.br\/site-2026\/#website"},"primaryImageOfPage":{"@id":"https:\/\/homolog.harald.com.br\/site-2026\/blog\/harald-expande-mercado-de-atuacao-e-chega-as-prateleiras-dos-supermercados\/#primaryimage"},"image":{"@id":"https:\/\/homolog.harald.com.br\/site-2026\/blog\/harald-expande-mercado-de-atuacao-e-chega-as-prateleiras-dos-supermercados\/#primaryimage"},"thumbnailUrl":"https:\/\/homolog.harald.com.br\/site-2026\/wp-content\/uploads\/2023\/01\/2f15b5a8-adaa-4096-8898-5402513a29a8-719-leiamais.png","datePublished":"2022-07-08T19:18:43+00:00","dateModified":"2023-01-03T19:19:20+00:00","breadcrumb":{"@id":"https:\/\/homolog.harald.com.br\/site-2026\/blog\/harald-expande-mercado-de-atuacao-e-chega-as-prateleiras-dos-supermercados\/#breadcrumb"},"inLanguage":"pt-BR","potentialAction":[{"@type":"ReadAction","target":["https:\/\/homolog.harald.com.br\/site-2026\/blog\/harald-expande-mercado-de-atuacao-e-chega-as-prateleiras-dos-supermercados\/"]}]},{"@type":"ImageObject","inLanguage":"pt-BR","@id":"https:\/\/homolog.harald.com.br\/site-2026\/blog\/harald-expande-mercado-de-atuacao-e-chega-as-prateleiras-dos-supermercados\/#primaryimage","url":"https:\/\/homolog.harald.com.br\/site-2026\/wp-content\/uploads\/2023\/01\/2f15b5a8-adaa-4096-8898-5402513a29a8-719-leiamais.png","contentUrl":"https:\/\/homolog.harald.com.br\/site-2026\/wp-content\/uploads\/2023\/01\/2f15b5a8-adaa-4096-8898-5402513a29a8-719-leiamais.png","width":719,"height":271},{"@type":"BreadcrumbList","@id":"https:\/\/homolog.harald.com.br\/site-2026\/blog\/harald-expande-mercado-de-atuacao-e-chega-as-prateleiras-dos-supermercados\/#breadcrumb","itemListElement":[{"@type":"ListItem","position":1,"name":"In\u00edcio","item":"https:\/\/homolog.harald.com.br\/site-2026\/"},{"@type":"ListItem","position":2,"name":"Harald expande mercado de atua\u00e7\u00e3o e chega \u00e0s prateleiras dos supermercados"}]},{"@type":"WebSite","@id":"https:\/\/homolog.harald.com.br\/site-2026\/#website","url":"https:\/\/homolog.harald.com.br\/site-2026\/","name":"Harald","description":"Fazer melhor \u00e9 fazer com paix\u00e3o","publisher":{"@id":"https:\/\/homolog.harald.com.br\/site-2026\/#organization"},"potentialAction":[{"@type":"SearchAction","target":{"@type":"EntryPoint","urlTemplate":"https:\/\/homolog.harald.com.br\/site-2026\/?s={search_term_string}"},"query-input":{"@type":"PropertyValueSpecification","valueRequired":true,"valueName":"search_term_string"}}],"inLanguage":"pt-BR"},{"@type":"Organization","@id":"https:\/\/homolog.harald.com.br\/site-2026\/#organization","name":"Harald","url":"https:\/\/homolog.harald.com.br\/site-2026\/","logo":{"@type":"ImageObject","inLanguage":"pt-BR","@id":"https:\/\/homolog.harald.com.br\/site-2026\/#\/schema\/logo\/image\/","url":"https:\/\/homolog.harald.com.br\/site-2026\/wp-content\/uploads\/2022\/09\/logo-harald-cmyk-ss.png","contentUrl":"https:\/\/homolog.harald.com.br\/site-2026\/wp-content\/uploads\/2022\/09\/logo-harald-cmyk-ss.png","width":1948,"height":1051,"caption":"Harald"},"image":{"@id":"https:\/\/homolog.harald.com.br\/site-2026\/#\/schema\/logo\/image\/"},"sameAs":["https:\/\/www.facebook.com\/HaraldChocolates\/","https:\/\/www.youtube.com\/user\/HaraldChocolates"]},{"@type":"Person","@id":"https:\/\/homolog.harald.com.br\/site-2026\/#\/schema\/person\/37dcc072f872b17c519dd3097a7925e5","name":"Bruna Teodoro","image":{"@type":"ImageObject","inLanguage":"pt-BR","@id":"https:\/\/homolog.harald.com.br\/site-2026\/#\/schema\/person\/image\/","url":"https:\/\/secure.gravatar.com\/avatar\/7da0050c7a3bd4d6df113dcfae1a5b72c8690bc5d4bb4fabab7e4d34d582ceea?s=96&d=mm&r=g","contentUrl":"https:\/\/secure.gravatar.com\/avatar\/7da0050c7a3bd4d6df113dcfae1a5b72c8690bc5d4bb4fabab7e4d34d582ceea?s=96&d=mm&r=g","caption":"Bruna Teodoro"},"url":"https:\/\/homolog.harald.com.br\/site-2026\/blog\/author\/bruna-teodoro\/"}]}},"uagb_featured_image_src":{"full":["https:\/\/homolog.harald.com.br\/site-2026\/wp-content\/uploads\/2023\/01\/2f15b5a8-adaa-4096-8898-5402513a29a8-719-leiamais.png",719,271,false],"thumbnail":["https:\/\/homolog.harald.com.br\/site-2026\/wp-content\/uploads\/2023\/01\/2f15b5a8-adaa-4096-8898-5402513a29a8-719-leiamais-150x150.png",150,150,true],"medium":["https:\/\/homolog.harald.com.br\/site-2026\/wp-content\/uploads\/2023\/01\/2f15b5a8-adaa-4096-8898-5402513a29a8-719-leiamais-300x113.png",300,113,true],"medium_large":["https:\/\/homolog.harald.com.br\/site-2026\/wp-content\/uploads\/2023\/01\/2f15b5a8-adaa-4096-8898-5402513a29a8-719-leiamais.png",719,271,false],"large":["https:\/\/homolog.harald.com.br\/site-2026\/wp-content\/uploads\/2023\/01\/2f15b5a8-adaa-4096-8898-5402513a29a8-719-leiamais.png",719,271,false],"1536x1536":["https:\/\/homolog.harald.com.br\/site-2026\/wp-content\/uploads\/2023\/01\/2f15b5a8-adaa-4096-8898-5402513a29a8-719-leiamais.png",719,271,false],"2048x2048":["https:\/\/homolog.harald.com.br\/site-2026\/wp-content\/uploads\/2023\/01\/2f15b5a8-adaa-4096-8898-5402513a29a8-719-leiamais.png",719,271,false],"full-width":["https:\/\/homolog.harald.com.br\/site-2026\/wp-content\/uploads\/2023\/01\/2f15b5a8-adaa-4096-8898-5402513a29a8-719-leiamais.png",719,271,false],"gform-image-choice-sm":["https:\/\/homolog.harald.com.br\/site-2026\/wp-content\/uploads\/2023\/01\/2f15b5a8-adaa-4096-8898-5402513a29a8-719-leiamais.png",300,113,false],"gform-image-choice-md":["https:\/\/homolog.harald.com.br\/site-2026\/wp-content\/uploads\/2023\/01\/2f15b5a8-adaa-4096-8898-5402513a29a8-719-leiamais.png",400,151,false],"gform-image-choice-lg":["https:\/\/homolog.harald.com.br\/site-2026\/wp-content\/uploads\/2023\/01\/2f15b5a8-adaa-4096-8898-5402513a29a8-719-leiamais.png",600,226,false]},"uagb_author_info":{"display_name":"Bruna Teodoro","author_link":"https:\/\/homolog.harald.com.br\/site-2026\/blog\/author\/bruna-teodoro\/"},"uagb_comment_info":0,"uagb_excerpt":"Harald expande mercado de atua\u00e7\u00e3o e chega \u00e0s prateleiras dos supermercados\u00a0\u00a0 Fabricante mira o setor B2C com adapta\u00e7\u00e3o de portf\u00f3lio atrav\u00e9s de embalagens menores para produ\u00e7\u00f5es caseiras\u00a0 &nbsp; S\u00e3o Paulo, julho de 2022 &#8211; Com 40 anos de hist\u00f3ria no segmento profissional e acompanhando as mudan\u00e7as de consumo pelos brasileiros, a Harald, empresa l\u00edder em&hellip;","_links":{"self":[{"href":"https:\/\/homolog.harald.com.br\/site-2026\/wp-json\/wp\/v2\/posts\/56062","targetHints":{"allow":["GET"]}}],"collection":[{"href":"https:\/\/homolog.harald.com.br\/site-2026\/wp-json\/wp\/v2\/posts"}],"about":[{"href":"https:\/\/homolog.harald.com.br\/site-2026\/wp-json\/wp\/v2\/types\/post"}],"author":[{"embeddable":true,"href":"https:\/\/homolog.harald.com.br\/site-2026\/wp-json\/wp\/v2\/users\/11"}],"replies":[{"embeddable":true,"href":"https:\/\/homolog.harald.com.br\/site-2026\/wp-json\/wp\/v2\/comments?post=56062"}],"version-history":[{"count":1,"href":"https:\/\/homolog.harald.com.br\/site-2026\/wp-json\/wp\/v2\/posts\/56062\/revisions"}],"predecessor-version":[{"id":56067,"href":"https:\/\/homolog.harald.com.br\/site-2026\/wp-json\/wp\/v2\/posts\/56062\/revisions\/56067"}],"wp:featuredmedia":[{"embeddable":true,"href":"https:\/\/homolog.harald.com.br\/site-2026\/wp-json\/wp\/v2\/media\/56064"}],"wp:attachment":[{"href":"https:\/\/homolog.harald.com.br\/site-2026\/wp-json\/wp\/v2\/media?parent=56062"}],"wp:term":[{"taxonomy":"category","embeddable":true,"href":"https:\/\/homolog.harald.com.br\/site-2026\/wp-json\/wp\/v2\/categories?post=56062"},{"taxonomy":"post_tag","embeddable":true,"href":"https:\/\/homolog.harald.com.br\/site-2026\/wp-json\/wp\/v2\/tags?post=56062"},{"taxonomy":"para-seu-negocio","embeddable":true,"href":"https:\/\/homolog.harald.com.br\/site-2026\/wp-json\/wp\/v2\/para-seu-negocio?post=56062"}],"curies":[{"name":"wp","href":"https:\/\/api.w.org\/{rel}","templated":true}]}}