{"id":56057,"date":"2022-09-06T16:14:32","date_gmt":"2022-09-06T19:14:32","guid":{"rendered":"https:\/\/homolog.harald.com.br\/site-2026\/?p=56057"},"modified":"2023-01-03T16:15:18","modified_gmt":"2023-01-03T19:15:18","slug":"harald-celebra-40-anos-com-lancamento-de-campanha-que-homenageia-seus-colaboradores","status":"publish","type":"post","link":"https:\/\/homolog.harald.com.br\/site-2026\/blog\/harald-celebra-40-anos-com-lancamento-de-campanha-que-homenageia-seus-colaboradores\/","title":{"rendered":"Harald celebra 40 anos com lan\u00e7amento de campanha que homenageia seus colaboradores"},"content":{"rendered":"<h1 style=\"text-align: center;\"><b>Harald celebra 40 anos com lan\u00e7amento de campanha que homenageia seus colaboradores<\/b><\/h1>\n<p style=\"text-align: center;\"><i><span style=\"font-weight: 400;\">Filme mostra a trajet\u00f3ria da companhia marcada por inova\u00e7\u00f5es, transforma\u00e7\u00f5es, qualidade e dedica\u00e7\u00e3o, com agradecimento a todos que ajudaram a construir esta hist\u00f3ria<\/span><\/i><\/p>\n<p>&nbsp;<\/p>\n<p style=\"text-align: center;\"><a href=\"https:\/\/www.youtube.com\/watch?v=ckHtnCWNdS0\"><span style=\"font-weight: 400;\">Inserir v\u00eddeo campanha<\/span><\/a><\/p>\n<p>&nbsp;<\/p>\n<p><b>S\u00e3o Paulo, setembro de 2022<\/b><span style=\"font-weight: 400;\"> &#8211; Os 40 anos de hist\u00f3ria da <\/span><b>Harald<\/b><span style=\"font-weight: 400;\">, empresa l\u00edder em coberturas e refer\u00eancia em chocolates para o mercado especializado no Brasil, foram constru\u00eddos com desenvolvimento de produtos de alta qualidade e o compromisso de um trabalho dedicado \u00e0s pessoas, \u00e0 sustentabilidade e ao cuidado com as comunidades. Para celebrar, a marca desenvolveu um filme publicit\u00e1rio, em homenagem aos colaboradores e que traduz a dedica\u00e7\u00e3o, for\u00e7a de vontade e sinergia entre os funcion\u00e1rios, que possibilitaram a consolida\u00e7\u00e3o da companhia e todas as conquistas obtidas nesta trajet\u00f3ria.\u00a0<\/span><\/p>\n<p>&nbsp;<\/p>\n<p><span style=\"font-weight: 400;\">O v\u00eddeo, que foi disponibilizado no Youtube e Linkedin da empresa, aborda a constru\u00e7\u00e3o da <\/span><b>Harald<\/b><span style=\"font-weight: 400;\"> que h\u00e1 40 anos desenvolve um grande portf\u00f3lio de produtos, e conta com um time respons\u00e1vel por transformar o chocolate em oportunidades.\u00a0\u00a0<\/span><\/p>\n<p>&nbsp;<\/p>\n<p><span style=\"font-weight: 400;\">Em 2015, a <\/span><b>Harald <\/b><span style=\"font-weight: 400;\">passou a fazer parte do grupo japon\u00eas Fuji Oil, multinacional que tem como prop\u00f3sito participar da solu\u00e7\u00e3o de problemas sociais, fornecendo alimentos saud\u00e1veis, saborosos e sustent\u00e1veis, al\u00e9m de ingredientes que reduzam o impacto ambiental e respeitem os direitos humanos. Trabalho que, em 2021, levou ao reconhecimento do grupo com a classifica\u00e7\u00e3o <\/span><i><span style=\"font-weight: 400;\">triple A<\/span><\/i><span style=\"font-weight: 400;\">, a mais alta pontua\u00e7\u00e3o concedida pela CDP, institui\u00e7\u00e3o ambiental global que avalia o trabalho de sustentabilidade corporativa.\u00a0<\/span><\/p>\n<p>&nbsp;<\/p>\n<p><span style=\"font-weight: 400;\">Alinhada aos prop\u00f3sitos do grupo e buscando alternativas compat\u00edveis com o objetivo global, o time <\/span><b>Harald<\/b><span style=\"font-weight: 400;\">, tem constru\u00eddo uma s\u00e9rie de iniciativas para ter presen\u00e7a efetiva dentro das pr\u00e1ticas ESGs com objetivo de fortalecer o protagonismo na constru\u00e7\u00e3o de uma sociedade sustent\u00e1vel e avan\u00e7ar cada vez mais como grupo.<\/span><\/p>\n<p>&nbsp;<\/p>\n<p><span style=\"font-weight: 400;\">Indo al\u00e9m dos produtos, a empresa busca o engajamento com a\u00e7\u00f5es sociais visando contribuir para o bem-estar das pessoas, e de maneira proativa, oferecer servi\u00e7os de capacita\u00e7\u00e3o para culin\u00e1ria que atendam \u00e0s diferentes demandas e expectativas do p\u00fablico que atua ou deseja atuar profissionalmente com chocolates.\u00a0<\/span><\/p>\n<p>&nbsp;<\/p>\n<p><span style=\"font-weight: 400;\">Entre as a\u00e7\u00f5es e iniciativas desenvolvidas est\u00e1 o <\/span><span style=\"font-weight: 400;\">Programa Social de Chocolataria, que desde 2019<\/span><span style=\"font-weight: 400;\"> faz parte das a\u00e7\u00f5es de ESG, e que em parceria com ONGs tem o objetivo de gerar novas oportunidades de renda e contribuir para a expans\u00e3o dos pequenos neg\u00f3cios e novos empreendedores. At\u00e9 hoje, o programa j\u00e1 beneficiou mais de 1.000 alunos.\u00a0<\/span><\/p>\n<p>&nbsp;<\/p>\n<p><span style=\"font-weight: 400;\">Al\u00e9m disso, os 40 anos da <\/span><b>Harald<\/b><span style=\"font-weight: 400;\"> chegam com expans\u00e3o e amplia\u00e7\u00e3o de portf\u00f3lio. Impulsionada pelo aumento expressivo na frequ\u00eancia com que as pessoas cozinham em casa, por conta do aumento dos gastos na alimenta\u00e7\u00e3o fora do lar, a marca expande sua atua\u00e7\u00e3o e chega aos supermercados e varejistas de todo o pa\u00eds com 15 produtos \u00e0 base de chocolate, com praticidade, qualidade profissional e rendimento, para o preparo de doces e sobremesas em casa.<\/span><\/p>\n<p>&nbsp;<\/p>\n<p><span style=\"font-weight: 400;\">Segundo Leonardo Santis, diretor comercial e marketing da <\/span><b>Harald<\/b><span style=\"font-weight: 400;\"> no Brasil, \u201ca empresa segue em busca do desenvolvimento das linhas de produtos, sempre\u00a0 compreendendo todo o contexto e necessidades decorrentes do cen\u00e1rio socioecon\u00f4mico, lan\u00e7ando alimentos alinhados \u00e0s tend\u00eancias de mercado e comportamento de consumo que possam gerar oportunidades, al\u00e9m de conduzir atividades em harmonia com o meio ambiente\u201d, diz o executivo.\u00a0<\/span><\/p>\n","protected":false},"excerpt":{"rendered":"<p>Harald celebra 40 anos com lan\u00e7amento de campanha que homenageia seus colaboradores Filme mostra a trajet\u00f3ria da companhia marcada por inova\u00e7\u00f5es, transforma\u00e7\u00f5es, qualidade e dedica\u00e7\u00e3o, com agradecimento a todos que ajudaram a construir esta hist\u00f3ria &nbsp; Inserir v\u00eddeo campanha &nbsp; S\u00e3o Paulo, setembro de 2022 &#8211; Os 40 anos de hist\u00f3ria da Harald, empresa l\u00edder <a class=\"more-link\" href=\"https:\/\/homolog.harald.com.br\/site-2026\/blog\/harald-celebra-40-anos-com-lancamento-de-campanha-que-homenageia-seus-colaboradores\/\">Read more&#8230;<\/a><\/p>\n","protected":false},"author":11,"featured_media":9235,"comment_status":"closed","ping_status":"closed","sticky":false,"template":"","format":"standard","meta":{"_acf_changed":false,"_uag_custom_page_level_css":"","footnotes":""},"categories":[158],"tags":[],"para-seu-negocio":[],"class_list":["post-56057","post","type-post","status-publish","format-standard","has-post-thumbnail","hentry","category-noticias"],"acf":[],"yoast_head":"<!-- This site is optimized with the Yoast SEO plugin v26.3 - https:\/\/yoast.com\/wordpress\/plugins\/seo\/ -->\n<title>Harald celebra 40 anos com lan\u00e7amento de campanha que homenageia seus colaboradores - Harald<\/title>\n<meta name=\"robots\" content=\"noindex, follow, max-snippet:-1, max-image-preview:large, max-video-preview:-1\" \/>\n<meta property=\"og:locale\" content=\"pt_BR\" \/>\n<meta property=\"og:type\" content=\"article\" \/>\n<meta property=\"og:title\" content=\"Harald celebra 40 anos com lan\u00e7amento de campanha que homenageia seus colaboradores - Harald\" \/>\n<meta property=\"og:description\" content=\"Harald celebra 40 anos com lan\u00e7amento de campanha que homenageia seus colaboradores Filme mostra a trajet\u00f3ria da companhia marcada por inova\u00e7\u00f5es, transforma\u00e7\u00f5es, qualidade e dedica\u00e7\u00e3o, com agradecimento a todos que ajudaram a construir esta hist\u00f3ria &nbsp; Inserir v\u00eddeo campanha &nbsp; S\u00e3o Paulo, setembro de 2022 &#8211; Os 40 anos de hist\u00f3ria da Harald, empresa l\u00edder Read more...\" \/>\n<meta property=\"og:url\" content=\"https:\/\/homolog.harald.com.br\/site-2026\/blog\/harald-celebra-40-anos-com-lancamento-de-campanha-que-homenageia-seus-colaboradores\/\" \/>\n<meta property=\"og:site_name\" content=\"Harald\" \/>\n<meta property=\"article:publisher\" content=\"https:\/\/www.facebook.com\/HaraldChocolates\/\" \/>\n<meta property=\"article:published_time\" content=\"2022-09-06T19:14:32+00:00\" \/>\n<meta property=\"article:modified_time\" content=\"2023-01-03T19:15:18+00:00\" \/>\n<meta property=\"og:image\" content=\"https:\/\/homolog.harald.com.br\/site-2026\/wp-content\/uploads\/2022\/10\/harald-40-anos.png\" \/>\n\t<meta property=\"og:image:width\" content=\"1024\" \/>\n\t<meta property=\"og:image:height\" content=\"453\" \/>\n\t<meta property=\"og:image:type\" content=\"image\/png\" \/>\n<meta name=\"author\" content=\"Bruna Teodoro\" \/>\n<meta name=\"twitter:card\" content=\"summary_large_image\" \/>\n<meta name=\"twitter:label1\" content=\"Escrito por\" \/>\n\t<meta name=\"twitter:data1\" content=\"Bruna Teodoro\" \/>\n\t<meta name=\"twitter:label2\" content=\"Est. tempo de leitura\" \/>\n\t<meta name=\"twitter:data2\" content=\"3 minutos\" \/>\n<script type=\"application\/ld+json\" class=\"yoast-schema-graph\">{\"@context\":\"https:\/\/schema.org\",\"@graph\":[{\"@type\":\"Article\",\"@id\":\"https:\/\/homolog.harald.com.br\/site-2026\/blog\/harald-celebra-40-anos-com-lancamento-de-campanha-que-homenageia-seus-colaboradores\/#article\",\"isPartOf\":{\"@id\":\"https:\/\/homolog.harald.com.br\/site-2026\/blog\/harald-celebra-40-anos-com-lancamento-de-campanha-que-homenageia-seus-colaboradores\/\"},\"author\":{\"name\":\"Bruna Teodoro\",\"@id\":\"https:\/\/homolog.harald.com.br\/site-2026\/#\/schema\/person\/37dcc072f872b17c519dd3097a7925e5\"},\"headline\":\"Harald celebra 40 anos com lan\u00e7amento de campanha que homenageia seus colaboradores\",\"datePublished\":\"2022-09-06T19:14:32+00:00\",\"dateModified\":\"2023-01-03T19:15:18+00:00\",\"mainEntityOfPage\":{\"@id\":\"https:\/\/homolog.harald.com.br\/site-2026\/blog\/harald-celebra-40-anos-com-lancamento-de-campanha-que-homenageia-seus-colaboradores\/\"},\"wordCount\":601,\"publisher\":{\"@id\":\"https:\/\/homolog.harald.com.br\/site-2026\/#organization\"},\"image\":{\"@id\":\"https:\/\/homolog.harald.com.br\/site-2026\/blog\/harald-celebra-40-anos-com-lancamento-de-campanha-que-homenageia-seus-colaboradores\/#primaryimage\"},\"thumbnailUrl\":\"https:\/\/homolog.harald.com.br\/site-2026\/wp-content\/uploads\/2022\/10\/harald-40-anos.png\",\"articleSection\":[\"Not\u00edcias\"],\"inLanguage\":\"pt-BR\"},{\"@type\":\"WebPage\",\"@id\":\"https:\/\/homolog.harald.com.br\/site-2026\/blog\/harald-celebra-40-anos-com-lancamento-de-campanha-que-homenageia-seus-colaboradores\/\",\"url\":\"https:\/\/homolog.harald.com.br\/site-2026\/blog\/harald-celebra-40-anos-com-lancamento-de-campanha-que-homenageia-seus-colaboradores\/\",\"name\":\"Harald celebra 40 anos com lan\u00e7amento de campanha que homenageia seus colaboradores - Harald\",\"isPartOf\":{\"@id\":\"https:\/\/homolog.harald.com.br\/site-2026\/#website\"},\"primaryImageOfPage\":{\"@id\":\"https:\/\/homolog.harald.com.br\/site-2026\/blog\/harald-celebra-40-anos-com-lancamento-de-campanha-que-homenageia-seus-colaboradores\/#primaryimage\"},\"image\":{\"@id\":\"https:\/\/homolog.harald.com.br\/site-2026\/blog\/harald-celebra-40-anos-com-lancamento-de-campanha-que-homenageia-seus-colaboradores\/#primaryimage\"},\"thumbnailUrl\":\"https:\/\/homolog.harald.com.br\/site-2026\/wp-content\/uploads\/2022\/10\/harald-40-anos.png\",\"datePublished\":\"2022-09-06T19:14:32+00:00\",\"dateModified\":\"2023-01-03T19:15:18+00:00\",\"breadcrumb\":{\"@id\":\"https:\/\/homolog.harald.com.br\/site-2026\/blog\/harald-celebra-40-anos-com-lancamento-de-campanha-que-homenageia-seus-colaboradores\/#breadcrumb\"},\"inLanguage\":\"pt-BR\",\"potentialAction\":[{\"@type\":\"ReadAction\",\"target\":[\"https:\/\/homolog.harald.com.br\/site-2026\/blog\/harald-celebra-40-anos-com-lancamento-de-campanha-que-homenageia-seus-colaboradores\/\"]}]},{\"@type\":\"ImageObject\",\"inLanguage\":\"pt-BR\",\"@id\":\"https:\/\/homolog.harald.com.br\/site-2026\/blog\/harald-celebra-40-anos-com-lancamento-de-campanha-que-homenageia-seus-colaboradores\/#primaryimage\",\"url\":\"https:\/\/homolog.harald.com.br\/site-2026\/wp-content\/uploads\/2022\/10\/harald-40-anos.png\",\"contentUrl\":\"https:\/\/homolog.harald.com.br\/site-2026\/wp-content\/uploads\/2022\/10\/harald-40-anos.png\",\"width\":1024,\"height\":453},{\"@type\":\"BreadcrumbList\",\"@id\":\"https:\/\/homolog.harald.com.br\/site-2026\/blog\/harald-celebra-40-anos-com-lancamento-de-campanha-que-homenageia-seus-colaboradores\/#breadcrumb\",\"itemListElement\":[{\"@type\":\"ListItem\",\"position\":1,\"name\":\"In\u00edcio\",\"item\":\"https:\/\/homolog.harald.com.br\/site-2026\/\"},{\"@type\":\"ListItem\",\"position\":2,\"name\":\"Harald celebra 40 anos com lan\u00e7amento de campanha que homenageia seus colaboradores\"}]},{\"@type\":\"WebSite\",\"@id\":\"https:\/\/homolog.harald.com.br\/site-2026\/#website\",\"url\":\"https:\/\/homolog.harald.com.br\/site-2026\/\",\"name\":\"Harald\",\"description\":\"Fazer melhor \u00e9 fazer com paix\u00e3o\",\"publisher\":{\"@id\":\"https:\/\/homolog.harald.com.br\/site-2026\/#organization\"},\"potentialAction\":[{\"@type\":\"SearchAction\",\"target\":{\"@type\":\"EntryPoint\",\"urlTemplate\":\"https:\/\/homolog.harald.com.br\/site-2026\/?s={search_term_string}\"},\"query-input\":{\"@type\":\"PropertyValueSpecification\",\"valueRequired\":true,\"valueName\":\"search_term_string\"}}],\"inLanguage\":\"pt-BR\"},{\"@type\":\"Organization\",\"@id\":\"https:\/\/homolog.harald.com.br\/site-2026\/#organization\",\"name\":\"Harald\",\"url\":\"https:\/\/homolog.harald.com.br\/site-2026\/\",\"logo\":{\"@type\":\"ImageObject\",\"inLanguage\":\"pt-BR\",\"@id\":\"https:\/\/homolog.harald.com.br\/site-2026\/#\/schema\/logo\/image\/\",\"url\":\"https:\/\/homolog.harald.com.br\/site-2026\/wp-content\/uploads\/2022\/09\/logo-harald-cmyk-ss.png\",\"contentUrl\":\"https:\/\/homolog.harald.com.br\/site-2026\/wp-content\/uploads\/2022\/09\/logo-harald-cmyk-ss.png\",\"width\":1948,\"height\":1051,\"caption\":\"Harald\"},\"image\":{\"@id\":\"https:\/\/homolog.harald.com.br\/site-2026\/#\/schema\/logo\/image\/\"},\"sameAs\":[\"https:\/\/www.facebook.com\/HaraldChocolates\/\",\"https:\/\/www.youtube.com\/user\/HaraldChocolates\"]},{\"@type\":\"Person\",\"@id\":\"https:\/\/homolog.harald.com.br\/site-2026\/#\/schema\/person\/37dcc072f872b17c519dd3097a7925e5\",\"name\":\"Bruna Teodoro\",\"image\":{\"@type\":\"ImageObject\",\"inLanguage\":\"pt-BR\",\"@id\":\"https:\/\/homolog.harald.com.br\/site-2026\/#\/schema\/person\/image\/\",\"url\":\"https:\/\/secure.gravatar.com\/avatar\/7da0050c7a3bd4d6df113dcfae1a5b72c8690bc5d4bb4fabab7e4d34d582ceea?s=96&d=mm&r=g\",\"contentUrl\":\"https:\/\/secure.gravatar.com\/avatar\/7da0050c7a3bd4d6df113dcfae1a5b72c8690bc5d4bb4fabab7e4d34d582ceea?s=96&d=mm&r=g\",\"caption\":\"Bruna Teodoro\"},\"url\":\"https:\/\/homolog.harald.com.br\/site-2026\/blog\/author\/bruna-teodoro\/\"}]}<\/script>\n<!-- \/ Yoast SEO plugin. -->","yoast_head_json":{"title":"Harald celebra 40 anos com lan\u00e7amento de campanha que homenageia seus colaboradores - Harald","robots":{"index":"noindex","follow":"follow","max-snippet":"max-snippet:-1","max-image-preview":"max-image-preview:large","max-video-preview":"max-video-preview:-1"},"og_locale":"pt_BR","og_type":"article","og_title":"Harald celebra 40 anos com lan\u00e7amento de campanha que homenageia seus colaboradores - Harald","og_description":"Harald celebra 40 anos com lan\u00e7amento de campanha que homenageia seus colaboradores Filme mostra a trajet\u00f3ria da companhia marcada por inova\u00e7\u00f5es, transforma\u00e7\u00f5es, qualidade e dedica\u00e7\u00e3o, com agradecimento a todos que ajudaram a construir esta hist\u00f3ria &nbsp; Inserir v\u00eddeo campanha &nbsp; S\u00e3o Paulo, setembro de 2022 &#8211; Os 40 anos de hist\u00f3ria da Harald, empresa l\u00edder Read more...","og_url":"https:\/\/homolog.harald.com.br\/site-2026\/blog\/harald-celebra-40-anos-com-lancamento-de-campanha-que-homenageia-seus-colaboradores\/","og_site_name":"Harald","article_publisher":"https:\/\/www.facebook.com\/HaraldChocolates\/","article_published_time":"2022-09-06T19:14:32+00:00","article_modified_time":"2023-01-03T19:15:18+00:00","og_image":[{"width":1024,"height":453,"url":"https:\/\/homolog.harald.com.br\/site-2026\/wp-content\/uploads\/2022\/10\/harald-40-anos.png","type":"image\/png"}],"author":"Bruna Teodoro","twitter_card":"summary_large_image","twitter_misc":{"Escrito por":"Bruna Teodoro","Est. tempo de leitura":"3 minutos"},"schema":{"@context":"https:\/\/schema.org","@graph":[{"@type":"Article","@id":"https:\/\/homolog.harald.com.br\/site-2026\/blog\/harald-celebra-40-anos-com-lancamento-de-campanha-que-homenageia-seus-colaboradores\/#article","isPartOf":{"@id":"https:\/\/homolog.harald.com.br\/site-2026\/blog\/harald-celebra-40-anos-com-lancamento-de-campanha-que-homenageia-seus-colaboradores\/"},"author":{"name":"Bruna Teodoro","@id":"https:\/\/homolog.harald.com.br\/site-2026\/#\/schema\/person\/37dcc072f872b17c519dd3097a7925e5"},"headline":"Harald celebra 40 anos com lan\u00e7amento de campanha que homenageia seus colaboradores","datePublished":"2022-09-06T19:14:32+00:00","dateModified":"2023-01-03T19:15:18+00:00","mainEntityOfPage":{"@id":"https:\/\/homolog.harald.com.br\/site-2026\/blog\/harald-celebra-40-anos-com-lancamento-de-campanha-que-homenageia-seus-colaboradores\/"},"wordCount":601,"publisher":{"@id":"https:\/\/homolog.harald.com.br\/site-2026\/#organization"},"image":{"@id":"https:\/\/homolog.harald.com.br\/site-2026\/blog\/harald-celebra-40-anos-com-lancamento-de-campanha-que-homenageia-seus-colaboradores\/#primaryimage"},"thumbnailUrl":"https:\/\/homolog.harald.com.br\/site-2026\/wp-content\/uploads\/2022\/10\/harald-40-anos.png","articleSection":["Not\u00edcias"],"inLanguage":"pt-BR"},{"@type":"WebPage","@id":"https:\/\/homolog.harald.com.br\/site-2026\/blog\/harald-celebra-40-anos-com-lancamento-de-campanha-que-homenageia-seus-colaboradores\/","url":"https:\/\/homolog.harald.com.br\/site-2026\/blog\/harald-celebra-40-anos-com-lancamento-de-campanha-que-homenageia-seus-colaboradores\/","name":"Harald celebra 40 anos com lan\u00e7amento de campanha que homenageia seus colaboradores - Harald","isPartOf":{"@id":"https:\/\/homolog.harald.com.br\/site-2026\/#website"},"primaryImageOfPage":{"@id":"https:\/\/homolog.harald.com.br\/site-2026\/blog\/harald-celebra-40-anos-com-lancamento-de-campanha-que-homenageia-seus-colaboradores\/#primaryimage"},"image":{"@id":"https:\/\/homolog.harald.com.br\/site-2026\/blog\/harald-celebra-40-anos-com-lancamento-de-campanha-que-homenageia-seus-colaboradores\/#primaryimage"},"thumbnailUrl":"https:\/\/homolog.harald.com.br\/site-2026\/wp-content\/uploads\/2022\/10\/harald-40-anos.png","datePublished":"2022-09-06T19:14:32+00:00","dateModified":"2023-01-03T19:15:18+00:00","breadcrumb":{"@id":"https:\/\/homolog.harald.com.br\/site-2026\/blog\/harald-celebra-40-anos-com-lancamento-de-campanha-que-homenageia-seus-colaboradores\/#breadcrumb"},"inLanguage":"pt-BR","potentialAction":[{"@type":"ReadAction","target":["https:\/\/homolog.harald.com.br\/site-2026\/blog\/harald-celebra-40-anos-com-lancamento-de-campanha-que-homenageia-seus-colaboradores\/"]}]},{"@type":"ImageObject","inLanguage":"pt-BR","@id":"https:\/\/homolog.harald.com.br\/site-2026\/blog\/harald-celebra-40-anos-com-lancamento-de-campanha-que-homenageia-seus-colaboradores\/#primaryimage","url":"https:\/\/homolog.harald.com.br\/site-2026\/wp-content\/uploads\/2022\/10\/harald-40-anos.png","contentUrl":"https:\/\/homolog.harald.com.br\/site-2026\/wp-content\/uploads\/2022\/10\/harald-40-anos.png","width":1024,"height":453},{"@type":"BreadcrumbList","@id":"https:\/\/homolog.harald.com.br\/site-2026\/blog\/harald-celebra-40-anos-com-lancamento-de-campanha-que-homenageia-seus-colaboradores\/#breadcrumb","itemListElement":[{"@type":"ListItem","position":1,"name":"In\u00edcio","item":"https:\/\/homolog.harald.com.br\/site-2026\/"},{"@type":"ListItem","position":2,"name":"Harald celebra 40 anos com lan\u00e7amento de campanha que homenageia seus colaboradores"}]},{"@type":"WebSite","@id":"https:\/\/homolog.harald.com.br\/site-2026\/#website","url":"https:\/\/homolog.harald.com.br\/site-2026\/","name":"Harald","description":"Fazer melhor \u00e9 fazer com paix\u00e3o","publisher":{"@id":"https:\/\/homolog.harald.com.br\/site-2026\/#organization"},"potentialAction":[{"@type":"SearchAction","target":{"@type":"EntryPoint","urlTemplate":"https:\/\/homolog.harald.com.br\/site-2026\/?s={search_term_string}"},"query-input":{"@type":"PropertyValueSpecification","valueRequired":true,"valueName":"search_term_string"}}],"inLanguage":"pt-BR"},{"@type":"Organization","@id":"https:\/\/homolog.harald.com.br\/site-2026\/#organization","name":"Harald","url":"https:\/\/homolog.harald.com.br\/site-2026\/","logo":{"@type":"ImageObject","inLanguage":"pt-BR","@id":"https:\/\/homolog.harald.com.br\/site-2026\/#\/schema\/logo\/image\/","url":"https:\/\/homolog.harald.com.br\/site-2026\/wp-content\/uploads\/2022\/09\/logo-harald-cmyk-ss.png","contentUrl":"https:\/\/homolog.harald.com.br\/site-2026\/wp-content\/uploads\/2022\/09\/logo-harald-cmyk-ss.png","width":1948,"height":1051,"caption":"Harald"},"image":{"@id":"https:\/\/homolog.harald.com.br\/site-2026\/#\/schema\/logo\/image\/"},"sameAs":["https:\/\/www.facebook.com\/HaraldChocolates\/","https:\/\/www.youtube.com\/user\/HaraldChocolates"]},{"@type":"Person","@id":"https:\/\/homolog.harald.com.br\/site-2026\/#\/schema\/person\/37dcc072f872b17c519dd3097a7925e5","name":"Bruna Teodoro","image":{"@type":"ImageObject","inLanguage":"pt-BR","@id":"https:\/\/homolog.harald.com.br\/site-2026\/#\/schema\/person\/image\/","url":"https:\/\/secure.gravatar.com\/avatar\/7da0050c7a3bd4d6df113dcfae1a5b72c8690bc5d4bb4fabab7e4d34d582ceea?s=96&d=mm&r=g","contentUrl":"https:\/\/secure.gravatar.com\/avatar\/7da0050c7a3bd4d6df113dcfae1a5b72c8690bc5d4bb4fabab7e4d34d582ceea?s=96&d=mm&r=g","caption":"Bruna Teodoro"},"url":"https:\/\/homolog.harald.com.br\/site-2026\/blog\/author\/bruna-teodoro\/"}]}},"uagb_featured_image_src":{"full":["https:\/\/homolog.harald.com.br\/site-2026\/wp-content\/uploads\/2022\/10\/harald-40-anos.png",1024,453,false],"thumbnail":["https:\/\/homolog.harald.com.br\/site-2026\/wp-content\/uploads\/2022\/10\/harald-40-anos-150x150.png",150,150,true],"medium":["https:\/\/homolog.harald.com.br\/site-2026\/wp-content\/uploads\/2022\/10\/harald-40-anos-300x133.png",300,133,true],"medium_large":["https:\/\/homolog.harald.com.br\/site-2026\/wp-content\/uploads\/2022\/10\/harald-40-anos-768x340.png",768,340,true],"large":["https:\/\/homolog.harald.com.br\/site-2026\/wp-content\/uploads\/2022\/10\/harald-40-anos.png",1024,453,false],"1536x1536":["https:\/\/homolog.harald.com.br\/site-2026\/wp-content\/uploads\/2022\/10\/harald-40-anos.png",1024,453,false],"2048x2048":["https:\/\/homolog.harald.com.br\/site-2026\/wp-content\/uploads\/2022\/10\/harald-40-anos.png",1024,453,false],"full-width":["https:\/\/homolog.harald.com.br\/site-2026\/wp-content\/uploads\/2022\/10\/harald-40-anos.png",1024,453,false],"gform-image-choice-sm":["https:\/\/homolog.harald.com.br\/site-2026\/wp-content\/uploads\/2022\/10\/harald-40-anos.png",300,133,false],"gform-image-choice-md":["https:\/\/homolog.harald.com.br\/site-2026\/wp-content\/uploads\/2022\/10\/harald-40-anos.png",400,177,false],"gform-image-choice-lg":["https:\/\/homolog.harald.com.br\/site-2026\/wp-content\/uploads\/2022\/10\/harald-40-anos.png",600,265,false]},"uagb_author_info":{"display_name":"Bruna Teodoro","author_link":"https:\/\/homolog.harald.com.br\/site-2026\/blog\/author\/bruna-teodoro\/"},"uagb_comment_info":0,"uagb_excerpt":"Harald celebra 40 anos com lan\u00e7amento de campanha que homenageia seus colaboradores Filme mostra a trajet\u00f3ria da companhia marcada por inova\u00e7\u00f5es, transforma\u00e7\u00f5es, qualidade e dedica\u00e7\u00e3o, com agradecimento a todos que ajudaram a construir esta hist\u00f3ria &nbsp; Inserir v\u00eddeo campanha &nbsp; S\u00e3o Paulo, setembro de 2022 &#8211; Os 40 anos de hist\u00f3ria da Harald, empresa l\u00edder&hellip;","_links":{"self":[{"href":"https:\/\/homolog.harald.com.br\/site-2026\/wp-json\/wp\/v2\/posts\/56057","targetHints":{"allow":["GET"]}}],"collection":[{"href":"https:\/\/homolog.harald.com.br\/site-2026\/wp-json\/wp\/v2\/posts"}],"about":[{"href":"https:\/\/homolog.harald.com.br\/site-2026\/wp-json\/wp\/v2\/types\/post"}],"author":[{"embeddable":true,"href":"https:\/\/homolog.harald.com.br\/site-2026\/wp-json\/wp\/v2\/users\/11"}],"replies":[{"embeddable":true,"href":"https:\/\/homolog.harald.com.br\/site-2026\/wp-json\/wp\/v2\/comments?post=56057"}],"version-history":[{"count":1,"href":"https:\/\/homolog.harald.com.br\/site-2026\/wp-json\/wp\/v2\/posts\/56057\/revisions"}],"predecessor-version":[{"id":56060,"href":"https:\/\/homolog.harald.com.br\/site-2026\/wp-json\/wp\/v2\/posts\/56057\/revisions\/56060"}],"wp:featuredmedia":[{"embeddable":true,"href":"https:\/\/homolog.harald.com.br\/site-2026\/wp-json\/wp\/v2\/media\/9235"}],"wp:attachment":[{"href":"https:\/\/homolog.harald.com.br\/site-2026\/wp-json\/wp\/v2\/media?parent=56057"}],"wp:term":[{"taxonomy":"category","embeddable":true,"href":"https:\/\/homolog.harald.com.br\/site-2026\/wp-json\/wp\/v2\/categories?post=56057"},{"taxonomy":"post_tag","embeddable":true,"href":"https:\/\/homolog.harald.com.br\/site-2026\/wp-json\/wp\/v2\/tags?post=56057"},{"taxonomy":"para-seu-negocio","embeddable":true,"href":"https:\/\/homolog.harald.com.br\/site-2026\/wp-json\/wp\/v2\/para-seu-negocio?post=56057"}],"curies":[{"name":"wp","href":"https:\/\/api.w.org\/{rel}","templated":true}]}}