{"id":56050,"date":"2022-10-05T16:09:04","date_gmt":"2022-10-05T19:09:04","guid":{"rendered":"https:\/\/homolog.harald.com.br\/site-2026\/?p=56050"},"modified":"2023-01-03T16:10:06","modified_gmt":"2023-01-03T19:10:06","slug":"halloween-2022-harald-comemora-data-com-campanha-especial-nos-pontos-de-vendas-e-conteudos-exclusivos-nas-midias-sociais","status":"publish","type":"post","link":"https:\/\/homolog.harald.com.br\/site-2026\/blog\/halloween-2022-harald-comemora-data-com-campanha-especial-nos-pontos-de-vendas-e-conteudos-exclusivos-nas-midias-sociais\/","title":{"rendered":"Halloween 2022: Harald comemora data com campanha especial nos pontos de vendas e conte\u00fados exclusivos nas m\u00eddias sociais"},"content":{"rendered":"<h1 style=\"text-align: center;\"><b>Halloween 2022: Harald comemora data com campanha especial nos pontos de vendas e conte\u00fados exclusivos nas m\u00eddias sociaiss<\/b><\/h1>\n<p style=\"text-align: center;\"><i><span style=\"font-weight: 400;\">Al\u00e9m de beneficiar o p\u00fablico confeiteiro e transformador, a campanha foi desenhada para gerar awareness e aumentar a visibilidade da marca e dos produtos<\/span><\/i><\/p>\n<p><img loading=\"lazy\" decoding=\"async\" class=\"size-medium wp-image-56053 aligncenter\" src=\"https:\/\/homolog.harald.com.br\/site-2026\/wp-content\/uploads\/2023\/01\/image3-300x169.jpg\" alt=\"\" width=\"300\" height=\"169\" srcset=\"https:\/\/homolog.harald.com.br\/site-2026\/wp-content\/uploads\/2023\/01\/image3-300x169.jpg 300w, https:\/\/homolog.harald.com.br\/site-2026\/wp-content\/uploads\/2023\/01\/image3-1024x576.jpg 1024w, https:\/\/homolog.harald.com.br\/site-2026\/wp-content\/uploads\/2023\/01\/image3-768x432.jpg 768w, https:\/\/homolog.harald.com.br\/site-2026\/wp-content\/uploads\/2023\/01\/image3-1536x864.jpg 1536w, https:\/\/homolog.harald.com.br\/site-2026\/wp-content\/uploads\/2023\/01\/image3-1920x1081.jpg 1920w, https:\/\/homolog.harald.com.br\/site-2026\/wp-content\/uploads\/2023\/01\/image3.jpg 1999w\" sizes=\"auto, (max-width: 300px) 100vw, 300px\" \/><\/p>\n<p><b>S\u00e3o Paulo, outubro de 2022<\/b><span style=\"font-weight: 400;\"> &#8211; Acompanhando o crescente aumento da popularidade do <\/span><i><span style=\"font-weight: 400;\">Halloween<\/span><\/i><span style=\"font-weight: 400;\"> entre os brasileiros, a <\/span><b>Harald<\/b><span style=\"font-weight: 400;\">, empresa l\u00edder em coberturas e refer\u00eancia em chocolates para o mercado especializado, lan\u00e7a sua campanha de <\/span><i><span style=\"font-weight: 400;\">Halloween<\/span><\/i><span style=\"font-weight: 400;\"> 2022. Com o objetivo de atingir os transformadores e confeiteiros, o PDV contar\u00e1 com materiais promocionais tem\u00e1ticos nos principais pontos do pa\u00eds, al\u00e9m de disponibilizar um conte\u00fado robusto nas redes sociais, refor\u00e7ado com uma s\u00e9rie de <\/span><i><span style=\"font-weight: 400;\">lives<\/span><\/i><span style=\"font-weight: 400;\">, para ensinar receitas e tend\u00eancias que podem ser aplicadas no per\u00edodo.\u00a0<\/span><\/p>\n<p>&nbsp;<\/p>\n<p><span style=\"font-weight: 400;\">Parte importante da campanha, o PDV foi pensado estrategicamente para cobrir um volume substancial de pontos. O enxoval criado com moldura de gongola, topo de ilha, bandeirola e cubo, busca transmitir uma percep\u00e7\u00e3o positiva da marca, dos produtos e auxiliar o maior n\u00famero de consumidores no ato da compra. E para ajudar os transformadores e confeiteiros a impulsionar as vendas, a <\/span><b>Harald<\/b><span style=\"font-weight: 400;\"> preparou quatro lives especiais, que acontecer\u00e3o no IG da marca, entre os dias 18 e 27 de outubro, para ensinar receitas exclusivas, al\u00e9m de compartilhar tend\u00eancias e dicas.<\/span><\/p>\n<p>&nbsp;<\/p>\n<p><span style=\"font-weight: 400;\">Segundo a Associa\u00e7\u00e3o Brasileira da Ind\u00fastria de Chocolates, Amendoim e Balas (Abicab), a comemora\u00e7\u00e3o do <\/span><i><span style=\"font-weight: 400;\">Halloween<\/span><\/i><span style=\"font-weight: 400;\"> tem aumentado a produ\u00e7\u00e3o de doces e, consequentemente, o faturamento do setor. Para Fernanda Sequetto, gerente de marketing da <\/span><b>Harald<\/b><span style=\"font-weight: 400;\">, \u201c<\/span><i><span style=\"font-weight: 400;\">O Halloween se tornou mais uma data relevante no calend\u00e1rio do mercado, tanto para a Harald, que tem mais um momento para gerar awareness e projetar as linhas de produtos para o consumidor, quanto para o empreendedor, que vai se preparar para se abastecer com as melhores coberturas e chocolates, para criar receitas e combina\u00e7\u00f5es e aproveitar a nova demanda para gerar vendas<\/span><\/i><span style=\"font-weight: 400;\">\u201d, diz a executiva.\u00a0\u00a0\u00a0\u00a0<\/span><\/p>\n<p>&nbsp;<\/p>\n<p><span style=\"font-weight: 400;\">Al\u00e9m de aumentar as vendas e gerar consci\u00eancia de marca durante o per\u00edodo, a Harald espera que as movimenta\u00e7\u00f5es nos pontos de vendas resultem em uma percep\u00e7\u00e3o positiva da marca e qualidade e benef\u00edcios dos produtos, que atendem \u00e0s necessidades dos consumidores e contribuem com a rentabilidade, agilidade, praticidade e qualidade das\u00a0 produ\u00e7\u00f5es de doces e sobremesas.<\/span><\/p>\n","protected":false},"excerpt":{"rendered":"<p>Halloween 2022: Harald comemora data com campanha especial nos pontos de vendas e conte\u00fados exclusivos nas m\u00eddias sociaiss Al\u00e9m de beneficiar o p\u00fablico confeiteiro e transformador, a campanha foi desenhada para gerar awareness e aumentar a visibilidade da marca e dos produtos S\u00e3o Paulo, outubro de 2022 &#8211; Acompanhando o crescente aumento da popularidade do <a class=\"more-link\" href=\"https:\/\/homolog.harald.com.br\/site-2026\/blog\/halloween-2022-harald-comemora-data-com-campanha-especial-nos-pontos-de-vendas-e-conteudos-exclusivos-nas-midias-sociais\/\">Read more&#8230;<\/a><\/p>\n","protected":false},"author":11,"featured_media":56053,"comment_status":"closed","ping_status":"closed","sticky":false,"template":"","format":"standard","meta":{"_acf_changed":false,"_uag_custom_page_level_css":"","footnotes":""},"categories":[158],"tags":[],"para-seu-negocio":[],"class_list":["post-56050","post","type-post","status-publish","format-standard","has-post-thumbnail","hentry","category-noticias"],"acf":[],"yoast_head":"<!-- This site is optimized with the Yoast SEO plugin v26.3 - https:\/\/yoast.com\/wordpress\/plugins\/seo\/ -->\n<title>Halloween 2022: Harald comemora data com campanha especial nos pontos de vendas e conte\u00fados exclusivos nas m\u00eddias sociais - Harald<\/title>\n<meta name=\"robots\" content=\"noindex, follow, max-snippet:-1, max-image-preview:large, max-video-preview:-1\" \/>\n<meta property=\"og:locale\" content=\"pt_BR\" \/>\n<meta property=\"og:type\" content=\"article\" \/>\n<meta property=\"og:title\" content=\"Halloween 2022: Harald comemora data com campanha especial nos pontos de vendas e conte\u00fados exclusivos nas m\u00eddias sociais - Harald\" \/>\n<meta property=\"og:description\" content=\"Halloween 2022: Harald comemora data com campanha especial nos pontos de vendas e conte\u00fados exclusivos nas m\u00eddias sociaiss Al\u00e9m de beneficiar o p\u00fablico confeiteiro e transformador, a campanha foi desenhada para gerar awareness e aumentar a visibilidade da marca e dos produtos S\u00e3o Paulo, outubro de 2022 &#8211; Acompanhando o crescente aumento da popularidade do Read more...\" \/>\n<meta property=\"og:url\" content=\"https:\/\/homolog.harald.com.br\/site-2026\/blog\/halloween-2022-harald-comemora-data-com-campanha-especial-nos-pontos-de-vendas-e-conteudos-exclusivos-nas-midias-sociais\/\" \/>\n<meta property=\"og:site_name\" content=\"Harald\" \/>\n<meta property=\"article:publisher\" content=\"https:\/\/www.facebook.com\/HaraldChocolates\/\" \/>\n<meta property=\"article:published_time\" content=\"2022-10-05T19:09:04+00:00\" \/>\n<meta property=\"article:modified_time\" content=\"2023-01-03T19:10:06+00:00\" \/>\n<meta property=\"og:image\" content=\"https:\/\/homolog.harald.com.br\/site-2026\/wp-content\/uploads\/2023\/01\/image3.jpg\" \/>\n\t<meta property=\"og:image:width\" content=\"1999\" \/>\n\t<meta property=\"og:image:height\" content=\"1125\" \/>\n\t<meta property=\"og:image:type\" content=\"image\/jpeg\" \/>\n<meta name=\"author\" content=\"Bruna Teodoro\" \/>\n<meta name=\"twitter:card\" content=\"summary_large_image\" \/>\n<meta name=\"twitter:label1\" content=\"Escrito por\" \/>\n\t<meta name=\"twitter:data1\" content=\"Bruna Teodoro\" \/>\n\t<meta name=\"twitter:label2\" content=\"Est. tempo de leitura\" \/>\n\t<meta name=\"twitter:data2\" content=\"3 minutos\" \/>\n<script type=\"application\/ld+json\" class=\"yoast-schema-graph\">{\"@context\":\"https:\/\/schema.org\",\"@graph\":[{\"@type\":\"Article\",\"@id\":\"https:\/\/homolog.harald.com.br\/site-2026\/blog\/halloween-2022-harald-comemora-data-com-campanha-especial-nos-pontos-de-vendas-e-conteudos-exclusivos-nas-midias-sociais\/#article\",\"isPartOf\":{\"@id\":\"https:\/\/homolog.harald.com.br\/site-2026\/blog\/halloween-2022-harald-comemora-data-com-campanha-especial-nos-pontos-de-vendas-e-conteudos-exclusivos-nas-midias-sociais\/\"},\"author\":{\"name\":\"Bruna Teodoro\",\"@id\":\"https:\/\/homolog.harald.com.br\/site-2026\/#\/schema\/person\/37dcc072f872b17c519dd3097a7925e5\"},\"headline\":\"Halloween 2022: Harald comemora data com campanha especial nos pontos de vendas e conte\u00fados exclusivos nas m\u00eddias sociais\",\"datePublished\":\"2022-10-05T19:09:04+00:00\",\"dateModified\":\"2023-01-03T19:10:06+00:00\",\"mainEntityOfPage\":{\"@id\":\"https:\/\/homolog.harald.com.br\/site-2026\/blog\/halloween-2022-harald-comemora-data-com-campanha-especial-nos-pontos-de-vendas-e-conteudos-exclusivos-nas-midias-sociais\/\"},\"wordCount\":426,\"publisher\":{\"@id\":\"https:\/\/homolog.harald.com.br\/site-2026\/#organization\"},\"image\":{\"@id\":\"https:\/\/homolog.harald.com.br\/site-2026\/blog\/halloween-2022-harald-comemora-data-com-campanha-especial-nos-pontos-de-vendas-e-conteudos-exclusivos-nas-midias-sociais\/#primaryimage\"},\"thumbnailUrl\":\"https:\/\/homolog.harald.com.br\/site-2026\/wp-content\/uploads\/2023\/01\/image3.jpg\",\"articleSection\":[\"Not\u00edcias\"],\"inLanguage\":\"pt-BR\"},{\"@type\":\"WebPage\",\"@id\":\"https:\/\/homolog.harald.com.br\/site-2026\/blog\/halloween-2022-harald-comemora-data-com-campanha-especial-nos-pontos-de-vendas-e-conteudos-exclusivos-nas-midias-sociais\/\",\"url\":\"https:\/\/homolog.harald.com.br\/site-2026\/blog\/halloween-2022-harald-comemora-data-com-campanha-especial-nos-pontos-de-vendas-e-conteudos-exclusivos-nas-midias-sociais\/\",\"name\":\"Halloween 2022: Harald comemora data com campanha especial nos pontos de vendas e conte\u00fados exclusivos nas m\u00eddias sociais - Harald\",\"isPartOf\":{\"@id\":\"https:\/\/homolog.harald.com.br\/site-2026\/#website\"},\"primaryImageOfPage\":{\"@id\":\"https:\/\/homolog.harald.com.br\/site-2026\/blog\/halloween-2022-harald-comemora-data-com-campanha-especial-nos-pontos-de-vendas-e-conteudos-exclusivos-nas-midias-sociais\/#primaryimage\"},\"image\":{\"@id\":\"https:\/\/homolog.harald.com.br\/site-2026\/blog\/halloween-2022-harald-comemora-data-com-campanha-especial-nos-pontos-de-vendas-e-conteudos-exclusivos-nas-midias-sociais\/#primaryimage\"},\"thumbnailUrl\":\"https:\/\/homolog.harald.com.br\/site-2026\/wp-content\/uploads\/2023\/01\/image3.jpg\",\"datePublished\":\"2022-10-05T19:09:04+00:00\",\"dateModified\":\"2023-01-03T19:10:06+00:00\",\"breadcrumb\":{\"@id\":\"https:\/\/homolog.harald.com.br\/site-2026\/blog\/halloween-2022-harald-comemora-data-com-campanha-especial-nos-pontos-de-vendas-e-conteudos-exclusivos-nas-midias-sociais\/#breadcrumb\"},\"inLanguage\":\"pt-BR\",\"potentialAction\":[{\"@type\":\"ReadAction\",\"target\":[\"https:\/\/homolog.harald.com.br\/site-2026\/blog\/halloween-2022-harald-comemora-data-com-campanha-especial-nos-pontos-de-vendas-e-conteudos-exclusivos-nas-midias-sociais\/\"]}]},{\"@type\":\"ImageObject\",\"inLanguage\":\"pt-BR\",\"@id\":\"https:\/\/homolog.harald.com.br\/site-2026\/blog\/halloween-2022-harald-comemora-data-com-campanha-especial-nos-pontos-de-vendas-e-conteudos-exclusivos-nas-midias-sociais\/#primaryimage\",\"url\":\"https:\/\/homolog.harald.com.br\/site-2026\/wp-content\/uploads\/2023\/01\/image3.jpg\",\"contentUrl\":\"https:\/\/homolog.harald.com.br\/site-2026\/wp-content\/uploads\/2023\/01\/image3.jpg\",\"width\":1999,\"height\":1125},{\"@type\":\"BreadcrumbList\",\"@id\":\"https:\/\/homolog.harald.com.br\/site-2026\/blog\/halloween-2022-harald-comemora-data-com-campanha-especial-nos-pontos-de-vendas-e-conteudos-exclusivos-nas-midias-sociais\/#breadcrumb\",\"itemListElement\":[{\"@type\":\"ListItem\",\"position\":1,\"name\":\"In\u00edcio\",\"item\":\"https:\/\/homolog.harald.com.br\/site-2026\/\"},{\"@type\":\"ListItem\",\"position\":2,\"name\":\"Halloween 2022: Harald comemora data com campanha especial nos pontos de vendas e conte\u00fados exclusivos nas m\u00eddias sociais\"}]},{\"@type\":\"WebSite\",\"@id\":\"https:\/\/homolog.harald.com.br\/site-2026\/#website\",\"url\":\"https:\/\/homolog.harald.com.br\/site-2026\/\",\"name\":\"Harald\",\"description\":\"Fazer melhor \u00e9 fazer com paix\u00e3o\",\"publisher\":{\"@id\":\"https:\/\/homolog.harald.com.br\/site-2026\/#organization\"},\"potentialAction\":[{\"@type\":\"SearchAction\",\"target\":{\"@type\":\"EntryPoint\",\"urlTemplate\":\"https:\/\/homolog.harald.com.br\/site-2026\/?s={search_term_string}\"},\"query-input\":{\"@type\":\"PropertyValueSpecification\",\"valueRequired\":true,\"valueName\":\"search_term_string\"}}],\"inLanguage\":\"pt-BR\"},{\"@type\":\"Organization\",\"@id\":\"https:\/\/homolog.harald.com.br\/site-2026\/#organization\",\"name\":\"Harald\",\"url\":\"https:\/\/homolog.harald.com.br\/site-2026\/\",\"logo\":{\"@type\":\"ImageObject\",\"inLanguage\":\"pt-BR\",\"@id\":\"https:\/\/homolog.harald.com.br\/site-2026\/#\/schema\/logo\/image\/\",\"url\":\"https:\/\/homolog.harald.com.br\/site-2026\/wp-content\/uploads\/2022\/09\/logo-harald-cmyk-ss.png\",\"contentUrl\":\"https:\/\/homolog.harald.com.br\/site-2026\/wp-content\/uploads\/2022\/09\/logo-harald-cmyk-ss.png\",\"width\":1948,\"height\":1051,\"caption\":\"Harald\"},\"image\":{\"@id\":\"https:\/\/homolog.harald.com.br\/site-2026\/#\/schema\/logo\/image\/\"},\"sameAs\":[\"https:\/\/www.facebook.com\/HaraldChocolates\/\",\"https:\/\/www.youtube.com\/user\/HaraldChocolates\"]},{\"@type\":\"Person\",\"@id\":\"https:\/\/homolog.harald.com.br\/site-2026\/#\/schema\/person\/37dcc072f872b17c519dd3097a7925e5\",\"name\":\"Bruna Teodoro\",\"image\":{\"@type\":\"ImageObject\",\"inLanguage\":\"pt-BR\",\"@id\":\"https:\/\/homolog.harald.com.br\/site-2026\/#\/schema\/person\/image\/\",\"url\":\"https:\/\/secure.gravatar.com\/avatar\/7da0050c7a3bd4d6df113dcfae1a5b72c8690bc5d4bb4fabab7e4d34d582ceea?s=96&d=mm&r=g\",\"contentUrl\":\"https:\/\/secure.gravatar.com\/avatar\/7da0050c7a3bd4d6df113dcfae1a5b72c8690bc5d4bb4fabab7e4d34d582ceea?s=96&d=mm&r=g\",\"caption\":\"Bruna Teodoro\"},\"url\":\"https:\/\/homolog.harald.com.br\/site-2026\/blog\/author\/bruna-teodoro\/\"}]}<\/script>\n<!-- \/ Yoast SEO plugin. -->","yoast_head_json":{"title":"Halloween 2022: Harald comemora data com campanha especial nos pontos de vendas e conte\u00fados exclusivos nas m\u00eddias sociais - Harald","robots":{"index":"noindex","follow":"follow","max-snippet":"max-snippet:-1","max-image-preview":"max-image-preview:large","max-video-preview":"max-video-preview:-1"},"og_locale":"pt_BR","og_type":"article","og_title":"Halloween 2022: Harald comemora data com campanha especial nos pontos de vendas e conte\u00fados exclusivos nas m\u00eddias sociais - Harald","og_description":"Halloween 2022: Harald comemora data com campanha especial nos pontos de vendas e conte\u00fados exclusivos nas m\u00eddias sociaiss Al\u00e9m de beneficiar o p\u00fablico confeiteiro e transformador, a campanha foi desenhada para gerar awareness e aumentar a visibilidade da marca e dos produtos S\u00e3o Paulo, outubro de 2022 &#8211; Acompanhando o crescente aumento da popularidade do Read more...","og_url":"https:\/\/homolog.harald.com.br\/site-2026\/blog\/halloween-2022-harald-comemora-data-com-campanha-especial-nos-pontos-de-vendas-e-conteudos-exclusivos-nas-midias-sociais\/","og_site_name":"Harald","article_publisher":"https:\/\/www.facebook.com\/HaraldChocolates\/","article_published_time":"2022-10-05T19:09:04+00:00","article_modified_time":"2023-01-03T19:10:06+00:00","og_image":[{"width":1999,"height":1125,"url":"https:\/\/homolog.harald.com.br\/site-2026\/wp-content\/uploads\/2023\/01\/image3.jpg","type":"image\/jpeg"}],"author":"Bruna Teodoro","twitter_card":"summary_large_image","twitter_misc":{"Escrito por":"Bruna Teodoro","Est. tempo de leitura":"3 minutos"},"schema":{"@context":"https:\/\/schema.org","@graph":[{"@type":"Article","@id":"https:\/\/homolog.harald.com.br\/site-2026\/blog\/halloween-2022-harald-comemora-data-com-campanha-especial-nos-pontos-de-vendas-e-conteudos-exclusivos-nas-midias-sociais\/#article","isPartOf":{"@id":"https:\/\/homolog.harald.com.br\/site-2026\/blog\/halloween-2022-harald-comemora-data-com-campanha-especial-nos-pontos-de-vendas-e-conteudos-exclusivos-nas-midias-sociais\/"},"author":{"name":"Bruna Teodoro","@id":"https:\/\/homolog.harald.com.br\/site-2026\/#\/schema\/person\/37dcc072f872b17c519dd3097a7925e5"},"headline":"Halloween 2022: Harald comemora data com campanha especial nos pontos de vendas e conte\u00fados exclusivos nas m\u00eddias sociais","datePublished":"2022-10-05T19:09:04+00:00","dateModified":"2023-01-03T19:10:06+00:00","mainEntityOfPage":{"@id":"https:\/\/homolog.harald.com.br\/site-2026\/blog\/halloween-2022-harald-comemora-data-com-campanha-especial-nos-pontos-de-vendas-e-conteudos-exclusivos-nas-midias-sociais\/"},"wordCount":426,"publisher":{"@id":"https:\/\/homolog.harald.com.br\/site-2026\/#organization"},"image":{"@id":"https:\/\/homolog.harald.com.br\/site-2026\/blog\/halloween-2022-harald-comemora-data-com-campanha-especial-nos-pontos-de-vendas-e-conteudos-exclusivos-nas-midias-sociais\/#primaryimage"},"thumbnailUrl":"https:\/\/homolog.harald.com.br\/site-2026\/wp-content\/uploads\/2023\/01\/image3.jpg","articleSection":["Not\u00edcias"],"inLanguage":"pt-BR"},{"@type":"WebPage","@id":"https:\/\/homolog.harald.com.br\/site-2026\/blog\/halloween-2022-harald-comemora-data-com-campanha-especial-nos-pontos-de-vendas-e-conteudos-exclusivos-nas-midias-sociais\/","url":"https:\/\/homolog.harald.com.br\/site-2026\/blog\/halloween-2022-harald-comemora-data-com-campanha-especial-nos-pontos-de-vendas-e-conteudos-exclusivos-nas-midias-sociais\/","name":"Halloween 2022: Harald comemora data com campanha especial nos pontos de vendas e conte\u00fados exclusivos nas m\u00eddias sociais - Harald","isPartOf":{"@id":"https:\/\/homolog.harald.com.br\/site-2026\/#website"},"primaryImageOfPage":{"@id":"https:\/\/homolog.harald.com.br\/site-2026\/blog\/halloween-2022-harald-comemora-data-com-campanha-especial-nos-pontos-de-vendas-e-conteudos-exclusivos-nas-midias-sociais\/#primaryimage"},"image":{"@id":"https:\/\/homolog.harald.com.br\/site-2026\/blog\/halloween-2022-harald-comemora-data-com-campanha-especial-nos-pontos-de-vendas-e-conteudos-exclusivos-nas-midias-sociais\/#primaryimage"},"thumbnailUrl":"https:\/\/homolog.harald.com.br\/site-2026\/wp-content\/uploads\/2023\/01\/image3.jpg","datePublished":"2022-10-05T19:09:04+00:00","dateModified":"2023-01-03T19:10:06+00:00","breadcrumb":{"@id":"https:\/\/homolog.harald.com.br\/site-2026\/blog\/halloween-2022-harald-comemora-data-com-campanha-especial-nos-pontos-de-vendas-e-conteudos-exclusivos-nas-midias-sociais\/#breadcrumb"},"inLanguage":"pt-BR","potentialAction":[{"@type":"ReadAction","target":["https:\/\/homolog.harald.com.br\/site-2026\/blog\/halloween-2022-harald-comemora-data-com-campanha-especial-nos-pontos-de-vendas-e-conteudos-exclusivos-nas-midias-sociais\/"]}]},{"@type":"ImageObject","inLanguage":"pt-BR","@id":"https:\/\/homolog.harald.com.br\/site-2026\/blog\/halloween-2022-harald-comemora-data-com-campanha-especial-nos-pontos-de-vendas-e-conteudos-exclusivos-nas-midias-sociais\/#primaryimage","url":"https:\/\/homolog.harald.com.br\/site-2026\/wp-content\/uploads\/2023\/01\/image3.jpg","contentUrl":"https:\/\/homolog.harald.com.br\/site-2026\/wp-content\/uploads\/2023\/01\/image3.jpg","width":1999,"height":1125},{"@type":"BreadcrumbList","@id":"https:\/\/homolog.harald.com.br\/site-2026\/blog\/halloween-2022-harald-comemora-data-com-campanha-especial-nos-pontos-de-vendas-e-conteudos-exclusivos-nas-midias-sociais\/#breadcrumb","itemListElement":[{"@type":"ListItem","position":1,"name":"In\u00edcio","item":"https:\/\/homolog.harald.com.br\/site-2026\/"},{"@type":"ListItem","position":2,"name":"Halloween 2022: Harald comemora data com campanha especial nos pontos de vendas e conte\u00fados exclusivos nas m\u00eddias sociais"}]},{"@type":"WebSite","@id":"https:\/\/homolog.harald.com.br\/site-2026\/#website","url":"https:\/\/homolog.harald.com.br\/site-2026\/","name":"Harald","description":"Fazer melhor \u00e9 fazer com paix\u00e3o","publisher":{"@id":"https:\/\/homolog.harald.com.br\/site-2026\/#organization"},"potentialAction":[{"@type":"SearchAction","target":{"@type":"EntryPoint","urlTemplate":"https:\/\/homolog.harald.com.br\/site-2026\/?s={search_term_string}"},"query-input":{"@type":"PropertyValueSpecification","valueRequired":true,"valueName":"search_term_string"}}],"inLanguage":"pt-BR"},{"@type":"Organization","@id":"https:\/\/homolog.harald.com.br\/site-2026\/#organization","name":"Harald","url":"https:\/\/homolog.harald.com.br\/site-2026\/","logo":{"@type":"ImageObject","inLanguage":"pt-BR","@id":"https:\/\/homolog.harald.com.br\/site-2026\/#\/schema\/logo\/image\/","url":"https:\/\/homolog.harald.com.br\/site-2026\/wp-content\/uploads\/2022\/09\/logo-harald-cmyk-ss.png","contentUrl":"https:\/\/homolog.harald.com.br\/site-2026\/wp-content\/uploads\/2022\/09\/logo-harald-cmyk-ss.png","width":1948,"height":1051,"caption":"Harald"},"image":{"@id":"https:\/\/homolog.harald.com.br\/site-2026\/#\/schema\/logo\/image\/"},"sameAs":["https:\/\/www.facebook.com\/HaraldChocolates\/","https:\/\/www.youtube.com\/user\/HaraldChocolates"]},{"@type":"Person","@id":"https:\/\/homolog.harald.com.br\/site-2026\/#\/schema\/person\/37dcc072f872b17c519dd3097a7925e5","name":"Bruna Teodoro","image":{"@type":"ImageObject","inLanguage":"pt-BR","@id":"https:\/\/homolog.harald.com.br\/site-2026\/#\/schema\/person\/image\/","url":"https:\/\/secure.gravatar.com\/avatar\/7da0050c7a3bd4d6df113dcfae1a5b72c8690bc5d4bb4fabab7e4d34d582ceea?s=96&d=mm&r=g","contentUrl":"https:\/\/secure.gravatar.com\/avatar\/7da0050c7a3bd4d6df113dcfae1a5b72c8690bc5d4bb4fabab7e4d34d582ceea?s=96&d=mm&r=g","caption":"Bruna Teodoro"},"url":"https:\/\/homolog.harald.com.br\/site-2026\/blog\/author\/bruna-teodoro\/"}]}},"uagb_featured_image_src":{"full":["https:\/\/homolog.harald.com.br\/site-2026\/wp-content\/uploads\/2023\/01\/image3.jpg",1999,1125,false],"thumbnail":["https:\/\/homolog.harald.com.br\/site-2026\/wp-content\/uploads\/2023\/01\/image3-150x150.jpg",150,150,true],"medium":["https:\/\/homolog.harald.com.br\/site-2026\/wp-content\/uploads\/2023\/01\/image3-300x169.jpg",300,169,true],"medium_large":["https:\/\/homolog.harald.com.br\/site-2026\/wp-content\/uploads\/2023\/01\/image3-768x432.jpg",768,432,true],"large":["https:\/\/homolog.harald.com.br\/site-2026\/wp-content\/uploads\/2023\/01\/image3-1024x576.jpg",1024,576,true],"1536x1536":["https:\/\/homolog.harald.com.br\/site-2026\/wp-content\/uploads\/2023\/01\/image3-1536x864.jpg",1536,864,true],"2048x2048":["https:\/\/homolog.harald.com.br\/site-2026\/wp-content\/uploads\/2023\/01\/image3.jpg",1999,1125,false],"full-width":["https:\/\/homolog.harald.com.br\/site-2026\/wp-content\/uploads\/2023\/01\/image3.jpg",1920,1080,false],"gform-image-choice-sm":["https:\/\/homolog.harald.com.br\/site-2026\/wp-content\/uploads\/2023\/01\/image3.jpg",300,169,false],"gform-image-choice-md":["https:\/\/homolog.harald.com.br\/site-2026\/wp-content\/uploads\/2023\/01\/image3.jpg",400,225,false],"gform-image-choice-lg":["https:\/\/homolog.harald.com.br\/site-2026\/wp-content\/uploads\/2023\/01\/image3.jpg",600,338,false]},"uagb_author_info":{"display_name":"Bruna Teodoro","author_link":"https:\/\/homolog.harald.com.br\/site-2026\/blog\/author\/bruna-teodoro\/"},"uagb_comment_info":0,"uagb_excerpt":"Halloween 2022: Harald comemora data com campanha especial nos pontos de vendas e conte\u00fados exclusivos nas m\u00eddias sociaiss Al\u00e9m de beneficiar o p\u00fablico confeiteiro e transformador, a campanha foi desenhada para gerar awareness e aumentar a visibilidade da marca e dos produtos S\u00e3o Paulo, outubro de 2022 &#8211; Acompanhando o crescente aumento da popularidade do&hellip;","_links":{"self":[{"href":"https:\/\/homolog.harald.com.br\/site-2026\/wp-json\/wp\/v2\/posts\/56050","targetHints":{"allow":["GET"]}}],"collection":[{"href":"https:\/\/homolog.harald.com.br\/site-2026\/wp-json\/wp\/v2\/posts"}],"about":[{"href":"https:\/\/homolog.harald.com.br\/site-2026\/wp-json\/wp\/v2\/types\/post"}],"author":[{"embeddable":true,"href":"https:\/\/homolog.harald.com.br\/site-2026\/wp-json\/wp\/v2\/users\/11"}],"replies":[{"embeddable":true,"href":"https:\/\/homolog.harald.com.br\/site-2026\/wp-json\/wp\/v2\/comments?post=56050"}],"version-history":[{"count":1,"href":"https:\/\/homolog.harald.com.br\/site-2026\/wp-json\/wp\/v2\/posts\/56050\/revisions"}],"predecessor-version":[{"id":56056,"href":"https:\/\/homolog.harald.com.br\/site-2026\/wp-json\/wp\/v2\/posts\/56050\/revisions\/56056"}],"wp:featuredmedia":[{"embeddable":true,"href":"https:\/\/homolog.harald.com.br\/site-2026\/wp-json\/wp\/v2\/media\/56053"}],"wp:attachment":[{"href":"https:\/\/homolog.harald.com.br\/site-2026\/wp-json\/wp\/v2\/media?parent=56050"}],"wp:term":[{"taxonomy":"category","embeddable":true,"href":"https:\/\/homolog.harald.com.br\/site-2026\/wp-json\/wp\/v2\/categories?post=56050"},{"taxonomy":"post_tag","embeddable":true,"href":"https:\/\/homolog.harald.com.br\/site-2026\/wp-json\/wp\/v2\/tags?post=56050"},{"taxonomy":"para-seu-negocio","embeddable":true,"href":"https:\/\/homolog.harald.com.br\/site-2026\/wp-json\/wp\/v2\/para-seu-negocio?post=56050"}],"curies":[{"name":"wp","href":"https:\/\/api.w.org\/{rel}","templated":true}]}}