{"id":56047,"date":"2022-10-03T16:01:24","date_gmt":"2022-10-03T19:01:24","guid":{"rendered":"https:\/\/homolog.harald.com.br\/site-2026\/?p=56047"},"modified":"2023-01-03T16:01:58","modified_gmt":"2023-01-03T19:01:58","slug":"harald-anuncia-relancamento-das-coberturas-sabor-chocolate-branco-top-com-nova-formula","status":"publish","type":"post","link":"https:\/\/homolog.harald.com.br\/site-2026\/blog\/harald-anuncia-relancamento-das-coberturas-sabor-chocolate-branco-top-com-nova-formula\/","title":{"rendered":"Harald anuncia relan\u00e7amento das coberturas sabor Chocolate Branco TOP, com nova f\u00f3rmula"},"content":{"rendered":"<h1 style=\"text-align: center;\"><b>Harald anuncia relan\u00e7amento das coberturas sabor Chocolate Branco TOP, com nova f\u00f3rmula<\/b><\/h1>\n<p><i><span style=\"font-weight: 400;\">Reformula\u00e7\u00e3o representa o investimento da marca em tecnologia para melhorar a performance e entregar mais sabor e cremosidade para os transformadores e confeiteiros<\/span><\/i><\/p>\n<p><img loading=\"lazy\" decoding=\"async\" class=\"size-medium wp-image-8822 aligncenter\" src=\"https:\/\/homolog.harald.com.br\/site-2026\/wp-content\/uploads\/2022\/09\/top-branco-223x300.png\" alt=\"\" width=\"223\" height=\"300\" srcset=\"https:\/\/homolog.harald.com.br\/site-2026\/wp-content\/uploads\/2022\/09\/top-branco-223x300.png 223w, https:\/\/homolog.harald.com.br\/site-2026\/wp-content\/uploads\/2022\/09\/top-branco.png 520w\" sizes=\"auto, (max-width: 223px) 100vw, 223px\" \/><\/p>\n<p>&nbsp;<\/p>\n<p><b>S\u00e3o Paulo, setembro de 2022<\/b><span style=\"font-weight: 400;\"> &#8211; Com o objetivo de atender as necessidades t\u00e9cnicas e de sabores do mercado, e entregar ainda mais praticidade e qualidade, a <\/span><b>Harald<\/b><span style=\"font-weight: 400;\">, empresa l\u00edder em coberturas e refer\u00eancia em chocolates para o mercado especializado no Brasil, anuncia o relan\u00e7amento das coberturas da linha TOP, sabor chocolate branco, com nova f\u00f3rmula.<\/span><\/p>\n<p>&nbsp;<\/p>\n<p><span style=\"font-weight: 400;\">Com os consumidores cada vez mais exigentes, existe uma busca crescente por maior valor agregado e um resultado final que entregue uma experi\u00eancia marcante na hora do consumo. Como l\u00edder de mercado entre as coberturas do setor, a <\/span><b>Harald<\/b><span style=\"font-weight: 400;\"> viu a necessidade de reformular os produtos com sabor chocolate branco, da linha Cobertura TOP, para aumentar ainda mais a sua qualidade de desempenho e rendimento.\u00a0<\/span><\/p>\n<p>&nbsp;<\/p>\n<p><span style=\"font-weight: 400;\">A <\/span><b>Harald <\/b><span style=\"font-weight: 400;\">acompanha a performance dos seus produtos e investe para oferecer diferenciais importantes para as ind\u00fastrias, confeiteiras e transformadores. A nova f\u00f3rmula agrega mais cremosidade e intensidade no sabor do leite. O derretimento foi ajustado para facilitar o processo e agilizar as produ\u00e7\u00f5es, possibilitando aplica\u00e7\u00f5es diversas e garantindo maior rendimento.<\/span><\/p>\n<p>&nbsp;<\/p>\n<p><span style=\"font-weight: 400;\">\u201c<\/span><i><span style=\"font-weight: 400;\">Os produtos se diferenciam pela qualidade do processo produtivo e cuidado no preparo da reformula\u00e7\u00e3o. O desenvolvimento da nova f\u00f3rmula representa a aten\u00e7\u00e3o que temos com o nosso consumidor e com os feedbacks que recebemos do mercado. Retornos que nos ajudam a melhorar e desenvolver inova\u00e7\u00f5es que possam agregar mais sabor, evoluir ainda mais em qualidade e auxiliar a rotina e rendimento. Sempre em conson\u00e2ncia com as principais tend\u00eancias do setor e que sejam sucesso nas confeitarias do Brasil<\/span><\/i><span style=\"font-weight: 400;\">\u201d, explica Fernanda Sequetto, gerente de marketing da <\/span><b>Harald<\/b><span style=\"font-weight: 400;\"> no Brasil.\u00a0<\/span><\/p>\n<p>&nbsp;<\/p>\n<p><span style=\"font-weight: 400;\">Os relan\u00e7amentos estar\u00e3o dispon\u00edveis nos pontos de venda de todo o pa\u00eds. A partir do m\u00eas de outubro, os consumidores poder\u00e3o adquirir a nova f\u00f3rmula da <\/span><span style=\"font-weight: 400;\">Cobertura Fracionada TOP sabor Chocolate<\/span><span style=\"font-weight: 400;\"> Branco (1,010Kg), e tamb\u00e9m os sabores Chocolate Branco no formato de barra (na vers\u00e3o de <\/span><span style=\"font-weight: 400;\">1,010kg e tamb\u00e9m 2,100kg) e no formato gotas (na vers\u00e3o 1,010kg<\/span> <span style=\"font-weight: 400;\">\u00a0e tamb\u00e9m 2,050kg).\u00a0<\/span><\/p>\n","protected":false},"excerpt":{"rendered":"<p>Harald anuncia relan\u00e7amento das coberturas sabor Chocolate Branco TOP, com nova f\u00f3rmula Reformula\u00e7\u00e3o representa o investimento da marca em tecnologia para melhorar a performance e entregar mais sabor e cremosidade para os transformadores e confeiteiros &nbsp; S\u00e3o Paulo, setembro de 2022 &#8211; Com o objetivo de atender as necessidades t\u00e9cnicas e de sabores do mercado, <a class=\"more-link\" href=\"https:\/\/homolog.harald.com.br\/site-2026\/blog\/harald-anuncia-relancamento-das-coberturas-sabor-chocolate-branco-top-com-nova-formula\/\">Read more&#8230;<\/a><\/p>\n","protected":false},"author":11,"featured_media":8822,"comment_status":"closed","ping_status":"closed","sticky":false,"template":"","format":"standard","meta":{"_acf_changed":false,"_uag_custom_page_level_css":"","footnotes":""},"categories":[22,158],"tags":[],"para-seu-negocio":[],"class_list":["post-56047","post","type-post","status-publish","format-standard","has-post-thumbnail","hentry","category-blog-coberturas","category-noticias"],"acf":[],"yoast_head":"<!-- This site is optimized with the Yoast SEO plugin v26.3 - https:\/\/yoast.com\/wordpress\/plugins\/seo\/ -->\n<title>Harald anuncia relan\u00e7amento das coberturas sabor Chocolate Branco TOP, com nova f\u00f3rmula - Harald<\/title>\n<meta name=\"robots\" content=\"noindex, follow, max-snippet:-1, max-image-preview:large, max-video-preview:-1\" \/>\n<meta property=\"og:locale\" content=\"pt_BR\" \/>\n<meta property=\"og:type\" content=\"article\" \/>\n<meta property=\"og:title\" content=\"Harald anuncia relan\u00e7amento das coberturas sabor Chocolate Branco TOP, com nova f\u00f3rmula - Harald\" \/>\n<meta property=\"og:description\" content=\"Harald anuncia relan\u00e7amento das coberturas sabor Chocolate Branco TOP, com nova f\u00f3rmula Reformula\u00e7\u00e3o representa o investimento da marca em tecnologia para melhorar a performance e entregar mais sabor e cremosidade para os transformadores e confeiteiros &nbsp; S\u00e3o Paulo, setembro de 2022 &#8211; Com o objetivo de atender as necessidades t\u00e9cnicas e de sabores do mercado, Read more...\" \/>\n<meta property=\"og:url\" content=\"https:\/\/homolog.harald.com.br\/site-2026\/blog\/harald-anuncia-relancamento-das-coberturas-sabor-chocolate-branco-top-com-nova-formula\/\" \/>\n<meta property=\"og:site_name\" content=\"Harald\" \/>\n<meta property=\"article:publisher\" content=\"https:\/\/www.facebook.com\/HaraldChocolates\/\" \/>\n<meta property=\"article:published_time\" content=\"2022-10-03T19:01:24+00:00\" \/>\n<meta property=\"article:modified_time\" content=\"2023-01-03T19:01:58+00:00\" \/>\n<meta property=\"og:image\" content=\"https:\/\/homolog.harald.com.br\/site-2026\/wp-content\/uploads\/2022\/09\/top-branco.png\" \/>\n\t<meta property=\"og:image:width\" content=\"520\" \/>\n\t<meta property=\"og:image:height\" content=\"700\" \/>\n\t<meta property=\"og:image:type\" content=\"image\/png\" \/>\n<meta name=\"author\" content=\"Bruna Teodoro\" \/>\n<meta name=\"twitter:card\" content=\"summary_large_image\" \/>\n<meta name=\"twitter:label1\" content=\"Escrito por\" \/>\n\t<meta name=\"twitter:data1\" content=\"Bruna Teodoro\" \/>\n\t<meta name=\"twitter:label2\" content=\"Est. tempo de leitura\" \/>\n\t<meta name=\"twitter:data2\" content=\"3 minutos\" \/>\n<script type=\"application\/ld+json\" class=\"yoast-schema-graph\">{\"@context\":\"https:\/\/schema.org\",\"@graph\":[{\"@type\":\"Article\",\"@id\":\"https:\/\/homolog.harald.com.br\/site-2026\/blog\/harald-anuncia-relancamento-das-coberturas-sabor-chocolate-branco-top-com-nova-formula\/#article\",\"isPartOf\":{\"@id\":\"https:\/\/homolog.harald.com.br\/site-2026\/blog\/harald-anuncia-relancamento-das-coberturas-sabor-chocolate-branco-top-com-nova-formula\/\"},\"author\":{\"name\":\"Bruna Teodoro\",\"@id\":\"https:\/\/homolog.harald.com.br\/site-2026\/#\/schema\/person\/37dcc072f872b17c519dd3097a7925e5\"},\"headline\":\"Harald anuncia relan\u00e7amento das coberturas sabor Chocolate Branco TOP, com nova f\u00f3rmula\",\"datePublished\":\"2022-10-03T19:01:24+00:00\",\"dateModified\":\"2023-01-03T19:01:58+00:00\",\"mainEntityOfPage\":{\"@id\":\"https:\/\/homolog.harald.com.br\/site-2026\/blog\/harald-anuncia-relancamento-das-coberturas-sabor-chocolate-branco-top-com-nova-formula\/\"},\"wordCount\":407,\"publisher\":{\"@id\":\"https:\/\/homolog.harald.com.br\/site-2026\/#organization\"},\"image\":{\"@id\":\"https:\/\/homolog.harald.com.br\/site-2026\/blog\/harald-anuncia-relancamento-das-coberturas-sabor-chocolate-branco-top-com-nova-formula\/#primaryimage\"},\"thumbnailUrl\":\"https:\/\/homolog.harald.com.br\/site-2026\/wp-content\/uploads\/2022\/09\/top-branco.png\",\"articleSection\":[\"Coberturas\",\"Not\u00edcias\"],\"inLanguage\":\"pt-BR\"},{\"@type\":\"WebPage\",\"@id\":\"https:\/\/homolog.harald.com.br\/site-2026\/blog\/harald-anuncia-relancamento-das-coberturas-sabor-chocolate-branco-top-com-nova-formula\/\",\"url\":\"https:\/\/homolog.harald.com.br\/site-2026\/blog\/harald-anuncia-relancamento-das-coberturas-sabor-chocolate-branco-top-com-nova-formula\/\",\"name\":\"Harald anuncia relan\u00e7amento das coberturas sabor Chocolate Branco TOP, com nova f\u00f3rmula - Harald\",\"isPartOf\":{\"@id\":\"https:\/\/homolog.harald.com.br\/site-2026\/#website\"},\"primaryImageOfPage\":{\"@id\":\"https:\/\/homolog.harald.com.br\/site-2026\/blog\/harald-anuncia-relancamento-das-coberturas-sabor-chocolate-branco-top-com-nova-formula\/#primaryimage\"},\"image\":{\"@id\":\"https:\/\/homolog.harald.com.br\/site-2026\/blog\/harald-anuncia-relancamento-das-coberturas-sabor-chocolate-branco-top-com-nova-formula\/#primaryimage\"},\"thumbnailUrl\":\"https:\/\/homolog.harald.com.br\/site-2026\/wp-content\/uploads\/2022\/09\/top-branco.png\",\"datePublished\":\"2022-10-03T19:01:24+00:00\",\"dateModified\":\"2023-01-03T19:01:58+00:00\",\"breadcrumb\":{\"@id\":\"https:\/\/homolog.harald.com.br\/site-2026\/blog\/harald-anuncia-relancamento-das-coberturas-sabor-chocolate-branco-top-com-nova-formula\/#breadcrumb\"},\"inLanguage\":\"pt-BR\",\"potentialAction\":[{\"@type\":\"ReadAction\",\"target\":[\"https:\/\/homolog.harald.com.br\/site-2026\/blog\/harald-anuncia-relancamento-das-coberturas-sabor-chocolate-branco-top-com-nova-formula\/\"]}]},{\"@type\":\"ImageObject\",\"inLanguage\":\"pt-BR\",\"@id\":\"https:\/\/homolog.harald.com.br\/site-2026\/blog\/harald-anuncia-relancamento-das-coberturas-sabor-chocolate-branco-top-com-nova-formula\/#primaryimage\",\"url\":\"https:\/\/homolog.harald.com.br\/site-2026\/wp-content\/uploads\/2022\/09\/top-branco.png\",\"contentUrl\":\"https:\/\/homolog.harald.com.br\/site-2026\/wp-content\/uploads\/2022\/09\/top-branco.png\",\"width\":520,\"height\":700},{\"@type\":\"BreadcrumbList\",\"@id\":\"https:\/\/homolog.harald.com.br\/site-2026\/blog\/harald-anuncia-relancamento-das-coberturas-sabor-chocolate-branco-top-com-nova-formula\/#breadcrumb\",\"itemListElement\":[{\"@type\":\"ListItem\",\"position\":1,\"name\":\"In\u00edcio\",\"item\":\"https:\/\/homolog.harald.com.br\/site-2026\/\"},{\"@type\":\"ListItem\",\"position\":2,\"name\":\"Harald anuncia relan\u00e7amento das coberturas sabor Chocolate Branco TOP, com nova f\u00f3rmula\"}]},{\"@type\":\"WebSite\",\"@id\":\"https:\/\/homolog.harald.com.br\/site-2026\/#website\",\"url\":\"https:\/\/homolog.harald.com.br\/site-2026\/\",\"name\":\"Harald\",\"description\":\"Fazer melhor \u00e9 fazer com paix\u00e3o\",\"publisher\":{\"@id\":\"https:\/\/homolog.harald.com.br\/site-2026\/#organization\"},\"potentialAction\":[{\"@type\":\"SearchAction\",\"target\":{\"@type\":\"EntryPoint\",\"urlTemplate\":\"https:\/\/homolog.harald.com.br\/site-2026\/?s={search_term_string}\"},\"query-input\":{\"@type\":\"PropertyValueSpecification\",\"valueRequired\":true,\"valueName\":\"search_term_string\"}}],\"inLanguage\":\"pt-BR\"},{\"@type\":\"Organization\",\"@id\":\"https:\/\/homolog.harald.com.br\/site-2026\/#organization\",\"name\":\"Harald\",\"url\":\"https:\/\/homolog.harald.com.br\/site-2026\/\",\"logo\":{\"@type\":\"ImageObject\",\"inLanguage\":\"pt-BR\",\"@id\":\"https:\/\/homolog.harald.com.br\/site-2026\/#\/schema\/logo\/image\/\",\"url\":\"https:\/\/homolog.harald.com.br\/site-2026\/wp-content\/uploads\/2022\/09\/logo-harald-cmyk-ss.png\",\"contentUrl\":\"https:\/\/homolog.harald.com.br\/site-2026\/wp-content\/uploads\/2022\/09\/logo-harald-cmyk-ss.png\",\"width\":1948,\"height\":1051,\"caption\":\"Harald\"},\"image\":{\"@id\":\"https:\/\/homolog.harald.com.br\/site-2026\/#\/schema\/logo\/image\/\"},\"sameAs\":[\"https:\/\/www.facebook.com\/HaraldChocolates\/\",\"https:\/\/www.youtube.com\/user\/HaraldChocolates\"]},{\"@type\":\"Person\",\"@id\":\"https:\/\/homolog.harald.com.br\/site-2026\/#\/schema\/person\/37dcc072f872b17c519dd3097a7925e5\",\"name\":\"Bruna Teodoro\",\"image\":{\"@type\":\"ImageObject\",\"inLanguage\":\"pt-BR\",\"@id\":\"https:\/\/homolog.harald.com.br\/site-2026\/#\/schema\/person\/image\/\",\"url\":\"https:\/\/secure.gravatar.com\/avatar\/7da0050c7a3bd4d6df113dcfae1a5b72c8690bc5d4bb4fabab7e4d34d582ceea?s=96&d=mm&r=g\",\"contentUrl\":\"https:\/\/secure.gravatar.com\/avatar\/7da0050c7a3bd4d6df113dcfae1a5b72c8690bc5d4bb4fabab7e4d34d582ceea?s=96&d=mm&r=g\",\"caption\":\"Bruna Teodoro\"},\"url\":\"https:\/\/homolog.harald.com.br\/site-2026\/blog\/author\/bruna-teodoro\/\"}]}<\/script>\n<!-- \/ Yoast SEO plugin. -->","yoast_head_json":{"title":"Harald anuncia relan\u00e7amento das coberturas sabor Chocolate Branco TOP, com nova f\u00f3rmula - Harald","robots":{"index":"noindex","follow":"follow","max-snippet":"max-snippet:-1","max-image-preview":"max-image-preview:large","max-video-preview":"max-video-preview:-1"},"og_locale":"pt_BR","og_type":"article","og_title":"Harald anuncia relan\u00e7amento das coberturas sabor Chocolate Branco TOP, com nova f\u00f3rmula - Harald","og_description":"Harald anuncia relan\u00e7amento das coberturas sabor Chocolate Branco TOP, com nova f\u00f3rmula Reformula\u00e7\u00e3o representa o investimento da marca em tecnologia para melhorar a performance e entregar mais sabor e cremosidade para os transformadores e confeiteiros &nbsp; S\u00e3o Paulo, setembro de 2022 &#8211; Com o objetivo de atender as necessidades t\u00e9cnicas e de sabores do mercado, Read more...","og_url":"https:\/\/homolog.harald.com.br\/site-2026\/blog\/harald-anuncia-relancamento-das-coberturas-sabor-chocolate-branco-top-com-nova-formula\/","og_site_name":"Harald","article_publisher":"https:\/\/www.facebook.com\/HaraldChocolates\/","article_published_time":"2022-10-03T19:01:24+00:00","article_modified_time":"2023-01-03T19:01:58+00:00","og_image":[{"width":520,"height":700,"url":"https:\/\/homolog.harald.com.br\/site-2026\/wp-content\/uploads\/2022\/09\/top-branco.png","type":"image\/png"}],"author":"Bruna Teodoro","twitter_card":"summary_large_image","twitter_misc":{"Escrito por":"Bruna Teodoro","Est. tempo de leitura":"3 minutos"},"schema":{"@context":"https:\/\/schema.org","@graph":[{"@type":"Article","@id":"https:\/\/homolog.harald.com.br\/site-2026\/blog\/harald-anuncia-relancamento-das-coberturas-sabor-chocolate-branco-top-com-nova-formula\/#article","isPartOf":{"@id":"https:\/\/homolog.harald.com.br\/site-2026\/blog\/harald-anuncia-relancamento-das-coberturas-sabor-chocolate-branco-top-com-nova-formula\/"},"author":{"name":"Bruna Teodoro","@id":"https:\/\/homolog.harald.com.br\/site-2026\/#\/schema\/person\/37dcc072f872b17c519dd3097a7925e5"},"headline":"Harald anuncia relan\u00e7amento das coberturas sabor Chocolate Branco TOP, com nova f\u00f3rmula","datePublished":"2022-10-03T19:01:24+00:00","dateModified":"2023-01-03T19:01:58+00:00","mainEntityOfPage":{"@id":"https:\/\/homolog.harald.com.br\/site-2026\/blog\/harald-anuncia-relancamento-das-coberturas-sabor-chocolate-branco-top-com-nova-formula\/"},"wordCount":407,"publisher":{"@id":"https:\/\/homolog.harald.com.br\/site-2026\/#organization"},"image":{"@id":"https:\/\/homolog.harald.com.br\/site-2026\/blog\/harald-anuncia-relancamento-das-coberturas-sabor-chocolate-branco-top-com-nova-formula\/#primaryimage"},"thumbnailUrl":"https:\/\/homolog.harald.com.br\/site-2026\/wp-content\/uploads\/2022\/09\/top-branco.png","articleSection":["Coberturas","Not\u00edcias"],"inLanguage":"pt-BR"},{"@type":"WebPage","@id":"https:\/\/homolog.harald.com.br\/site-2026\/blog\/harald-anuncia-relancamento-das-coberturas-sabor-chocolate-branco-top-com-nova-formula\/","url":"https:\/\/homolog.harald.com.br\/site-2026\/blog\/harald-anuncia-relancamento-das-coberturas-sabor-chocolate-branco-top-com-nova-formula\/","name":"Harald anuncia relan\u00e7amento das coberturas sabor Chocolate Branco TOP, com nova f\u00f3rmula - Harald","isPartOf":{"@id":"https:\/\/homolog.harald.com.br\/site-2026\/#website"},"primaryImageOfPage":{"@id":"https:\/\/homolog.harald.com.br\/site-2026\/blog\/harald-anuncia-relancamento-das-coberturas-sabor-chocolate-branco-top-com-nova-formula\/#primaryimage"},"image":{"@id":"https:\/\/homolog.harald.com.br\/site-2026\/blog\/harald-anuncia-relancamento-das-coberturas-sabor-chocolate-branco-top-com-nova-formula\/#primaryimage"},"thumbnailUrl":"https:\/\/homolog.harald.com.br\/site-2026\/wp-content\/uploads\/2022\/09\/top-branco.png","datePublished":"2022-10-03T19:01:24+00:00","dateModified":"2023-01-03T19:01:58+00:00","breadcrumb":{"@id":"https:\/\/homolog.harald.com.br\/site-2026\/blog\/harald-anuncia-relancamento-das-coberturas-sabor-chocolate-branco-top-com-nova-formula\/#breadcrumb"},"inLanguage":"pt-BR","potentialAction":[{"@type":"ReadAction","target":["https:\/\/homolog.harald.com.br\/site-2026\/blog\/harald-anuncia-relancamento-das-coberturas-sabor-chocolate-branco-top-com-nova-formula\/"]}]},{"@type":"ImageObject","inLanguage":"pt-BR","@id":"https:\/\/homolog.harald.com.br\/site-2026\/blog\/harald-anuncia-relancamento-das-coberturas-sabor-chocolate-branco-top-com-nova-formula\/#primaryimage","url":"https:\/\/homolog.harald.com.br\/site-2026\/wp-content\/uploads\/2022\/09\/top-branco.png","contentUrl":"https:\/\/homolog.harald.com.br\/site-2026\/wp-content\/uploads\/2022\/09\/top-branco.png","width":520,"height":700},{"@type":"BreadcrumbList","@id":"https:\/\/homolog.harald.com.br\/site-2026\/blog\/harald-anuncia-relancamento-das-coberturas-sabor-chocolate-branco-top-com-nova-formula\/#breadcrumb","itemListElement":[{"@type":"ListItem","position":1,"name":"In\u00edcio","item":"https:\/\/homolog.harald.com.br\/site-2026\/"},{"@type":"ListItem","position":2,"name":"Harald anuncia relan\u00e7amento das coberturas sabor Chocolate Branco TOP, com nova f\u00f3rmula"}]},{"@type":"WebSite","@id":"https:\/\/homolog.harald.com.br\/site-2026\/#website","url":"https:\/\/homolog.harald.com.br\/site-2026\/","name":"Harald","description":"Fazer melhor \u00e9 fazer com paix\u00e3o","publisher":{"@id":"https:\/\/homolog.harald.com.br\/site-2026\/#organization"},"potentialAction":[{"@type":"SearchAction","target":{"@type":"EntryPoint","urlTemplate":"https:\/\/homolog.harald.com.br\/site-2026\/?s={search_term_string}"},"query-input":{"@type":"PropertyValueSpecification","valueRequired":true,"valueName":"search_term_string"}}],"inLanguage":"pt-BR"},{"@type":"Organization","@id":"https:\/\/homolog.harald.com.br\/site-2026\/#organization","name":"Harald","url":"https:\/\/homolog.harald.com.br\/site-2026\/","logo":{"@type":"ImageObject","inLanguage":"pt-BR","@id":"https:\/\/homolog.harald.com.br\/site-2026\/#\/schema\/logo\/image\/","url":"https:\/\/homolog.harald.com.br\/site-2026\/wp-content\/uploads\/2022\/09\/logo-harald-cmyk-ss.png","contentUrl":"https:\/\/homolog.harald.com.br\/site-2026\/wp-content\/uploads\/2022\/09\/logo-harald-cmyk-ss.png","width":1948,"height":1051,"caption":"Harald"},"image":{"@id":"https:\/\/homolog.harald.com.br\/site-2026\/#\/schema\/logo\/image\/"},"sameAs":["https:\/\/www.facebook.com\/HaraldChocolates\/","https:\/\/www.youtube.com\/user\/HaraldChocolates"]},{"@type":"Person","@id":"https:\/\/homolog.harald.com.br\/site-2026\/#\/schema\/person\/37dcc072f872b17c519dd3097a7925e5","name":"Bruna Teodoro","image":{"@type":"ImageObject","inLanguage":"pt-BR","@id":"https:\/\/homolog.harald.com.br\/site-2026\/#\/schema\/person\/image\/","url":"https:\/\/secure.gravatar.com\/avatar\/7da0050c7a3bd4d6df113dcfae1a5b72c8690bc5d4bb4fabab7e4d34d582ceea?s=96&d=mm&r=g","contentUrl":"https:\/\/secure.gravatar.com\/avatar\/7da0050c7a3bd4d6df113dcfae1a5b72c8690bc5d4bb4fabab7e4d34d582ceea?s=96&d=mm&r=g","caption":"Bruna Teodoro"},"url":"https:\/\/homolog.harald.com.br\/site-2026\/blog\/author\/bruna-teodoro\/"}]}},"uagb_featured_image_src":{"full":["https:\/\/homolog.harald.com.br\/site-2026\/wp-content\/uploads\/2022\/09\/top-branco.png",520,700,false],"thumbnail":["https:\/\/homolog.harald.com.br\/site-2026\/wp-content\/uploads\/2022\/09\/top-branco-150x150.png",150,150,true],"medium":["https:\/\/homolog.harald.com.br\/site-2026\/wp-content\/uploads\/2022\/09\/top-branco-223x300.png",223,300,true],"medium_large":["https:\/\/homolog.harald.com.br\/site-2026\/wp-content\/uploads\/2022\/09\/top-branco.png",520,700,false],"large":["https:\/\/homolog.harald.com.br\/site-2026\/wp-content\/uploads\/2022\/09\/top-branco.png",520,700,false],"1536x1536":["https:\/\/homolog.harald.com.br\/site-2026\/wp-content\/uploads\/2022\/09\/top-branco.png",520,700,false],"2048x2048":["https:\/\/homolog.harald.com.br\/site-2026\/wp-content\/uploads\/2022\/09\/top-branco.png",520,700,false],"full-width":["https:\/\/homolog.harald.com.br\/site-2026\/wp-content\/uploads\/2022\/09\/top-branco.png",520,700,false],"gform-image-choice-sm":["https:\/\/homolog.harald.com.br\/site-2026\/wp-content\/uploads\/2022\/09\/top-branco.png",223,300,false],"gform-image-choice-md":["https:\/\/homolog.harald.com.br\/site-2026\/wp-content\/uploads\/2022\/09\/top-branco.png",297,400,false],"gform-image-choice-lg":["https:\/\/homolog.harald.com.br\/site-2026\/wp-content\/uploads\/2022\/09\/top-branco.png",446,600,false]},"uagb_author_info":{"display_name":"Bruna Teodoro","author_link":"https:\/\/homolog.harald.com.br\/site-2026\/blog\/author\/bruna-teodoro\/"},"uagb_comment_info":0,"uagb_excerpt":"Harald anuncia relan\u00e7amento das coberturas sabor Chocolate Branco TOP, com nova f\u00f3rmula Reformula\u00e7\u00e3o representa o investimento da marca em tecnologia para melhorar a performance e entregar mais sabor e cremosidade para os transformadores e confeiteiros &nbsp; S\u00e3o Paulo, setembro de 2022 &#8211; Com o objetivo de atender as necessidades t\u00e9cnicas e de sabores do mercado,&hellip;","_links":{"self":[{"href":"https:\/\/homolog.harald.com.br\/site-2026\/wp-json\/wp\/v2\/posts\/56047","targetHints":{"allow":["GET"]}}],"collection":[{"href":"https:\/\/homolog.harald.com.br\/site-2026\/wp-json\/wp\/v2\/posts"}],"about":[{"href":"https:\/\/homolog.harald.com.br\/site-2026\/wp-json\/wp\/v2\/types\/post"}],"author":[{"embeddable":true,"href":"https:\/\/homolog.harald.com.br\/site-2026\/wp-json\/wp\/v2\/users\/11"}],"replies":[{"embeddable":true,"href":"https:\/\/homolog.harald.com.br\/site-2026\/wp-json\/wp\/v2\/comments?post=56047"}],"version-history":[{"count":1,"href":"https:\/\/homolog.harald.com.br\/site-2026\/wp-json\/wp\/v2\/posts\/56047\/revisions"}],"predecessor-version":[{"id":56049,"href":"https:\/\/homolog.harald.com.br\/site-2026\/wp-json\/wp\/v2\/posts\/56047\/revisions\/56049"}],"wp:featuredmedia":[{"embeddable":true,"href":"https:\/\/homolog.harald.com.br\/site-2026\/wp-json\/wp\/v2\/media\/8822"}],"wp:attachment":[{"href":"https:\/\/homolog.harald.com.br\/site-2026\/wp-json\/wp\/v2\/media?parent=56047"}],"wp:term":[{"taxonomy":"category","embeddable":true,"href":"https:\/\/homolog.harald.com.br\/site-2026\/wp-json\/wp\/v2\/categories?post=56047"},{"taxonomy":"post_tag","embeddable":true,"href":"https:\/\/homolog.harald.com.br\/site-2026\/wp-json\/wp\/v2\/tags?post=56047"},{"taxonomy":"para-seu-negocio","embeddable":true,"href":"https:\/\/homolog.harald.com.br\/site-2026\/wp-json\/wp\/v2\/para-seu-negocio?post=56047"}],"curies":[{"name":"wp","href":"https:\/\/api.w.org\/{rel}","templated":true}]}}