{"id":56006,"date":"2022-10-27T15:35:21","date_gmt":"2022-10-27T18:35:21","guid":{"rendered":"https:\/\/homolog.harald.com.br\/site-2026\/?p=56006"},"modified":"2023-01-03T15:35:58","modified_gmt":"2023-01-03T18:35:58","slug":"harald-firma-parceria-com-fundacao-bunge-para-formacao-de-jovens","status":"publish","type":"post","link":"https:\/\/homolog.harald.com.br\/site-2026\/blog\/harald-firma-parceria-com-fundacao-bunge-para-formacao-de-jovens\/","title":{"rendered":"Harald firma parceria com Funda\u00e7\u00e3o Bunge para forma\u00e7\u00e3o de jovens"},"content":{"rendered":"<h1 style=\"text-align: center;\"><b>Harald firma parceria com Funda\u00e7\u00e3o Bunge para forma\u00e7\u00e3o de jovens<\/b><\/h1>\n<p style=\"text-align: center;\"><i><span style=\"font-weight: 400;\">O projeto De Gr\u00e3o em P\u00e3o vai oferecer cursos gratuitos de qualifica\u00e7\u00e3o profissional para jovens da periferia de S\u00e3o Paulo na \u00e1rea de panifica\u00e7\u00e3o, culin\u00e1ria e confeitaria<\/span><\/i><\/p>\n<p>&nbsp;<\/p>\n<p><b>S\u00e3o Paulo, outubro de 2022<\/b><span style=\"font-weight: 400;\"> &#8211; A <\/span><b>Harald<\/b><span style=\"font-weight: 400;\">, empresa l\u00edder em coberturas e chocolates no Brasil, firmou parceria com a Funda\u00e7\u00e3o Bunge para o desenvolvimento do projeto piloto De Gr\u00e3o em P\u00e3o, que vai oferecer cursos gratuitos de qualifica\u00e7\u00e3o profissional para jovens da periferia de S\u00e3o Paulo na \u00e1rea de panifica\u00e7\u00e3o, culin\u00e1ria e confeitaria.\u00a0<\/span><\/p>\n<p>&nbsp;<\/p>\n<p><span style=\"font-weight: 400;\">O projeto surgiu com o objetivo de capacitar jovens para o mercado de trabalho e contar\u00e1 com uma forma\u00e7\u00e3o profissional aprofundada, al\u00e9m do desenvolvimento e aprimoramento de habilidades socioemocionais dos participantes, inser\u00e7\u00e3o no mercado de trabalho por meio de parceiros homologados e acompanhamento da carreira com mentoria. Com 12 meses de dura\u00e7\u00e3o, ocorre em seis etapas: sele\u00e7\u00e3o dos 15 integrantes; prepara\u00e7\u00e3o socioemocional; qualifica\u00e7\u00e3o profissional; formatura; m\u00e3o na massa e acompanhamento de carreira profissional com mentoria da Funda\u00e7\u00e3o Bunge por seis meses.\u00a0<\/span><\/p>\n<p>&nbsp;<\/p>\n<p><span style=\"font-weight: 400;\">A iniciativa conta com o apoio da <\/span><b>Harald<\/b><span style=\"font-weight: 400;\"> para a realiza\u00e7\u00e3o de um m\u00f3dulo sobre Chocolates, com aulas ministradas por chefs e t\u00e9cnicos da empresa. Para Fernanda Sequetto, Gerente de Marketing da <\/span><b>Harald<\/b><span style=\"font-weight: 400;\">, \u201co apoio \u00e0 esta iniciativa faz parte da expans\u00e3o do Programa Social da <\/span><b>Harald<\/b><span style=\"font-weight: 400;\">, que desde 2019, j\u00e1 formou mais de 1.000 pessoas em chocolataria direcionada para o empreendedorismo. Com o Projeto De Gr\u00e3o em P\u00e3o, passamos a atender a demanda de m\u00e3o de obra especializada no mercado de Food Service e dos jovens que buscam oportunidades no mercado de trabalho\u201d.<\/span><\/p>\n<p>&nbsp;<\/p>\n<p><span style=\"font-weight: 400;\">No ano em que comemora seu quadrag\u00e9simo anivers\u00e1riO, a marca segue buscando maneiras de refor\u00e7ar a trajet\u00f3ria marcada pelo desenvolvimento de produtos de alta qualidade e pelo compromisso de um trabalho com iniciativas dedicadas \u00e0s pessoas, \u00e0 sustentabilidade e ao cuidado com as comunidades, com o objetivo de fortalecer o protagonismo na constru\u00e7\u00e3o de uma sociedade sustent\u00e1vel e avan\u00e7ar cada vez mais como grupo.<\/span><\/p>\n<p>&nbsp;<\/p>\n<p><b>Conhe\u00e7a a <\/b><a href=\"https:\/\/homolog.harald.com.br\/site-2026\/\"><b>Harald<\/b><\/a><b>:<\/b><\/p>\n<p><span style=\"font-weight: 400;\">L\u00edder no mercado de coberturas, a Harald \u00e9 uma das principais marcas de chocolates para transforma\u00e7\u00e3o e refer\u00eancia para o mercado especializado, food service e cash &amp; carry. No seu portf\u00f3lio, a Harald conta com as marcas Unique, Melken, TOP, Confeiteiro e Inovare. Fundada em 1982, a empresa faz parte desde 2015 do grupo Fuji Oil, gigante japonesa de atua\u00e7\u00e3o global.<\/span><\/p>\n<p>&nbsp;<\/p>\n<p><b>Conhe\u00e7a a <\/b><a href=\"https:\/\/fundacaobunge.org.br\/\"><b>Funda\u00e7\u00e3o Bunge<\/b><\/a><b>:<\/b><\/p>\n<p><span style=\"font-weight: 400;\">A Funda\u00e7\u00e3o Bunge, entidade social da Bunge no Brasil, h\u00e1 mais de 60 anos atua em diferentes frentes com o compromisso de valorizar pessoas e somar talentos para construir novos caminhos. Suas a\u00e7\u00f5es estabelecem uma rela\u00e7\u00e3o entre passado, presente e futuro e s\u00e3o colocadas em pr\u00e1ticas por meio da preserva\u00e7\u00e3o da mem\u00f3ria empresarial (Centro de Mem\u00f3ria Bunge), do incentivo \u00e0 leitura (Semear Leitores), do voluntariado corporativo (Comunidade Educativa), do desenvolvimento territorial sustent\u00e1vel (Comunidade Integrada) e do incentivo \u00e0s ci\u00eancias, letras e artes (Pr\u00eamio Funda\u00e7\u00e3o Bunge).<\/span><\/p>\n","protected":false},"excerpt":{"rendered":"<p>Harald firma parceria com Funda\u00e7\u00e3o Bunge para forma\u00e7\u00e3o de jovens O projeto De Gr\u00e3o em P\u00e3o vai oferecer cursos gratuitos de qualifica\u00e7\u00e3o profissional para jovens da periferia de S\u00e3o Paulo na \u00e1rea de panifica\u00e7\u00e3o, culin\u00e1ria e confeitaria &nbsp; S\u00e3o Paulo, outubro de 2022 &#8211; A Harald, empresa l\u00edder em coberturas e chocolates no Brasil, firmou <a class=\"more-link\" href=\"https:\/\/homolog.harald.com.br\/site-2026\/blog\/harald-firma-parceria-com-fundacao-bunge-para-formacao-de-jovens\/\">Read more&#8230;<\/a><\/p>\n","protected":false},"author":11,"featured_media":56008,"comment_status":"closed","ping_status":"closed","sticky":false,"template":"","format":"standard","meta":{"_acf_changed":false,"_uag_custom_page_level_css":"","footnotes":""},"categories":[158],"tags":[],"para-seu-negocio":[],"class_list":["post-56006","post","type-post","status-publish","format-standard","has-post-thumbnail","hentry","category-noticias"],"acf":[],"yoast_head":"<!-- This site is optimized with the Yoast SEO plugin v26.3 - https:\/\/yoast.com\/wordpress\/plugins\/seo\/ -->\n<title>Harald firma parceria com Funda\u00e7\u00e3o Bunge para forma\u00e7\u00e3o de jovens - Harald<\/title>\n<meta name=\"robots\" content=\"noindex, follow, max-snippet:-1, max-image-preview:large, max-video-preview:-1\" \/>\n<meta property=\"og:locale\" content=\"pt_BR\" \/>\n<meta property=\"og:type\" content=\"article\" \/>\n<meta property=\"og:title\" content=\"Harald firma parceria com Funda\u00e7\u00e3o Bunge para forma\u00e7\u00e3o de jovens - Harald\" \/>\n<meta property=\"og:description\" content=\"Harald firma parceria com Funda\u00e7\u00e3o Bunge para forma\u00e7\u00e3o de jovens O projeto De Gr\u00e3o em P\u00e3o vai oferecer cursos gratuitos de qualifica\u00e7\u00e3o profissional para jovens da periferia de S\u00e3o Paulo na \u00e1rea de panifica\u00e7\u00e3o, culin\u00e1ria e confeitaria &nbsp; S\u00e3o Paulo, outubro de 2022 &#8211; A Harald, empresa l\u00edder em coberturas e chocolates no Brasil, firmou Read more...\" \/>\n<meta property=\"og:url\" content=\"https:\/\/homolog.harald.com.br\/site-2026\/blog\/harald-firma-parceria-com-fundacao-bunge-para-formacao-de-jovens\/\" \/>\n<meta property=\"og:site_name\" content=\"Harald\" \/>\n<meta property=\"article:publisher\" content=\"https:\/\/www.facebook.com\/HaraldChocolates\/\" \/>\n<meta property=\"article:published_time\" content=\"2022-10-27T18:35:21+00:00\" \/>\n<meta property=\"article:modified_time\" content=\"2023-01-03T18:35:58+00:00\" \/>\n<meta property=\"og:image\" content=\"https:\/\/homolog.harald.com.br\/site-2026\/wp-content\/uploads\/2023\/01\/unnamed-9-1.jpg\" \/>\n\t<meta property=\"og:image:width\" content=\"620\" \/>\n\t<meta property=\"og:image:height\" content=\"212\" \/>\n\t<meta property=\"og:image:type\" content=\"image\/jpeg\" \/>\n<meta name=\"author\" content=\"Bruna Teodoro\" \/>\n<meta name=\"twitter:card\" content=\"summary_large_image\" \/>\n<meta name=\"twitter:label1\" content=\"Escrito por\" \/>\n\t<meta name=\"twitter:data1\" content=\"Bruna Teodoro\" \/>\n\t<meta name=\"twitter:label2\" content=\"Est. tempo de leitura\" \/>\n\t<meta name=\"twitter:data2\" content=\"3 minutos\" \/>\n<script type=\"application\/ld+json\" class=\"yoast-schema-graph\">{\"@context\":\"https:\/\/schema.org\",\"@graph\":[{\"@type\":\"Article\",\"@id\":\"https:\/\/homolog.harald.com.br\/site-2026\/blog\/harald-firma-parceria-com-fundacao-bunge-para-formacao-de-jovens\/#article\",\"isPartOf\":{\"@id\":\"https:\/\/homolog.harald.com.br\/site-2026\/blog\/harald-firma-parceria-com-fundacao-bunge-para-formacao-de-jovens\/\"},\"author\":{\"name\":\"Bruna Teodoro\",\"@id\":\"https:\/\/homolog.harald.com.br\/site-2026\/#\/schema\/person\/37dcc072f872b17c519dd3097a7925e5\"},\"headline\":\"Harald firma parceria com Funda\u00e7\u00e3o Bunge para forma\u00e7\u00e3o de jovens\",\"datePublished\":\"2022-10-27T18:35:21+00:00\",\"dateModified\":\"2023-01-03T18:35:58+00:00\",\"mainEntityOfPage\":{\"@id\":\"https:\/\/homolog.harald.com.br\/site-2026\/blog\/harald-firma-parceria-com-fundacao-bunge-para-formacao-de-jovens\/\"},\"wordCount\":549,\"publisher\":{\"@id\":\"https:\/\/homolog.harald.com.br\/site-2026\/#organization\"},\"image\":{\"@id\":\"https:\/\/homolog.harald.com.br\/site-2026\/blog\/harald-firma-parceria-com-fundacao-bunge-para-formacao-de-jovens\/#primaryimage\"},\"thumbnailUrl\":\"https:\/\/homolog.harald.com.br\/site-2026\/wp-content\/uploads\/2023\/01\/unnamed-9-1.jpg\",\"articleSection\":[\"Not\u00edcias\"],\"inLanguage\":\"pt-BR\"},{\"@type\":\"WebPage\",\"@id\":\"https:\/\/homolog.harald.com.br\/site-2026\/blog\/harald-firma-parceria-com-fundacao-bunge-para-formacao-de-jovens\/\",\"url\":\"https:\/\/homolog.harald.com.br\/site-2026\/blog\/harald-firma-parceria-com-fundacao-bunge-para-formacao-de-jovens\/\",\"name\":\"Harald firma parceria com Funda\u00e7\u00e3o Bunge para forma\u00e7\u00e3o de jovens - Harald\",\"isPartOf\":{\"@id\":\"https:\/\/homolog.harald.com.br\/site-2026\/#website\"},\"primaryImageOfPage\":{\"@id\":\"https:\/\/homolog.harald.com.br\/site-2026\/blog\/harald-firma-parceria-com-fundacao-bunge-para-formacao-de-jovens\/#primaryimage\"},\"image\":{\"@id\":\"https:\/\/homolog.harald.com.br\/site-2026\/blog\/harald-firma-parceria-com-fundacao-bunge-para-formacao-de-jovens\/#primaryimage\"},\"thumbnailUrl\":\"https:\/\/homolog.harald.com.br\/site-2026\/wp-content\/uploads\/2023\/01\/unnamed-9-1.jpg\",\"datePublished\":\"2022-10-27T18:35:21+00:00\",\"dateModified\":\"2023-01-03T18:35:58+00:00\",\"breadcrumb\":{\"@id\":\"https:\/\/homolog.harald.com.br\/site-2026\/blog\/harald-firma-parceria-com-fundacao-bunge-para-formacao-de-jovens\/#breadcrumb\"},\"inLanguage\":\"pt-BR\",\"potentialAction\":[{\"@type\":\"ReadAction\",\"target\":[\"https:\/\/homolog.harald.com.br\/site-2026\/blog\/harald-firma-parceria-com-fundacao-bunge-para-formacao-de-jovens\/\"]}]},{\"@type\":\"ImageObject\",\"inLanguage\":\"pt-BR\",\"@id\":\"https:\/\/homolog.harald.com.br\/site-2026\/blog\/harald-firma-parceria-com-fundacao-bunge-para-formacao-de-jovens\/#primaryimage\",\"url\":\"https:\/\/homolog.harald.com.br\/site-2026\/wp-content\/uploads\/2023\/01\/unnamed-9-1.jpg\",\"contentUrl\":\"https:\/\/homolog.harald.com.br\/site-2026\/wp-content\/uploads\/2023\/01\/unnamed-9-1.jpg\",\"width\":620,\"height\":212},{\"@type\":\"BreadcrumbList\",\"@id\":\"https:\/\/homolog.harald.com.br\/site-2026\/blog\/harald-firma-parceria-com-fundacao-bunge-para-formacao-de-jovens\/#breadcrumb\",\"itemListElement\":[{\"@type\":\"ListItem\",\"position\":1,\"name\":\"In\u00edcio\",\"item\":\"https:\/\/homolog.harald.com.br\/site-2026\/\"},{\"@type\":\"ListItem\",\"position\":2,\"name\":\"Harald firma parceria com Funda\u00e7\u00e3o Bunge para forma\u00e7\u00e3o de jovens\"}]},{\"@type\":\"WebSite\",\"@id\":\"https:\/\/homolog.harald.com.br\/site-2026\/#website\",\"url\":\"https:\/\/homolog.harald.com.br\/site-2026\/\",\"name\":\"Harald\",\"description\":\"Fazer melhor \u00e9 fazer com paix\u00e3o\",\"publisher\":{\"@id\":\"https:\/\/homolog.harald.com.br\/site-2026\/#organization\"},\"potentialAction\":[{\"@type\":\"SearchAction\",\"target\":{\"@type\":\"EntryPoint\",\"urlTemplate\":\"https:\/\/homolog.harald.com.br\/site-2026\/?s={search_term_string}\"},\"query-input\":{\"@type\":\"PropertyValueSpecification\",\"valueRequired\":true,\"valueName\":\"search_term_string\"}}],\"inLanguage\":\"pt-BR\"},{\"@type\":\"Organization\",\"@id\":\"https:\/\/homolog.harald.com.br\/site-2026\/#organization\",\"name\":\"Harald\",\"url\":\"https:\/\/homolog.harald.com.br\/site-2026\/\",\"logo\":{\"@type\":\"ImageObject\",\"inLanguage\":\"pt-BR\",\"@id\":\"https:\/\/homolog.harald.com.br\/site-2026\/#\/schema\/logo\/image\/\",\"url\":\"https:\/\/homolog.harald.com.br\/site-2026\/wp-content\/uploads\/2022\/09\/logo-harald-cmyk-ss.png\",\"contentUrl\":\"https:\/\/homolog.harald.com.br\/site-2026\/wp-content\/uploads\/2022\/09\/logo-harald-cmyk-ss.png\",\"width\":1948,\"height\":1051,\"caption\":\"Harald\"},\"image\":{\"@id\":\"https:\/\/homolog.harald.com.br\/site-2026\/#\/schema\/logo\/image\/\"},\"sameAs\":[\"https:\/\/www.facebook.com\/HaraldChocolates\/\",\"https:\/\/www.youtube.com\/user\/HaraldChocolates\"]},{\"@type\":\"Person\",\"@id\":\"https:\/\/homolog.harald.com.br\/site-2026\/#\/schema\/person\/37dcc072f872b17c519dd3097a7925e5\",\"name\":\"Bruna Teodoro\",\"image\":{\"@type\":\"ImageObject\",\"inLanguage\":\"pt-BR\",\"@id\":\"https:\/\/homolog.harald.com.br\/site-2026\/#\/schema\/person\/image\/\",\"url\":\"https:\/\/secure.gravatar.com\/avatar\/7da0050c7a3bd4d6df113dcfae1a5b72c8690bc5d4bb4fabab7e4d34d582ceea?s=96&d=mm&r=g\",\"contentUrl\":\"https:\/\/secure.gravatar.com\/avatar\/7da0050c7a3bd4d6df113dcfae1a5b72c8690bc5d4bb4fabab7e4d34d582ceea?s=96&d=mm&r=g\",\"caption\":\"Bruna Teodoro\"},\"url\":\"https:\/\/homolog.harald.com.br\/site-2026\/blog\/author\/bruna-teodoro\/\"}]}<\/script>\n<!-- \/ Yoast SEO plugin. -->","yoast_head_json":{"title":"Harald firma parceria com Funda\u00e7\u00e3o Bunge para forma\u00e7\u00e3o de jovens - Harald","robots":{"index":"noindex","follow":"follow","max-snippet":"max-snippet:-1","max-image-preview":"max-image-preview:large","max-video-preview":"max-video-preview:-1"},"og_locale":"pt_BR","og_type":"article","og_title":"Harald firma parceria com Funda\u00e7\u00e3o Bunge para forma\u00e7\u00e3o de jovens - Harald","og_description":"Harald firma parceria com Funda\u00e7\u00e3o Bunge para forma\u00e7\u00e3o de jovens O projeto De Gr\u00e3o em P\u00e3o vai oferecer cursos gratuitos de qualifica\u00e7\u00e3o profissional para jovens da periferia de S\u00e3o Paulo na \u00e1rea de panifica\u00e7\u00e3o, culin\u00e1ria e confeitaria &nbsp; S\u00e3o Paulo, outubro de 2022 &#8211; A Harald, empresa l\u00edder em coberturas e chocolates no Brasil, firmou Read more...","og_url":"https:\/\/homolog.harald.com.br\/site-2026\/blog\/harald-firma-parceria-com-fundacao-bunge-para-formacao-de-jovens\/","og_site_name":"Harald","article_publisher":"https:\/\/www.facebook.com\/HaraldChocolates\/","article_published_time":"2022-10-27T18:35:21+00:00","article_modified_time":"2023-01-03T18:35:58+00:00","og_image":[{"width":620,"height":212,"url":"https:\/\/homolog.harald.com.br\/site-2026\/wp-content\/uploads\/2023\/01\/unnamed-9-1.jpg","type":"image\/jpeg"}],"author":"Bruna Teodoro","twitter_card":"summary_large_image","twitter_misc":{"Escrito por":"Bruna Teodoro","Est. tempo de leitura":"3 minutos"},"schema":{"@context":"https:\/\/schema.org","@graph":[{"@type":"Article","@id":"https:\/\/homolog.harald.com.br\/site-2026\/blog\/harald-firma-parceria-com-fundacao-bunge-para-formacao-de-jovens\/#article","isPartOf":{"@id":"https:\/\/homolog.harald.com.br\/site-2026\/blog\/harald-firma-parceria-com-fundacao-bunge-para-formacao-de-jovens\/"},"author":{"name":"Bruna Teodoro","@id":"https:\/\/homolog.harald.com.br\/site-2026\/#\/schema\/person\/37dcc072f872b17c519dd3097a7925e5"},"headline":"Harald firma parceria com Funda\u00e7\u00e3o Bunge para forma\u00e7\u00e3o de jovens","datePublished":"2022-10-27T18:35:21+00:00","dateModified":"2023-01-03T18:35:58+00:00","mainEntityOfPage":{"@id":"https:\/\/homolog.harald.com.br\/site-2026\/blog\/harald-firma-parceria-com-fundacao-bunge-para-formacao-de-jovens\/"},"wordCount":549,"publisher":{"@id":"https:\/\/homolog.harald.com.br\/site-2026\/#organization"},"image":{"@id":"https:\/\/homolog.harald.com.br\/site-2026\/blog\/harald-firma-parceria-com-fundacao-bunge-para-formacao-de-jovens\/#primaryimage"},"thumbnailUrl":"https:\/\/homolog.harald.com.br\/site-2026\/wp-content\/uploads\/2023\/01\/unnamed-9-1.jpg","articleSection":["Not\u00edcias"],"inLanguage":"pt-BR"},{"@type":"WebPage","@id":"https:\/\/homolog.harald.com.br\/site-2026\/blog\/harald-firma-parceria-com-fundacao-bunge-para-formacao-de-jovens\/","url":"https:\/\/homolog.harald.com.br\/site-2026\/blog\/harald-firma-parceria-com-fundacao-bunge-para-formacao-de-jovens\/","name":"Harald firma parceria com Funda\u00e7\u00e3o Bunge para forma\u00e7\u00e3o de jovens - Harald","isPartOf":{"@id":"https:\/\/homolog.harald.com.br\/site-2026\/#website"},"primaryImageOfPage":{"@id":"https:\/\/homolog.harald.com.br\/site-2026\/blog\/harald-firma-parceria-com-fundacao-bunge-para-formacao-de-jovens\/#primaryimage"},"image":{"@id":"https:\/\/homolog.harald.com.br\/site-2026\/blog\/harald-firma-parceria-com-fundacao-bunge-para-formacao-de-jovens\/#primaryimage"},"thumbnailUrl":"https:\/\/homolog.harald.com.br\/site-2026\/wp-content\/uploads\/2023\/01\/unnamed-9-1.jpg","datePublished":"2022-10-27T18:35:21+00:00","dateModified":"2023-01-03T18:35:58+00:00","breadcrumb":{"@id":"https:\/\/homolog.harald.com.br\/site-2026\/blog\/harald-firma-parceria-com-fundacao-bunge-para-formacao-de-jovens\/#breadcrumb"},"inLanguage":"pt-BR","potentialAction":[{"@type":"ReadAction","target":["https:\/\/homolog.harald.com.br\/site-2026\/blog\/harald-firma-parceria-com-fundacao-bunge-para-formacao-de-jovens\/"]}]},{"@type":"ImageObject","inLanguage":"pt-BR","@id":"https:\/\/homolog.harald.com.br\/site-2026\/blog\/harald-firma-parceria-com-fundacao-bunge-para-formacao-de-jovens\/#primaryimage","url":"https:\/\/homolog.harald.com.br\/site-2026\/wp-content\/uploads\/2023\/01\/unnamed-9-1.jpg","contentUrl":"https:\/\/homolog.harald.com.br\/site-2026\/wp-content\/uploads\/2023\/01\/unnamed-9-1.jpg","width":620,"height":212},{"@type":"BreadcrumbList","@id":"https:\/\/homolog.harald.com.br\/site-2026\/blog\/harald-firma-parceria-com-fundacao-bunge-para-formacao-de-jovens\/#breadcrumb","itemListElement":[{"@type":"ListItem","position":1,"name":"In\u00edcio","item":"https:\/\/homolog.harald.com.br\/site-2026\/"},{"@type":"ListItem","position":2,"name":"Harald firma parceria com Funda\u00e7\u00e3o Bunge para forma\u00e7\u00e3o de jovens"}]},{"@type":"WebSite","@id":"https:\/\/homolog.harald.com.br\/site-2026\/#website","url":"https:\/\/homolog.harald.com.br\/site-2026\/","name":"Harald","description":"Fazer melhor \u00e9 fazer com paix\u00e3o","publisher":{"@id":"https:\/\/homolog.harald.com.br\/site-2026\/#organization"},"potentialAction":[{"@type":"SearchAction","target":{"@type":"EntryPoint","urlTemplate":"https:\/\/homolog.harald.com.br\/site-2026\/?s={search_term_string}"},"query-input":{"@type":"PropertyValueSpecification","valueRequired":true,"valueName":"search_term_string"}}],"inLanguage":"pt-BR"},{"@type":"Organization","@id":"https:\/\/homolog.harald.com.br\/site-2026\/#organization","name":"Harald","url":"https:\/\/homolog.harald.com.br\/site-2026\/","logo":{"@type":"ImageObject","inLanguage":"pt-BR","@id":"https:\/\/homolog.harald.com.br\/site-2026\/#\/schema\/logo\/image\/","url":"https:\/\/homolog.harald.com.br\/site-2026\/wp-content\/uploads\/2022\/09\/logo-harald-cmyk-ss.png","contentUrl":"https:\/\/homolog.harald.com.br\/site-2026\/wp-content\/uploads\/2022\/09\/logo-harald-cmyk-ss.png","width":1948,"height":1051,"caption":"Harald"},"image":{"@id":"https:\/\/homolog.harald.com.br\/site-2026\/#\/schema\/logo\/image\/"},"sameAs":["https:\/\/www.facebook.com\/HaraldChocolates\/","https:\/\/www.youtube.com\/user\/HaraldChocolates"]},{"@type":"Person","@id":"https:\/\/homolog.harald.com.br\/site-2026\/#\/schema\/person\/37dcc072f872b17c519dd3097a7925e5","name":"Bruna Teodoro","image":{"@type":"ImageObject","inLanguage":"pt-BR","@id":"https:\/\/homolog.harald.com.br\/site-2026\/#\/schema\/person\/image\/","url":"https:\/\/secure.gravatar.com\/avatar\/7da0050c7a3bd4d6df113dcfae1a5b72c8690bc5d4bb4fabab7e4d34d582ceea?s=96&d=mm&r=g","contentUrl":"https:\/\/secure.gravatar.com\/avatar\/7da0050c7a3bd4d6df113dcfae1a5b72c8690bc5d4bb4fabab7e4d34d582ceea?s=96&d=mm&r=g","caption":"Bruna Teodoro"},"url":"https:\/\/homolog.harald.com.br\/site-2026\/blog\/author\/bruna-teodoro\/"}]}},"uagb_featured_image_src":{"full":["https:\/\/homolog.harald.com.br\/site-2026\/wp-content\/uploads\/2023\/01\/unnamed-9-1.jpg",620,212,false],"thumbnail":["https:\/\/homolog.harald.com.br\/site-2026\/wp-content\/uploads\/2023\/01\/unnamed-9-1-150x150.jpg",150,150,true],"medium":["https:\/\/homolog.harald.com.br\/site-2026\/wp-content\/uploads\/2023\/01\/unnamed-9-1-300x103.jpg",300,103,true],"medium_large":["https:\/\/homolog.harald.com.br\/site-2026\/wp-content\/uploads\/2023\/01\/unnamed-9-1.jpg",620,212,false],"large":["https:\/\/homolog.harald.com.br\/site-2026\/wp-content\/uploads\/2023\/01\/unnamed-9-1.jpg",620,212,false],"1536x1536":["https:\/\/homolog.harald.com.br\/site-2026\/wp-content\/uploads\/2023\/01\/unnamed-9-1.jpg",620,212,false],"2048x2048":["https:\/\/homolog.harald.com.br\/site-2026\/wp-content\/uploads\/2023\/01\/unnamed-9-1.jpg",620,212,false],"full-width":["https:\/\/homolog.harald.com.br\/site-2026\/wp-content\/uploads\/2023\/01\/unnamed-9-1.jpg",620,212,false],"gform-image-choice-sm":["https:\/\/homolog.harald.com.br\/site-2026\/wp-content\/uploads\/2023\/01\/unnamed-9-1.jpg",300,103,false],"gform-image-choice-md":["https:\/\/homolog.harald.com.br\/site-2026\/wp-content\/uploads\/2023\/01\/unnamed-9-1.jpg",400,137,false],"gform-image-choice-lg":["https:\/\/homolog.harald.com.br\/site-2026\/wp-content\/uploads\/2023\/01\/unnamed-9-1.jpg",600,205,false]},"uagb_author_info":{"display_name":"Bruna Teodoro","author_link":"https:\/\/homolog.harald.com.br\/site-2026\/blog\/author\/bruna-teodoro\/"},"uagb_comment_info":0,"uagb_excerpt":"Harald firma parceria com Funda\u00e7\u00e3o Bunge para forma\u00e7\u00e3o de jovens O projeto De Gr\u00e3o em P\u00e3o vai oferecer cursos gratuitos de qualifica\u00e7\u00e3o profissional para jovens da periferia de S\u00e3o Paulo na \u00e1rea de panifica\u00e7\u00e3o, culin\u00e1ria e confeitaria &nbsp; S\u00e3o Paulo, outubro de 2022 &#8211; A Harald, empresa l\u00edder em coberturas e chocolates no Brasil, firmou&hellip;","_links":{"self":[{"href":"https:\/\/homolog.harald.com.br\/site-2026\/wp-json\/wp\/v2\/posts\/56006","targetHints":{"allow":["GET"]}}],"collection":[{"href":"https:\/\/homolog.harald.com.br\/site-2026\/wp-json\/wp\/v2\/posts"}],"about":[{"href":"https:\/\/homolog.harald.com.br\/site-2026\/wp-json\/wp\/v2\/types\/post"}],"author":[{"embeddable":true,"href":"https:\/\/homolog.harald.com.br\/site-2026\/wp-json\/wp\/v2\/users\/11"}],"replies":[{"embeddable":true,"href":"https:\/\/homolog.harald.com.br\/site-2026\/wp-json\/wp\/v2\/comments?post=56006"}],"version-history":[{"count":1,"href":"https:\/\/homolog.harald.com.br\/site-2026\/wp-json\/wp\/v2\/posts\/56006\/revisions"}],"predecessor-version":[{"id":56012,"href":"https:\/\/homolog.harald.com.br\/site-2026\/wp-json\/wp\/v2\/posts\/56006\/revisions\/56012"}],"wp:featuredmedia":[{"embeddable":true,"href":"https:\/\/homolog.harald.com.br\/site-2026\/wp-json\/wp\/v2\/media\/56008"}],"wp:attachment":[{"href":"https:\/\/homolog.harald.com.br\/site-2026\/wp-json\/wp\/v2\/media?parent=56006"}],"wp:term":[{"taxonomy":"category","embeddable":true,"href":"https:\/\/homolog.harald.com.br\/site-2026\/wp-json\/wp\/v2\/categories?post=56006"},{"taxonomy":"post_tag","embeddable":true,"href":"https:\/\/homolog.harald.com.br\/site-2026\/wp-json\/wp\/v2\/tags?post=56006"},{"taxonomy":"para-seu-negocio","embeddable":true,"href":"https:\/\/homolog.harald.com.br\/site-2026\/wp-json\/wp\/v2\/para-seu-negocio?post=56006"}],"curies":[{"name":"wp","href":"https:\/\/api.w.org\/{rel}","templated":true}]}}