{"id":56000,"date":"2022-11-16T15:29:18","date_gmt":"2022-11-16T18:29:18","guid":{"rendered":"https:\/\/homolog.harald.com.br\/site-2026\/?p=56000"},"modified":"2023-01-03T15:30:13","modified_gmt":"2023-01-03T18:30:13","slug":"colaboradores-da-harald-realizam-projeto-focado-no-cuidado-da-saude-das-criancas","status":"publish","type":"post","link":"https:\/\/homolog.harald.com.br\/site-2026\/blog\/colaboradores-da-harald-realizam-projeto-focado-no-cuidado-da-saude-das-criancas\/","title":{"rendered":"Colaboradores da Harald realizam projeto focado no cuidado da sa\u00fade das crian\u00e7as"},"content":{"rendered":"<h1 style=\"text-align: center;\"><b>Colaboradores da Harald realizam projeto focado no cuidado da sa\u00fade das crian\u00e7as<\/b><\/h1>\n<p style=\"text-align: center;\"><img loading=\"lazy\" decoding=\"async\" class=\"alignnone size-medium wp-image-56002\" src=\"https:\/\/homolog.harald.com.br\/site-2026\/wp-content\/uploads\/2023\/01\/image1-300x225.jpg\" alt=\"\" width=\"300\" height=\"225\" srcset=\"https:\/\/homolog.harald.com.br\/site-2026\/wp-content\/uploads\/2023\/01\/image1-300x225.jpg 300w, https:\/\/homolog.harald.com.br\/site-2026\/wp-content\/uploads\/2023\/01\/image1-768x576.jpg 768w, https:\/\/homolog.harald.com.br\/site-2026\/wp-content\/uploads\/2023\/01\/image1.jpg 1024w\" sizes=\"auto, (max-width: 300px) 100vw, 300px\" \/><\/p>\n<p><b>S\u00e3o Paulo, novembro de 2022<\/b><span style=\"font-weight: 400;\"> &#8211; Como parte da celebra\u00e7\u00e3o dos 40 anos de hist\u00f3ria no segmento profissional e pelo prop\u00f3sito de realizar um trabalho com iniciativas dedicadas \u00e0s pessoas, sustentabilidade e ao cuidado com as comunidades, os colaboradores da <\/span><b>Harald<\/b><span style=\"font-weight: 400;\">, empresa l\u00edder em coberturas e refer\u00eancia em chocolates para o mercado especializado no Brasil, realizaram o \u201cM\u00e3ozinhas limpas, crian\u00e7as mais saud\u00e1veis\u201d, na comunidade Algod\u00e3o Doce, em Santana do Parna\u00edba.\u00a0<\/span><\/p>\n<p>&nbsp;<\/p>\n<p><span style=\"font-weight: 400;\">A a\u00e7\u00e3o foi realizada pela equipe da Gest\u00e3o de Pessoas e Qualidade da <\/span><b>Harald<\/b><span style=\"font-weight: 400;\">, com objetivo de ensinar \u00e0s crian\u00e7as, de forma l\u00fadica, a forma correta de lavar as m\u00e3os em comemora\u00e7\u00e3o ao dia internacional de Lavagem de M\u00e3o. No formato de pe\u00e7a de teatro e um cronograma de 12 apresenta\u00e7\u00f5es, o projeto atendeu 300 crian\u00e7as da educa\u00e7\u00e3o infantil, da creche Bal\u00e3o M\u00e1gico.\u00a0<\/span><\/p>\n<p>&nbsp;<\/p>\n<p><span style=\"font-weight: 400;\">Para Alessandra Saadi, Gerente de Qualidade da <\/span><b>Harald<\/b><span style=\"font-weight: 400;\">, \u201co desenvolvimento da a\u00e7\u00e3o representa os cuidados da empresa\u00a0 com pessoas e faz parte da expans\u00e3o do Programa Social da Harald.\u201d.<\/span><\/p>\n<p>&nbsp;<\/p>\n<p><b>Conhe\u00e7a a <\/b><a href=\"https:\/\/homolog.harald.com.br\/site-2026\/\"><b>Harald<\/b><\/a><b>:<\/b><\/p>\n<p><span style=\"font-weight: 400;\">L\u00edder no mercado de coberturas, a Harald \u00e9 uma das principais marcas de chocolates para transforma\u00e7\u00e3o e refer\u00eancia para o mercado especializado, food service e cash &amp; carry. No seu portf\u00f3lio, a Harald conta com as marcas Unique, Melken, TOP, Confeiteiro e Inovare. Fundada em 1982, a empresa faz parte desde 2015 do grupo Fuji Oil, gigante japonesa de atua\u00e7\u00e3o global.<\/span><\/p>\n","protected":false},"excerpt":{"rendered":"<p>Colaboradores da Harald realizam projeto focado no cuidado da sa\u00fade das crian\u00e7as S\u00e3o Paulo, novembro de 2022 &#8211; Como parte da celebra\u00e7\u00e3o dos 40 anos de hist\u00f3ria no segmento profissional e pelo prop\u00f3sito de realizar um trabalho com iniciativas dedicadas \u00e0s pessoas, sustentabilidade e ao cuidado com as comunidades, os colaboradores da Harald, empresa l\u00edder <a class=\"more-link\" href=\"https:\/\/homolog.harald.com.br\/site-2026\/blog\/colaboradores-da-harald-realizam-projeto-focado-no-cuidado-da-saude-das-criancas\/\">Read more&#8230;<\/a><\/p>\n","protected":false},"author":11,"featured_media":56002,"comment_status":"closed","ping_status":"closed","sticky":false,"template":"","format":"standard","meta":{"_acf_changed":false,"_uag_custom_page_level_css":"","footnotes":""},"categories":[1],"tags":[],"para-seu-negocio":[],"class_list":["post-56000","post","type-post","status-publish","format-standard","has-post-thumbnail","hentry","category-nao-categorizado"],"acf":[],"yoast_head":"<!-- This site is optimized with the Yoast SEO plugin v26.3 - https:\/\/yoast.com\/wordpress\/plugins\/seo\/ -->\n<title>Colaboradores da Harald realizam projeto focado no cuidado da sa\u00fade das crian\u00e7as - Harald<\/title>\n<meta name=\"robots\" content=\"noindex, follow, max-snippet:-1, max-image-preview:large, max-video-preview:-1\" \/>\n<meta property=\"og:locale\" content=\"pt_BR\" \/>\n<meta property=\"og:type\" content=\"article\" \/>\n<meta property=\"og:title\" content=\"Colaboradores da Harald realizam projeto focado no cuidado da sa\u00fade das crian\u00e7as - Harald\" \/>\n<meta property=\"og:description\" content=\"Colaboradores da Harald realizam projeto focado no cuidado da sa\u00fade das crian\u00e7as S\u00e3o Paulo, novembro de 2022 &#8211; Como parte da celebra\u00e7\u00e3o dos 40 anos de hist\u00f3ria no segmento profissional e pelo prop\u00f3sito de realizar um trabalho com iniciativas dedicadas \u00e0s pessoas, sustentabilidade e ao cuidado com as comunidades, os colaboradores da Harald, empresa l\u00edder Read more...\" \/>\n<meta property=\"og:url\" content=\"https:\/\/homolog.harald.com.br\/site-2026\/blog\/colaboradores-da-harald-realizam-projeto-focado-no-cuidado-da-saude-das-criancas\/\" \/>\n<meta property=\"og:site_name\" content=\"Harald\" \/>\n<meta property=\"article:publisher\" content=\"https:\/\/www.facebook.com\/HaraldChocolates\/\" \/>\n<meta property=\"article:published_time\" content=\"2022-11-16T18:29:18+00:00\" \/>\n<meta property=\"article:modified_time\" content=\"2023-01-03T18:30:13+00:00\" \/>\n<meta property=\"og:image\" content=\"https:\/\/homolog.harald.com.br\/site-2026\/wp-content\/uploads\/2023\/01\/image1.jpg\" \/>\n\t<meta property=\"og:image:width\" content=\"1024\" \/>\n\t<meta property=\"og:image:height\" content=\"768\" \/>\n\t<meta property=\"og:image:type\" content=\"image\/jpeg\" \/>\n<meta name=\"author\" content=\"Bruna Teodoro\" \/>\n<meta name=\"twitter:card\" content=\"summary_large_image\" \/>\n<meta name=\"twitter:label1\" content=\"Escrito por\" \/>\n\t<meta name=\"twitter:data1\" content=\"Bruna Teodoro\" \/>\n\t<meta name=\"twitter:label2\" content=\"Est. tempo de leitura\" \/>\n\t<meta name=\"twitter:data2\" content=\"2 minutos\" \/>\n<script type=\"application\/ld+json\" class=\"yoast-schema-graph\">{\"@context\":\"https:\/\/schema.org\",\"@graph\":[{\"@type\":\"Article\",\"@id\":\"https:\/\/homolog.harald.com.br\/site-2026\/blog\/colaboradores-da-harald-realizam-projeto-focado-no-cuidado-da-saude-das-criancas\/#article\",\"isPartOf\":{\"@id\":\"https:\/\/homolog.harald.com.br\/site-2026\/blog\/colaboradores-da-harald-realizam-projeto-focado-no-cuidado-da-saude-das-criancas\/\"},\"author\":{\"name\":\"Bruna Teodoro\",\"@id\":\"https:\/\/homolog.harald.com.br\/site-2026\/#\/schema\/person\/37dcc072f872b17c519dd3097a7925e5\"},\"headline\":\"Colaboradores da Harald realizam projeto focado no cuidado da sa\u00fade das crian\u00e7as\",\"datePublished\":\"2022-11-16T18:29:18+00:00\",\"dateModified\":\"2023-01-03T18:30:13+00:00\",\"mainEntityOfPage\":{\"@id\":\"https:\/\/homolog.harald.com.br\/site-2026\/blog\/colaboradores-da-harald-realizam-projeto-focado-no-cuidado-da-saude-das-criancas\/\"},\"wordCount\":282,\"publisher\":{\"@id\":\"https:\/\/homolog.harald.com.br\/site-2026\/#organization\"},\"image\":{\"@id\":\"https:\/\/homolog.harald.com.br\/site-2026\/blog\/colaboradores-da-harald-realizam-projeto-focado-no-cuidado-da-saude-das-criancas\/#primaryimage\"},\"thumbnailUrl\":\"https:\/\/homolog.harald.com.br\/site-2026\/wp-content\/uploads\/2023\/01\/image1.jpg\",\"articleSection\":[\"N\u00e3o categorizado\"],\"inLanguage\":\"pt-BR\"},{\"@type\":\"WebPage\",\"@id\":\"https:\/\/homolog.harald.com.br\/site-2026\/blog\/colaboradores-da-harald-realizam-projeto-focado-no-cuidado-da-saude-das-criancas\/\",\"url\":\"https:\/\/homolog.harald.com.br\/site-2026\/blog\/colaboradores-da-harald-realizam-projeto-focado-no-cuidado-da-saude-das-criancas\/\",\"name\":\"Colaboradores da Harald realizam projeto focado no cuidado da sa\u00fade das crian\u00e7as - Harald\",\"isPartOf\":{\"@id\":\"https:\/\/homolog.harald.com.br\/site-2026\/#website\"},\"primaryImageOfPage\":{\"@id\":\"https:\/\/homolog.harald.com.br\/site-2026\/blog\/colaboradores-da-harald-realizam-projeto-focado-no-cuidado-da-saude-das-criancas\/#primaryimage\"},\"image\":{\"@id\":\"https:\/\/homolog.harald.com.br\/site-2026\/blog\/colaboradores-da-harald-realizam-projeto-focado-no-cuidado-da-saude-das-criancas\/#primaryimage\"},\"thumbnailUrl\":\"https:\/\/homolog.harald.com.br\/site-2026\/wp-content\/uploads\/2023\/01\/image1.jpg\",\"datePublished\":\"2022-11-16T18:29:18+00:00\",\"dateModified\":\"2023-01-03T18:30:13+00:00\",\"breadcrumb\":{\"@id\":\"https:\/\/homolog.harald.com.br\/site-2026\/blog\/colaboradores-da-harald-realizam-projeto-focado-no-cuidado-da-saude-das-criancas\/#breadcrumb\"},\"inLanguage\":\"pt-BR\",\"potentialAction\":[{\"@type\":\"ReadAction\",\"target\":[\"https:\/\/homolog.harald.com.br\/site-2026\/blog\/colaboradores-da-harald-realizam-projeto-focado-no-cuidado-da-saude-das-criancas\/\"]}]},{\"@type\":\"ImageObject\",\"inLanguage\":\"pt-BR\",\"@id\":\"https:\/\/homolog.harald.com.br\/site-2026\/blog\/colaboradores-da-harald-realizam-projeto-focado-no-cuidado-da-saude-das-criancas\/#primaryimage\",\"url\":\"https:\/\/homolog.harald.com.br\/site-2026\/wp-content\/uploads\/2023\/01\/image1.jpg\",\"contentUrl\":\"https:\/\/homolog.harald.com.br\/site-2026\/wp-content\/uploads\/2023\/01\/image1.jpg\",\"width\":1024,\"height\":768},{\"@type\":\"BreadcrumbList\",\"@id\":\"https:\/\/homolog.harald.com.br\/site-2026\/blog\/colaboradores-da-harald-realizam-projeto-focado-no-cuidado-da-saude-das-criancas\/#breadcrumb\",\"itemListElement\":[{\"@type\":\"ListItem\",\"position\":1,\"name\":\"In\u00edcio\",\"item\":\"https:\/\/homolog.harald.com.br\/site-2026\/\"},{\"@type\":\"ListItem\",\"position\":2,\"name\":\"Colaboradores da Harald realizam projeto focado no cuidado da sa\u00fade das crian\u00e7as\"}]},{\"@type\":\"WebSite\",\"@id\":\"https:\/\/homolog.harald.com.br\/site-2026\/#website\",\"url\":\"https:\/\/homolog.harald.com.br\/site-2026\/\",\"name\":\"Harald\",\"description\":\"Fazer melhor \u00e9 fazer com paix\u00e3o\",\"publisher\":{\"@id\":\"https:\/\/homolog.harald.com.br\/site-2026\/#organization\"},\"potentialAction\":[{\"@type\":\"SearchAction\",\"target\":{\"@type\":\"EntryPoint\",\"urlTemplate\":\"https:\/\/homolog.harald.com.br\/site-2026\/?s={search_term_string}\"},\"query-input\":{\"@type\":\"PropertyValueSpecification\",\"valueRequired\":true,\"valueName\":\"search_term_string\"}}],\"inLanguage\":\"pt-BR\"},{\"@type\":\"Organization\",\"@id\":\"https:\/\/homolog.harald.com.br\/site-2026\/#organization\",\"name\":\"Harald\",\"url\":\"https:\/\/homolog.harald.com.br\/site-2026\/\",\"logo\":{\"@type\":\"ImageObject\",\"inLanguage\":\"pt-BR\",\"@id\":\"https:\/\/homolog.harald.com.br\/site-2026\/#\/schema\/logo\/image\/\",\"url\":\"https:\/\/homolog.harald.com.br\/site-2026\/wp-content\/uploads\/2022\/09\/logo-harald-cmyk-ss.png\",\"contentUrl\":\"https:\/\/homolog.harald.com.br\/site-2026\/wp-content\/uploads\/2022\/09\/logo-harald-cmyk-ss.png\",\"width\":1948,\"height\":1051,\"caption\":\"Harald\"},\"image\":{\"@id\":\"https:\/\/homolog.harald.com.br\/site-2026\/#\/schema\/logo\/image\/\"},\"sameAs\":[\"https:\/\/www.facebook.com\/HaraldChocolates\/\",\"https:\/\/www.youtube.com\/user\/HaraldChocolates\"]},{\"@type\":\"Person\",\"@id\":\"https:\/\/homolog.harald.com.br\/site-2026\/#\/schema\/person\/37dcc072f872b17c519dd3097a7925e5\",\"name\":\"Bruna Teodoro\",\"image\":{\"@type\":\"ImageObject\",\"inLanguage\":\"pt-BR\",\"@id\":\"https:\/\/homolog.harald.com.br\/site-2026\/#\/schema\/person\/image\/\",\"url\":\"https:\/\/secure.gravatar.com\/avatar\/7da0050c7a3bd4d6df113dcfae1a5b72c8690bc5d4bb4fabab7e4d34d582ceea?s=96&d=mm&r=g\",\"contentUrl\":\"https:\/\/secure.gravatar.com\/avatar\/7da0050c7a3bd4d6df113dcfae1a5b72c8690bc5d4bb4fabab7e4d34d582ceea?s=96&d=mm&r=g\",\"caption\":\"Bruna Teodoro\"},\"url\":\"https:\/\/homolog.harald.com.br\/site-2026\/blog\/author\/bruna-teodoro\/\"}]}<\/script>\n<!-- \/ Yoast SEO plugin. -->","yoast_head_json":{"title":"Colaboradores da Harald realizam projeto focado no cuidado da sa\u00fade das crian\u00e7as - Harald","robots":{"index":"noindex","follow":"follow","max-snippet":"max-snippet:-1","max-image-preview":"max-image-preview:large","max-video-preview":"max-video-preview:-1"},"og_locale":"pt_BR","og_type":"article","og_title":"Colaboradores da Harald realizam projeto focado no cuidado da sa\u00fade das crian\u00e7as - Harald","og_description":"Colaboradores da Harald realizam projeto focado no cuidado da sa\u00fade das crian\u00e7as S\u00e3o Paulo, novembro de 2022 &#8211; Como parte da celebra\u00e7\u00e3o dos 40 anos de hist\u00f3ria no segmento profissional e pelo prop\u00f3sito de realizar um trabalho com iniciativas dedicadas \u00e0s pessoas, sustentabilidade e ao cuidado com as comunidades, os colaboradores da Harald, empresa l\u00edder Read more...","og_url":"https:\/\/homolog.harald.com.br\/site-2026\/blog\/colaboradores-da-harald-realizam-projeto-focado-no-cuidado-da-saude-das-criancas\/","og_site_name":"Harald","article_publisher":"https:\/\/www.facebook.com\/HaraldChocolates\/","article_published_time":"2022-11-16T18:29:18+00:00","article_modified_time":"2023-01-03T18:30:13+00:00","og_image":[{"width":1024,"height":768,"url":"https:\/\/homolog.harald.com.br\/site-2026\/wp-content\/uploads\/2023\/01\/image1.jpg","type":"image\/jpeg"}],"author":"Bruna Teodoro","twitter_card":"summary_large_image","twitter_misc":{"Escrito por":"Bruna Teodoro","Est. tempo de leitura":"2 minutos"},"schema":{"@context":"https:\/\/schema.org","@graph":[{"@type":"Article","@id":"https:\/\/homolog.harald.com.br\/site-2026\/blog\/colaboradores-da-harald-realizam-projeto-focado-no-cuidado-da-saude-das-criancas\/#article","isPartOf":{"@id":"https:\/\/homolog.harald.com.br\/site-2026\/blog\/colaboradores-da-harald-realizam-projeto-focado-no-cuidado-da-saude-das-criancas\/"},"author":{"name":"Bruna Teodoro","@id":"https:\/\/homolog.harald.com.br\/site-2026\/#\/schema\/person\/37dcc072f872b17c519dd3097a7925e5"},"headline":"Colaboradores da Harald realizam projeto focado no cuidado da sa\u00fade das crian\u00e7as","datePublished":"2022-11-16T18:29:18+00:00","dateModified":"2023-01-03T18:30:13+00:00","mainEntityOfPage":{"@id":"https:\/\/homolog.harald.com.br\/site-2026\/blog\/colaboradores-da-harald-realizam-projeto-focado-no-cuidado-da-saude-das-criancas\/"},"wordCount":282,"publisher":{"@id":"https:\/\/homolog.harald.com.br\/site-2026\/#organization"},"image":{"@id":"https:\/\/homolog.harald.com.br\/site-2026\/blog\/colaboradores-da-harald-realizam-projeto-focado-no-cuidado-da-saude-das-criancas\/#primaryimage"},"thumbnailUrl":"https:\/\/homolog.harald.com.br\/site-2026\/wp-content\/uploads\/2023\/01\/image1.jpg","articleSection":["N\u00e3o categorizado"],"inLanguage":"pt-BR"},{"@type":"WebPage","@id":"https:\/\/homolog.harald.com.br\/site-2026\/blog\/colaboradores-da-harald-realizam-projeto-focado-no-cuidado-da-saude-das-criancas\/","url":"https:\/\/homolog.harald.com.br\/site-2026\/blog\/colaboradores-da-harald-realizam-projeto-focado-no-cuidado-da-saude-das-criancas\/","name":"Colaboradores da Harald realizam projeto focado no cuidado da sa\u00fade das crian\u00e7as - Harald","isPartOf":{"@id":"https:\/\/homolog.harald.com.br\/site-2026\/#website"},"primaryImageOfPage":{"@id":"https:\/\/homolog.harald.com.br\/site-2026\/blog\/colaboradores-da-harald-realizam-projeto-focado-no-cuidado-da-saude-das-criancas\/#primaryimage"},"image":{"@id":"https:\/\/homolog.harald.com.br\/site-2026\/blog\/colaboradores-da-harald-realizam-projeto-focado-no-cuidado-da-saude-das-criancas\/#primaryimage"},"thumbnailUrl":"https:\/\/homolog.harald.com.br\/site-2026\/wp-content\/uploads\/2023\/01\/image1.jpg","datePublished":"2022-11-16T18:29:18+00:00","dateModified":"2023-01-03T18:30:13+00:00","breadcrumb":{"@id":"https:\/\/homolog.harald.com.br\/site-2026\/blog\/colaboradores-da-harald-realizam-projeto-focado-no-cuidado-da-saude-das-criancas\/#breadcrumb"},"inLanguage":"pt-BR","potentialAction":[{"@type":"ReadAction","target":["https:\/\/homolog.harald.com.br\/site-2026\/blog\/colaboradores-da-harald-realizam-projeto-focado-no-cuidado-da-saude-das-criancas\/"]}]},{"@type":"ImageObject","inLanguage":"pt-BR","@id":"https:\/\/homolog.harald.com.br\/site-2026\/blog\/colaboradores-da-harald-realizam-projeto-focado-no-cuidado-da-saude-das-criancas\/#primaryimage","url":"https:\/\/homolog.harald.com.br\/site-2026\/wp-content\/uploads\/2023\/01\/image1.jpg","contentUrl":"https:\/\/homolog.harald.com.br\/site-2026\/wp-content\/uploads\/2023\/01\/image1.jpg","width":1024,"height":768},{"@type":"BreadcrumbList","@id":"https:\/\/homolog.harald.com.br\/site-2026\/blog\/colaboradores-da-harald-realizam-projeto-focado-no-cuidado-da-saude-das-criancas\/#breadcrumb","itemListElement":[{"@type":"ListItem","position":1,"name":"In\u00edcio","item":"https:\/\/homolog.harald.com.br\/site-2026\/"},{"@type":"ListItem","position":2,"name":"Colaboradores da Harald realizam projeto focado no cuidado da sa\u00fade das crian\u00e7as"}]},{"@type":"WebSite","@id":"https:\/\/homolog.harald.com.br\/site-2026\/#website","url":"https:\/\/homolog.harald.com.br\/site-2026\/","name":"Harald","description":"Fazer melhor \u00e9 fazer com paix\u00e3o","publisher":{"@id":"https:\/\/homolog.harald.com.br\/site-2026\/#organization"},"potentialAction":[{"@type":"SearchAction","target":{"@type":"EntryPoint","urlTemplate":"https:\/\/homolog.harald.com.br\/site-2026\/?s={search_term_string}"},"query-input":{"@type":"PropertyValueSpecification","valueRequired":true,"valueName":"search_term_string"}}],"inLanguage":"pt-BR"},{"@type":"Organization","@id":"https:\/\/homolog.harald.com.br\/site-2026\/#organization","name":"Harald","url":"https:\/\/homolog.harald.com.br\/site-2026\/","logo":{"@type":"ImageObject","inLanguage":"pt-BR","@id":"https:\/\/homolog.harald.com.br\/site-2026\/#\/schema\/logo\/image\/","url":"https:\/\/homolog.harald.com.br\/site-2026\/wp-content\/uploads\/2022\/09\/logo-harald-cmyk-ss.png","contentUrl":"https:\/\/homolog.harald.com.br\/site-2026\/wp-content\/uploads\/2022\/09\/logo-harald-cmyk-ss.png","width":1948,"height":1051,"caption":"Harald"},"image":{"@id":"https:\/\/homolog.harald.com.br\/site-2026\/#\/schema\/logo\/image\/"},"sameAs":["https:\/\/www.facebook.com\/HaraldChocolates\/","https:\/\/www.youtube.com\/user\/HaraldChocolates"]},{"@type":"Person","@id":"https:\/\/homolog.harald.com.br\/site-2026\/#\/schema\/person\/37dcc072f872b17c519dd3097a7925e5","name":"Bruna Teodoro","image":{"@type":"ImageObject","inLanguage":"pt-BR","@id":"https:\/\/homolog.harald.com.br\/site-2026\/#\/schema\/person\/image\/","url":"https:\/\/secure.gravatar.com\/avatar\/7da0050c7a3bd4d6df113dcfae1a5b72c8690bc5d4bb4fabab7e4d34d582ceea?s=96&d=mm&r=g","contentUrl":"https:\/\/secure.gravatar.com\/avatar\/7da0050c7a3bd4d6df113dcfae1a5b72c8690bc5d4bb4fabab7e4d34d582ceea?s=96&d=mm&r=g","caption":"Bruna Teodoro"},"url":"https:\/\/homolog.harald.com.br\/site-2026\/blog\/author\/bruna-teodoro\/"}]}},"uagb_featured_image_src":{"full":["https:\/\/homolog.harald.com.br\/site-2026\/wp-content\/uploads\/2023\/01\/image1.jpg",1024,768,false],"thumbnail":["https:\/\/homolog.harald.com.br\/site-2026\/wp-content\/uploads\/2023\/01\/image1-150x150.jpg",150,150,true],"medium":["https:\/\/homolog.harald.com.br\/site-2026\/wp-content\/uploads\/2023\/01\/image1-300x225.jpg",300,225,true],"medium_large":["https:\/\/homolog.harald.com.br\/site-2026\/wp-content\/uploads\/2023\/01\/image1-768x576.jpg",768,576,true],"large":["https:\/\/homolog.harald.com.br\/site-2026\/wp-content\/uploads\/2023\/01\/image1.jpg",1024,768,false],"1536x1536":["https:\/\/homolog.harald.com.br\/site-2026\/wp-content\/uploads\/2023\/01\/image1.jpg",1024,768,false],"2048x2048":["https:\/\/homolog.harald.com.br\/site-2026\/wp-content\/uploads\/2023\/01\/image1.jpg",1024,768,false],"full-width":["https:\/\/homolog.harald.com.br\/site-2026\/wp-content\/uploads\/2023\/01\/image1.jpg",1024,768,false],"gform-image-choice-sm":["https:\/\/homolog.harald.com.br\/site-2026\/wp-content\/uploads\/2023\/01\/image1.jpg",300,225,false],"gform-image-choice-md":["https:\/\/homolog.harald.com.br\/site-2026\/wp-content\/uploads\/2023\/01\/image1.jpg",400,300,false],"gform-image-choice-lg":["https:\/\/homolog.harald.com.br\/site-2026\/wp-content\/uploads\/2023\/01\/image1.jpg",600,450,false]},"uagb_author_info":{"display_name":"Bruna Teodoro","author_link":"https:\/\/homolog.harald.com.br\/site-2026\/blog\/author\/bruna-teodoro\/"},"uagb_comment_info":0,"uagb_excerpt":"Colaboradores da Harald realizam projeto focado no cuidado da sa\u00fade das crian\u00e7as S\u00e3o Paulo, novembro de 2022 &#8211; Como parte da celebra\u00e7\u00e3o dos 40 anos de hist\u00f3ria no segmento profissional e pelo prop\u00f3sito de realizar um trabalho com iniciativas dedicadas \u00e0s pessoas, sustentabilidade e ao cuidado com as comunidades, os colaboradores da Harald, empresa l\u00edder&hellip;","_links":{"self":[{"href":"https:\/\/homolog.harald.com.br\/site-2026\/wp-json\/wp\/v2\/posts\/56000","targetHints":{"allow":["GET"]}}],"collection":[{"href":"https:\/\/homolog.harald.com.br\/site-2026\/wp-json\/wp\/v2\/posts"}],"about":[{"href":"https:\/\/homolog.harald.com.br\/site-2026\/wp-json\/wp\/v2\/types\/post"}],"author":[{"embeddable":true,"href":"https:\/\/homolog.harald.com.br\/site-2026\/wp-json\/wp\/v2\/users\/11"}],"replies":[{"embeddable":true,"href":"https:\/\/homolog.harald.com.br\/site-2026\/wp-json\/wp\/v2\/comments?post=56000"}],"version-history":[{"count":1,"href":"https:\/\/homolog.harald.com.br\/site-2026\/wp-json\/wp\/v2\/posts\/56000\/revisions"}],"predecessor-version":[{"id":56005,"href":"https:\/\/homolog.harald.com.br\/site-2026\/wp-json\/wp\/v2\/posts\/56000\/revisions\/56005"}],"wp:featuredmedia":[{"embeddable":true,"href":"https:\/\/homolog.harald.com.br\/site-2026\/wp-json\/wp\/v2\/media\/56002"}],"wp:attachment":[{"href":"https:\/\/homolog.harald.com.br\/site-2026\/wp-json\/wp\/v2\/media?parent=56000"}],"wp:term":[{"taxonomy":"category","embeddable":true,"href":"https:\/\/homolog.harald.com.br\/site-2026\/wp-json\/wp\/v2\/categories?post=56000"},{"taxonomy":"post_tag","embeddable":true,"href":"https:\/\/homolog.harald.com.br\/site-2026\/wp-json\/wp\/v2\/tags?post=56000"},{"taxonomy":"para-seu-negocio","embeddable":true,"href":"https:\/\/homolog.harald.com.br\/site-2026\/wp-json\/wp\/v2\/para-seu-negocio?post=56000"}],"curies":[{"name":"wp","href":"https:\/\/api.w.org\/{rel}","templated":true}]}}