{"id":55994,"date":"2022-11-03T15:25:13","date_gmt":"2022-11-03T18:25:13","guid":{"rendered":"https:\/\/homolog.harald.com.br\/site-2026\/?p=55994"},"modified":"2023-01-03T15:25:54","modified_gmt":"2023-01-03T18:25:54","slug":"harald-patrocina-jantar-do-dia-nacional-do-supermercado-promovido-pela-abras","status":"publish","type":"post","link":"https:\/\/homolog.harald.com.br\/site-2026\/blog\/harald-patrocina-jantar-do-dia-nacional-do-supermercado-promovido-pela-abras\/","title":{"rendered":"Harald patrocina jantar do Dia Nacional do Supermercado promovido pela ABRAS"},"content":{"rendered":"<h1 style=\"text-align: center;\"><b>Harald patrocina jantar do Dia Nacional do Supermercado promovido pela ABRAS\u00a0<\/b><\/h1>\n<p style=\"text-align: center;\"><i><span style=\"font-weight: 400;\">O investimento refor\u00e7a a entrada da marca no mercado B2C<\/span><\/i><\/p>\n<p><b>S\u00e3o Paulo, novembro de 2022<\/b><span style=\"font-weight: 400;\"> &#8211; Com 40 anos de hist\u00f3ria no segmento profissional e acompanhando constantemente as tend\u00eancias, a <\/span><b>Harald<\/b><span style=\"font-weight: 400;\">, empresa l\u00edder em coberturas e refer\u00eancia em chocolates para o mercado especializado no Brasil, patrocina jantar que ser\u00e1 promovido pela Associa\u00e7\u00e3o Brasileira de Supermercados (ABRAS) em celebra\u00e7\u00e3o ao Dia Nacional do Supermercado.\u00a0<\/span><\/p>\n<p>&nbsp;<\/p>\n<p><span style=\"font-weight: 400;\">O evento re\u00fane os principais l\u00edderes do mercado, varejistas de todo o Brasil, executivos da ind\u00fastria, autoridades governamentais e os principais l\u00edderes do mercado, para celebrar e reconhecer a atividade supermercadista no pa\u00eds. Durante o jantar, que acontece em 12\/11, no Hotel Grand Hyatt, em S\u00e3o Paulo, al\u00e9m de marcar presen\u00e7a em todas as comunica\u00e7\u00f5es do evento, a <\/span><b>Harald<\/b><span style=\"font-weight: 400;\"> refor\u00e7ar\u00e1 o lan\u00e7amento de sua nova linha de produtos voltados para o consumidor final em ativa\u00e7\u00f5es no local.\u00a0<\/span><\/p>\n<p>&nbsp;<\/p>\n<p><span style=\"font-weight: 400;\">Sempre atenta \u00e0s oportunidades, a parceria e o patroc\u00ednio refor\u00e7am os investimentos da marca para expans\u00e3o e apresenta\u00e7\u00e3o dos 15 produtos destinados ao consumidor final. A <\/span><b>Harald <\/b><span style=\"font-weight: 400;\">segue buscando maneiras de refor\u00e7ar a trajet\u00f3ria marcada pelo desenvolvimento de produtos de alta qualidade e pelo compromisso de um trabalho com iniciativas dedicadas \u00e0s pessoas.<\/span><\/p>\n<p>&nbsp;<\/p>\n<p><span style=\"font-weight: 400;\">Para o diretor comercial e de marketing da <\/span><b>Harald<\/b><span style=\"font-weight: 400;\">, Leonardo Santis, \u201co patroc\u00ednio visa refor\u00e7ar a chegada da marca nos mercados voltados ao consumidor final e estreitar o relacionamento com os maiores supermercadistas e varejistas do Brasil. Queremos apresentar produtos que possuem performance certificada por profissionais da confeitaria, e mostrar que o consumidor ter\u00e1 acesso a um chocolate de alt\u00edssima qualidade, que far\u00e1 a diferen\u00e7a no preparo e na qualidade das receitas\u201d, afirma o executivo.\u00a0<\/span><\/p>\n<p>&nbsp;<\/p>\n<p><b>Conhe\u00e7a a <\/b><a href=\"https:\/\/homolog.harald.com.br\/site-2026\/\"><b>Harald<\/b><\/a><b>:<\/b><\/p>\n<p><span style=\"font-weight: 400;\">L\u00edder no mercado de coberturas, a Harald \u00e9 uma das principais marcas de chocolates para transforma\u00e7\u00e3o e refer\u00eancia para o mercado especializado, food service e cash &amp; carry. No seu portf\u00f3lio, a Harald conta com as marcas Unique, Melken, TOP, Confeiteiro e Inovare. Fundada em 1982, a empresa faz parte desde 2015 do grupo Fuji Oil, gigante japonesa de atua\u00e7\u00e3o global.<\/span><\/p>\n<p>&nbsp;<\/p>\n","protected":false},"excerpt":{"rendered":"<p>Harald patrocina jantar do Dia Nacional do Supermercado promovido pela ABRAS\u00a0 O investimento refor\u00e7a a entrada da marca no mercado B2C S\u00e3o Paulo, novembro de 2022 &#8211; Com 40 anos de hist\u00f3ria no segmento profissional e acompanhando constantemente as tend\u00eancias, a Harald, empresa l\u00edder em coberturas e refer\u00eancia em chocolates para o mercado especializado no <a class=\"more-link\" href=\"https:\/\/homolog.harald.com.br\/site-2026\/blog\/harald-patrocina-jantar-do-dia-nacional-do-supermercado-promovido-pela-abras\/\">Read more&#8230;<\/a><\/p>\n","protected":false},"author":11,"featured_media":55996,"comment_status":"closed","ping_status":"closed","sticky":false,"template":"","format":"standard","meta":{"_acf_changed":false,"_uag_custom_page_level_css":"","footnotes":""},"categories":[158],"tags":[],"para-seu-negocio":[],"class_list":["post-55994","post","type-post","status-publish","format-standard","has-post-thumbnail","hentry","category-noticias"],"acf":[],"yoast_head":"<!-- This site is optimized with the Yoast SEO plugin v26.3 - https:\/\/yoast.com\/wordpress\/plugins\/seo\/ -->\n<title>Harald patrocina jantar do Dia Nacional do Supermercado promovido pela ABRAS - Harald<\/title>\n<meta name=\"robots\" content=\"noindex, follow, max-snippet:-1, max-image-preview:large, max-video-preview:-1\" \/>\n<meta property=\"og:locale\" content=\"pt_BR\" \/>\n<meta property=\"og:type\" content=\"article\" \/>\n<meta property=\"og:title\" content=\"Harald patrocina jantar do Dia Nacional do Supermercado promovido pela ABRAS - Harald\" \/>\n<meta property=\"og:description\" content=\"Harald patrocina jantar do Dia Nacional do Supermercado promovido pela ABRAS\u00a0 O investimento refor\u00e7a a entrada da marca no mercado B2C S\u00e3o Paulo, novembro de 2022 &#8211; Com 40 anos de hist\u00f3ria no segmento profissional e acompanhando constantemente as tend\u00eancias, a Harald, empresa l\u00edder em coberturas e refer\u00eancia em chocolates para o mercado especializado no Read more...\" \/>\n<meta property=\"og:url\" content=\"https:\/\/homolog.harald.com.br\/site-2026\/blog\/harald-patrocina-jantar-do-dia-nacional-do-supermercado-promovido-pela-abras\/\" \/>\n<meta property=\"og:site_name\" content=\"Harald\" \/>\n<meta property=\"article:publisher\" content=\"https:\/\/www.facebook.com\/HaraldChocolates\/\" \/>\n<meta property=\"article:published_time\" content=\"2022-11-03T18:25:13+00:00\" \/>\n<meta property=\"article:modified_time\" content=\"2023-01-03T18:25:54+00:00\" \/>\n<meta property=\"og:image\" content=\"https:\/\/homolog.harald.com.br\/site-2026\/wp-content\/uploads\/2023\/01\/10440.jpg\" \/>\n\t<meta property=\"og:image:width\" content=\"1280\" \/>\n\t<meta property=\"og:image:height\" content=\"720\" \/>\n\t<meta property=\"og:image:type\" content=\"image\/jpeg\" \/>\n<meta name=\"author\" content=\"Bruna Teodoro\" \/>\n<meta name=\"twitter:card\" content=\"summary_large_image\" \/>\n<meta name=\"twitter:label1\" content=\"Escrito por\" \/>\n\t<meta name=\"twitter:data1\" content=\"Bruna Teodoro\" \/>\n\t<meta name=\"twitter:label2\" content=\"Est. tempo de leitura\" \/>\n\t<meta name=\"twitter:data2\" content=\"2 minutos\" \/>\n<script type=\"application\/ld+json\" class=\"yoast-schema-graph\">{\"@context\":\"https:\/\/schema.org\",\"@graph\":[{\"@type\":\"Article\",\"@id\":\"https:\/\/homolog.harald.com.br\/site-2026\/blog\/harald-patrocina-jantar-do-dia-nacional-do-supermercado-promovido-pela-abras\/#article\",\"isPartOf\":{\"@id\":\"https:\/\/homolog.harald.com.br\/site-2026\/blog\/harald-patrocina-jantar-do-dia-nacional-do-supermercado-promovido-pela-abras\/\"},\"author\":{\"name\":\"Bruna Teodoro\",\"@id\":\"https:\/\/homolog.harald.com.br\/site-2026\/#\/schema\/person\/37dcc072f872b17c519dd3097a7925e5\"},\"headline\":\"Harald patrocina jantar do Dia Nacional do Supermercado promovido pela ABRAS\",\"datePublished\":\"2022-11-03T18:25:13+00:00\",\"dateModified\":\"2023-01-03T18:25:54+00:00\",\"mainEntityOfPage\":{\"@id\":\"https:\/\/homolog.harald.com.br\/site-2026\/blog\/harald-patrocina-jantar-do-dia-nacional-do-supermercado-promovido-pela-abras\/\"},\"wordCount\":389,\"publisher\":{\"@id\":\"https:\/\/homolog.harald.com.br\/site-2026\/#organization\"},\"image\":{\"@id\":\"https:\/\/homolog.harald.com.br\/site-2026\/blog\/harald-patrocina-jantar-do-dia-nacional-do-supermercado-promovido-pela-abras\/#primaryimage\"},\"thumbnailUrl\":\"https:\/\/homolog.harald.com.br\/site-2026\/wp-content\/uploads\/2023\/01\/10440.jpg\",\"articleSection\":[\"Not\u00edcias\"],\"inLanguage\":\"pt-BR\"},{\"@type\":\"WebPage\",\"@id\":\"https:\/\/homolog.harald.com.br\/site-2026\/blog\/harald-patrocina-jantar-do-dia-nacional-do-supermercado-promovido-pela-abras\/\",\"url\":\"https:\/\/homolog.harald.com.br\/site-2026\/blog\/harald-patrocina-jantar-do-dia-nacional-do-supermercado-promovido-pela-abras\/\",\"name\":\"Harald patrocina jantar do Dia Nacional do Supermercado promovido pela ABRAS - Harald\",\"isPartOf\":{\"@id\":\"https:\/\/homolog.harald.com.br\/site-2026\/#website\"},\"primaryImageOfPage\":{\"@id\":\"https:\/\/homolog.harald.com.br\/site-2026\/blog\/harald-patrocina-jantar-do-dia-nacional-do-supermercado-promovido-pela-abras\/#primaryimage\"},\"image\":{\"@id\":\"https:\/\/homolog.harald.com.br\/site-2026\/blog\/harald-patrocina-jantar-do-dia-nacional-do-supermercado-promovido-pela-abras\/#primaryimage\"},\"thumbnailUrl\":\"https:\/\/homolog.harald.com.br\/site-2026\/wp-content\/uploads\/2023\/01\/10440.jpg\",\"datePublished\":\"2022-11-03T18:25:13+00:00\",\"dateModified\":\"2023-01-03T18:25:54+00:00\",\"breadcrumb\":{\"@id\":\"https:\/\/homolog.harald.com.br\/site-2026\/blog\/harald-patrocina-jantar-do-dia-nacional-do-supermercado-promovido-pela-abras\/#breadcrumb\"},\"inLanguage\":\"pt-BR\",\"potentialAction\":[{\"@type\":\"ReadAction\",\"target\":[\"https:\/\/homolog.harald.com.br\/site-2026\/blog\/harald-patrocina-jantar-do-dia-nacional-do-supermercado-promovido-pela-abras\/\"]}]},{\"@type\":\"ImageObject\",\"inLanguage\":\"pt-BR\",\"@id\":\"https:\/\/homolog.harald.com.br\/site-2026\/blog\/harald-patrocina-jantar-do-dia-nacional-do-supermercado-promovido-pela-abras\/#primaryimage\",\"url\":\"https:\/\/homolog.harald.com.br\/site-2026\/wp-content\/uploads\/2023\/01\/10440.jpg\",\"contentUrl\":\"https:\/\/homolog.harald.com.br\/site-2026\/wp-content\/uploads\/2023\/01\/10440.jpg\",\"width\":1280,\"height\":720},{\"@type\":\"BreadcrumbList\",\"@id\":\"https:\/\/homolog.harald.com.br\/site-2026\/blog\/harald-patrocina-jantar-do-dia-nacional-do-supermercado-promovido-pela-abras\/#breadcrumb\",\"itemListElement\":[{\"@type\":\"ListItem\",\"position\":1,\"name\":\"In\u00edcio\",\"item\":\"https:\/\/homolog.harald.com.br\/site-2026\/\"},{\"@type\":\"ListItem\",\"position\":2,\"name\":\"Harald patrocina jantar do Dia Nacional do Supermercado promovido pela ABRAS\"}]},{\"@type\":\"WebSite\",\"@id\":\"https:\/\/homolog.harald.com.br\/site-2026\/#website\",\"url\":\"https:\/\/homolog.harald.com.br\/site-2026\/\",\"name\":\"Harald\",\"description\":\"Fazer melhor \u00e9 fazer com paix\u00e3o\",\"publisher\":{\"@id\":\"https:\/\/homolog.harald.com.br\/site-2026\/#organization\"},\"potentialAction\":[{\"@type\":\"SearchAction\",\"target\":{\"@type\":\"EntryPoint\",\"urlTemplate\":\"https:\/\/homolog.harald.com.br\/site-2026\/?s={search_term_string}\"},\"query-input\":{\"@type\":\"PropertyValueSpecification\",\"valueRequired\":true,\"valueName\":\"search_term_string\"}}],\"inLanguage\":\"pt-BR\"},{\"@type\":\"Organization\",\"@id\":\"https:\/\/homolog.harald.com.br\/site-2026\/#organization\",\"name\":\"Harald\",\"url\":\"https:\/\/homolog.harald.com.br\/site-2026\/\",\"logo\":{\"@type\":\"ImageObject\",\"inLanguage\":\"pt-BR\",\"@id\":\"https:\/\/homolog.harald.com.br\/site-2026\/#\/schema\/logo\/image\/\",\"url\":\"https:\/\/homolog.harald.com.br\/site-2026\/wp-content\/uploads\/2022\/09\/logo-harald-cmyk-ss.png\",\"contentUrl\":\"https:\/\/homolog.harald.com.br\/site-2026\/wp-content\/uploads\/2022\/09\/logo-harald-cmyk-ss.png\",\"width\":1948,\"height\":1051,\"caption\":\"Harald\"},\"image\":{\"@id\":\"https:\/\/homolog.harald.com.br\/site-2026\/#\/schema\/logo\/image\/\"},\"sameAs\":[\"https:\/\/www.facebook.com\/HaraldChocolates\/\",\"https:\/\/www.youtube.com\/user\/HaraldChocolates\"]},{\"@type\":\"Person\",\"@id\":\"https:\/\/homolog.harald.com.br\/site-2026\/#\/schema\/person\/37dcc072f872b17c519dd3097a7925e5\",\"name\":\"Bruna Teodoro\",\"image\":{\"@type\":\"ImageObject\",\"inLanguage\":\"pt-BR\",\"@id\":\"https:\/\/homolog.harald.com.br\/site-2026\/#\/schema\/person\/image\/\",\"url\":\"https:\/\/secure.gravatar.com\/avatar\/7da0050c7a3bd4d6df113dcfae1a5b72c8690bc5d4bb4fabab7e4d34d582ceea?s=96&d=mm&r=g\",\"contentUrl\":\"https:\/\/secure.gravatar.com\/avatar\/7da0050c7a3bd4d6df113dcfae1a5b72c8690bc5d4bb4fabab7e4d34d582ceea?s=96&d=mm&r=g\",\"caption\":\"Bruna Teodoro\"},\"url\":\"https:\/\/homolog.harald.com.br\/site-2026\/blog\/author\/bruna-teodoro\/\"}]}<\/script>\n<!-- \/ Yoast SEO plugin. -->","yoast_head_json":{"title":"Harald patrocina jantar do Dia Nacional do Supermercado promovido pela ABRAS - Harald","robots":{"index":"noindex","follow":"follow","max-snippet":"max-snippet:-1","max-image-preview":"max-image-preview:large","max-video-preview":"max-video-preview:-1"},"og_locale":"pt_BR","og_type":"article","og_title":"Harald patrocina jantar do Dia Nacional do Supermercado promovido pela ABRAS - Harald","og_description":"Harald patrocina jantar do Dia Nacional do Supermercado promovido pela ABRAS\u00a0 O investimento refor\u00e7a a entrada da marca no mercado B2C S\u00e3o Paulo, novembro de 2022 &#8211; Com 40 anos de hist\u00f3ria no segmento profissional e acompanhando constantemente as tend\u00eancias, a Harald, empresa l\u00edder em coberturas e refer\u00eancia em chocolates para o mercado especializado no Read more...","og_url":"https:\/\/homolog.harald.com.br\/site-2026\/blog\/harald-patrocina-jantar-do-dia-nacional-do-supermercado-promovido-pela-abras\/","og_site_name":"Harald","article_publisher":"https:\/\/www.facebook.com\/HaraldChocolates\/","article_published_time":"2022-11-03T18:25:13+00:00","article_modified_time":"2023-01-03T18:25:54+00:00","og_image":[{"width":1280,"height":720,"url":"https:\/\/homolog.harald.com.br\/site-2026\/wp-content\/uploads\/2023\/01\/10440.jpg","type":"image\/jpeg"}],"author":"Bruna Teodoro","twitter_card":"summary_large_image","twitter_misc":{"Escrito por":"Bruna Teodoro","Est. tempo de leitura":"2 minutos"},"schema":{"@context":"https:\/\/schema.org","@graph":[{"@type":"Article","@id":"https:\/\/homolog.harald.com.br\/site-2026\/blog\/harald-patrocina-jantar-do-dia-nacional-do-supermercado-promovido-pela-abras\/#article","isPartOf":{"@id":"https:\/\/homolog.harald.com.br\/site-2026\/blog\/harald-patrocina-jantar-do-dia-nacional-do-supermercado-promovido-pela-abras\/"},"author":{"name":"Bruna Teodoro","@id":"https:\/\/homolog.harald.com.br\/site-2026\/#\/schema\/person\/37dcc072f872b17c519dd3097a7925e5"},"headline":"Harald patrocina jantar do Dia Nacional do Supermercado promovido pela ABRAS","datePublished":"2022-11-03T18:25:13+00:00","dateModified":"2023-01-03T18:25:54+00:00","mainEntityOfPage":{"@id":"https:\/\/homolog.harald.com.br\/site-2026\/blog\/harald-patrocina-jantar-do-dia-nacional-do-supermercado-promovido-pela-abras\/"},"wordCount":389,"publisher":{"@id":"https:\/\/homolog.harald.com.br\/site-2026\/#organization"},"image":{"@id":"https:\/\/homolog.harald.com.br\/site-2026\/blog\/harald-patrocina-jantar-do-dia-nacional-do-supermercado-promovido-pela-abras\/#primaryimage"},"thumbnailUrl":"https:\/\/homolog.harald.com.br\/site-2026\/wp-content\/uploads\/2023\/01\/10440.jpg","articleSection":["Not\u00edcias"],"inLanguage":"pt-BR"},{"@type":"WebPage","@id":"https:\/\/homolog.harald.com.br\/site-2026\/blog\/harald-patrocina-jantar-do-dia-nacional-do-supermercado-promovido-pela-abras\/","url":"https:\/\/homolog.harald.com.br\/site-2026\/blog\/harald-patrocina-jantar-do-dia-nacional-do-supermercado-promovido-pela-abras\/","name":"Harald patrocina jantar do Dia Nacional do Supermercado promovido pela ABRAS - Harald","isPartOf":{"@id":"https:\/\/homolog.harald.com.br\/site-2026\/#website"},"primaryImageOfPage":{"@id":"https:\/\/homolog.harald.com.br\/site-2026\/blog\/harald-patrocina-jantar-do-dia-nacional-do-supermercado-promovido-pela-abras\/#primaryimage"},"image":{"@id":"https:\/\/homolog.harald.com.br\/site-2026\/blog\/harald-patrocina-jantar-do-dia-nacional-do-supermercado-promovido-pela-abras\/#primaryimage"},"thumbnailUrl":"https:\/\/homolog.harald.com.br\/site-2026\/wp-content\/uploads\/2023\/01\/10440.jpg","datePublished":"2022-11-03T18:25:13+00:00","dateModified":"2023-01-03T18:25:54+00:00","breadcrumb":{"@id":"https:\/\/homolog.harald.com.br\/site-2026\/blog\/harald-patrocina-jantar-do-dia-nacional-do-supermercado-promovido-pela-abras\/#breadcrumb"},"inLanguage":"pt-BR","potentialAction":[{"@type":"ReadAction","target":["https:\/\/homolog.harald.com.br\/site-2026\/blog\/harald-patrocina-jantar-do-dia-nacional-do-supermercado-promovido-pela-abras\/"]}]},{"@type":"ImageObject","inLanguage":"pt-BR","@id":"https:\/\/homolog.harald.com.br\/site-2026\/blog\/harald-patrocina-jantar-do-dia-nacional-do-supermercado-promovido-pela-abras\/#primaryimage","url":"https:\/\/homolog.harald.com.br\/site-2026\/wp-content\/uploads\/2023\/01\/10440.jpg","contentUrl":"https:\/\/homolog.harald.com.br\/site-2026\/wp-content\/uploads\/2023\/01\/10440.jpg","width":1280,"height":720},{"@type":"BreadcrumbList","@id":"https:\/\/homolog.harald.com.br\/site-2026\/blog\/harald-patrocina-jantar-do-dia-nacional-do-supermercado-promovido-pela-abras\/#breadcrumb","itemListElement":[{"@type":"ListItem","position":1,"name":"In\u00edcio","item":"https:\/\/homolog.harald.com.br\/site-2026\/"},{"@type":"ListItem","position":2,"name":"Harald patrocina jantar do Dia Nacional do Supermercado promovido pela ABRAS"}]},{"@type":"WebSite","@id":"https:\/\/homolog.harald.com.br\/site-2026\/#website","url":"https:\/\/homolog.harald.com.br\/site-2026\/","name":"Harald","description":"Fazer melhor \u00e9 fazer com paix\u00e3o","publisher":{"@id":"https:\/\/homolog.harald.com.br\/site-2026\/#organization"},"potentialAction":[{"@type":"SearchAction","target":{"@type":"EntryPoint","urlTemplate":"https:\/\/homolog.harald.com.br\/site-2026\/?s={search_term_string}"},"query-input":{"@type":"PropertyValueSpecification","valueRequired":true,"valueName":"search_term_string"}}],"inLanguage":"pt-BR"},{"@type":"Organization","@id":"https:\/\/homolog.harald.com.br\/site-2026\/#organization","name":"Harald","url":"https:\/\/homolog.harald.com.br\/site-2026\/","logo":{"@type":"ImageObject","inLanguage":"pt-BR","@id":"https:\/\/homolog.harald.com.br\/site-2026\/#\/schema\/logo\/image\/","url":"https:\/\/homolog.harald.com.br\/site-2026\/wp-content\/uploads\/2022\/09\/logo-harald-cmyk-ss.png","contentUrl":"https:\/\/homolog.harald.com.br\/site-2026\/wp-content\/uploads\/2022\/09\/logo-harald-cmyk-ss.png","width":1948,"height":1051,"caption":"Harald"},"image":{"@id":"https:\/\/homolog.harald.com.br\/site-2026\/#\/schema\/logo\/image\/"},"sameAs":["https:\/\/www.facebook.com\/HaraldChocolates\/","https:\/\/www.youtube.com\/user\/HaraldChocolates"]},{"@type":"Person","@id":"https:\/\/homolog.harald.com.br\/site-2026\/#\/schema\/person\/37dcc072f872b17c519dd3097a7925e5","name":"Bruna Teodoro","image":{"@type":"ImageObject","inLanguage":"pt-BR","@id":"https:\/\/homolog.harald.com.br\/site-2026\/#\/schema\/person\/image\/","url":"https:\/\/secure.gravatar.com\/avatar\/7da0050c7a3bd4d6df113dcfae1a5b72c8690bc5d4bb4fabab7e4d34d582ceea?s=96&d=mm&r=g","contentUrl":"https:\/\/secure.gravatar.com\/avatar\/7da0050c7a3bd4d6df113dcfae1a5b72c8690bc5d4bb4fabab7e4d34d582ceea?s=96&d=mm&r=g","caption":"Bruna Teodoro"},"url":"https:\/\/homolog.harald.com.br\/site-2026\/blog\/author\/bruna-teodoro\/"}]}},"uagb_featured_image_src":{"full":["https:\/\/homolog.harald.com.br\/site-2026\/wp-content\/uploads\/2023\/01\/10440.jpg",1280,720,false],"thumbnail":["https:\/\/homolog.harald.com.br\/site-2026\/wp-content\/uploads\/2023\/01\/10440-150x150.jpg",150,150,true],"medium":["https:\/\/homolog.harald.com.br\/site-2026\/wp-content\/uploads\/2023\/01\/10440-300x169.jpg",300,169,true],"medium_large":["https:\/\/homolog.harald.com.br\/site-2026\/wp-content\/uploads\/2023\/01\/10440-768x432.jpg",768,432,true],"large":["https:\/\/homolog.harald.com.br\/site-2026\/wp-content\/uploads\/2023\/01\/10440-1024x576.jpg",1024,576,true],"1536x1536":["https:\/\/homolog.harald.com.br\/site-2026\/wp-content\/uploads\/2023\/01\/10440.jpg",1280,720,false],"2048x2048":["https:\/\/homolog.harald.com.br\/site-2026\/wp-content\/uploads\/2023\/01\/10440.jpg",1280,720,false],"full-width":["https:\/\/homolog.harald.com.br\/site-2026\/wp-content\/uploads\/2023\/01\/10440.jpg",1280,720,false],"gform-image-choice-sm":["https:\/\/homolog.harald.com.br\/site-2026\/wp-content\/uploads\/2023\/01\/10440.jpg",300,169,false],"gform-image-choice-md":["https:\/\/homolog.harald.com.br\/site-2026\/wp-content\/uploads\/2023\/01\/10440.jpg",400,225,false],"gform-image-choice-lg":["https:\/\/homolog.harald.com.br\/site-2026\/wp-content\/uploads\/2023\/01\/10440.jpg",600,338,false]},"uagb_author_info":{"display_name":"Bruna Teodoro","author_link":"https:\/\/homolog.harald.com.br\/site-2026\/blog\/author\/bruna-teodoro\/"},"uagb_comment_info":0,"uagb_excerpt":"Harald patrocina jantar do Dia Nacional do Supermercado promovido pela ABRAS\u00a0 O investimento refor\u00e7a a entrada da marca no mercado B2C S\u00e3o Paulo, novembro de 2022 &#8211; Com 40 anos de hist\u00f3ria no segmento profissional e acompanhando constantemente as tend\u00eancias, a Harald, empresa l\u00edder em coberturas e refer\u00eancia em chocolates para o mercado especializado no&hellip;","_links":{"self":[{"href":"https:\/\/homolog.harald.com.br\/site-2026\/wp-json\/wp\/v2\/posts\/55994","targetHints":{"allow":["GET"]}}],"collection":[{"href":"https:\/\/homolog.harald.com.br\/site-2026\/wp-json\/wp\/v2\/posts"}],"about":[{"href":"https:\/\/homolog.harald.com.br\/site-2026\/wp-json\/wp\/v2\/types\/post"}],"author":[{"embeddable":true,"href":"https:\/\/homolog.harald.com.br\/site-2026\/wp-json\/wp\/v2\/users\/11"}],"replies":[{"embeddable":true,"href":"https:\/\/homolog.harald.com.br\/site-2026\/wp-json\/wp\/v2\/comments?post=55994"}],"version-history":[{"count":1,"href":"https:\/\/homolog.harald.com.br\/site-2026\/wp-json\/wp\/v2\/posts\/55994\/revisions"}],"predecessor-version":[{"id":55999,"href":"https:\/\/homolog.harald.com.br\/site-2026\/wp-json\/wp\/v2\/posts\/55994\/revisions\/55999"}],"wp:featuredmedia":[{"embeddable":true,"href":"https:\/\/homolog.harald.com.br\/site-2026\/wp-json\/wp\/v2\/media\/55996"}],"wp:attachment":[{"href":"https:\/\/homolog.harald.com.br\/site-2026\/wp-json\/wp\/v2\/media?parent=55994"}],"wp:term":[{"taxonomy":"category","embeddable":true,"href":"https:\/\/homolog.harald.com.br\/site-2026\/wp-json\/wp\/v2\/categories?post=55994"},{"taxonomy":"post_tag","embeddable":true,"href":"https:\/\/homolog.harald.com.br\/site-2026\/wp-json\/wp\/v2\/tags?post=55994"},{"taxonomy":"para-seu-negocio","embeddable":true,"href":"https:\/\/homolog.harald.com.br\/site-2026\/wp-json\/wp\/v2\/para-seu-negocio?post=55994"}],"curies":[{"name":"wp","href":"https:\/\/api.w.org\/{rel}","templated":true}]}}