{"id":55985,"date":"2022-11-24T15:18:22","date_gmt":"2022-11-24T18:18:22","guid":{"rendered":"https:\/\/homolog.harald.com.br\/site-2026\/?p=55985"},"modified":"2023-01-03T15:19:48","modified_gmt":"2023-01-03T18:19:48","slug":"harald-lanca-novo-conceito-que-reforca-posicionamento-como-a-marca-de-chocolate-profissional","status":"publish","type":"post","link":"https:\/\/homolog.harald.com.br\/site-2026\/blog\/harald-lanca-novo-conceito-que-reforca-posicionamento-como-a-marca-de-chocolate-profissional\/","title":{"rendered":"Harald lan\u00e7a novo conceito que refor\u00e7a posicionamento como a marca de chocolate profissional"},"content":{"rendered":"<h1 style=\"text-align: center;\"><b>Harald lan\u00e7a novo conceito que refor\u00e7a posicionamento como a marca de chocolate profissional<\/b><\/h1>\n<p><i><span style=\"font-weight: 400;\">Novo conceito \u201cHarald \u00e9 profissional\u201d come\u00e7a a ser trabalhado com merchans no programa Faust\u00e3o na Band, posicionando a marca como parceira dos transformadores e confeiteiros no preparo de receitas com qualidade e sabor profissional<\/span><\/i><\/p>\n<p><img loading=\"lazy\" decoding=\"async\" class=\"aligncenter wp-image-55990\" src=\"https:\/\/homolog.harald.com.br\/site-2026\/wp-content\/uploads\/2023\/01\/image1-1-300x169.png\" alt=\"\" width=\"382\" height=\"215\" srcset=\"https:\/\/homolog.harald.com.br\/site-2026\/wp-content\/uploads\/2023\/01\/image1-1-300x169.png 300w, https:\/\/homolog.harald.com.br\/site-2026\/wp-content\/uploads\/2023\/01\/image1-1-1024x576.png 1024w, https:\/\/homolog.harald.com.br\/site-2026\/wp-content\/uploads\/2023\/01\/image1-1-768x432.png 768w, https:\/\/homolog.harald.com.br\/site-2026\/wp-content\/uploads\/2023\/01\/image1-1-1536x864.png 1536w, https:\/\/homolog.harald.com.br\/site-2026\/wp-content\/uploads\/2023\/01\/image1-1-1920x1081.png 1920w, https:\/\/homolog.harald.com.br\/site-2026\/wp-content\/uploads\/2023\/01\/image1-1.png 1999w\" sizes=\"auto, (max-width: 382px) 100vw, 382px\" \/><\/p>\n<p><b>S\u00e3o Paulo, novembro de 2022<\/b><span style=\"font-weight: 400;\"> &#8211; Ap\u00f3s um ano repleto de iniciativas, lan\u00e7amentos e a\u00e7\u00f5es em comemora\u00e7\u00e3o aos 40 anos, a <\/span><b>Harald<\/b><span style=\"font-weight: 400;\">, empresa l\u00edder em coberturas e refer\u00eancia em chocolates para o mercado especializado no Brasil, lan\u00e7a a campanha \u201cHarald \u00e9 Profissional\u201d, que refor\u00e7a o posicionamento da marca como parceira do dia a dia, que garante qualidade e sabor para que todo preparo de sobremesas e doces feitos com chocolate tenham um resultado profissional, sejam eles produzidos por uma pessoa experiente ou por algu\u00e9m iniciante.\u00a0\u00a0<\/span><\/p>\n<p>&nbsp;<\/p>\n<p><span style=\"font-weight: 400;\">Com conceito criado pela Babel-Azza e desdobramento t\u00e1tico e de m\u00eddia da REF+, a campanha visa ampliar o <\/span><i><span style=\"font-weight: 400;\">brand awareness<\/span><\/i><span style=\"font-weight: 400;\"> e dar visibilidade para a alta qualidade do portf\u00f3lio da <\/span><b>Harald<\/b><span style=\"font-weight: 400;\">. A campanha ser\u00e1 iniciada por meio de merchans no programa \u201cFaust\u00e3o na Band\u201d, em novembro e dezembro, no quadro Pizzaria do Faust\u00e3o, tendo como foco a linha de forne\u00e1veis da marca. Com o in\u00edcio da Copa do Mundo, a estrat\u00e9gia busca atender uma oportunidade de consumo, que \u00e9 a possibilidade de aumento na venda de pizzas doces para quem for acompanhar os jogos.\u00a0\u00a0\u00a0<\/span><\/p>\n<p>&nbsp;<\/p>\n<p><span style=\"font-weight: 400;\">\u201c2022 foi muito relevante para a <\/span><b>Harald<\/b><span style=\"font-weight: 400;\"> no que diz respeito a movimentos e investimentos. Lan\u00e7amos novos produtos no mercado, como o Chocolate Melken Plant-Based; entramos com uma linha completa para o p\u00fablico B2C; e reformulamos alguns itens importantes do portf\u00f3lio, como a Cobertura TOP Branca, visando entregar aos consumidores tudo o que precisam para desenvolver receitas de excelente qualidade. Vemos essa campanha como uma grande oportunidade de nos posicionar como principal parceira quando o assunto \u00e9 preparar uma receita com chocolate com resultado profissional, independentemente do conhecimento t\u00e9cnico que a pessoa tenha na confeitaria\u201d, afirma Leonardo Santis, diretor comercial da <\/span><b>Harald<\/b><span style=\"font-weight: 400;\"> no Brasil.<\/span><\/p>\n<p>&nbsp;<\/p>\n<p><span style=\"font-weight: 400;\">Para o pr\u00f3ximo ano, as a\u00e7\u00f5es envolvem projetos de conte\u00fado em programas de culin\u00e1ria e entretenimento, al\u00e9m de uma expans\u00e3o da presen\u00e7a da marca em ambientes digitais.\u00a0<\/span><\/p>\n","protected":false},"excerpt":{"rendered":"<p>Harald lan\u00e7a novo conceito que refor\u00e7a posicionamento como a marca de chocolate profissional Novo conceito \u201cHarald \u00e9 profissional\u201d come\u00e7a a ser trabalhado com merchans no programa Faust\u00e3o na Band, posicionando a marca como parceira dos transformadores e confeiteiros no preparo de receitas com qualidade e sabor profissional S\u00e3o Paulo, novembro de 2022 &#8211; Ap\u00f3s um <a class=\"more-link\" href=\"https:\/\/homolog.harald.com.br\/site-2026\/blog\/harald-lanca-novo-conceito-que-reforca-posicionamento-como-a-marca-de-chocolate-profissional\/\">Read more&#8230;<\/a><\/p>\n","protected":false},"author":11,"featured_media":55990,"comment_status":"closed","ping_status":"closed","sticky":false,"template":"","format":"standard","meta":{"_acf_changed":false,"_uag_custom_page_level_css":"","footnotes":""},"categories":[158],"tags":[],"para-seu-negocio":[],"class_list":["post-55985","post","type-post","status-publish","format-standard","has-post-thumbnail","hentry","category-noticias"],"acf":[],"yoast_head":"<!-- This site is optimized with the Yoast SEO plugin v26.3 - https:\/\/yoast.com\/wordpress\/plugins\/seo\/ -->\n<title>Harald lan\u00e7a novo conceito que refor\u00e7a posicionamento como a marca de chocolate profissional - Harald<\/title>\n<meta name=\"robots\" content=\"noindex, follow, max-snippet:-1, max-image-preview:large, max-video-preview:-1\" \/>\n<meta property=\"og:locale\" content=\"pt_BR\" \/>\n<meta property=\"og:type\" content=\"article\" \/>\n<meta property=\"og:title\" content=\"Harald lan\u00e7a novo conceito que refor\u00e7a posicionamento como a marca de chocolate profissional - Harald\" \/>\n<meta property=\"og:description\" content=\"Harald lan\u00e7a novo conceito que refor\u00e7a posicionamento como a marca de chocolate profissional Novo conceito \u201cHarald \u00e9 profissional\u201d come\u00e7a a ser trabalhado com merchans no programa Faust\u00e3o na Band, posicionando a marca como parceira dos transformadores e confeiteiros no preparo de receitas com qualidade e sabor profissional S\u00e3o Paulo, novembro de 2022 &#8211; Ap\u00f3s um Read more...\" \/>\n<meta property=\"og:url\" content=\"https:\/\/homolog.harald.com.br\/site-2026\/blog\/harald-lanca-novo-conceito-que-reforca-posicionamento-como-a-marca-de-chocolate-profissional\/\" \/>\n<meta property=\"og:site_name\" content=\"Harald\" \/>\n<meta property=\"article:publisher\" content=\"https:\/\/www.facebook.com\/HaraldChocolates\/\" \/>\n<meta property=\"article:published_time\" content=\"2022-11-24T18:18:22+00:00\" \/>\n<meta property=\"article:modified_time\" content=\"2023-01-03T18:19:48+00:00\" \/>\n<meta property=\"og:image\" content=\"https:\/\/homolog.harald.com.br\/site-2026\/wp-content\/uploads\/2023\/01\/image1-1.png\" \/>\n\t<meta property=\"og:image:width\" content=\"1999\" \/>\n\t<meta property=\"og:image:height\" content=\"1125\" \/>\n\t<meta property=\"og:image:type\" content=\"image\/png\" \/>\n<meta name=\"author\" content=\"Bruna Teodoro\" \/>\n<meta name=\"twitter:card\" content=\"summary_large_image\" \/>\n<meta name=\"twitter:label1\" content=\"Escrito por\" \/>\n\t<meta name=\"twitter:data1\" content=\"Bruna Teodoro\" \/>\n\t<meta name=\"twitter:label2\" content=\"Est. tempo de leitura\" \/>\n\t<meta name=\"twitter:data2\" content=\"3 minutos\" \/>\n<script type=\"application\/ld+json\" class=\"yoast-schema-graph\">{\"@context\":\"https:\/\/schema.org\",\"@graph\":[{\"@type\":\"Article\",\"@id\":\"https:\/\/homolog.harald.com.br\/site-2026\/blog\/harald-lanca-novo-conceito-que-reforca-posicionamento-como-a-marca-de-chocolate-profissional\/#article\",\"isPartOf\":{\"@id\":\"https:\/\/homolog.harald.com.br\/site-2026\/blog\/harald-lanca-novo-conceito-que-reforca-posicionamento-como-a-marca-de-chocolate-profissional\/\"},\"author\":{\"name\":\"Bruna Teodoro\",\"@id\":\"https:\/\/homolog.harald.com.br\/site-2026\/#\/schema\/person\/37dcc072f872b17c519dd3097a7925e5\"},\"headline\":\"Harald lan\u00e7a novo conceito que refor\u00e7a posicionamento como a marca de chocolate profissional\",\"datePublished\":\"2022-11-24T18:18:22+00:00\",\"dateModified\":\"2023-01-03T18:19:48+00:00\",\"mainEntityOfPage\":{\"@id\":\"https:\/\/homolog.harald.com.br\/site-2026\/blog\/harald-lanca-novo-conceito-que-reforca-posicionamento-como-a-marca-de-chocolate-profissional\/\"},\"wordCount\":402,\"publisher\":{\"@id\":\"https:\/\/homolog.harald.com.br\/site-2026\/#organization\"},\"image\":{\"@id\":\"https:\/\/homolog.harald.com.br\/site-2026\/blog\/harald-lanca-novo-conceito-que-reforca-posicionamento-como-a-marca-de-chocolate-profissional\/#primaryimage\"},\"thumbnailUrl\":\"https:\/\/homolog.harald.com.br\/site-2026\/wp-content\/uploads\/2023\/01\/image1-1.png\",\"articleSection\":[\"Not\u00edcias\"],\"inLanguage\":\"pt-BR\"},{\"@type\":\"WebPage\",\"@id\":\"https:\/\/homolog.harald.com.br\/site-2026\/blog\/harald-lanca-novo-conceito-que-reforca-posicionamento-como-a-marca-de-chocolate-profissional\/\",\"url\":\"https:\/\/homolog.harald.com.br\/site-2026\/blog\/harald-lanca-novo-conceito-que-reforca-posicionamento-como-a-marca-de-chocolate-profissional\/\",\"name\":\"Harald lan\u00e7a novo conceito que refor\u00e7a posicionamento como a marca de chocolate profissional - Harald\",\"isPartOf\":{\"@id\":\"https:\/\/homolog.harald.com.br\/site-2026\/#website\"},\"primaryImageOfPage\":{\"@id\":\"https:\/\/homolog.harald.com.br\/site-2026\/blog\/harald-lanca-novo-conceito-que-reforca-posicionamento-como-a-marca-de-chocolate-profissional\/#primaryimage\"},\"image\":{\"@id\":\"https:\/\/homolog.harald.com.br\/site-2026\/blog\/harald-lanca-novo-conceito-que-reforca-posicionamento-como-a-marca-de-chocolate-profissional\/#primaryimage\"},\"thumbnailUrl\":\"https:\/\/homolog.harald.com.br\/site-2026\/wp-content\/uploads\/2023\/01\/image1-1.png\",\"datePublished\":\"2022-11-24T18:18:22+00:00\",\"dateModified\":\"2023-01-03T18:19:48+00:00\",\"breadcrumb\":{\"@id\":\"https:\/\/homolog.harald.com.br\/site-2026\/blog\/harald-lanca-novo-conceito-que-reforca-posicionamento-como-a-marca-de-chocolate-profissional\/#breadcrumb\"},\"inLanguage\":\"pt-BR\",\"potentialAction\":[{\"@type\":\"ReadAction\",\"target\":[\"https:\/\/homolog.harald.com.br\/site-2026\/blog\/harald-lanca-novo-conceito-que-reforca-posicionamento-como-a-marca-de-chocolate-profissional\/\"]}]},{\"@type\":\"ImageObject\",\"inLanguage\":\"pt-BR\",\"@id\":\"https:\/\/homolog.harald.com.br\/site-2026\/blog\/harald-lanca-novo-conceito-que-reforca-posicionamento-como-a-marca-de-chocolate-profissional\/#primaryimage\",\"url\":\"https:\/\/homolog.harald.com.br\/site-2026\/wp-content\/uploads\/2023\/01\/image1-1.png\",\"contentUrl\":\"https:\/\/homolog.harald.com.br\/site-2026\/wp-content\/uploads\/2023\/01\/image1-1.png\",\"width\":1999,\"height\":1125},{\"@type\":\"BreadcrumbList\",\"@id\":\"https:\/\/homolog.harald.com.br\/site-2026\/blog\/harald-lanca-novo-conceito-que-reforca-posicionamento-como-a-marca-de-chocolate-profissional\/#breadcrumb\",\"itemListElement\":[{\"@type\":\"ListItem\",\"position\":1,\"name\":\"In\u00edcio\",\"item\":\"https:\/\/homolog.harald.com.br\/site-2026\/\"},{\"@type\":\"ListItem\",\"position\":2,\"name\":\"Harald lan\u00e7a novo conceito que refor\u00e7a posicionamento como a marca de chocolate profissional\"}]},{\"@type\":\"WebSite\",\"@id\":\"https:\/\/homolog.harald.com.br\/site-2026\/#website\",\"url\":\"https:\/\/homolog.harald.com.br\/site-2026\/\",\"name\":\"Harald\",\"description\":\"Fazer melhor \u00e9 fazer com paix\u00e3o\",\"publisher\":{\"@id\":\"https:\/\/homolog.harald.com.br\/site-2026\/#organization\"},\"potentialAction\":[{\"@type\":\"SearchAction\",\"target\":{\"@type\":\"EntryPoint\",\"urlTemplate\":\"https:\/\/homolog.harald.com.br\/site-2026\/?s={search_term_string}\"},\"query-input\":{\"@type\":\"PropertyValueSpecification\",\"valueRequired\":true,\"valueName\":\"search_term_string\"}}],\"inLanguage\":\"pt-BR\"},{\"@type\":\"Organization\",\"@id\":\"https:\/\/homolog.harald.com.br\/site-2026\/#organization\",\"name\":\"Harald\",\"url\":\"https:\/\/homolog.harald.com.br\/site-2026\/\",\"logo\":{\"@type\":\"ImageObject\",\"inLanguage\":\"pt-BR\",\"@id\":\"https:\/\/homolog.harald.com.br\/site-2026\/#\/schema\/logo\/image\/\",\"url\":\"https:\/\/homolog.harald.com.br\/site-2026\/wp-content\/uploads\/2022\/09\/logo-harald-cmyk-ss.png\",\"contentUrl\":\"https:\/\/homolog.harald.com.br\/site-2026\/wp-content\/uploads\/2022\/09\/logo-harald-cmyk-ss.png\",\"width\":1948,\"height\":1051,\"caption\":\"Harald\"},\"image\":{\"@id\":\"https:\/\/homolog.harald.com.br\/site-2026\/#\/schema\/logo\/image\/\"},\"sameAs\":[\"https:\/\/www.facebook.com\/HaraldChocolates\/\",\"https:\/\/www.youtube.com\/user\/HaraldChocolates\"]},{\"@type\":\"Person\",\"@id\":\"https:\/\/homolog.harald.com.br\/site-2026\/#\/schema\/person\/37dcc072f872b17c519dd3097a7925e5\",\"name\":\"Bruna Teodoro\",\"image\":{\"@type\":\"ImageObject\",\"inLanguage\":\"pt-BR\",\"@id\":\"https:\/\/homolog.harald.com.br\/site-2026\/#\/schema\/person\/image\/\",\"url\":\"https:\/\/secure.gravatar.com\/avatar\/7da0050c7a3bd4d6df113dcfae1a5b72c8690bc5d4bb4fabab7e4d34d582ceea?s=96&d=mm&r=g\",\"contentUrl\":\"https:\/\/secure.gravatar.com\/avatar\/7da0050c7a3bd4d6df113dcfae1a5b72c8690bc5d4bb4fabab7e4d34d582ceea?s=96&d=mm&r=g\",\"caption\":\"Bruna Teodoro\"},\"url\":\"https:\/\/homolog.harald.com.br\/site-2026\/blog\/author\/bruna-teodoro\/\"}]}<\/script>\n<!-- \/ Yoast SEO plugin. -->","yoast_head_json":{"title":"Harald lan\u00e7a novo conceito que refor\u00e7a posicionamento como a marca de chocolate profissional - Harald","robots":{"index":"noindex","follow":"follow","max-snippet":"max-snippet:-1","max-image-preview":"max-image-preview:large","max-video-preview":"max-video-preview:-1"},"og_locale":"pt_BR","og_type":"article","og_title":"Harald lan\u00e7a novo conceito que refor\u00e7a posicionamento como a marca de chocolate profissional - Harald","og_description":"Harald lan\u00e7a novo conceito que refor\u00e7a posicionamento como a marca de chocolate profissional Novo conceito \u201cHarald \u00e9 profissional\u201d come\u00e7a a ser trabalhado com merchans no programa Faust\u00e3o na Band, posicionando a marca como parceira dos transformadores e confeiteiros no preparo de receitas com qualidade e sabor profissional S\u00e3o Paulo, novembro de 2022 &#8211; Ap\u00f3s um Read more...","og_url":"https:\/\/homolog.harald.com.br\/site-2026\/blog\/harald-lanca-novo-conceito-que-reforca-posicionamento-como-a-marca-de-chocolate-profissional\/","og_site_name":"Harald","article_publisher":"https:\/\/www.facebook.com\/HaraldChocolates\/","article_published_time":"2022-11-24T18:18:22+00:00","article_modified_time":"2023-01-03T18:19:48+00:00","og_image":[{"width":1999,"height":1125,"url":"https:\/\/homolog.harald.com.br\/site-2026\/wp-content\/uploads\/2023\/01\/image1-1.png","type":"image\/png"}],"author":"Bruna Teodoro","twitter_card":"summary_large_image","twitter_misc":{"Escrito por":"Bruna Teodoro","Est. tempo de leitura":"3 minutos"},"schema":{"@context":"https:\/\/schema.org","@graph":[{"@type":"Article","@id":"https:\/\/homolog.harald.com.br\/site-2026\/blog\/harald-lanca-novo-conceito-que-reforca-posicionamento-como-a-marca-de-chocolate-profissional\/#article","isPartOf":{"@id":"https:\/\/homolog.harald.com.br\/site-2026\/blog\/harald-lanca-novo-conceito-que-reforca-posicionamento-como-a-marca-de-chocolate-profissional\/"},"author":{"name":"Bruna Teodoro","@id":"https:\/\/homolog.harald.com.br\/site-2026\/#\/schema\/person\/37dcc072f872b17c519dd3097a7925e5"},"headline":"Harald lan\u00e7a novo conceito que refor\u00e7a posicionamento como a marca de chocolate profissional","datePublished":"2022-11-24T18:18:22+00:00","dateModified":"2023-01-03T18:19:48+00:00","mainEntityOfPage":{"@id":"https:\/\/homolog.harald.com.br\/site-2026\/blog\/harald-lanca-novo-conceito-que-reforca-posicionamento-como-a-marca-de-chocolate-profissional\/"},"wordCount":402,"publisher":{"@id":"https:\/\/homolog.harald.com.br\/site-2026\/#organization"},"image":{"@id":"https:\/\/homolog.harald.com.br\/site-2026\/blog\/harald-lanca-novo-conceito-que-reforca-posicionamento-como-a-marca-de-chocolate-profissional\/#primaryimage"},"thumbnailUrl":"https:\/\/homolog.harald.com.br\/site-2026\/wp-content\/uploads\/2023\/01\/image1-1.png","articleSection":["Not\u00edcias"],"inLanguage":"pt-BR"},{"@type":"WebPage","@id":"https:\/\/homolog.harald.com.br\/site-2026\/blog\/harald-lanca-novo-conceito-que-reforca-posicionamento-como-a-marca-de-chocolate-profissional\/","url":"https:\/\/homolog.harald.com.br\/site-2026\/blog\/harald-lanca-novo-conceito-que-reforca-posicionamento-como-a-marca-de-chocolate-profissional\/","name":"Harald lan\u00e7a novo conceito que refor\u00e7a posicionamento como a marca de chocolate profissional - Harald","isPartOf":{"@id":"https:\/\/homolog.harald.com.br\/site-2026\/#website"},"primaryImageOfPage":{"@id":"https:\/\/homolog.harald.com.br\/site-2026\/blog\/harald-lanca-novo-conceito-que-reforca-posicionamento-como-a-marca-de-chocolate-profissional\/#primaryimage"},"image":{"@id":"https:\/\/homolog.harald.com.br\/site-2026\/blog\/harald-lanca-novo-conceito-que-reforca-posicionamento-como-a-marca-de-chocolate-profissional\/#primaryimage"},"thumbnailUrl":"https:\/\/homolog.harald.com.br\/site-2026\/wp-content\/uploads\/2023\/01\/image1-1.png","datePublished":"2022-11-24T18:18:22+00:00","dateModified":"2023-01-03T18:19:48+00:00","breadcrumb":{"@id":"https:\/\/homolog.harald.com.br\/site-2026\/blog\/harald-lanca-novo-conceito-que-reforca-posicionamento-como-a-marca-de-chocolate-profissional\/#breadcrumb"},"inLanguage":"pt-BR","potentialAction":[{"@type":"ReadAction","target":["https:\/\/homolog.harald.com.br\/site-2026\/blog\/harald-lanca-novo-conceito-que-reforca-posicionamento-como-a-marca-de-chocolate-profissional\/"]}]},{"@type":"ImageObject","inLanguage":"pt-BR","@id":"https:\/\/homolog.harald.com.br\/site-2026\/blog\/harald-lanca-novo-conceito-que-reforca-posicionamento-como-a-marca-de-chocolate-profissional\/#primaryimage","url":"https:\/\/homolog.harald.com.br\/site-2026\/wp-content\/uploads\/2023\/01\/image1-1.png","contentUrl":"https:\/\/homolog.harald.com.br\/site-2026\/wp-content\/uploads\/2023\/01\/image1-1.png","width":1999,"height":1125},{"@type":"BreadcrumbList","@id":"https:\/\/homolog.harald.com.br\/site-2026\/blog\/harald-lanca-novo-conceito-que-reforca-posicionamento-como-a-marca-de-chocolate-profissional\/#breadcrumb","itemListElement":[{"@type":"ListItem","position":1,"name":"In\u00edcio","item":"https:\/\/homolog.harald.com.br\/site-2026\/"},{"@type":"ListItem","position":2,"name":"Harald lan\u00e7a novo conceito que refor\u00e7a posicionamento como a marca de chocolate profissional"}]},{"@type":"WebSite","@id":"https:\/\/homolog.harald.com.br\/site-2026\/#website","url":"https:\/\/homolog.harald.com.br\/site-2026\/","name":"Harald","description":"Fazer melhor \u00e9 fazer com paix\u00e3o","publisher":{"@id":"https:\/\/homolog.harald.com.br\/site-2026\/#organization"},"potentialAction":[{"@type":"SearchAction","target":{"@type":"EntryPoint","urlTemplate":"https:\/\/homolog.harald.com.br\/site-2026\/?s={search_term_string}"},"query-input":{"@type":"PropertyValueSpecification","valueRequired":true,"valueName":"search_term_string"}}],"inLanguage":"pt-BR"},{"@type":"Organization","@id":"https:\/\/homolog.harald.com.br\/site-2026\/#organization","name":"Harald","url":"https:\/\/homolog.harald.com.br\/site-2026\/","logo":{"@type":"ImageObject","inLanguage":"pt-BR","@id":"https:\/\/homolog.harald.com.br\/site-2026\/#\/schema\/logo\/image\/","url":"https:\/\/homolog.harald.com.br\/site-2026\/wp-content\/uploads\/2022\/09\/logo-harald-cmyk-ss.png","contentUrl":"https:\/\/homolog.harald.com.br\/site-2026\/wp-content\/uploads\/2022\/09\/logo-harald-cmyk-ss.png","width":1948,"height":1051,"caption":"Harald"},"image":{"@id":"https:\/\/homolog.harald.com.br\/site-2026\/#\/schema\/logo\/image\/"},"sameAs":["https:\/\/www.facebook.com\/HaraldChocolates\/","https:\/\/www.youtube.com\/user\/HaraldChocolates"]},{"@type":"Person","@id":"https:\/\/homolog.harald.com.br\/site-2026\/#\/schema\/person\/37dcc072f872b17c519dd3097a7925e5","name":"Bruna Teodoro","image":{"@type":"ImageObject","inLanguage":"pt-BR","@id":"https:\/\/homolog.harald.com.br\/site-2026\/#\/schema\/person\/image\/","url":"https:\/\/secure.gravatar.com\/avatar\/7da0050c7a3bd4d6df113dcfae1a5b72c8690bc5d4bb4fabab7e4d34d582ceea?s=96&d=mm&r=g","contentUrl":"https:\/\/secure.gravatar.com\/avatar\/7da0050c7a3bd4d6df113dcfae1a5b72c8690bc5d4bb4fabab7e4d34d582ceea?s=96&d=mm&r=g","caption":"Bruna Teodoro"},"url":"https:\/\/homolog.harald.com.br\/site-2026\/blog\/author\/bruna-teodoro\/"}]}},"uagb_featured_image_src":{"full":["https:\/\/homolog.harald.com.br\/site-2026\/wp-content\/uploads\/2023\/01\/image1-1.png",1999,1125,false],"thumbnail":["https:\/\/homolog.harald.com.br\/site-2026\/wp-content\/uploads\/2023\/01\/image1-1-150x150.png",150,150,true],"medium":["https:\/\/homolog.harald.com.br\/site-2026\/wp-content\/uploads\/2023\/01\/image1-1-300x169.png",300,169,true],"medium_large":["https:\/\/homolog.harald.com.br\/site-2026\/wp-content\/uploads\/2023\/01\/image1-1-768x432.png",768,432,true],"large":["https:\/\/homolog.harald.com.br\/site-2026\/wp-content\/uploads\/2023\/01\/image1-1-1024x576.png",1024,576,true],"1536x1536":["https:\/\/homolog.harald.com.br\/site-2026\/wp-content\/uploads\/2023\/01\/image1-1-1536x864.png",1536,864,true],"2048x2048":["https:\/\/homolog.harald.com.br\/site-2026\/wp-content\/uploads\/2023\/01\/image1-1.png",1999,1125,false],"full-width":["https:\/\/homolog.harald.com.br\/site-2026\/wp-content\/uploads\/2023\/01\/image1-1.png",1920,1080,false],"gform-image-choice-sm":["https:\/\/homolog.harald.com.br\/site-2026\/wp-content\/uploads\/2023\/01\/image1-1.png",300,169,false],"gform-image-choice-md":["https:\/\/homolog.harald.com.br\/site-2026\/wp-content\/uploads\/2023\/01\/image1-1.png",400,225,false],"gform-image-choice-lg":["https:\/\/homolog.harald.com.br\/site-2026\/wp-content\/uploads\/2023\/01\/image1-1.png",600,338,false]},"uagb_author_info":{"display_name":"Bruna Teodoro","author_link":"https:\/\/homolog.harald.com.br\/site-2026\/blog\/author\/bruna-teodoro\/"},"uagb_comment_info":0,"uagb_excerpt":"Harald lan\u00e7a novo conceito que refor\u00e7a posicionamento como a marca de chocolate profissional Novo conceito \u201cHarald \u00e9 profissional\u201d come\u00e7a a ser trabalhado com merchans no programa Faust\u00e3o na Band, posicionando a marca como parceira dos transformadores e confeiteiros no preparo de receitas com qualidade e sabor profissional S\u00e3o Paulo, novembro de 2022 &#8211; Ap\u00f3s um&hellip;","_links":{"self":[{"href":"https:\/\/homolog.harald.com.br\/site-2026\/wp-json\/wp\/v2\/posts\/55985","targetHints":{"allow":["GET"]}}],"collection":[{"href":"https:\/\/homolog.harald.com.br\/site-2026\/wp-json\/wp\/v2\/posts"}],"about":[{"href":"https:\/\/homolog.harald.com.br\/site-2026\/wp-json\/wp\/v2\/types\/post"}],"author":[{"embeddable":true,"href":"https:\/\/homolog.harald.com.br\/site-2026\/wp-json\/wp\/v2\/users\/11"}],"replies":[{"embeddable":true,"href":"https:\/\/homolog.harald.com.br\/site-2026\/wp-json\/wp\/v2\/comments?post=55985"}],"version-history":[{"count":1,"href":"https:\/\/homolog.harald.com.br\/site-2026\/wp-json\/wp\/v2\/posts\/55985\/revisions"}],"predecessor-version":[{"id":55993,"href":"https:\/\/homolog.harald.com.br\/site-2026\/wp-json\/wp\/v2\/posts\/55985\/revisions\/55993"}],"wp:featuredmedia":[{"embeddable":true,"href":"https:\/\/homolog.harald.com.br\/site-2026\/wp-json\/wp\/v2\/media\/55990"}],"wp:attachment":[{"href":"https:\/\/homolog.harald.com.br\/site-2026\/wp-json\/wp\/v2\/media?parent=55985"}],"wp:term":[{"taxonomy":"category","embeddable":true,"href":"https:\/\/homolog.harald.com.br\/site-2026\/wp-json\/wp\/v2\/categories?post=55985"},{"taxonomy":"post_tag","embeddable":true,"href":"https:\/\/homolog.harald.com.br\/site-2026\/wp-json\/wp\/v2\/tags?post=55985"},{"taxonomy":"para-seu-negocio","embeddable":true,"href":"https:\/\/homolog.harald.com.br\/site-2026\/wp-json\/wp\/v2\/para-seu-negocio?post=55985"}],"curies":[{"name":"wp","href":"https:\/\/api.w.org\/{rel}","templated":true}]}}