{"id":502,"date":"2021-01-11T15:00:41","date_gmt":"2021-01-11T18:00:41","guid":{"rendered":"https:\/\/homolog.harald.com.br\/site-2026\/?p=80864"},"modified":"2021-01-11T15:00:41","modified_gmt":"2021-01-11T18:00:41","slug":"como-transportar-chocolate-no-verao","status":"publish","type":"post","link":"https:\/\/homolog.harald.com.br\/site-2026\/blog\/como-transportar-chocolate-no-verao\/","title":{"rendered":"Como transportar chocolate no ver\u00e3o"},"content":{"rendered":"<p style=\"text-align: center\"><em>Siga nossas dicas para que seus produtos cheguem impec\u00e1veis aos clientes<\/em><\/p>\n<p>\u00a0<\/p>\n<p>Com o calor do ver\u00e3o brasileiro, o transporte para a entrega dos produtos artesanais pede aten\u00e7\u00e3o especial. Como sabemos, a grande del\u00edcia do chocolate \u00e9 derreter na boca, levando \u00e0s explos\u00f5es de sabores que tanto amamos. Isso acontece por causa da manteiga de cacau e de outros componentes que derretem em uma temperatura pr\u00f3xima do corpo humano.<\/p>\n<p>\u00a0<\/p>\n<p>Infelizmente, essa caracter\u00edstica tamb\u00e9m deixa o produto sens\u00edvel ao calor &#8211; e as grandes oscila\u00e7\u00f5es de temperatura s\u00e3o inimigas do chocolate, pois acabam com o seu brilho. Para garantir que o esfor\u00e7o de seu trabalho seja preservado at\u00e9 o momento em que os chocolates chegam \u00e0s m\u00e3os dos clientes, confira nossas <strong>dicas<\/strong>.<\/p>\n<p>\u00a0<\/p>\n<h3>Antes de sair de casa<\/h3>\n<p>Mesmo nos dias mais quentes, resista ao impulso de colocar os chocolates na geladeira ou freezer. Esses ambientes t\u00eam temperaturas baixas, mas s\u00e3o muito \u00famidos! Ao retirar os produtos de l\u00e1, o contraste de temperatura da geladeira com o ambiente externo pode produzir ac\u00famulo de umidade na superf\u00edcie do chocolate, resultando em manchas e defeitos.<\/p>\n<p>O mundo ideal para quem trabalha com chocolate \u00e9 um quartinho climatizado, com ar-condicionado. O equipamento, al\u00e9m de baixar a temperatura, remove a umidade, o que \u00e9 perfeito para que o chocolate mantenha suas caracter\u00edsticas de <strong>textura e sabor preservadas<\/strong>. Mas sabemos que ter um cantinho assim \u00e9 dif\u00edcil, n\u00e3o \u00e9 mesmo? Se seus chocolates est\u00e3o prontos e voc\u00ea precisa armazen\u00e1-los por um curto per\u00edodo at\u00e9 a hora de entregar, a dica \u00e9 simular um ambiente climatizado utilizando uma <strong>caixa <\/strong>ou<strong> bolsa t\u00e9rmica<\/strong>:<\/p>\n<p>\u00a0<\/p>\n<p>1 &#8211; Coloque o recipiente aberto na geladeira ou resfrie-o com gelo ou gelo reutiliz\u00e1vel, popularmente conhecido como <strong>gelox<\/strong>.<\/p>\n<p>2 &#8211; Quando estiver frio, retire da geladeira, remova o gelo\/gelox e use a caixa ou bolsa t\u00e9rmica para conservar seus produtos.<\/p>\n<p>\u00a0<\/p>\n<p><strong>Importante:<\/strong> seus produtos n\u00e3o devem ser mantidos nessas condi\u00e7\u00f5es por longo tempo! Mesmo que caixa ou bolsa esteja limpa, o chocolate pode absorver aromas\/sabores indesejados. Ah, e <strong>evite usar isopor<\/strong>! Ele serve para transportar, mas n\u00e3o \u00e9 adequado para armazenar justamente por causa dos odores.<\/p>\n<p>\u00a0<\/p>\n<h3>Levando o produto at\u00e9 o cliente<\/h3>\n<p>Na hora do transporte, principalmente de longa dist\u00e2ncia, voc\u00ea vai precisar refor\u00e7ar a refrigera\u00e7\u00e3o e organizar direitinho os produtos:<\/p>\n<p>1 &#8211; Primeiro, climatize uma caixa, bolsa ou isopor, como vimos acima. Depois, junte o gelo reutiliz\u00e1vel ou garrafinhas de \u00e1gua congelada devidamente embalados em pl\u00e1stico-bolha e panos limpos. <strong>Aten\u00e7\u00e3o:<\/strong> embalar \u00e9 muito importante para evitar que a umidade condensada sobre o gelo molhe as embalagens ou seus produtos!<\/p>\n<p>2 &#8211; A melhor forma de organizar a produ\u00e7\u00e3o para o transporte \u00e9 entre <strong>camadas refrigeradas<\/strong>, no fundo e na parte superior do isopor ou caixa. Em recipientes grandes, voc\u00ea tamb\u00e9m pode adicionar gelo, embalado em pl\u00e1stico e tecido, nas laterais da caixa t\u00e9rmica<\/p>\n<p>3 &#8211; \u00c9 importante, tamb\u00e9m, \u201ctravar\u201d a produ\u00e7\u00e3o \u2013 ou seja, n\u00e3o deixar espa\u00e7o para as caixas e embalagens virarem dentro do isopor. Preencha os espa\u00e7os com <strong>papel-toalha <\/strong>ou<strong> pl\u00e1stico-bolha<\/strong>.<\/p>\n<p>\u00a0<\/p>\n<h3>Dica Importante<\/h3>\n<p>Para cristaliza\u00e7\u00f5es, as Coberturas Harald apresentam maior resist\u00eancia \u00e0 temperatura. Se voc\u00ea trabalhar em uma <strong>regi\u00e3o muito quente<\/strong>, elas podem ser a escolha mais pr\u00e1tica para fazer casquinhas e banhos, garantindo qualidade \u00e0 sua produ\u00e7\u00e3o.<\/p>\n<p>\u00a0<\/p>\n<h3>Al\u00e9m do site<\/h3>\n<p>Voc\u00ea tamb\u00e9m pode acompanhar nosso canal no\u00a0<a href=\"https:\/\/www.youtube.com\/user\/HaraldChocolates\/videos\"><strong>YouTube<\/strong><\/a>, esclarecer suas d\u00favidas conversando conosco pelo SAC ou seguindo a Harald no\u00a0<a href=\"https:\/\/www.facebook.com\/HaraldChocolates\"><strong>Facebook<\/strong><\/a><strong>\u00a0<\/strong>e no\u00a0<a href=\"https:\/\/www.instagram.com\/haraldchocolates\/\"><strong>Instagram<\/strong><\/a>. Estamos sempre dispon\u00edveis para ajudar e incentivar seu sucesso!<\/p>\n","protected":false},"excerpt":{"rendered":"<p>Siga nossas dicas para que seus produtos cheguem impec\u00e1veis aos clientes \u00a0 Com o calor do ver\u00e3o brasileiro, o transporte para a entrega dos produtos artesanais pede aten\u00e7\u00e3o especial. Como sabemos, a grande del\u00edcia do chocolate \u00e9 derreter na boca, levando \u00e0s explos\u00f5es de sabores que tanto amamos. Isso acontece por causa da manteiga de <a class=\"more-link\" href=\"https:\/\/homolog.harald.com.br\/site-2026\/blog\/como-transportar-chocolate-no-verao\/\">Read more&#8230;<\/a><\/p>\n","protected":false},"author":7,"featured_media":503,"comment_status":"open","ping_status":"open","sticky":false,"template":"single-blog.php","format":"standard","meta":{"_acf_changed":false,"_uag_custom_page_level_css":"","footnotes":""},"categories":[],"tags":[],"para-seu-negocio":[],"class_list":["post-502","post","type-post","status-publish","format-standard","has-post-thumbnail","hentry"],"acf":[],"yoast_head":"<!-- This site is optimized with the Yoast SEO plugin v26.3 - https:\/\/yoast.com\/wordpress\/plugins\/seo\/ -->\n<title>Como transportar chocolate no ver\u00e3o - Harald<\/title>\n<meta name=\"robots\" content=\"noindex, follow, max-snippet:-1, max-image-preview:large, max-video-preview:-1\" \/>\n<meta property=\"og:locale\" content=\"pt_BR\" \/>\n<meta property=\"og:type\" content=\"article\" \/>\n<meta property=\"og:title\" content=\"Como transportar chocolate no ver\u00e3o - Harald\" \/>\n<meta property=\"og:description\" content=\"Siga nossas dicas para que seus produtos cheguem impec\u00e1veis aos clientes \u00a0 Com o calor do ver\u00e3o brasileiro, o transporte para a entrega dos produtos artesanais pede aten\u00e7\u00e3o especial. Como sabemos, a grande del\u00edcia do chocolate \u00e9 derreter na boca, levando \u00e0s explos\u00f5es de sabores que tanto amamos. Isso acontece por causa da manteiga de Read more...\" \/>\n<meta property=\"og:url\" content=\"https:\/\/homolog.harald.com.br\/site-2026\/blog\/como-transportar-chocolate-no-verao\/\" \/>\n<meta property=\"og:site_name\" content=\"Harald\" \/>\n<meta property=\"article:publisher\" content=\"https:\/\/www.facebook.com\/HaraldChocolates\/\" \/>\n<meta property=\"article:published_time\" content=\"2021-01-11T18:00:41+00:00\" \/>\n<meta property=\"og:image\" content=\"https:\/\/homolog.harald.com.br\/site-2026\/wp-content\/uploads\/2021\/01\/blog-tranporte-verao-720x500-2.jpg\" \/>\n\t<meta property=\"og:image:width\" content=\"720\" \/>\n\t<meta property=\"og:image:height\" content=\"500\" \/>\n\t<meta property=\"og:image:type\" content=\"image\/jpeg\" \/>\n<meta name=\"author\" content=\"SAC Harald\" \/>\n<meta name=\"twitter:card\" content=\"summary_large_image\" \/>\n<meta name=\"twitter:label1\" content=\"Escrito por\" \/>\n\t<meta name=\"twitter:data1\" content=\"SAC Harald\" \/>\n\t<meta name=\"twitter:label2\" content=\"Est. tempo de leitura\" \/>\n\t<meta name=\"twitter:data2\" content=\"3 minutos\" \/>\n<script type=\"application\/ld+json\" class=\"yoast-schema-graph\">{\"@context\":\"https:\/\/schema.org\",\"@graph\":[{\"@type\":\"Article\",\"@id\":\"https:\/\/homolog.harald.com.br\/site-2026\/blog\/como-transportar-chocolate-no-verao\/#article\",\"isPartOf\":{\"@id\":\"https:\/\/homolog.harald.com.br\/site-2026\/blog\/como-transportar-chocolate-no-verao\/\"},\"author\":{\"name\":\"SAC Harald\",\"@id\":\"https:\/\/homolog.harald.com.br\/site-2026\/#\/schema\/person\/8f279aac8b97607e00c3bca057e0149d\"},\"headline\":\"Como transportar chocolate no ver\u00e3o\",\"datePublished\":\"2021-01-11T18:00:41+00:00\",\"mainEntityOfPage\":{\"@id\":\"https:\/\/homolog.harald.com.br\/site-2026\/blog\/como-transportar-chocolate-no-verao\/\"},\"wordCount\":615,\"commentCount\":0,\"publisher\":{\"@id\":\"https:\/\/homolog.harald.com.br\/site-2026\/#organization\"},\"image\":{\"@id\":\"https:\/\/homolog.harald.com.br\/site-2026\/blog\/como-transportar-chocolate-no-verao\/#primaryimage\"},\"thumbnailUrl\":\"https:\/\/homolog.harald.com.br\/site-2026\/wp-content\/uploads\/2021\/01\/blog-tranporte-verao-720x500-2.jpg\",\"inLanguage\":\"pt-BR\",\"potentialAction\":[{\"@type\":\"CommentAction\",\"name\":\"Comment\",\"target\":[\"https:\/\/homolog.harald.com.br\/site-2026\/blog\/como-transportar-chocolate-no-verao\/#respond\"]}]},{\"@type\":\"WebPage\",\"@id\":\"https:\/\/homolog.harald.com.br\/site-2026\/blog\/como-transportar-chocolate-no-verao\/\",\"url\":\"https:\/\/homolog.harald.com.br\/site-2026\/blog\/como-transportar-chocolate-no-verao\/\",\"name\":\"Como transportar chocolate no ver\u00e3o - Harald\",\"isPartOf\":{\"@id\":\"https:\/\/homolog.harald.com.br\/site-2026\/#website\"},\"primaryImageOfPage\":{\"@id\":\"https:\/\/homolog.harald.com.br\/site-2026\/blog\/como-transportar-chocolate-no-verao\/#primaryimage\"},\"image\":{\"@id\":\"https:\/\/homolog.harald.com.br\/site-2026\/blog\/como-transportar-chocolate-no-verao\/#primaryimage\"},\"thumbnailUrl\":\"https:\/\/homolog.harald.com.br\/site-2026\/wp-content\/uploads\/2021\/01\/blog-tranporte-verao-720x500-2.jpg\",\"datePublished\":\"2021-01-11T18:00:41+00:00\",\"breadcrumb\":{\"@id\":\"https:\/\/homolog.harald.com.br\/site-2026\/blog\/como-transportar-chocolate-no-verao\/#breadcrumb\"},\"inLanguage\":\"pt-BR\",\"potentialAction\":[{\"@type\":\"ReadAction\",\"target\":[\"https:\/\/homolog.harald.com.br\/site-2026\/blog\/como-transportar-chocolate-no-verao\/\"]}]},{\"@type\":\"ImageObject\",\"inLanguage\":\"pt-BR\",\"@id\":\"https:\/\/homolog.harald.com.br\/site-2026\/blog\/como-transportar-chocolate-no-verao\/#primaryimage\",\"url\":\"https:\/\/homolog.harald.com.br\/site-2026\/wp-content\/uploads\/2021\/01\/blog-tranporte-verao-720x500-2.jpg\",\"contentUrl\":\"https:\/\/homolog.harald.com.br\/site-2026\/wp-content\/uploads\/2021\/01\/blog-tranporte-verao-720x500-2.jpg\",\"width\":720,\"height\":500},{\"@type\":\"BreadcrumbList\",\"@id\":\"https:\/\/homolog.harald.com.br\/site-2026\/blog\/como-transportar-chocolate-no-verao\/#breadcrumb\",\"itemListElement\":[{\"@type\":\"ListItem\",\"position\":1,\"name\":\"In\u00edcio\",\"item\":\"https:\/\/homolog.harald.com.br\/site-2026\/\"},{\"@type\":\"ListItem\",\"position\":2,\"name\":\"Como transportar chocolate no ver\u00e3o\"}]},{\"@type\":\"WebSite\",\"@id\":\"https:\/\/homolog.harald.com.br\/site-2026\/#website\",\"url\":\"https:\/\/homolog.harald.com.br\/site-2026\/\",\"name\":\"Harald\",\"description\":\"Fazer melhor \u00e9 fazer com paix\u00e3o\",\"publisher\":{\"@id\":\"https:\/\/homolog.harald.com.br\/site-2026\/#organization\"},\"potentialAction\":[{\"@type\":\"SearchAction\",\"target\":{\"@type\":\"EntryPoint\",\"urlTemplate\":\"https:\/\/homolog.harald.com.br\/site-2026\/?s={search_term_string}\"},\"query-input\":{\"@type\":\"PropertyValueSpecification\",\"valueRequired\":true,\"valueName\":\"search_term_string\"}}],\"inLanguage\":\"pt-BR\"},{\"@type\":\"Organization\",\"@id\":\"https:\/\/homolog.harald.com.br\/site-2026\/#organization\",\"name\":\"Harald\",\"url\":\"https:\/\/homolog.harald.com.br\/site-2026\/\",\"logo\":{\"@type\":\"ImageObject\",\"inLanguage\":\"pt-BR\",\"@id\":\"https:\/\/homolog.harald.com.br\/site-2026\/#\/schema\/logo\/image\/\",\"url\":\"https:\/\/homolog.harald.com.br\/site-2026\/wp-content\/uploads\/2022\/09\/logo-harald-cmyk-ss.png\",\"contentUrl\":\"https:\/\/homolog.harald.com.br\/site-2026\/wp-content\/uploads\/2022\/09\/logo-harald-cmyk-ss.png\",\"width\":1948,\"height\":1051,\"caption\":\"Harald\"},\"image\":{\"@id\":\"https:\/\/homolog.harald.com.br\/site-2026\/#\/schema\/logo\/image\/\"},\"sameAs\":[\"https:\/\/www.facebook.com\/HaraldChocolates\/\",\"https:\/\/www.youtube.com\/user\/HaraldChocolates\"]},{\"@type\":\"Person\",\"@id\":\"https:\/\/homolog.harald.com.br\/site-2026\/#\/schema\/person\/8f279aac8b97607e00c3bca057e0149d\",\"name\":\"SAC Harald\",\"image\":{\"@type\":\"ImageObject\",\"inLanguage\":\"pt-BR\",\"@id\":\"https:\/\/homolog.harald.com.br\/site-2026\/#\/schema\/person\/image\/\",\"url\":\"https:\/\/secure.gravatar.com\/avatar\/639a81ac7e257761472bbd34ff65cfda9732c7ba914d3013ff3bc65cebcbf6b0?s=96&d=mm&r=g\",\"contentUrl\":\"https:\/\/secure.gravatar.com\/avatar\/639a81ac7e257761472bbd34ff65cfda9732c7ba914d3013ff3bc65cebcbf6b0?s=96&d=mm&r=g\",\"caption\":\"SAC Harald\"},\"url\":\"https:\/\/homolog.harald.com.br\/site-2026\/blog\/author\/sac-harald\/\"}]}<\/script>\n<!-- \/ Yoast SEO plugin. -->","yoast_head_json":{"title":"Como transportar chocolate no ver\u00e3o - Harald","robots":{"index":"noindex","follow":"follow","max-snippet":"max-snippet:-1","max-image-preview":"max-image-preview:large","max-video-preview":"max-video-preview:-1"},"og_locale":"pt_BR","og_type":"article","og_title":"Como transportar chocolate no ver\u00e3o - Harald","og_description":"Siga nossas dicas para que seus produtos cheguem impec\u00e1veis aos clientes \u00a0 Com o calor do ver\u00e3o brasileiro, o transporte para a entrega dos produtos artesanais pede aten\u00e7\u00e3o especial. Como sabemos, a grande del\u00edcia do chocolate \u00e9 derreter na boca, levando \u00e0s explos\u00f5es de sabores que tanto amamos. Isso acontece por causa da manteiga de Read more...","og_url":"https:\/\/homolog.harald.com.br\/site-2026\/blog\/como-transportar-chocolate-no-verao\/","og_site_name":"Harald","article_publisher":"https:\/\/www.facebook.com\/HaraldChocolates\/","article_published_time":"2021-01-11T18:00:41+00:00","og_image":[{"width":720,"height":500,"url":"https:\/\/homolog.harald.com.br\/site-2026\/wp-content\/uploads\/2021\/01\/blog-tranporte-verao-720x500-2.jpg","type":"image\/jpeg"}],"author":"SAC Harald","twitter_card":"summary_large_image","twitter_misc":{"Escrito por":"SAC Harald","Est. tempo de leitura":"3 minutos"},"schema":{"@context":"https:\/\/schema.org","@graph":[{"@type":"Article","@id":"https:\/\/homolog.harald.com.br\/site-2026\/blog\/como-transportar-chocolate-no-verao\/#article","isPartOf":{"@id":"https:\/\/homolog.harald.com.br\/site-2026\/blog\/como-transportar-chocolate-no-verao\/"},"author":{"name":"SAC Harald","@id":"https:\/\/homolog.harald.com.br\/site-2026\/#\/schema\/person\/8f279aac8b97607e00c3bca057e0149d"},"headline":"Como transportar chocolate no ver\u00e3o","datePublished":"2021-01-11T18:00:41+00:00","mainEntityOfPage":{"@id":"https:\/\/homolog.harald.com.br\/site-2026\/blog\/como-transportar-chocolate-no-verao\/"},"wordCount":615,"commentCount":0,"publisher":{"@id":"https:\/\/homolog.harald.com.br\/site-2026\/#organization"},"image":{"@id":"https:\/\/homolog.harald.com.br\/site-2026\/blog\/como-transportar-chocolate-no-verao\/#primaryimage"},"thumbnailUrl":"https:\/\/homolog.harald.com.br\/site-2026\/wp-content\/uploads\/2021\/01\/blog-tranporte-verao-720x500-2.jpg","inLanguage":"pt-BR","potentialAction":[{"@type":"CommentAction","name":"Comment","target":["https:\/\/homolog.harald.com.br\/site-2026\/blog\/como-transportar-chocolate-no-verao\/#respond"]}]},{"@type":"WebPage","@id":"https:\/\/homolog.harald.com.br\/site-2026\/blog\/como-transportar-chocolate-no-verao\/","url":"https:\/\/homolog.harald.com.br\/site-2026\/blog\/como-transportar-chocolate-no-verao\/","name":"Como transportar chocolate no ver\u00e3o - Harald","isPartOf":{"@id":"https:\/\/homolog.harald.com.br\/site-2026\/#website"},"primaryImageOfPage":{"@id":"https:\/\/homolog.harald.com.br\/site-2026\/blog\/como-transportar-chocolate-no-verao\/#primaryimage"},"image":{"@id":"https:\/\/homolog.harald.com.br\/site-2026\/blog\/como-transportar-chocolate-no-verao\/#primaryimage"},"thumbnailUrl":"https:\/\/homolog.harald.com.br\/site-2026\/wp-content\/uploads\/2021\/01\/blog-tranporte-verao-720x500-2.jpg","datePublished":"2021-01-11T18:00:41+00:00","breadcrumb":{"@id":"https:\/\/homolog.harald.com.br\/site-2026\/blog\/como-transportar-chocolate-no-verao\/#breadcrumb"},"inLanguage":"pt-BR","potentialAction":[{"@type":"ReadAction","target":["https:\/\/homolog.harald.com.br\/site-2026\/blog\/como-transportar-chocolate-no-verao\/"]}]},{"@type":"ImageObject","inLanguage":"pt-BR","@id":"https:\/\/homolog.harald.com.br\/site-2026\/blog\/como-transportar-chocolate-no-verao\/#primaryimage","url":"https:\/\/homolog.harald.com.br\/site-2026\/wp-content\/uploads\/2021\/01\/blog-tranporte-verao-720x500-2.jpg","contentUrl":"https:\/\/homolog.harald.com.br\/site-2026\/wp-content\/uploads\/2021\/01\/blog-tranporte-verao-720x500-2.jpg","width":720,"height":500},{"@type":"BreadcrumbList","@id":"https:\/\/homolog.harald.com.br\/site-2026\/blog\/como-transportar-chocolate-no-verao\/#breadcrumb","itemListElement":[{"@type":"ListItem","position":1,"name":"In\u00edcio","item":"https:\/\/homolog.harald.com.br\/site-2026\/"},{"@type":"ListItem","position":2,"name":"Como transportar chocolate no ver\u00e3o"}]},{"@type":"WebSite","@id":"https:\/\/homolog.harald.com.br\/site-2026\/#website","url":"https:\/\/homolog.harald.com.br\/site-2026\/","name":"Harald","description":"Fazer melhor \u00e9 fazer com paix\u00e3o","publisher":{"@id":"https:\/\/homolog.harald.com.br\/site-2026\/#organization"},"potentialAction":[{"@type":"SearchAction","target":{"@type":"EntryPoint","urlTemplate":"https:\/\/homolog.harald.com.br\/site-2026\/?s={search_term_string}"},"query-input":{"@type":"PropertyValueSpecification","valueRequired":true,"valueName":"search_term_string"}}],"inLanguage":"pt-BR"},{"@type":"Organization","@id":"https:\/\/homolog.harald.com.br\/site-2026\/#organization","name":"Harald","url":"https:\/\/homolog.harald.com.br\/site-2026\/","logo":{"@type":"ImageObject","inLanguage":"pt-BR","@id":"https:\/\/homolog.harald.com.br\/site-2026\/#\/schema\/logo\/image\/","url":"https:\/\/homolog.harald.com.br\/site-2026\/wp-content\/uploads\/2022\/09\/logo-harald-cmyk-ss.png","contentUrl":"https:\/\/homolog.harald.com.br\/site-2026\/wp-content\/uploads\/2022\/09\/logo-harald-cmyk-ss.png","width":1948,"height":1051,"caption":"Harald"},"image":{"@id":"https:\/\/homolog.harald.com.br\/site-2026\/#\/schema\/logo\/image\/"},"sameAs":["https:\/\/www.facebook.com\/HaraldChocolates\/","https:\/\/www.youtube.com\/user\/HaraldChocolates"]},{"@type":"Person","@id":"https:\/\/homolog.harald.com.br\/site-2026\/#\/schema\/person\/8f279aac8b97607e00c3bca057e0149d","name":"SAC Harald","image":{"@type":"ImageObject","inLanguage":"pt-BR","@id":"https:\/\/homolog.harald.com.br\/site-2026\/#\/schema\/person\/image\/","url":"https:\/\/secure.gravatar.com\/avatar\/639a81ac7e257761472bbd34ff65cfda9732c7ba914d3013ff3bc65cebcbf6b0?s=96&d=mm&r=g","contentUrl":"https:\/\/secure.gravatar.com\/avatar\/639a81ac7e257761472bbd34ff65cfda9732c7ba914d3013ff3bc65cebcbf6b0?s=96&d=mm&r=g","caption":"SAC Harald"},"url":"https:\/\/homolog.harald.com.br\/site-2026\/blog\/author\/sac-harald\/"}]}},"uagb_featured_image_src":{"full":["https:\/\/homolog.harald.com.br\/site-2026\/wp-content\/uploads\/2021\/01\/blog-tranporte-verao-720x500-2.jpg",720,500,false],"thumbnail":["https:\/\/homolog.harald.com.br\/site-2026\/wp-content\/uploads\/2021\/01\/blog-tranporte-verao-720x500-2-150x150.jpg",150,150,true],"medium":["https:\/\/homolog.harald.com.br\/site-2026\/wp-content\/uploads\/2021\/01\/blog-tranporte-verao-720x500-2-300x208.jpg",300,208,true],"medium_large":["https:\/\/homolog.harald.com.br\/site-2026\/wp-content\/uploads\/2021\/01\/blog-tranporte-verao-720x500-2.jpg",720,500,false],"large":["https:\/\/homolog.harald.com.br\/site-2026\/wp-content\/uploads\/2021\/01\/blog-tranporte-verao-720x500-2.jpg",720,500,false],"1536x1536":["https:\/\/homolog.harald.com.br\/site-2026\/wp-content\/uploads\/2021\/01\/blog-tranporte-verao-720x500-2.jpg",720,500,false],"2048x2048":["https:\/\/homolog.harald.com.br\/site-2026\/wp-content\/uploads\/2021\/01\/blog-tranporte-verao-720x500-2.jpg",720,500,false],"full-width":["https:\/\/homolog.harald.com.br\/site-2026\/wp-content\/uploads\/2021\/01\/blog-tranporte-verao-720x500-2.jpg",720,500,false],"gform-image-choice-sm":["https:\/\/homolog.harald.com.br\/site-2026\/wp-content\/uploads\/2021\/01\/blog-tranporte-verao-720x500-2.jpg",300,208,false],"gform-image-choice-md":["https:\/\/homolog.harald.com.br\/site-2026\/wp-content\/uploads\/2021\/01\/blog-tranporte-verao-720x500-2.jpg",400,278,false],"gform-image-choice-lg":["https:\/\/homolog.harald.com.br\/site-2026\/wp-content\/uploads\/2021\/01\/blog-tranporte-verao-720x500-2.jpg",600,417,false]},"uagb_author_info":{"display_name":"SAC Harald","author_link":"https:\/\/homolog.harald.com.br\/site-2026\/blog\/author\/sac-harald\/"},"uagb_comment_info":0,"uagb_excerpt":"Siga nossas dicas para que seus produtos cheguem impec\u00e1veis aos clientes \u00a0 Com o calor do ver\u00e3o brasileiro, o transporte para a entrega dos produtos artesanais pede aten\u00e7\u00e3o especial. Como sabemos, a grande del\u00edcia do chocolate \u00e9 derreter na boca, levando \u00e0s explos\u00f5es de sabores que tanto amamos. Isso acontece por causa da manteiga de&hellip;","_links":{"self":[{"href":"https:\/\/homolog.harald.com.br\/site-2026\/wp-json\/wp\/v2\/posts\/502","targetHints":{"allow":["GET"]}}],"collection":[{"href":"https:\/\/homolog.harald.com.br\/site-2026\/wp-json\/wp\/v2\/posts"}],"about":[{"href":"https:\/\/homolog.harald.com.br\/site-2026\/wp-json\/wp\/v2\/types\/post"}],"author":[{"embeddable":true,"href":"https:\/\/homolog.harald.com.br\/site-2026\/wp-json\/wp\/v2\/users\/7"}],"replies":[{"embeddable":true,"href":"https:\/\/homolog.harald.com.br\/site-2026\/wp-json\/wp\/v2\/comments?post=502"}],"version-history":[{"count":0,"href":"https:\/\/homolog.harald.com.br\/site-2026\/wp-json\/wp\/v2\/posts\/502\/revisions"}],"wp:featuredmedia":[{"embeddable":true,"href":"https:\/\/homolog.harald.com.br\/site-2026\/wp-json\/wp\/v2\/media\/503"}],"wp:attachment":[{"href":"https:\/\/homolog.harald.com.br\/site-2026\/wp-json\/wp\/v2\/media?parent=502"}],"wp:term":[{"taxonomy":"category","embeddable":true,"href":"https:\/\/homolog.harald.com.br\/site-2026\/wp-json\/wp\/v2\/categories?post=502"},{"taxonomy":"post_tag","embeddable":true,"href":"https:\/\/homolog.harald.com.br\/site-2026\/wp-json\/wp\/v2\/tags?post=502"},{"taxonomy":"para-seu-negocio","embeddable":true,"href":"https:\/\/homolog.harald.com.br\/site-2026\/wp-json\/wp\/v2\/para-seu-negocio?post=502"}],"curies":[{"name":"wp","href":"https:\/\/api.w.org\/{rel}","templated":true}]}}