{"id":490,"date":"2021-02-19T17:50:38","date_gmt":"2021-02-19T20:50:38","guid":{"rendered":"https:\/\/homolog.harald.com.br\/site-2026\/?p=84986"},"modified":"2021-02-19T17:50:38","modified_gmt":"2021-02-19T20:50:38","slug":"a-primeira-pascoa-dos-chefs","status":"publish","type":"post","link":"https:\/\/homolog.harald.com.br\/site-2026\/blog\/a-primeira-pascoa-dos-chefs\/","title":{"rendered":"A primeira P\u00e1scoa dos chefs"},"content":{"rendered":"<p><img loading=\"lazy\" decoding=\"async\" class=\"size-full wp-image-84997\" src=\"https:\/\/homolog.harald.com.br\/site-2026\/wp-content\/uploads\/2021\/02\/Ilus1_Blog_Entresvita_Chefs.jpg\" alt=\"entrevista chefs\" width=\"1600\" height=\"920\" \/><\/p>\n<p style=\"text-align: center\"><em>Alexandre Bispo, Lucas Corazza, Rafael Barros e Vivian Feldman falam sobre os desafios do in\u00edcio de carreira e d\u00e3o dicas para quem est\u00e1 come\u00e7ando<\/em><\/p>\n<p>\u00a0<\/p>\n<p style=\"text-align: center\">Se voc\u00ea j\u00e1 viu alguma live dos chefs confeiteiros <strong><em>Alexandre Bispo<\/em><\/strong>, <em><strong>Lucas Corazza<\/strong><\/em>, <strong><em>Rafael Barros<\/em><\/strong> ou<strong><em> Vivian Feldman<\/em><\/strong> no <strong><a href=\"https:\/\/www.facebook.com\/HaraldChocolates\">Facebook da Harald<\/a><\/strong>, pode pensar que eles j\u00e1 nasceram prontos para trabalhar com chocolate, de t\u00e3o h\u00e1beis e eficientes que s\u00e3o. Como todo mundo, por\u00e9m, os quatro tamb\u00e9m passaram por algumas dificuldades no in\u00edcio da carreira. Na primeira P\u00e1scoa de cada um, por exemplo, n\u00e3o faltaram contratempos.<\/p>\n<p style=\"text-align: center\">\n<p style=\"text-align: center\">Lucas e Rafael lembram de enfrentar um problema comum: o calor dos meses que antecedem a data comemorativa. \u201cEu armazenava os ovos no quarto da minha m\u00e3e, pois era o c\u00f4modo mais fresco da casa\u201d, diz Rafael. Por ter ar-condicionado, a sala de TV da fam\u00edlia de Lucas virou uma oficina improvisada. \u201cForrei tudo com uma lona descart\u00e1vel e ficava trabalhando ali\u201d, conta ele. Mas nem o ambiente climatizado foi suficiente para que tudo corresse \u00e0s mil maravilhas. \u201cEu n\u00e3o sabia manter o chocolate temperado entre cada rodada do preparo\u201d, fala. \u201cPerdi muito tempo com isso.\u201d<\/p>\n<p style=\"text-align: center\">\n<p style=\"text-align: center\">Vivian Feldman admite que, em sua primeira P\u00e1scoa, nunca tinha ouvido falar que era preciso fazer a <strong><a href=\"https:\/\/homolog.harald.com.br\/site-2026\/tecnicas\/tempera-do-chocolate\/\">t\u00eampera do chocolate<\/a><\/strong>. Seus ovos e bombons n\u00e3o soltavam das formas e derretiam com facilidade. \u201cFoi uma experi\u00eancia bem frustrante, mas que me motivou a buscar conhecimento\u201d, diz ela. Da mesma forma, Alexandre Bispo conta que sofreu com a falta de informa\u00e7\u00f5es. \u201cTive que aprender no sufoco, tentava adivinhar por que o chocolate ficava esbranqui\u00e7ado sem saber o que era <strong><a href=\"https:\/\/homolog.harald.com.br\/site-2026\/blog\/fat-bloom-o-chocolate-esbranquicado\/\">fat bloom<\/a><\/strong>.&#8221;<\/p>\n<p style=\"text-align: center\"><img loading=\"lazy\" decoding=\"async\" class=\"aligncenter size-full wp-image-85000\" src=\"https:\/\/homolog.harald.com.br\/site-2026\/wp-content\/uploads\/2021\/02\/Ilus2_Blog_Entresvita_Chefs.jpg\" alt=\"\" width=\"1600\" height=\"534\" \/><\/p>\n<p style=\"text-align: center\">Portanto, que sugest\u00f5es eles d\u00e3o para os coelhinhos de primeira viagem? \u201cEstude, estude e estude\u201d, recomenda Alexandre Bispo. \u201cHoje em dia, temos acesso muito mais f\u00e1cil \u00e0s informa\u00e7\u00f5es.\u201d Vivian Feldman compartilha a opini\u00e3o do colega: \u201cAconselho a buscar fundamentos t\u00e9cnicos e de produto. Esse conhecimento b\u00e1sico far\u00e1 toda a diferen\u00e7a no resultado de sua produ\u00e7\u00e3o, na sua satisfa\u00e7\u00e3o pessoal e profissional e no sucesso de suas vendas\u201d. Como diz Rafael Barros, aproveite a internet! Aqui mesmo, no site da Harald, mas tamb\u00e9m em nosso <strong><a href=\"https:\/\/www.youtube.com\/user\/HaraldChocolates\">canal no YouTube<\/a><\/strong>, voc\u00ea tem acesso a conte\u00fado e v\u00eddeos que ensinam a <strong><a href=\"https:\/\/homolog.harald.com.br\/site-2026\/tecnicas\/derretimento-de-chocolates-e-coberturas\/\">derreter chocolates e coberturas<\/a><\/strong>, <strong><a href=\"https:\/\/homolog.harald.com.br\/site-2026\/tecnicas\/fazendo-ganaches\/\">fazer ganaches<\/a><\/strong>, moldar ovos de P\u00e1scoa em <strong><a href=\"https:\/\/homolog.harald.com.br\/site-2026\/tecnicas\/moldando-ovo-de-pascoa-forma-de-silicone\/\">formas de silicone<\/a><\/strong> ou com a <strong><a href=\"https:\/\/homolog.harald.com.br\/site-2026\/tecnicas\/moldando-ovo-de-pascoa-tecnica-do-giro\/\">t\u00e9cnica do giro<\/a><\/strong>\u00a0e v\u00e1rios outros temas.<\/p>\n<p style=\"text-align: center\">Por fim, duas dicas importantes dizem respeito \u00e0s gostosuras que voc\u00ea pode oferecer em sua primeira P\u00e1scoa. \u201cEscolha um card\u00e1pio pequeno, para ser mais f\u00e1cil de se posicionar no mercado\u201d, sugere Bispo. \u201cOs clientes v\u00e3o comprar o que voc\u00ea tiver dispon\u00edvel.\u201d Ele alerta que pegar encomendas de muitos sabores diferentes pode fazer com que voc\u00ea acabe com ingredientes sobrando. Lucas Corazza completa: \u201cFa\u00e7a produtos que sejam condizentes com a realidade de seu consumidor. Se ele s\u00f3 tem verba para comprar ovos feitos com cobertura, capriche nisso e incremente com recheios de brigadeiro ou ganache de chocolate e creme de leite, por exemplo\u201d. O segredo, diz ele, \u00e9 achar seu p\u00fablico e oferecer o melhor produto poss\u00edvel.<\/p>\n<h3><img loading=\"lazy\" decoding=\"async\" class=\"aligncenter size-full wp-image-85003\" src=\"https:\/\/homolog.harald.com.br\/site-2026\/wp-content\/uploads\/2021\/02\/Ilus3_Blog_Entresvita_Chefs.jpg\" alt=\"\" width=\"1600\" height=\"683\" \/><\/h3>\n<h3><\/h3>\n<h3>Al\u00e9m do site<\/h3>\n<p style=\"text-align: center\">Voc\u00ea tamb\u00e9m pode acompanhar nosso canal no <strong><a href=\"https:\/\/www.youtube.com\/user\/HaraldChocolates\">YouTube<\/a><\/strong>, esclarecer suas d\u00favidas conversando conosco pelo SAC ou seguindo a Harald no <strong><a href=\"https:\/\/www.facebook.com\/HaraldChocolates\">Facebook<\/a><\/strong> e no <strong><a href=\"https:\/\/www.instagram.com\/haraldchocolates\/\">Instagram<\/a><\/strong>.\u00a0Estamos sempre dispon\u00edveis para ajudar e incentivar seu sucesso!<\/p>\n","protected":false},"excerpt":{"rendered":"<p>Alexandre Bispo, Lucas Corazza, Rafael Barros e Vivian Feldman falam sobre os desafios do in\u00edcio de carreira e d\u00e3o dicas para quem est\u00e1 come\u00e7ando \u00a0 Se voc\u00ea j\u00e1 viu alguma live dos chefs confeiteiros Alexandre Bispo, Lucas Corazza, Rafael Barros ou Vivian Feldman no Facebook da Harald, pode pensar que eles j\u00e1 nasceram prontos para <a class=\"more-link\" href=\"https:\/\/homolog.harald.com.br\/site-2026\/blog\/a-primeira-pascoa-dos-chefs\/\">Read more&#8230;<\/a><\/p>\n","protected":false},"author":7,"featured_media":491,"comment_status":"open","ping_status":"open","sticky":false,"template":"single-blog.php","format":"standard","meta":{"_acf_changed":false,"_uag_custom_page_level_css":"","footnotes":""},"categories":[],"tags":[],"para-seu-negocio":[],"class_list":["post-490","post","type-post","status-publish","format-standard","has-post-thumbnail","hentry"],"acf":[],"yoast_head":"<!-- This site is optimized with the Yoast SEO plugin v26.3 - https:\/\/yoast.com\/wordpress\/plugins\/seo\/ -->\n<title>A primeira P\u00e1scoa dos chefs - Harald<\/title>\n<meta name=\"robots\" content=\"noindex, follow, max-snippet:-1, max-image-preview:large, max-video-preview:-1\" \/>\n<meta property=\"og:locale\" content=\"pt_BR\" \/>\n<meta property=\"og:type\" content=\"article\" \/>\n<meta property=\"og:title\" content=\"A primeira P\u00e1scoa dos chefs - Harald\" \/>\n<meta property=\"og:description\" content=\"Alexandre Bispo, Lucas Corazza, Rafael Barros e Vivian Feldman falam sobre os desafios do in\u00edcio de carreira e d\u00e3o dicas para quem est\u00e1 come\u00e7ando \u00a0 Se voc\u00ea j\u00e1 viu alguma live dos chefs confeiteiros Alexandre Bispo, Lucas Corazza, Rafael Barros ou Vivian Feldman no Facebook da Harald, pode pensar que eles j\u00e1 nasceram prontos para Read more...\" \/>\n<meta property=\"og:url\" content=\"https:\/\/homolog.harald.com.br\/site-2026\/blog\/a-primeira-pascoa-dos-chefs\/\" \/>\n<meta property=\"og:site_name\" content=\"Harald\" \/>\n<meta property=\"article:publisher\" content=\"https:\/\/www.facebook.com\/HaraldChocolates\/\" \/>\n<meta property=\"article:published_time\" content=\"2021-02-19T20:50:38+00:00\" \/>\n<meta property=\"og:image\" content=\"https:\/\/homolog.harald.com.br\/site-2026\/wp-content\/uploads\/2021\/02\/blog-entresvita-chefs-720x500-1.jpg\" \/>\n\t<meta property=\"og:image:width\" content=\"720\" \/>\n\t<meta property=\"og:image:height\" content=\"500\" \/>\n\t<meta property=\"og:image:type\" content=\"image\/jpeg\" \/>\n<meta name=\"author\" content=\"SAC Harald\" \/>\n<meta name=\"twitter:card\" content=\"summary_large_image\" \/>\n<meta name=\"twitter:label1\" content=\"Escrito por\" \/>\n\t<meta name=\"twitter:data1\" content=\"SAC Harald\" \/>\n\t<meta name=\"twitter:label2\" content=\"Est. tempo de leitura\" \/>\n\t<meta name=\"twitter:data2\" content=\"3 minutos\" \/>\n<script type=\"application\/ld+json\" class=\"yoast-schema-graph\">{\"@context\":\"https:\/\/schema.org\",\"@graph\":[{\"@type\":\"Article\",\"@id\":\"https:\/\/homolog.harald.com.br\/site-2026\/blog\/a-primeira-pascoa-dos-chefs\/#article\",\"isPartOf\":{\"@id\":\"https:\/\/homolog.harald.com.br\/site-2026\/blog\/a-primeira-pascoa-dos-chefs\/\"},\"author\":{\"name\":\"SAC Harald\",\"@id\":\"https:\/\/homolog.harald.com.br\/site-2026\/#\/schema\/person\/8f279aac8b97607e00c3bca057e0149d\"},\"headline\":\"A primeira P\u00e1scoa dos chefs\",\"datePublished\":\"2021-02-19T20:50:38+00:00\",\"mainEntityOfPage\":{\"@id\":\"https:\/\/homolog.harald.com.br\/site-2026\/blog\/a-primeira-pascoa-dos-chefs\/\"},\"wordCount\":593,\"commentCount\":0,\"publisher\":{\"@id\":\"https:\/\/homolog.harald.com.br\/site-2026\/#organization\"},\"image\":{\"@id\":\"https:\/\/homolog.harald.com.br\/site-2026\/blog\/a-primeira-pascoa-dos-chefs\/#primaryimage\"},\"thumbnailUrl\":\"https:\/\/homolog.harald.com.br\/site-2026\/wp-content\/uploads\/2021\/02\/blog-entresvita-chefs-720x500-1.jpg\",\"inLanguage\":\"pt-BR\",\"potentialAction\":[{\"@type\":\"CommentAction\",\"name\":\"Comment\",\"target\":[\"https:\/\/homolog.harald.com.br\/site-2026\/blog\/a-primeira-pascoa-dos-chefs\/#respond\"]}]},{\"@type\":\"WebPage\",\"@id\":\"https:\/\/homolog.harald.com.br\/site-2026\/blog\/a-primeira-pascoa-dos-chefs\/\",\"url\":\"https:\/\/homolog.harald.com.br\/site-2026\/blog\/a-primeira-pascoa-dos-chefs\/\",\"name\":\"A primeira P\u00e1scoa dos chefs - Harald\",\"isPartOf\":{\"@id\":\"https:\/\/homolog.harald.com.br\/site-2026\/#website\"},\"primaryImageOfPage\":{\"@id\":\"https:\/\/homolog.harald.com.br\/site-2026\/blog\/a-primeira-pascoa-dos-chefs\/#primaryimage\"},\"image\":{\"@id\":\"https:\/\/homolog.harald.com.br\/site-2026\/blog\/a-primeira-pascoa-dos-chefs\/#primaryimage\"},\"thumbnailUrl\":\"https:\/\/homolog.harald.com.br\/site-2026\/wp-content\/uploads\/2021\/02\/blog-entresvita-chefs-720x500-1.jpg\",\"datePublished\":\"2021-02-19T20:50:38+00:00\",\"breadcrumb\":{\"@id\":\"https:\/\/homolog.harald.com.br\/site-2026\/blog\/a-primeira-pascoa-dos-chefs\/#breadcrumb\"},\"inLanguage\":\"pt-BR\",\"potentialAction\":[{\"@type\":\"ReadAction\",\"target\":[\"https:\/\/homolog.harald.com.br\/site-2026\/blog\/a-primeira-pascoa-dos-chefs\/\"]}]},{\"@type\":\"ImageObject\",\"inLanguage\":\"pt-BR\",\"@id\":\"https:\/\/homolog.harald.com.br\/site-2026\/blog\/a-primeira-pascoa-dos-chefs\/#primaryimage\",\"url\":\"https:\/\/homolog.harald.com.br\/site-2026\/wp-content\/uploads\/2021\/02\/blog-entresvita-chefs-720x500-1.jpg\",\"contentUrl\":\"https:\/\/homolog.harald.com.br\/site-2026\/wp-content\/uploads\/2021\/02\/blog-entresvita-chefs-720x500-1.jpg\",\"width\":720,\"height\":500},{\"@type\":\"BreadcrumbList\",\"@id\":\"https:\/\/homolog.harald.com.br\/site-2026\/blog\/a-primeira-pascoa-dos-chefs\/#breadcrumb\",\"itemListElement\":[{\"@type\":\"ListItem\",\"position\":1,\"name\":\"In\u00edcio\",\"item\":\"https:\/\/homolog.harald.com.br\/site-2026\/\"},{\"@type\":\"ListItem\",\"position\":2,\"name\":\"A primeira P\u00e1scoa dos chefs\"}]},{\"@type\":\"WebSite\",\"@id\":\"https:\/\/homolog.harald.com.br\/site-2026\/#website\",\"url\":\"https:\/\/homolog.harald.com.br\/site-2026\/\",\"name\":\"Harald\",\"description\":\"Fazer melhor \u00e9 fazer com paix\u00e3o\",\"publisher\":{\"@id\":\"https:\/\/homolog.harald.com.br\/site-2026\/#organization\"},\"potentialAction\":[{\"@type\":\"SearchAction\",\"target\":{\"@type\":\"EntryPoint\",\"urlTemplate\":\"https:\/\/homolog.harald.com.br\/site-2026\/?s={search_term_string}\"},\"query-input\":{\"@type\":\"PropertyValueSpecification\",\"valueRequired\":true,\"valueName\":\"search_term_string\"}}],\"inLanguage\":\"pt-BR\"},{\"@type\":\"Organization\",\"@id\":\"https:\/\/homolog.harald.com.br\/site-2026\/#organization\",\"name\":\"Harald\",\"url\":\"https:\/\/homolog.harald.com.br\/site-2026\/\",\"logo\":{\"@type\":\"ImageObject\",\"inLanguage\":\"pt-BR\",\"@id\":\"https:\/\/homolog.harald.com.br\/site-2026\/#\/schema\/logo\/image\/\",\"url\":\"https:\/\/homolog.harald.com.br\/site-2026\/wp-content\/uploads\/2022\/09\/logo-harald-cmyk-ss.png\",\"contentUrl\":\"https:\/\/homolog.harald.com.br\/site-2026\/wp-content\/uploads\/2022\/09\/logo-harald-cmyk-ss.png\",\"width\":1948,\"height\":1051,\"caption\":\"Harald\"},\"image\":{\"@id\":\"https:\/\/homolog.harald.com.br\/site-2026\/#\/schema\/logo\/image\/\"},\"sameAs\":[\"https:\/\/www.facebook.com\/HaraldChocolates\/\",\"https:\/\/www.youtube.com\/user\/HaraldChocolates\"]},{\"@type\":\"Person\",\"@id\":\"https:\/\/homolog.harald.com.br\/site-2026\/#\/schema\/person\/8f279aac8b97607e00c3bca057e0149d\",\"name\":\"SAC Harald\",\"image\":{\"@type\":\"ImageObject\",\"inLanguage\":\"pt-BR\",\"@id\":\"https:\/\/homolog.harald.com.br\/site-2026\/#\/schema\/person\/image\/\",\"url\":\"https:\/\/secure.gravatar.com\/avatar\/639a81ac7e257761472bbd34ff65cfda9732c7ba914d3013ff3bc65cebcbf6b0?s=96&d=mm&r=g\",\"contentUrl\":\"https:\/\/secure.gravatar.com\/avatar\/639a81ac7e257761472bbd34ff65cfda9732c7ba914d3013ff3bc65cebcbf6b0?s=96&d=mm&r=g\",\"caption\":\"SAC Harald\"},\"url\":\"https:\/\/homolog.harald.com.br\/site-2026\/blog\/author\/sac-harald\/\"}]}<\/script>\n<!-- \/ Yoast SEO plugin. -->","yoast_head_json":{"title":"A primeira P\u00e1scoa dos chefs - Harald","robots":{"index":"noindex","follow":"follow","max-snippet":"max-snippet:-1","max-image-preview":"max-image-preview:large","max-video-preview":"max-video-preview:-1"},"og_locale":"pt_BR","og_type":"article","og_title":"A primeira P\u00e1scoa dos chefs - Harald","og_description":"Alexandre Bispo, Lucas Corazza, Rafael Barros e Vivian Feldman falam sobre os desafios do in\u00edcio de carreira e d\u00e3o dicas para quem est\u00e1 come\u00e7ando \u00a0 Se voc\u00ea j\u00e1 viu alguma live dos chefs confeiteiros Alexandre Bispo, Lucas Corazza, Rafael Barros ou Vivian Feldman no Facebook da Harald, pode pensar que eles j\u00e1 nasceram prontos para Read more...","og_url":"https:\/\/homolog.harald.com.br\/site-2026\/blog\/a-primeira-pascoa-dos-chefs\/","og_site_name":"Harald","article_publisher":"https:\/\/www.facebook.com\/HaraldChocolates\/","article_published_time":"2021-02-19T20:50:38+00:00","og_image":[{"width":720,"height":500,"url":"https:\/\/homolog.harald.com.br\/site-2026\/wp-content\/uploads\/2021\/02\/blog-entresvita-chefs-720x500-1.jpg","type":"image\/jpeg"}],"author":"SAC Harald","twitter_card":"summary_large_image","twitter_misc":{"Escrito por":"SAC Harald","Est. tempo de leitura":"3 minutos"},"schema":{"@context":"https:\/\/schema.org","@graph":[{"@type":"Article","@id":"https:\/\/homolog.harald.com.br\/site-2026\/blog\/a-primeira-pascoa-dos-chefs\/#article","isPartOf":{"@id":"https:\/\/homolog.harald.com.br\/site-2026\/blog\/a-primeira-pascoa-dos-chefs\/"},"author":{"name":"SAC Harald","@id":"https:\/\/homolog.harald.com.br\/site-2026\/#\/schema\/person\/8f279aac8b97607e00c3bca057e0149d"},"headline":"A primeira P\u00e1scoa dos chefs","datePublished":"2021-02-19T20:50:38+00:00","mainEntityOfPage":{"@id":"https:\/\/homolog.harald.com.br\/site-2026\/blog\/a-primeira-pascoa-dos-chefs\/"},"wordCount":593,"commentCount":0,"publisher":{"@id":"https:\/\/homolog.harald.com.br\/site-2026\/#organization"},"image":{"@id":"https:\/\/homolog.harald.com.br\/site-2026\/blog\/a-primeira-pascoa-dos-chefs\/#primaryimage"},"thumbnailUrl":"https:\/\/homolog.harald.com.br\/site-2026\/wp-content\/uploads\/2021\/02\/blog-entresvita-chefs-720x500-1.jpg","inLanguage":"pt-BR","potentialAction":[{"@type":"CommentAction","name":"Comment","target":["https:\/\/homolog.harald.com.br\/site-2026\/blog\/a-primeira-pascoa-dos-chefs\/#respond"]}]},{"@type":"WebPage","@id":"https:\/\/homolog.harald.com.br\/site-2026\/blog\/a-primeira-pascoa-dos-chefs\/","url":"https:\/\/homolog.harald.com.br\/site-2026\/blog\/a-primeira-pascoa-dos-chefs\/","name":"A primeira P\u00e1scoa dos chefs - Harald","isPartOf":{"@id":"https:\/\/homolog.harald.com.br\/site-2026\/#website"},"primaryImageOfPage":{"@id":"https:\/\/homolog.harald.com.br\/site-2026\/blog\/a-primeira-pascoa-dos-chefs\/#primaryimage"},"image":{"@id":"https:\/\/homolog.harald.com.br\/site-2026\/blog\/a-primeira-pascoa-dos-chefs\/#primaryimage"},"thumbnailUrl":"https:\/\/homolog.harald.com.br\/site-2026\/wp-content\/uploads\/2021\/02\/blog-entresvita-chefs-720x500-1.jpg","datePublished":"2021-02-19T20:50:38+00:00","breadcrumb":{"@id":"https:\/\/homolog.harald.com.br\/site-2026\/blog\/a-primeira-pascoa-dos-chefs\/#breadcrumb"},"inLanguage":"pt-BR","potentialAction":[{"@type":"ReadAction","target":["https:\/\/homolog.harald.com.br\/site-2026\/blog\/a-primeira-pascoa-dos-chefs\/"]}]},{"@type":"ImageObject","inLanguage":"pt-BR","@id":"https:\/\/homolog.harald.com.br\/site-2026\/blog\/a-primeira-pascoa-dos-chefs\/#primaryimage","url":"https:\/\/homolog.harald.com.br\/site-2026\/wp-content\/uploads\/2021\/02\/blog-entresvita-chefs-720x500-1.jpg","contentUrl":"https:\/\/homolog.harald.com.br\/site-2026\/wp-content\/uploads\/2021\/02\/blog-entresvita-chefs-720x500-1.jpg","width":720,"height":500},{"@type":"BreadcrumbList","@id":"https:\/\/homolog.harald.com.br\/site-2026\/blog\/a-primeira-pascoa-dos-chefs\/#breadcrumb","itemListElement":[{"@type":"ListItem","position":1,"name":"In\u00edcio","item":"https:\/\/homolog.harald.com.br\/site-2026\/"},{"@type":"ListItem","position":2,"name":"A primeira P\u00e1scoa dos chefs"}]},{"@type":"WebSite","@id":"https:\/\/homolog.harald.com.br\/site-2026\/#website","url":"https:\/\/homolog.harald.com.br\/site-2026\/","name":"Harald","description":"Fazer melhor \u00e9 fazer com paix\u00e3o","publisher":{"@id":"https:\/\/homolog.harald.com.br\/site-2026\/#organization"},"potentialAction":[{"@type":"SearchAction","target":{"@type":"EntryPoint","urlTemplate":"https:\/\/homolog.harald.com.br\/site-2026\/?s={search_term_string}"},"query-input":{"@type":"PropertyValueSpecification","valueRequired":true,"valueName":"search_term_string"}}],"inLanguage":"pt-BR"},{"@type":"Organization","@id":"https:\/\/homolog.harald.com.br\/site-2026\/#organization","name":"Harald","url":"https:\/\/homolog.harald.com.br\/site-2026\/","logo":{"@type":"ImageObject","inLanguage":"pt-BR","@id":"https:\/\/homolog.harald.com.br\/site-2026\/#\/schema\/logo\/image\/","url":"https:\/\/homolog.harald.com.br\/site-2026\/wp-content\/uploads\/2022\/09\/logo-harald-cmyk-ss.png","contentUrl":"https:\/\/homolog.harald.com.br\/site-2026\/wp-content\/uploads\/2022\/09\/logo-harald-cmyk-ss.png","width":1948,"height":1051,"caption":"Harald"},"image":{"@id":"https:\/\/homolog.harald.com.br\/site-2026\/#\/schema\/logo\/image\/"},"sameAs":["https:\/\/www.facebook.com\/HaraldChocolates\/","https:\/\/www.youtube.com\/user\/HaraldChocolates"]},{"@type":"Person","@id":"https:\/\/homolog.harald.com.br\/site-2026\/#\/schema\/person\/8f279aac8b97607e00c3bca057e0149d","name":"SAC Harald","image":{"@type":"ImageObject","inLanguage":"pt-BR","@id":"https:\/\/homolog.harald.com.br\/site-2026\/#\/schema\/person\/image\/","url":"https:\/\/secure.gravatar.com\/avatar\/639a81ac7e257761472bbd34ff65cfda9732c7ba914d3013ff3bc65cebcbf6b0?s=96&d=mm&r=g","contentUrl":"https:\/\/secure.gravatar.com\/avatar\/639a81ac7e257761472bbd34ff65cfda9732c7ba914d3013ff3bc65cebcbf6b0?s=96&d=mm&r=g","caption":"SAC Harald"},"url":"https:\/\/homolog.harald.com.br\/site-2026\/blog\/author\/sac-harald\/"}]}},"uagb_featured_image_src":{"full":["https:\/\/homolog.harald.com.br\/site-2026\/wp-content\/uploads\/2021\/02\/blog-entresvita-chefs-720x500-1.jpg",720,500,false],"thumbnail":["https:\/\/homolog.harald.com.br\/site-2026\/wp-content\/uploads\/2021\/02\/blog-entresvita-chefs-720x500-1-150x150.jpg",150,150,true],"medium":["https:\/\/homolog.harald.com.br\/site-2026\/wp-content\/uploads\/2021\/02\/blog-entresvita-chefs-720x500-1-300x208.jpg",300,208,true],"medium_large":["https:\/\/homolog.harald.com.br\/site-2026\/wp-content\/uploads\/2021\/02\/blog-entresvita-chefs-720x500-1.jpg",720,500,false],"large":["https:\/\/homolog.harald.com.br\/site-2026\/wp-content\/uploads\/2021\/02\/blog-entresvita-chefs-720x500-1.jpg",720,500,false],"1536x1536":["https:\/\/homolog.harald.com.br\/site-2026\/wp-content\/uploads\/2021\/02\/blog-entresvita-chefs-720x500-1.jpg",720,500,false],"2048x2048":["https:\/\/homolog.harald.com.br\/site-2026\/wp-content\/uploads\/2021\/02\/blog-entresvita-chefs-720x500-1.jpg",720,500,false],"full-width":["https:\/\/homolog.harald.com.br\/site-2026\/wp-content\/uploads\/2021\/02\/blog-entresvita-chefs-720x500-1.jpg",720,500,false],"gform-image-choice-sm":["https:\/\/homolog.harald.com.br\/site-2026\/wp-content\/uploads\/2021\/02\/blog-entresvita-chefs-720x500-1.jpg",300,208,false],"gform-image-choice-md":["https:\/\/homolog.harald.com.br\/site-2026\/wp-content\/uploads\/2021\/02\/blog-entresvita-chefs-720x500-1.jpg",400,278,false],"gform-image-choice-lg":["https:\/\/homolog.harald.com.br\/site-2026\/wp-content\/uploads\/2021\/02\/blog-entresvita-chefs-720x500-1.jpg",600,417,false]},"uagb_author_info":{"display_name":"SAC Harald","author_link":"https:\/\/homolog.harald.com.br\/site-2026\/blog\/author\/sac-harald\/"},"uagb_comment_info":0,"uagb_excerpt":"Alexandre Bispo, Lucas Corazza, Rafael Barros e Vivian Feldman falam sobre os desafios do in\u00edcio de carreira e d\u00e3o dicas para quem est\u00e1 come\u00e7ando \u00a0 Se voc\u00ea j\u00e1 viu alguma live dos chefs confeiteiros Alexandre Bispo, Lucas Corazza, Rafael Barros ou Vivian Feldman no Facebook da Harald, pode pensar que eles j\u00e1 nasceram prontos para&hellip;","_links":{"self":[{"href":"https:\/\/homolog.harald.com.br\/site-2026\/wp-json\/wp\/v2\/posts\/490","targetHints":{"allow":["GET"]}}],"collection":[{"href":"https:\/\/homolog.harald.com.br\/site-2026\/wp-json\/wp\/v2\/posts"}],"about":[{"href":"https:\/\/homolog.harald.com.br\/site-2026\/wp-json\/wp\/v2\/types\/post"}],"author":[{"embeddable":true,"href":"https:\/\/homolog.harald.com.br\/site-2026\/wp-json\/wp\/v2\/users\/7"}],"replies":[{"embeddable":true,"href":"https:\/\/homolog.harald.com.br\/site-2026\/wp-json\/wp\/v2\/comments?post=490"}],"version-history":[{"count":0,"href":"https:\/\/homolog.harald.com.br\/site-2026\/wp-json\/wp\/v2\/posts\/490\/revisions"}],"wp:featuredmedia":[{"embeddable":true,"href":"https:\/\/homolog.harald.com.br\/site-2026\/wp-json\/wp\/v2\/media\/491"}],"wp:attachment":[{"href":"https:\/\/homolog.harald.com.br\/site-2026\/wp-json\/wp\/v2\/media?parent=490"}],"wp:term":[{"taxonomy":"category","embeddable":true,"href":"https:\/\/homolog.harald.com.br\/site-2026\/wp-json\/wp\/v2\/categories?post=490"},{"taxonomy":"post_tag","embeddable":true,"href":"https:\/\/homolog.harald.com.br\/site-2026\/wp-json\/wp\/v2\/tags?post=490"},{"taxonomy":"para-seu-negocio","embeddable":true,"href":"https:\/\/homolog.harald.com.br\/site-2026\/wp-json\/wp\/v2\/para-seu-negocio?post=490"}],"curies":[{"name":"wp","href":"https:\/\/api.w.org\/{rel}","templated":true}]}}