{"id":327930,"date":"2025-08-13T13:43:23","date_gmt":"2025-08-13T16:43:23","guid":{"rendered":"https:\/\/homolog.harald.com.br\/site-2026\/?p=327930"},"modified":"2026-01-22T21:25:41","modified_gmt":"2026-01-23T00:25:41","slug":"da-cozinha-de-casa-ao-proprio-negocio-empreendedorismo","status":"publish","type":"post","link":"https:\/\/homolog.harald.com.br\/site-2026\/blog\/da-cozinha-de-casa-ao-proprio-negocio-empreendedorismo\/","title":{"rendered":"Da Cozinha de Casa ao Pr\u00f3prio Neg\u00f3cio: Empreendedorismo!"},"content":{"rendered":"<h2 data-start=\"121\" data-end=\"227\">Da Cozinha de Casa ao Pr\u00f3prio Neg\u00f3cio: Empreendedorismo Feminino Movimenta a Confeitaria em Curitiba.<\/h2>\n<p data-start=\"265\" data-end=\"429\">Juliana Paiff, idealizadora do Confeita Curitiba, deixou a estabilidade de um emprego para realizar um sonho \u2014 e virou refer\u00eancia no saboroso ramo da gastronomia.<\/p>\n<p data-start=\"431\" data-end=\"952\">A confeitaria se consolidou como uma verdadeira porta de entrada para o empreendedorismo feminino. Seja por necessidade, voca\u00e7\u00e3o ou busca por autonomia, muitas mulheres t\u00eam come\u00e7ado seus neg\u00f3cios a partir da cozinha de casa, encontrando na produ\u00e7\u00e3o de doces uma forma leg\u00edtima de sustento e realiza\u00e7\u00e3o pessoal e profissional. \u00c9 o caso de Juliana Paiff, criadora do Confeita Curitiba, maior encontro de confeitaria do Sul do Brasil, que ter\u00e1 sua terceira edi\u00e7\u00e3o nos dias 27 e 28 de agosto, no Espa\u00e7o Torres, em Curitiba.<\/p>\n<p data-start=\"431\" data-end=\"952\"><img loading=\"lazy\" decoding=\"async\" class=\"alignright wp-image-327932\" src=\"https:\/\/homolog.harald.com.br\/site-2026\/wp-content\/uploads\/2025\/08\/juliana-paiff-1-credito-aline-marques-200x300.jpg\" alt=\"Confeita Curitiba\" width=\"352\" height=\"528\" srcset=\"https:\/\/homolog.harald.com.br\/site-2026\/wp-content\/uploads\/2025\/08\/juliana-paiff-1-credito-aline-marques-200x300.jpg 200w, https:\/\/homolog.harald.com.br\/site-2026\/wp-content\/uploads\/2025\/08\/juliana-paiff-1-credito-aline-marques-683x1024.jpg 683w, https:\/\/homolog.harald.com.br\/site-2026\/wp-content\/uploads\/2025\/08\/juliana-paiff-1-credito-aline-marques-768x1152.jpg 768w, https:\/\/homolog.harald.com.br\/site-2026\/wp-content\/uploads\/2025\/08\/juliana-paiff-1-credito-aline-marques-1024x1536.jpg 1024w, https:\/\/homolog.harald.com.br\/site-2026\/wp-content\/uploads\/2025\/08\/juliana-paiff-1-credito-aline-marques.jpg 1365w\" sizes=\"auto, (max-width: 352px) 100vw, 352px\" \/><\/p>\n<p data-start=\"954\" data-end=\"1417\">A trajet\u00f3ria de Juliana \u00e9 daquelas que merecem ser reconhecidas e aplaudidas. E ent\u00e3o, ela deixou a estabilidade do servi\u00e7o p\u00fablico em uma grande estatal paranaense para se dedicar integralmente a um sonho. Em 2019, ap\u00f3s dez anos como servidora, fundou a Ju Paiff Patisserie, que logo se tornou refer\u00eancia em doces finos para eventos na capital paranaense. Em apenas tr\u00eas anos, a empresa produziu mais de 100 mil doces e chegou a atender festas com at\u00e9 1.700 convidados.<\/p>\n<p data-start=\"1419\" data-end=\"1698\">Com o crescimento da marca, a confeiteira inaugurou, em setembro de 2023, sua primeira loja f\u00edsica no bairro Cajuru.<\/p>\n<h2 data-start=\"1700\" data-end=\"1730\">Harald e o apoio ao setor<\/h2>\n<p data-start=\"1732\" data-end=\"2058\">Assim, o sucesso do Confeita Curitiba tamb\u00e9m reflete a for\u00e7a de marcas que acreditam no poder transformador da confeitaria. A <strong data-start=\"1851\" data-end=\"1861\">Harald<\/strong>, l\u00edder em chocolates e coberturas no Brasil, \u00e9 apoiadora oficial do evento e leva ao p\u00fablico novidades, t\u00e9cnicas e inspira\u00e7\u00f5es que ajudam confeiteiros e confeiteiras a inovarem em seus neg\u00f3cios.<\/p>\n<p data-start=\"2060\" data-end=\"2285\">Por fim, a parceria refor\u00e7a o compromisso da Harald em estar pr\u00f3xima dos profissionais do setor e em incentivar o crescimento da confeitaria em todo o pa\u00eds, apoiando iniciativas que unem capacita\u00e7\u00e3o, empreendedorismo e criatividade.<\/p>\n<h2 data-start=\"2287\" data-end=\"2299\">Servi\u00e7o<\/h2>\n<p data-start=\"2301\" data-end=\"2454\"><strong data-start=\"2301\" data-end=\"2327\">Confeita Curitiba 2025<\/strong><br data-start=\"2327\" data-end=\"2330\" \/>\ud83d\udcc5 Data: 27 e 28 de agosto\u00a0<br data-start=\"2356\" data-end=\"2359\" \/>\ud83d\udccd Local: Espa\u00e7o Torres, Curitiba \u2013 PR<br data-start=\"2397\" data-end=\"2400\" \/>\ud83c\udf9f\ufe0f Ingressos: dispon\u00edveis no site oficial do evento https:\/\/confeitacuritiba.com.br\/<\/p>\n","protected":false},"excerpt":{"rendered":"<p>Da Cozinha de Casa ao Pr\u00f3prio Neg\u00f3cio: Empreendedorismo Feminino Movimenta a Confeitaria em Curitiba. Juliana Paiff, idealizadora do Confeita Curitiba, deixou a estabilidade de um emprego para realizar um sonho \u2014 e virou refer\u00eancia no saboroso ramo da gastronomia. A confeitaria se consolidou como uma verdadeira porta de entrada para o empreendedorismo feminino. Seja por <a class=\"more-link\" href=\"https:\/\/homolog.harald.com.br\/site-2026\/blog\/da-cozinha-de-casa-ao-proprio-negocio-empreendedorismo\/\">Read more&#8230;<\/a><\/p>\n","protected":false},"author":14,"featured_media":327932,"comment_status":"closed","ping_status":"closed","sticky":false,"template":"","format":"standard","meta":{"_acf_changed":false,"_uag_custom_page_level_css":"","footnotes":""},"categories":[158],"tags":[],"para-seu-negocio":[287,288,292],"class_list":["post-327930","post","type-post","status-publish","format-standard","has-post-thumbnail","hentry","category-noticias","para-seu-negocio-padarias-e-confeitarias","para-seu-negocio-pizzarias","para-seu-negocio-hoteis-e-catering"],"acf":[],"yoast_head":"<!-- This site is optimized with the Yoast SEO plugin v26.3 - https:\/\/yoast.com\/wordpress\/plugins\/seo\/ -->\n<title>Da Cozinha de Casa ao Pr\u00f3prio Neg\u00f3cio: Empreendedorismo! - Harald<\/title>\n<meta name=\"description\" content=\"Harald apoia o Confeita Curitiba 2025, maior encontro de confeitaria do Sul, incentivando o empreendedorismo feminino e a inova\u00e7\u00e3o no setor.\" \/>\n<meta name=\"robots\" content=\"noindex, follow, max-snippet:-1, max-image-preview:large, max-video-preview:-1\" \/>\n<meta property=\"og:locale\" content=\"pt_BR\" \/>\n<meta property=\"og:type\" content=\"article\" \/>\n<meta property=\"og:title\" content=\"Da Cozinha de Casa ao Pr\u00f3prio Neg\u00f3cio: Empreendedorismo! - Harald\" \/>\n<meta property=\"og:description\" content=\"Harald apoia o Confeita Curitiba 2025, maior encontro de confeitaria do Sul, incentivando o empreendedorismo feminino e a inova\u00e7\u00e3o no setor.\" \/>\n<meta property=\"og:url\" content=\"https:\/\/homolog.harald.com.br\/site-2026\/blog\/da-cozinha-de-casa-ao-proprio-negocio-empreendedorismo\/\" \/>\n<meta property=\"og:site_name\" content=\"Harald\" \/>\n<meta property=\"article:publisher\" content=\"https:\/\/www.facebook.com\/HaraldChocolates\/\" \/>\n<meta property=\"article:published_time\" content=\"2025-08-13T16:43:23+00:00\" \/>\n<meta property=\"article:modified_time\" content=\"2026-01-23T00:25:41+00:00\" \/>\n<meta property=\"og:image\" content=\"https:\/\/homolog.harald.com.br\/site-2026\/wp-content\/uploads\/2025\/08\/juliana-paiff-1-credito-aline-marques.jpg\" \/>\n\t<meta property=\"og:image:width\" content=\"1365\" \/>\n\t<meta property=\"og:image:height\" content=\"2048\" \/>\n\t<meta property=\"og:image:type\" content=\"image\/jpeg\" \/>\n<meta name=\"author\" content=\"Beatriz Oliveira\" \/>\n<meta name=\"twitter:card\" content=\"summary_large_image\" \/>\n<meta name=\"twitter:label1\" content=\"Escrito por\" \/>\n\t<meta name=\"twitter:data1\" content=\"Beatriz Oliveira\" \/>\n\t<meta name=\"twitter:label2\" content=\"Est. tempo de leitura\" \/>\n\t<meta name=\"twitter:data2\" content=\"3 minutos\" \/>\n<script type=\"application\/ld+json\" class=\"yoast-schema-graph\">{\"@context\":\"https:\/\/schema.org\",\"@graph\":[{\"@type\":\"Article\",\"@id\":\"https:\/\/homolog.harald.com.br\/site-2026\/blog\/da-cozinha-de-casa-ao-proprio-negocio-empreendedorismo\/#article\",\"isPartOf\":{\"@id\":\"https:\/\/homolog.harald.com.br\/site-2026\/blog\/da-cozinha-de-casa-ao-proprio-negocio-empreendedorismo\/\"},\"author\":{\"name\":\"Beatriz Oliveira\",\"@id\":\"https:\/\/homolog.harald.com.br\/site-2026\/#\/schema\/person\/c71700dd47fb39a337c7f9b89d5e3a00\"},\"headline\":\"Da Cozinha de Casa ao Pr\u00f3prio Neg\u00f3cio: Empreendedorismo!\",\"datePublished\":\"2025-08-13T16:43:23+00:00\",\"dateModified\":\"2026-01-23T00:25:41+00:00\",\"mainEntityOfPage\":{\"@id\":\"https:\/\/homolog.harald.com.br\/site-2026\/blog\/da-cozinha-de-casa-ao-proprio-negocio-empreendedorismo\/\"},\"wordCount\":370,\"publisher\":{\"@id\":\"https:\/\/homolog.harald.com.br\/site-2026\/#organization\"},\"image\":{\"@id\":\"https:\/\/homolog.harald.com.br\/site-2026\/blog\/da-cozinha-de-casa-ao-proprio-negocio-empreendedorismo\/#primaryimage\"},\"thumbnailUrl\":\"https:\/\/homolog.harald.com.br\/site-2026\/wp-content\/uploads\/2025\/08\/juliana-paiff-1-credito-aline-marques.jpg\",\"articleSection\":[\"Not\u00edcias\"],\"inLanguage\":\"pt-BR\"},{\"@type\":\"WebPage\",\"@id\":\"https:\/\/homolog.harald.com.br\/site-2026\/blog\/da-cozinha-de-casa-ao-proprio-negocio-empreendedorismo\/\",\"url\":\"https:\/\/homolog.harald.com.br\/site-2026\/blog\/da-cozinha-de-casa-ao-proprio-negocio-empreendedorismo\/\",\"name\":\"Da Cozinha de Casa ao Pr\u00f3prio Neg\u00f3cio: Empreendedorismo! - Harald\",\"isPartOf\":{\"@id\":\"https:\/\/homolog.harald.com.br\/site-2026\/#website\"},\"primaryImageOfPage\":{\"@id\":\"https:\/\/homolog.harald.com.br\/site-2026\/blog\/da-cozinha-de-casa-ao-proprio-negocio-empreendedorismo\/#primaryimage\"},\"image\":{\"@id\":\"https:\/\/homolog.harald.com.br\/site-2026\/blog\/da-cozinha-de-casa-ao-proprio-negocio-empreendedorismo\/#primaryimage\"},\"thumbnailUrl\":\"https:\/\/homolog.harald.com.br\/site-2026\/wp-content\/uploads\/2025\/08\/juliana-paiff-1-credito-aline-marques.jpg\",\"datePublished\":\"2025-08-13T16:43:23+00:00\",\"dateModified\":\"2026-01-23T00:25:41+00:00\",\"description\":\"Harald apoia o Confeita Curitiba 2025, maior encontro de confeitaria do Sul, incentivando o empreendedorismo feminino e a inova\u00e7\u00e3o no setor.\",\"breadcrumb\":{\"@id\":\"https:\/\/homolog.harald.com.br\/site-2026\/blog\/da-cozinha-de-casa-ao-proprio-negocio-empreendedorismo\/#breadcrumb\"},\"inLanguage\":\"pt-BR\",\"potentialAction\":[{\"@type\":\"ReadAction\",\"target\":[\"https:\/\/homolog.harald.com.br\/site-2026\/blog\/da-cozinha-de-casa-ao-proprio-negocio-empreendedorismo\/\"]}]},{\"@type\":\"ImageObject\",\"inLanguage\":\"pt-BR\",\"@id\":\"https:\/\/homolog.harald.com.br\/site-2026\/blog\/da-cozinha-de-casa-ao-proprio-negocio-empreendedorismo\/#primaryimage\",\"url\":\"https:\/\/homolog.harald.com.br\/site-2026\/wp-content\/uploads\/2025\/08\/juliana-paiff-1-credito-aline-marques.jpg\",\"contentUrl\":\"https:\/\/homolog.harald.com.br\/site-2026\/wp-content\/uploads\/2025\/08\/juliana-paiff-1-credito-aline-marques.jpg\",\"width\":1365,\"height\":2048,\"caption\":\"Confeita Curitiba\"},{\"@type\":\"BreadcrumbList\",\"@id\":\"https:\/\/homolog.harald.com.br\/site-2026\/blog\/da-cozinha-de-casa-ao-proprio-negocio-empreendedorismo\/#breadcrumb\",\"itemListElement\":[{\"@type\":\"ListItem\",\"position\":1,\"name\":\"In\u00edcio\",\"item\":\"https:\/\/homolog.harald.com.br\/site-2026\/\"},{\"@type\":\"ListItem\",\"position\":2,\"name\":\"Da Cozinha de Casa ao Pr\u00f3prio Neg\u00f3cio: Empreendedorismo!\"}]},{\"@type\":\"WebSite\",\"@id\":\"https:\/\/homolog.harald.com.br\/site-2026\/#website\",\"url\":\"https:\/\/homolog.harald.com.br\/site-2026\/\",\"name\":\"Harald\",\"description\":\"Fazer melhor \u00e9 fazer com paix\u00e3o\",\"publisher\":{\"@id\":\"https:\/\/homolog.harald.com.br\/site-2026\/#organization\"},\"potentialAction\":[{\"@type\":\"SearchAction\",\"target\":{\"@type\":\"EntryPoint\",\"urlTemplate\":\"https:\/\/homolog.harald.com.br\/site-2026\/?s={search_term_string}\"},\"query-input\":{\"@type\":\"PropertyValueSpecification\",\"valueRequired\":true,\"valueName\":\"search_term_string\"}}],\"inLanguage\":\"pt-BR\"},{\"@type\":\"Organization\",\"@id\":\"https:\/\/homolog.harald.com.br\/site-2026\/#organization\",\"name\":\"Harald\",\"url\":\"https:\/\/homolog.harald.com.br\/site-2026\/\",\"logo\":{\"@type\":\"ImageObject\",\"inLanguage\":\"pt-BR\",\"@id\":\"https:\/\/homolog.harald.com.br\/site-2026\/#\/schema\/logo\/image\/\",\"url\":\"https:\/\/homolog.harald.com.br\/site-2026\/wp-content\/uploads\/2022\/09\/logo-harald-cmyk-ss.png\",\"contentUrl\":\"https:\/\/homolog.harald.com.br\/site-2026\/wp-content\/uploads\/2022\/09\/logo-harald-cmyk-ss.png\",\"width\":1948,\"height\":1051,\"caption\":\"Harald\"},\"image\":{\"@id\":\"https:\/\/homolog.harald.com.br\/site-2026\/#\/schema\/logo\/image\/\"},\"sameAs\":[\"https:\/\/www.facebook.com\/HaraldChocolates\/\",\"https:\/\/www.youtube.com\/user\/HaraldChocolates\"]},{\"@type\":\"Person\",\"@id\":\"https:\/\/homolog.harald.com.br\/site-2026\/#\/schema\/person\/c71700dd47fb39a337c7f9b89d5e3a00\",\"name\":\"Beatriz Oliveira\",\"image\":{\"@type\":\"ImageObject\",\"inLanguage\":\"pt-BR\",\"@id\":\"https:\/\/homolog.harald.com.br\/site-2026\/#\/schema\/person\/image\/\",\"url\":\"https:\/\/secure.gravatar.com\/avatar\/fdc870643b67a6486b6bef59d475b1e7dea17130b70a2178f5716399590234e6?s=96&d=mm&r=g\",\"contentUrl\":\"https:\/\/secure.gravatar.com\/avatar\/fdc870643b67a6486b6bef59d475b1e7dea17130b70a2178f5716399590234e6?s=96&d=mm&r=g\",\"caption\":\"Beatriz Oliveira\"},\"url\":\"https:\/\/homolog.harald.com.br\/site-2026\/blog\/author\/beatriz-oliveira\/\"}]}<\/script>\n<!-- \/ Yoast SEO plugin. -->","yoast_head_json":{"title":"Da Cozinha de Casa ao Pr\u00f3prio Neg\u00f3cio: Empreendedorismo! - Harald","description":"Harald apoia o Confeita Curitiba 2025, maior encontro de confeitaria do Sul, incentivando o empreendedorismo feminino e a inova\u00e7\u00e3o no setor.","robots":{"index":"noindex","follow":"follow","max-snippet":"max-snippet:-1","max-image-preview":"max-image-preview:large","max-video-preview":"max-video-preview:-1"},"og_locale":"pt_BR","og_type":"article","og_title":"Da Cozinha de Casa ao Pr\u00f3prio Neg\u00f3cio: Empreendedorismo! - Harald","og_description":"Harald apoia o Confeita Curitiba 2025, maior encontro de confeitaria do Sul, incentivando o empreendedorismo feminino e a inova\u00e7\u00e3o no setor.","og_url":"https:\/\/homolog.harald.com.br\/site-2026\/blog\/da-cozinha-de-casa-ao-proprio-negocio-empreendedorismo\/","og_site_name":"Harald","article_publisher":"https:\/\/www.facebook.com\/HaraldChocolates\/","article_published_time":"2025-08-13T16:43:23+00:00","article_modified_time":"2026-01-23T00:25:41+00:00","og_image":[{"width":1365,"height":2048,"url":"https:\/\/homolog.harald.com.br\/site-2026\/wp-content\/uploads\/2025\/08\/juliana-paiff-1-credito-aline-marques.jpg","type":"image\/jpeg"}],"author":"Beatriz Oliveira","twitter_card":"summary_large_image","twitter_misc":{"Escrito por":"Beatriz Oliveira","Est. tempo de leitura":"3 minutos"},"schema":{"@context":"https:\/\/schema.org","@graph":[{"@type":"Article","@id":"https:\/\/homolog.harald.com.br\/site-2026\/blog\/da-cozinha-de-casa-ao-proprio-negocio-empreendedorismo\/#article","isPartOf":{"@id":"https:\/\/homolog.harald.com.br\/site-2026\/blog\/da-cozinha-de-casa-ao-proprio-negocio-empreendedorismo\/"},"author":{"name":"Beatriz Oliveira","@id":"https:\/\/homolog.harald.com.br\/site-2026\/#\/schema\/person\/c71700dd47fb39a337c7f9b89d5e3a00"},"headline":"Da Cozinha de Casa ao Pr\u00f3prio Neg\u00f3cio: Empreendedorismo!","datePublished":"2025-08-13T16:43:23+00:00","dateModified":"2026-01-23T00:25:41+00:00","mainEntityOfPage":{"@id":"https:\/\/homolog.harald.com.br\/site-2026\/blog\/da-cozinha-de-casa-ao-proprio-negocio-empreendedorismo\/"},"wordCount":370,"publisher":{"@id":"https:\/\/homolog.harald.com.br\/site-2026\/#organization"},"image":{"@id":"https:\/\/homolog.harald.com.br\/site-2026\/blog\/da-cozinha-de-casa-ao-proprio-negocio-empreendedorismo\/#primaryimage"},"thumbnailUrl":"https:\/\/homolog.harald.com.br\/site-2026\/wp-content\/uploads\/2025\/08\/juliana-paiff-1-credito-aline-marques.jpg","articleSection":["Not\u00edcias"],"inLanguage":"pt-BR"},{"@type":"WebPage","@id":"https:\/\/homolog.harald.com.br\/site-2026\/blog\/da-cozinha-de-casa-ao-proprio-negocio-empreendedorismo\/","url":"https:\/\/homolog.harald.com.br\/site-2026\/blog\/da-cozinha-de-casa-ao-proprio-negocio-empreendedorismo\/","name":"Da Cozinha de Casa ao Pr\u00f3prio Neg\u00f3cio: Empreendedorismo! - Harald","isPartOf":{"@id":"https:\/\/homolog.harald.com.br\/site-2026\/#website"},"primaryImageOfPage":{"@id":"https:\/\/homolog.harald.com.br\/site-2026\/blog\/da-cozinha-de-casa-ao-proprio-negocio-empreendedorismo\/#primaryimage"},"image":{"@id":"https:\/\/homolog.harald.com.br\/site-2026\/blog\/da-cozinha-de-casa-ao-proprio-negocio-empreendedorismo\/#primaryimage"},"thumbnailUrl":"https:\/\/homolog.harald.com.br\/site-2026\/wp-content\/uploads\/2025\/08\/juliana-paiff-1-credito-aline-marques.jpg","datePublished":"2025-08-13T16:43:23+00:00","dateModified":"2026-01-23T00:25:41+00:00","description":"Harald apoia o Confeita Curitiba 2025, maior encontro de confeitaria do Sul, incentivando o empreendedorismo feminino e a inova\u00e7\u00e3o no setor.","breadcrumb":{"@id":"https:\/\/homolog.harald.com.br\/site-2026\/blog\/da-cozinha-de-casa-ao-proprio-negocio-empreendedorismo\/#breadcrumb"},"inLanguage":"pt-BR","potentialAction":[{"@type":"ReadAction","target":["https:\/\/homolog.harald.com.br\/site-2026\/blog\/da-cozinha-de-casa-ao-proprio-negocio-empreendedorismo\/"]}]},{"@type":"ImageObject","inLanguage":"pt-BR","@id":"https:\/\/homolog.harald.com.br\/site-2026\/blog\/da-cozinha-de-casa-ao-proprio-negocio-empreendedorismo\/#primaryimage","url":"https:\/\/homolog.harald.com.br\/site-2026\/wp-content\/uploads\/2025\/08\/juliana-paiff-1-credito-aline-marques.jpg","contentUrl":"https:\/\/homolog.harald.com.br\/site-2026\/wp-content\/uploads\/2025\/08\/juliana-paiff-1-credito-aline-marques.jpg","width":1365,"height":2048,"caption":"Confeita Curitiba"},{"@type":"BreadcrumbList","@id":"https:\/\/homolog.harald.com.br\/site-2026\/blog\/da-cozinha-de-casa-ao-proprio-negocio-empreendedorismo\/#breadcrumb","itemListElement":[{"@type":"ListItem","position":1,"name":"In\u00edcio","item":"https:\/\/homolog.harald.com.br\/site-2026\/"},{"@type":"ListItem","position":2,"name":"Da Cozinha de Casa ao Pr\u00f3prio Neg\u00f3cio: Empreendedorismo!"}]},{"@type":"WebSite","@id":"https:\/\/homolog.harald.com.br\/site-2026\/#website","url":"https:\/\/homolog.harald.com.br\/site-2026\/","name":"Harald","description":"Fazer melhor \u00e9 fazer com paix\u00e3o","publisher":{"@id":"https:\/\/homolog.harald.com.br\/site-2026\/#organization"},"potentialAction":[{"@type":"SearchAction","target":{"@type":"EntryPoint","urlTemplate":"https:\/\/homolog.harald.com.br\/site-2026\/?s={search_term_string}"},"query-input":{"@type":"PropertyValueSpecification","valueRequired":true,"valueName":"search_term_string"}}],"inLanguage":"pt-BR"},{"@type":"Organization","@id":"https:\/\/homolog.harald.com.br\/site-2026\/#organization","name":"Harald","url":"https:\/\/homolog.harald.com.br\/site-2026\/","logo":{"@type":"ImageObject","inLanguage":"pt-BR","@id":"https:\/\/homolog.harald.com.br\/site-2026\/#\/schema\/logo\/image\/","url":"https:\/\/homolog.harald.com.br\/site-2026\/wp-content\/uploads\/2022\/09\/logo-harald-cmyk-ss.png","contentUrl":"https:\/\/homolog.harald.com.br\/site-2026\/wp-content\/uploads\/2022\/09\/logo-harald-cmyk-ss.png","width":1948,"height":1051,"caption":"Harald"},"image":{"@id":"https:\/\/homolog.harald.com.br\/site-2026\/#\/schema\/logo\/image\/"},"sameAs":["https:\/\/www.facebook.com\/HaraldChocolates\/","https:\/\/www.youtube.com\/user\/HaraldChocolates"]},{"@type":"Person","@id":"https:\/\/homolog.harald.com.br\/site-2026\/#\/schema\/person\/c71700dd47fb39a337c7f9b89d5e3a00","name":"Beatriz Oliveira","image":{"@type":"ImageObject","inLanguage":"pt-BR","@id":"https:\/\/homolog.harald.com.br\/site-2026\/#\/schema\/person\/image\/","url":"https:\/\/secure.gravatar.com\/avatar\/fdc870643b67a6486b6bef59d475b1e7dea17130b70a2178f5716399590234e6?s=96&d=mm&r=g","contentUrl":"https:\/\/secure.gravatar.com\/avatar\/fdc870643b67a6486b6bef59d475b1e7dea17130b70a2178f5716399590234e6?s=96&d=mm&r=g","caption":"Beatriz Oliveira"},"url":"https:\/\/homolog.harald.com.br\/site-2026\/blog\/author\/beatriz-oliveira\/"}]}},"uagb_featured_image_src":{"full":["https:\/\/homolog.harald.com.br\/site-2026\/wp-content\/uploads\/2025\/08\/juliana-paiff-1-credito-aline-marques.jpg",1365,2048,false],"thumbnail":["https:\/\/homolog.harald.com.br\/site-2026\/wp-content\/uploads\/2025\/08\/juliana-paiff-1-credito-aline-marques-150x150.jpg",150,150,true],"medium":["https:\/\/homolog.harald.com.br\/site-2026\/wp-content\/uploads\/2025\/08\/juliana-paiff-1-credito-aline-marques-200x300.jpg",200,300,true],"medium_large":["https:\/\/homolog.harald.com.br\/site-2026\/wp-content\/uploads\/2025\/08\/juliana-paiff-1-credito-aline-marques-768x1152.jpg",768,1152,true],"large":["https:\/\/homolog.harald.com.br\/site-2026\/wp-content\/uploads\/2025\/08\/juliana-paiff-1-credito-aline-marques-683x1024.jpg",683,1024,true],"1536x1536":["https:\/\/homolog.harald.com.br\/site-2026\/wp-content\/uploads\/2025\/08\/juliana-paiff-1-credito-aline-marques-1024x1536.jpg",1024,1536,true],"2048x2048":["https:\/\/homolog.harald.com.br\/site-2026\/wp-content\/uploads\/2025\/08\/juliana-paiff-1-credito-aline-marques.jpg",1365,2048,false],"full-width":["https:\/\/homolog.harald.com.br\/site-2026\/wp-content\/uploads\/2025\/08\/juliana-paiff-1-credito-aline-marques.jpg",720,1080,false],"gform-image-choice-sm":["https:\/\/homolog.harald.com.br\/site-2026\/wp-content\/uploads\/2025\/08\/juliana-paiff-1-credito-aline-marques.jpg",200,300,false],"gform-image-choice-md":["https:\/\/homolog.harald.com.br\/site-2026\/wp-content\/uploads\/2025\/08\/juliana-paiff-1-credito-aline-marques.jpg",267,400,false],"gform-image-choice-lg":["https:\/\/homolog.harald.com.br\/site-2026\/wp-content\/uploads\/2025\/08\/juliana-paiff-1-credito-aline-marques.jpg",400,600,false]},"uagb_author_info":{"display_name":"Beatriz Oliveira","author_link":"https:\/\/homolog.harald.com.br\/site-2026\/blog\/author\/beatriz-oliveira\/"},"uagb_comment_info":0,"uagb_excerpt":"Da Cozinha de Casa ao Pr\u00f3prio Neg\u00f3cio: Empreendedorismo Feminino Movimenta a Confeitaria em Curitiba. Juliana Paiff, idealizadora do Confeita Curitiba, deixou a estabilidade de um emprego para realizar um sonho \u2014 e virou refer\u00eancia no saboroso ramo da gastronomia. A confeitaria se consolidou como uma verdadeira porta de entrada para o empreendedorismo feminino. Seja por&hellip;","_links":{"self":[{"href":"https:\/\/homolog.harald.com.br\/site-2026\/wp-json\/wp\/v2\/posts\/327930","targetHints":{"allow":["GET"]}}],"collection":[{"href":"https:\/\/homolog.harald.com.br\/site-2026\/wp-json\/wp\/v2\/posts"}],"about":[{"href":"https:\/\/homolog.harald.com.br\/site-2026\/wp-json\/wp\/v2\/types\/post"}],"author":[{"embeddable":true,"href":"https:\/\/homolog.harald.com.br\/site-2026\/wp-json\/wp\/v2\/users\/14"}],"replies":[{"embeddable":true,"href":"https:\/\/homolog.harald.com.br\/site-2026\/wp-json\/wp\/v2\/comments?post=327930"}],"version-history":[{"count":2,"href":"https:\/\/homolog.harald.com.br\/site-2026\/wp-json\/wp\/v2\/posts\/327930\/revisions"}],"predecessor-version":[{"id":327936,"href":"https:\/\/homolog.harald.com.br\/site-2026\/wp-json\/wp\/v2\/posts\/327930\/revisions\/327936"}],"wp:featuredmedia":[{"embeddable":true,"href":"https:\/\/homolog.harald.com.br\/site-2026\/wp-json\/wp\/v2\/media\/327932"}],"wp:attachment":[{"href":"https:\/\/homolog.harald.com.br\/site-2026\/wp-json\/wp\/v2\/media?parent=327930"}],"wp:term":[{"taxonomy":"category","embeddable":true,"href":"https:\/\/homolog.harald.com.br\/site-2026\/wp-json\/wp\/v2\/categories?post=327930"},{"taxonomy":"post_tag","embeddable":true,"href":"https:\/\/homolog.harald.com.br\/site-2026\/wp-json\/wp\/v2\/tags?post=327930"},{"taxonomy":"para-seu-negocio","embeddable":true,"href":"https:\/\/homolog.harald.com.br\/site-2026\/wp-json\/wp\/v2\/para-seu-negocio?post=327930"}],"curies":[{"name":"wp","href":"https:\/\/api.w.org\/{rel}","templated":true}]}}