{"id":327754,"date":"2025-08-12T11:33:52","date_gmt":"2025-08-12T14:33:52","guid":{"rendered":"https:\/\/homolog.harald.com.br\/site-2026\/?p=327754"},"modified":"2026-01-22T21:25:48","modified_gmt":"2026-01-23T00:25:48","slug":"senai-integra-projeto-de-grao-em-pao","status":"publish","type":"post","link":"https:\/\/homolog.harald.com.br\/site-2026\/blog\/senai-integra-projeto-de-grao-em-pao\/","title":{"rendered":"SENAI integra projeto De Gr\u00e3o em P\u00e3o"},"content":{"rendered":"<h2 data-start=\"197\" data-end=\"281\">SENAI integra projeto De Gr\u00e3o em P\u00e3o para inclus\u00e3o na panifica\u00e7\u00e3o e confeitaria<\/h2>\n<p data-start=\"283\" data-end=\"702\">O projeto De Gr\u00e3o em P\u00e3o, realizado pela Funda\u00e7\u00e3o Bunge em parceria com o SENAI, Harald Chocolates e Funda\u00e7\u00e3o Wadhwani, oferece forma\u00e7\u00e3o em Panifica\u00e7\u00e3o e Confeitaria para pessoas em situa\u00e7\u00e3o de vulnerabilidade social. Assim, a iniciativa une capacita\u00e7\u00e3o t\u00e9cnica e inclus\u00e3o, garantindo bolsa, certificado e suporte para entrevistas de emprego, al\u00e9m de acompanhamento no in\u00edcio da carreira.<\/p>\n<p data-start=\"283\" data-end=\"702\"><img loading=\"lazy\" decoding=\"async\" class=\" wp-image-327758 alignright\" src=\"https:\/\/homolog.harald.com.br\/site-2026\/wp-content\/uploads\/2025\/08\/bunge-rj-09-225x300.jpeg\" alt=\"\" width=\"302\" height=\"402\" srcset=\"https:\/\/homolog.harald.com.br\/site-2026\/wp-content\/uploads\/2025\/08\/bunge-rj-09-225x300.jpeg 225w, https:\/\/homolog.harald.com.br\/site-2026\/wp-content\/uploads\/2025\/08\/bunge-rj-09-768x1024.jpeg 768w, https:\/\/homolog.harald.com.br\/site-2026\/wp-content\/uploads\/2025\/08\/bunge-rj-09-1152x1536.jpeg 1152w, https:\/\/homolog.harald.com.br\/site-2026\/wp-content\/uploads\/2025\/08\/bunge-rj-09.jpeg 1200w\" sizes=\"auto, (max-width: 302px) 100vw, 302px\" \/><\/p>\n<h3 data-start=\"704\" data-end=\"759\">O que \u00e9 o projeto De Gr\u00e3o em P\u00e3o e seus objetivos<\/h3>\n<p data-start=\"760\" data-end=\"999\">O programa foi criado para apoiar pessoas em vulnerabilidade no acesso ao mercado de trabalho por meio da panifica\u00e7\u00e3o e confeitaria. Assim, a forma\u00e7\u00e3o tem 220 horas, com foco tanto em habilidades t\u00e9cnicas quanto em compet\u00eancias socioemocionais.<\/p>\n<p data-start=\"1268\" data-end=\"1502\">Durante o curso, os alunos recebem uniforme, bolsa-aux\u00edlio e acompanhamento para planejamento profissional. Ao final, todos t\u00eam entrevistas de emprego garantidas e acompanhamento por seis meses para facilitar a adapta\u00e7\u00e3o no mercado.<\/p>\n<h3 data-start=\"1509\" data-end=\"1579\">Parceria entre Funda\u00e7\u00e3o Bunge, SENAI, Harald e Funda\u00e7\u00e3o Wadhwani<\/h3>\n<p data-start=\"1580\" data-end=\"1922\">Cada institui\u00e7\u00e3o colabora com sua expertise. O SENAI oferece a forma\u00e7\u00e3o t\u00e9cnica reconhecida nacionalmente. A Funda\u00e7\u00e3o Bunge coordena a parte social do projeto. A Funda\u00e7\u00e3o Wadhwani apoia com recursos e metodologias. J\u00e1 a Harald Chocolates contribui com sua experi\u00eancia no setor de confeitaria e sua proximidade com profissionais do ramo.<\/p>\n<p data-start=\"2164\" data-end=\"2293\">Essa uni\u00e3o garante n\u00e3o apenas ensino pr\u00e1tico de qualidade, mas tamb\u00e9m suporte socioemocional e encaminhamento para vagas reais.<\/p>\n<h3 data-start=\"2300\" data-end=\"2361\">Crit\u00e9rios de sele\u00e7\u00e3o e benef\u00edcios para os participantes<\/h3>\n<p data-start=\"2362\" data-end=\"2561\">Al\u00e9m disso, o projeto \u00e9 voltado para pessoas em situa\u00e7\u00e3o de vulnerabilidade social. O processo seletivo inclui question\u00e1rio e entrevista, permitindo compreender o perfil e as necessidades de cada participante.<\/p>\n<h3 data-start=\"2791\" data-end=\"2842\">Forma\u00e7\u00e3o t\u00e9cnica em Panifica\u00e7\u00e3o e Confeitaria<\/h3>\n<p data-start=\"2843\" data-end=\"3033\">O curso de 220 horas acontece em unidades do SENAI, como a de Taguatinga (DF). As aulas incluem desde massas b\u00e1sicas at\u00e9 t\u00e9cnicas avan\u00e7adas de confeitaria, al\u00e9m de m\u00f3dulos socioemocionais.<\/p>\n<p data-start=\"3035\" data-end=\"3199\">No final do curso, cada aluno recebe certificado e d\u00f3lm\u00e3 personalizado. Essa conquista simboliza a valoriza\u00e7\u00e3o de seu esfor\u00e7o e abre novas perspectivas de futuro.<\/p>\n<h3 data-start=\"3206\" data-end=\"3253\">Encaminhamento e acompanhamento p\u00f3s curso<\/h3>\n<p data-start=\"3254\" data-end=\"3466\">Ap\u00f3s a forma\u00e7\u00e3o, os participantes recebem encaminhamento para entrevistas e acompanhamento por seis meses. E ent\u00e3o esse suporte cont\u00ednuo garante melhor adapta\u00e7\u00e3o ao mercado e mais confian\u00e7a para os novos profissionais.<\/p>\n<h3 data-start=\"3473\" data-end=\"3521\">Expans\u00e3o do projeto e perspectivas futuras<\/h3>\n<p data-start=\"3522\" data-end=\"3696\">O De Gr\u00e3o em P\u00e3o j\u00e1 chegou a estados como Minas Gerais, Pernambuco, Rio de Janeiro e S\u00e3o Paulo. A previs\u00e3o \u00e9 expandir ainda mais em 2026, com novas turmas e inscri\u00e7\u00f5es.<\/p>\n","protected":false},"excerpt":{"rendered":"<p>SENAI integra projeto De Gr\u00e3o em P\u00e3o para inclus\u00e3o na panifica\u00e7\u00e3o e confeitaria O projeto De Gr\u00e3o em P\u00e3o, realizado pela Funda\u00e7\u00e3o Bunge em parceria com o SENAI, Harald Chocolates e Funda\u00e7\u00e3o Wadhwani, oferece forma\u00e7\u00e3o em Panifica\u00e7\u00e3o e Confeitaria para pessoas em situa\u00e7\u00e3o de vulnerabilidade social. Assim, a iniciativa une capacita\u00e7\u00e3o t\u00e9cnica e inclus\u00e3o, garantindo <a class=\"more-link\" href=\"https:\/\/homolog.harald.com.br\/site-2026\/blog\/senai-integra-projeto-de-grao-em-pao\/\">Read more&#8230;<\/a><\/p>\n","protected":false},"author":14,"featured_media":327758,"comment_status":"closed","ping_status":"closed","sticky":false,"template":"","format":"standard","meta":{"_acf_changed":false,"_uag_custom_page_level_css":"","footnotes":""},"categories":[158],"tags":[],"para-seu-negocio":[286,289,291],"class_list":["post-327754","post","type-post","status-publish","format-standard","has-post-thumbnail","hentry","category-noticias","para-seu-negocio-faca-e-venda","para-seu-negocio-restaurantes-e-lanchonetes","para-seu-negocio-industrias"],"acf":[],"yoast_head":"<!-- This site is optimized with the Yoast SEO plugin v26.3 - https:\/\/yoast.com\/wordpress\/plugins\/seo\/ -->\n<title>SENAI integra projeto De Gr\u00e3o em P\u00e3o - Harald<\/title>\n<meta name=\"description\" content=\"SENAI se une a Funda\u00e7\u00e3o Bunge no projeto De Gr\u00e3o em P\u00e3o, que oferece forma\u00e7\u00e3o em panifica\u00e7\u00e3o e confeitaria para inclus\u00e3o social e emprego.\" \/>\n<meta name=\"robots\" content=\"noindex, follow, max-snippet:-1, max-image-preview:large, max-video-preview:-1\" \/>\n<meta property=\"og:locale\" content=\"pt_BR\" \/>\n<meta property=\"og:type\" content=\"article\" \/>\n<meta property=\"og:title\" content=\"SENAI integra projeto De Gr\u00e3o em P\u00e3o - Harald\" \/>\n<meta property=\"og:description\" content=\"SENAI se une a Funda\u00e7\u00e3o Bunge no projeto De Gr\u00e3o em P\u00e3o, que oferece forma\u00e7\u00e3o em panifica\u00e7\u00e3o e confeitaria para inclus\u00e3o social e emprego.\" \/>\n<meta property=\"og:url\" content=\"https:\/\/homolog.harald.com.br\/site-2026\/blog\/senai-integra-projeto-de-grao-em-pao\/\" \/>\n<meta property=\"og:site_name\" content=\"Harald\" \/>\n<meta property=\"article:publisher\" content=\"https:\/\/www.facebook.com\/HaraldChocolates\/\" \/>\n<meta property=\"article:published_time\" content=\"2025-08-12T14:33:52+00:00\" \/>\n<meta property=\"article:modified_time\" content=\"2026-01-23T00:25:48+00:00\" \/>\n<meta property=\"og:image\" content=\"https:\/\/homolog.harald.com.br\/site-2026\/wp-content\/uploads\/2025\/08\/bunge-rj-09.jpeg\" \/>\n\t<meta property=\"og:image:width\" content=\"1200\" \/>\n\t<meta property=\"og:image:height\" content=\"1600\" \/>\n\t<meta property=\"og:image:type\" content=\"image\/jpeg\" \/>\n<meta name=\"author\" content=\"Beatriz Oliveira\" \/>\n<meta name=\"twitter:card\" content=\"summary_large_image\" \/>\n<meta name=\"twitter:label1\" content=\"Escrito por\" \/>\n\t<meta name=\"twitter:data1\" content=\"Beatriz Oliveira\" \/>\n\t<meta name=\"twitter:label2\" content=\"Est. tempo de leitura\" \/>\n\t<meta name=\"twitter:data2\" content=\"3 minutos\" \/>\n<script type=\"application\/ld+json\" class=\"yoast-schema-graph\">{\"@context\":\"https:\/\/schema.org\",\"@graph\":[{\"@type\":\"Article\",\"@id\":\"https:\/\/homolog.harald.com.br\/site-2026\/blog\/senai-integra-projeto-de-grao-em-pao\/#article\",\"isPartOf\":{\"@id\":\"https:\/\/homolog.harald.com.br\/site-2026\/blog\/senai-integra-projeto-de-grao-em-pao\/\"},\"author\":{\"name\":\"Beatriz Oliveira\",\"@id\":\"https:\/\/homolog.harald.com.br\/site-2026\/#\/schema\/person\/c71700dd47fb39a337c7f9b89d5e3a00\"},\"headline\":\"SENAI integra projeto De Gr\u00e3o em P\u00e3o\",\"datePublished\":\"2025-08-12T14:33:52+00:00\",\"dateModified\":\"2026-01-23T00:25:48+00:00\",\"mainEntityOfPage\":{\"@id\":\"https:\/\/homolog.harald.com.br\/site-2026\/blog\/senai-integra-projeto-de-grao-em-pao\/\"},\"wordCount\":471,\"publisher\":{\"@id\":\"https:\/\/homolog.harald.com.br\/site-2026\/#organization\"},\"image\":{\"@id\":\"https:\/\/homolog.harald.com.br\/site-2026\/blog\/senai-integra-projeto-de-grao-em-pao\/#primaryimage\"},\"thumbnailUrl\":\"https:\/\/homolog.harald.com.br\/site-2026\/wp-content\/uploads\/2025\/08\/bunge-rj-09.jpeg\",\"articleSection\":[\"Not\u00edcias\"],\"inLanguage\":\"pt-BR\"},{\"@type\":\"WebPage\",\"@id\":\"https:\/\/homolog.harald.com.br\/site-2026\/blog\/senai-integra-projeto-de-grao-em-pao\/\",\"url\":\"https:\/\/homolog.harald.com.br\/site-2026\/blog\/senai-integra-projeto-de-grao-em-pao\/\",\"name\":\"SENAI integra projeto De Gr\u00e3o em P\u00e3o - Harald\",\"isPartOf\":{\"@id\":\"https:\/\/homolog.harald.com.br\/site-2026\/#website\"},\"primaryImageOfPage\":{\"@id\":\"https:\/\/homolog.harald.com.br\/site-2026\/blog\/senai-integra-projeto-de-grao-em-pao\/#primaryimage\"},\"image\":{\"@id\":\"https:\/\/homolog.harald.com.br\/site-2026\/blog\/senai-integra-projeto-de-grao-em-pao\/#primaryimage\"},\"thumbnailUrl\":\"https:\/\/homolog.harald.com.br\/site-2026\/wp-content\/uploads\/2025\/08\/bunge-rj-09.jpeg\",\"datePublished\":\"2025-08-12T14:33:52+00:00\",\"dateModified\":\"2026-01-23T00:25:48+00:00\",\"description\":\"SENAI se une a Funda\u00e7\u00e3o Bunge no projeto De Gr\u00e3o em P\u00e3o, que oferece forma\u00e7\u00e3o em panifica\u00e7\u00e3o e confeitaria para inclus\u00e3o social e emprego.\",\"breadcrumb\":{\"@id\":\"https:\/\/homolog.harald.com.br\/site-2026\/blog\/senai-integra-projeto-de-grao-em-pao\/#breadcrumb\"},\"inLanguage\":\"pt-BR\",\"potentialAction\":[{\"@type\":\"ReadAction\",\"target\":[\"https:\/\/homolog.harald.com.br\/site-2026\/blog\/senai-integra-projeto-de-grao-em-pao\/\"]}]},{\"@type\":\"ImageObject\",\"inLanguage\":\"pt-BR\",\"@id\":\"https:\/\/homolog.harald.com.br\/site-2026\/blog\/senai-integra-projeto-de-grao-em-pao\/#primaryimage\",\"url\":\"https:\/\/homolog.harald.com.br\/site-2026\/wp-content\/uploads\/2025\/08\/bunge-rj-09.jpeg\",\"contentUrl\":\"https:\/\/homolog.harald.com.br\/site-2026\/wp-content\/uploads\/2025\/08\/bunge-rj-09.jpeg\",\"width\":1200,\"height\":1600},{\"@type\":\"BreadcrumbList\",\"@id\":\"https:\/\/homolog.harald.com.br\/site-2026\/blog\/senai-integra-projeto-de-grao-em-pao\/#breadcrumb\",\"itemListElement\":[{\"@type\":\"ListItem\",\"position\":1,\"name\":\"In\u00edcio\",\"item\":\"https:\/\/homolog.harald.com.br\/site-2026\/\"},{\"@type\":\"ListItem\",\"position\":2,\"name\":\"SENAI integra projeto De Gr\u00e3o em P\u00e3o\"}]},{\"@type\":\"WebSite\",\"@id\":\"https:\/\/homolog.harald.com.br\/site-2026\/#website\",\"url\":\"https:\/\/homolog.harald.com.br\/site-2026\/\",\"name\":\"Harald\",\"description\":\"Fazer melhor \u00e9 fazer com paix\u00e3o\",\"publisher\":{\"@id\":\"https:\/\/homolog.harald.com.br\/site-2026\/#organization\"},\"potentialAction\":[{\"@type\":\"SearchAction\",\"target\":{\"@type\":\"EntryPoint\",\"urlTemplate\":\"https:\/\/homolog.harald.com.br\/site-2026\/?s={search_term_string}\"},\"query-input\":{\"@type\":\"PropertyValueSpecification\",\"valueRequired\":true,\"valueName\":\"search_term_string\"}}],\"inLanguage\":\"pt-BR\"},{\"@type\":\"Organization\",\"@id\":\"https:\/\/homolog.harald.com.br\/site-2026\/#organization\",\"name\":\"Harald\",\"url\":\"https:\/\/homolog.harald.com.br\/site-2026\/\",\"logo\":{\"@type\":\"ImageObject\",\"inLanguage\":\"pt-BR\",\"@id\":\"https:\/\/homolog.harald.com.br\/site-2026\/#\/schema\/logo\/image\/\",\"url\":\"https:\/\/homolog.harald.com.br\/site-2026\/wp-content\/uploads\/2022\/09\/logo-harald-cmyk-ss.png\",\"contentUrl\":\"https:\/\/homolog.harald.com.br\/site-2026\/wp-content\/uploads\/2022\/09\/logo-harald-cmyk-ss.png\",\"width\":1948,\"height\":1051,\"caption\":\"Harald\"},\"image\":{\"@id\":\"https:\/\/homolog.harald.com.br\/site-2026\/#\/schema\/logo\/image\/\"},\"sameAs\":[\"https:\/\/www.facebook.com\/HaraldChocolates\/\",\"https:\/\/www.youtube.com\/user\/HaraldChocolates\"]},{\"@type\":\"Person\",\"@id\":\"https:\/\/homolog.harald.com.br\/site-2026\/#\/schema\/person\/c71700dd47fb39a337c7f9b89d5e3a00\",\"name\":\"Beatriz Oliveira\",\"image\":{\"@type\":\"ImageObject\",\"inLanguage\":\"pt-BR\",\"@id\":\"https:\/\/homolog.harald.com.br\/site-2026\/#\/schema\/person\/image\/\",\"url\":\"https:\/\/secure.gravatar.com\/avatar\/fdc870643b67a6486b6bef59d475b1e7dea17130b70a2178f5716399590234e6?s=96&d=mm&r=g\",\"contentUrl\":\"https:\/\/secure.gravatar.com\/avatar\/fdc870643b67a6486b6bef59d475b1e7dea17130b70a2178f5716399590234e6?s=96&d=mm&r=g\",\"caption\":\"Beatriz Oliveira\"},\"url\":\"https:\/\/homolog.harald.com.br\/site-2026\/blog\/author\/beatriz-oliveira\/\"}]}<\/script>\n<!-- \/ Yoast SEO plugin. -->","yoast_head_json":{"title":"SENAI integra projeto De Gr\u00e3o em P\u00e3o - Harald","description":"SENAI se une a Funda\u00e7\u00e3o Bunge no projeto De Gr\u00e3o em P\u00e3o, que oferece forma\u00e7\u00e3o em panifica\u00e7\u00e3o e confeitaria para inclus\u00e3o social e emprego.","robots":{"index":"noindex","follow":"follow","max-snippet":"max-snippet:-1","max-image-preview":"max-image-preview:large","max-video-preview":"max-video-preview:-1"},"og_locale":"pt_BR","og_type":"article","og_title":"SENAI integra projeto De Gr\u00e3o em P\u00e3o - Harald","og_description":"SENAI se une a Funda\u00e7\u00e3o Bunge no projeto De Gr\u00e3o em P\u00e3o, que oferece forma\u00e7\u00e3o em panifica\u00e7\u00e3o e confeitaria para inclus\u00e3o social e emprego.","og_url":"https:\/\/homolog.harald.com.br\/site-2026\/blog\/senai-integra-projeto-de-grao-em-pao\/","og_site_name":"Harald","article_publisher":"https:\/\/www.facebook.com\/HaraldChocolates\/","article_published_time":"2025-08-12T14:33:52+00:00","article_modified_time":"2026-01-23T00:25:48+00:00","og_image":[{"width":1200,"height":1600,"url":"https:\/\/homolog.harald.com.br\/site-2026\/wp-content\/uploads\/2025\/08\/bunge-rj-09.jpeg","type":"image\/jpeg"}],"author":"Beatriz Oliveira","twitter_card":"summary_large_image","twitter_misc":{"Escrito por":"Beatriz Oliveira","Est. tempo de leitura":"3 minutos"},"schema":{"@context":"https:\/\/schema.org","@graph":[{"@type":"Article","@id":"https:\/\/homolog.harald.com.br\/site-2026\/blog\/senai-integra-projeto-de-grao-em-pao\/#article","isPartOf":{"@id":"https:\/\/homolog.harald.com.br\/site-2026\/blog\/senai-integra-projeto-de-grao-em-pao\/"},"author":{"name":"Beatriz Oliveira","@id":"https:\/\/homolog.harald.com.br\/site-2026\/#\/schema\/person\/c71700dd47fb39a337c7f9b89d5e3a00"},"headline":"SENAI integra projeto De Gr\u00e3o em P\u00e3o","datePublished":"2025-08-12T14:33:52+00:00","dateModified":"2026-01-23T00:25:48+00:00","mainEntityOfPage":{"@id":"https:\/\/homolog.harald.com.br\/site-2026\/blog\/senai-integra-projeto-de-grao-em-pao\/"},"wordCount":471,"publisher":{"@id":"https:\/\/homolog.harald.com.br\/site-2026\/#organization"},"image":{"@id":"https:\/\/homolog.harald.com.br\/site-2026\/blog\/senai-integra-projeto-de-grao-em-pao\/#primaryimage"},"thumbnailUrl":"https:\/\/homolog.harald.com.br\/site-2026\/wp-content\/uploads\/2025\/08\/bunge-rj-09.jpeg","articleSection":["Not\u00edcias"],"inLanguage":"pt-BR"},{"@type":"WebPage","@id":"https:\/\/homolog.harald.com.br\/site-2026\/blog\/senai-integra-projeto-de-grao-em-pao\/","url":"https:\/\/homolog.harald.com.br\/site-2026\/blog\/senai-integra-projeto-de-grao-em-pao\/","name":"SENAI integra projeto De Gr\u00e3o em P\u00e3o - Harald","isPartOf":{"@id":"https:\/\/homolog.harald.com.br\/site-2026\/#website"},"primaryImageOfPage":{"@id":"https:\/\/homolog.harald.com.br\/site-2026\/blog\/senai-integra-projeto-de-grao-em-pao\/#primaryimage"},"image":{"@id":"https:\/\/homolog.harald.com.br\/site-2026\/blog\/senai-integra-projeto-de-grao-em-pao\/#primaryimage"},"thumbnailUrl":"https:\/\/homolog.harald.com.br\/site-2026\/wp-content\/uploads\/2025\/08\/bunge-rj-09.jpeg","datePublished":"2025-08-12T14:33:52+00:00","dateModified":"2026-01-23T00:25:48+00:00","description":"SENAI se une a Funda\u00e7\u00e3o Bunge no projeto De Gr\u00e3o em P\u00e3o, que oferece forma\u00e7\u00e3o em panifica\u00e7\u00e3o e confeitaria para inclus\u00e3o social e emprego.","breadcrumb":{"@id":"https:\/\/homolog.harald.com.br\/site-2026\/blog\/senai-integra-projeto-de-grao-em-pao\/#breadcrumb"},"inLanguage":"pt-BR","potentialAction":[{"@type":"ReadAction","target":["https:\/\/homolog.harald.com.br\/site-2026\/blog\/senai-integra-projeto-de-grao-em-pao\/"]}]},{"@type":"ImageObject","inLanguage":"pt-BR","@id":"https:\/\/homolog.harald.com.br\/site-2026\/blog\/senai-integra-projeto-de-grao-em-pao\/#primaryimage","url":"https:\/\/homolog.harald.com.br\/site-2026\/wp-content\/uploads\/2025\/08\/bunge-rj-09.jpeg","contentUrl":"https:\/\/homolog.harald.com.br\/site-2026\/wp-content\/uploads\/2025\/08\/bunge-rj-09.jpeg","width":1200,"height":1600},{"@type":"BreadcrumbList","@id":"https:\/\/homolog.harald.com.br\/site-2026\/blog\/senai-integra-projeto-de-grao-em-pao\/#breadcrumb","itemListElement":[{"@type":"ListItem","position":1,"name":"In\u00edcio","item":"https:\/\/homolog.harald.com.br\/site-2026\/"},{"@type":"ListItem","position":2,"name":"SENAI integra projeto De Gr\u00e3o em P\u00e3o"}]},{"@type":"WebSite","@id":"https:\/\/homolog.harald.com.br\/site-2026\/#website","url":"https:\/\/homolog.harald.com.br\/site-2026\/","name":"Harald","description":"Fazer melhor \u00e9 fazer com paix\u00e3o","publisher":{"@id":"https:\/\/homolog.harald.com.br\/site-2026\/#organization"},"potentialAction":[{"@type":"SearchAction","target":{"@type":"EntryPoint","urlTemplate":"https:\/\/homolog.harald.com.br\/site-2026\/?s={search_term_string}"},"query-input":{"@type":"PropertyValueSpecification","valueRequired":true,"valueName":"search_term_string"}}],"inLanguage":"pt-BR"},{"@type":"Organization","@id":"https:\/\/homolog.harald.com.br\/site-2026\/#organization","name":"Harald","url":"https:\/\/homolog.harald.com.br\/site-2026\/","logo":{"@type":"ImageObject","inLanguage":"pt-BR","@id":"https:\/\/homolog.harald.com.br\/site-2026\/#\/schema\/logo\/image\/","url":"https:\/\/homolog.harald.com.br\/site-2026\/wp-content\/uploads\/2022\/09\/logo-harald-cmyk-ss.png","contentUrl":"https:\/\/homolog.harald.com.br\/site-2026\/wp-content\/uploads\/2022\/09\/logo-harald-cmyk-ss.png","width":1948,"height":1051,"caption":"Harald"},"image":{"@id":"https:\/\/homolog.harald.com.br\/site-2026\/#\/schema\/logo\/image\/"},"sameAs":["https:\/\/www.facebook.com\/HaraldChocolates\/","https:\/\/www.youtube.com\/user\/HaraldChocolates"]},{"@type":"Person","@id":"https:\/\/homolog.harald.com.br\/site-2026\/#\/schema\/person\/c71700dd47fb39a337c7f9b89d5e3a00","name":"Beatriz Oliveira","image":{"@type":"ImageObject","inLanguage":"pt-BR","@id":"https:\/\/homolog.harald.com.br\/site-2026\/#\/schema\/person\/image\/","url":"https:\/\/secure.gravatar.com\/avatar\/fdc870643b67a6486b6bef59d475b1e7dea17130b70a2178f5716399590234e6?s=96&d=mm&r=g","contentUrl":"https:\/\/secure.gravatar.com\/avatar\/fdc870643b67a6486b6bef59d475b1e7dea17130b70a2178f5716399590234e6?s=96&d=mm&r=g","caption":"Beatriz Oliveira"},"url":"https:\/\/homolog.harald.com.br\/site-2026\/blog\/author\/beatriz-oliveira\/"}]}},"uagb_featured_image_src":{"full":["https:\/\/homolog.harald.com.br\/site-2026\/wp-content\/uploads\/2025\/08\/bunge-rj-09.jpeg",1200,1600,false],"thumbnail":["https:\/\/homolog.harald.com.br\/site-2026\/wp-content\/uploads\/2025\/08\/bunge-rj-09-150x150.jpeg",150,150,true],"medium":["https:\/\/homolog.harald.com.br\/site-2026\/wp-content\/uploads\/2025\/08\/bunge-rj-09-225x300.jpeg",225,300,true],"medium_large":["https:\/\/homolog.harald.com.br\/site-2026\/wp-content\/uploads\/2025\/08\/bunge-rj-09-768x1024.jpeg",768,1024,true],"large":["https:\/\/homolog.harald.com.br\/site-2026\/wp-content\/uploads\/2025\/08\/bunge-rj-09-768x1024.jpeg",768,1024,true],"1536x1536":["https:\/\/homolog.harald.com.br\/site-2026\/wp-content\/uploads\/2025\/08\/bunge-rj-09-1152x1536.jpeg",1152,1536,true],"2048x2048":["https:\/\/homolog.harald.com.br\/site-2026\/wp-content\/uploads\/2025\/08\/bunge-rj-09.jpeg",1200,1600,false],"full-width":["https:\/\/homolog.harald.com.br\/site-2026\/wp-content\/uploads\/2025\/08\/bunge-rj-09.jpeg",810,1080,false],"gform-image-choice-sm":["https:\/\/homolog.harald.com.br\/site-2026\/wp-content\/uploads\/2025\/08\/bunge-rj-09.jpeg",225,300,false],"gform-image-choice-md":["https:\/\/homolog.harald.com.br\/site-2026\/wp-content\/uploads\/2025\/08\/bunge-rj-09.jpeg",300,400,false],"gform-image-choice-lg":["https:\/\/homolog.harald.com.br\/site-2026\/wp-content\/uploads\/2025\/08\/bunge-rj-09.jpeg",450,600,false]},"uagb_author_info":{"display_name":"Beatriz Oliveira","author_link":"https:\/\/homolog.harald.com.br\/site-2026\/blog\/author\/beatriz-oliveira\/"},"uagb_comment_info":0,"uagb_excerpt":"SENAI integra projeto De Gr\u00e3o em P\u00e3o para inclus\u00e3o na panifica\u00e7\u00e3o e confeitaria O projeto De Gr\u00e3o em P\u00e3o, realizado pela Funda\u00e7\u00e3o Bunge em parceria com o SENAI, Harald Chocolates e Funda\u00e7\u00e3o Wadhwani, oferece forma\u00e7\u00e3o em Panifica\u00e7\u00e3o e Confeitaria para pessoas em situa\u00e7\u00e3o de vulnerabilidade social. Assim, a iniciativa une capacita\u00e7\u00e3o t\u00e9cnica e inclus\u00e3o, garantindo&hellip;","_links":{"self":[{"href":"https:\/\/homolog.harald.com.br\/site-2026\/wp-json\/wp\/v2\/posts\/327754","targetHints":{"allow":["GET"]}}],"collection":[{"href":"https:\/\/homolog.harald.com.br\/site-2026\/wp-json\/wp\/v2\/posts"}],"about":[{"href":"https:\/\/homolog.harald.com.br\/site-2026\/wp-json\/wp\/v2\/types\/post"}],"author":[{"embeddable":true,"href":"https:\/\/homolog.harald.com.br\/site-2026\/wp-json\/wp\/v2\/users\/14"}],"replies":[{"embeddable":true,"href":"https:\/\/homolog.harald.com.br\/site-2026\/wp-json\/wp\/v2\/comments?post=327754"}],"version-history":[{"count":2,"href":"https:\/\/homolog.harald.com.br\/site-2026\/wp-json\/wp\/v2\/posts\/327754\/revisions"}],"predecessor-version":[{"id":327762,"href":"https:\/\/homolog.harald.com.br\/site-2026\/wp-json\/wp\/v2\/posts\/327754\/revisions\/327762"}],"wp:featuredmedia":[{"embeddable":true,"href":"https:\/\/homolog.harald.com.br\/site-2026\/wp-json\/wp\/v2\/media\/327758"}],"wp:attachment":[{"href":"https:\/\/homolog.harald.com.br\/site-2026\/wp-json\/wp\/v2\/media?parent=327754"}],"wp:term":[{"taxonomy":"category","embeddable":true,"href":"https:\/\/homolog.harald.com.br\/site-2026\/wp-json\/wp\/v2\/categories?post=327754"},{"taxonomy":"post_tag","embeddable":true,"href":"https:\/\/homolog.harald.com.br\/site-2026\/wp-json\/wp\/v2\/tags?post=327754"},{"taxonomy":"para-seu-negocio","embeddable":true,"href":"https:\/\/homolog.harald.com.br\/site-2026\/wp-json\/wp\/v2\/para-seu-negocio?post=327754"}],"curies":[{"name":"wp","href":"https:\/\/api.w.org\/{rel}","templated":true}]}}