{"id":327716,"date":"2025-08-11T11:25:57","date_gmt":"2025-08-11T14:25:57","guid":{"rendered":"https:\/\/homolog.harald.com.br\/site-2026\/?p=327716"},"modified":"2026-01-22T21:25:55","modified_gmt":"2026-01-23T00:25:55","slug":"carolinas-recheadas-massa-leve-recheio-intenso","status":"publish","type":"post","link":"https:\/\/homolog.harald.com.br\/site-2026\/blog\/carolinas-recheadas-massa-leve-recheio-intenso\/","title":{"rendered":"Carolinas Recheadas: massa leve, recheio intenso!"},"content":{"rendered":"<h2 data-start=\"161\" data-end=\"237\">Carolinas Recheadas com Creme de Chocolate: massa leve, recheio intenso<\/h2>\n<p data-start=\"239\" data-end=\"566\">\u00cdcones da confeitaria cl\u00e1ssica, as carolinas recheadas conquistam gera\u00e7\u00f5es com sua combina\u00e7\u00e3o irresist\u00edvel de massa leve, recheio cremoso e cobertura brilhante. Nessa vers\u00e3o com chocolate Harald, o doce ganha um toque ainda mais indulgente, sem perder a tradi\u00e7\u00e3o que o tornou inesquec\u00edvel.<\/p>\n<h3 data-start=\"568\" data-end=\"612\">Um doce elegante para qualquer ocasi\u00e3o<\/h3>\n<p data-start=\"613\" data-end=\"1023\">Com visual refinado e sabor intenso, a receita surpreende tanto em celebra\u00e7\u00f5es especiais quanto em vitrines gastron\u00f4micas. Al\u00e9m disso, tamb\u00e9m \u00e9 perfeita para produ\u00e7\u00f5es caseiras que buscam uma apresenta\u00e7\u00e3o diferenciada.<br data-start=\"831\" data-end=\"834\" \/>Assim, o preparo leva o Recheio e Cobertura Melken sabor Chocolate Ao Leite e a Cobertura TOP Meio Amargo da Harald, garantindo textura uniforme e acabamento elegante com sabor marcante.<\/p>\n<p data-start=\"613\" data-end=\"1023\"><img loading=\"lazy\" decoding=\"async\" class=\"aligncenter wp-image-209344\" src=\"https:\/\/homolog.harald.com.br\/site-2026\/wp-content\/uploads\/2024\/09\/carolinas-scaled.jpg\" alt=\"Carolinas Recheadas\" width=\"500\" height=\"333\" srcset=\"https:\/\/homolog.harald.com.br\/site-2026\/wp-content\/uploads\/2024\/09\/carolinas-scaled.jpg 2560w, https:\/\/homolog.harald.com.br\/site-2026\/wp-content\/uploads\/2024\/09\/carolinas-300x200.jpg 300w, https:\/\/homolog.harald.com.br\/site-2026\/wp-content\/uploads\/2024\/09\/carolinas-1024x683.jpg 1024w, https:\/\/homolog.harald.com.br\/site-2026\/wp-content\/uploads\/2024\/09\/carolinas-768x512.jpg 768w, https:\/\/homolog.harald.com.br\/site-2026\/wp-content\/uploads\/2024\/09\/carolinas-1536x1024.jpg 1536w, https:\/\/homolog.harald.com.br\/site-2026\/wp-content\/uploads\/2024\/09\/carolinas-2048x1365.jpg 2048w, https:\/\/homolog.harald.com.br\/site-2026\/wp-content\/uploads\/2024\/09\/carolinas-1920x1280.jpg 1920w\" sizes=\"auto, (max-width: 500px) 100vw, 500px\" \/><\/p>\n<h2 data-start=\"1030\" data-end=\"1088\">Receita de Carolinas Recheadas com Creme de Chocolate<\/h2>\n<h3 data-start=\"1090\" data-end=\"1108\">Ingredientes<\/h3>\n<p data-start=\"1110\" data-end=\"1128\"><strong data-start=\"1110\" data-end=\"1126\">Massa Choux:<\/strong><\/p>\n<ul data-start=\"1129\" data-end=\"1304\">\n<li data-start=\"1129\" data-end=\"1158\">\n<p data-start=\"1131\" data-end=\"1158\">1 x\u00edcara de \u00e1gua (240 ml)<\/p>\n<\/li>\n<li data-start=\"1159\" data-end=\"1193\">\n<p data-start=\"1161\" data-end=\"1193\">1\/2 x\u00edcara de manteiga (115 g)<\/p>\n<\/li>\n<li data-start=\"1194\" data-end=\"1234\">\n<p data-start=\"1196\" data-end=\"1234\">1 x\u00edcara de farinha de trigo (120 g)<\/p>\n<\/li>\n<li data-start=\"1235\" data-end=\"1263\">\n<p data-start=\"1237\" data-end=\"1263\">1\/4 colher de ch\u00e1 de sal<\/p>\n<\/li>\n<li data-start=\"1264\" data-end=\"1304\">\n<p data-start=\"1266\" data-end=\"1304\">3 a 4 ovos (em temperatura ambiente)<\/p>\n<\/li>\n<\/ul>\n<p data-start=\"1306\" data-end=\"1320\"><strong data-start=\"1306\" data-end=\"1318\">Recheio:<\/strong><\/p>\n<ul data-start=\"1321\" data-end=\"1385\">\n<li data-start=\"1321\" data-end=\"1385\">\n<p data-start=\"1323\" data-end=\"1385\">480 g de Recheio e Cobertura Melken sabor Chocolate Ao Leite<\/p>\n<\/li>\n<\/ul>\n<p data-start=\"1387\" data-end=\"1403\"><strong data-start=\"1387\" data-end=\"1401\">Cobertura:<\/strong><\/p>\n<ul data-start=\"1404\" data-end=\"1505\">\n<li data-start=\"1404\" data-end=\"1442\">\n<p data-start=\"1406\" data-end=\"1442\">100 g de Cobertura TOP Meio Amargo<\/p>\n<\/li>\n<li data-start=\"1443\" data-end=\"1505\">\n<p data-start=\"1445\" data-end=\"1505\">100 g de Granul\u00e9 Melken de Chocolate Ao Leite para decorar<\/p>\n<\/li>\n<\/ul>\n<h3 data-start=\"1512\" data-end=\"1533\">Modo de preparo<\/h3>\n<p data-start=\"1535\" data-end=\"1553\"><strong data-start=\"1535\" data-end=\"1551\">Massa Choux:<\/strong><\/p>\n<ol>\n<li data-start=\"1557\" data-end=\"1628\">Em primeiro lugar, pr\u00e9-aque\u00e7a o forno a 200 \u00b0C e forre uma assadeira com papel manteiga.<\/li>\n<li data-start=\"1557\" data-end=\"1628\">Em uma panela m\u00e9dia, aque\u00e7a a \u00e1gua e a manteiga at\u00e9 ferver.<\/li>\n<li data-start=\"1557\" data-end=\"1628\">Acrescente a farinha e o sal de uma s\u00f3 vez e mexa at\u00e9 formar uma massa lisa que desgrude da panela.<\/li>\n<li data-start=\"1557\" data-end=\"1628\">Retire do fogo, deixe esfriar por alguns minutos e adicione os ovos um a um, mexendo at\u00e9 a massa ficar brilhante.<\/li>\n<li data-start=\"1557\" data-end=\"1628\">Coloque em saco de confeitar e modele bolinhas de 3 cm de di\u00e2metro na assadeira.<\/li>\n<li data-start=\"1557\" data-end=\"1628\">Assim, leve para o forno por 20 a 25 minutos ou at\u00e9 dourar. Por fim, deixe esfriar completamente.<\/li>\n<\/ol>\n<p data-start=\"2079\" data-end=\"2108\"><strong data-start=\"2079\" data-end=\"2106\">Montagem e finaliza\u00e7\u00e3o:<\/strong><\/p>\n<ol>\n<li data-start=\"2112\" data-end=\"2165\">Por fim, fure a base de cada carolina com um palito ou faca.<\/li>\n<li data-start=\"2169\" data-end=\"2241\">Recheie com o Recheio e Cobertura Melken sabor Chocolate Ao Leite.<\/li>\n<li data-start=\"2245\" data-end=\"2316\">Logo depois, mergulhe a parte superior na Cobertura TOP Meio Amargo derretida.<\/li>\n<li data-start=\"2320\" data-end=\"2418\">Finalize com Granul\u00e9 Melken de Chocolate Ao Leite e aguarde a cristaliza\u00e7\u00e3o antes de servir.<\/li>\n<\/ol>\n<p data-start=\"2420\" data-end=\"2449\"><strong data-start=\"2420\" data-end=\"2435\">Rendimento:<\/strong> 24 unidades<\/p>\n<h2 data-start=\"2456\" data-end=\"2496\">Melken: indulg\u00eancia e versatilidade<\/h2>\n<p data-start=\"2497\" data-end=\"2776\">A linha Melken \u00e9 reconhecida por confeiteiros em todo o Brasil pela facilidade de derreter, moldar e temperar, al\u00e9m de entregar muito sabor e brilho. O portf\u00f3lio inclui barras, gotas, p\u00f3, itens para decora\u00e7\u00e3o e produtos prontos para uso, como ganaches, recheios e docinhos.<\/p>\n<h2 data-start=\"2783\" data-end=\"2832\">TOP: cobertura pr\u00e1tica e de alta performance<\/h2>\n<p data-start=\"2833\" data-end=\"3059\">Lan\u00e7ada em 1993, TOP foi a primeira cobertura fracionada do Brasil. Assim, dispensa a temperagem, garante rendimento elevado e entrega brilho impec\u00e1vel \u00e0s receitas. \u00c9 pr\u00e1tica para cobrir, decorar e real\u00e7ar o sabor dos recheios.<\/p>\n<h2 data-start=\"3066\" data-end=\"3085\">Sobre a Harald<\/h2>\n<p data-start=\"3086\" data-end=\"3386\">A Harald \u00e9 l\u00edder em chocolates e coberturas para confeitaria e refer\u00eancia no mercado especializado, food service e cash &amp; carry. Seu portf\u00f3lio re\u00fane marcas como Unique, Melken, Inovare, TOP e Confeiteiro. Al\u00e9m disso, a empresa fundada em 1982, faz parte desde 2015 do grupo japon\u00eas Fuji Oil, com presen\u00e7a global.<\/p>\n","protected":false},"excerpt":{"rendered":"<p>Carolinas Recheadas com Creme de Chocolate: massa leve, recheio intenso \u00cdcones da confeitaria cl\u00e1ssica, as carolinas recheadas conquistam gera\u00e7\u00f5es com sua combina\u00e7\u00e3o irresist\u00edvel de massa leve, recheio cremoso e cobertura brilhante. Nessa vers\u00e3o com chocolate Harald, o doce ganha um toque ainda mais indulgente, sem perder a tradi\u00e7\u00e3o que o tornou inesquec\u00edvel. Um doce elegante <a class=\"more-link\" href=\"https:\/\/homolog.harald.com.br\/site-2026\/blog\/carolinas-recheadas-massa-leve-recheio-intenso\/\">Read more&#8230;<\/a><\/p>\n","protected":false},"author":14,"featured_media":209344,"comment_status":"closed","ping_status":"closed","sticky":false,"template":"","format":"standard","meta":{"_acf_changed":false,"_uag_custom_page_level_css":"","footnotes":""},"categories":[158],"tags":[],"para-seu-negocio":[286,289,291],"class_list":["post-327716","post","type-post","status-publish","format-standard","has-post-thumbnail","hentry","category-noticias","para-seu-negocio-faca-e-venda","para-seu-negocio-restaurantes-e-lanchonetes","para-seu-negocio-industrias"],"acf":[],"yoast_head":"<!-- This site is optimized with the Yoast SEO plugin v26.3 - https:\/\/yoast.com\/wordpress\/plugins\/seo\/ -->\n<title>Carolinas Recheadas: massa leve, recheio intenso! - Harald<\/title>\n<meta name=\"description\" content=\"Aprenda a fazer Carolinas Recheadas com Creme de Chocolate usando Melken e TOP Harald. Receita f\u00e1cil, elegante e perfeita para surpreender.\" \/>\n<meta name=\"robots\" content=\"noindex, follow, max-snippet:-1, max-image-preview:large, max-video-preview:-1\" \/>\n<meta property=\"og:locale\" content=\"pt_BR\" \/>\n<meta property=\"og:type\" content=\"article\" \/>\n<meta property=\"og:title\" content=\"Carolinas Recheadas: massa leve, recheio intenso! - Harald\" \/>\n<meta property=\"og:description\" content=\"Aprenda a fazer Carolinas Recheadas com Creme de Chocolate usando Melken e TOP Harald. Receita f\u00e1cil, elegante e perfeita para surpreender.\" \/>\n<meta property=\"og:url\" content=\"https:\/\/homolog.harald.com.br\/site-2026\/blog\/carolinas-recheadas-massa-leve-recheio-intenso\/\" \/>\n<meta property=\"og:site_name\" content=\"Harald\" \/>\n<meta property=\"article:publisher\" content=\"https:\/\/www.facebook.com\/HaraldChocolates\/\" \/>\n<meta property=\"article:published_time\" content=\"2025-08-11T14:25:57+00:00\" \/>\n<meta property=\"article:modified_time\" content=\"2026-01-23T00:25:55+00:00\" \/>\n<meta property=\"og:image\" content=\"https:\/\/homolog.harald.com.br\/site-2026\/wp-content\/uploads\/2024\/09\/carolinas-scaled.jpg\" \/>\n\t<meta property=\"og:image:width\" content=\"2560\" \/>\n\t<meta property=\"og:image:height\" content=\"1707\" \/>\n\t<meta property=\"og:image:type\" content=\"image\/jpeg\" \/>\n<meta name=\"author\" content=\"Beatriz Oliveira\" \/>\n<meta name=\"twitter:card\" content=\"summary_large_image\" \/>\n<meta name=\"twitter:label1\" content=\"Escrito por\" \/>\n\t<meta name=\"twitter:data1\" content=\"Beatriz Oliveira\" \/>\n\t<meta name=\"twitter:label2\" content=\"Est. tempo de leitura\" \/>\n\t<meta name=\"twitter:data2\" content=\"4 minutos\" \/>\n<script type=\"application\/ld+json\" class=\"yoast-schema-graph\">{\"@context\":\"https:\/\/schema.org\",\"@graph\":[{\"@type\":\"Article\",\"@id\":\"https:\/\/homolog.harald.com.br\/site-2026\/blog\/carolinas-recheadas-massa-leve-recheio-intenso\/#article\",\"isPartOf\":{\"@id\":\"https:\/\/homolog.harald.com.br\/site-2026\/blog\/carolinas-recheadas-massa-leve-recheio-intenso\/\"},\"author\":{\"name\":\"Beatriz Oliveira\",\"@id\":\"https:\/\/homolog.harald.com.br\/site-2026\/#\/schema\/person\/c71700dd47fb39a337c7f9b89d5e3a00\"},\"headline\":\"Carolinas Recheadas: massa leve, recheio intenso!\",\"datePublished\":\"2025-08-11T14:25:57+00:00\",\"dateModified\":\"2026-01-23T00:25:55+00:00\",\"mainEntityOfPage\":{\"@id\":\"https:\/\/homolog.harald.com.br\/site-2026\/blog\/carolinas-recheadas-massa-leve-recheio-intenso\/\"},\"wordCount\":524,\"publisher\":{\"@id\":\"https:\/\/homolog.harald.com.br\/site-2026\/#organization\"},\"image\":{\"@id\":\"https:\/\/homolog.harald.com.br\/site-2026\/blog\/carolinas-recheadas-massa-leve-recheio-intenso\/#primaryimage\"},\"thumbnailUrl\":\"https:\/\/homolog.harald.com.br\/site-2026\/wp-content\/uploads\/2024\/09\/carolinas-scaled.jpg\",\"articleSection\":[\"Not\u00edcias\"],\"inLanguage\":\"pt-BR\"},{\"@type\":\"WebPage\",\"@id\":\"https:\/\/homolog.harald.com.br\/site-2026\/blog\/carolinas-recheadas-massa-leve-recheio-intenso\/\",\"url\":\"https:\/\/homolog.harald.com.br\/site-2026\/blog\/carolinas-recheadas-massa-leve-recheio-intenso\/\",\"name\":\"Carolinas Recheadas: massa leve, recheio intenso! - Harald\",\"isPartOf\":{\"@id\":\"https:\/\/homolog.harald.com.br\/site-2026\/#website\"},\"primaryImageOfPage\":{\"@id\":\"https:\/\/homolog.harald.com.br\/site-2026\/blog\/carolinas-recheadas-massa-leve-recheio-intenso\/#primaryimage\"},\"image\":{\"@id\":\"https:\/\/homolog.harald.com.br\/site-2026\/blog\/carolinas-recheadas-massa-leve-recheio-intenso\/#primaryimage\"},\"thumbnailUrl\":\"https:\/\/homolog.harald.com.br\/site-2026\/wp-content\/uploads\/2024\/09\/carolinas-scaled.jpg\",\"datePublished\":\"2025-08-11T14:25:57+00:00\",\"dateModified\":\"2026-01-23T00:25:55+00:00\",\"description\":\"Aprenda a fazer Carolinas Recheadas com Creme de Chocolate usando Melken e TOP Harald. Receita f\u00e1cil, elegante e perfeita para surpreender.\",\"breadcrumb\":{\"@id\":\"https:\/\/homolog.harald.com.br\/site-2026\/blog\/carolinas-recheadas-massa-leve-recheio-intenso\/#breadcrumb\"},\"inLanguage\":\"pt-BR\",\"potentialAction\":[{\"@type\":\"ReadAction\",\"target\":[\"https:\/\/homolog.harald.com.br\/site-2026\/blog\/carolinas-recheadas-massa-leve-recheio-intenso\/\"]}]},{\"@type\":\"ImageObject\",\"inLanguage\":\"pt-BR\",\"@id\":\"https:\/\/homolog.harald.com.br\/site-2026\/blog\/carolinas-recheadas-massa-leve-recheio-intenso\/#primaryimage\",\"url\":\"https:\/\/homolog.harald.com.br\/site-2026\/wp-content\/uploads\/2024\/09\/carolinas-scaled.jpg\",\"contentUrl\":\"https:\/\/homolog.harald.com.br\/site-2026\/wp-content\/uploads\/2024\/09\/carolinas-scaled.jpg\",\"width\":2560,\"height\":1707,\"caption\":\"Carolinas Recheadas\"},{\"@type\":\"BreadcrumbList\",\"@id\":\"https:\/\/homolog.harald.com.br\/site-2026\/blog\/carolinas-recheadas-massa-leve-recheio-intenso\/#breadcrumb\",\"itemListElement\":[{\"@type\":\"ListItem\",\"position\":1,\"name\":\"In\u00edcio\",\"item\":\"https:\/\/homolog.harald.com.br\/site-2026\/\"},{\"@type\":\"ListItem\",\"position\":2,\"name\":\"Carolinas Recheadas: massa leve, recheio intenso!\"}]},{\"@type\":\"WebSite\",\"@id\":\"https:\/\/homolog.harald.com.br\/site-2026\/#website\",\"url\":\"https:\/\/homolog.harald.com.br\/site-2026\/\",\"name\":\"Harald\",\"description\":\"Fazer melhor \u00e9 fazer com paix\u00e3o\",\"publisher\":{\"@id\":\"https:\/\/homolog.harald.com.br\/site-2026\/#organization\"},\"potentialAction\":[{\"@type\":\"SearchAction\",\"target\":{\"@type\":\"EntryPoint\",\"urlTemplate\":\"https:\/\/homolog.harald.com.br\/site-2026\/?s={search_term_string}\"},\"query-input\":{\"@type\":\"PropertyValueSpecification\",\"valueRequired\":true,\"valueName\":\"search_term_string\"}}],\"inLanguage\":\"pt-BR\"},{\"@type\":\"Organization\",\"@id\":\"https:\/\/homolog.harald.com.br\/site-2026\/#organization\",\"name\":\"Harald\",\"url\":\"https:\/\/homolog.harald.com.br\/site-2026\/\",\"logo\":{\"@type\":\"ImageObject\",\"inLanguage\":\"pt-BR\",\"@id\":\"https:\/\/homolog.harald.com.br\/site-2026\/#\/schema\/logo\/image\/\",\"url\":\"https:\/\/homolog.harald.com.br\/site-2026\/wp-content\/uploads\/2022\/09\/logo-harald-cmyk-ss.png\",\"contentUrl\":\"https:\/\/homolog.harald.com.br\/site-2026\/wp-content\/uploads\/2022\/09\/logo-harald-cmyk-ss.png\",\"width\":1948,\"height\":1051,\"caption\":\"Harald\"},\"image\":{\"@id\":\"https:\/\/homolog.harald.com.br\/site-2026\/#\/schema\/logo\/image\/\"},\"sameAs\":[\"https:\/\/www.facebook.com\/HaraldChocolates\/\",\"https:\/\/www.youtube.com\/user\/HaraldChocolates\"]},{\"@type\":\"Person\",\"@id\":\"https:\/\/homolog.harald.com.br\/site-2026\/#\/schema\/person\/c71700dd47fb39a337c7f9b89d5e3a00\",\"name\":\"Beatriz Oliveira\",\"image\":{\"@type\":\"ImageObject\",\"inLanguage\":\"pt-BR\",\"@id\":\"https:\/\/homolog.harald.com.br\/site-2026\/#\/schema\/person\/image\/\",\"url\":\"https:\/\/secure.gravatar.com\/avatar\/fdc870643b67a6486b6bef59d475b1e7dea17130b70a2178f5716399590234e6?s=96&d=mm&r=g\",\"contentUrl\":\"https:\/\/secure.gravatar.com\/avatar\/fdc870643b67a6486b6bef59d475b1e7dea17130b70a2178f5716399590234e6?s=96&d=mm&r=g\",\"caption\":\"Beatriz Oliveira\"},\"url\":\"https:\/\/homolog.harald.com.br\/site-2026\/blog\/author\/beatriz-oliveira\/\"}]}<\/script>\n<!-- \/ Yoast SEO plugin. -->","yoast_head_json":{"title":"Carolinas Recheadas: massa leve, recheio intenso! - Harald","description":"Aprenda a fazer Carolinas Recheadas com Creme de Chocolate usando Melken e TOP Harald. Receita f\u00e1cil, elegante e perfeita para surpreender.","robots":{"index":"noindex","follow":"follow","max-snippet":"max-snippet:-1","max-image-preview":"max-image-preview:large","max-video-preview":"max-video-preview:-1"},"og_locale":"pt_BR","og_type":"article","og_title":"Carolinas Recheadas: massa leve, recheio intenso! - Harald","og_description":"Aprenda a fazer Carolinas Recheadas com Creme de Chocolate usando Melken e TOP Harald. Receita f\u00e1cil, elegante e perfeita para surpreender.","og_url":"https:\/\/homolog.harald.com.br\/site-2026\/blog\/carolinas-recheadas-massa-leve-recheio-intenso\/","og_site_name":"Harald","article_publisher":"https:\/\/www.facebook.com\/HaraldChocolates\/","article_published_time":"2025-08-11T14:25:57+00:00","article_modified_time":"2026-01-23T00:25:55+00:00","og_image":[{"width":2560,"height":1707,"url":"https:\/\/homolog.harald.com.br\/site-2026\/wp-content\/uploads\/2024\/09\/carolinas-scaled.jpg","type":"image\/jpeg"}],"author":"Beatriz Oliveira","twitter_card":"summary_large_image","twitter_misc":{"Escrito por":"Beatriz Oliveira","Est. tempo de leitura":"4 minutos"},"schema":{"@context":"https:\/\/schema.org","@graph":[{"@type":"Article","@id":"https:\/\/homolog.harald.com.br\/site-2026\/blog\/carolinas-recheadas-massa-leve-recheio-intenso\/#article","isPartOf":{"@id":"https:\/\/homolog.harald.com.br\/site-2026\/blog\/carolinas-recheadas-massa-leve-recheio-intenso\/"},"author":{"name":"Beatriz Oliveira","@id":"https:\/\/homolog.harald.com.br\/site-2026\/#\/schema\/person\/c71700dd47fb39a337c7f9b89d5e3a00"},"headline":"Carolinas Recheadas: massa leve, recheio intenso!","datePublished":"2025-08-11T14:25:57+00:00","dateModified":"2026-01-23T00:25:55+00:00","mainEntityOfPage":{"@id":"https:\/\/homolog.harald.com.br\/site-2026\/blog\/carolinas-recheadas-massa-leve-recheio-intenso\/"},"wordCount":524,"publisher":{"@id":"https:\/\/homolog.harald.com.br\/site-2026\/#organization"},"image":{"@id":"https:\/\/homolog.harald.com.br\/site-2026\/blog\/carolinas-recheadas-massa-leve-recheio-intenso\/#primaryimage"},"thumbnailUrl":"https:\/\/homolog.harald.com.br\/site-2026\/wp-content\/uploads\/2024\/09\/carolinas-scaled.jpg","articleSection":["Not\u00edcias"],"inLanguage":"pt-BR"},{"@type":"WebPage","@id":"https:\/\/homolog.harald.com.br\/site-2026\/blog\/carolinas-recheadas-massa-leve-recheio-intenso\/","url":"https:\/\/homolog.harald.com.br\/site-2026\/blog\/carolinas-recheadas-massa-leve-recheio-intenso\/","name":"Carolinas Recheadas: massa leve, recheio intenso! - Harald","isPartOf":{"@id":"https:\/\/homolog.harald.com.br\/site-2026\/#website"},"primaryImageOfPage":{"@id":"https:\/\/homolog.harald.com.br\/site-2026\/blog\/carolinas-recheadas-massa-leve-recheio-intenso\/#primaryimage"},"image":{"@id":"https:\/\/homolog.harald.com.br\/site-2026\/blog\/carolinas-recheadas-massa-leve-recheio-intenso\/#primaryimage"},"thumbnailUrl":"https:\/\/homolog.harald.com.br\/site-2026\/wp-content\/uploads\/2024\/09\/carolinas-scaled.jpg","datePublished":"2025-08-11T14:25:57+00:00","dateModified":"2026-01-23T00:25:55+00:00","description":"Aprenda a fazer Carolinas Recheadas com Creme de Chocolate usando Melken e TOP Harald. Receita f\u00e1cil, elegante e perfeita para surpreender.","breadcrumb":{"@id":"https:\/\/homolog.harald.com.br\/site-2026\/blog\/carolinas-recheadas-massa-leve-recheio-intenso\/#breadcrumb"},"inLanguage":"pt-BR","potentialAction":[{"@type":"ReadAction","target":["https:\/\/homolog.harald.com.br\/site-2026\/blog\/carolinas-recheadas-massa-leve-recheio-intenso\/"]}]},{"@type":"ImageObject","inLanguage":"pt-BR","@id":"https:\/\/homolog.harald.com.br\/site-2026\/blog\/carolinas-recheadas-massa-leve-recheio-intenso\/#primaryimage","url":"https:\/\/homolog.harald.com.br\/site-2026\/wp-content\/uploads\/2024\/09\/carolinas-scaled.jpg","contentUrl":"https:\/\/homolog.harald.com.br\/site-2026\/wp-content\/uploads\/2024\/09\/carolinas-scaled.jpg","width":2560,"height":1707,"caption":"Carolinas Recheadas"},{"@type":"BreadcrumbList","@id":"https:\/\/homolog.harald.com.br\/site-2026\/blog\/carolinas-recheadas-massa-leve-recheio-intenso\/#breadcrumb","itemListElement":[{"@type":"ListItem","position":1,"name":"In\u00edcio","item":"https:\/\/homolog.harald.com.br\/site-2026\/"},{"@type":"ListItem","position":2,"name":"Carolinas Recheadas: massa leve, recheio intenso!"}]},{"@type":"WebSite","@id":"https:\/\/homolog.harald.com.br\/site-2026\/#website","url":"https:\/\/homolog.harald.com.br\/site-2026\/","name":"Harald","description":"Fazer melhor \u00e9 fazer com paix\u00e3o","publisher":{"@id":"https:\/\/homolog.harald.com.br\/site-2026\/#organization"},"potentialAction":[{"@type":"SearchAction","target":{"@type":"EntryPoint","urlTemplate":"https:\/\/homolog.harald.com.br\/site-2026\/?s={search_term_string}"},"query-input":{"@type":"PropertyValueSpecification","valueRequired":true,"valueName":"search_term_string"}}],"inLanguage":"pt-BR"},{"@type":"Organization","@id":"https:\/\/homolog.harald.com.br\/site-2026\/#organization","name":"Harald","url":"https:\/\/homolog.harald.com.br\/site-2026\/","logo":{"@type":"ImageObject","inLanguage":"pt-BR","@id":"https:\/\/homolog.harald.com.br\/site-2026\/#\/schema\/logo\/image\/","url":"https:\/\/homolog.harald.com.br\/site-2026\/wp-content\/uploads\/2022\/09\/logo-harald-cmyk-ss.png","contentUrl":"https:\/\/homolog.harald.com.br\/site-2026\/wp-content\/uploads\/2022\/09\/logo-harald-cmyk-ss.png","width":1948,"height":1051,"caption":"Harald"},"image":{"@id":"https:\/\/homolog.harald.com.br\/site-2026\/#\/schema\/logo\/image\/"},"sameAs":["https:\/\/www.facebook.com\/HaraldChocolates\/","https:\/\/www.youtube.com\/user\/HaraldChocolates"]},{"@type":"Person","@id":"https:\/\/homolog.harald.com.br\/site-2026\/#\/schema\/person\/c71700dd47fb39a337c7f9b89d5e3a00","name":"Beatriz Oliveira","image":{"@type":"ImageObject","inLanguage":"pt-BR","@id":"https:\/\/homolog.harald.com.br\/site-2026\/#\/schema\/person\/image\/","url":"https:\/\/secure.gravatar.com\/avatar\/fdc870643b67a6486b6bef59d475b1e7dea17130b70a2178f5716399590234e6?s=96&d=mm&r=g","contentUrl":"https:\/\/secure.gravatar.com\/avatar\/fdc870643b67a6486b6bef59d475b1e7dea17130b70a2178f5716399590234e6?s=96&d=mm&r=g","caption":"Beatriz Oliveira"},"url":"https:\/\/homolog.harald.com.br\/site-2026\/blog\/author\/beatriz-oliveira\/"}]}},"uagb_featured_image_src":{"full":["https:\/\/homolog.harald.com.br\/site-2026\/wp-content\/uploads\/2024\/09\/carolinas-scaled.jpg",2560,1707,false],"thumbnail":["https:\/\/homolog.harald.com.br\/site-2026\/wp-content\/uploads\/2024\/09\/carolinas-150x150.jpg",150,150,true],"medium":["https:\/\/homolog.harald.com.br\/site-2026\/wp-content\/uploads\/2024\/09\/carolinas-300x200.jpg",300,200,true],"medium_large":["https:\/\/homolog.harald.com.br\/site-2026\/wp-content\/uploads\/2024\/09\/carolinas-768x512.jpg",768,512,true],"large":["https:\/\/homolog.harald.com.br\/site-2026\/wp-content\/uploads\/2024\/09\/carolinas-1024x683.jpg",1024,683,true],"1536x1536":["https:\/\/homolog.harald.com.br\/site-2026\/wp-content\/uploads\/2024\/09\/carolinas-1536x1024.jpg",1536,1024,true],"2048x2048":["https:\/\/homolog.harald.com.br\/site-2026\/wp-content\/uploads\/2024\/09\/carolinas-2048x1365.jpg",2048,1365,true],"full-width":["https:\/\/homolog.harald.com.br\/site-2026\/wp-content\/uploads\/2024\/09\/carolinas-scaled.jpg",1620,1080,false],"gform-image-choice-sm":["https:\/\/homolog.harald.com.br\/site-2026\/wp-content\/uploads\/2024\/09\/carolinas-scaled.jpg",300,200,false],"gform-image-choice-md":["https:\/\/homolog.harald.com.br\/site-2026\/wp-content\/uploads\/2024\/09\/carolinas-scaled.jpg",400,267,false],"gform-image-choice-lg":["https:\/\/homolog.harald.com.br\/site-2026\/wp-content\/uploads\/2024\/09\/carolinas-scaled.jpg",600,400,false]},"uagb_author_info":{"display_name":"Beatriz Oliveira","author_link":"https:\/\/homolog.harald.com.br\/site-2026\/blog\/author\/beatriz-oliveira\/"},"uagb_comment_info":0,"uagb_excerpt":"Carolinas Recheadas com Creme de Chocolate: massa leve, recheio intenso \u00cdcones da confeitaria cl\u00e1ssica, as carolinas recheadas conquistam gera\u00e7\u00f5es com sua combina\u00e7\u00e3o irresist\u00edvel de massa leve, recheio cremoso e cobertura brilhante. Nessa vers\u00e3o com chocolate Harald, o doce ganha um toque ainda mais indulgente, sem perder a tradi\u00e7\u00e3o que o tornou inesquec\u00edvel. Um doce elegante&hellip;","_links":{"self":[{"href":"https:\/\/homolog.harald.com.br\/site-2026\/wp-json\/wp\/v2\/posts\/327716","targetHints":{"allow":["GET"]}}],"collection":[{"href":"https:\/\/homolog.harald.com.br\/site-2026\/wp-json\/wp\/v2\/posts"}],"about":[{"href":"https:\/\/homolog.harald.com.br\/site-2026\/wp-json\/wp\/v2\/types\/post"}],"author":[{"embeddable":true,"href":"https:\/\/homolog.harald.com.br\/site-2026\/wp-json\/wp\/v2\/users\/14"}],"replies":[{"embeddable":true,"href":"https:\/\/homolog.harald.com.br\/site-2026\/wp-json\/wp\/v2\/comments?post=327716"}],"version-history":[{"count":2,"href":"https:\/\/homolog.harald.com.br\/site-2026\/wp-json\/wp\/v2\/posts\/327716\/revisions"}],"predecessor-version":[{"id":327752,"href":"https:\/\/homolog.harald.com.br\/site-2026\/wp-json\/wp\/v2\/posts\/327716\/revisions\/327752"}],"wp:featuredmedia":[{"embeddable":true,"href":"https:\/\/homolog.harald.com.br\/site-2026\/wp-json\/wp\/v2\/media\/209344"}],"wp:attachment":[{"href":"https:\/\/homolog.harald.com.br\/site-2026\/wp-json\/wp\/v2\/media?parent=327716"}],"wp:term":[{"taxonomy":"category","embeddable":true,"href":"https:\/\/homolog.harald.com.br\/site-2026\/wp-json\/wp\/v2\/categories?post=327716"},{"taxonomy":"post_tag","embeddable":true,"href":"https:\/\/homolog.harald.com.br\/site-2026\/wp-json\/wp\/v2\/tags?post=327716"},{"taxonomy":"para-seu-negocio","embeddable":true,"href":"https:\/\/homolog.harald.com.br\/site-2026\/wp-json\/wp\/v2\/para-seu-negocio?post=327716"}],"curies":[{"name":"wp","href":"https:\/\/api.w.org\/{rel}","templated":true}]}}