{"id":320137,"date":"2025-07-26T12:29:29","date_gmt":"2025-07-26T15:29:29","guid":{"rendered":"https:\/\/homolog.harald.com.br\/site-2026\/?p=320137"},"modified":"2025-07-29T12:32:44","modified_gmt":"2025-07-29T15:32:44","slug":"caramelo-quente-com-cafe-para-aquecer-seus-dias-frios","status":"publish","type":"post","link":"https:\/\/homolog.harald.com.br\/site-2026\/blog\/caramelo-quente-com-cafe-para-aquecer-seus-dias-frios\/","title":{"rendered":"Caramelo Quente com Caf\u00e9: para aquecer seus dias frios"},"content":{"rendered":"<h2 data-section-id=\"ar953s\" data-start=\"213\" data-end=\"288\">Caramelo Quente com Caf\u00e9: a receita perfeita para aquecer seus dias frios<\/h2>\n<p data-start=\"290\" data-end=\"673\">Nada como uma bebida quente, cremosa e cheia de sabor para trazer aconchego nos dias mais frios do inverno. Pensando nisso, a <a href=\"https:\/\/homolog.harald.com.br\/site-2026\/\">Harald<\/a> preparou uma receita especial que vai conquistar quem ama combina\u00e7\u00f5es marcantes: o Caramelo Quente com Caf\u00e9. Simples de fazer e irresist\u00edvel, ele \u00e9 perfeito tanto para curtir em casa quanto para incluir em menus sazonais de cafeterias e confeitarias.<\/p>\n<p data-start=\"290\" data-end=\"673\"><img loading=\"lazy\" decoding=\"async\" class=\"aligncenter wp-image-188302 \" src=\"https:\/\/homolog.harald.com.br\/site-2026\/wp-content\/uploads\/2024\/05\/caramelo-quente-e1716298713640.jpg\" alt=\"Caramelo Quente com Caf\u00e9\" width=\"550\" height=\"364\" srcset=\"https:\/\/homolog.harald.com.br\/site-2026\/wp-content\/uploads\/2024\/05\/caramelo-quente-e1716298713640.jpg 909w, https:\/\/homolog.harald.com.br\/site-2026\/wp-content\/uploads\/2024\/05\/caramelo-quente-e1716298713640-300x198.jpg 300w, https:\/\/homolog.harald.com.br\/site-2026\/wp-content\/uploads\/2024\/05\/caramelo-quente-e1716298713640-768x508.jpg 768w\" sizes=\"auto, (max-width: 550px) 100vw, 550px\" \/><\/p>\n<p data-start=\"675\" data-end=\"950\">A uni\u00e3o do caf\u00e9 forte com o dul\u00e7or suave do caramelo cria uma experi\u00eancia reconfortante e cheia de personalidade. Para deixar tudo ainda mais cremoso e equilibrado, a receita leva o <strong data-start=\"857\" data-end=\"886\">Chocolate Melken Ao Leite<\/strong>, que garante brilho, textura aveludada e um sabor inesquec\u00edvel.<\/p>\n<h2 data-section-id=\"uu3ueu\" data-start=\"952\" data-end=\"967\">Ingredientes<\/h2>\n<ul data-start=\"969\" data-end=\"1153\">\n<li data-start=\"969\" data-end=\"1006\">\n<p data-start=\"971\" data-end=\"1006\">200g de Chocolate Melken Ao Leite<\/p>\n<\/li>\n<li data-start=\"1007\" data-end=\"1034\">\n<p data-start=\"1009\" data-end=\"1034\">200ml de creme de leite<\/p>\n<\/li>\n<li data-start=\"1035\" data-end=\"1076\">\n<p data-start=\"1037\" data-end=\"1076\">50ml de caf\u00e9 coado forte (sem a\u00e7\u00facar)<\/p>\n<\/li>\n<li data-start=\"1077\" data-end=\"1114\">\n<p data-start=\"1079\" data-end=\"1114\">1 colher (sopa) de a\u00e7\u00facar mascavo<\/p>\n<\/li>\n<li data-start=\"1115\" data-end=\"1153\">\n<p data-start=\"1117\" data-end=\"1153\">Uma pitada de flor de sal (opcional)<\/p>\n<\/li>\n<\/ul>\n<h2 data-section-id=\"1wt8g6\" data-start=\"1155\" data-end=\"1173\">Modo de preparo<\/h2>\n<ol data-start=\"1175\" data-end=\"1601\">\n<li data-start=\"1175\" data-end=\"1249\">\n<p data-start=\"1178\" data-end=\"1249\">Em primeiro lugar, aque\u00e7a o creme de leite em fogo baixo at\u00e9 surgirem bolhas nas bordas.<\/p>\n<\/li>\n<li data-start=\"1250\" data-end=\"1327\">\n<p data-start=\"1253\" data-end=\"1327\">Adicione o caf\u00e9 e o a\u00e7\u00facar mascavo, mexendo at\u00e9 dissolver completamente.<\/p>\n<\/li>\n<li data-start=\"1328\" data-end=\"1431\">\n<p data-start=\"1331\" data-end=\"1431\">Logo depois, desligue o fogo e acrescente o Chocolate Melken Ao Leite picado, mexendo at\u00e9 formar um creme liso.<\/p>\n<\/li>\n<li data-start=\"1432\" data-end=\"1503\">\n<p data-start=\"1435\" data-end=\"1503\">Assim, finalize com uma pitada de flor de sal, se quiser real\u00e7ar o sabor.<\/p>\n<\/li>\n<li data-start=\"1504\" data-end=\"1601\">\n<p data-start=\"1507\" data-end=\"1601\">Por fim, sirva quente, em x\u00edcaras ou potes pequenos. Pode acompanhar biscoitos ou ser usado como calda.<\/p>\n<\/li>\n<\/ol>\n<p data-start=\"1603\" data-end=\"1628\">Rende cerca de 4 por\u00e7\u00f5es.<\/p>\n<p data-start=\"1630\" data-end=\"1700\">Transforme o frio em uma oportunidade de encantar com sabor e carinho!<\/p>\n","protected":false},"excerpt":{"rendered":"<p>Caramelo Quente com Caf\u00e9: a receita perfeita para aquecer seus dias frios Nada como uma bebida quente, cremosa e cheia de sabor para trazer aconchego nos dias mais frios do inverno. Pensando nisso, a Harald preparou uma receita especial que vai conquistar quem ama combina\u00e7\u00f5es marcantes: o Caramelo Quente com Caf\u00e9. Simples de fazer e <a class=\"more-link\" href=\"https:\/\/homolog.harald.com.br\/site-2026\/blog\/caramelo-quente-com-cafe-para-aquecer-seus-dias-frios\/\">Read more&#8230;<\/a><\/p>\n","protected":false},"author":14,"featured_media":188302,"comment_status":"closed","ping_status":"closed","sticky":false,"template":"","format":"standard","meta":{"_acf_changed":false,"_uag_custom_page_level_css":"","footnotes":""},"categories":[158],"tags":[],"para-seu-negocio":[],"class_list":["post-320137","post","type-post","status-publish","format-standard","has-post-thumbnail","hentry","category-noticias"],"acf":[],"yoast_head":"<!-- This site is optimized with the Yoast SEO plugin v26.3 - https:\/\/yoast.com\/wordpress\/plugins\/seo\/ -->\n<title>Caramelo Quente com Caf\u00e9: para aquecer seus dias frios - Harald<\/title>\n<meta name=\"description\" content=\"Aprenda preparar um delicioso Caramelo Quente com Caf\u00e9 usando Chocolate Melken Ao Leite. Uma receita perfeita para aquecer os dias frios!\" \/>\n<meta name=\"robots\" content=\"noindex, follow, max-snippet:-1, max-image-preview:large, max-video-preview:-1\" \/>\n<meta property=\"og:locale\" content=\"pt_BR\" \/>\n<meta property=\"og:type\" content=\"article\" \/>\n<meta property=\"og:title\" content=\"Caramelo Quente com Caf\u00e9: para aquecer seus dias frios - Harald\" \/>\n<meta property=\"og:description\" content=\"Aprenda preparar um delicioso Caramelo Quente com Caf\u00e9 usando Chocolate Melken Ao Leite. Uma receita perfeita para aquecer os dias frios!\" \/>\n<meta property=\"og:url\" content=\"https:\/\/homolog.harald.com.br\/site-2026\/blog\/caramelo-quente-com-cafe-para-aquecer-seus-dias-frios\/\" \/>\n<meta property=\"og:site_name\" content=\"Harald\" \/>\n<meta property=\"article:publisher\" content=\"https:\/\/www.facebook.com\/HaraldChocolates\/\" \/>\n<meta property=\"article:published_time\" content=\"2025-07-26T15:29:29+00:00\" \/>\n<meta property=\"article:modified_time\" content=\"2025-07-29T15:32:44+00:00\" \/>\n<meta property=\"og:image\" content=\"https:\/\/homolog.harald.com.br\/site-2026\/wp-content\/uploads\/2024\/05\/caramelo-quente-e1716298713640.jpg\" \/>\n\t<meta property=\"og:image:width\" content=\"909\" \/>\n\t<meta property=\"og:image:height\" content=\"601\" \/>\n\t<meta property=\"og:image:type\" content=\"image\/jpeg\" \/>\n<meta name=\"author\" content=\"Beatriz Oliveira\" \/>\n<meta name=\"twitter:card\" content=\"summary_large_image\" \/>\n<meta name=\"twitter:label1\" content=\"Escrito por\" \/>\n\t<meta name=\"twitter:data1\" content=\"Beatriz Oliveira\" \/>\n\t<meta name=\"twitter:label2\" content=\"Est. tempo de leitura\" \/>\n\t<meta name=\"twitter:data2\" content=\"2 minutos\" \/>\n<script type=\"application\/ld+json\" class=\"yoast-schema-graph\">{\"@context\":\"https:\/\/schema.org\",\"@graph\":[{\"@type\":\"Article\",\"@id\":\"https:\/\/homolog.harald.com.br\/site-2026\/blog\/caramelo-quente-com-cafe-para-aquecer-seus-dias-frios\/#article\",\"isPartOf\":{\"@id\":\"https:\/\/homolog.harald.com.br\/site-2026\/blog\/caramelo-quente-com-cafe-para-aquecer-seus-dias-frios\/\"},\"author\":{\"name\":\"Beatriz Oliveira\",\"@id\":\"https:\/\/homolog.harald.com.br\/site-2026\/#\/schema\/person\/c71700dd47fb39a337c7f9b89d5e3a00\"},\"headline\":\"Caramelo Quente com Caf\u00e9: para aquecer seus dias frios\",\"datePublished\":\"2025-07-26T15:29:29+00:00\",\"dateModified\":\"2025-07-29T15:32:44+00:00\",\"mainEntityOfPage\":{\"@id\":\"https:\/\/homolog.harald.com.br\/site-2026\/blog\/caramelo-quente-com-cafe-para-aquecer-seus-dias-frios\/\"},\"wordCount\":266,\"publisher\":{\"@id\":\"https:\/\/homolog.harald.com.br\/site-2026\/#organization\"},\"image\":{\"@id\":\"https:\/\/homolog.harald.com.br\/site-2026\/blog\/caramelo-quente-com-cafe-para-aquecer-seus-dias-frios\/#primaryimage\"},\"thumbnailUrl\":\"https:\/\/homolog.harald.com.br\/site-2026\/wp-content\/uploads\/2024\/05\/caramelo-quente-e1716298713640.jpg\",\"articleSection\":[\"Not\u00edcias\"],\"inLanguage\":\"pt-BR\"},{\"@type\":\"WebPage\",\"@id\":\"https:\/\/homolog.harald.com.br\/site-2026\/blog\/caramelo-quente-com-cafe-para-aquecer-seus-dias-frios\/\",\"url\":\"https:\/\/homolog.harald.com.br\/site-2026\/blog\/caramelo-quente-com-cafe-para-aquecer-seus-dias-frios\/\",\"name\":\"Caramelo Quente com Caf\u00e9: para aquecer seus dias frios - Harald\",\"isPartOf\":{\"@id\":\"https:\/\/homolog.harald.com.br\/site-2026\/#website\"},\"primaryImageOfPage\":{\"@id\":\"https:\/\/homolog.harald.com.br\/site-2026\/blog\/caramelo-quente-com-cafe-para-aquecer-seus-dias-frios\/#primaryimage\"},\"image\":{\"@id\":\"https:\/\/homolog.harald.com.br\/site-2026\/blog\/caramelo-quente-com-cafe-para-aquecer-seus-dias-frios\/#primaryimage\"},\"thumbnailUrl\":\"https:\/\/homolog.harald.com.br\/site-2026\/wp-content\/uploads\/2024\/05\/caramelo-quente-e1716298713640.jpg\",\"datePublished\":\"2025-07-26T15:29:29+00:00\",\"dateModified\":\"2025-07-29T15:32:44+00:00\",\"description\":\"Aprenda preparar um delicioso Caramelo Quente com Caf\u00e9 usando Chocolate Melken Ao Leite. Uma receita perfeita para aquecer os dias frios!\",\"breadcrumb\":{\"@id\":\"https:\/\/homolog.harald.com.br\/site-2026\/blog\/caramelo-quente-com-cafe-para-aquecer-seus-dias-frios\/#breadcrumb\"},\"inLanguage\":\"pt-BR\",\"potentialAction\":[{\"@type\":\"ReadAction\",\"target\":[\"https:\/\/homolog.harald.com.br\/site-2026\/blog\/caramelo-quente-com-cafe-para-aquecer-seus-dias-frios\/\"]}]},{\"@type\":\"ImageObject\",\"inLanguage\":\"pt-BR\",\"@id\":\"https:\/\/homolog.harald.com.br\/site-2026\/blog\/caramelo-quente-com-cafe-para-aquecer-seus-dias-frios\/#primaryimage\",\"url\":\"https:\/\/homolog.harald.com.br\/site-2026\/wp-content\/uploads\/2024\/05\/caramelo-quente-e1716298713640.jpg\",\"contentUrl\":\"https:\/\/homolog.harald.com.br\/site-2026\/wp-content\/uploads\/2024\/05\/caramelo-quente-e1716298713640.jpg\",\"width\":909,\"height\":601,\"caption\":\"Caramelo Quente com Caf\u00e9\"},{\"@type\":\"BreadcrumbList\",\"@id\":\"https:\/\/homolog.harald.com.br\/site-2026\/blog\/caramelo-quente-com-cafe-para-aquecer-seus-dias-frios\/#breadcrumb\",\"itemListElement\":[{\"@type\":\"ListItem\",\"position\":1,\"name\":\"In\u00edcio\",\"item\":\"https:\/\/homolog.harald.com.br\/site-2026\/\"},{\"@type\":\"ListItem\",\"position\":2,\"name\":\"Caramelo Quente com Caf\u00e9: para aquecer seus dias frios\"}]},{\"@type\":\"WebSite\",\"@id\":\"https:\/\/homolog.harald.com.br\/site-2026\/#website\",\"url\":\"https:\/\/homolog.harald.com.br\/site-2026\/\",\"name\":\"Harald\",\"description\":\"Fazer melhor \u00e9 fazer com paix\u00e3o\",\"publisher\":{\"@id\":\"https:\/\/homolog.harald.com.br\/site-2026\/#organization\"},\"potentialAction\":[{\"@type\":\"SearchAction\",\"target\":{\"@type\":\"EntryPoint\",\"urlTemplate\":\"https:\/\/homolog.harald.com.br\/site-2026\/?s={search_term_string}\"},\"query-input\":{\"@type\":\"PropertyValueSpecification\",\"valueRequired\":true,\"valueName\":\"search_term_string\"}}],\"inLanguage\":\"pt-BR\"},{\"@type\":\"Organization\",\"@id\":\"https:\/\/homolog.harald.com.br\/site-2026\/#organization\",\"name\":\"Harald\",\"url\":\"https:\/\/homolog.harald.com.br\/site-2026\/\",\"logo\":{\"@type\":\"ImageObject\",\"inLanguage\":\"pt-BR\",\"@id\":\"https:\/\/homolog.harald.com.br\/site-2026\/#\/schema\/logo\/image\/\",\"url\":\"https:\/\/homolog.harald.com.br\/site-2026\/wp-content\/uploads\/2022\/09\/logo-harald-cmyk-ss.png\",\"contentUrl\":\"https:\/\/homolog.harald.com.br\/site-2026\/wp-content\/uploads\/2022\/09\/logo-harald-cmyk-ss.png\",\"width\":1948,\"height\":1051,\"caption\":\"Harald\"},\"image\":{\"@id\":\"https:\/\/homolog.harald.com.br\/site-2026\/#\/schema\/logo\/image\/\"},\"sameAs\":[\"https:\/\/www.facebook.com\/HaraldChocolates\/\",\"https:\/\/www.youtube.com\/user\/HaraldChocolates\"]},{\"@type\":\"Person\",\"@id\":\"https:\/\/homolog.harald.com.br\/site-2026\/#\/schema\/person\/c71700dd47fb39a337c7f9b89d5e3a00\",\"name\":\"Beatriz Oliveira\",\"image\":{\"@type\":\"ImageObject\",\"inLanguage\":\"pt-BR\",\"@id\":\"https:\/\/homolog.harald.com.br\/site-2026\/#\/schema\/person\/image\/\",\"url\":\"https:\/\/secure.gravatar.com\/avatar\/fdc870643b67a6486b6bef59d475b1e7dea17130b70a2178f5716399590234e6?s=96&d=mm&r=g\",\"contentUrl\":\"https:\/\/secure.gravatar.com\/avatar\/fdc870643b67a6486b6bef59d475b1e7dea17130b70a2178f5716399590234e6?s=96&d=mm&r=g\",\"caption\":\"Beatriz Oliveira\"},\"url\":\"https:\/\/homolog.harald.com.br\/site-2026\/blog\/author\/beatriz-oliveira\/\"}]}<\/script>\n<!-- \/ Yoast SEO plugin. -->","yoast_head_json":{"title":"Caramelo Quente com Caf\u00e9: para aquecer seus dias frios - Harald","description":"Aprenda preparar um delicioso Caramelo Quente com Caf\u00e9 usando Chocolate Melken Ao Leite. Uma receita perfeita para aquecer os dias frios!","robots":{"index":"noindex","follow":"follow","max-snippet":"max-snippet:-1","max-image-preview":"max-image-preview:large","max-video-preview":"max-video-preview:-1"},"og_locale":"pt_BR","og_type":"article","og_title":"Caramelo Quente com Caf\u00e9: para aquecer seus dias frios - Harald","og_description":"Aprenda preparar um delicioso Caramelo Quente com Caf\u00e9 usando Chocolate Melken Ao Leite. Uma receita perfeita para aquecer os dias frios!","og_url":"https:\/\/homolog.harald.com.br\/site-2026\/blog\/caramelo-quente-com-cafe-para-aquecer-seus-dias-frios\/","og_site_name":"Harald","article_publisher":"https:\/\/www.facebook.com\/HaraldChocolates\/","article_published_time":"2025-07-26T15:29:29+00:00","article_modified_time":"2025-07-29T15:32:44+00:00","og_image":[{"width":909,"height":601,"url":"https:\/\/homolog.harald.com.br\/site-2026\/wp-content\/uploads\/2024\/05\/caramelo-quente-e1716298713640.jpg","type":"image\/jpeg"}],"author":"Beatriz Oliveira","twitter_card":"summary_large_image","twitter_misc":{"Escrito por":"Beatriz Oliveira","Est. tempo de leitura":"2 minutos"},"schema":{"@context":"https:\/\/schema.org","@graph":[{"@type":"Article","@id":"https:\/\/homolog.harald.com.br\/site-2026\/blog\/caramelo-quente-com-cafe-para-aquecer-seus-dias-frios\/#article","isPartOf":{"@id":"https:\/\/homolog.harald.com.br\/site-2026\/blog\/caramelo-quente-com-cafe-para-aquecer-seus-dias-frios\/"},"author":{"name":"Beatriz Oliveira","@id":"https:\/\/homolog.harald.com.br\/site-2026\/#\/schema\/person\/c71700dd47fb39a337c7f9b89d5e3a00"},"headline":"Caramelo Quente com Caf\u00e9: para aquecer seus dias frios","datePublished":"2025-07-26T15:29:29+00:00","dateModified":"2025-07-29T15:32:44+00:00","mainEntityOfPage":{"@id":"https:\/\/homolog.harald.com.br\/site-2026\/blog\/caramelo-quente-com-cafe-para-aquecer-seus-dias-frios\/"},"wordCount":266,"publisher":{"@id":"https:\/\/homolog.harald.com.br\/site-2026\/#organization"},"image":{"@id":"https:\/\/homolog.harald.com.br\/site-2026\/blog\/caramelo-quente-com-cafe-para-aquecer-seus-dias-frios\/#primaryimage"},"thumbnailUrl":"https:\/\/homolog.harald.com.br\/site-2026\/wp-content\/uploads\/2024\/05\/caramelo-quente-e1716298713640.jpg","articleSection":["Not\u00edcias"],"inLanguage":"pt-BR"},{"@type":"WebPage","@id":"https:\/\/homolog.harald.com.br\/site-2026\/blog\/caramelo-quente-com-cafe-para-aquecer-seus-dias-frios\/","url":"https:\/\/homolog.harald.com.br\/site-2026\/blog\/caramelo-quente-com-cafe-para-aquecer-seus-dias-frios\/","name":"Caramelo Quente com Caf\u00e9: para aquecer seus dias frios - Harald","isPartOf":{"@id":"https:\/\/homolog.harald.com.br\/site-2026\/#website"},"primaryImageOfPage":{"@id":"https:\/\/homolog.harald.com.br\/site-2026\/blog\/caramelo-quente-com-cafe-para-aquecer-seus-dias-frios\/#primaryimage"},"image":{"@id":"https:\/\/homolog.harald.com.br\/site-2026\/blog\/caramelo-quente-com-cafe-para-aquecer-seus-dias-frios\/#primaryimage"},"thumbnailUrl":"https:\/\/homolog.harald.com.br\/site-2026\/wp-content\/uploads\/2024\/05\/caramelo-quente-e1716298713640.jpg","datePublished":"2025-07-26T15:29:29+00:00","dateModified":"2025-07-29T15:32:44+00:00","description":"Aprenda preparar um delicioso Caramelo Quente com Caf\u00e9 usando Chocolate Melken Ao Leite. Uma receita perfeita para aquecer os dias frios!","breadcrumb":{"@id":"https:\/\/homolog.harald.com.br\/site-2026\/blog\/caramelo-quente-com-cafe-para-aquecer-seus-dias-frios\/#breadcrumb"},"inLanguage":"pt-BR","potentialAction":[{"@type":"ReadAction","target":["https:\/\/homolog.harald.com.br\/site-2026\/blog\/caramelo-quente-com-cafe-para-aquecer-seus-dias-frios\/"]}]},{"@type":"ImageObject","inLanguage":"pt-BR","@id":"https:\/\/homolog.harald.com.br\/site-2026\/blog\/caramelo-quente-com-cafe-para-aquecer-seus-dias-frios\/#primaryimage","url":"https:\/\/homolog.harald.com.br\/site-2026\/wp-content\/uploads\/2024\/05\/caramelo-quente-e1716298713640.jpg","contentUrl":"https:\/\/homolog.harald.com.br\/site-2026\/wp-content\/uploads\/2024\/05\/caramelo-quente-e1716298713640.jpg","width":909,"height":601,"caption":"Caramelo Quente com Caf\u00e9"},{"@type":"BreadcrumbList","@id":"https:\/\/homolog.harald.com.br\/site-2026\/blog\/caramelo-quente-com-cafe-para-aquecer-seus-dias-frios\/#breadcrumb","itemListElement":[{"@type":"ListItem","position":1,"name":"In\u00edcio","item":"https:\/\/homolog.harald.com.br\/site-2026\/"},{"@type":"ListItem","position":2,"name":"Caramelo Quente com Caf\u00e9: para aquecer seus dias frios"}]},{"@type":"WebSite","@id":"https:\/\/homolog.harald.com.br\/site-2026\/#website","url":"https:\/\/homolog.harald.com.br\/site-2026\/","name":"Harald","description":"Fazer melhor \u00e9 fazer com paix\u00e3o","publisher":{"@id":"https:\/\/homolog.harald.com.br\/site-2026\/#organization"},"potentialAction":[{"@type":"SearchAction","target":{"@type":"EntryPoint","urlTemplate":"https:\/\/homolog.harald.com.br\/site-2026\/?s={search_term_string}"},"query-input":{"@type":"PropertyValueSpecification","valueRequired":true,"valueName":"search_term_string"}}],"inLanguage":"pt-BR"},{"@type":"Organization","@id":"https:\/\/homolog.harald.com.br\/site-2026\/#organization","name":"Harald","url":"https:\/\/homolog.harald.com.br\/site-2026\/","logo":{"@type":"ImageObject","inLanguage":"pt-BR","@id":"https:\/\/homolog.harald.com.br\/site-2026\/#\/schema\/logo\/image\/","url":"https:\/\/homolog.harald.com.br\/site-2026\/wp-content\/uploads\/2022\/09\/logo-harald-cmyk-ss.png","contentUrl":"https:\/\/homolog.harald.com.br\/site-2026\/wp-content\/uploads\/2022\/09\/logo-harald-cmyk-ss.png","width":1948,"height":1051,"caption":"Harald"},"image":{"@id":"https:\/\/homolog.harald.com.br\/site-2026\/#\/schema\/logo\/image\/"},"sameAs":["https:\/\/www.facebook.com\/HaraldChocolates\/","https:\/\/www.youtube.com\/user\/HaraldChocolates"]},{"@type":"Person","@id":"https:\/\/homolog.harald.com.br\/site-2026\/#\/schema\/person\/c71700dd47fb39a337c7f9b89d5e3a00","name":"Beatriz Oliveira","image":{"@type":"ImageObject","inLanguage":"pt-BR","@id":"https:\/\/homolog.harald.com.br\/site-2026\/#\/schema\/person\/image\/","url":"https:\/\/secure.gravatar.com\/avatar\/fdc870643b67a6486b6bef59d475b1e7dea17130b70a2178f5716399590234e6?s=96&d=mm&r=g","contentUrl":"https:\/\/secure.gravatar.com\/avatar\/fdc870643b67a6486b6bef59d475b1e7dea17130b70a2178f5716399590234e6?s=96&d=mm&r=g","caption":"Beatriz Oliveira"},"url":"https:\/\/homolog.harald.com.br\/site-2026\/blog\/author\/beatriz-oliveira\/"}]}},"uagb_featured_image_src":{"full":["https:\/\/homolog.harald.com.br\/site-2026\/wp-content\/uploads\/2024\/05\/caramelo-quente-e1716298713640.jpg",909,601,false],"thumbnail":["https:\/\/homolog.harald.com.br\/site-2026\/wp-content\/uploads\/2024\/05\/caramelo-quente-e1716298713640-150x150.jpg",150,150,true],"medium":["https:\/\/homolog.harald.com.br\/site-2026\/wp-content\/uploads\/2024\/05\/caramelo-quente-e1716298713640-300x198.jpg",300,198,true],"medium_large":["https:\/\/homolog.harald.com.br\/site-2026\/wp-content\/uploads\/2024\/05\/caramelo-quente-e1716298713640-768x508.jpg",768,508,true],"large":["https:\/\/homolog.harald.com.br\/site-2026\/wp-content\/uploads\/2024\/05\/caramelo-quente-e1716298713640.jpg",909,601,false],"1536x1536":["https:\/\/homolog.harald.com.br\/site-2026\/wp-content\/uploads\/2024\/05\/caramelo-quente-e1716298713640.jpg",909,601,false],"2048x2048":["https:\/\/homolog.harald.com.br\/site-2026\/wp-content\/uploads\/2024\/05\/caramelo-quente-e1716298713640.jpg",909,601,false],"full-width":["https:\/\/homolog.harald.com.br\/site-2026\/wp-content\/uploads\/2024\/05\/caramelo-quente-e1716298713640.jpg",909,601,false],"gform-image-choice-sm":["https:\/\/homolog.harald.com.br\/site-2026\/wp-content\/uploads\/2024\/05\/caramelo-quente-e1716298713640.jpg",300,198,false],"gform-image-choice-md":["https:\/\/homolog.harald.com.br\/site-2026\/wp-content\/uploads\/2024\/05\/caramelo-quente-e1716298713640.jpg",400,264,false],"gform-image-choice-lg":["https:\/\/homolog.harald.com.br\/site-2026\/wp-content\/uploads\/2024\/05\/caramelo-quente-e1716298713640.jpg",600,397,false]},"uagb_author_info":{"display_name":"Beatriz Oliveira","author_link":"https:\/\/homolog.harald.com.br\/site-2026\/blog\/author\/beatriz-oliveira\/"},"uagb_comment_info":0,"uagb_excerpt":"Caramelo Quente com Caf\u00e9: a receita perfeita para aquecer seus dias frios Nada como uma bebida quente, cremosa e cheia de sabor para trazer aconchego nos dias mais frios do inverno. Pensando nisso, a Harald preparou uma receita especial que vai conquistar quem ama combina\u00e7\u00f5es marcantes: o Caramelo Quente com Caf\u00e9. Simples de fazer e&hellip;","_links":{"self":[{"href":"https:\/\/homolog.harald.com.br\/site-2026\/wp-json\/wp\/v2\/posts\/320137","targetHints":{"allow":["GET"]}}],"collection":[{"href":"https:\/\/homolog.harald.com.br\/site-2026\/wp-json\/wp\/v2\/posts"}],"about":[{"href":"https:\/\/homolog.harald.com.br\/site-2026\/wp-json\/wp\/v2\/types\/post"}],"author":[{"embeddable":true,"href":"https:\/\/homolog.harald.com.br\/site-2026\/wp-json\/wp\/v2\/users\/14"}],"replies":[{"embeddable":true,"href":"https:\/\/homolog.harald.com.br\/site-2026\/wp-json\/wp\/v2\/comments?post=320137"}],"version-history":[{"count":3,"href":"https:\/\/homolog.harald.com.br\/site-2026\/wp-json\/wp\/v2\/posts\/320137\/revisions"}],"predecessor-version":[{"id":320142,"href":"https:\/\/homolog.harald.com.br\/site-2026\/wp-json\/wp\/v2\/posts\/320137\/revisions\/320142"}],"wp:featuredmedia":[{"embeddable":true,"href":"https:\/\/homolog.harald.com.br\/site-2026\/wp-json\/wp\/v2\/media\/188302"}],"wp:attachment":[{"href":"https:\/\/homolog.harald.com.br\/site-2026\/wp-json\/wp\/v2\/media?parent=320137"}],"wp:term":[{"taxonomy":"category","embeddable":true,"href":"https:\/\/homolog.harald.com.br\/site-2026\/wp-json\/wp\/v2\/categories?post=320137"},{"taxonomy":"post_tag","embeddable":true,"href":"https:\/\/homolog.harald.com.br\/site-2026\/wp-json\/wp\/v2\/tags?post=320137"},{"taxonomy":"para-seu-negocio","embeddable":true,"href":"https:\/\/homolog.harald.com.br\/site-2026\/wp-json\/wp\/v2\/para-seu-negocio?post=320137"}],"curies":[{"name":"wp","href":"https:\/\/api.w.org\/{rel}","templated":true}]}}