{"id":320120,"date":"2025-07-22T12:14:07","date_gmt":"2025-07-22T15:14:07","guid":{"rendered":"https:\/\/homolog.harald.com.br\/site-2026\/?p=320120"},"modified":"2025-07-29T12:23:23","modified_gmt":"2025-07-29T15:23:23","slug":"fipan-2025-harald-celebra-seu-estande-e-15-de-anos-fa-clube","status":"publish","type":"post","link":"https:\/\/homolog.harald.com.br\/site-2026\/blog\/fipan-2025-harald-celebra-seu-estande-e-15-de-anos-fa-clube\/","title":{"rendered":"FIPAN 2025: Harald Celebra seu Estande e 15 de anos f\u00e3-clube"},"content":{"rendered":"<h3 data-start=\"144\" data-end=\"233\"><strong data-start=\"144\" data-end=\"233\">Harald estreia estande pr\u00f3prio na FIPAN 2025 e celebra 15 anos do f\u00e3-clube Haraldetes<\/strong><\/h3>\n<p data-start=\"235\" data-end=\"592\">A Harald marcou presen\u00e7a na FIPAN 2025 com um estande pr\u00f3prio pela primeira vez desde a pandemia. Refer\u00eancia em chocolates e coberturas para uso profissional, a marca apresentou inova\u00e7\u00f5es e refor\u00e7ou sua conex\u00e3o com a confeitaria brasileira durante a principal feira do setor, que aconteceu entre os dias 22 e 25 de julho, no Expo Center Norte, em S\u00e3o Paulo.<\/p>\n<p data-start=\"594\" data-end=\"956\">Mais do que exibir lan\u00e7amentos, a Harald levou ao evento uma programa\u00e7\u00e3o imersiva. O estande contou com a <em data-start=\"700\" data-end=\"729\">Vitrine Viva da Confeitaria<\/em>, uma cozinha aberta onde os chefs da marca prepararam receitas em tempo real. Assim, os visitantes puderam degustar as cria\u00e7\u00f5es e conhecer, na pr\u00e1tica, a performance dos produtos das linhas Melken, TOP, Inovare, Unique e Confeiteiro.<\/p>\n<p data-start=\"594\" data-end=\"956\"><img loading=\"lazy\" decoding=\"async\" class=\"aligncenter wp-image-320128 \" src=\"https:\/\/homolog.harald.com.br\/site-2026\/wp-content\/uploads\/2025\/07\/whatsapp-image-2025-07-29-at-113555.jpeg\" alt=\"fipan 2025 \" width=\"527\" height=\"339\" srcset=\"https:\/\/homolog.harald.com.br\/site-2026\/wp-content\/uploads\/2025\/07\/whatsapp-image-2025-07-29-at-113555.jpeg 745w, https:\/\/homolog.harald.com.br\/site-2026\/wp-content\/uploads\/2025\/07\/whatsapp-image-2025-07-29-at-113555-300x193.jpeg 300w\" sizes=\"auto, (max-width: 527px) 100vw, 527px\" \/><\/p>\n<p data-start=\"958\" data-end=\"1258\">Outro destaque foi a <em data-start=\"979\" data-end=\"1001\">Arena do Confeiteiro<\/em>, espa\u00e7o patrocinado pela Harald que ofereceu aulas ao vivo com receitas tem\u00e1ticas voltadas ao empreendedorismo e \u00e0 sazonalidade do mercado. Al\u00e9m disso, durante todos os dias da feira, chefs convidados compartilharam dicas pr\u00e1ticas com foco em quem vive da confeitaria.<\/p>\n<p data-start=\"958\" data-end=\"1258\"><img loading=\"lazy\" decoding=\"async\" class=\"size-medium wp-image-320132 alignleft\" src=\"https:\/\/homolog.harald.com.br\/site-2026\/wp-content\/uploads\/2025\/07\/1753625694122-225x300.png\" alt=\"fipan 2025 \" width=\"225\" height=\"300\" srcset=\"https:\/\/homolog.harald.com.br\/site-2026\/wp-content\/uploads\/2025\/07\/1753625694122-225x300.png 225w, https:\/\/homolog.harald.com.br\/site-2026\/wp-content\/uploads\/2025\/07\/1753625694122-768x1024.png 768w, https:\/\/homolog.harald.com.br\/site-2026\/wp-content\/uploads\/2025\/07\/1753625694122-1152x1536.png 1152w, https:\/\/homolog.harald.com.br\/site-2026\/wp-content\/uploads\/2025\/07\/1753625694122.png 1280w\" sizes=\"auto, (max-width: 225px) 100vw, 225px\" \/><\/p>\n<p data-start=\"1260\" data-end=\"1566\">Al\u00e9m disso, a marca celebrou um marco especial: os 15 anos das Haraldetes, o f\u00e3-clube oficial da Harald. Uma das comunidades mais s\u00f3lidas e engajadas do setor aliment\u00edcio, o grupo foi homenageado com ativa\u00e7\u00f5es exclusivas, sorteios de brindes e aulas comandadas por chefs escolhidos pela pr\u00f3pria comunidade.<\/p>\n<p data-start=\"1568\" data-end=\"1802\">Segundo Jonatas Fr\u00f3es, gerente de comunica\u00e7\u00e3o da Harald, \u201cas Haraldetes representam mais do que consumidoras fi\u00e9is \u2014 s\u00e3o parte da hist\u00f3ria da marca. Celebrar esse v\u00ednculo \u00e9 reconhecer a for\u00e7a da conex\u00e3o genu\u00edna entre marca e p\u00fablico.\u201d<\/p>\n<p data-start=\"1804\" data-end=\"1964\">Com essa participa\u00e7\u00e3o marcante, a Harald refor\u00e7a seu compromisso com o desenvolvimento da confeitaria nacional e com quem empreende com chocolate todos os dias.<\/p>\n","protected":false},"excerpt":{"rendered":"<p>Harald estreia estande pr\u00f3prio na FIPAN 2025 e celebra 15 anos do f\u00e3-clube Haraldetes A Harald marcou presen\u00e7a na FIPAN 2025 com um estande pr\u00f3prio pela primeira vez desde a pandemia. Refer\u00eancia em chocolates e coberturas para uso profissional, a marca apresentou inova\u00e7\u00f5es e refor\u00e7ou sua conex\u00e3o com a confeitaria brasileira durante a principal feira <a class=\"more-link\" href=\"https:\/\/homolog.harald.com.br\/site-2026\/blog\/fipan-2025-harald-celebra-seu-estande-e-15-de-anos-fa-clube\/\">Read more&#8230;<\/a><\/p>\n","protected":false},"author":14,"featured_media":320128,"comment_status":"closed","ping_status":"closed","sticky":false,"template":"","format":"standard","meta":{"_acf_changed":false,"_uag_custom_page_level_css":"","footnotes":""},"categories":[158],"tags":[],"para-seu-negocio":[],"class_list":["post-320120","post","type-post","status-publish","format-standard","has-post-thumbnail","hentry","category-noticias"],"acf":[],"yoast_head":"<!-- This site is optimized with the Yoast SEO plugin v26.3 - https:\/\/yoast.com\/wordpress\/plugins\/seo\/ -->\n<title>FIPAN 2025: Harald Celebra seu Estande e 15 de anos f\u00e3-clube - Harald<\/title>\n<meta name=\"description\" content=\"Harald estreia estande pr\u00f3prio na FIPAN 2025 com aulas ao vivo e homenagens \u00e0s Haraldetes, celebrando 15 anos do f\u00e3-clube oficial da marca.\" \/>\n<meta name=\"robots\" content=\"noindex, follow, max-snippet:-1, max-image-preview:large, max-video-preview:-1\" \/>\n<meta property=\"og:locale\" content=\"pt_BR\" \/>\n<meta property=\"og:type\" content=\"article\" \/>\n<meta property=\"og:title\" content=\"FIPAN 2025: Harald Celebra seu Estande e 15 de anos f\u00e3-clube - Harald\" \/>\n<meta property=\"og:description\" content=\"Harald estreia estande pr\u00f3prio na FIPAN 2025 com aulas ao vivo e homenagens \u00e0s Haraldetes, celebrando 15 anos do f\u00e3-clube oficial da marca.\" \/>\n<meta property=\"og:url\" content=\"https:\/\/homolog.harald.com.br\/site-2026\/blog\/fipan-2025-harald-celebra-seu-estande-e-15-de-anos-fa-clube\/\" \/>\n<meta property=\"og:site_name\" content=\"Harald\" \/>\n<meta property=\"article:publisher\" content=\"https:\/\/www.facebook.com\/HaraldChocolates\/\" \/>\n<meta property=\"article:published_time\" content=\"2025-07-22T15:14:07+00:00\" \/>\n<meta property=\"article:modified_time\" content=\"2025-07-29T15:23:23+00:00\" \/>\n<meta property=\"og:image\" content=\"https:\/\/homolog.harald.com.br\/site-2026\/wp-content\/uploads\/2025\/07\/whatsapp-image-2025-07-29-at-113555.jpeg\" \/>\n\t<meta property=\"og:image:width\" content=\"745\" \/>\n\t<meta property=\"og:image:height\" content=\"479\" \/>\n\t<meta property=\"og:image:type\" content=\"image\/jpeg\" \/>\n<meta name=\"author\" content=\"Beatriz Oliveira\" \/>\n<meta name=\"twitter:card\" content=\"summary_large_image\" \/>\n<meta name=\"twitter:label1\" content=\"Escrito por\" \/>\n\t<meta name=\"twitter:data1\" content=\"Beatriz Oliveira\" \/>\n\t<meta name=\"twitter:label2\" content=\"Est. tempo de leitura\" \/>\n\t<meta name=\"twitter:data2\" content=\"3 minutos\" \/>\n<script type=\"application\/ld+json\" class=\"yoast-schema-graph\">{\"@context\":\"https:\/\/schema.org\",\"@graph\":[{\"@type\":\"Article\",\"@id\":\"https:\/\/homolog.harald.com.br\/site-2026\/blog\/fipan-2025-harald-celebra-seu-estande-e-15-de-anos-fa-clube\/#article\",\"isPartOf\":{\"@id\":\"https:\/\/homolog.harald.com.br\/site-2026\/blog\/fipan-2025-harald-celebra-seu-estande-e-15-de-anos-fa-clube\/\"},\"author\":{\"name\":\"Beatriz Oliveira\",\"@id\":\"https:\/\/homolog.harald.com.br\/site-2026\/#\/schema\/person\/c71700dd47fb39a337c7f9b89d5e3a00\"},\"headline\":\"FIPAN 2025: Harald Celebra seu Estande e 15 de anos f\u00e3-clube\",\"datePublished\":\"2025-07-22T15:14:07+00:00\",\"dateModified\":\"2025-07-29T15:23:23+00:00\",\"mainEntityOfPage\":{\"@id\":\"https:\/\/homolog.harald.com.br\/site-2026\/blog\/fipan-2025-harald-celebra-seu-estande-e-15-de-anos-fa-clube\/\"},\"wordCount\":323,\"publisher\":{\"@id\":\"https:\/\/homolog.harald.com.br\/site-2026\/#organization\"},\"image\":{\"@id\":\"https:\/\/homolog.harald.com.br\/site-2026\/blog\/fipan-2025-harald-celebra-seu-estande-e-15-de-anos-fa-clube\/#primaryimage\"},\"thumbnailUrl\":\"https:\/\/homolog.harald.com.br\/site-2026\/wp-content\/uploads\/2025\/07\/whatsapp-image-2025-07-29-at-113555.jpeg\",\"articleSection\":[\"Not\u00edcias\"],\"inLanguage\":\"pt-BR\"},{\"@type\":\"WebPage\",\"@id\":\"https:\/\/homolog.harald.com.br\/site-2026\/blog\/fipan-2025-harald-celebra-seu-estande-e-15-de-anos-fa-clube\/\",\"url\":\"https:\/\/homolog.harald.com.br\/site-2026\/blog\/fipan-2025-harald-celebra-seu-estande-e-15-de-anos-fa-clube\/\",\"name\":\"FIPAN 2025: Harald Celebra seu Estande e 15 de anos f\u00e3-clube - Harald\",\"isPartOf\":{\"@id\":\"https:\/\/homolog.harald.com.br\/site-2026\/#website\"},\"primaryImageOfPage\":{\"@id\":\"https:\/\/homolog.harald.com.br\/site-2026\/blog\/fipan-2025-harald-celebra-seu-estande-e-15-de-anos-fa-clube\/#primaryimage\"},\"image\":{\"@id\":\"https:\/\/homolog.harald.com.br\/site-2026\/blog\/fipan-2025-harald-celebra-seu-estande-e-15-de-anos-fa-clube\/#primaryimage\"},\"thumbnailUrl\":\"https:\/\/homolog.harald.com.br\/site-2026\/wp-content\/uploads\/2025\/07\/whatsapp-image-2025-07-29-at-113555.jpeg\",\"datePublished\":\"2025-07-22T15:14:07+00:00\",\"dateModified\":\"2025-07-29T15:23:23+00:00\",\"description\":\"Harald estreia estande pr\u00f3prio na FIPAN 2025 com aulas ao vivo e homenagens \u00e0s Haraldetes, celebrando 15 anos do f\u00e3-clube oficial da marca.\",\"breadcrumb\":{\"@id\":\"https:\/\/homolog.harald.com.br\/site-2026\/blog\/fipan-2025-harald-celebra-seu-estande-e-15-de-anos-fa-clube\/#breadcrumb\"},\"inLanguage\":\"pt-BR\",\"potentialAction\":[{\"@type\":\"ReadAction\",\"target\":[\"https:\/\/homolog.harald.com.br\/site-2026\/blog\/fipan-2025-harald-celebra-seu-estande-e-15-de-anos-fa-clube\/\"]}]},{\"@type\":\"ImageObject\",\"inLanguage\":\"pt-BR\",\"@id\":\"https:\/\/homolog.harald.com.br\/site-2026\/blog\/fipan-2025-harald-celebra-seu-estande-e-15-de-anos-fa-clube\/#primaryimage\",\"url\":\"https:\/\/homolog.harald.com.br\/site-2026\/wp-content\/uploads\/2025\/07\/whatsapp-image-2025-07-29-at-113555.jpeg\",\"contentUrl\":\"https:\/\/homolog.harald.com.br\/site-2026\/wp-content\/uploads\/2025\/07\/whatsapp-image-2025-07-29-at-113555.jpeg\",\"width\":745,\"height\":479,\"caption\":\"fipan 2025\"},{\"@type\":\"BreadcrumbList\",\"@id\":\"https:\/\/homolog.harald.com.br\/site-2026\/blog\/fipan-2025-harald-celebra-seu-estande-e-15-de-anos-fa-clube\/#breadcrumb\",\"itemListElement\":[{\"@type\":\"ListItem\",\"position\":1,\"name\":\"In\u00edcio\",\"item\":\"https:\/\/homolog.harald.com.br\/site-2026\/\"},{\"@type\":\"ListItem\",\"position\":2,\"name\":\"FIPAN 2025: Harald Celebra seu Estande e 15 de anos f\u00e3-clube\"}]},{\"@type\":\"WebSite\",\"@id\":\"https:\/\/homolog.harald.com.br\/site-2026\/#website\",\"url\":\"https:\/\/homolog.harald.com.br\/site-2026\/\",\"name\":\"Harald\",\"description\":\"Fazer melhor \u00e9 fazer com paix\u00e3o\",\"publisher\":{\"@id\":\"https:\/\/homolog.harald.com.br\/site-2026\/#organization\"},\"potentialAction\":[{\"@type\":\"SearchAction\",\"target\":{\"@type\":\"EntryPoint\",\"urlTemplate\":\"https:\/\/homolog.harald.com.br\/site-2026\/?s={search_term_string}\"},\"query-input\":{\"@type\":\"PropertyValueSpecification\",\"valueRequired\":true,\"valueName\":\"search_term_string\"}}],\"inLanguage\":\"pt-BR\"},{\"@type\":\"Organization\",\"@id\":\"https:\/\/homolog.harald.com.br\/site-2026\/#organization\",\"name\":\"Harald\",\"url\":\"https:\/\/homolog.harald.com.br\/site-2026\/\",\"logo\":{\"@type\":\"ImageObject\",\"inLanguage\":\"pt-BR\",\"@id\":\"https:\/\/homolog.harald.com.br\/site-2026\/#\/schema\/logo\/image\/\",\"url\":\"https:\/\/homolog.harald.com.br\/site-2026\/wp-content\/uploads\/2022\/09\/logo-harald-cmyk-ss.png\",\"contentUrl\":\"https:\/\/homolog.harald.com.br\/site-2026\/wp-content\/uploads\/2022\/09\/logo-harald-cmyk-ss.png\",\"width\":1948,\"height\":1051,\"caption\":\"Harald\"},\"image\":{\"@id\":\"https:\/\/homolog.harald.com.br\/site-2026\/#\/schema\/logo\/image\/\"},\"sameAs\":[\"https:\/\/www.facebook.com\/HaraldChocolates\/\",\"https:\/\/www.youtube.com\/user\/HaraldChocolates\"]},{\"@type\":\"Person\",\"@id\":\"https:\/\/homolog.harald.com.br\/site-2026\/#\/schema\/person\/c71700dd47fb39a337c7f9b89d5e3a00\",\"name\":\"Beatriz Oliveira\",\"image\":{\"@type\":\"ImageObject\",\"inLanguage\":\"pt-BR\",\"@id\":\"https:\/\/homolog.harald.com.br\/site-2026\/#\/schema\/person\/image\/\",\"url\":\"https:\/\/secure.gravatar.com\/avatar\/fdc870643b67a6486b6bef59d475b1e7dea17130b70a2178f5716399590234e6?s=96&d=mm&r=g\",\"contentUrl\":\"https:\/\/secure.gravatar.com\/avatar\/fdc870643b67a6486b6bef59d475b1e7dea17130b70a2178f5716399590234e6?s=96&d=mm&r=g\",\"caption\":\"Beatriz Oliveira\"},\"url\":\"https:\/\/homolog.harald.com.br\/site-2026\/blog\/author\/beatriz-oliveira\/\"}]}<\/script>\n<!-- \/ Yoast SEO plugin. -->","yoast_head_json":{"title":"FIPAN 2025: Harald Celebra seu Estande e 15 de anos f\u00e3-clube - Harald","description":"Harald estreia estande pr\u00f3prio na FIPAN 2025 com aulas ao vivo e homenagens \u00e0s Haraldetes, celebrando 15 anos do f\u00e3-clube oficial da marca.","robots":{"index":"noindex","follow":"follow","max-snippet":"max-snippet:-1","max-image-preview":"max-image-preview:large","max-video-preview":"max-video-preview:-1"},"og_locale":"pt_BR","og_type":"article","og_title":"FIPAN 2025: Harald Celebra seu Estande e 15 de anos f\u00e3-clube - Harald","og_description":"Harald estreia estande pr\u00f3prio na FIPAN 2025 com aulas ao vivo e homenagens \u00e0s Haraldetes, celebrando 15 anos do f\u00e3-clube oficial da marca.","og_url":"https:\/\/homolog.harald.com.br\/site-2026\/blog\/fipan-2025-harald-celebra-seu-estande-e-15-de-anos-fa-clube\/","og_site_name":"Harald","article_publisher":"https:\/\/www.facebook.com\/HaraldChocolates\/","article_published_time":"2025-07-22T15:14:07+00:00","article_modified_time":"2025-07-29T15:23:23+00:00","og_image":[{"width":745,"height":479,"url":"https:\/\/homolog.harald.com.br\/site-2026\/wp-content\/uploads\/2025\/07\/whatsapp-image-2025-07-29-at-113555.jpeg","type":"image\/jpeg"}],"author":"Beatriz Oliveira","twitter_card":"summary_large_image","twitter_misc":{"Escrito por":"Beatriz Oliveira","Est. tempo de leitura":"3 minutos"},"schema":{"@context":"https:\/\/schema.org","@graph":[{"@type":"Article","@id":"https:\/\/homolog.harald.com.br\/site-2026\/blog\/fipan-2025-harald-celebra-seu-estande-e-15-de-anos-fa-clube\/#article","isPartOf":{"@id":"https:\/\/homolog.harald.com.br\/site-2026\/blog\/fipan-2025-harald-celebra-seu-estande-e-15-de-anos-fa-clube\/"},"author":{"name":"Beatriz Oliveira","@id":"https:\/\/homolog.harald.com.br\/site-2026\/#\/schema\/person\/c71700dd47fb39a337c7f9b89d5e3a00"},"headline":"FIPAN 2025: Harald Celebra seu Estande e 15 de anos f\u00e3-clube","datePublished":"2025-07-22T15:14:07+00:00","dateModified":"2025-07-29T15:23:23+00:00","mainEntityOfPage":{"@id":"https:\/\/homolog.harald.com.br\/site-2026\/blog\/fipan-2025-harald-celebra-seu-estande-e-15-de-anos-fa-clube\/"},"wordCount":323,"publisher":{"@id":"https:\/\/homolog.harald.com.br\/site-2026\/#organization"},"image":{"@id":"https:\/\/homolog.harald.com.br\/site-2026\/blog\/fipan-2025-harald-celebra-seu-estande-e-15-de-anos-fa-clube\/#primaryimage"},"thumbnailUrl":"https:\/\/homolog.harald.com.br\/site-2026\/wp-content\/uploads\/2025\/07\/whatsapp-image-2025-07-29-at-113555.jpeg","articleSection":["Not\u00edcias"],"inLanguage":"pt-BR"},{"@type":"WebPage","@id":"https:\/\/homolog.harald.com.br\/site-2026\/blog\/fipan-2025-harald-celebra-seu-estande-e-15-de-anos-fa-clube\/","url":"https:\/\/homolog.harald.com.br\/site-2026\/blog\/fipan-2025-harald-celebra-seu-estande-e-15-de-anos-fa-clube\/","name":"FIPAN 2025: Harald Celebra seu Estande e 15 de anos f\u00e3-clube - Harald","isPartOf":{"@id":"https:\/\/homolog.harald.com.br\/site-2026\/#website"},"primaryImageOfPage":{"@id":"https:\/\/homolog.harald.com.br\/site-2026\/blog\/fipan-2025-harald-celebra-seu-estande-e-15-de-anos-fa-clube\/#primaryimage"},"image":{"@id":"https:\/\/homolog.harald.com.br\/site-2026\/blog\/fipan-2025-harald-celebra-seu-estande-e-15-de-anos-fa-clube\/#primaryimage"},"thumbnailUrl":"https:\/\/homolog.harald.com.br\/site-2026\/wp-content\/uploads\/2025\/07\/whatsapp-image-2025-07-29-at-113555.jpeg","datePublished":"2025-07-22T15:14:07+00:00","dateModified":"2025-07-29T15:23:23+00:00","description":"Harald estreia estande pr\u00f3prio na FIPAN 2025 com aulas ao vivo e homenagens \u00e0s Haraldetes, celebrando 15 anos do f\u00e3-clube oficial da marca.","breadcrumb":{"@id":"https:\/\/homolog.harald.com.br\/site-2026\/blog\/fipan-2025-harald-celebra-seu-estande-e-15-de-anos-fa-clube\/#breadcrumb"},"inLanguage":"pt-BR","potentialAction":[{"@type":"ReadAction","target":["https:\/\/homolog.harald.com.br\/site-2026\/blog\/fipan-2025-harald-celebra-seu-estande-e-15-de-anos-fa-clube\/"]}]},{"@type":"ImageObject","inLanguage":"pt-BR","@id":"https:\/\/homolog.harald.com.br\/site-2026\/blog\/fipan-2025-harald-celebra-seu-estande-e-15-de-anos-fa-clube\/#primaryimage","url":"https:\/\/homolog.harald.com.br\/site-2026\/wp-content\/uploads\/2025\/07\/whatsapp-image-2025-07-29-at-113555.jpeg","contentUrl":"https:\/\/homolog.harald.com.br\/site-2026\/wp-content\/uploads\/2025\/07\/whatsapp-image-2025-07-29-at-113555.jpeg","width":745,"height":479,"caption":"fipan 2025"},{"@type":"BreadcrumbList","@id":"https:\/\/homolog.harald.com.br\/site-2026\/blog\/fipan-2025-harald-celebra-seu-estande-e-15-de-anos-fa-clube\/#breadcrumb","itemListElement":[{"@type":"ListItem","position":1,"name":"In\u00edcio","item":"https:\/\/homolog.harald.com.br\/site-2026\/"},{"@type":"ListItem","position":2,"name":"FIPAN 2025: Harald Celebra seu Estande e 15 de anos f\u00e3-clube"}]},{"@type":"WebSite","@id":"https:\/\/homolog.harald.com.br\/site-2026\/#website","url":"https:\/\/homolog.harald.com.br\/site-2026\/","name":"Harald","description":"Fazer melhor \u00e9 fazer com paix\u00e3o","publisher":{"@id":"https:\/\/homolog.harald.com.br\/site-2026\/#organization"},"potentialAction":[{"@type":"SearchAction","target":{"@type":"EntryPoint","urlTemplate":"https:\/\/homolog.harald.com.br\/site-2026\/?s={search_term_string}"},"query-input":{"@type":"PropertyValueSpecification","valueRequired":true,"valueName":"search_term_string"}}],"inLanguage":"pt-BR"},{"@type":"Organization","@id":"https:\/\/homolog.harald.com.br\/site-2026\/#organization","name":"Harald","url":"https:\/\/homolog.harald.com.br\/site-2026\/","logo":{"@type":"ImageObject","inLanguage":"pt-BR","@id":"https:\/\/homolog.harald.com.br\/site-2026\/#\/schema\/logo\/image\/","url":"https:\/\/homolog.harald.com.br\/site-2026\/wp-content\/uploads\/2022\/09\/logo-harald-cmyk-ss.png","contentUrl":"https:\/\/homolog.harald.com.br\/site-2026\/wp-content\/uploads\/2022\/09\/logo-harald-cmyk-ss.png","width":1948,"height":1051,"caption":"Harald"},"image":{"@id":"https:\/\/homolog.harald.com.br\/site-2026\/#\/schema\/logo\/image\/"},"sameAs":["https:\/\/www.facebook.com\/HaraldChocolates\/","https:\/\/www.youtube.com\/user\/HaraldChocolates"]},{"@type":"Person","@id":"https:\/\/homolog.harald.com.br\/site-2026\/#\/schema\/person\/c71700dd47fb39a337c7f9b89d5e3a00","name":"Beatriz Oliveira","image":{"@type":"ImageObject","inLanguage":"pt-BR","@id":"https:\/\/homolog.harald.com.br\/site-2026\/#\/schema\/person\/image\/","url":"https:\/\/secure.gravatar.com\/avatar\/fdc870643b67a6486b6bef59d475b1e7dea17130b70a2178f5716399590234e6?s=96&d=mm&r=g","contentUrl":"https:\/\/secure.gravatar.com\/avatar\/fdc870643b67a6486b6bef59d475b1e7dea17130b70a2178f5716399590234e6?s=96&d=mm&r=g","caption":"Beatriz Oliveira"},"url":"https:\/\/homolog.harald.com.br\/site-2026\/blog\/author\/beatriz-oliveira\/"}]}},"uagb_featured_image_src":{"full":["https:\/\/homolog.harald.com.br\/site-2026\/wp-content\/uploads\/2025\/07\/whatsapp-image-2025-07-29-at-113555.jpeg",745,479,false],"thumbnail":["https:\/\/homolog.harald.com.br\/site-2026\/wp-content\/uploads\/2025\/07\/whatsapp-image-2025-07-29-at-113555-150x150.jpeg",150,150,true],"medium":["https:\/\/homolog.harald.com.br\/site-2026\/wp-content\/uploads\/2025\/07\/whatsapp-image-2025-07-29-at-113555-300x193.jpeg",300,193,true],"medium_large":["https:\/\/homolog.harald.com.br\/site-2026\/wp-content\/uploads\/2025\/07\/whatsapp-image-2025-07-29-at-113555.jpeg",745,479,false],"large":["https:\/\/homolog.harald.com.br\/site-2026\/wp-content\/uploads\/2025\/07\/whatsapp-image-2025-07-29-at-113555.jpeg",745,479,false],"1536x1536":["https:\/\/homolog.harald.com.br\/site-2026\/wp-content\/uploads\/2025\/07\/whatsapp-image-2025-07-29-at-113555.jpeg",745,479,false],"2048x2048":["https:\/\/homolog.harald.com.br\/site-2026\/wp-content\/uploads\/2025\/07\/whatsapp-image-2025-07-29-at-113555.jpeg",745,479,false],"full-width":["https:\/\/homolog.harald.com.br\/site-2026\/wp-content\/uploads\/2025\/07\/whatsapp-image-2025-07-29-at-113555.jpeg",745,479,false],"gform-image-choice-sm":["https:\/\/homolog.harald.com.br\/site-2026\/wp-content\/uploads\/2025\/07\/whatsapp-image-2025-07-29-at-113555.jpeg",300,193,false],"gform-image-choice-md":["https:\/\/homolog.harald.com.br\/site-2026\/wp-content\/uploads\/2025\/07\/whatsapp-image-2025-07-29-at-113555.jpeg",400,257,false],"gform-image-choice-lg":["https:\/\/homolog.harald.com.br\/site-2026\/wp-content\/uploads\/2025\/07\/whatsapp-image-2025-07-29-at-113555.jpeg",600,386,false]},"uagb_author_info":{"display_name":"Beatriz Oliveira","author_link":"https:\/\/homolog.harald.com.br\/site-2026\/blog\/author\/beatriz-oliveira\/"},"uagb_comment_info":0,"uagb_excerpt":"Harald estreia estande pr\u00f3prio na FIPAN 2025 e celebra 15 anos do f\u00e3-clube Haraldetes A Harald marcou presen\u00e7a na FIPAN 2025 com um estande pr\u00f3prio pela primeira vez desde a pandemia. Refer\u00eancia em chocolates e coberturas para uso profissional, a marca apresentou inova\u00e7\u00f5es e refor\u00e7ou sua conex\u00e3o com a confeitaria brasileira durante a principal feira&hellip;","_links":{"self":[{"href":"https:\/\/homolog.harald.com.br\/site-2026\/wp-json\/wp\/v2\/posts\/320120","targetHints":{"allow":["GET"]}}],"collection":[{"href":"https:\/\/homolog.harald.com.br\/site-2026\/wp-json\/wp\/v2\/posts"}],"about":[{"href":"https:\/\/homolog.harald.com.br\/site-2026\/wp-json\/wp\/v2\/types\/post"}],"author":[{"embeddable":true,"href":"https:\/\/homolog.harald.com.br\/site-2026\/wp-json\/wp\/v2\/users\/14"}],"replies":[{"embeddable":true,"href":"https:\/\/homolog.harald.com.br\/site-2026\/wp-json\/wp\/v2\/comments?post=320120"}],"version-history":[{"count":5,"href":"https:\/\/homolog.harald.com.br\/site-2026\/wp-json\/wp\/v2\/posts\/320120\/revisions"}],"predecessor-version":[{"id":320136,"href":"https:\/\/homolog.harald.com.br\/site-2026\/wp-json\/wp\/v2\/posts\/320120\/revisions\/320136"}],"wp:featuredmedia":[{"embeddable":true,"href":"https:\/\/homolog.harald.com.br\/site-2026\/wp-json\/wp\/v2\/media\/320128"}],"wp:attachment":[{"href":"https:\/\/homolog.harald.com.br\/site-2026\/wp-json\/wp\/v2\/media?parent=320120"}],"wp:term":[{"taxonomy":"category","embeddable":true,"href":"https:\/\/homolog.harald.com.br\/site-2026\/wp-json\/wp\/v2\/categories?post=320120"},{"taxonomy":"post_tag","embeddable":true,"href":"https:\/\/homolog.harald.com.br\/site-2026\/wp-json\/wp\/v2\/tags?post=320120"},{"taxonomy":"para-seu-negocio","embeddable":true,"href":"https:\/\/homolog.harald.com.br\/site-2026\/wp-json\/wp\/v2\/para-seu-negocio?post=320120"}],"curies":[{"name":"wp","href":"https:\/\/api.w.org\/{rel}","templated":true}]}}