{"id":320098,"date":"2025-07-17T11:18:17","date_gmt":"2025-07-17T14:18:17","guid":{"rendered":"https:\/\/homolog.harald.com.br\/site-2026\/?p=320098"},"modified":"2025-07-29T11:38:11","modified_gmt":"2025-07-29T14:38:11","slug":"harald-participa-da-3a-edicao-do-confeita-curitiba","status":"publish","type":"post","link":"https:\/\/homolog.harald.com.br\/site-2026\/blog\/harald-participa-da-3a-edicao-do-confeita-curitiba\/","title":{"rendered":"Confeita Curitiba 3\u00aa edi\u00e7\u00e3o em Agosto"},"content":{"rendered":"<h3 data-section-id=\"qbcxwm\" data-start=\"150\" data-end=\"250\">Harald participa da 3\u00aa edi\u00e7\u00e3o do Confeita Curitiba, que acontece em agosto na capital paranaense<\/h3>\n<p data-start=\"252\" data-end=\"562\">Nos dias 27 e 28 de agosto de 2024, Curitiba recebe a terceira edi\u00e7\u00e3o do Confeita Curitiba, um evento voltado \u00e0 confeitaria, panifica\u00e7\u00e3o e sorveteria. O encontro acontece no Espa\u00e7o Torres e re\u00fane pequenos empreendedores, profissionais aut\u00f4nomos e apaixonados pela arte de fazer doces, p\u00e3es e bolos.<\/p>\n<p data-start=\"564\" data-end=\"900\">O Confeita oferece capacita\u00e7\u00e3o, inspira\u00e7\u00e3o e networking, com aulas-show, exposi\u00e7\u00e3o de produtos, rodada de neg\u00f3cios e o concurso Confeita Awards. Grandes marcas do setor marcam presen\u00e7a, como Harald, Bunge, Aurea, Selecta e Specialit\u00e1, al\u00e9m do Sebrae\/PR, que conduz palestras e conex\u00f5es estrat\u00e9gicas com empresas do segmento.<\/p>\n<p data-start=\"564\" data-end=\"900\"><img loading=\"lazy\" decoding=\"async\" class=\"wp-image-320116 aligncenter\" src=\"https:\/\/homolog.harald.com.br\/site-2026\/wp-content\/uploads\/2025\/07\/2025-17-07-14-47-33f4b6819a48d3e0a975c144e04f2c8474.png\" alt=\"Confeita Curitiba\" width=\"627\" height=\"353\" srcset=\"https:\/\/homolog.harald.com.br\/site-2026\/wp-content\/uploads\/2025\/07\/2025-17-07-14-47-33f4b6819a48d3e0a975c144e04f2c8474.png 960w, https:\/\/homolog.harald.com.br\/site-2026\/wp-content\/uploads\/2025\/07\/2025-17-07-14-47-33f4b6819a48d3e0a975c144e04f2c8474-300x169.png 300w, https:\/\/homolog.harald.com.br\/site-2026\/wp-content\/uploads\/2025\/07\/2025-17-07-14-47-33f4b6819a48d3e0a975c144e04f2c8474-768x432.png 768w\" sizes=\"auto, (max-width: 627px) 100vw, 627px\" \/><\/p>\n<p data-start=\"902\" data-end=\"1114\">A idealizadora Juliana Paiff criou o evento para acolher e fortalecer confeiteiros que buscam profissionaliza\u00e7\u00e3o. \u201cO Confeita \u00e9 um atalho para quem est\u00e1 come\u00e7ando, mas ainda enfrenta d\u00favidas e desafios\u201d, explica.<\/p>\n<p data-start=\"1116\" data-end=\"1380\">A Davipan Distribuidora \u00e9 uma das realizadoras da edi\u00e7\u00e3o 2024. Com quase 30 anos de mercado, a empresa investe em treinamentos t\u00e9cnicos e orienta\u00e7\u00f5es de gest\u00e3o. Al\u00e9m disso, durante o evento, participantes conhecer\u00e3o insumos e solu\u00e7\u00f5es que facilitam o dia a dia na cozinha.<\/p>\n<p data-start=\"1382\" data-end=\"1591\">Entre os nomes confirmados para as aulas-show est\u00e3o Lucas Corazza, Cesar Yukio, Camila Ayana, Am\u00e9lia Lino, Tathi Fabulosa e confeiteiros do Paran\u00e1 como Vinicius Coutinho, Cristiane Betho e Bruno Bolos.<\/p>\n<p data-start=\"1593\" data-end=\"1787\">Por fim, as inscri\u00e7\u00f5es j\u00e1 est\u00e3o abertas no site <a class=\"\" href=\"https:\/\/confeitacuritiba.com.br\" target=\"_new\" rel=\"noopener\" data-start=\"1632\" data-end=\"1690\">confeitacuritiba.com.br<\/a>, com vagas limitadas. Os interessados em participar do Confeita Awards t\u00eam isen\u00e7\u00e3o na entrada.<\/p>\n<p data-start=\"1789\" data-end=\"1856\"><strong data-start=\"1789\" data-end=\"1803\">Instagram:<\/strong> @confeitacuritiba<br data-start=\"1821\" data-end=\"1824\" \/><strong data-start=\"1824\" data-end=\"1840\">Informa\u00e7\u00f5es:<\/strong> (41) 98770-0333<\/p>\n","protected":false},"excerpt":{"rendered":"<p>Harald participa da 3\u00aa edi\u00e7\u00e3o do Confeita Curitiba, que acontece em agosto na capital paranaense Nos dias 27 e 28 de agosto de 2024, Curitiba recebe a terceira edi\u00e7\u00e3o do Confeita Curitiba, um evento voltado \u00e0 confeitaria, panifica\u00e7\u00e3o e sorveteria. O encontro acontece no Espa\u00e7o Torres e re\u00fane pequenos empreendedores, profissionais aut\u00f4nomos e apaixonados pela <a class=\"more-link\" href=\"https:\/\/homolog.harald.com.br\/site-2026\/blog\/harald-participa-da-3a-edicao-do-confeita-curitiba\/\">Read more&#8230;<\/a><\/p>\n","protected":false},"author":14,"featured_media":320116,"comment_status":"closed","ping_status":"closed","sticky":false,"template":"","format":"standard","meta":{"_acf_changed":false,"_uag_custom_page_level_css":"","footnotes":""},"categories":[158],"tags":[],"para-seu-negocio":[],"class_list":["post-320098","post","type-post","status-publish","format-standard","has-post-thumbnail","hentry","category-noticias"],"acf":[],"yoast_head":"<!-- This site is optimized with the Yoast SEO plugin v26.3 - https:\/\/yoast.com\/wordpress\/plugins\/seo\/ -->\n<title>Confeita Curitiba 3\u00aa edi\u00e7\u00e3o em Agosto - Harald<\/title>\n<meta name=\"description\" content=\"Confeita Curitiba 2025 acontece nos dias 27 e 28 de agosto com aulas-show, exposi\u00e7\u00e3o, rodada de neg\u00f3cios e o Confeita Awards. Inscreva-se.\" \/>\n<meta name=\"robots\" content=\"noindex, follow, max-snippet:-1, max-image-preview:large, max-video-preview:-1\" \/>\n<meta property=\"og:locale\" content=\"pt_BR\" \/>\n<meta property=\"og:type\" content=\"article\" \/>\n<meta property=\"og:title\" content=\"Confeita Curitiba 3\u00aa edi\u00e7\u00e3o em Agosto - Harald\" \/>\n<meta property=\"og:description\" content=\"Confeita Curitiba 2025 acontece nos dias 27 e 28 de agosto com aulas-show, exposi\u00e7\u00e3o, rodada de neg\u00f3cios e o Confeita Awards. Inscreva-se.\" \/>\n<meta property=\"og:url\" content=\"https:\/\/homolog.harald.com.br\/site-2026\/blog\/harald-participa-da-3a-edicao-do-confeita-curitiba\/\" \/>\n<meta property=\"og:site_name\" content=\"Harald\" \/>\n<meta property=\"article:publisher\" content=\"https:\/\/www.facebook.com\/HaraldChocolates\/\" \/>\n<meta property=\"article:published_time\" content=\"2025-07-17T14:18:17+00:00\" \/>\n<meta property=\"article:modified_time\" content=\"2025-07-29T14:38:11+00:00\" \/>\n<meta property=\"og:image\" content=\"https:\/\/homolog.harald.com.br\/site-2026\/wp-content\/uploads\/2025\/07\/2025-17-07-14-47-33f4b6819a48d3e0a975c144e04f2c8474.png\" \/>\n\t<meta property=\"og:image:width\" content=\"960\" \/>\n\t<meta property=\"og:image:height\" content=\"540\" \/>\n\t<meta property=\"og:image:type\" content=\"image\/png\" \/>\n<meta name=\"author\" content=\"Beatriz Oliveira\" \/>\n<meta name=\"twitter:card\" content=\"summary_large_image\" \/>\n<meta name=\"twitter:label1\" content=\"Escrito por\" \/>\n\t<meta name=\"twitter:data1\" content=\"Beatriz Oliveira\" \/>\n\t<meta name=\"twitter:label2\" content=\"Est. tempo de leitura\" \/>\n\t<meta name=\"twitter:data2\" content=\"2 minutos\" \/>\n<script type=\"application\/ld+json\" class=\"yoast-schema-graph\">{\"@context\":\"https:\/\/schema.org\",\"@graph\":[{\"@type\":\"Article\",\"@id\":\"https:\/\/homolog.harald.com.br\/site-2026\/blog\/harald-participa-da-3a-edicao-do-confeita-curitiba\/#article\",\"isPartOf\":{\"@id\":\"https:\/\/homolog.harald.com.br\/site-2026\/blog\/harald-participa-da-3a-edicao-do-confeita-curitiba\/\"},\"author\":{\"name\":\"Beatriz Oliveira\",\"@id\":\"https:\/\/homolog.harald.com.br\/site-2026\/#\/schema\/person\/c71700dd47fb39a337c7f9b89d5e3a00\"},\"headline\":\"Confeita Curitiba 3\u00aa edi\u00e7\u00e3o em Agosto\",\"datePublished\":\"2025-07-17T14:18:17+00:00\",\"dateModified\":\"2025-07-29T14:38:11+00:00\",\"mainEntityOfPage\":{\"@id\":\"https:\/\/homolog.harald.com.br\/site-2026\/blog\/harald-participa-da-3a-edicao-do-confeita-curitiba\/\"},\"wordCount\":273,\"publisher\":{\"@id\":\"https:\/\/homolog.harald.com.br\/site-2026\/#organization\"},\"image\":{\"@id\":\"https:\/\/homolog.harald.com.br\/site-2026\/blog\/harald-participa-da-3a-edicao-do-confeita-curitiba\/#primaryimage\"},\"thumbnailUrl\":\"https:\/\/homolog.harald.com.br\/site-2026\/wp-content\/uploads\/2025\/07\/2025-17-07-14-47-33f4b6819a48d3e0a975c144e04f2c8474.png\",\"articleSection\":[\"Not\u00edcias\"],\"inLanguage\":\"pt-BR\"},{\"@type\":\"WebPage\",\"@id\":\"https:\/\/homolog.harald.com.br\/site-2026\/blog\/harald-participa-da-3a-edicao-do-confeita-curitiba\/\",\"url\":\"https:\/\/homolog.harald.com.br\/site-2026\/blog\/harald-participa-da-3a-edicao-do-confeita-curitiba\/\",\"name\":\"Confeita Curitiba 3\u00aa edi\u00e7\u00e3o em Agosto - Harald\",\"isPartOf\":{\"@id\":\"https:\/\/homolog.harald.com.br\/site-2026\/#website\"},\"primaryImageOfPage\":{\"@id\":\"https:\/\/homolog.harald.com.br\/site-2026\/blog\/harald-participa-da-3a-edicao-do-confeita-curitiba\/#primaryimage\"},\"image\":{\"@id\":\"https:\/\/homolog.harald.com.br\/site-2026\/blog\/harald-participa-da-3a-edicao-do-confeita-curitiba\/#primaryimage\"},\"thumbnailUrl\":\"https:\/\/homolog.harald.com.br\/site-2026\/wp-content\/uploads\/2025\/07\/2025-17-07-14-47-33f4b6819a48d3e0a975c144e04f2c8474.png\",\"datePublished\":\"2025-07-17T14:18:17+00:00\",\"dateModified\":\"2025-07-29T14:38:11+00:00\",\"description\":\"Confeita Curitiba 2025 acontece nos dias 27 e 28 de agosto com aulas-show, exposi\u00e7\u00e3o, rodada de neg\u00f3cios e o Confeita Awards. Inscreva-se.\",\"breadcrumb\":{\"@id\":\"https:\/\/homolog.harald.com.br\/site-2026\/blog\/harald-participa-da-3a-edicao-do-confeita-curitiba\/#breadcrumb\"},\"inLanguage\":\"pt-BR\",\"potentialAction\":[{\"@type\":\"ReadAction\",\"target\":[\"https:\/\/homolog.harald.com.br\/site-2026\/blog\/harald-participa-da-3a-edicao-do-confeita-curitiba\/\"]}]},{\"@type\":\"ImageObject\",\"inLanguage\":\"pt-BR\",\"@id\":\"https:\/\/homolog.harald.com.br\/site-2026\/blog\/harald-participa-da-3a-edicao-do-confeita-curitiba\/#primaryimage\",\"url\":\"https:\/\/homolog.harald.com.br\/site-2026\/wp-content\/uploads\/2025\/07\/2025-17-07-14-47-33f4b6819a48d3e0a975c144e04f2c8474.png\",\"contentUrl\":\"https:\/\/homolog.harald.com.br\/site-2026\/wp-content\/uploads\/2025\/07\/2025-17-07-14-47-33f4b6819a48d3e0a975c144e04f2c8474.png\",\"width\":960,\"height\":540,\"caption\":\"Confeita Curitiba\"},{\"@type\":\"BreadcrumbList\",\"@id\":\"https:\/\/homolog.harald.com.br\/site-2026\/blog\/harald-participa-da-3a-edicao-do-confeita-curitiba\/#breadcrumb\",\"itemListElement\":[{\"@type\":\"ListItem\",\"position\":1,\"name\":\"In\u00edcio\",\"item\":\"https:\/\/homolog.harald.com.br\/site-2026\/\"},{\"@type\":\"ListItem\",\"position\":2,\"name\":\"Confeita Curitiba 3\u00aa edi\u00e7\u00e3o em Agosto\"}]},{\"@type\":\"WebSite\",\"@id\":\"https:\/\/homolog.harald.com.br\/site-2026\/#website\",\"url\":\"https:\/\/homolog.harald.com.br\/site-2026\/\",\"name\":\"Harald\",\"description\":\"Fazer melhor \u00e9 fazer com paix\u00e3o\",\"publisher\":{\"@id\":\"https:\/\/homolog.harald.com.br\/site-2026\/#organization\"},\"potentialAction\":[{\"@type\":\"SearchAction\",\"target\":{\"@type\":\"EntryPoint\",\"urlTemplate\":\"https:\/\/homolog.harald.com.br\/site-2026\/?s={search_term_string}\"},\"query-input\":{\"@type\":\"PropertyValueSpecification\",\"valueRequired\":true,\"valueName\":\"search_term_string\"}}],\"inLanguage\":\"pt-BR\"},{\"@type\":\"Organization\",\"@id\":\"https:\/\/homolog.harald.com.br\/site-2026\/#organization\",\"name\":\"Harald\",\"url\":\"https:\/\/homolog.harald.com.br\/site-2026\/\",\"logo\":{\"@type\":\"ImageObject\",\"inLanguage\":\"pt-BR\",\"@id\":\"https:\/\/homolog.harald.com.br\/site-2026\/#\/schema\/logo\/image\/\",\"url\":\"https:\/\/homolog.harald.com.br\/site-2026\/wp-content\/uploads\/2022\/09\/logo-harald-cmyk-ss.png\",\"contentUrl\":\"https:\/\/homolog.harald.com.br\/site-2026\/wp-content\/uploads\/2022\/09\/logo-harald-cmyk-ss.png\",\"width\":1948,\"height\":1051,\"caption\":\"Harald\"},\"image\":{\"@id\":\"https:\/\/homolog.harald.com.br\/site-2026\/#\/schema\/logo\/image\/\"},\"sameAs\":[\"https:\/\/www.facebook.com\/HaraldChocolates\/\",\"https:\/\/www.youtube.com\/user\/HaraldChocolates\"]},{\"@type\":\"Person\",\"@id\":\"https:\/\/homolog.harald.com.br\/site-2026\/#\/schema\/person\/c71700dd47fb39a337c7f9b89d5e3a00\",\"name\":\"Beatriz Oliveira\",\"image\":{\"@type\":\"ImageObject\",\"inLanguage\":\"pt-BR\",\"@id\":\"https:\/\/homolog.harald.com.br\/site-2026\/#\/schema\/person\/image\/\",\"url\":\"https:\/\/secure.gravatar.com\/avatar\/fdc870643b67a6486b6bef59d475b1e7dea17130b70a2178f5716399590234e6?s=96&d=mm&r=g\",\"contentUrl\":\"https:\/\/secure.gravatar.com\/avatar\/fdc870643b67a6486b6bef59d475b1e7dea17130b70a2178f5716399590234e6?s=96&d=mm&r=g\",\"caption\":\"Beatriz Oliveira\"},\"url\":\"https:\/\/homolog.harald.com.br\/site-2026\/blog\/author\/beatriz-oliveira\/\"}]}<\/script>\n<!-- \/ Yoast SEO plugin. -->","yoast_head_json":{"title":"Confeita Curitiba 3\u00aa edi\u00e7\u00e3o em Agosto - Harald","description":"Confeita Curitiba 2025 acontece nos dias 27 e 28 de agosto com aulas-show, exposi\u00e7\u00e3o, rodada de neg\u00f3cios e o Confeita Awards. Inscreva-se.","robots":{"index":"noindex","follow":"follow","max-snippet":"max-snippet:-1","max-image-preview":"max-image-preview:large","max-video-preview":"max-video-preview:-1"},"og_locale":"pt_BR","og_type":"article","og_title":"Confeita Curitiba 3\u00aa edi\u00e7\u00e3o em Agosto - Harald","og_description":"Confeita Curitiba 2025 acontece nos dias 27 e 28 de agosto com aulas-show, exposi\u00e7\u00e3o, rodada de neg\u00f3cios e o Confeita Awards. Inscreva-se.","og_url":"https:\/\/homolog.harald.com.br\/site-2026\/blog\/harald-participa-da-3a-edicao-do-confeita-curitiba\/","og_site_name":"Harald","article_publisher":"https:\/\/www.facebook.com\/HaraldChocolates\/","article_published_time":"2025-07-17T14:18:17+00:00","article_modified_time":"2025-07-29T14:38:11+00:00","og_image":[{"width":960,"height":540,"url":"https:\/\/homolog.harald.com.br\/site-2026\/wp-content\/uploads\/2025\/07\/2025-17-07-14-47-33f4b6819a48d3e0a975c144e04f2c8474.png","type":"image\/png"}],"author":"Beatriz Oliveira","twitter_card":"summary_large_image","twitter_misc":{"Escrito por":"Beatriz Oliveira","Est. tempo de leitura":"2 minutos"},"schema":{"@context":"https:\/\/schema.org","@graph":[{"@type":"Article","@id":"https:\/\/homolog.harald.com.br\/site-2026\/blog\/harald-participa-da-3a-edicao-do-confeita-curitiba\/#article","isPartOf":{"@id":"https:\/\/homolog.harald.com.br\/site-2026\/blog\/harald-participa-da-3a-edicao-do-confeita-curitiba\/"},"author":{"name":"Beatriz Oliveira","@id":"https:\/\/homolog.harald.com.br\/site-2026\/#\/schema\/person\/c71700dd47fb39a337c7f9b89d5e3a00"},"headline":"Confeita Curitiba 3\u00aa edi\u00e7\u00e3o em Agosto","datePublished":"2025-07-17T14:18:17+00:00","dateModified":"2025-07-29T14:38:11+00:00","mainEntityOfPage":{"@id":"https:\/\/homolog.harald.com.br\/site-2026\/blog\/harald-participa-da-3a-edicao-do-confeita-curitiba\/"},"wordCount":273,"publisher":{"@id":"https:\/\/homolog.harald.com.br\/site-2026\/#organization"},"image":{"@id":"https:\/\/homolog.harald.com.br\/site-2026\/blog\/harald-participa-da-3a-edicao-do-confeita-curitiba\/#primaryimage"},"thumbnailUrl":"https:\/\/homolog.harald.com.br\/site-2026\/wp-content\/uploads\/2025\/07\/2025-17-07-14-47-33f4b6819a48d3e0a975c144e04f2c8474.png","articleSection":["Not\u00edcias"],"inLanguage":"pt-BR"},{"@type":"WebPage","@id":"https:\/\/homolog.harald.com.br\/site-2026\/blog\/harald-participa-da-3a-edicao-do-confeita-curitiba\/","url":"https:\/\/homolog.harald.com.br\/site-2026\/blog\/harald-participa-da-3a-edicao-do-confeita-curitiba\/","name":"Confeita Curitiba 3\u00aa edi\u00e7\u00e3o em Agosto - Harald","isPartOf":{"@id":"https:\/\/homolog.harald.com.br\/site-2026\/#website"},"primaryImageOfPage":{"@id":"https:\/\/homolog.harald.com.br\/site-2026\/blog\/harald-participa-da-3a-edicao-do-confeita-curitiba\/#primaryimage"},"image":{"@id":"https:\/\/homolog.harald.com.br\/site-2026\/blog\/harald-participa-da-3a-edicao-do-confeita-curitiba\/#primaryimage"},"thumbnailUrl":"https:\/\/homolog.harald.com.br\/site-2026\/wp-content\/uploads\/2025\/07\/2025-17-07-14-47-33f4b6819a48d3e0a975c144e04f2c8474.png","datePublished":"2025-07-17T14:18:17+00:00","dateModified":"2025-07-29T14:38:11+00:00","description":"Confeita Curitiba 2025 acontece nos dias 27 e 28 de agosto com aulas-show, exposi\u00e7\u00e3o, rodada de neg\u00f3cios e o Confeita Awards. Inscreva-se.","breadcrumb":{"@id":"https:\/\/homolog.harald.com.br\/site-2026\/blog\/harald-participa-da-3a-edicao-do-confeita-curitiba\/#breadcrumb"},"inLanguage":"pt-BR","potentialAction":[{"@type":"ReadAction","target":["https:\/\/homolog.harald.com.br\/site-2026\/blog\/harald-participa-da-3a-edicao-do-confeita-curitiba\/"]}]},{"@type":"ImageObject","inLanguage":"pt-BR","@id":"https:\/\/homolog.harald.com.br\/site-2026\/blog\/harald-participa-da-3a-edicao-do-confeita-curitiba\/#primaryimage","url":"https:\/\/homolog.harald.com.br\/site-2026\/wp-content\/uploads\/2025\/07\/2025-17-07-14-47-33f4b6819a48d3e0a975c144e04f2c8474.png","contentUrl":"https:\/\/homolog.harald.com.br\/site-2026\/wp-content\/uploads\/2025\/07\/2025-17-07-14-47-33f4b6819a48d3e0a975c144e04f2c8474.png","width":960,"height":540,"caption":"Confeita Curitiba"},{"@type":"BreadcrumbList","@id":"https:\/\/homolog.harald.com.br\/site-2026\/blog\/harald-participa-da-3a-edicao-do-confeita-curitiba\/#breadcrumb","itemListElement":[{"@type":"ListItem","position":1,"name":"In\u00edcio","item":"https:\/\/homolog.harald.com.br\/site-2026\/"},{"@type":"ListItem","position":2,"name":"Confeita Curitiba 3\u00aa edi\u00e7\u00e3o em Agosto"}]},{"@type":"WebSite","@id":"https:\/\/homolog.harald.com.br\/site-2026\/#website","url":"https:\/\/homolog.harald.com.br\/site-2026\/","name":"Harald","description":"Fazer melhor \u00e9 fazer com paix\u00e3o","publisher":{"@id":"https:\/\/homolog.harald.com.br\/site-2026\/#organization"},"potentialAction":[{"@type":"SearchAction","target":{"@type":"EntryPoint","urlTemplate":"https:\/\/homolog.harald.com.br\/site-2026\/?s={search_term_string}"},"query-input":{"@type":"PropertyValueSpecification","valueRequired":true,"valueName":"search_term_string"}}],"inLanguage":"pt-BR"},{"@type":"Organization","@id":"https:\/\/homolog.harald.com.br\/site-2026\/#organization","name":"Harald","url":"https:\/\/homolog.harald.com.br\/site-2026\/","logo":{"@type":"ImageObject","inLanguage":"pt-BR","@id":"https:\/\/homolog.harald.com.br\/site-2026\/#\/schema\/logo\/image\/","url":"https:\/\/homolog.harald.com.br\/site-2026\/wp-content\/uploads\/2022\/09\/logo-harald-cmyk-ss.png","contentUrl":"https:\/\/homolog.harald.com.br\/site-2026\/wp-content\/uploads\/2022\/09\/logo-harald-cmyk-ss.png","width":1948,"height":1051,"caption":"Harald"},"image":{"@id":"https:\/\/homolog.harald.com.br\/site-2026\/#\/schema\/logo\/image\/"},"sameAs":["https:\/\/www.facebook.com\/HaraldChocolates\/","https:\/\/www.youtube.com\/user\/HaraldChocolates"]},{"@type":"Person","@id":"https:\/\/homolog.harald.com.br\/site-2026\/#\/schema\/person\/c71700dd47fb39a337c7f9b89d5e3a00","name":"Beatriz Oliveira","image":{"@type":"ImageObject","inLanguage":"pt-BR","@id":"https:\/\/homolog.harald.com.br\/site-2026\/#\/schema\/person\/image\/","url":"https:\/\/secure.gravatar.com\/avatar\/fdc870643b67a6486b6bef59d475b1e7dea17130b70a2178f5716399590234e6?s=96&d=mm&r=g","contentUrl":"https:\/\/secure.gravatar.com\/avatar\/fdc870643b67a6486b6bef59d475b1e7dea17130b70a2178f5716399590234e6?s=96&d=mm&r=g","caption":"Beatriz Oliveira"},"url":"https:\/\/homolog.harald.com.br\/site-2026\/blog\/author\/beatriz-oliveira\/"}]}},"uagb_featured_image_src":{"full":["https:\/\/homolog.harald.com.br\/site-2026\/wp-content\/uploads\/2025\/07\/2025-17-07-14-47-33f4b6819a48d3e0a975c144e04f2c8474.png",960,540,false],"thumbnail":["https:\/\/homolog.harald.com.br\/site-2026\/wp-content\/uploads\/2025\/07\/2025-17-07-14-47-33f4b6819a48d3e0a975c144e04f2c8474-150x150.png",150,150,true],"medium":["https:\/\/homolog.harald.com.br\/site-2026\/wp-content\/uploads\/2025\/07\/2025-17-07-14-47-33f4b6819a48d3e0a975c144e04f2c8474-300x169.png",300,169,true],"medium_large":["https:\/\/homolog.harald.com.br\/site-2026\/wp-content\/uploads\/2025\/07\/2025-17-07-14-47-33f4b6819a48d3e0a975c144e04f2c8474-768x432.png",768,432,true],"large":["https:\/\/homolog.harald.com.br\/site-2026\/wp-content\/uploads\/2025\/07\/2025-17-07-14-47-33f4b6819a48d3e0a975c144e04f2c8474.png",960,540,false],"1536x1536":["https:\/\/homolog.harald.com.br\/site-2026\/wp-content\/uploads\/2025\/07\/2025-17-07-14-47-33f4b6819a48d3e0a975c144e04f2c8474.png",960,540,false],"2048x2048":["https:\/\/homolog.harald.com.br\/site-2026\/wp-content\/uploads\/2025\/07\/2025-17-07-14-47-33f4b6819a48d3e0a975c144e04f2c8474.png",960,540,false],"full-width":["https:\/\/homolog.harald.com.br\/site-2026\/wp-content\/uploads\/2025\/07\/2025-17-07-14-47-33f4b6819a48d3e0a975c144e04f2c8474.png",960,540,false],"gform-image-choice-sm":["https:\/\/homolog.harald.com.br\/site-2026\/wp-content\/uploads\/2025\/07\/2025-17-07-14-47-33f4b6819a48d3e0a975c144e04f2c8474.png",300,169,false],"gform-image-choice-md":["https:\/\/homolog.harald.com.br\/site-2026\/wp-content\/uploads\/2025\/07\/2025-17-07-14-47-33f4b6819a48d3e0a975c144e04f2c8474.png",400,225,false],"gform-image-choice-lg":["https:\/\/homolog.harald.com.br\/site-2026\/wp-content\/uploads\/2025\/07\/2025-17-07-14-47-33f4b6819a48d3e0a975c144e04f2c8474.png",600,338,false]},"uagb_author_info":{"display_name":"Beatriz Oliveira","author_link":"https:\/\/homolog.harald.com.br\/site-2026\/blog\/author\/beatriz-oliveira\/"},"uagb_comment_info":0,"uagb_excerpt":"Harald participa da 3\u00aa edi\u00e7\u00e3o do Confeita Curitiba, que acontece em agosto na capital paranaense Nos dias 27 e 28 de agosto de 2024, Curitiba recebe a terceira edi\u00e7\u00e3o do Confeita Curitiba, um evento voltado \u00e0 confeitaria, panifica\u00e7\u00e3o e sorveteria. O encontro acontece no Espa\u00e7o Torres e re\u00fane pequenos empreendedores, profissionais aut\u00f4nomos e apaixonados pela&hellip;","_links":{"self":[{"href":"https:\/\/homolog.harald.com.br\/site-2026\/wp-json\/wp\/v2\/posts\/320098","targetHints":{"allow":["GET"]}}],"collection":[{"href":"https:\/\/homolog.harald.com.br\/site-2026\/wp-json\/wp\/v2\/posts"}],"about":[{"href":"https:\/\/homolog.harald.com.br\/site-2026\/wp-json\/wp\/v2\/types\/post"}],"author":[{"embeddable":true,"href":"https:\/\/homolog.harald.com.br\/site-2026\/wp-json\/wp\/v2\/users\/14"}],"replies":[{"embeddable":true,"href":"https:\/\/homolog.harald.com.br\/site-2026\/wp-json\/wp\/v2\/comments?post=320098"}],"version-history":[{"count":3,"href":"https:\/\/homolog.harald.com.br\/site-2026\/wp-json\/wp\/v2\/posts\/320098\/revisions"}],"predecessor-version":[{"id":320122,"href":"https:\/\/homolog.harald.com.br\/site-2026\/wp-json\/wp\/v2\/posts\/320098\/revisions\/320122"}],"wp:featuredmedia":[{"embeddable":true,"href":"https:\/\/homolog.harald.com.br\/site-2026\/wp-json\/wp\/v2\/media\/320116"}],"wp:attachment":[{"href":"https:\/\/homolog.harald.com.br\/site-2026\/wp-json\/wp\/v2\/media?parent=320098"}],"wp:term":[{"taxonomy":"category","embeddable":true,"href":"https:\/\/homolog.harald.com.br\/site-2026\/wp-json\/wp\/v2\/categories?post=320098"},{"taxonomy":"post_tag","embeddable":true,"href":"https:\/\/homolog.harald.com.br\/site-2026\/wp-json\/wp\/v2\/tags?post=320098"},{"taxonomy":"para-seu-negocio","embeddable":true,"href":"https:\/\/homolog.harald.com.br\/site-2026\/wp-json\/wp\/v2\/para-seu-negocio?post=320098"}],"curies":[{"name":"wp","href":"https:\/\/api.w.org\/{rel}","templated":true}]}}