{"id":316200,"date":"2025-07-15T15:33:56","date_gmt":"2025-07-15T18:33:56","guid":{"rendered":"https:\/\/homolog.harald.com.br\/site-2026\/?p=316200"},"modified":"2025-07-15T15:33:56","modified_gmt":"2025-07-15T18:33:56","slug":"harald-apresenta-lancamentos-na-fipan-2025","status":"publish","type":"post","link":"https:\/\/homolog.harald.com.br\/site-2026\/blog\/harald-apresenta-lancamentos-na-fipan-2025\/","title":{"rendered":"Harald Apresenta Lan\u00e7amentos na FIPAN 2025"},"content":{"rendered":"<h2 data-start=\"217\" data-end=\"327\">\u00a0Harald Apresenta Lan\u00e7amentos na FIPAN 2025 com Foco em Performance e Praticidade para o Mercado Profissional<\/h2>\n<p data-start=\"412\" data-end=\"826\">Durante a FIPAN 2025, uma das maiores feiras de panifica\u00e7\u00e3o e confeitaria da Am\u00e9rica Latina, a Harald refor\u00e7a seu compromisso com a inova\u00e7\u00e3o e apresenta novidades desenvolvidas especialmente para o mercado profissional. E ent\u00e3o, entre os principais lan\u00e7amentos est\u00e3o o novo Recheio Forne\u00e1vel Confeiteiro sabor Pistache e as novas embalagens da linha TOP, criadas para facilitar a rotina de quem vive da confeitaria.<\/p>\n<p data-start=\"412\" data-end=\"826\"><img loading=\"lazy\" decoding=\"async\" class=\"aligncenter wp-image-316282\" src=\"https:\/\/homolog.harald.com.br\/site-2026\/wp-content\/uploads\/2025\/07\/pistache.jpg\" alt=\"Lan\u00e7amentos na FIPAN 2025\" width=\"543\" height=\"305\" srcset=\"https:\/\/homolog.harald.com.br\/site-2026\/wp-content\/uploads\/2025\/07\/pistache.jpg 1920w, https:\/\/homolog.harald.com.br\/site-2026\/wp-content\/uploads\/2025\/07\/pistache-300x169.jpg 300w, https:\/\/homolog.harald.com.br\/site-2026\/wp-content\/uploads\/2025\/07\/pistache-1024x576.jpg 1024w, https:\/\/homolog.harald.com.br\/site-2026\/wp-content\/uploads\/2025\/07\/pistache-768x432.jpg 768w, https:\/\/homolog.harald.com.br\/site-2026\/wp-content\/uploads\/2025\/07\/pistache-1536x864.jpg 1536w\" sizes=\"auto, (max-width: 543px) 100vw, 543px\" \/><\/p>\n<h2 data-start=\"828\" data-end=\"887\">Recheio sabor pistache: performance, praticidade e sabor<\/h2>\n<p data-start=\"889\" data-end=\"1196\">Atenta \u00e0s demandas do mercado, a Harald lan\u00e7a um recheio forne\u00e1vel pronto para uso, com sabor pistache, tend\u00eancia que tem ganhado cada vez mais espa\u00e7o no universo da confeitaria. Al\u00e9m disso, com excelente estabilidade t\u00e9rmica, o produto mant\u00e9m a textura cremosa e o sabor marcante mesmo ap\u00f3s o forneamento.<\/p>\n<p data-start=\"1198\" data-end=\"1461\">Vers\u00e1til, pode ser usado em diversos preparos: de pizzas doces, calzones e tapiocas a crepes, esfihas e sobremesas criativas. Ou seja, \u00e9 uma solu\u00e7\u00e3o pr\u00e1tica, com alto rendimento e qualidade profissional, ideal para quem busca agilidade sem abrir m\u00e3o do sabor.<\/p>\n<p data-start=\"1198\" data-end=\"1461\">\u201cO pistache \u00e9 um sabor em alta e cada vez mais solicitado pelos nossos clientes. Pensamos em um produto que entrega rendimento, estabilidade t\u00e9rmica e sabor, tudo em um s\u00f3 ingrediente\u201d, explica Marianne Ramos, gerente de produtos da Harald.<\/p>\n<h2 data-start=\"1707\" data-end=\"1768\">Linha TOP ganha novas embalagens pensadas para o dia a dia<\/h2>\n<p data-start=\"1770\" data-end=\"2146\">Outro destaque da feira \u00e9 a expans\u00e3o da linha TOP, agora com barras de 500g nos sabores Ao Leite, Meio Amargo e Branco, al\u00e9m do lan\u00e7amento do TOP Pistache em gotas (400g).<\/p>\n<p data-start=\"1770\" data-end=\"2146\">\u201cAs novas embalagens foram pensadas ouvindo quem est\u00e1 na linha de frente da produ\u00e7\u00e3o. Queremos estar pr\u00f3ximos desses profissionais com solu\u00e7\u00f5es que otimizem a rotina e garantam resultados consistentes\u201d, completa Marianne.<\/p>\n<h2 data-start=\"2373\" data-end=\"2426\">Ativa\u00e7\u00f5es na feira valorizam a experi\u00eancia pr\u00e1tica: Lan\u00e7amentos na FIPAN 2025<\/h2>\n<p data-start=\"98\" data-end=\"316\">Al\u00e9m dos lan\u00e7amentos, a Harald convida os visitantes da FIPAN 2025 a conhecerem as novidades de perto no seu estande e na Arena do Confeiteiro, espa\u00e7o que a marca patrocina especialmente para experi\u00eancias pr\u00e1ticas.<\/p>\n<p data-start=\"318\" data-end=\"569\">No local, os chefs da Harald apresentar\u00e3o aulas ao vivo, demonstrando o preparo das receitas e oferecendo degusta\u00e7\u00f5es. Assim, a iniciativa refor\u00e7a o compromisso da empresa com o desenvolvimento t\u00e9cnico e a valoriza\u00e7\u00e3o de quem vive da confeitaria.<\/p>\n<h2 data-start=\"2867\" data-end=\"2884\">Sobre a Harald<\/h2>\n<p data-start=\"2886\" data-end=\"3309\">L\u00edder em chocolates e coberturas para o mercado de confeitaria, a Harald \u00e9 refer\u00eancia nacional no setor food service, especializado e cash &amp; carry. Com um portf\u00f3lio robusto, que inclui as marcas Unique, Melken, Inovare, TOP e Confeiteiro, a empresa oferece solu\u00e7\u00f5es completas para quem transforma chocolate em neg\u00f3cio. Por fim, fundada em 1982, a Harald faz parte desde 2015 do grupo japon\u00eas Fuji Oil, de atua\u00e7\u00e3o global.<\/p>\n","protected":false},"excerpt":{"rendered":"<p>\u00a0Harald Apresenta Lan\u00e7amentos na FIPAN 2025 com Foco em Performance e Praticidade para o Mercado Profissional Durante a FIPAN 2025, uma das maiores feiras de panifica\u00e7\u00e3o e confeitaria da Am\u00e9rica Latina, a Harald refor\u00e7a seu compromisso com a inova\u00e7\u00e3o e apresenta novidades desenvolvidas especialmente para o mercado profissional. E ent\u00e3o, entre os principais lan\u00e7amentos est\u00e3o <a class=\"more-link\" href=\"https:\/\/homolog.harald.com.br\/site-2026\/blog\/harald-apresenta-lancamentos-na-fipan-2025\/\">Read more&#8230;<\/a><\/p>\n","protected":false},"author":14,"featured_media":316282,"comment_status":"closed","ping_status":"closed","sticky":false,"template":"","format":"standard","meta":{"_acf_changed":false,"_uag_custom_page_level_css":"","footnotes":""},"categories":[158],"tags":[],"para-seu-negocio":[],"class_list":["post-316200","post","type-post","status-publish","format-standard","has-post-thumbnail","hentry","category-noticias"],"acf":[],"yoast_head":"<!-- This site is optimized with the Yoast SEO plugin v26.3 - https:\/\/yoast.com\/wordpress\/plugins\/seo\/ -->\n<title>Harald Apresenta Lan\u00e7amentos na FIPAN 2025 - Harald<\/title>\n<meta name=\"description\" content=\"Lan\u00e7amentos na FIPAN 2025, Harald lan\u00e7a recheio forne\u00e1vel sabor pistache e novas embalagens da linha TOP, com foco no profissional.\" \/>\n<meta name=\"robots\" content=\"noindex, follow, max-snippet:-1, max-image-preview:large, max-video-preview:-1\" \/>\n<meta property=\"og:locale\" content=\"pt_BR\" \/>\n<meta property=\"og:type\" content=\"article\" \/>\n<meta property=\"og:title\" content=\"Harald Apresenta Lan\u00e7amentos na FIPAN 2025 - Harald\" \/>\n<meta property=\"og:description\" content=\"Lan\u00e7amentos na FIPAN 2025, Harald lan\u00e7a recheio forne\u00e1vel sabor pistache e novas embalagens da linha TOP, com foco no profissional.\" \/>\n<meta property=\"og:url\" content=\"https:\/\/homolog.harald.com.br\/site-2026\/blog\/harald-apresenta-lancamentos-na-fipan-2025\/\" \/>\n<meta property=\"og:site_name\" content=\"Harald\" \/>\n<meta property=\"article:publisher\" content=\"https:\/\/www.facebook.com\/HaraldChocolates\/\" \/>\n<meta property=\"article:published_time\" content=\"2025-07-15T18:33:56+00:00\" \/>\n<meta property=\"og:image\" content=\"https:\/\/homolog.harald.com.br\/site-2026\/wp-content\/uploads\/2025\/07\/pistache.jpg\" \/>\n\t<meta property=\"og:image:width\" content=\"1920\" \/>\n\t<meta property=\"og:image:height\" content=\"1080\" \/>\n\t<meta property=\"og:image:type\" content=\"image\/jpeg\" \/>\n<meta name=\"author\" content=\"Beatriz Oliveira\" \/>\n<meta name=\"twitter:card\" content=\"summary_large_image\" \/>\n<meta name=\"twitter:label1\" content=\"Escrito por\" \/>\n\t<meta name=\"twitter:data1\" content=\"Beatriz Oliveira\" \/>\n\t<meta name=\"twitter:label2\" content=\"Est. tempo de leitura\" \/>\n\t<meta name=\"twitter:data2\" content=\"3 minutos\" \/>\n<script type=\"application\/ld+json\" class=\"yoast-schema-graph\">{\"@context\":\"https:\/\/schema.org\",\"@graph\":[{\"@type\":\"Article\",\"@id\":\"https:\/\/homolog.harald.com.br\/site-2026\/blog\/harald-apresenta-lancamentos-na-fipan-2025\/#article\",\"isPartOf\":{\"@id\":\"https:\/\/homolog.harald.com.br\/site-2026\/blog\/harald-apresenta-lancamentos-na-fipan-2025\/\"},\"author\":{\"name\":\"Beatriz Oliveira\",\"@id\":\"https:\/\/homolog.harald.com.br\/site-2026\/#\/schema\/person\/c71700dd47fb39a337c7f9b89d5e3a00\"},\"headline\":\"Harald Apresenta Lan\u00e7amentos na FIPAN 2025\",\"datePublished\":\"2025-07-15T18:33:56+00:00\",\"mainEntityOfPage\":{\"@id\":\"https:\/\/homolog.harald.com.br\/site-2026\/blog\/harald-apresenta-lancamentos-na-fipan-2025\/\"},\"wordCount\":488,\"publisher\":{\"@id\":\"https:\/\/homolog.harald.com.br\/site-2026\/#organization\"},\"image\":{\"@id\":\"https:\/\/homolog.harald.com.br\/site-2026\/blog\/harald-apresenta-lancamentos-na-fipan-2025\/#primaryimage\"},\"thumbnailUrl\":\"https:\/\/homolog.harald.com.br\/site-2026\/wp-content\/uploads\/2025\/07\/pistache.jpg\",\"articleSection\":[\"Not\u00edcias\"],\"inLanguage\":\"pt-BR\"},{\"@type\":\"WebPage\",\"@id\":\"https:\/\/homolog.harald.com.br\/site-2026\/blog\/harald-apresenta-lancamentos-na-fipan-2025\/\",\"url\":\"https:\/\/homolog.harald.com.br\/site-2026\/blog\/harald-apresenta-lancamentos-na-fipan-2025\/\",\"name\":\"Harald Apresenta Lan\u00e7amentos na FIPAN 2025 - Harald\",\"isPartOf\":{\"@id\":\"https:\/\/homolog.harald.com.br\/site-2026\/#website\"},\"primaryImageOfPage\":{\"@id\":\"https:\/\/homolog.harald.com.br\/site-2026\/blog\/harald-apresenta-lancamentos-na-fipan-2025\/#primaryimage\"},\"image\":{\"@id\":\"https:\/\/homolog.harald.com.br\/site-2026\/blog\/harald-apresenta-lancamentos-na-fipan-2025\/#primaryimage\"},\"thumbnailUrl\":\"https:\/\/homolog.harald.com.br\/site-2026\/wp-content\/uploads\/2025\/07\/pistache.jpg\",\"datePublished\":\"2025-07-15T18:33:56+00:00\",\"description\":\"Lan\u00e7amentos na FIPAN 2025, Harald lan\u00e7a recheio forne\u00e1vel sabor pistache e novas embalagens da linha TOP, com foco no profissional.\",\"breadcrumb\":{\"@id\":\"https:\/\/homolog.harald.com.br\/site-2026\/blog\/harald-apresenta-lancamentos-na-fipan-2025\/#breadcrumb\"},\"inLanguage\":\"pt-BR\",\"potentialAction\":[{\"@type\":\"ReadAction\",\"target\":[\"https:\/\/homolog.harald.com.br\/site-2026\/blog\/harald-apresenta-lancamentos-na-fipan-2025\/\"]}]},{\"@type\":\"ImageObject\",\"inLanguage\":\"pt-BR\",\"@id\":\"https:\/\/homolog.harald.com.br\/site-2026\/blog\/harald-apresenta-lancamentos-na-fipan-2025\/#primaryimage\",\"url\":\"https:\/\/homolog.harald.com.br\/site-2026\/wp-content\/uploads\/2025\/07\/pistache.jpg\",\"contentUrl\":\"https:\/\/homolog.harald.com.br\/site-2026\/wp-content\/uploads\/2025\/07\/pistache.jpg\",\"width\":1920,\"height\":1080,\"caption\":\"Lan\u00e7amentos na FIPAN 2025\"},{\"@type\":\"BreadcrumbList\",\"@id\":\"https:\/\/homolog.harald.com.br\/site-2026\/blog\/harald-apresenta-lancamentos-na-fipan-2025\/#breadcrumb\",\"itemListElement\":[{\"@type\":\"ListItem\",\"position\":1,\"name\":\"In\u00edcio\",\"item\":\"https:\/\/homolog.harald.com.br\/site-2026\/\"},{\"@type\":\"ListItem\",\"position\":2,\"name\":\"Harald Apresenta Lan\u00e7amentos na FIPAN 2025\"}]},{\"@type\":\"WebSite\",\"@id\":\"https:\/\/homolog.harald.com.br\/site-2026\/#website\",\"url\":\"https:\/\/homolog.harald.com.br\/site-2026\/\",\"name\":\"Harald\",\"description\":\"Fazer melhor \u00e9 fazer com paix\u00e3o\",\"publisher\":{\"@id\":\"https:\/\/homolog.harald.com.br\/site-2026\/#organization\"},\"potentialAction\":[{\"@type\":\"SearchAction\",\"target\":{\"@type\":\"EntryPoint\",\"urlTemplate\":\"https:\/\/homolog.harald.com.br\/site-2026\/?s={search_term_string}\"},\"query-input\":{\"@type\":\"PropertyValueSpecification\",\"valueRequired\":true,\"valueName\":\"search_term_string\"}}],\"inLanguage\":\"pt-BR\"},{\"@type\":\"Organization\",\"@id\":\"https:\/\/homolog.harald.com.br\/site-2026\/#organization\",\"name\":\"Harald\",\"url\":\"https:\/\/homolog.harald.com.br\/site-2026\/\",\"logo\":{\"@type\":\"ImageObject\",\"inLanguage\":\"pt-BR\",\"@id\":\"https:\/\/homolog.harald.com.br\/site-2026\/#\/schema\/logo\/image\/\",\"url\":\"https:\/\/homolog.harald.com.br\/site-2026\/wp-content\/uploads\/2022\/09\/logo-harald-cmyk-ss.png\",\"contentUrl\":\"https:\/\/homolog.harald.com.br\/site-2026\/wp-content\/uploads\/2022\/09\/logo-harald-cmyk-ss.png\",\"width\":1948,\"height\":1051,\"caption\":\"Harald\"},\"image\":{\"@id\":\"https:\/\/homolog.harald.com.br\/site-2026\/#\/schema\/logo\/image\/\"},\"sameAs\":[\"https:\/\/www.facebook.com\/HaraldChocolates\/\",\"https:\/\/www.youtube.com\/user\/HaraldChocolates\"]},{\"@type\":\"Person\",\"@id\":\"https:\/\/homolog.harald.com.br\/site-2026\/#\/schema\/person\/c71700dd47fb39a337c7f9b89d5e3a00\",\"name\":\"Beatriz Oliveira\",\"image\":{\"@type\":\"ImageObject\",\"inLanguage\":\"pt-BR\",\"@id\":\"https:\/\/homolog.harald.com.br\/site-2026\/#\/schema\/person\/image\/\",\"url\":\"https:\/\/secure.gravatar.com\/avatar\/fdc870643b67a6486b6bef59d475b1e7dea17130b70a2178f5716399590234e6?s=96&d=mm&r=g\",\"contentUrl\":\"https:\/\/secure.gravatar.com\/avatar\/fdc870643b67a6486b6bef59d475b1e7dea17130b70a2178f5716399590234e6?s=96&d=mm&r=g\",\"caption\":\"Beatriz Oliveira\"},\"url\":\"https:\/\/homolog.harald.com.br\/site-2026\/blog\/author\/beatriz-oliveira\/\"}]}<\/script>\n<!-- \/ Yoast SEO plugin. -->","yoast_head_json":{"title":"Harald Apresenta Lan\u00e7amentos na FIPAN 2025 - Harald","description":"Lan\u00e7amentos na FIPAN 2025, Harald lan\u00e7a recheio forne\u00e1vel sabor pistache e novas embalagens da linha TOP, com foco no profissional.","robots":{"index":"noindex","follow":"follow","max-snippet":"max-snippet:-1","max-image-preview":"max-image-preview:large","max-video-preview":"max-video-preview:-1"},"og_locale":"pt_BR","og_type":"article","og_title":"Harald Apresenta Lan\u00e7amentos na FIPAN 2025 - Harald","og_description":"Lan\u00e7amentos na FIPAN 2025, Harald lan\u00e7a recheio forne\u00e1vel sabor pistache e novas embalagens da linha TOP, com foco no profissional.","og_url":"https:\/\/homolog.harald.com.br\/site-2026\/blog\/harald-apresenta-lancamentos-na-fipan-2025\/","og_site_name":"Harald","article_publisher":"https:\/\/www.facebook.com\/HaraldChocolates\/","article_published_time":"2025-07-15T18:33:56+00:00","og_image":[{"width":1920,"height":1080,"url":"https:\/\/homolog.harald.com.br\/site-2026\/wp-content\/uploads\/2025\/07\/pistache.jpg","type":"image\/jpeg"}],"author":"Beatriz Oliveira","twitter_card":"summary_large_image","twitter_misc":{"Escrito por":"Beatriz Oliveira","Est. tempo de leitura":"3 minutos"},"schema":{"@context":"https:\/\/schema.org","@graph":[{"@type":"Article","@id":"https:\/\/homolog.harald.com.br\/site-2026\/blog\/harald-apresenta-lancamentos-na-fipan-2025\/#article","isPartOf":{"@id":"https:\/\/homolog.harald.com.br\/site-2026\/blog\/harald-apresenta-lancamentos-na-fipan-2025\/"},"author":{"name":"Beatriz Oliveira","@id":"https:\/\/homolog.harald.com.br\/site-2026\/#\/schema\/person\/c71700dd47fb39a337c7f9b89d5e3a00"},"headline":"Harald Apresenta Lan\u00e7amentos na FIPAN 2025","datePublished":"2025-07-15T18:33:56+00:00","mainEntityOfPage":{"@id":"https:\/\/homolog.harald.com.br\/site-2026\/blog\/harald-apresenta-lancamentos-na-fipan-2025\/"},"wordCount":488,"publisher":{"@id":"https:\/\/homolog.harald.com.br\/site-2026\/#organization"},"image":{"@id":"https:\/\/homolog.harald.com.br\/site-2026\/blog\/harald-apresenta-lancamentos-na-fipan-2025\/#primaryimage"},"thumbnailUrl":"https:\/\/homolog.harald.com.br\/site-2026\/wp-content\/uploads\/2025\/07\/pistache.jpg","articleSection":["Not\u00edcias"],"inLanguage":"pt-BR"},{"@type":"WebPage","@id":"https:\/\/homolog.harald.com.br\/site-2026\/blog\/harald-apresenta-lancamentos-na-fipan-2025\/","url":"https:\/\/homolog.harald.com.br\/site-2026\/blog\/harald-apresenta-lancamentos-na-fipan-2025\/","name":"Harald Apresenta Lan\u00e7amentos na FIPAN 2025 - Harald","isPartOf":{"@id":"https:\/\/homolog.harald.com.br\/site-2026\/#website"},"primaryImageOfPage":{"@id":"https:\/\/homolog.harald.com.br\/site-2026\/blog\/harald-apresenta-lancamentos-na-fipan-2025\/#primaryimage"},"image":{"@id":"https:\/\/homolog.harald.com.br\/site-2026\/blog\/harald-apresenta-lancamentos-na-fipan-2025\/#primaryimage"},"thumbnailUrl":"https:\/\/homolog.harald.com.br\/site-2026\/wp-content\/uploads\/2025\/07\/pistache.jpg","datePublished":"2025-07-15T18:33:56+00:00","description":"Lan\u00e7amentos na FIPAN 2025, Harald lan\u00e7a recheio forne\u00e1vel sabor pistache e novas embalagens da linha TOP, com foco no profissional.","breadcrumb":{"@id":"https:\/\/homolog.harald.com.br\/site-2026\/blog\/harald-apresenta-lancamentos-na-fipan-2025\/#breadcrumb"},"inLanguage":"pt-BR","potentialAction":[{"@type":"ReadAction","target":["https:\/\/homolog.harald.com.br\/site-2026\/blog\/harald-apresenta-lancamentos-na-fipan-2025\/"]}]},{"@type":"ImageObject","inLanguage":"pt-BR","@id":"https:\/\/homolog.harald.com.br\/site-2026\/blog\/harald-apresenta-lancamentos-na-fipan-2025\/#primaryimage","url":"https:\/\/homolog.harald.com.br\/site-2026\/wp-content\/uploads\/2025\/07\/pistache.jpg","contentUrl":"https:\/\/homolog.harald.com.br\/site-2026\/wp-content\/uploads\/2025\/07\/pistache.jpg","width":1920,"height":1080,"caption":"Lan\u00e7amentos na FIPAN 2025"},{"@type":"BreadcrumbList","@id":"https:\/\/homolog.harald.com.br\/site-2026\/blog\/harald-apresenta-lancamentos-na-fipan-2025\/#breadcrumb","itemListElement":[{"@type":"ListItem","position":1,"name":"In\u00edcio","item":"https:\/\/homolog.harald.com.br\/site-2026\/"},{"@type":"ListItem","position":2,"name":"Harald Apresenta Lan\u00e7amentos na FIPAN 2025"}]},{"@type":"WebSite","@id":"https:\/\/homolog.harald.com.br\/site-2026\/#website","url":"https:\/\/homolog.harald.com.br\/site-2026\/","name":"Harald","description":"Fazer melhor \u00e9 fazer com paix\u00e3o","publisher":{"@id":"https:\/\/homolog.harald.com.br\/site-2026\/#organization"},"potentialAction":[{"@type":"SearchAction","target":{"@type":"EntryPoint","urlTemplate":"https:\/\/homolog.harald.com.br\/site-2026\/?s={search_term_string}"},"query-input":{"@type":"PropertyValueSpecification","valueRequired":true,"valueName":"search_term_string"}}],"inLanguage":"pt-BR"},{"@type":"Organization","@id":"https:\/\/homolog.harald.com.br\/site-2026\/#organization","name":"Harald","url":"https:\/\/homolog.harald.com.br\/site-2026\/","logo":{"@type":"ImageObject","inLanguage":"pt-BR","@id":"https:\/\/homolog.harald.com.br\/site-2026\/#\/schema\/logo\/image\/","url":"https:\/\/homolog.harald.com.br\/site-2026\/wp-content\/uploads\/2022\/09\/logo-harald-cmyk-ss.png","contentUrl":"https:\/\/homolog.harald.com.br\/site-2026\/wp-content\/uploads\/2022\/09\/logo-harald-cmyk-ss.png","width":1948,"height":1051,"caption":"Harald"},"image":{"@id":"https:\/\/homolog.harald.com.br\/site-2026\/#\/schema\/logo\/image\/"},"sameAs":["https:\/\/www.facebook.com\/HaraldChocolates\/","https:\/\/www.youtube.com\/user\/HaraldChocolates"]},{"@type":"Person","@id":"https:\/\/homolog.harald.com.br\/site-2026\/#\/schema\/person\/c71700dd47fb39a337c7f9b89d5e3a00","name":"Beatriz Oliveira","image":{"@type":"ImageObject","inLanguage":"pt-BR","@id":"https:\/\/homolog.harald.com.br\/site-2026\/#\/schema\/person\/image\/","url":"https:\/\/secure.gravatar.com\/avatar\/fdc870643b67a6486b6bef59d475b1e7dea17130b70a2178f5716399590234e6?s=96&d=mm&r=g","contentUrl":"https:\/\/secure.gravatar.com\/avatar\/fdc870643b67a6486b6bef59d475b1e7dea17130b70a2178f5716399590234e6?s=96&d=mm&r=g","caption":"Beatriz Oliveira"},"url":"https:\/\/homolog.harald.com.br\/site-2026\/blog\/author\/beatriz-oliveira\/"}]}},"uagb_featured_image_src":{"full":["https:\/\/homolog.harald.com.br\/site-2026\/wp-content\/uploads\/2025\/07\/pistache.jpg",1920,1080,false],"thumbnail":["https:\/\/homolog.harald.com.br\/site-2026\/wp-content\/uploads\/2025\/07\/pistache-150x150.jpg",150,150,true],"medium":["https:\/\/homolog.harald.com.br\/site-2026\/wp-content\/uploads\/2025\/07\/pistache-300x169.jpg",300,169,true],"medium_large":["https:\/\/homolog.harald.com.br\/site-2026\/wp-content\/uploads\/2025\/07\/pistache-768x432.jpg",768,432,true],"large":["https:\/\/homolog.harald.com.br\/site-2026\/wp-content\/uploads\/2025\/07\/pistache-1024x576.jpg",1024,576,true],"1536x1536":["https:\/\/homolog.harald.com.br\/site-2026\/wp-content\/uploads\/2025\/07\/pistache-1536x864.jpg",1536,864,true],"2048x2048":["https:\/\/homolog.harald.com.br\/site-2026\/wp-content\/uploads\/2025\/07\/pistache.jpg",1920,1080,false],"full-width":["https:\/\/homolog.harald.com.br\/site-2026\/wp-content\/uploads\/2025\/07\/pistache.jpg",1920,1080,false],"gform-image-choice-sm":["https:\/\/homolog.harald.com.br\/site-2026\/wp-content\/uploads\/2025\/07\/pistache.jpg",300,169,false],"gform-image-choice-md":["https:\/\/homolog.harald.com.br\/site-2026\/wp-content\/uploads\/2025\/07\/pistache.jpg",400,225,false],"gform-image-choice-lg":["https:\/\/homolog.harald.com.br\/site-2026\/wp-content\/uploads\/2025\/07\/pistache.jpg",600,338,false]},"uagb_author_info":{"display_name":"Beatriz Oliveira","author_link":"https:\/\/homolog.harald.com.br\/site-2026\/blog\/author\/beatriz-oliveira\/"},"uagb_comment_info":0,"uagb_excerpt":"\u00a0Harald Apresenta Lan\u00e7amentos na FIPAN 2025 com Foco em Performance e Praticidade para o Mercado Profissional Durante a FIPAN 2025, uma das maiores feiras de panifica\u00e7\u00e3o e confeitaria da Am\u00e9rica Latina, a Harald refor\u00e7a seu compromisso com a inova\u00e7\u00e3o e apresenta novidades desenvolvidas especialmente para o mercado profissional. E ent\u00e3o, entre os principais lan\u00e7amentos est\u00e3o&hellip;","_links":{"self":[{"href":"https:\/\/homolog.harald.com.br\/site-2026\/wp-json\/wp\/v2\/posts\/316200","targetHints":{"allow":["GET"]}}],"collection":[{"href":"https:\/\/homolog.harald.com.br\/site-2026\/wp-json\/wp\/v2\/posts"}],"about":[{"href":"https:\/\/homolog.harald.com.br\/site-2026\/wp-json\/wp\/v2\/types\/post"}],"author":[{"embeddable":true,"href":"https:\/\/homolog.harald.com.br\/site-2026\/wp-json\/wp\/v2\/users\/14"}],"replies":[{"embeddable":true,"href":"https:\/\/homolog.harald.com.br\/site-2026\/wp-json\/wp\/v2\/comments?post=316200"}],"version-history":[{"count":2,"href":"https:\/\/homolog.harald.com.br\/site-2026\/wp-json\/wp\/v2\/posts\/316200\/revisions"}],"predecessor-version":[{"id":316505,"href":"https:\/\/homolog.harald.com.br\/site-2026\/wp-json\/wp\/v2\/posts\/316200\/revisions\/316505"}],"wp:featuredmedia":[{"embeddable":true,"href":"https:\/\/homolog.harald.com.br\/site-2026\/wp-json\/wp\/v2\/media\/316282"}],"wp:attachment":[{"href":"https:\/\/homolog.harald.com.br\/site-2026\/wp-json\/wp\/v2\/media?parent=316200"}],"wp:term":[{"taxonomy":"category","embeddable":true,"href":"https:\/\/homolog.harald.com.br\/site-2026\/wp-json\/wp\/v2\/categories?post=316200"},{"taxonomy":"post_tag","embeddable":true,"href":"https:\/\/homolog.harald.com.br\/site-2026\/wp-json\/wp\/v2\/tags?post=316200"},{"taxonomy":"para-seu-negocio","embeddable":true,"href":"https:\/\/homolog.harald.com.br\/site-2026\/wp-json\/wp\/v2\/para-seu-negocio?post=316200"}],"curies":[{"name":"wp","href":"https:\/\/api.w.org\/{rel}","templated":true}]}}