{"id":315435,"date":"2025-07-14T14:39:56","date_gmt":"2025-07-14T17:39:56","guid":{"rendered":"https:\/\/homolog.harald.com.br\/site-2026\/?p=315435"},"modified":"2025-07-15T14:57:10","modified_gmt":"2025-07-15T17:57:10","slug":"brigadeiro-de-creme-brulee-sofisticacao-e-sabor","status":"publish","type":"post","link":"https:\/\/homolog.harald.com.br\/site-2026\/blog\/brigadeiro-de-creme-brulee-sofisticacao-e-sabor\/","title":{"rendered":"Brigadeiro de Cr\u00e8me Br\u00fbl\u00e9e: Sofistica\u00e7\u00e3o e Sabor"},"content":{"rendered":"<h2 data-start=\"301\" data-end=\"380\">Brigadeiro de Cr\u00e8me Br\u00fbl\u00e9e: o doce que une sofistica\u00e7\u00e3o e sabor surpreendente<\/h2>\n<p data-start=\"466\" data-end=\"674\">Quando duas paix\u00f5es se encontram, nascem receitas inesquec\u00edveis. Assim \u00e9 o caso do Brigadeiro de Cr\u00e8me Br\u00fbl\u00e9e, que une a cremosidade do tradicional doce brasileiro ao charme da cl\u00e1ssica sobremesa francesa.<\/p>\n<p data-start=\"676\" data-end=\"919\">Feito com o Chocolate Melken Branco da Harald, refer\u00eancia em qualidade no mercado brasileiro, o doce entrega uma experi\u00eancia completa: textura cremosa por dentro, croc\u00e2ncia por fora e um sabor sofisticado que conquista em qualquer ocasi\u00e3o.<\/p>\n<h2 data-start=\"921\" data-end=\"967\">Uma receita vers\u00e1til para encantar e lucrar<\/h2>\n<p data-start=\"969\" data-end=\"1286\">Al\u00e9m de ser uma excelente escolha para festas e celebra\u00e7\u00f5es, o Brigadeiro de Cr\u00e8me Br\u00fbl\u00e9e tamb\u00e9m \u00e9 uma \u00f3tima oportunidade para quem quer empreender com doces artesanais. A combina\u00e7\u00e3o do Melken Branco com a pasta de baunilha e a cobertura crocante cria um diferencial que valoriza o produto e atrai novos clientes.<\/p>\n<p data-start=\"1288\" data-end=\"1402\">Mais do que uma sobremesa, esse brigadeiro \u00e9 uma forma criativa de sair do \u00f3bvio e elevar o n\u00edvel do seu card\u00e1pio.<\/p>\n<p data-start=\"1288\" data-end=\"1402\"><img loading=\"lazy\" decoding=\"async\" class=\"aligncenter wp-image-207051 \" src=\"https:\/\/homolog.harald.com.br\/site-2026\/wp-content\/uploads\/2024\/08\/birgadeiro-de-creme-brulee-scaled-e1724854846139.jpg\" alt=\"Birgadeiro de Creme Br\u00fbl\u00e9e\" width=\"594\" height=\"323\" srcset=\"https:\/\/homolog.harald.com.br\/site-2026\/wp-content\/uploads\/2024\/08\/birgadeiro-de-creme-brulee-scaled-e1724854846139.jpg 2065w, https:\/\/homolog.harald.com.br\/site-2026\/wp-content\/uploads\/2024\/08\/birgadeiro-de-creme-brulee-scaled-e1724854846139-300x163.jpg 300w, https:\/\/homolog.harald.com.br\/site-2026\/wp-content\/uploads\/2024\/08\/birgadeiro-de-creme-brulee-scaled-e1724854846139-1024x556.jpg 1024w, https:\/\/homolog.harald.com.br\/site-2026\/wp-content\/uploads\/2024\/08\/birgadeiro-de-creme-brulee-scaled-e1724854846139-768x417.jpg 768w, https:\/\/homolog.harald.com.br\/site-2026\/wp-content\/uploads\/2024\/08\/birgadeiro-de-creme-brulee-scaled-e1724854846139-1536x835.jpg 1536w, https:\/\/homolog.harald.com.br\/site-2026\/wp-content\/uploads\/2024\/08\/birgadeiro-de-creme-brulee-scaled-e1724854846139-2048x1113.jpg 2048w, https:\/\/homolog.harald.com.br\/site-2026\/wp-content\/uploads\/2024\/08\/birgadeiro-de-creme-brulee-scaled-e1724854846139-1920x1043.jpg 1920w\" sizes=\"auto, (max-width: 594px) 100vw, 594px\" \/><\/p>\n<h2 data-start=\"1409\" data-end=\"1449\">Receita de Brigadeiro de Cr\u00e8me Br\u00fbl\u00e9e<\/h2>\n<h3 data-start=\"1451\" data-end=\"1467\">Ingredientes<\/h3>\n<p data-start=\"1469\" data-end=\"1479\"><strong data-start=\"1469\" data-end=\"1479\">Massa:<\/strong><\/p>\n<ul data-start=\"1480\" data-end=\"1615\">\n<li data-start=\"1480\" data-end=\"1508\">\n<p data-start=\"1482\" data-end=\"1508\">395g de leite condensado<\/p>\n<\/li>\n<li data-start=\"1509\" data-end=\"1535\">\n<p data-start=\"1511\" data-end=\"1535\">100g de creme de leite<\/p>\n<\/li>\n<li data-start=\"1536\" data-end=\"1554\">\n<p data-start=\"1538\" data-end=\"1554\">12g de glucose<\/p>\n<\/li>\n<li data-start=\"1555\" data-end=\"1582\">\n<p data-start=\"1557\" data-end=\"1582\">5g de pasta de baunilha<\/p>\n<\/li>\n<li data-start=\"1583\" data-end=\"1615\">\n<p data-start=\"1585\" data-end=\"1615\">55g de Chocolate Melken Branco<\/p>\n<\/li>\n<\/ul>\n<p data-start=\"1617\" data-end=\"1633\"><strong data-start=\"1617\" data-end=\"1633\">Finaliza\u00e7\u00e3o:<\/strong><\/p>\n<ul data-start=\"1634\" data-end=\"1704\">\n<li data-start=\"1634\" data-end=\"1660\">\n<p data-start=\"1636\" data-end=\"1660\">500g de a\u00e7\u00facar cristal<\/p>\n<\/li>\n<li data-start=\"1661\" data-end=\"1677\">\n<p data-start=\"1663\" data-end=\"1677\">250g de \u00e1gua<\/p>\n<\/li>\n<li data-start=\"1678\" data-end=\"1704\">\n<p data-start=\"1680\" data-end=\"1704\">40g de vinagre de \u00e1lcool<\/p>\n<\/li>\n<\/ul>\n<h3 data-start=\"1711\" data-end=\"1730\">Modo de preparo do Brigadeiro de Cr\u00e8me Br\u00fbl\u00e9e<\/h3>\n<ol data-start=\"1732\" data-end=\"2997\">\n<li data-start=\"1732\" data-end=\"1934\">\n<p data-start=\"1735\" data-end=\"1934\">Em primeio lugar, em uma uma panela, aque\u00e7a o leite condensado, o creme de leite, a glucose e a pasta de baunilha em fogo m\u00e9dio. A pasta natural proporciona um aroma intenso, dif\u00edcil de alcan\u00e7ar com ess\u00eancias artificiais.<\/p>\n<\/li>\n<li data-start=\"1936\" data-end=\"2104\">\n<p data-start=\"1939\" data-end=\"2104\">Assim, mexa sem parar at\u00e9 atingir o ponto de brigadeiro para enrolar. Para testar, passe a esp\u00e1tula no fundo da panela: se a massa demorar a se juntar, est\u00e1 no ponto certo.<\/p>\n<\/li>\n<li data-start=\"2106\" data-end=\"2254\">\n<p data-start=\"2109\" data-end=\"2254\">Retire do fogo e acrescente o Chocolate Melken Branco picado. Logo depois, o chocolate vai derreter com o calor residual, garantindo mais cremosidade e sabor.<\/p>\n<\/li>\n<li data-start=\"2256\" data-end=\"2424\">\n<p data-start=\"2259\" data-end=\"2424\">Logo depois, transfira a massa para um prato untado, cubra com pl\u00e1stico filme em contato e deixe esfriar. Em seguida, se puder, leve \u00e0 geladeira por algumas horas para facilitar a modelagem.<\/p>\n<\/li>\n<li data-start=\"2426\" data-end=\"2566\">\n<p data-start=\"2429\" data-end=\"2566\">Para a calda, misture o a\u00e7\u00facar, a \u00e1gua e o vinagre de \u00e1lcool em uma panela. Em seguida, o vinagre evita a cristaliza\u00e7\u00e3o e garante brilho \u00e0 casquinha.<\/p>\n<\/li>\n<li data-start=\"2568\" data-end=\"2725\">\n<p data-start=\"2571\" data-end=\"2725\">Cozinhe at\u00e9 atingir 145\u00b0C. Utilize um term\u00f4metro culin\u00e1rio para precis\u00e3o. Nesse ponto, a calda estar\u00e1 no est\u00e1gio ideal para formar uma casquinha crocante.<\/p>\n<\/li>\n<li data-start=\"2727\" data-end=\"2870\">\n<p data-start=\"2730\" data-end=\"2870\">Modele bolinhas de aproximadamente 20g e mergulhe na calda quente. E ent\u00e3o, escorra o excesso e coloque sobre uma superf\u00edcie antiaderente para secar.<\/p>\n<\/li>\n<li data-start=\"2872\" data-end=\"2997\">\n<p data-start=\"2875\" data-end=\"2997\">Por fim, o resultado final \u00e9 surpreendente: por fora, uma crosta caramelizada que estala; por dentro, um recheio macio e arom\u00e1tico.<\/p>\n<\/li>\n<\/ol>\n<p data-start=\"2999\" data-end=\"3107\"><strong data-start=\"2999\" data-end=\"3014\">Rendimento:<\/strong> at\u00e9 25 unidades<br data-start=\"3030\" data-end=\"3033\" \/><strong data-start=\"3033\" data-end=\"3049\">Conserva\u00e7\u00e3o:<\/strong> armazene em local fresco e sirva em temperatura ambiente.<\/p>\n<h2 data-start=\"3114\" data-end=\"3152\">Melken: o chocolate nobre da Harald<\/h2>\n<p data-start=\"3154\" data-end=\"3513\">Assim, o Chocolate Melken \u00e9 reconhecido pela sua alta qualidade, sabor marcante e versatilidade. Ideal para moldar, rechear ou decorar, o Melken oferece rendimento superior, brilho intenso e facilidade no manuseio. Dispon\u00edvel em diversos formatos, como barras, gotas, p\u00f3 e produtos prontos, atende confeiteiros de todos os n\u00edveis, do iniciante ao profissional.<\/p>\n<h2 data-start=\"3520\" data-end=\"3537\">Sobre a Harald<\/h2>\n<p data-start=\"3539\" data-end=\"3945\">L\u00edder em chocolates e coberturas para confeitaria, a Harald \u00e9 uma marca de refer\u00eancia no setor food service, especializado e cash &amp; carry. Al\u00e9m disso, com um portf\u00f3lio que inclui as marcas Unique, Melken, Inovare, TOP e Confeiteiro, a empresa oferece solu\u00e7\u00f5es completas para transformar receitas em grandes neg\u00f3cios. Fundada em 1982, a Harald integra desde 2015 o grupo japon\u00eas Fuji Oil, de atua\u00e7\u00e3o global.<\/p>\n","protected":false},"excerpt":{"rendered":"<p>Brigadeiro de Cr\u00e8me Br\u00fbl\u00e9e: o doce que une sofistica\u00e7\u00e3o e sabor surpreendente Quando duas paix\u00f5es se encontram, nascem receitas inesquec\u00edveis. Assim \u00e9 o caso do Brigadeiro de Cr\u00e8me Br\u00fbl\u00e9e, que une a cremosidade do tradicional doce brasileiro ao charme da cl\u00e1ssica sobremesa francesa. Feito com o Chocolate Melken Branco da Harald, refer\u00eancia em qualidade no <a class=\"more-link\" href=\"https:\/\/homolog.harald.com.br\/site-2026\/blog\/brigadeiro-de-creme-brulee-sofisticacao-e-sabor\/\">Read more&#8230;<\/a><\/p>\n","protected":false},"author":14,"featured_media":207051,"comment_status":"closed","ping_status":"closed","sticky":false,"template":"","format":"standard","meta":{"_acf_changed":false,"_uag_custom_page_level_css":"","footnotes":""},"categories":[158],"tags":[],"para-seu-negocio":[],"class_list":["post-315435","post","type-post","status-publish","format-standard","has-post-thumbnail","hentry","category-noticias"],"acf":[],"yoast_head":"<!-- This site is optimized with the Yoast SEO plugin v26.3 - https:\/\/yoast.com\/wordpress\/plugins\/seo\/ -->\n<title>Brigadeiro de Cr\u00e8me Br\u00fbl\u00e9e: Sofistica\u00e7\u00e3o e Sabor - Harald<\/title>\n<meta name=\"description\" content=\"Descubra como fazer o Brigadeiro de Cr\u00e8me Br\u00fbl\u00e9e com Chocolate Melken: cremoso por dentro, crocante por fora e perfeito!\" \/>\n<meta name=\"robots\" content=\"noindex, follow, max-snippet:-1, max-image-preview:large, max-video-preview:-1\" \/>\n<meta property=\"og:locale\" content=\"pt_BR\" \/>\n<meta property=\"og:type\" content=\"article\" \/>\n<meta property=\"og:title\" content=\"Brigadeiro de Cr\u00e8me Br\u00fbl\u00e9e: Sofistica\u00e7\u00e3o e Sabor - Harald\" \/>\n<meta property=\"og:description\" content=\"Descubra como fazer o Brigadeiro de Cr\u00e8me Br\u00fbl\u00e9e com Chocolate Melken: cremoso por dentro, crocante por fora e perfeito!\" \/>\n<meta property=\"og:url\" content=\"https:\/\/homolog.harald.com.br\/site-2026\/blog\/brigadeiro-de-creme-brulee-sofisticacao-e-sabor\/\" \/>\n<meta property=\"og:site_name\" content=\"Harald\" \/>\n<meta property=\"article:publisher\" content=\"https:\/\/www.facebook.com\/HaraldChocolates\/\" \/>\n<meta property=\"article:published_time\" content=\"2025-07-14T17:39:56+00:00\" \/>\n<meta property=\"article:modified_time\" content=\"2025-07-15T17:57:10+00:00\" \/>\n<meta property=\"og:image\" content=\"https:\/\/homolog.harald.com.br\/site-2026\/wp-content\/uploads\/2024\/08\/birgadeiro-de-creme-brulee-scaled-e1724854846139.jpg\" \/>\n\t<meta property=\"og:image:width\" content=\"2065\" \/>\n\t<meta property=\"og:image:height\" content=\"1122\" \/>\n\t<meta property=\"og:image:type\" content=\"image\/jpeg\" \/>\n<meta name=\"author\" content=\"Beatriz Oliveira\" \/>\n<meta name=\"twitter:card\" content=\"summary_large_image\" \/>\n<meta name=\"twitter:label1\" content=\"Escrito por\" \/>\n\t<meta name=\"twitter:data1\" content=\"Beatriz Oliveira\" \/>\n\t<meta name=\"twitter:label2\" content=\"Est. tempo de leitura\" \/>\n\t<meta name=\"twitter:data2\" content=\"4 minutos\" \/>\n<script type=\"application\/ld+json\" class=\"yoast-schema-graph\">{\"@context\":\"https:\/\/schema.org\",\"@graph\":[{\"@type\":\"Article\",\"@id\":\"https:\/\/homolog.harald.com.br\/site-2026\/blog\/brigadeiro-de-creme-brulee-sofisticacao-e-sabor\/#article\",\"isPartOf\":{\"@id\":\"https:\/\/homolog.harald.com.br\/site-2026\/blog\/brigadeiro-de-creme-brulee-sofisticacao-e-sabor\/\"},\"author\":{\"name\":\"Beatriz Oliveira\",\"@id\":\"https:\/\/homolog.harald.com.br\/site-2026\/#\/schema\/person\/c71700dd47fb39a337c7f9b89d5e3a00\"},\"headline\":\"Brigadeiro de Cr\u00e8me Br\u00fbl\u00e9e: Sofistica\u00e7\u00e3o e Sabor\",\"datePublished\":\"2025-07-14T17:39:56+00:00\",\"dateModified\":\"2025-07-15T17:57:10+00:00\",\"mainEntityOfPage\":{\"@id\":\"https:\/\/homolog.harald.com.br\/site-2026\/blog\/brigadeiro-de-creme-brulee-sofisticacao-e-sabor\/\"},\"wordCount\":632,\"publisher\":{\"@id\":\"https:\/\/homolog.harald.com.br\/site-2026\/#organization\"},\"image\":{\"@id\":\"https:\/\/homolog.harald.com.br\/site-2026\/blog\/brigadeiro-de-creme-brulee-sofisticacao-e-sabor\/#primaryimage\"},\"thumbnailUrl\":\"https:\/\/homolog.harald.com.br\/site-2026\/wp-content\/uploads\/2024\/08\/birgadeiro-de-creme-brulee-scaled-e1724854846139.jpg\",\"articleSection\":[\"Not\u00edcias\"],\"inLanguage\":\"pt-BR\"},{\"@type\":\"WebPage\",\"@id\":\"https:\/\/homolog.harald.com.br\/site-2026\/blog\/brigadeiro-de-creme-brulee-sofisticacao-e-sabor\/\",\"url\":\"https:\/\/homolog.harald.com.br\/site-2026\/blog\/brigadeiro-de-creme-brulee-sofisticacao-e-sabor\/\",\"name\":\"Brigadeiro de Cr\u00e8me Br\u00fbl\u00e9e: Sofistica\u00e7\u00e3o e Sabor - Harald\",\"isPartOf\":{\"@id\":\"https:\/\/homolog.harald.com.br\/site-2026\/#website\"},\"primaryImageOfPage\":{\"@id\":\"https:\/\/homolog.harald.com.br\/site-2026\/blog\/brigadeiro-de-creme-brulee-sofisticacao-e-sabor\/#primaryimage\"},\"image\":{\"@id\":\"https:\/\/homolog.harald.com.br\/site-2026\/blog\/brigadeiro-de-creme-brulee-sofisticacao-e-sabor\/#primaryimage\"},\"thumbnailUrl\":\"https:\/\/homolog.harald.com.br\/site-2026\/wp-content\/uploads\/2024\/08\/birgadeiro-de-creme-brulee-scaled-e1724854846139.jpg\",\"datePublished\":\"2025-07-14T17:39:56+00:00\",\"dateModified\":\"2025-07-15T17:57:10+00:00\",\"description\":\"Descubra como fazer o Brigadeiro de Cr\u00e8me Br\u00fbl\u00e9e com Chocolate Melken: cremoso por dentro, crocante por fora e perfeito!\",\"breadcrumb\":{\"@id\":\"https:\/\/homolog.harald.com.br\/site-2026\/blog\/brigadeiro-de-creme-brulee-sofisticacao-e-sabor\/#breadcrumb\"},\"inLanguage\":\"pt-BR\",\"potentialAction\":[{\"@type\":\"ReadAction\",\"target\":[\"https:\/\/homolog.harald.com.br\/site-2026\/blog\/brigadeiro-de-creme-brulee-sofisticacao-e-sabor\/\"]}]},{\"@type\":\"ImageObject\",\"inLanguage\":\"pt-BR\",\"@id\":\"https:\/\/homolog.harald.com.br\/site-2026\/blog\/brigadeiro-de-creme-brulee-sofisticacao-e-sabor\/#primaryimage\",\"url\":\"https:\/\/homolog.harald.com.br\/site-2026\/wp-content\/uploads\/2024\/08\/birgadeiro-de-creme-brulee-scaled-e1724854846139.jpg\",\"contentUrl\":\"https:\/\/homolog.harald.com.br\/site-2026\/wp-content\/uploads\/2024\/08\/birgadeiro-de-creme-brulee-scaled-e1724854846139.jpg\",\"width\":2065,\"height\":1122,\"caption\":\"Birgadeiro de Creme Br\u00fbl\u00e9e\"},{\"@type\":\"BreadcrumbList\",\"@id\":\"https:\/\/homolog.harald.com.br\/site-2026\/blog\/brigadeiro-de-creme-brulee-sofisticacao-e-sabor\/#breadcrumb\",\"itemListElement\":[{\"@type\":\"ListItem\",\"position\":1,\"name\":\"In\u00edcio\",\"item\":\"https:\/\/homolog.harald.com.br\/site-2026\/\"},{\"@type\":\"ListItem\",\"position\":2,\"name\":\"Brigadeiro de Cr\u00e8me Br\u00fbl\u00e9e: Sofistica\u00e7\u00e3o e Sabor\"}]},{\"@type\":\"WebSite\",\"@id\":\"https:\/\/homolog.harald.com.br\/site-2026\/#website\",\"url\":\"https:\/\/homolog.harald.com.br\/site-2026\/\",\"name\":\"Harald\",\"description\":\"Fazer melhor \u00e9 fazer com paix\u00e3o\",\"publisher\":{\"@id\":\"https:\/\/homolog.harald.com.br\/site-2026\/#organization\"},\"potentialAction\":[{\"@type\":\"SearchAction\",\"target\":{\"@type\":\"EntryPoint\",\"urlTemplate\":\"https:\/\/homolog.harald.com.br\/site-2026\/?s={search_term_string}\"},\"query-input\":{\"@type\":\"PropertyValueSpecification\",\"valueRequired\":true,\"valueName\":\"search_term_string\"}}],\"inLanguage\":\"pt-BR\"},{\"@type\":\"Organization\",\"@id\":\"https:\/\/homolog.harald.com.br\/site-2026\/#organization\",\"name\":\"Harald\",\"url\":\"https:\/\/homolog.harald.com.br\/site-2026\/\",\"logo\":{\"@type\":\"ImageObject\",\"inLanguage\":\"pt-BR\",\"@id\":\"https:\/\/homolog.harald.com.br\/site-2026\/#\/schema\/logo\/image\/\",\"url\":\"https:\/\/homolog.harald.com.br\/site-2026\/wp-content\/uploads\/2022\/09\/logo-harald-cmyk-ss.png\",\"contentUrl\":\"https:\/\/homolog.harald.com.br\/site-2026\/wp-content\/uploads\/2022\/09\/logo-harald-cmyk-ss.png\",\"width\":1948,\"height\":1051,\"caption\":\"Harald\"},\"image\":{\"@id\":\"https:\/\/homolog.harald.com.br\/site-2026\/#\/schema\/logo\/image\/\"},\"sameAs\":[\"https:\/\/www.facebook.com\/HaraldChocolates\/\",\"https:\/\/www.youtube.com\/user\/HaraldChocolates\"]},{\"@type\":\"Person\",\"@id\":\"https:\/\/homolog.harald.com.br\/site-2026\/#\/schema\/person\/c71700dd47fb39a337c7f9b89d5e3a00\",\"name\":\"Beatriz Oliveira\",\"image\":{\"@type\":\"ImageObject\",\"inLanguage\":\"pt-BR\",\"@id\":\"https:\/\/homolog.harald.com.br\/site-2026\/#\/schema\/person\/image\/\",\"url\":\"https:\/\/secure.gravatar.com\/avatar\/fdc870643b67a6486b6bef59d475b1e7dea17130b70a2178f5716399590234e6?s=96&d=mm&r=g\",\"contentUrl\":\"https:\/\/secure.gravatar.com\/avatar\/fdc870643b67a6486b6bef59d475b1e7dea17130b70a2178f5716399590234e6?s=96&d=mm&r=g\",\"caption\":\"Beatriz Oliveira\"},\"url\":\"https:\/\/homolog.harald.com.br\/site-2026\/blog\/author\/beatriz-oliveira\/\"}]}<\/script>\n<!-- \/ Yoast SEO plugin. -->","yoast_head_json":{"title":"Brigadeiro de Cr\u00e8me Br\u00fbl\u00e9e: Sofistica\u00e7\u00e3o e Sabor - Harald","description":"Descubra como fazer o Brigadeiro de Cr\u00e8me Br\u00fbl\u00e9e com Chocolate Melken: cremoso por dentro, crocante por fora e perfeito!","robots":{"index":"noindex","follow":"follow","max-snippet":"max-snippet:-1","max-image-preview":"max-image-preview:large","max-video-preview":"max-video-preview:-1"},"og_locale":"pt_BR","og_type":"article","og_title":"Brigadeiro de Cr\u00e8me Br\u00fbl\u00e9e: Sofistica\u00e7\u00e3o e Sabor - Harald","og_description":"Descubra como fazer o Brigadeiro de Cr\u00e8me Br\u00fbl\u00e9e com Chocolate Melken: cremoso por dentro, crocante por fora e perfeito!","og_url":"https:\/\/homolog.harald.com.br\/site-2026\/blog\/brigadeiro-de-creme-brulee-sofisticacao-e-sabor\/","og_site_name":"Harald","article_publisher":"https:\/\/www.facebook.com\/HaraldChocolates\/","article_published_time":"2025-07-14T17:39:56+00:00","article_modified_time":"2025-07-15T17:57:10+00:00","og_image":[{"width":2065,"height":1122,"url":"https:\/\/homolog.harald.com.br\/site-2026\/wp-content\/uploads\/2024\/08\/birgadeiro-de-creme-brulee-scaled-e1724854846139.jpg","type":"image\/jpeg"}],"author":"Beatriz Oliveira","twitter_card":"summary_large_image","twitter_misc":{"Escrito por":"Beatriz Oliveira","Est. tempo de leitura":"4 minutos"},"schema":{"@context":"https:\/\/schema.org","@graph":[{"@type":"Article","@id":"https:\/\/homolog.harald.com.br\/site-2026\/blog\/brigadeiro-de-creme-brulee-sofisticacao-e-sabor\/#article","isPartOf":{"@id":"https:\/\/homolog.harald.com.br\/site-2026\/blog\/brigadeiro-de-creme-brulee-sofisticacao-e-sabor\/"},"author":{"name":"Beatriz Oliveira","@id":"https:\/\/homolog.harald.com.br\/site-2026\/#\/schema\/person\/c71700dd47fb39a337c7f9b89d5e3a00"},"headline":"Brigadeiro de Cr\u00e8me Br\u00fbl\u00e9e: Sofistica\u00e7\u00e3o e Sabor","datePublished":"2025-07-14T17:39:56+00:00","dateModified":"2025-07-15T17:57:10+00:00","mainEntityOfPage":{"@id":"https:\/\/homolog.harald.com.br\/site-2026\/blog\/brigadeiro-de-creme-brulee-sofisticacao-e-sabor\/"},"wordCount":632,"publisher":{"@id":"https:\/\/homolog.harald.com.br\/site-2026\/#organization"},"image":{"@id":"https:\/\/homolog.harald.com.br\/site-2026\/blog\/brigadeiro-de-creme-brulee-sofisticacao-e-sabor\/#primaryimage"},"thumbnailUrl":"https:\/\/homolog.harald.com.br\/site-2026\/wp-content\/uploads\/2024\/08\/birgadeiro-de-creme-brulee-scaled-e1724854846139.jpg","articleSection":["Not\u00edcias"],"inLanguage":"pt-BR"},{"@type":"WebPage","@id":"https:\/\/homolog.harald.com.br\/site-2026\/blog\/brigadeiro-de-creme-brulee-sofisticacao-e-sabor\/","url":"https:\/\/homolog.harald.com.br\/site-2026\/blog\/brigadeiro-de-creme-brulee-sofisticacao-e-sabor\/","name":"Brigadeiro de Cr\u00e8me Br\u00fbl\u00e9e: Sofistica\u00e7\u00e3o e Sabor - Harald","isPartOf":{"@id":"https:\/\/homolog.harald.com.br\/site-2026\/#website"},"primaryImageOfPage":{"@id":"https:\/\/homolog.harald.com.br\/site-2026\/blog\/brigadeiro-de-creme-brulee-sofisticacao-e-sabor\/#primaryimage"},"image":{"@id":"https:\/\/homolog.harald.com.br\/site-2026\/blog\/brigadeiro-de-creme-brulee-sofisticacao-e-sabor\/#primaryimage"},"thumbnailUrl":"https:\/\/homolog.harald.com.br\/site-2026\/wp-content\/uploads\/2024\/08\/birgadeiro-de-creme-brulee-scaled-e1724854846139.jpg","datePublished":"2025-07-14T17:39:56+00:00","dateModified":"2025-07-15T17:57:10+00:00","description":"Descubra como fazer o Brigadeiro de Cr\u00e8me Br\u00fbl\u00e9e com Chocolate Melken: cremoso por dentro, crocante por fora e perfeito!","breadcrumb":{"@id":"https:\/\/homolog.harald.com.br\/site-2026\/blog\/brigadeiro-de-creme-brulee-sofisticacao-e-sabor\/#breadcrumb"},"inLanguage":"pt-BR","potentialAction":[{"@type":"ReadAction","target":["https:\/\/homolog.harald.com.br\/site-2026\/blog\/brigadeiro-de-creme-brulee-sofisticacao-e-sabor\/"]}]},{"@type":"ImageObject","inLanguage":"pt-BR","@id":"https:\/\/homolog.harald.com.br\/site-2026\/blog\/brigadeiro-de-creme-brulee-sofisticacao-e-sabor\/#primaryimage","url":"https:\/\/homolog.harald.com.br\/site-2026\/wp-content\/uploads\/2024\/08\/birgadeiro-de-creme-brulee-scaled-e1724854846139.jpg","contentUrl":"https:\/\/homolog.harald.com.br\/site-2026\/wp-content\/uploads\/2024\/08\/birgadeiro-de-creme-brulee-scaled-e1724854846139.jpg","width":2065,"height":1122,"caption":"Birgadeiro de Creme Br\u00fbl\u00e9e"},{"@type":"BreadcrumbList","@id":"https:\/\/homolog.harald.com.br\/site-2026\/blog\/brigadeiro-de-creme-brulee-sofisticacao-e-sabor\/#breadcrumb","itemListElement":[{"@type":"ListItem","position":1,"name":"In\u00edcio","item":"https:\/\/homolog.harald.com.br\/site-2026\/"},{"@type":"ListItem","position":2,"name":"Brigadeiro de Cr\u00e8me Br\u00fbl\u00e9e: Sofistica\u00e7\u00e3o e Sabor"}]},{"@type":"WebSite","@id":"https:\/\/homolog.harald.com.br\/site-2026\/#website","url":"https:\/\/homolog.harald.com.br\/site-2026\/","name":"Harald","description":"Fazer melhor \u00e9 fazer com paix\u00e3o","publisher":{"@id":"https:\/\/homolog.harald.com.br\/site-2026\/#organization"},"potentialAction":[{"@type":"SearchAction","target":{"@type":"EntryPoint","urlTemplate":"https:\/\/homolog.harald.com.br\/site-2026\/?s={search_term_string}"},"query-input":{"@type":"PropertyValueSpecification","valueRequired":true,"valueName":"search_term_string"}}],"inLanguage":"pt-BR"},{"@type":"Organization","@id":"https:\/\/homolog.harald.com.br\/site-2026\/#organization","name":"Harald","url":"https:\/\/homolog.harald.com.br\/site-2026\/","logo":{"@type":"ImageObject","inLanguage":"pt-BR","@id":"https:\/\/homolog.harald.com.br\/site-2026\/#\/schema\/logo\/image\/","url":"https:\/\/homolog.harald.com.br\/site-2026\/wp-content\/uploads\/2022\/09\/logo-harald-cmyk-ss.png","contentUrl":"https:\/\/homolog.harald.com.br\/site-2026\/wp-content\/uploads\/2022\/09\/logo-harald-cmyk-ss.png","width":1948,"height":1051,"caption":"Harald"},"image":{"@id":"https:\/\/homolog.harald.com.br\/site-2026\/#\/schema\/logo\/image\/"},"sameAs":["https:\/\/www.facebook.com\/HaraldChocolates\/","https:\/\/www.youtube.com\/user\/HaraldChocolates"]},{"@type":"Person","@id":"https:\/\/homolog.harald.com.br\/site-2026\/#\/schema\/person\/c71700dd47fb39a337c7f9b89d5e3a00","name":"Beatriz Oliveira","image":{"@type":"ImageObject","inLanguage":"pt-BR","@id":"https:\/\/homolog.harald.com.br\/site-2026\/#\/schema\/person\/image\/","url":"https:\/\/secure.gravatar.com\/avatar\/fdc870643b67a6486b6bef59d475b1e7dea17130b70a2178f5716399590234e6?s=96&d=mm&r=g","contentUrl":"https:\/\/secure.gravatar.com\/avatar\/fdc870643b67a6486b6bef59d475b1e7dea17130b70a2178f5716399590234e6?s=96&d=mm&r=g","caption":"Beatriz Oliveira"},"url":"https:\/\/homolog.harald.com.br\/site-2026\/blog\/author\/beatriz-oliveira\/"}]}},"uagb_featured_image_src":{"full":["https:\/\/homolog.harald.com.br\/site-2026\/wp-content\/uploads\/2024\/08\/birgadeiro-de-creme-brulee-scaled-e1724854846139.jpg",2065,1122,false],"thumbnail":["https:\/\/homolog.harald.com.br\/site-2026\/wp-content\/uploads\/2024\/08\/birgadeiro-de-creme-brulee-scaled-e1724854846139-150x150.jpg",150,150,true],"medium":["https:\/\/homolog.harald.com.br\/site-2026\/wp-content\/uploads\/2024\/08\/birgadeiro-de-creme-brulee-scaled-e1724854846139-300x163.jpg",300,163,true],"medium_large":["https:\/\/homolog.harald.com.br\/site-2026\/wp-content\/uploads\/2024\/08\/birgadeiro-de-creme-brulee-scaled-e1724854846139-768x417.jpg",768,417,true],"large":["https:\/\/homolog.harald.com.br\/site-2026\/wp-content\/uploads\/2024\/08\/birgadeiro-de-creme-brulee-scaled-e1724854846139-1024x556.jpg",1024,556,true],"1536x1536":["https:\/\/homolog.harald.com.br\/site-2026\/wp-content\/uploads\/2024\/08\/birgadeiro-de-creme-brulee-scaled-e1724854846139-1536x835.jpg",1536,835,true],"2048x2048":["https:\/\/homolog.harald.com.br\/site-2026\/wp-content\/uploads\/2024\/08\/birgadeiro-de-creme-brulee-scaled-e1724854846139-2048x1113.jpg",2048,1113,true],"full-width":["https:\/\/homolog.harald.com.br\/site-2026\/wp-content\/uploads\/2024\/08\/birgadeiro-de-creme-brulee-scaled-e1724854846139.jpg",1920,1043,false],"gform-image-choice-sm":["https:\/\/homolog.harald.com.br\/site-2026\/wp-content\/uploads\/2024\/08\/birgadeiro-de-creme-brulee-scaled-e1724854846139.jpg",300,163,false],"gform-image-choice-md":["https:\/\/homolog.harald.com.br\/site-2026\/wp-content\/uploads\/2024\/08\/birgadeiro-de-creme-brulee-scaled-e1724854846139.jpg",400,217,false],"gform-image-choice-lg":["https:\/\/homolog.harald.com.br\/site-2026\/wp-content\/uploads\/2024\/08\/birgadeiro-de-creme-brulee-scaled-e1724854846139.jpg",600,326,false]},"uagb_author_info":{"display_name":"Beatriz Oliveira","author_link":"https:\/\/homolog.harald.com.br\/site-2026\/blog\/author\/beatriz-oliveira\/"},"uagb_comment_info":0,"uagb_excerpt":"Brigadeiro de Cr\u00e8me Br\u00fbl\u00e9e: o doce que une sofistica\u00e7\u00e3o e sabor surpreendente Quando duas paix\u00f5es se encontram, nascem receitas inesquec\u00edveis. Assim \u00e9 o caso do Brigadeiro de Cr\u00e8me Br\u00fbl\u00e9e, que une a cremosidade do tradicional doce brasileiro ao charme da cl\u00e1ssica sobremesa francesa. Feito com o Chocolate Melken Branco da Harald, refer\u00eancia em qualidade no&hellip;","_links":{"self":[{"href":"https:\/\/homolog.harald.com.br\/site-2026\/wp-json\/wp\/v2\/posts\/315435","targetHints":{"allow":["GET"]}}],"collection":[{"href":"https:\/\/homolog.harald.com.br\/site-2026\/wp-json\/wp\/v2\/posts"}],"about":[{"href":"https:\/\/homolog.harald.com.br\/site-2026\/wp-json\/wp\/v2\/types\/post"}],"author":[{"embeddable":true,"href":"https:\/\/homolog.harald.com.br\/site-2026\/wp-json\/wp\/v2\/users\/14"}],"replies":[{"embeddable":true,"href":"https:\/\/homolog.harald.com.br\/site-2026\/wp-json\/wp\/v2\/comments?post=315435"}],"version-history":[{"count":2,"href":"https:\/\/homolog.harald.com.br\/site-2026\/wp-json\/wp\/v2\/posts\/315435\/revisions"}],"predecessor-version":[{"id":316160,"href":"https:\/\/homolog.harald.com.br\/site-2026\/wp-json\/wp\/v2\/posts\/315435\/revisions\/316160"}],"wp:featuredmedia":[{"embeddable":true,"href":"https:\/\/homolog.harald.com.br\/site-2026\/wp-json\/wp\/v2\/media\/207051"}],"wp:attachment":[{"href":"https:\/\/homolog.harald.com.br\/site-2026\/wp-json\/wp\/v2\/media?parent=315435"}],"wp:term":[{"taxonomy":"category","embeddable":true,"href":"https:\/\/homolog.harald.com.br\/site-2026\/wp-json\/wp\/v2\/categories?post=315435"},{"taxonomy":"post_tag","embeddable":true,"href":"https:\/\/homolog.harald.com.br\/site-2026\/wp-json\/wp\/v2\/tags?post=315435"},{"taxonomy":"para-seu-negocio","embeddable":true,"href":"https:\/\/homolog.harald.com.br\/site-2026\/wp-json\/wp\/v2\/para-seu-negocio?post=315435"}],"curies":[{"name":"wp","href":"https:\/\/api.w.org\/{rel}","templated":true}]}}