{"id":315090,"date":"2025-07-09T14:14:45","date_gmt":"2025-07-09T17:14:45","guid":{"rendered":"https:\/\/homolog.harald.com.br\/site-2026\/?p=315090"},"modified":"2025-07-15T14:17:35","modified_gmt":"2025-07-15T17:17:35","slug":"harald-celebra-vitoria-brasileira-na-tiramisu-world-cup-brasil","status":"publish","type":"post","link":"https:\/\/homolog.harald.com.br\/site-2026\/blog\/harald-celebra-vitoria-brasileira-na-tiramisu-world-cup-brasil\/","title":{"rendered":"Harald Celebra Vit\u00f3ria Brasileira na Tiramis\u00f9 World Cup Brasil"},"content":{"rendered":"<h2 data-pm-slice=\"1 1 []\"><strong>Harald celebra vit\u00f3ria brasileira na Tiramis\u00f9 World Cup Brasil e refor\u00e7a apoio \u00e0 confeitaria nacional<\/strong><\/h2>\n<p>A confeiteira Fabiana Boreli, de S\u00e3o Paulo, \u00e9 a grande campe\u00e3 da edi\u00e7\u00e3o 2025 da Tiramis\u00f9 World Cup Brasil. A final aconteceu em Campinas (SP), no dia 28 de junho, e contou com apoio da Harald, l\u00edder em chocolates e coberturas para uso profissional.<\/p>\n<p>Finalista nas edi\u00e7\u00f5es de 2023 e 2024, Fabiana surpreendeu os jurados com uma releitura criativa do cl\u00e1ssico italiano, incluindo presunto de parma desidratado, mostarda e a\u00e7\u00facar explosivo. O resultado lhe garantiu a vaga para representar o Brasil na final mundial, marcada para outubro, em Treviso, na It\u00e1lia \u2013 cidade ber\u00e7o do tiramis\u00f9.<\/p>\n<p><img loading=\"lazy\" decoding=\"async\" class=\"alignright wp-image-315130\" src=\"https:\/\/homolog.harald.com.br\/site-2026\/wp-content\/uploads\/2025\/07\/07075555-vencedora-jpg-169x300.jpg\" alt=\"Tiramis\u00f9 World Cup Brasil\" width=\"210\" height=\"373\" srcset=\"https:\/\/homolog.harald.com.br\/site-2026\/wp-content\/uploads\/2025\/07\/07075555-vencedora-jpg-169x300.jpg 169w, https:\/\/homolog.harald.com.br\/site-2026\/wp-content\/uploads\/2025\/07\/07075555-vencedora-jpg.jpg 354w\" sizes=\"auto, (max-width: 210px) 100vw, 210px\" \/><\/p>\n<p>A <a href=\"https:\/\/homolog.harald.com.br\/site-2026\/\">Harald<\/a>, patrocinadora oficial do evento, forneceu ingredientes da linha Melken para todas as etapas nacionais. Assim, para a marca, apoiar iniciativas como a Tiramis\u00f9 World Cup \u00e9 parte de sua miss\u00e3o de valorizar confeiteiros e confeiteiras que apostam na criatividade e no empreendedorismo.<\/p>\n<p>\u201cA hist\u00f3ria da Fabiana mostra como talento e dedica\u00e7\u00e3o s\u00e3o essenciais na confeitaria. Temos orgulho de estar ao lado de quem transforma ingredientes em hist\u00f3rias de sucesso\u201d, afirma Jonatas Fr\u00f3es, gerente de comunica\u00e7\u00e3o da Harald.<\/p>\n<p>A competi\u00e7\u00e3o passou por cidades como Bento Gon\u00e7alves (RS), Rio de Janeiro (RJ) e Vit\u00f3ria (ES), com o objetivo de revelar talentos e celebrar o tiramis\u00f9 como uma sobremesa acess\u00edvel, afetiva e cheia de possibilidades.<\/p>\n<p>Criada em 2017 na It\u00e1lia, a Tiramis\u00f9 World Cup valoriza confeiteiros amadores e promove edi\u00e7\u00f5es regionais ao redor do mundo.<\/p>\n<p>Por fim, no Brasil, o evento tem apoio da Harald desde sua primeira edi\u00e7\u00e3o, em 2023. Assim, em sua estreia, a confeiteira Patricia Guerra tamb\u00e9m levou o t\u00edtulo mundial com uma receita tradicional.<\/p>\n","protected":false},"excerpt":{"rendered":"<p>Harald celebra vit\u00f3ria brasileira na Tiramis\u00f9 World Cup Brasil e refor\u00e7a apoio \u00e0 confeitaria nacional A confeiteira Fabiana Boreli, de S\u00e3o Paulo, \u00e9 a grande campe\u00e3 da edi\u00e7\u00e3o 2025 da Tiramis\u00f9 World Cup Brasil. A final aconteceu em Campinas (SP), no dia 28 de junho, e contou com apoio da Harald, l\u00edder em chocolates e <a class=\"more-link\" href=\"https:\/\/homolog.harald.com.br\/site-2026\/blog\/harald-celebra-vitoria-brasileira-na-tiramisu-world-cup-brasil\/\">Read more&#8230;<\/a><\/p>\n","protected":false},"author":14,"featured_media":315130,"comment_status":"closed","ping_status":"closed","sticky":false,"template":"","format":"standard","meta":{"_acf_changed":false,"_uag_custom_page_level_css":"","footnotes":""},"categories":[158],"tags":[],"para-seu-negocio":[],"class_list":["post-315090","post","type-post","status-publish","format-standard","has-post-thumbnail","hentry","category-noticias"],"acf":[],"yoast_head":"<!-- This site is optimized with the Yoast SEO plugin v26.3 - https:\/\/yoast.com\/wordpress\/plugins\/seo\/ -->\n<title>Harald Celebra Vit\u00f3ria Brasileira na Tiramis\u00f9 World Cup Brasil - Harald<\/title>\n<meta name=\"description\" content=\"Confeiteira paulista vence a Tiramis\u00f9 World Cup Brasil com apoio da Harald e garante vaga na final mundial em Treviso, na It\u00e1lia.\" \/>\n<meta name=\"robots\" content=\"noindex, follow, max-snippet:-1, max-image-preview:large, max-video-preview:-1\" \/>\n<meta property=\"og:locale\" content=\"pt_BR\" \/>\n<meta property=\"og:type\" content=\"article\" \/>\n<meta property=\"og:title\" content=\"Harald Celebra Vit\u00f3ria Brasileira na Tiramis\u00f9 World Cup Brasil - Harald\" \/>\n<meta property=\"og:description\" content=\"Confeiteira paulista vence a Tiramis\u00f9 World Cup Brasil com apoio da Harald e garante vaga na final mundial em Treviso, na It\u00e1lia.\" \/>\n<meta property=\"og:url\" content=\"https:\/\/homolog.harald.com.br\/site-2026\/blog\/harald-celebra-vitoria-brasileira-na-tiramisu-world-cup-brasil\/\" \/>\n<meta property=\"og:site_name\" content=\"Harald\" \/>\n<meta property=\"article:publisher\" content=\"https:\/\/www.facebook.com\/HaraldChocolates\/\" \/>\n<meta property=\"article:published_time\" content=\"2025-07-09T17:14:45+00:00\" \/>\n<meta property=\"article:modified_time\" content=\"2025-07-15T17:17:35+00:00\" \/>\n<meta property=\"og:image\" content=\"https:\/\/homolog.harald.com.br\/site-2026\/wp-content\/uploads\/2025\/07\/07075555-vencedora-jpg.jpg\" \/>\n\t<meta property=\"og:image:width\" content=\"354\" \/>\n\t<meta property=\"og:image:height\" content=\"630\" \/>\n\t<meta property=\"og:image:type\" content=\"image\/jpeg\" \/>\n<meta name=\"author\" content=\"Beatriz Oliveira\" \/>\n<meta name=\"twitter:card\" content=\"summary_large_image\" \/>\n<meta name=\"twitter:label1\" content=\"Escrito por\" \/>\n\t<meta name=\"twitter:data1\" content=\"Beatriz Oliveira\" \/>\n\t<meta name=\"twitter:label2\" content=\"Est. tempo de leitura\" \/>\n\t<meta name=\"twitter:data2\" content=\"2 minutos\" \/>\n<script type=\"application\/ld+json\" class=\"yoast-schema-graph\">{\"@context\":\"https:\/\/schema.org\",\"@graph\":[{\"@type\":\"Article\",\"@id\":\"https:\/\/homolog.harald.com.br\/site-2026\/blog\/harald-celebra-vitoria-brasileira-na-tiramisu-world-cup-brasil\/#article\",\"isPartOf\":{\"@id\":\"https:\/\/homolog.harald.com.br\/site-2026\/blog\/harald-celebra-vitoria-brasileira-na-tiramisu-world-cup-brasil\/\"},\"author\":{\"name\":\"Beatriz Oliveira\",\"@id\":\"https:\/\/homolog.harald.com.br\/site-2026\/#\/schema\/person\/c71700dd47fb39a337c7f9b89d5e3a00\"},\"headline\":\"Harald Celebra Vit\u00f3ria Brasileira na Tiramis\u00f9 World Cup Brasil\",\"datePublished\":\"2025-07-09T17:14:45+00:00\",\"dateModified\":\"2025-07-15T17:17:35+00:00\",\"mainEntityOfPage\":{\"@id\":\"https:\/\/homolog.harald.com.br\/site-2026\/blog\/harald-celebra-vitoria-brasileira-na-tiramisu-world-cup-brasil\/\"},\"wordCount\":304,\"publisher\":{\"@id\":\"https:\/\/homolog.harald.com.br\/site-2026\/#organization\"},\"image\":{\"@id\":\"https:\/\/homolog.harald.com.br\/site-2026\/blog\/harald-celebra-vitoria-brasileira-na-tiramisu-world-cup-brasil\/#primaryimage\"},\"thumbnailUrl\":\"https:\/\/homolog.harald.com.br\/site-2026\/wp-content\/uploads\/2025\/07\/07075555-vencedora-jpg.jpg\",\"articleSection\":[\"Not\u00edcias\"],\"inLanguage\":\"pt-BR\"},{\"@type\":\"WebPage\",\"@id\":\"https:\/\/homolog.harald.com.br\/site-2026\/blog\/harald-celebra-vitoria-brasileira-na-tiramisu-world-cup-brasil\/\",\"url\":\"https:\/\/homolog.harald.com.br\/site-2026\/blog\/harald-celebra-vitoria-brasileira-na-tiramisu-world-cup-brasil\/\",\"name\":\"Harald Celebra Vit\u00f3ria Brasileira na Tiramis\u00f9 World Cup Brasil - Harald\",\"isPartOf\":{\"@id\":\"https:\/\/homolog.harald.com.br\/site-2026\/#website\"},\"primaryImageOfPage\":{\"@id\":\"https:\/\/homolog.harald.com.br\/site-2026\/blog\/harald-celebra-vitoria-brasileira-na-tiramisu-world-cup-brasil\/#primaryimage\"},\"image\":{\"@id\":\"https:\/\/homolog.harald.com.br\/site-2026\/blog\/harald-celebra-vitoria-brasileira-na-tiramisu-world-cup-brasil\/#primaryimage\"},\"thumbnailUrl\":\"https:\/\/homolog.harald.com.br\/site-2026\/wp-content\/uploads\/2025\/07\/07075555-vencedora-jpg.jpg\",\"datePublished\":\"2025-07-09T17:14:45+00:00\",\"dateModified\":\"2025-07-15T17:17:35+00:00\",\"description\":\"Confeiteira paulista vence a Tiramis\u00f9 World Cup Brasil com apoio da Harald e garante vaga na final mundial em Treviso, na It\u00e1lia.\",\"breadcrumb\":{\"@id\":\"https:\/\/homolog.harald.com.br\/site-2026\/blog\/harald-celebra-vitoria-brasileira-na-tiramisu-world-cup-brasil\/#breadcrumb\"},\"inLanguage\":\"pt-BR\",\"potentialAction\":[{\"@type\":\"ReadAction\",\"target\":[\"https:\/\/homolog.harald.com.br\/site-2026\/blog\/harald-celebra-vitoria-brasileira-na-tiramisu-world-cup-brasil\/\"]}]},{\"@type\":\"ImageObject\",\"inLanguage\":\"pt-BR\",\"@id\":\"https:\/\/homolog.harald.com.br\/site-2026\/blog\/harald-celebra-vitoria-brasileira-na-tiramisu-world-cup-brasil\/#primaryimage\",\"url\":\"https:\/\/homolog.harald.com.br\/site-2026\/wp-content\/uploads\/2025\/07\/07075555-vencedora-jpg.jpg\",\"contentUrl\":\"https:\/\/homolog.harald.com.br\/site-2026\/wp-content\/uploads\/2025\/07\/07075555-vencedora-jpg.jpg\",\"width\":354,\"height\":630,\"caption\":\"Tiramis\u00f9 World Cup Brasil\"},{\"@type\":\"BreadcrumbList\",\"@id\":\"https:\/\/homolog.harald.com.br\/site-2026\/blog\/harald-celebra-vitoria-brasileira-na-tiramisu-world-cup-brasil\/#breadcrumb\",\"itemListElement\":[{\"@type\":\"ListItem\",\"position\":1,\"name\":\"In\u00edcio\",\"item\":\"https:\/\/homolog.harald.com.br\/site-2026\/\"},{\"@type\":\"ListItem\",\"position\":2,\"name\":\"Harald Celebra Vit\u00f3ria Brasileira na Tiramis\u00f9 World Cup Brasil\"}]},{\"@type\":\"WebSite\",\"@id\":\"https:\/\/homolog.harald.com.br\/site-2026\/#website\",\"url\":\"https:\/\/homolog.harald.com.br\/site-2026\/\",\"name\":\"Harald\",\"description\":\"Fazer melhor \u00e9 fazer com paix\u00e3o\",\"publisher\":{\"@id\":\"https:\/\/homolog.harald.com.br\/site-2026\/#organization\"},\"potentialAction\":[{\"@type\":\"SearchAction\",\"target\":{\"@type\":\"EntryPoint\",\"urlTemplate\":\"https:\/\/homolog.harald.com.br\/site-2026\/?s={search_term_string}\"},\"query-input\":{\"@type\":\"PropertyValueSpecification\",\"valueRequired\":true,\"valueName\":\"search_term_string\"}}],\"inLanguage\":\"pt-BR\"},{\"@type\":\"Organization\",\"@id\":\"https:\/\/homolog.harald.com.br\/site-2026\/#organization\",\"name\":\"Harald\",\"url\":\"https:\/\/homolog.harald.com.br\/site-2026\/\",\"logo\":{\"@type\":\"ImageObject\",\"inLanguage\":\"pt-BR\",\"@id\":\"https:\/\/homolog.harald.com.br\/site-2026\/#\/schema\/logo\/image\/\",\"url\":\"https:\/\/homolog.harald.com.br\/site-2026\/wp-content\/uploads\/2022\/09\/logo-harald-cmyk-ss.png\",\"contentUrl\":\"https:\/\/homolog.harald.com.br\/site-2026\/wp-content\/uploads\/2022\/09\/logo-harald-cmyk-ss.png\",\"width\":1948,\"height\":1051,\"caption\":\"Harald\"},\"image\":{\"@id\":\"https:\/\/homolog.harald.com.br\/site-2026\/#\/schema\/logo\/image\/\"},\"sameAs\":[\"https:\/\/www.facebook.com\/HaraldChocolates\/\",\"https:\/\/www.youtube.com\/user\/HaraldChocolates\"]},{\"@type\":\"Person\",\"@id\":\"https:\/\/homolog.harald.com.br\/site-2026\/#\/schema\/person\/c71700dd47fb39a337c7f9b89d5e3a00\",\"name\":\"Beatriz Oliveira\",\"image\":{\"@type\":\"ImageObject\",\"inLanguage\":\"pt-BR\",\"@id\":\"https:\/\/homolog.harald.com.br\/site-2026\/#\/schema\/person\/image\/\",\"url\":\"https:\/\/secure.gravatar.com\/avatar\/fdc870643b67a6486b6bef59d475b1e7dea17130b70a2178f5716399590234e6?s=96&d=mm&r=g\",\"contentUrl\":\"https:\/\/secure.gravatar.com\/avatar\/fdc870643b67a6486b6bef59d475b1e7dea17130b70a2178f5716399590234e6?s=96&d=mm&r=g\",\"caption\":\"Beatriz Oliveira\"},\"url\":\"https:\/\/homolog.harald.com.br\/site-2026\/blog\/author\/beatriz-oliveira\/\"}]}<\/script>\n<!-- \/ Yoast SEO plugin. -->","yoast_head_json":{"title":"Harald Celebra Vit\u00f3ria Brasileira na Tiramis\u00f9 World Cup Brasil - Harald","description":"Confeiteira paulista vence a Tiramis\u00f9 World Cup Brasil com apoio da Harald e garante vaga na final mundial em Treviso, na It\u00e1lia.","robots":{"index":"noindex","follow":"follow","max-snippet":"max-snippet:-1","max-image-preview":"max-image-preview:large","max-video-preview":"max-video-preview:-1"},"og_locale":"pt_BR","og_type":"article","og_title":"Harald Celebra Vit\u00f3ria Brasileira na Tiramis\u00f9 World Cup Brasil - Harald","og_description":"Confeiteira paulista vence a Tiramis\u00f9 World Cup Brasil com apoio da Harald e garante vaga na final mundial em Treviso, na It\u00e1lia.","og_url":"https:\/\/homolog.harald.com.br\/site-2026\/blog\/harald-celebra-vitoria-brasileira-na-tiramisu-world-cup-brasil\/","og_site_name":"Harald","article_publisher":"https:\/\/www.facebook.com\/HaraldChocolates\/","article_published_time":"2025-07-09T17:14:45+00:00","article_modified_time":"2025-07-15T17:17:35+00:00","og_image":[{"width":354,"height":630,"url":"https:\/\/homolog.harald.com.br\/site-2026\/wp-content\/uploads\/2025\/07\/07075555-vencedora-jpg.jpg","type":"image\/jpeg"}],"author":"Beatriz Oliveira","twitter_card":"summary_large_image","twitter_misc":{"Escrito por":"Beatriz Oliveira","Est. tempo de leitura":"2 minutos"},"schema":{"@context":"https:\/\/schema.org","@graph":[{"@type":"Article","@id":"https:\/\/homolog.harald.com.br\/site-2026\/blog\/harald-celebra-vitoria-brasileira-na-tiramisu-world-cup-brasil\/#article","isPartOf":{"@id":"https:\/\/homolog.harald.com.br\/site-2026\/blog\/harald-celebra-vitoria-brasileira-na-tiramisu-world-cup-brasil\/"},"author":{"name":"Beatriz Oliveira","@id":"https:\/\/homolog.harald.com.br\/site-2026\/#\/schema\/person\/c71700dd47fb39a337c7f9b89d5e3a00"},"headline":"Harald Celebra Vit\u00f3ria Brasileira na Tiramis\u00f9 World Cup Brasil","datePublished":"2025-07-09T17:14:45+00:00","dateModified":"2025-07-15T17:17:35+00:00","mainEntityOfPage":{"@id":"https:\/\/homolog.harald.com.br\/site-2026\/blog\/harald-celebra-vitoria-brasileira-na-tiramisu-world-cup-brasil\/"},"wordCount":304,"publisher":{"@id":"https:\/\/homolog.harald.com.br\/site-2026\/#organization"},"image":{"@id":"https:\/\/homolog.harald.com.br\/site-2026\/blog\/harald-celebra-vitoria-brasileira-na-tiramisu-world-cup-brasil\/#primaryimage"},"thumbnailUrl":"https:\/\/homolog.harald.com.br\/site-2026\/wp-content\/uploads\/2025\/07\/07075555-vencedora-jpg.jpg","articleSection":["Not\u00edcias"],"inLanguage":"pt-BR"},{"@type":"WebPage","@id":"https:\/\/homolog.harald.com.br\/site-2026\/blog\/harald-celebra-vitoria-brasileira-na-tiramisu-world-cup-brasil\/","url":"https:\/\/homolog.harald.com.br\/site-2026\/blog\/harald-celebra-vitoria-brasileira-na-tiramisu-world-cup-brasil\/","name":"Harald Celebra Vit\u00f3ria Brasileira na Tiramis\u00f9 World Cup Brasil - Harald","isPartOf":{"@id":"https:\/\/homolog.harald.com.br\/site-2026\/#website"},"primaryImageOfPage":{"@id":"https:\/\/homolog.harald.com.br\/site-2026\/blog\/harald-celebra-vitoria-brasileira-na-tiramisu-world-cup-brasil\/#primaryimage"},"image":{"@id":"https:\/\/homolog.harald.com.br\/site-2026\/blog\/harald-celebra-vitoria-brasileira-na-tiramisu-world-cup-brasil\/#primaryimage"},"thumbnailUrl":"https:\/\/homolog.harald.com.br\/site-2026\/wp-content\/uploads\/2025\/07\/07075555-vencedora-jpg.jpg","datePublished":"2025-07-09T17:14:45+00:00","dateModified":"2025-07-15T17:17:35+00:00","description":"Confeiteira paulista vence a Tiramis\u00f9 World Cup Brasil com apoio da Harald e garante vaga na final mundial em Treviso, na It\u00e1lia.","breadcrumb":{"@id":"https:\/\/homolog.harald.com.br\/site-2026\/blog\/harald-celebra-vitoria-brasileira-na-tiramisu-world-cup-brasil\/#breadcrumb"},"inLanguage":"pt-BR","potentialAction":[{"@type":"ReadAction","target":["https:\/\/homolog.harald.com.br\/site-2026\/blog\/harald-celebra-vitoria-brasileira-na-tiramisu-world-cup-brasil\/"]}]},{"@type":"ImageObject","inLanguage":"pt-BR","@id":"https:\/\/homolog.harald.com.br\/site-2026\/blog\/harald-celebra-vitoria-brasileira-na-tiramisu-world-cup-brasil\/#primaryimage","url":"https:\/\/homolog.harald.com.br\/site-2026\/wp-content\/uploads\/2025\/07\/07075555-vencedora-jpg.jpg","contentUrl":"https:\/\/homolog.harald.com.br\/site-2026\/wp-content\/uploads\/2025\/07\/07075555-vencedora-jpg.jpg","width":354,"height":630,"caption":"Tiramis\u00f9 World Cup Brasil"},{"@type":"BreadcrumbList","@id":"https:\/\/homolog.harald.com.br\/site-2026\/blog\/harald-celebra-vitoria-brasileira-na-tiramisu-world-cup-brasil\/#breadcrumb","itemListElement":[{"@type":"ListItem","position":1,"name":"In\u00edcio","item":"https:\/\/homolog.harald.com.br\/site-2026\/"},{"@type":"ListItem","position":2,"name":"Harald Celebra Vit\u00f3ria Brasileira na Tiramis\u00f9 World Cup Brasil"}]},{"@type":"WebSite","@id":"https:\/\/homolog.harald.com.br\/site-2026\/#website","url":"https:\/\/homolog.harald.com.br\/site-2026\/","name":"Harald","description":"Fazer melhor \u00e9 fazer com paix\u00e3o","publisher":{"@id":"https:\/\/homolog.harald.com.br\/site-2026\/#organization"},"potentialAction":[{"@type":"SearchAction","target":{"@type":"EntryPoint","urlTemplate":"https:\/\/homolog.harald.com.br\/site-2026\/?s={search_term_string}"},"query-input":{"@type":"PropertyValueSpecification","valueRequired":true,"valueName":"search_term_string"}}],"inLanguage":"pt-BR"},{"@type":"Organization","@id":"https:\/\/homolog.harald.com.br\/site-2026\/#organization","name":"Harald","url":"https:\/\/homolog.harald.com.br\/site-2026\/","logo":{"@type":"ImageObject","inLanguage":"pt-BR","@id":"https:\/\/homolog.harald.com.br\/site-2026\/#\/schema\/logo\/image\/","url":"https:\/\/homolog.harald.com.br\/site-2026\/wp-content\/uploads\/2022\/09\/logo-harald-cmyk-ss.png","contentUrl":"https:\/\/homolog.harald.com.br\/site-2026\/wp-content\/uploads\/2022\/09\/logo-harald-cmyk-ss.png","width":1948,"height":1051,"caption":"Harald"},"image":{"@id":"https:\/\/homolog.harald.com.br\/site-2026\/#\/schema\/logo\/image\/"},"sameAs":["https:\/\/www.facebook.com\/HaraldChocolates\/","https:\/\/www.youtube.com\/user\/HaraldChocolates"]},{"@type":"Person","@id":"https:\/\/homolog.harald.com.br\/site-2026\/#\/schema\/person\/c71700dd47fb39a337c7f9b89d5e3a00","name":"Beatriz Oliveira","image":{"@type":"ImageObject","inLanguage":"pt-BR","@id":"https:\/\/homolog.harald.com.br\/site-2026\/#\/schema\/person\/image\/","url":"https:\/\/secure.gravatar.com\/avatar\/fdc870643b67a6486b6bef59d475b1e7dea17130b70a2178f5716399590234e6?s=96&d=mm&r=g","contentUrl":"https:\/\/secure.gravatar.com\/avatar\/fdc870643b67a6486b6bef59d475b1e7dea17130b70a2178f5716399590234e6?s=96&d=mm&r=g","caption":"Beatriz Oliveira"},"url":"https:\/\/homolog.harald.com.br\/site-2026\/blog\/author\/beatriz-oliveira\/"}]}},"uagb_featured_image_src":{"full":["https:\/\/homolog.harald.com.br\/site-2026\/wp-content\/uploads\/2025\/07\/07075555-vencedora-jpg.jpg",354,630,false],"thumbnail":["https:\/\/homolog.harald.com.br\/site-2026\/wp-content\/uploads\/2025\/07\/07075555-vencedora-jpg-150x150.jpg",150,150,true],"medium":["https:\/\/homolog.harald.com.br\/site-2026\/wp-content\/uploads\/2025\/07\/07075555-vencedora-jpg-169x300.jpg",169,300,true],"medium_large":["https:\/\/homolog.harald.com.br\/site-2026\/wp-content\/uploads\/2025\/07\/07075555-vencedora-jpg.jpg",354,630,false],"large":["https:\/\/homolog.harald.com.br\/site-2026\/wp-content\/uploads\/2025\/07\/07075555-vencedora-jpg.jpg",354,630,false],"1536x1536":["https:\/\/homolog.harald.com.br\/site-2026\/wp-content\/uploads\/2025\/07\/07075555-vencedora-jpg.jpg",354,630,false],"2048x2048":["https:\/\/homolog.harald.com.br\/site-2026\/wp-content\/uploads\/2025\/07\/07075555-vencedora-jpg.jpg",354,630,false],"full-width":["https:\/\/homolog.harald.com.br\/site-2026\/wp-content\/uploads\/2025\/07\/07075555-vencedora-jpg.jpg",354,630,false],"gform-image-choice-sm":["https:\/\/homolog.harald.com.br\/site-2026\/wp-content\/uploads\/2025\/07\/07075555-vencedora-jpg.jpg",169,300,false],"gform-image-choice-md":["https:\/\/homolog.harald.com.br\/site-2026\/wp-content\/uploads\/2025\/07\/07075555-vencedora-jpg.jpg",225,400,false],"gform-image-choice-lg":["https:\/\/homolog.harald.com.br\/site-2026\/wp-content\/uploads\/2025\/07\/07075555-vencedora-jpg.jpg",337,600,false]},"uagb_author_info":{"display_name":"Beatriz Oliveira","author_link":"https:\/\/homolog.harald.com.br\/site-2026\/blog\/author\/beatriz-oliveira\/"},"uagb_comment_info":0,"uagb_excerpt":"Harald celebra vit\u00f3ria brasileira na Tiramis\u00f9 World Cup Brasil e refor\u00e7a apoio \u00e0 confeitaria nacional A confeiteira Fabiana Boreli, de S\u00e3o Paulo, \u00e9 a grande campe\u00e3 da edi\u00e7\u00e3o 2025 da Tiramis\u00f9 World Cup Brasil. A final aconteceu em Campinas (SP), no dia 28 de junho, e contou com apoio da Harald, l\u00edder em chocolates e&hellip;","_links":{"self":[{"href":"https:\/\/homolog.harald.com.br\/site-2026\/wp-json\/wp\/v2\/posts\/315090","targetHints":{"allow":["GET"]}}],"collection":[{"href":"https:\/\/homolog.harald.com.br\/site-2026\/wp-json\/wp\/v2\/posts"}],"about":[{"href":"https:\/\/homolog.harald.com.br\/site-2026\/wp-json\/wp\/v2\/types\/post"}],"author":[{"embeddable":true,"href":"https:\/\/homolog.harald.com.br\/site-2026\/wp-json\/wp\/v2\/users\/14"}],"replies":[{"embeddable":true,"href":"https:\/\/homolog.harald.com.br\/site-2026\/wp-json\/wp\/v2\/comments?post=315090"}],"version-history":[{"count":2,"href":"https:\/\/homolog.harald.com.br\/site-2026\/wp-json\/wp\/v2\/posts\/315090\/revisions"}],"predecessor-version":[{"id":315375,"href":"https:\/\/homolog.harald.com.br\/site-2026\/wp-json\/wp\/v2\/posts\/315090\/revisions\/315375"}],"wp:featuredmedia":[{"embeddable":true,"href":"https:\/\/homolog.harald.com.br\/site-2026\/wp-json\/wp\/v2\/media\/315130"}],"wp:attachment":[{"href":"https:\/\/homolog.harald.com.br\/site-2026\/wp-json\/wp\/v2\/media?parent=315090"}],"wp:term":[{"taxonomy":"category","embeddable":true,"href":"https:\/\/homolog.harald.com.br\/site-2026\/wp-json\/wp\/v2\/categories?post=315090"},{"taxonomy":"post_tag","embeddable":true,"href":"https:\/\/homolog.harald.com.br\/site-2026\/wp-json\/wp\/v2\/tags?post=315090"},{"taxonomy":"para-seu-negocio","embeddable":true,"href":"https:\/\/homolog.harald.com.br\/site-2026\/wp-json\/wp\/v2\/para-seu-negocio?post=315090"}],"curies":[{"name":"wp","href":"https:\/\/api.w.org\/{rel}","templated":true}]}}