{"id":311430,"date":"2025-07-01T15:01:56","date_gmt":"2025-07-01T18:01:56","guid":{"rendered":"https:\/\/homolog.harald.com.br\/site-2026\/?p=311430"},"modified":"2025-07-02T15:06:49","modified_gmt":"2025-07-02T18:06:49","slug":"harald-presenta-barras-de-500g-na-linha-confeiteiro","status":"publish","type":"post","link":"https:\/\/homolog.harald.com.br\/site-2026\/blog\/harald-presenta-barras-de-500g-na-linha-confeiteiro\/","title":{"rendered":"Harald presenta Barras de 500g na Linha Confeiteiro"},"content":{"rendered":"<h2 data-start=\"173\" data-end=\"291\">Harald <strong>apresenta<\/strong> barras de 500g na linha Confeiteiro: mais praticidade e rendimento para quem vive da confeitaria<\/h2>\n<p data-start=\"325\" data-end=\"749\">A Harald, l\u00edder em chocolates e coberturas para o mercado profissional, acaba de lan\u00e7ar uma novidade que promete facilitar ainda mais o dia a dia de quem trabalha com confeitaria: as novas barras de 500g da linha Confeiteiro. A novidade chega em tr\u00eas sabores, Chocolate Ao Leite, Meio Amargo e Branco, e atende a uma demanda crescente por formatos vers\u00e1teis e pr\u00e1ticos, ideais para diferentes tamanhos de produ\u00e7\u00e3o.<\/p>\n<p data-start=\"325\" data-end=\"749\"><img loading=\"lazy\" decoding=\"async\" class=\"aligncenter wp-image-311432 \" src=\"https:\/\/homolog.harald.com.br\/site-2026\/wp-content\/uploads\/2025\/07\/noticia.jpg\" alt=\"Harald Apresenta Barras de 500g na Linha Confeiteiro\" width=\"619\" height=\"348\" srcset=\"https:\/\/homolog.harald.com.br\/site-2026\/wp-content\/uploads\/2025\/07\/noticia.jpg 1920w, https:\/\/homolog.harald.com.br\/site-2026\/wp-content\/uploads\/2025\/07\/noticia-300x169.jpg 300w, https:\/\/homolog.harald.com.br\/site-2026\/wp-content\/uploads\/2025\/07\/noticia-1024x576.jpg 1024w, https:\/\/homolog.harald.com.br\/site-2026\/wp-content\/uploads\/2025\/07\/noticia-768x432.jpg 768w, https:\/\/homolog.harald.com.br\/site-2026\/wp-content\/uploads\/2025\/07\/noticia-1536x864.jpg 1536w\" sizes=\"auto, (max-width: 619px) 100vw, 619px\" \/><\/p>\n<p data-start=\"751\" data-end=\"1139\">O novo tamanho foi pensado especialmente para quem busca flexibilidade, a linha Confeiteiro \u00e9 reconhecida por sua excelente performance. Com as barras de 500g, os profissionais conseguem controlar melhor o estoque e reduzir desperd\u00edcios, otimizando tempo e recursos.<\/p>\n<p data-start=\"751\" data-end=\"1139\">\u201cSabemos que muitos transformadores enfrentam desafios econ\u00f4micos, e pensamos nessa nova embalagem como uma forma de apoio. Al\u00e9m disso, o novo formato tem excelente custo-benef\u00edcio, sem perder a qualidade e o desempenho que a marca j\u00e1 entrega\u201d, destaca Marianne Ramos, gerente de produtos da Harald.<\/p>\n<h3 data-start=\"1683\" data-end=\"1725\">Linha Confeiteiro: tradi\u00e7\u00e3o e inova\u00e7\u00e3o<\/h3>\n<p data-start=\"1727\" data-end=\"2037\">A linha Confeiteiro \u00e9 refer\u00eancia no mercado por oferecer solu\u00e7\u00f5es pr\u00e1ticas e acess\u00edveis a doceiros, padeiros, pizzarias, padarias, confeitarias, buffets e dark kitchens. Assim, seus produtos n\u00e3o exigem t\u00eampera e s\u00e3o ideais para grandes produ\u00e7\u00f5es, garantindo agilidade, economia e padroniza\u00e7\u00e3o em cada preparo.<\/p>\n<h3 data-start=\"2039\" data-end=\"2087\">Harald: parceira de quem vive da confeitaria<\/h3>\n<p data-start=\"2089\" data-end=\"2494\">Com mais de 40 anos de hist\u00f3ria, a Harald \u00e9 refer\u00eancia em chocolate e coberturas para transforma\u00e7\u00e3o no Brasil. Seu portf\u00f3lio conta com marcas consagradas como Melken, Inovare, TOP, Confeiteiro e Unique.<\/p>\n<p data-start=\"2496\" data-end=\"2642\">As novas barras de 500g da linha Confeiteiro chegam em breve aos principais distribuidores, atacadistas e lojas especializadas de todo o pa\u00eds.<\/p>\n","protected":false},"excerpt":{"rendered":"<p>Harald apresenta barras de 500g na linha Confeiteiro: mais praticidade e rendimento para quem vive da confeitaria A Harald, l\u00edder em chocolates e coberturas para o mercado profissional, acaba de lan\u00e7ar uma novidade que promete facilitar ainda mais o dia a dia de quem trabalha com confeitaria: as novas barras de 500g da linha Confeiteiro. <a class=\"more-link\" href=\"https:\/\/homolog.harald.com.br\/site-2026\/blog\/harald-presenta-barras-de-500g-na-linha-confeiteiro\/\">Read more&#8230;<\/a><\/p>\n","protected":false},"author":14,"featured_media":311432,"comment_status":"closed","ping_status":"closed","sticky":false,"template":"","format":"standard","meta":{"_acf_changed":false,"_uag_custom_page_level_css":"","footnotes":""},"categories":[158],"tags":[],"para-seu-negocio":[],"class_list":["post-311430","post","type-post","status-publish","format-standard","has-post-thumbnail","hentry","category-noticias"],"acf":[],"yoast_head":"<!-- This site is optimized with the Yoast SEO plugin v26.3 - https:\/\/yoast.com\/wordpress\/plugins\/seo\/ -->\n<title>Harald presenta Barras de 500g na Linha Confeiteiro - Harald<\/title>\n<meta name=\"description\" content=\"Descubra as novas barras de 500g da linha Confeiteiro da Harald, ideais para quem vive da confeitaria. Mais praticidade e rendimento!\" \/>\n<meta name=\"robots\" content=\"noindex, follow, max-snippet:-1, max-image-preview:large, max-video-preview:-1\" \/>\n<meta property=\"og:locale\" content=\"pt_BR\" \/>\n<meta property=\"og:type\" content=\"article\" \/>\n<meta property=\"og:title\" content=\"Harald presenta Barras de 500g na Linha Confeiteiro - Harald\" \/>\n<meta property=\"og:description\" content=\"Descubra as novas barras de 500g da linha Confeiteiro da Harald, ideais para quem vive da confeitaria. Mais praticidade e rendimento!\" \/>\n<meta property=\"og:url\" content=\"https:\/\/homolog.harald.com.br\/site-2026\/blog\/harald-presenta-barras-de-500g-na-linha-confeiteiro\/\" \/>\n<meta property=\"og:site_name\" content=\"Harald\" \/>\n<meta property=\"article:publisher\" content=\"https:\/\/www.facebook.com\/HaraldChocolates\/\" \/>\n<meta property=\"article:published_time\" content=\"2025-07-01T18:01:56+00:00\" \/>\n<meta property=\"article:modified_time\" content=\"2025-07-02T18:06:49+00:00\" \/>\n<meta property=\"og:image\" content=\"https:\/\/homolog.harald.com.br\/site-2026\/wp-content\/uploads\/2025\/07\/noticia.jpg\" \/>\n\t<meta property=\"og:image:width\" content=\"1920\" \/>\n\t<meta property=\"og:image:height\" content=\"1080\" \/>\n\t<meta property=\"og:image:type\" content=\"image\/jpeg\" \/>\n<meta name=\"author\" content=\"Beatriz Oliveira\" \/>\n<meta name=\"twitter:card\" content=\"summary_large_image\" \/>\n<meta name=\"twitter:label1\" content=\"Escrito por\" \/>\n\t<meta name=\"twitter:data1\" content=\"Beatriz Oliveira\" \/>\n\t<meta name=\"twitter:label2\" content=\"Est. tempo de leitura\" \/>\n\t<meta name=\"twitter:data2\" content=\"2 minutos\" \/>\n<script type=\"application\/ld+json\" class=\"yoast-schema-graph\">{\"@context\":\"https:\/\/schema.org\",\"@graph\":[{\"@type\":\"Article\",\"@id\":\"https:\/\/homolog.harald.com.br\/site-2026\/blog\/harald-presenta-barras-de-500g-na-linha-confeiteiro\/#article\",\"isPartOf\":{\"@id\":\"https:\/\/homolog.harald.com.br\/site-2026\/blog\/harald-presenta-barras-de-500g-na-linha-confeiteiro\/\"},\"author\":{\"name\":\"Beatriz Oliveira\",\"@id\":\"https:\/\/homolog.harald.com.br\/site-2026\/#\/schema\/person\/c71700dd47fb39a337c7f9b89d5e3a00\"},\"headline\":\"Harald presenta Barras de 500g na Linha Confeiteiro\",\"datePublished\":\"2025-07-01T18:01:56+00:00\",\"dateModified\":\"2025-07-02T18:06:49+00:00\",\"mainEntityOfPage\":{\"@id\":\"https:\/\/homolog.harald.com.br\/site-2026\/blog\/harald-presenta-barras-de-500g-na-linha-confeiteiro\/\"},\"wordCount\":307,\"publisher\":{\"@id\":\"https:\/\/homolog.harald.com.br\/site-2026\/#organization\"},\"image\":{\"@id\":\"https:\/\/homolog.harald.com.br\/site-2026\/blog\/harald-presenta-barras-de-500g-na-linha-confeiteiro\/#primaryimage\"},\"thumbnailUrl\":\"https:\/\/homolog.harald.com.br\/site-2026\/wp-content\/uploads\/2025\/07\/noticia.jpg\",\"articleSection\":[\"Not\u00edcias\"],\"inLanguage\":\"pt-BR\"},{\"@type\":\"WebPage\",\"@id\":\"https:\/\/homolog.harald.com.br\/site-2026\/blog\/harald-presenta-barras-de-500g-na-linha-confeiteiro\/\",\"url\":\"https:\/\/homolog.harald.com.br\/site-2026\/blog\/harald-presenta-barras-de-500g-na-linha-confeiteiro\/\",\"name\":\"Harald presenta Barras de 500g na Linha Confeiteiro - Harald\",\"isPartOf\":{\"@id\":\"https:\/\/homolog.harald.com.br\/site-2026\/#website\"},\"primaryImageOfPage\":{\"@id\":\"https:\/\/homolog.harald.com.br\/site-2026\/blog\/harald-presenta-barras-de-500g-na-linha-confeiteiro\/#primaryimage\"},\"image\":{\"@id\":\"https:\/\/homolog.harald.com.br\/site-2026\/blog\/harald-presenta-barras-de-500g-na-linha-confeiteiro\/#primaryimage\"},\"thumbnailUrl\":\"https:\/\/homolog.harald.com.br\/site-2026\/wp-content\/uploads\/2025\/07\/noticia.jpg\",\"datePublished\":\"2025-07-01T18:01:56+00:00\",\"dateModified\":\"2025-07-02T18:06:49+00:00\",\"description\":\"Descubra as novas barras de 500g da linha Confeiteiro da Harald, ideais para quem vive da confeitaria. Mais praticidade e rendimento!\",\"breadcrumb\":{\"@id\":\"https:\/\/homolog.harald.com.br\/site-2026\/blog\/harald-presenta-barras-de-500g-na-linha-confeiteiro\/#breadcrumb\"},\"inLanguage\":\"pt-BR\",\"potentialAction\":[{\"@type\":\"ReadAction\",\"target\":[\"https:\/\/homolog.harald.com.br\/site-2026\/blog\/harald-presenta-barras-de-500g-na-linha-confeiteiro\/\"]}]},{\"@type\":\"ImageObject\",\"inLanguage\":\"pt-BR\",\"@id\":\"https:\/\/homolog.harald.com.br\/site-2026\/blog\/harald-presenta-barras-de-500g-na-linha-confeiteiro\/#primaryimage\",\"url\":\"https:\/\/homolog.harald.com.br\/site-2026\/wp-content\/uploads\/2025\/07\/noticia.jpg\",\"contentUrl\":\"https:\/\/homolog.harald.com.br\/site-2026\/wp-content\/uploads\/2025\/07\/noticia.jpg\",\"width\":1920,\"height\":1080,\"caption\":\"Harald Apresenta Barras de 500g na Linha Confeiteiro\"},{\"@type\":\"BreadcrumbList\",\"@id\":\"https:\/\/homolog.harald.com.br\/site-2026\/blog\/harald-presenta-barras-de-500g-na-linha-confeiteiro\/#breadcrumb\",\"itemListElement\":[{\"@type\":\"ListItem\",\"position\":1,\"name\":\"In\u00edcio\",\"item\":\"https:\/\/homolog.harald.com.br\/site-2026\/\"},{\"@type\":\"ListItem\",\"position\":2,\"name\":\"Harald presenta Barras de 500g na Linha Confeiteiro\"}]},{\"@type\":\"WebSite\",\"@id\":\"https:\/\/homolog.harald.com.br\/site-2026\/#website\",\"url\":\"https:\/\/homolog.harald.com.br\/site-2026\/\",\"name\":\"Harald\",\"description\":\"Fazer melhor \u00e9 fazer com paix\u00e3o\",\"publisher\":{\"@id\":\"https:\/\/homolog.harald.com.br\/site-2026\/#organization\"},\"potentialAction\":[{\"@type\":\"SearchAction\",\"target\":{\"@type\":\"EntryPoint\",\"urlTemplate\":\"https:\/\/homolog.harald.com.br\/site-2026\/?s={search_term_string}\"},\"query-input\":{\"@type\":\"PropertyValueSpecification\",\"valueRequired\":true,\"valueName\":\"search_term_string\"}}],\"inLanguage\":\"pt-BR\"},{\"@type\":\"Organization\",\"@id\":\"https:\/\/homolog.harald.com.br\/site-2026\/#organization\",\"name\":\"Harald\",\"url\":\"https:\/\/homolog.harald.com.br\/site-2026\/\",\"logo\":{\"@type\":\"ImageObject\",\"inLanguage\":\"pt-BR\",\"@id\":\"https:\/\/homolog.harald.com.br\/site-2026\/#\/schema\/logo\/image\/\",\"url\":\"https:\/\/homolog.harald.com.br\/site-2026\/wp-content\/uploads\/2022\/09\/logo-harald-cmyk-ss.png\",\"contentUrl\":\"https:\/\/homolog.harald.com.br\/site-2026\/wp-content\/uploads\/2022\/09\/logo-harald-cmyk-ss.png\",\"width\":1948,\"height\":1051,\"caption\":\"Harald\"},\"image\":{\"@id\":\"https:\/\/homolog.harald.com.br\/site-2026\/#\/schema\/logo\/image\/\"},\"sameAs\":[\"https:\/\/www.facebook.com\/HaraldChocolates\/\",\"https:\/\/www.youtube.com\/user\/HaraldChocolates\"]},{\"@type\":\"Person\",\"@id\":\"https:\/\/homolog.harald.com.br\/site-2026\/#\/schema\/person\/c71700dd47fb39a337c7f9b89d5e3a00\",\"name\":\"Beatriz Oliveira\",\"image\":{\"@type\":\"ImageObject\",\"inLanguage\":\"pt-BR\",\"@id\":\"https:\/\/homolog.harald.com.br\/site-2026\/#\/schema\/person\/image\/\",\"url\":\"https:\/\/secure.gravatar.com\/avatar\/fdc870643b67a6486b6bef59d475b1e7dea17130b70a2178f5716399590234e6?s=96&d=mm&r=g\",\"contentUrl\":\"https:\/\/secure.gravatar.com\/avatar\/fdc870643b67a6486b6bef59d475b1e7dea17130b70a2178f5716399590234e6?s=96&d=mm&r=g\",\"caption\":\"Beatriz Oliveira\"},\"url\":\"https:\/\/homolog.harald.com.br\/site-2026\/blog\/author\/beatriz-oliveira\/\"}]}<\/script>\n<!-- \/ Yoast SEO plugin. -->","yoast_head_json":{"title":"Harald presenta Barras de 500g na Linha Confeiteiro - Harald","description":"Descubra as novas barras de 500g da linha Confeiteiro da Harald, ideais para quem vive da confeitaria. Mais praticidade e rendimento!","robots":{"index":"noindex","follow":"follow","max-snippet":"max-snippet:-1","max-image-preview":"max-image-preview:large","max-video-preview":"max-video-preview:-1"},"og_locale":"pt_BR","og_type":"article","og_title":"Harald presenta Barras de 500g na Linha Confeiteiro - Harald","og_description":"Descubra as novas barras de 500g da linha Confeiteiro da Harald, ideais para quem vive da confeitaria. Mais praticidade e rendimento!","og_url":"https:\/\/homolog.harald.com.br\/site-2026\/blog\/harald-presenta-barras-de-500g-na-linha-confeiteiro\/","og_site_name":"Harald","article_publisher":"https:\/\/www.facebook.com\/HaraldChocolates\/","article_published_time":"2025-07-01T18:01:56+00:00","article_modified_time":"2025-07-02T18:06:49+00:00","og_image":[{"width":1920,"height":1080,"url":"https:\/\/homolog.harald.com.br\/site-2026\/wp-content\/uploads\/2025\/07\/noticia.jpg","type":"image\/jpeg"}],"author":"Beatriz Oliveira","twitter_card":"summary_large_image","twitter_misc":{"Escrito por":"Beatriz Oliveira","Est. tempo de leitura":"2 minutos"},"schema":{"@context":"https:\/\/schema.org","@graph":[{"@type":"Article","@id":"https:\/\/homolog.harald.com.br\/site-2026\/blog\/harald-presenta-barras-de-500g-na-linha-confeiteiro\/#article","isPartOf":{"@id":"https:\/\/homolog.harald.com.br\/site-2026\/blog\/harald-presenta-barras-de-500g-na-linha-confeiteiro\/"},"author":{"name":"Beatriz Oliveira","@id":"https:\/\/homolog.harald.com.br\/site-2026\/#\/schema\/person\/c71700dd47fb39a337c7f9b89d5e3a00"},"headline":"Harald presenta Barras de 500g na Linha Confeiteiro","datePublished":"2025-07-01T18:01:56+00:00","dateModified":"2025-07-02T18:06:49+00:00","mainEntityOfPage":{"@id":"https:\/\/homolog.harald.com.br\/site-2026\/blog\/harald-presenta-barras-de-500g-na-linha-confeiteiro\/"},"wordCount":307,"publisher":{"@id":"https:\/\/homolog.harald.com.br\/site-2026\/#organization"},"image":{"@id":"https:\/\/homolog.harald.com.br\/site-2026\/blog\/harald-presenta-barras-de-500g-na-linha-confeiteiro\/#primaryimage"},"thumbnailUrl":"https:\/\/homolog.harald.com.br\/site-2026\/wp-content\/uploads\/2025\/07\/noticia.jpg","articleSection":["Not\u00edcias"],"inLanguage":"pt-BR"},{"@type":"WebPage","@id":"https:\/\/homolog.harald.com.br\/site-2026\/blog\/harald-presenta-barras-de-500g-na-linha-confeiteiro\/","url":"https:\/\/homolog.harald.com.br\/site-2026\/blog\/harald-presenta-barras-de-500g-na-linha-confeiteiro\/","name":"Harald presenta Barras de 500g na Linha Confeiteiro - Harald","isPartOf":{"@id":"https:\/\/homolog.harald.com.br\/site-2026\/#website"},"primaryImageOfPage":{"@id":"https:\/\/homolog.harald.com.br\/site-2026\/blog\/harald-presenta-barras-de-500g-na-linha-confeiteiro\/#primaryimage"},"image":{"@id":"https:\/\/homolog.harald.com.br\/site-2026\/blog\/harald-presenta-barras-de-500g-na-linha-confeiteiro\/#primaryimage"},"thumbnailUrl":"https:\/\/homolog.harald.com.br\/site-2026\/wp-content\/uploads\/2025\/07\/noticia.jpg","datePublished":"2025-07-01T18:01:56+00:00","dateModified":"2025-07-02T18:06:49+00:00","description":"Descubra as novas barras de 500g da linha Confeiteiro da Harald, ideais para quem vive da confeitaria. Mais praticidade e rendimento!","breadcrumb":{"@id":"https:\/\/homolog.harald.com.br\/site-2026\/blog\/harald-presenta-barras-de-500g-na-linha-confeiteiro\/#breadcrumb"},"inLanguage":"pt-BR","potentialAction":[{"@type":"ReadAction","target":["https:\/\/homolog.harald.com.br\/site-2026\/blog\/harald-presenta-barras-de-500g-na-linha-confeiteiro\/"]}]},{"@type":"ImageObject","inLanguage":"pt-BR","@id":"https:\/\/homolog.harald.com.br\/site-2026\/blog\/harald-presenta-barras-de-500g-na-linha-confeiteiro\/#primaryimage","url":"https:\/\/homolog.harald.com.br\/site-2026\/wp-content\/uploads\/2025\/07\/noticia.jpg","contentUrl":"https:\/\/homolog.harald.com.br\/site-2026\/wp-content\/uploads\/2025\/07\/noticia.jpg","width":1920,"height":1080,"caption":"Harald Apresenta Barras de 500g na Linha Confeiteiro"},{"@type":"BreadcrumbList","@id":"https:\/\/homolog.harald.com.br\/site-2026\/blog\/harald-presenta-barras-de-500g-na-linha-confeiteiro\/#breadcrumb","itemListElement":[{"@type":"ListItem","position":1,"name":"In\u00edcio","item":"https:\/\/homolog.harald.com.br\/site-2026\/"},{"@type":"ListItem","position":2,"name":"Harald presenta Barras de 500g na Linha Confeiteiro"}]},{"@type":"WebSite","@id":"https:\/\/homolog.harald.com.br\/site-2026\/#website","url":"https:\/\/homolog.harald.com.br\/site-2026\/","name":"Harald","description":"Fazer melhor \u00e9 fazer com paix\u00e3o","publisher":{"@id":"https:\/\/homolog.harald.com.br\/site-2026\/#organization"},"potentialAction":[{"@type":"SearchAction","target":{"@type":"EntryPoint","urlTemplate":"https:\/\/homolog.harald.com.br\/site-2026\/?s={search_term_string}"},"query-input":{"@type":"PropertyValueSpecification","valueRequired":true,"valueName":"search_term_string"}}],"inLanguage":"pt-BR"},{"@type":"Organization","@id":"https:\/\/homolog.harald.com.br\/site-2026\/#organization","name":"Harald","url":"https:\/\/homolog.harald.com.br\/site-2026\/","logo":{"@type":"ImageObject","inLanguage":"pt-BR","@id":"https:\/\/homolog.harald.com.br\/site-2026\/#\/schema\/logo\/image\/","url":"https:\/\/homolog.harald.com.br\/site-2026\/wp-content\/uploads\/2022\/09\/logo-harald-cmyk-ss.png","contentUrl":"https:\/\/homolog.harald.com.br\/site-2026\/wp-content\/uploads\/2022\/09\/logo-harald-cmyk-ss.png","width":1948,"height":1051,"caption":"Harald"},"image":{"@id":"https:\/\/homolog.harald.com.br\/site-2026\/#\/schema\/logo\/image\/"},"sameAs":["https:\/\/www.facebook.com\/HaraldChocolates\/","https:\/\/www.youtube.com\/user\/HaraldChocolates"]},{"@type":"Person","@id":"https:\/\/homolog.harald.com.br\/site-2026\/#\/schema\/person\/c71700dd47fb39a337c7f9b89d5e3a00","name":"Beatriz Oliveira","image":{"@type":"ImageObject","inLanguage":"pt-BR","@id":"https:\/\/homolog.harald.com.br\/site-2026\/#\/schema\/person\/image\/","url":"https:\/\/secure.gravatar.com\/avatar\/fdc870643b67a6486b6bef59d475b1e7dea17130b70a2178f5716399590234e6?s=96&d=mm&r=g","contentUrl":"https:\/\/secure.gravatar.com\/avatar\/fdc870643b67a6486b6bef59d475b1e7dea17130b70a2178f5716399590234e6?s=96&d=mm&r=g","caption":"Beatriz Oliveira"},"url":"https:\/\/homolog.harald.com.br\/site-2026\/blog\/author\/beatriz-oliveira\/"}]}},"uagb_featured_image_src":{"full":["https:\/\/homolog.harald.com.br\/site-2026\/wp-content\/uploads\/2025\/07\/noticia.jpg",1920,1080,false],"thumbnail":["https:\/\/homolog.harald.com.br\/site-2026\/wp-content\/uploads\/2025\/07\/noticia-150x150.jpg",150,150,true],"medium":["https:\/\/homolog.harald.com.br\/site-2026\/wp-content\/uploads\/2025\/07\/noticia-300x169.jpg",300,169,true],"medium_large":["https:\/\/homolog.harald.com.br\/site-2026\/wp-content\/uploads\/2025\/07\/noticia-768x432.jpg",768,432,true],"large":["https:\/\/homolog.harald.com.br\/site-2026\/wp-content\/uploads\/2025\/07\/noticia-1024x576.jpg",1024,576,true],"1536x1536":["https:\/\/homolog.harald.com.br\/site-2026\/wp-content\/uploads\/2025\/07\/noticia-1536x864.jpg",1536,864,true],"2048x2048":["https:\/\/homolog.harald.com.br\/site-2026\/wp-content\/uploads\/2025\/07\/noticia.jpg",1920,1080,false],"full-width":["https:\/\/homolog.harald.com.br\/site-2026\/wp-content\/uploads\/2025\/07\/noticia.jpg",1920,1080,false],"gform-image-choice-sm":["https:\/\/homolog.harald.com.br\/site-2026\/wp-content\/uploads\/2025\/07\/noticia.jpg",300,169,false],"gform-image-choice-md":["https:\/\/homolog.harald.com.br\/site-2026\/wp-content\/uploads\/2025\/07\/noticia.jpg",400,225,false],"gform-image-choice-lg":["https:\/\/homolog.harald.com.br\/site-2026\/wp-content\/uploads\/2025\/07\/noticia.jpg",600,338,false]},"uagb_author_info":{"display_name":"Beatriz Oliveira","author_link":"https:\/\/homolog.harald.com.br\/site-2026\/blog\/author\/beatriz-oliveira\/"},"uagb_comment_info":0,"uagb_excerpt":"Harald apresenta barras de 500g na linha Confeiteiro: mais praticidade e rendimento para quem vive da confeitaria A Harald, l\u00edder em chocolates e coberturas para o mercado profissional, acaba de lan\u00e7ar uma novidade que promete facilitar ainda mais o dia a dia de quem trabalha com confeitaria: as novas barras de 500g da linha Confeiteiro.&hellip;","_links":{"self":[{"href":"https:\/\/homolog.harald.com.br\/site-2026\/wp-json\/wp\/v2\/posts\/311430","targetHints":{"allow":["GET"]}}],"collection":[{"href":"https:\/\/homolog.harald.com.br\/site-2026\/wp-json\/wp\/v2\/posts"}],"about":[{"href":"https:\/\/homolog.harald.com.br\/site-2026\/wp-json\/wp\/v2\/types\/post"}],"author":[{"embeddable":true,"href":"https:\/\/homolog.harald.com.br\/site-2026\/wp-json\/wp\/v2\/users\/14"}],"replies":[{"embeddable":true,"href":"https:\/\/homolog.harald.com.br\/site-2026\/wp-json\/wp\/v2\/comments?post=311430"}],"version-history":[{"count":2,"href":"https:\/\/homolog.harald.com.br\/site-2026\/wp-json\/wp\/v2\/posts\/311430\/revisions"}],"predecessor-version":[{"id":311437,"href":"https:\/\/homolog.harald.com.br\/site-2026\/wp-json\/wp\/v2\/posts\/311430\/revisions\/311437"}],"wp:featuredmedia":[{"embeddable":true,"href":"https:\/\/homolog.harald.com.br\/site-2026\/wp-json\/wp\/v2\/media\/311432"}],"wp:attachment":[{"href":"https:\/\/homolog.harald.com.br\/site-2026\/wp-json\/wp\/v2\/media?parent=311430"}],"wp:term":[{"taxonomy":"category","embeddable":true,"href":"https:\/\/homolog.harald.com.br\/site-2026\/wp-json\/wp\/v2\/categories?post=311430"},{"taxonomy":"post_tag","embeddable":true,"href":"https:\/\/homolog.harald.com.br\/site-2026\/wp-json\/wp\/v2\/tags?post=311430"},{"taxonomy":"para-seu-negocio","embeddable":true,"href":"https:\/\/homolog.harald.com.br\/site-2026\/wp-json\/wp\/v2\/para-seu-negocio?post=311430"}],"curies":[{"name":"wp","href":"https:\/\/api.w.org\/{rel}","templated":true}]}}