{"id":311417,"date":"2025-06-28T14:05:51","date_gmt":"2025-06-28T17:05:51","guid":{"rendered":"https:\/\/homolog.harald.com.br\/site-2026\/?p=311417"},"modified":"2025-07-02T14:09:32","modified_gmt":"2025-07-02T17:09:32","slug":"fundacao-bunge-abre-vagas-para-curso-gratuito-de-confeitaria","status":"publish","type":"post","link":"https:\/\/homolog.harald.com.br\/site-2026\/blog\/fundacao-bunge-abre-vagas-para-curso-gratuito-de-confeitaria\/","title":{"rendered":"Funda\u00e7\u00e3o Bunge Abre Vagas para Curso Gratuito de Confeitaria"},"content":{"rendered":"<h2 data-start=\"130\" data-end=\"232\">Funda\u00e7\u00e3o Bunge abre inscri\u00e7\u00f5es para curso gratuito de panifica\u00e7\u00e3o e confeitaria com apoio da Harald<\/h2>\n<p data-start=\"234\" data-end=\"378\">Oportunidade oferece forma\u00e7\u00e3o profissional e acesso a vagas de emprego no setor de panifica\u00e7\u00e3o e confeitaria em quatro capitais brasileiras.<\/p>\n<p data-start=\"380\" data-end=\"782\">A Funda\u00e7\u00e3o Bunge est\u00e1 com inscri\u00e7\u00f5es abertas para o segundo semestre de 2025 do projeto \u201cDe Gr\u00e3o em P\u00e3o\u201d, uma iniciativa gratuita voltada a pessoas com 18 anos ou mais em situa\u00e7\u00e3o de vulnerabilidade social. Com apoio da Harald Chocolates e outros parceiros do setor, o curso oferece forma\u00e7\u00e3o te\u00f3rica e pr\u00e1tica em panifica\u00e7\u00e3o e confeitaria, al\u00e9m de garantir acesso direto ao mercado de trabalho.<\/p>\n<p data-start=\"380\" data-end=\"782\"><img loading=\"lazy\" decoding=\"async\" class=\"aligncenter wp-image-311420 \" src=\"https:\/\/homolog.harald.com.br\/site-2026\/wp-content\/uploads\/2025\/07\/bunge-rj-14.jpeg\" alt=\"curso de confeitaria gratuito\" width=\"576\" height=\"432\" srcset=\"https:\/\/homolog.harald.com.br\/site-2026\/wp-content\/uploads\/2025\/07\/bunge-rj-14.jpeg 1600w, https:\/\/homolog.harald.com.br\/site-2026\/wp-content\/uploads\/2025\/07\/bunge-rj-14-300x225.jpeg 300w, https:\/\/homolog.harald.com.br\/site-2026\/wp-content\/uploads\/2025\/07\/bunge-rj-14-1024x768.jpeg 1024w, https:\/\/homolog.harald.com.br\/site-2026\/wp-content\/uploads\/2025\/07\/bunge-rj-14-768x576.jpeg 768w, https:\/\/homolog.harald.com.br\/site-2026\/wp-content\/uploads\/2025\/07\/bunge-rj-14-1536x1152.jpeg 1536w\" sizes=\"auto, (max-width: 576px) 100vw, 576px\" \/><\/p>\n<p data-start=\"784\" data-end=\"1144\">As aulas acontecer\u00e3o nas cidades de Belo Horizonte (MG), Bras\u00edlia (DF), Recife (PE) e Rio de Janeiro (RJ), em parceria com o Senai. Interessados devem preencher o formul\u00e1rio espec\u00edfico de sua cidade no site da <a class=\"\" href=\"https:\/\/fundacaobunge.org.br\/\" target=\"_new\" rel=\"noopener\" data-start=\"1002\" data-end=\"1049\">Funda\u00e7\u00e3o Bunge<\/a> at\u00e9 1\u00ba de julho. O an\u00fancio dos selecionados ser\u00e1 feito em 6 de agosto no mesmo portal.<\/p>\n<h3 data-start=\"1146\" data-end=\"1195\">Forma\u00e7\u00e3o completa e empregabilidade garantida: Curso Gratuito!<\/h3>\n<p data-start=\"1197\" data-end=\"1656\">Com dura\u00e7\u00e3o de quatro meses, o curso inclui uniforme, material did\u00e1tico, bolsa aux\u00edlio e forma\u00e7\u00e3o socioemocional, focada em planejamento profissional. Al\u00e9m disso, os alunos t\u00eam acesso a uma trilha formativa em parceria com o Sebrae, caso desejem seguir o caminho do empreendedorismo.<\/p>\n<p data-start=\"1658\" data-end=\"1943\">Segundo a Associa\u00e7\u00e3o Brasileira da Ind\u00fastria de Panifica\u00e7\u00e3o e Confeitaria (Abip), o setor faturou R$ 153,36 bilh\u00f5es em 2024 e ainda enfrenta escassez de 140 mil profissionais qualificados. O projeto busca justamente preencher essa lacuna com m\u00e3o de obra preparada e capacitada.<\/p>\n<h3 data-start=\"1945\" data-end=\"2003\">Desenvolvimento de compet\u00eancias valorizadas no mercado<\/h3>\n<p data-start=\"2005\" data-end=\"2294\">Al\u00e9m das t\u00e9cnicas de panifica\u00e7\u00e3o e confeitaria, o curso tamb\u00e9m desenvolve habilidades socioemocionais como comunica\u00e7\u00e3o, organiza\u00e7\u00e3o e autoconhecimento. Segundo dados da Funda\u00e7\u00e3o Wadhwani, 35% das empresas estariam dispostas a pagar at\u00e9 20% a mais por profissionais com esse perfil.<\/p>\n<p data-start=\"2296\" data-end=\"2452\">E ent\u00e3o, durante a forma\u00e7\u00e3o, os alunos tamb\u00e9m participam de simula\u00e7\u00f5es digitais de situa\u00e7\u00f5es reais, aprimorando sua capacidade de atuar no ambiente profissional.<\/p>\n<h3 data-start=\"2454\" data-end=\"2493\">Parceria com grandes nomes do setor<\/h3>\n<p data-start=\"2495\" data-end=\"2828\">Assim, o projeto \u201cDe Gr\u00e3o em P\u00e3o\u201d conta com importantes parceiros, como a Academia Bunge, Senai, Sebrae, Harald Chocolates, al\u00e9m de sindicatos e associa\u00e7\u00f5es de panifica\u00e7\u00e3o de todo o pa\u00eds. Assim, desde o seu lan\u00e7amento, em 2022, a iniciativa j\u00e1 formou mais de 160 jovens e segue como refer\u00eancia em inclus\u00e3o produtiva e transforma\u00e7\u00e3o social.<\/p>\n<h3 data-start=\"2830\" data-end=\"2856\">Sobre a Funda\u00e7\u00e3o Bunge<\/h3>\n<p data-start=\"2858\" data-end=\"3176\">Com 70 anos de hist\u00f3ria, a Funda\u00e7\u00e3o Bunge \u00e9 o bra\u00e7o social da Bunge no Brasil. Atua em territ\u00f3rios estrat\u00e9gicos, promovendo inclus\u00e3o produtiva, diversidade e economia de baixo carbono. Por fim, a entidade \u00e9 ligada \u00e0 Bunge, l\u00edder mundial no processamento de oleaginosas e fornecimento de \u00f3leos e gorduras vegetais especiais.<\/p>\n","protected":false},"excerpt":{"rendered":"<p>Funda\u00e7\u00e3o Bunge abre inscri\u00e7\u00f5es para curso gratuito de panifica\u00e7\u00e3o e confeitaria com apoio da Harald Oportunidade oferece forma\u00e7\u00e3o profissional e acesso a vagas de emprego no setor de panifica\u00e7\u00e3o e confeitaria em quatro capitais brasileiras. A Funda\u00e7\u00e3o Bunge est\u00e1 com inscri\u00e7\u00f5es abertas para o segundo semestre de 2025 do projeto \u201cDe Gr\u00e3o em P\u00e3o\u201d, uma <a class=\"more-link\" href=\"https:\/\/homolog.harald.com.br\/site-2026\/blog\/fundacao-bunge-abre-vagas-para-curso-gratuito-de-confeitaria\/\">Read more&#8230;<\/a><\/p>\n","protected":false},"author":14,"featured_media":311420,"comment_status":"closed","ping_status":"closed","sticky":false,"template":"","format":"standard","meta":{"_acf_changed":false,"_uag_custom_page_level_css":"","footnotes":""},"categories":[158],"tags":[],"para-seu-negocio":[],"class_list":["post-311417","post","type-post","status-publish","format-standard","has-post-thumbnail","hentry","category-noticias"],"acf":[],"yoast_head":"<!-- This site is optimized with the Yoast SEO plugin v26.3 - https:\/\/yoast.com\/wordpress\/plugins\/seo\/ -->\n<title>Funda\u00e7\u00e3o Bunge Abre Vagas para Curso Gratuito de Confeitaria - Harald<\/title>\n<meta name=\"description\" content=\"Curso gratuito de panifica\u00e7\u00e3o e confeitaria da Funda\u00e7\u00e3o Bunge abre vagas em BH, RJ, DF e PE. Forma\u00e7\u00e3o inclui bolsa aux\u00edlio e capacita\u00e7\u00e3o!\" \/>\n<meta name=\"robots\" content=\"noindex, follow, max-snippet:-1, max-image-preview:large, max-video-preview:-1\" \/>\n<meta property=\"og:locale\" content=\"pt_BR\" \/>\n<meta property=\"og:type\" content=\"article\" \/>\n<meta property=\"og:title\" content=\"Funda\u00e7\u00e3o Bunge Abre Vagas para Curso Gratuito de Confeitaria - Harald\" \/>\n<meta property=\"og:description\" content=\"Curso gratuito de panifica\u00e7\u00e3o e confeitaria da Funda\u00e7\u00e3o Bunge abre vagas em BH, RJ, DF e PE. Forma\u00e7\u00e3o inclui bolsa aux\u00edlio e capacita\u00e7\u00e3o!\" \/>\n<meta property=\"og:url\" content=\"https:\/\/homolog.harald.com.br\/site-2026\/blog\/fundacao-bunge-abre-vagas-para-curso-gratuito-de-confeitaria\/\" \/>\n<meta property=\"og:site_name\" content=\"Harald\" \/>\n<meta property=\"article:publisher\" content=\"https:\/\/www.facebook.com\/HaraldChocolates\/\" \/>\n<meta property=\"article:published_time\" content=\"2025-06-28T17:05:51+00:00\" \/>\n<meta property=\"article:modified_time\" content=\"2025-07-02T17:09:32+00:00\" \/>\n<meta property=\"og:image\" content=\"https:\/\/homolog.harald.com.br\/site-2026\/wp-content\/uploads\/2025\/07\/bunge-rj-14.jpeg\" \/>\n\t<meta property=\"og:image:width\" content=\"1600\" \/>\n\t<meta property=\"og:image:height\" content=\"1200\" \/>\n\t<meta property=\"og:image:type\" content=\"image\/jpeg\" \/>\n<meta name=\"author\" content=\"Beatriz Oliveira\" \/>\n<meta name=\"twitter:card\" content=\"summary_large_image\" \/>\n<meta name=\"twitter:label1\" content=\"Escrito por\" \/>\n\t<meta name=\"twitter:data1\" content=\"Beatriz Oliveira\" \/>\n\t<meta name=\"twitter:label2\" content=\"Est. tempo de leitura\" \/>\n\t<meta name=\"twitter:data2\" content=\"3 minutos\" \/>\n<script type=\"application\/ld+json\" class=\"yoast-schema-graph\">{\"@context\":\"https:\/\/schema.org\",\"@graph\":[{\"@type\":\"Article\",\"@id\":\"https:\/\/homolog.harald.com.br\/site-2026\/blog\/fundacao-bunge-abre-vagas-para-curso-gratuito-de-confeitaria\/#article\",\"isPartOf\":{\"@id\":\"https:\/\/homolog.harald.com.br\/site-2026\/blog\/fundacao-bunge-abre-vagas-para-curso-gratuito-de-confeitaria\/\"},\"author\":{\"name\":\"Beatriz Oliveira\",\"@id\":\"https:\/\/homolog.harald.com.br\/site-2026\/#\/schema\/person\/c71700dd47fb39a337c7f9b89d5e3a00\"},\"headline\":\"Funda\u00e7\u00e3o Bunge Abre Vagas para Curso Gratuito de Confeitaria\",\"datePublished\":\"2025-06-28T17:05:51+00:00\",\"dateModified\":\"2025-07-02T17:09:32+00:00\",\"mainEntityOfPage\":{\"@id\":\"https:\/\/homolog.harald.com.br\/site-2026\/blog\/fundacao-bunge-abre-vagas-para-curso-gratuito-de-confeitaria\/\"},\"wordCount\":488,\"publisher\":{\"@id\":\"https:\/\/homolog.harald.com.br\/site-2026\/#organization\"},\"image\":{\"@id\":\"https:\/\/homolog.harald.com.br\/site-2026\/blog\/fundacao-bunge-abre-vagas-para-curso-gratuito-de-confeitaria\/#primaryimage\"},\"thumbnailUrl\":\"https:\/\/homolog.harald.com.br\/site-2026\/wp-content\/uploads\/2025\/07\/bunge-rj-14.jpeg\",\"articleSection\":[\"Not\u00edcias\"],\"inLanguage\":\"pt-BR\"},{\"@type\":\"WebPage\",\"@id\":\"https:\/\/homolog.harald.com.br\/site-2026\/blog\/fundacao-bunge-abre-vagas-para-curso-gratuito-de-confeitaria\/\",\"url\":\"https:\/\/homolog.harald.com.br\/site-2026\/blog\/fundacao-bunge-abre-vagas-para-curso-gratuito-de-confeitaria\/\",\"name\":\"Funda\u00e7\u00e3o Bunge Abre Vagas para Curso Gratuito de Confeitaria - Harald\",\"isPartOf\":{\"@id\":\"https:\/\/homolog.harald.com.br\/site-2026\/#website\"},\"primaryImageOfPage\":{\"@id\":\"https:\/\/homolog.harald.com.br\/site-2026\/blog\/fundacao-bunge-abre-vagas-para-curso-gratuito-de-confeitaria\/#primaryimage\"},\"image\":{\"@id\":\"https:\/\/homolog.harald.com.br\/site-2026\/blog\/fundacao-bunge-abre-vagas-para-curso-gratuito-de-confeitaria\/#primaryimage\"},\"thumbnailUrl\":\"https:\/\/homolog.harald.com.br\/site-2026\/wp-content\/uploads\/2025\/07\/bunge-rj-14.jpeg\",\"datePublished\":\"2025-06-28T17:05:51+00:00\",\"dateModified\":\"2025-07-02T17:09:32+00:00\",\"description\":\"Curso gratuito de panifica\u00e7\u00e3o e confeitaria da Funda\u00e7\u00e3o Bunge abre vagas em BH, RJ, DF e PE. Forma\u00e7\u00e3o inclui bolsa aux\u00edlio e capacita\u00e7\u00e3o!\",\"breadcrumb\":{\"@id\":\"https:\/\/homolog.harald.com.br\/site-2026\/blog\/fundacao-bunge-abre-vagas-para-curso-gratuito-de-confeitaria\/#breadcrumb\"},\"inLanguage\":\"pt-BR\",\"potentialAction\":[{\"@type\":\"ReadAction\",\"target\":[\"https:\/\/homolog.harald.com.br\/site-2026\/blog\/fundacao-bunge-abre-vagas-para-curso-gratuito-de-confeitaria\/\"]}]},{\"@type\":\"ImageObject\",\"inLanguage\":\"pt-BR\",\"@id\":\"https:\/\/homolog.harald.com.br\/site-2026\/blog\/fundacao-bunge-abre-vagas-para-curso-gratuito-de-confeitaria\/#primaryimage\",\"url\":\"https:\/\/homolog.harald.com.br\/site-2026\/wp-content\/uploads\/2025\/07\/bunge-rj-14.jpeg\",\"contentUrl\":\"https:\/\/homolog.harald.com.br\/site-2026\/wp-content\/uploads\/2025\/07\/bunge-rj-14.jpeg\",\"width\":1600,\"height\":1200,\"caption\":\"curso de confeitaria gratuito\"},{\"@type\":\"BreadcrumbList\",\"@id\":\"https:\/\/homolog.harald.com.br\/site-2026\/blog\/fundacao-bunge-abre-vagas-para-curso-gratuito-de-confeitaria\/#breadcrumb\",\"itemListElement\":[{\"@type\":\"ListItem\",\"position\":1,\"name\":\"In\u00edcio\",\"item\":\"https:\/\/homolog.harald.com.br\/site-2026\/\"},{\"@type\":\"ListItem\",\"position\":2,\"name\":\"Funda\u00e7\u00e3o Bunge Abre Vagas para Curso Gratuito de Confeitaria\"}]},{\"@type\":\"WebSite\",\"@id\":\"https:\/\/homolog.harald.com.br\/site-2026\/#website\",\"url\":\"https:\/\/homolog.harald.com.br\/site-2026\/\",\"name\":\"Harald\",\"description\":\"Fazer melhor \u00e9 fazer com paix\u00e3o\",\"publisher\":{\"@id\":\"https:\/\/homolog.harald.com.br\/site-2026\/#organization\"},\"potentialAction\":[{\"@type\":\"SearchAction\",\"target\":{\"@type\":\"EntryPoint\",\"urlTemplate\":\"https:\/\/homolog.harald.com.br\/site-2026\/?s={search_term_string}\"},\"query-input\":{\"@type\":\"PropertyValueSpecification\",\"valueRequired\":true,\"valueName\":\"search_term_string\"}}],\"inLanguage\":\"pt-BR\"},{\"@type\":\"Organization\",\"@id\":\"https:\/\/homolog.harald.com.br\/site-2026\/#organization\",\"name\":\"Harald\",\"url\":\"https:\/\/homolog.harald.com.br\/site-2026\/\",\"logo\":{\"@type\":\"ImageObject\",\"inLanguage\":\"pt-BR\",\"@id\":\"https:\/\/homolog.harald.com.br\/site-2026\/#\/schema\/logo\/image\/\",\"url\":\"https:\/\/homolog.harald.com.br\/site-2026\/wp-content\/uploads\/2022\/09\/logo-harald-cmyk-ss.png\",\"contentUrl\":\"https:\/\/homolog.harald.com.br\/site-2026\/wp-content\/uploads\/2022\/09\/logo-harald-cmyk-ss.png\",\"width\":1948,\"height\":1051,\"caption\":\"Harald\"},\"image\":{\"@id\":\"https:\/\/homolog.harald.com.br\/site-2026\/#\/schema\/logo\/image\/\"},\"sameAs\":[\"https:\/\/www.facebook.com\/HaraldChocolates\/\",\"https:\/\/www.youtube.com\/user\/HaraldChocolates\"]},{\"@type\":\"Person\",\"@id\":\"https:\/\/homolog.harald.com.br\/site-2026\/#\/schema\/person\/c71700dd47fb39a337c7f9b89d5e3a00\",\"name\":\"Beatriz Oliveira\",\"image\":{\"@type\":\"ImageObject\",\"inLanguage\":\"pt-BR\",\"@id\":\"https:\/\/homolog.harald.com.br\/site-2026\/#\/schema\/person\/image\/\",\"url\":\"https:\/\/secure.gravatar.com\/avatar\/fdc870643b67a6486b6bef59d475b1e7dea17130b70a2178f5716399590234e6?s=96&d=mm&r=g\",\"contentUrl\":\"https:\/\/secure.gravatar.com\/avatar\/fdc870643b67a6486b6bef59d475b1e7dea17130b70a2178f5716399590234e6?s=96&d=mm&r=g\",\"caption\":\"Beatriz Oliveira\"},\"url\":\"https:\/\/homolog.harald.com.br\/site-2026\/blog\/author\/beatriz-oliveira\/\"}]}<\/script>\n<!-- \/ Yoast SEO plugin. -->","yoast_head_json":{"title":"Funda\u00e7\u00e3o Bunge Abre Vagas para Curso Gratuito de Confeitaria - Harald","description":"Curso gratuito de panifica\u00e7\u00e3o e confeitaria da Funda\u00e7\u00e3o Bunge abre vagas em BH, RJ, DF e PE. Forma\u00e7\u00e3o inclui bolsa aux\u00edlio e capacita\u00e7\u00e3o!","robots":{"index":"noindex","follow":"follow","max-snippet":"max-snippet:-1","max-image-preview":"max-image-preview:large","max-video-preview":"max-video-preview:-1"},"og_locale":"pt_BR","og_type":"article","og_title":"Funda\u00e7\u00e3o Bunge Abre Vagas para Curso Gratuito de Confeitaria - Harald","og_description":"Curso gratuito de panifica\u00e7\u00e3o e confeitaria da Funda\u00e7\u00e3o Bunge abre vagas em BH, RJ, DF e PE. Forma\u00e7\u00e3o inclui bolsa aux\u00edlio e capacita\u00e7\u00e3o!","og_url":"https:\/\/homolog.harald.com.br\/site-2026\/blog\/fundacao-bunge-abre-vagas-para-curso-gratuito-de-confeitaria\/","og_site_name":"Harald","article_publisher":"https:\/\/www.facebook.com\/HaraldChocolates\/","article_published_time":"2025-06-28T17:05:51+00:00","article_modified_time":"2025-07-02T17:09:32+00:00","og_image":[{"width":1600,"height":1200,"url":"https:\/\/homolog.harald.com.br\/site-2026\/wp-content\/uploads\/2025\/07\/bunge-rj-14.jpeg","type":"image\/jpeg"}],"author":"Beatriz Oliveira","twitter_card":"summary_large_image","twitter_misc":{"Escrito por":"Beatriz Oliveira","Est. tempo de leitura":"3 minutos"},"schema":{"@context":"https:\/\/schema.org","@graph":[{"@type":"Article","@id":"https:\/\/homolog.harald.com.br\/site-2026\/blog\/fundacao-bunge-abre-vagas-para-curso-gratuito-de-confeitaria\/#article","isPartOf":{"@id":"https:\/\/homolog.harald.com.br\/site-2026\/blog\/fundacao-bunge-abre-vagas-para-curso-gratuito-de-confeitaria\/"},"author":{"name":"Beatriz Oliveira","@id":"https:\/\/homolog.harald.com.br\/site-2026\/#\/schema\/person\/c71700dd47fb39a337c7f9b89d5e3a00"},"headline":"Funda\u00e7\u00e3o Bunge Abre Vagas para Curso Gratuito de Confeitaria","datePublished":"2025-06-28T17:05:51+00:00","dateModified":"2025-07-02T17:09:32+00:00","mainEntityOfPage":{"@id":"https:\/\/homolog.harald.com.br\/site-2026\/blog\/fundacao-bunge-abre-vagas-para-curso-gratuito-de-confeitaria\/"},"wordCount":488,"publisher":{"@id":"https:\/\/homolog.harald.com.br\/site-2026\/#organization"},"image":{"@id":"https:\/\/homolog.harald.com.br\/site-2026\/blog\/fundacao-bunge-abre-vagas-para-curso-gratuito-de-confeitaria\/#primaryimage"},"thumbnailUrl":"https:\/\/homolog.harald.com.br\/site-2026\/wp-content\/uploads\/2025\/07\/bunge-rj-14.jpeg","articleSection":["Not\u00edcias"],"inLanguage":"pt-BR"},{"@type":"WebPage","@id":"https:\/\/homolog.harald.com.br\/site-2026\/blog\/fundacao-bunge-abre-vagas-para-curso-gratuito-de-confeitaria\/","url":"https:\/\/homolog.harald.com.br\/site-2026\/blog\/fundacao-bunge-abre-vagas-para-curso-gratuito-de-confeitaria\/","name":"Funda\u00e7\u00e3o Bunge Abre Vagas para Curso Gratuito de Confeitaria - Harald","isPartOf":{"@id":"https:\/\/homolog.harald.com.br\/site-2026\/#website"},"primaryImageOfPage":{"@id":"https:\/\/homolog.harald.com.br\/site-2026\/blog\/fundacao-bunge-abre-vagas-para-curso-gratuito-de-confeitaria\/#primaryimage"},"image":{"@id":"https:\/\/homolog.harald.com.br\/site-2026\/blog\/fundacao-bunge-abre-vagas-para-curso-gratuito-de-confeitaria\/#primaryimage"},"thumbnailUrl":"https:\/\/homolog.harald.com.br\/site-2026\/wp-content\/uploads\/2025\/07\/bunge-rj-14.jpeg","datePublished":"2025-06-28T17:05:51+00:00","dateModified":"2025-07-02T17:09:32+00:00","description":"Curso gratuito de panifica\u00e7\u00e3o e confeitaria da Funda\u00e7\u00e3o Bunge abre vagas em BH, RJ, DF e PE. Forma\u00e7\u00e3o inclui bolsa aux\u00edlio e capacita\u00e7\u00e3o!","breadcrumb":{"@id":"https:\/\/homolog.harald.com.br\/site-2026\/blog\/fundacao-bunge-abre-vagas-para-curso-gratuito-de-confeitaria\/#breadcrumb"},"inLanguage":"pt-BR","potentialAction":[{"@type":"ReadAction","target":["https:\/\/homolog.harald.com.br\/site-2026\/blog\/fundacao-bunge-abre-vagas-para-curso-gratuito-de-confeitaria\/"]}]},{"@type":"ImageObject","inLanguage":"pt-BR","@id":"https:\/\/homolog.harald.com.br\/site-2026\/blog\/fundacao-bunge-abre-vagas-para-curso-gratuito-de-confeitaria\/#primaryimage","url":"https:\/\/homolog.harald.com.br\/site-2026\/wp-content\/uploads\/2025\/07\/bunge-rj-14.jpeg","contentUrl":"https:\/\/homolog.harald.com.br\/site-2026\/wp-content\/uploads\/2025\/07\/bunge-rj-14.jpeg","width":1600,"height":1200,"caption":"curso de confeitaria gratuito"},{"@type":"BreadcrumbList","@id":"https:\/\/homolog.harald.com.br\/site-2026\/blog\/fundacao-bunge-abre-vagas-para-curso-gratuito-de-confeitaria\/#breadcrumb","itemListElement":[{"@type":"ListItem","position":1,"name":"In\u00edcio","item":"https:\/\/homolog.harald.com.br\/site-2026\/"},{"@type":"ListItem","position":2,"name":"Funda\u00e7\u00e3o Bunge Abre Vagas para Curso Gratuito de Confeitaria"}]},{"@type":"WebSite","@id":"https:\/\/homolog.harald.com.br\/site-2026\/#website","url":"https:\/\/homolog.harald.com.br\/site-2026\/","name":"Harald","description":"Fazer melhor \u00e9 fazer com paix\u00e3o","publisher":{"@id":"https:\/\/homolog.harald.com.br\/site-2026\/#organization"},"potentialAction":[{"@type":"SearchAction","target":{"@type":"EntryPoint","urlTemplate":"https:\/\/homolog.harald.com.br\/site-2026\/?s={search_term_string}"},"query-input":{"@type":"PropertyValueSpecification","valueRequired":true,"valueName":"search_term_string"}}],"inLanguage":"pt-BR"},{"@type":"Organization","@id":"https:\/\/homolog.harald.com.br\/site-2026\/#organization","name":"Harald","url":"https:\/\/homolog.harald.com.br\/site-2026\/","logo":{"@type":"ImageObject","inLanguage":"pt-BR","@id":"https:\/\/homolog.harald.com.br\/site-2026\/#\/schema\/logo\/image\/","url":"https:\/\/homolog.harald.com.br\/site-2026\/wp-content\/uploads\/2022\/09\/logo-harald-cmyk-ss.png","contentUrl":"https:\/\/homolog.harald.com.br\/site-2026\/wp-content\/uploads\/2022\/09\/logo-harald-cmyk-ss.png","width":1948,"height":1051,"caption":"Harald"},"image":{"@id":"https:\/\/homolog.harald.com.br\/site-2026\/#\/schema\/logo\/image\/"},"sameAs":["https:\/\/www.facebook.com\/HaraldChocolates\/","https:\/\/www.youtube.com\/user\/HaraldChocolates"]},{"@type":"Person","@id":"https:\/\/homolog.harald.com.br\/site-2026\/#\/schema\/person\/c71700dd47fb39a337c7f9b89d5e3a00","name":"Beatriz Oliveira","image":{"@type":"ImageObject","inLanguage":"pt-BR","@id":"https:\/\/homolog.harald.com.br\/site-2026\/#\/schema\/person\/image\/","url":"https:\/\/secure.gravatar.com\/avatar\/fdc870643b67a6486b6bef59d475b1e7dea17130b70a2178f5716399590234e6?s=96&d=mm&r=g","contentUrl":"https:\/\/secure.gravatar.com\/avatar\/fdc870643b67a6486b6bef59d475b1e7dea17130b70a2178f5716399590234e6?s=96&d=mm&r=g","caption":"Beatriz Oliveira"},"url":"https:\/\/homolog.harald.com.br\/site-2026\/blog\/author\/beatriz-oliveira\/"}]}},"uagb_featured_image_src":{"full":["https:\/\/homolog.harald.com.br\/site-2026\/wp-content\/uploads\/2025\/07\/bunge-rj-14.jpeg",1600,1200,false],"thumbnail":["https:\/\/homolog.harald.com.br\/site-2026\/wp-content\/uploads\/2025\/07\/bunge-rj-14-150x150.jpeg",150,150,true],"medium":["https:\/\/homolog.harald.com.br\/site-2026\/wp-content\/uploads\/2025\/07\/bunge-rj-14-300x225.jpeg",300,225,true],"medium_large":["https:\/\/homolog.harald.com.br\/site-2026\/wp-content\/uploads\/2025\/07\/bunge-rj-14-768x576.jpeg",768,576,true],"large":["https:\/\/homolog.harald.com.br\/site-2026\/wp-content\/uploads\/2025\/07\/bunge-rj-14-1024x768.jpeg",1024,768,true],"1536x1536":["https:\/\/homolog.harald.com.br\/site-2026\/wp-content\/uploads\/2025\/07\/bunge-rj-14-1536x1152.jpeg",1536,1152,true],"2048x2048":["https:\/\/homolog.harald.com.br\/site-2026\/wp-content\/uploads\/2025\/07\/bunge-rj-14.jpeg",1600,1200,false],"full-width":["https:\/\/homolog.harald.com.br\/site-2026\/wp-content\/uploads\/2025\/07\/bunge-rj-14.jpeg",1440,1080,false],"gform-image-choice-sm":["https:\/\/homolog.harald.com.br\/site-2026\/wp-content\/uploads\/2025\/07\/bunge-rj-14.jpeg",300,225,false],"gform-image-choice-md":["https:\/\/homolog.harald.com.br\/site-2026\/wp-content\/uploads\/2025\/07\/bunge-rj-14.jpeg",400,300,false],"gform-image-choice-lg":["https:\/\/homolog.harald.com.br\/site-2026\/wp-content\/uploads\/2025\/07\/bunge-rj-14.jpeg",600,450,false]},"uagb_author_info":{"display_name":"Beatriz Oliveira","author_link":"https:\/\/homolog.harald.com.br\/site-2026\/blog\/author\/beatriz-oliveira\/"},"uagb_comment_info":0,"uagb_excerpt":"Funda\u00e7\u00e3o Bunge abre inscri\u00e7\u00f5es para curso gratuito de panifica\u00e7\u00e3o e confeitaria com apoio da Harald Oportunidade oferece forma\u00e7\u00e3o profissional e acesso a vagas de emprego no setor de panifica\u00e7\u00e3o e confeitaria em quatro capitais brasileiras. A Funda\u00e7\u00e3o Bunge est\u00e1 com inscri\u00e7\u00f5es abertas para o segundo semestre de 2025 do projeto \u201cDe Gr\u00e3o em P\u00e3o\u201d, uma&hellip;","_links":{"self":[{"href":"https:\/\/homolog.harald.com.br\/site-2026\/wp-json\/wp\/v2\/posts\/311417","targetHints":{"allow":["GET"]}}],"collection":[{"href":"https:\/\/homolog.harald.com.br\/site-2026\/wp-json\/wp\/v2\/posts"}],"about":[{"href":"https:\/\/homolog.harald.com.br\/site-2026\/wp-json\/wp\/v2\/types\/post"}],"author":[{"embeddable":true,"href":"https:\/\/homolog.harald.com.br\/site-2026\/wp-json\/wp\/v2\/users\/14"}],"replies":[{"embeddable":true,"href":"https:\/\/homolog.harald.com.br\/site-2026\/wp-json\/wp\/v2\/comments?post=311417"}],"version-history":[{"count":3,"href":"https:\/\/homolog.harald.com.br\/site-2026\/wp-json\/wp\/v2\/posts\/311417\/revisions"}],"predecessor-version":[{"id":311424,"href":"https:\/\/homolog.harald.com.br\/site-2026\/wp-json\/wp\/v2\/posts\/311417\/revisions\/311424"}],"wp:featuredmedia":[{"embeddable":true,"href":"https:\/\/homolog.harald.com.br\/site-2026\/wp-json\/wp\/v2\/media\/311420"}],"wp:attachment":[{"href":"https:\/\/homolog.harald.com.br\/site-2026\/wp-json\/wp\/v2\/media?parent=311417"}],"wp:term":[{"taxonomy":"category","embeddable":true,"href":"https:\/\/homolog.harald.com.br\/site-2026\/wp-json\/wp\/v2\/categories?post=311417"},{"taxonomy":"post_tag","embeddable":true,"href":"https:\/\/homolog.harald.com.br\/site-2026\/wp-json\/wp\/v2\/tags?post=311417"},{"taxonomy":"para-seu-negocio","embeddable":true,"href":"https:\/\/homolog.harald.com.br\/site-2026\/wp-json\/wp\/v2\/para-seu-negocio?post=311417"}],"curies":[{"name":"wp","href":"https:\/\/api.w.org\/{rel}","templated":true}]}}