{"id":309646,"date":"2025-06-24T11:51:08","date_gmt":"2025-06-24T14:51:08","guid":{"rendered":"https:\/\/homolog.harald.com.br\/site-2026\/?p=309646"},"modified":"2025-06-24T11:51:08","modified_gmt":"2025-06-24T14:51:08","slug":"harald-lanca-recheio-forneavel-de-pistache","status":"publish","type":"post","link":"https:\/\/homolog.harald.com.br\/site-2026\/blog\/harald-lanca-recheio-forneavel-de-pistache\/","title":{"rendered":"Harald Lan\u00e7a Recheio Forne\u00e1vel de Pistache"},"content":{"rendered":"<h3 data-start=\"142\" data-end=\"234\">Harald Lan\u00e7a Recheio Forne\u00e1vel de Pistache e Amplia Solu\u00e7\u00f5es para o Mercado Profissional<\/h3>\n<p data-start=\"271\" data-end=\"642\">Atenta \u00e0s principais tend\u00eancias da confeitaria e do food service, a <a href=\"https:\/\/homolog.harald.com.br\/site-2026\/\">Harald<\/a>, l\u00edder nacional em chocolates e coberturas para o mercado profissional, acaba de lan\u00e7ar o Recheio Forne\u00e1vel Confeiteiro sabor Pistache. A novidade chega para atender uma demanda crescente por ingredientes que combinam praticidade, sabor marcante e sofistica\u00e7\u00e3o.<\/p>\n<p data-start=\"271\" data-end=\"642\"><img loading=\"lazy\" decoding=\"async\" class=\"aligncenter wp-image-309648 \" src=\"https:\/\/homolog.harald.com.br\/site-2026\/wp-content\/uploads\/2025\/06\/noticia-1.jpg\" alt=\"Recheio Forne\u00e1vel de Pistache\" width=\"593\" height=\"334\" srcset=\"https:\/\/homolog.harald.com.br\/site-2026\/wp-content\/uploads\/2025\/06\/noticia-1.jpg 1920w, https:\/\/homolog.harald.com.br\/site-2026\/wp-content\/uploads\/2025\/06\/noticia-1-300x169.jpg 300w, https:\/\/homolog.harald.com.br\/site-2026\/wp-content\/uploads\/2025\/06\/noticia-1-1024x576.jpg 1024w, https:\/\/homolog.harald.com.br\/site-2026\/wp-content\/uploads\/2025\/06\/noticia-1-768x432.jpg 768w, https:\/\/homolog.harald.com.br\/site-2026\/wp-content\/uploads\/2025\/06\/noticia-1-1536x864.jpg 1536w\" sizes=\"auto, (max-width: 593px) 100vw, 593px\" \/><\/p>\n<p data-start=\"644\" data-end=\"1025\">Assim, o novo recheio \u00e9 pronto e pode ser aplicado diretamente em massas, mesmo antes de assar. O resultado \u00e9 uma aplica\u00e7\u00e3o vers\u00e1til e de alto desempenho para receitas como pizzas doces, calzones, tapiocas, crepes, esfihas e sobremesas em geral.<\/p>\n<p data-start=\"644\" data-end=\"1025\">\u201cO pistache se consolidou como um dos sabores mais desejados da confeitaria atual. Com esse lan\u00e7amento, oferecemos uma solu\u00e7\u00e3o pr\u00e1tica, que permite aos nossos clientes inovarem com seguran\u00e7a no card\u00e1pio\u201d, explica Marianne Ramos, gerente de produtos da Harald.<\/p>\n<p data-start=\"1350\" data-end=\"1729\">O produto integra a tradicional linha Confeiteiro, refer\u00eancia no mercado por entregar efici\u00eancia, rendimento e facilidade de aplica\u00e7\u00e3o, especialmente para produ\u00e7\u00f5es em grande escala. Padarias, pizzarias, buffets, confeitarias e dark kitchens encontram na linha uma aliada para melhorar processos e encantar seus consumidores com resultados consistentes e visual atrativo.<\/p>\n<p data-start=\"1731\" data-end=\"1948\">Com esse lan\u00e7amento, a Harald reafirma seu diferencial no mercado ao oferecer solu\u00e7\u00f5es pr\u00e1ticas, acess\u00edveis e com qualidade profissional \u2013 caracter\u00edsticas que consolidam sua lideran\u00e7a frente a marcas concorrentes.<\/p>\n<p data-start=\"1950\" data-end=\"2081\">Por fim, a nova vers\u00e3o de pistache estar\u00e1 dispon\u00edvel em breve nos principais distribuidores e pontos de venda especializados em todo o pa\u00eds.<\/p>\n","protected":false},"excerpt":{"rendered":"<p>Harald Lan\u00e7a Recheio Forne\u00e1vel de Pistache e Amplia Solu\u00e7\u00f5es para o Mercado Profissional Atenta \u00e0s principais tend\u00eancias da confeitaria e do food service, a Harald, l\u00edder nacional em chocolates e coberturas para o mercado profissional, acaba de lan\u00e7ar o Recheio Forne\u00e1vel Confeiteiro sabor Pistache. A novidade chega para atender uma demanda crescente por ingredientes que <a class=\"more-link\" href=\"https:\/\/homolog.harald.com.br\/site-2026\/blog\/harald-lanca-recheio-forneavel-de-pistache\/\">Read more&#8230;<\/a><\/p>\n","protected":false},"author":14,"featured_media":309648,"comment_status":"closed","ping_status":"closed","sticky":false,"template":"","format":"standard","meta":{"_acf_changed":false,"_uag_custom_page_level_css":"","footnotes":""},"categories":[158],"tags":[],"para-seu-negocio":[],"class_list":["post-309646","post","type-post","status-publish","format-standard","has-post-thumbnail","hentry","category-noticias"],"acf":[],"yoast_head":"<!-- This site is optimized with the Yoast SEO plugin v26.3 - https:\/\/yoast.com\/wordpress\/plugins\/seo\/ -->\n<title>Harald Lan\u00e7a Recheio Forne\u00e1vel de Pistache - Harald<\/title>\n<meta name=\"description\" content=\"A Harald lan\u00e7a o Recheio Forne\u00e1vel de Pistache, ideal para o food service. Com alta performance \u00e9 perfeito para pizzarias!\" \/>\n<meta name=\"robots\" content=\"noindex, follow, max-snippet:-1, max-image-preview:large, max-video-preview:-1\" \/>\n<meta property=\"og:locale\" content=\"pt_BR\" \/>\n<meta property=\"og:type\" content=\"article\" \/>\n<meta property=\"og:title\" content=\"Harald Lan\u00e7a Recheio Forne\u00e1vel de Pistache - Harald\" \/>\n<meta property=\"og:description\" content=\"A Harald lan\u00e7a o Recheio Forne\u00e1vel de Pistache, ideal para o food service. Com alta performance \u00e9 perfeito para pizzarias!\" \/>\n<meta property=\"og:url\" content=\"https:\/\/homolog.harald.com.br\/site-2026\/blog\/harald-lanca-recheio-forneavel-de-pistache\/\" \/>\n<meta property=\"og:site_name\" content=\"Harald\" \/>\n<meta property=\"article:publisher\" content=\"https:\/\/www.facebook.com\/HaraldChocolates\/\" \/>\n<meta property=\"article:published_time\" content=\"2025-06-24T14:51:08+00:00\" \/>\n<meta property=\"og:image\" content=\"https:\/\/homolog.harald.com.br\/site-2026\/wp-content\/uploads\/2025\/06\/noticia-1.jpg\" \/>\n\t<meta property=\"og:image:width\" content=\"1920\" \/>\n\t<meta property=\"og:image:height\" content=\"1080\" \/>\n\t<meta property=\"og:image:type\" content=\"image\/jpeg\" \/>\n<meta name=\"author\" content=\"Beatriz Oliveira\" \/>\n<meta name=\"twitter:card\" content=\"summary_large_image\" \/>\n<meta name=\"twitter:label1\" content=\"Escrito por\" \/>\n\t<meta name=\"twitter:data1\" content=\"Beatriz Oliveira\" \/>\n\t<meta name=\"twitter:label2\" content=\"Est. tempo de leitura\" \/>\n\t<meta name=\"twitter:data2\" content=\"2 minutos\" \/>\n<script type=\"application\/ld+json\" class=\"yoast-schema-graph\">{\"@context\":\"https:\/\/schema.org\",\"@graph\":[{\"@type\":\"Article\",\"@id\":\"https:\/\/homolog.harald.com.br\/site-2026\/blog\/harald-lanca-recheio-forneavel-de-pistache\/#article\",\"isPartOf\":{\"@id\":\"https:\/\/homolog.harald.com.br\/site-2026\/blog\/harald-lanca-recheio-forneavel-de-pistache\/\"},\"author\":{\"name\":\"Beatriz Oliveira\",\"@id\":\"https:\/\/homolog.harald.com.br\/site-2026\/#\/schema\/person\/c71700dd47fb39a337c7f9b89d5e3a00\"},\"headline\":\"Harald Lan\u00e7a Recheio Forne\u00e1vel de Pistache\",\"datePublished\":\"2025-06-24T14:51:08+00:00\",\"mainEntityOfPage\":{\"@id\":\"https:\/\/homolog.harald.com.br\/site-2026\/blog\/harald-lanca-recheio-forneavel-de-pistache\/\"},\"wordCount\":273,\"publisher\":{\"@id\":\"https:\/\/homolog.harald.com.br\/site-2026\/#organization\"},\"image\":{\"@id\":\"https:\/\/homolog.harald.com.br\/site-2026\/blog\/harald-lanca-recheio-forneavel-de-pistache\/#primaryimage\"},\"thumbnailUrl\":\"https:\/\/homolog.harald.com.br\/site-2026\/wp-content\/uploads\/2025\/06\/noticia-1.jpg\",\"articleSection\":[\"Not\u00edcias\"],\"inLanguage\":\"pt-BR\"},{\"@type\":\"WebPage\",\"@id\":\"https:\/\/homolog.harald.com.br\/site-2026\/blog\/harald-lanca-recheio-forneavel-de-pistache\/\",\"url\":\"https:\/\/homolog.harald.com.br\/site-2026\/blog\/harald-lanca-recheio-forneavel-de-pistache\/\",\"name\":\"Harald Lan\u00e7a Recheio Forne\u00e1vel de Pistache - Harald\",\"isPartOf\":{\"@id\":\"https:\/\/homolog.harald.com.br\/site-2026\/#website\"},\"primaryImageOfPage\":{\"@id\":\"https:\/\/homolog.harald.com.br\/site-2026\/blog\/harald-lanca-recheio-forneavel-de-pistache\/#primaryimage\"},\"image\":{\"@id\":\"https:\/\/homolog.harald.com.br\/site-2026\/blog\/harald-lanca-recheio-forneavel-de-pistache\/#primaryimage\"},\"thumbnailUrl\":\"https:\/\/homolog.harald.com.br\/site-2026\/wp-content\/uploads\/2025\/06\/noticia-1.jpg\",\"datePublished\":\"2025-06-24T14:51:08+00:00\",\"description\":\"A Harald lan\u00e7a o Recheio Forne\u00e1vel de Pistache, ideal para o food service. Com alta performance \u00e9 perfeito para pizzarias!\",\"breadcrumb\":{\"@id\":\"https:\/\/homolog.harald.com.br\/site-2026\/blog\/harald-lanca-recheio-forneavel-de-pistache\/#breadcrumb\"},\"inLanguage\":\"pt-BR\",\"potentialAction\":[{\"@type\":\"ReadAction\",\"target\":[\"https:\/\/homolog.harald.com.br\/site-2026\/blog\/harald-lanca-recheio-forneavel-de-pistache\/\"]}]},{\"@type\":\"ImageObject\",\"inLanguage\":\"pt-BR\",\"@id\":\"https:\/\/homolog.harald.com.br\/site-2026\/blog\/harald-lanca-recheio-forneavel-de-pistache\/#primaryimage\",\"url\":\"https:\/\/homolog.harald.com.br\/site-2026\/wp-content\/uploads\/2025\/06\/noticia-1.jpg\",\"contentUrl\":\"https:\/\/homolog.harald.com.br\/site-2026\/wp-content\/uploads\/2025\/06\/noticia-1.jpg\",\"width\":1920,\"height\":1080,\"caption\":\"Recheio Forne\u00e1vel de Pistache\"},{\"@type\":\"BreadcrumbList\",\"@id\":\"https:\/\/homolog.harald.com.br\/site-2026\/blog\/harald-lanca-recheio-forneavel-de-pistache\/#breadcrumb\",\"itemListElement\":[{\"@type\":\"ListItem\",\"position\":1,\"name\":\"In\u00edcio\",\"item\":\"https:\/\/homolog.harald.com.br\/site-2026\/\"},{\"@type\":\"ListItem\",\"position\":2,\"name\":\"Harald Lan\u00e7a Recheio Forne\u00e1vel de Pistache\"}]},{\"@type\":\"WebSite\",\"@id\":\"https:\/\/homolog.harald.com.br\/site-2026\/#website\",\"url\":\"https:\/\/homolog.harald.com.br\/site-2026\/\",\"name\":\"Harald\",\"description\":\"Fazer melhor \u00e9 fazer com paix\u00e3o\",\"publisher\":{\"@id\":\"https:\/\/homolog.harald.com.br\/site-2026\/#organization\"},\"potentialAction\":[{\"@type\":\"SearchAction\",\"target\":{\"@type\":\"EntryPoint\",\"urlTemplate\":\"https:\/\/homolog.harald.com.br\/site-2026\/?s={search_term_string}\"},\"query-input\":{\"@type\":\"PropertyValueSpecification\",\"valueRequired\":true,\"valueName\":\"search_term_string\"}}],\"inLanguage\":\"pt-BR\"},{\"@type\":\"Organization\",\"@id\":\"https:\/\/homolog.harald.com.br\/site-2026\/#organization\",\"name\":\"Harald\",\"url\":\"https:\/\/homolog.harald.com.br\/site-2026\/\",\"logo\":{\"@type\":\"ImageObject\",\"inLanguage\":\"pt-BR\",\"@id\":\"https:\/\/homolog.harald.com.br\/site-2026\/#\/schema\/logo\/image\/\",\"url\":\"https:\/\/homolog.harald.com.br\/site-2026\/wp-content\/uploads\/2022\/09\/logo-harald-cmyk-ss.png\",\"contentUrl\":\"https:\/\/homolog.harald.com.br\/site-2026\/wp-content\/uploads\/2022\/09\/logo-harald-cmyk-ss.png\",\"width\":1948,\"height\":1051,\"caption\":\"Harald\"},\"image\":{\"@id\":\"https:\/\/homolog.harald.com.br\/site-2026\/#\/schema\/logo\/image\/\"},\"sameAs\":[\"https:\/\/www.facebook.com\/HaraldChocolates\/\",\"https:\/\/www.youtube.com\/user\/HaraldChocolates\"]},{\"@type\":\"Person\",\"@id\":\"https:\/\/homolog.harald.com.br\/site-2026\/#\/schema\/person\/c71700dd47fb39a337c7f9b89d5e3a00\",\"name\":\"Beatriz Oliveira\",\"image\":{\"@type\":\"ImageObject\",\"inLanguage\":\"pt-BR\",\"@id\":\"https:\/\/homolog.harald.com.br\/site-2026\/#\/schema\/person\/image\/\",\"url\":\"https:\/\/secure.gravatar.com\/avatar\/fdc870643b67a6486b6bef59d475b1e7dea17130b70a2178f5716399590234e6?s=96&d=mm&r=g\",\"contentUrl\":\"https:\/\/secure.gravatar.com\/avatar\/fdc870643b67a6486b6bef59d475b1e7dea17130b70a2178f5716399590234e6?s=96&d=mm&r=g\",\"caption\":\"Beatriz Oliveira\"},\"url\":\"https:\/\/homolog.harald.com.br\/site-2026\/blog\/author\/beatriz-oliveira\/\"}]}<\/script>\n<!-- \/ Yoast SEO plugin. -->","yoast_head_json":{"title":"Harald Lan\u00e7a Recheio Forne\u00e1vel de Pistache - Harald","description":"A Harald lan\u00e7a o Recheio Forne\u00e1vel de Pistache, ideal para o food service. Com alta performance \u00e9 perfeito para pizzarias!","robots":{"index":"noindex","follow":"follow","max-snippet":"max-snippet:-1","max-image-preview":"max-image-preview:large","max-video-preview":"max-video-preview:-1"},"og_locale":"pt_BR","og_type":"article","og_title":"Harald Lan\u00e7a Recheio Forne\u00e1vel de Pistache - Harald","og_description":"A Harald lan\u00e7a o Recheio Forne\u00e1vel de Pistache, ideal para o food service. Com alta performance \u00e9 perfeito para pizzarias!","og_url":"https:\/\/homolog.harald.com.br\/site-2026\/blog\/harald-lanca-recheio-forneavel-de-pistache\/","og_site_name":"Harald","article_publisher":"https:\/\/www.facebook.com\/HaraldChocolates\/","article_published_time":"2025-06-24T14:51:08+00:00","og_image":[{"width":1920,"height":1080,"url":"https:\/\/homolog.harald.com.br\/site-2026\/wp-content\/uploads\/2025\/06\/noticia-1.jpg","type":"image\/jpeg"}],"author":"Beatriz Oliveira","twitter_card":"summary_large_image","twitter_misc":{"Escrito por":"Beatriz Oliveira","Est. tempo de leitura":"2 minutos"},"schema":{"@context":"https:\/\/schema.org","@graph":[{"@type":"Article","@id":"https:\/\/homolog.harald.com.br\/site-2026\/blog\/harald-lanca-recheio-forneavel-de-pistache\/#article","isPartOf":{"@id":"https:\/\/homolog.harald.com.br\/site-2026\/blog\/harald-lanca-recheio-forneavel-de-pistache\/"},"author":{"name":"Beatriz Oliveira","@id":"https:\/\/homolog.harald.com.br\/site-2026\/#\/schema\/person\/c71700dd47fb39a337c7f9b89d5e3a00"},"headline":"Harald Lan\u00e7a Recheio Forne\u00e1vel de Pistache","datePublished":"2025-06-24T14:51:08+00:00","mainEntityOfPage":{"@id":"https:\/\/homolog.harald.com.br\/site-2026\/blog\/harald-lanca-recheio-forneavel-de-pistache\/"},"wordCount":273,"publisher":{"@id":"https:\/\/homolog.harald.com.br\/site-2026\/#organization"},"image":{"@id":"https:\/\/homolog.harald.com.br\/site-2026\/blog\/harald-lanca-recheio-forneavel-de-pistache\/#primaryimage"},"thumbnailUrl":"https:\/\/homolog.harald.com.br\/site-2026\/wp-content\/uploads\/2025\/06\/noticia-1.jpg","articleSection":["Not\u00edcias"],"inLanguage":"pt-BR"},{"@type":"WebPage","@id":"https:\/\/homolog.harald.com.br\/site-2026\/blog\/harald-lanca-recheio-forneavel-de-pistache\/","url":"https:\/\/homolog.harald.com.br\/site-2026\/blog\/harald-lanca-recheio-forneavel-de-pistache\/","name":"Harald Lan\u00e7a Recheio Forne\u00e1vel de Pistache - Harald","isPartOf":{"@id":"https:\/\/homolog.harald.com.br\/site-2026\/#website"},"primaryImageOfPage":{"@id":"https:\/\/homolog.harald.com.br\/site-2026\/blog\/harald-lanca-recheio-forneavel-de-pistache\/#primaryimage"},"image":{"@id":"https:\/\/homolog.harald.com.br\/site-2026\/blog\/harald-lanca-recheio-forneavel-de-pistache\/#primaryimage"},"thumbnailUrl":"https:\/\/homolog.harald.com.br\/site-2026\/wp-content\/uploads\/2025\/06\/noticia-1.jpg","datePublished":"2025-06-24T14:51:08+00:00","description":"A Harald lan\u00e7a o Recheio Forne\u00e1vel de Pistache, ideal para o food service. Com alta performance \u00e9 perfeito para pizzarias!","breadcrumb":{"@id":"https:\/\/homolog.harald.com.br\/site-2026\/blog\/harald-lanca-recheio-forneavel-de-pistache\/#breadcrumb"},"inLanguage":"pt-BR","potentialAction":[{"@type":"ReadAction","target":["https:\/\/homolog.harald.com.br\/site-2026\/blog\/harald-lanca-recheio-forneavel-de-pistache\/"]}]},{"@type":"ImageObject","inLanguage":"pt-BR","@id":"https:\/\/homolog.harald.com.br\/site-2026\/blog\/harald-lanca-recheio-forneavel-de-pistache\/#primaryimage","url":"https:\/\/homolog.harald.com.br\/site-2026\/wp-content\/uploads\/2025\/06\/noticia-1.jpg","contentUrl":"https:\/\/homolog.harald.com.br\/site-2026\/wp-content\/uploads\/2025\/06\/noticia-1.jpg","width":1920,"height":1080,"caption":"Recheio Forne\u00e1vel de Pistache"},{"@type":"BreadcrumbList","@id":"https:\/\/homolog.harald.com.br\/site-2026\/blog\/harald-lanca-recheio-forneavel-de-pistache\/#breadcrumb","itemListElement":[{"@type":"ListItem","position":1,"name":"In\u00edcio","item":"https:\/\/homolog.harald.com.br\/site-2026\/"},{"@type":"ListItem","position":2,"name":"Harald Lan\u00e7a Recheio Forne\u00e1vel de Pistache"}]},{"@type":"WebSite","@id":"https:\/\/homolog.harald.com.br\/site-2026\/#website","url":"https:\/\/homolog.harald.com.br\/site-2026\/","name":"Harald","description":"Fazer melhor \u00e9 fazer com paix\u00e3o","publisher":{"@id":"https:\/\/homolog.harald.com.br\/site-2026\/#organization"},"potentialAction":[{"@type":"SearchAction","target":{"@type":"EntryPoint","urlTemplate":"https:\/\/homolog.harald.com.br\/site-2026\/?s={search_term_string}"},"query-input":{"@type":"PropertyValueSpecification","valueRequired":true,"valueName":"search_term_string"}}],"inLanguage":"pt-BR"},{"@type":"Organization","@id":"https:\/\/homolog.harald.com.br\/site-2026\/#organization","name":"Harald","url":"https:\/\/homolog.harald.com.br\/site-2026\/","logo":{"@type":"ImageObject","inLanguage":"pt-BR","@id":"https:\/\/homolog.harald.com.br\/site-2026\/#\/schema\/logo\/image\/","url":"https:\/\/homolog.harald.com.br\/site-2026\/wp-content\/uploads\/2022\/09\/logo-harald-cmyk-ss.png","contentUrl":"https:\/\/homolog.harald.com.br\/site-2026\/wp-content\/uploads\/2022\/09\/logo-harald-cmyk-ss.png","width":1948,"height":1051,"caption":"Harald"},"image":{"@id":"https:\/\/homolog.harald.com.br\/site-2026\/#\/schema\/logo\/image\/"},"sameAs":["https:\/\/www.facebook.com\/HaraldChocolates\/","https:\/\/www.youtube.com\/user\/HaraldChocolates"]},{"@type":"Person","@id":"https:\/\/homolog.harald.com.br\/site-2026\/#\/schema\/person\/c71700dd47fb39a337c7f9b89d5e3a00","name":"Beatriz Oliveira","image":{"@type":"ImageObject","inLanguage":"pt-BR","@id":"https:\/\/homolog.harald.com.br\/site-2026\/#\/schema\/person\/image\/","url":"https:\/\/secure.gravatar.com\/avatar\/fdc870643b67a6486b6bef59d475b1e7dea17130b70a2178f5716399590234e6?s=96&d=mm&r=g","contentUrl":"https:\/\/secure.gravatar.com\/avatar\/fdc870643b67a6486b6bef59d475b1e7dea17130b70a2178f5716399590234e6?s=96&d=mm&r=g","caption":"Beatriz Oliveira"},"url":"https:\/\/homolog.harald.com.br\/site-2026\/blog\/author\/beatriz-oliveira\/"}]}},"uagb_featured_image_src":{"full":["https:\/\/homolog.harald.com.br\/site-2026\/wp-content\/uploads\/2025\/06\/noticia-1.jpg",1920,1080,false],"thumbnail":["https:\/\/homolog.harald.com.br\/site-2026\/wp-content\/uploads\/2025\/06\/noticia-1-150x150.jpg",150,150,true],"medium":["https:\/\/homolog.harald.com.br\/site-2026\/wp-content\/uploads\/2025\/06\/noticia-1-300x169.jpg",300,169,true],"medium_large":["https:\/\/homolog.harald.com.br\/site-2026\/wp-content\/uploads\/2025\/06\/noticia-1-768x432.jpg",768,432,true],"large":["https:\/\/homolog.harald.com.br\/site-2026\/wp-content\/uploads\/2025\/06\/noticia-1-1024x576.jpg",1024,576,true],"1536x1536":["https:\/\/homolog.harald.com.br\/site-2026\/wp-content\/uploads\/2025\/06\/noticia-1-1536x864.jpg",1536,864,true],"2048x2048":["https:\/\/homolog.harald.com.br\/site-2026\/wp-content\/uploads\/2025\/06\/noticia-1.jpg",1920,1080,false],"full-width":["https:\/\/homolog.harald.com.br\/site-2026\/wp-content\/uploads\/2025\/06\/noticia-1.jpg",1920,1080,false],"gform-image-choice-sm":["https:\/\/homolog.harald.com.br\/site-2026\/wp-content\/uploads\/2025\/06\/noticia-1.jpg",300,169,false],"gform-image-choice-md":["https:\/\/homolog.harald.com.br\/site-2026\/wp-content\/uploads\/2025\/06\/noticia-1.jpg",400,225,false],"gform-image-choice-lg":["https:\/\/homolog.harald.com.br\/site-2026\/wp-content\/uploads\/2025\/06\/noticia-1.jpg",600,338,false]},"uagb_author_info":{"display_name":"Beatriz Oliveira","author_link":"https:\/\/homolog.harald.com.br\/site-2026\/blog\/author\/beatriz-oliveira\/"},"uagb_comment_info":0,"uagb_excerpt":"Harald Lan\u00e7a Recheio Forne\u00e1vel de Pistache e Amplia Solu\u00e7\u00f5es para o Mercado Profissional Atenta \u00e0s principais tend\u00eancias da confeitaria e do food service, a Harald, l\u00edder nacional em chocolates e coberturas para o mercado profissional, acaba de lan\u00e7ar o Recheio Forne\u00e1vel Confeiteiro sabor Pistache. A novidade chega para atender uma demanda crescente por ingredientes que&hellip;","_links":{"self":[{"href":"https:\/\/homolog.harald.com.br\/site-2026\/wp-json\/wp\/v2\/posts\/309646","targetHints":{"allow":["GET"]}}],"collection":[{"href":"https:\/\/homolog.harald.com.br\/site-2026\/wp-json\/wp\/v2\/posts"}],"about":[{"href":"https:\/\/homolog.harald.com.br\/site-2026\/wp-json\/wp\/v2\/types\/post"}],"author":[{"embeddable":true,"href":"https:\/\/homolog.harald.com.br\/site-2026\/wp-json\/wp\/v2\/users\/14"}],"replies":[{"embeddable":true,"href":"https:\/\/homolog.harald.com.br\/site-2026\/wp-json\/wp\/v2\/comments?post=309646"}],"version-history":[{"count":2,"href":"https:\/\/homolog.harald.com.br\/site-2026\/wp-json\/wp\/v2\/posts\/309646\/revisions"}],"predecessor-version":[{"id":309654,"href":"https:\/\/homolog.harald.com.br\/site-2026\/wp-json\/wp\/v2\/posts\/309646\/revisions\/309654"}],"wp:featuredmedia":[{"embeddable":true,"href":"https:\/\/homolog.harald.com.br\/site-2026\/wp-json\/wp\/v2\/media\/309648"}],"wp:attachment":[{"href":"https:\/\/homolog.harald.com.br\/site-2026\/wp-json\/wp\/v2\/media?parent=309646"}],"wp:term":[{"taxonomy":"category","embeddable":true,"href":"https:\/\/homolog.harald.com.br\/site-2026\/wp-json\/wp\/v2\/categories?post=309646"},{"taxonomy":"post_tag","embeddable":true,"href":"https:\/\/homolog.harald.com.br\/site-2026\/wp-json\/wp\/v2\/tags?post=309646"},{"taxonomy":"para-seu-negocio","embeddable":true,"href":"https:\/\/homolog.harald.com.br\/site-2026\/wp-json\/wp\/v2\/para-seu-negocio?post=309646"}],"curies":[{"name":"wp","href":"https:\/\/api.w.org\/{rel}","templated":true}]}}