{"id":308912,"date":"2025-06-20T16:52:09","date_gmt":"2025-06-20T19:52:09","guid":{"rendered":"https:\/\/homolog.harald.com.br\/site-2026\/?p=308912"},"modified":"2025-06-23T17:03:56","modified_gmt":"2025-06-23T20:03:56","slug":"vitoria-recebe-tiramisu-world-cup-brasil-com-patrocinio-da-harald","status":"publish","type":"post","link":"https:\/\/homolog.harald.com.br\/site-2026\/blog\/vitoria-recebe-tiramisu-world-cup-brasil-com-patrocinio-da-harald\/","title":{"rendered":"Vit\u00f3ria recebe Tiramis\u00f9 World Cup Brasil com Patroc\u00ednio da Harald"},"content":{"rendered":"<h2 data-start=\"155\" data-end=\"251\">Vit\u00f3ria recebe etapa da Tiramis\u00f9 World Cup Brasil com patroc\u00ednio da Harald neste fim de semana<\/h2>\n<p data-start=\"288\" data-end=\"534\">A confeitaria italiana ganha destaque em Vit\u00f3ria neste s\u00e1bado, 21 de junho, com a realiza\u00e7\u00e3o da etapa capixaba da Tiramis\u00f9 World Cup Brasil 2025, competi\u00e7\u00e3o internacional que busca eleger o melhor tiramis\u00f9 do pa\u00eds entre confeiteiros amadores.<\/p>\n<p data-start=\"288\" data-end=\"534\"><img loading=\"lazy\" decoding=\"async\" class=\"aligncenter wp-image-308915\" src=\"https:\/\/homolog.harald.com.br\/site-2026\/wp-content\/uploads\/2025\/06\/adobestock-1029203479-preview.jpeg\" alt=\"\" width=\"567\" height=\"318\" \/><\/p>\n<p data-start=\"536\" data-end=\"870\">Patrocinadora oficial do evento, a Harald, l\u00edder nacional em chocolates e coberturas para o setor de confeitaria, marca presen\u00e7a com a linha profissional Melken, reconhecida pela qualidade e versatilidade. O apoio refor\u00e7a o compromisso da empresa com o desenvolvimento da confeitaria brasileira e o incentivo ao talento local.<\/p>\n<p data-start=\"536\" data-end=\"870\">\u201cApoiamos eventos como este porque acreditamos na confeitaria como uma forma de transforma\u00e7\u00e3o. Ela revela talentos, movimenta a economia e cria conex\u00f5es afetivas por meio do sabor\u201d, afirma <strong data-start=\"1063\" data-end=\"1080\">Jonatas Fr\u00f3es<\/strong>, gerente de comunica\u00e7\u00e3o da Harald.<\/p>\n<p data-start=\"1117\" data-end=\"1563\">Al\u00e9m da disputa entre os participantes, o evento ser\u00e1 gratuito e aberto ao p\u00fablico. Os visitantes poder\u00e3o assistir \u00e0s apresenta\u00e7\u00f5es ao vivo e ainda saborear por\u00e7\u00f5es da tradicional sobremesa italiana, que estar\u00e3o \u00e0 venda no local. Por fim, o vencedor representar\u00e1 o Esp\u00edrito Santo na grande final nacional, que acontecer\u00e1 no dia 28 de junho, em Campinas (SP). Quem vencer essa etapa poder\u00e1 disputar a final mundial em Treviso, na It\u00e1lia, ber\u00e7o do tiramis\u00f9.<\/p>\n","protected":false},"excerpt":{"rendered":"<p>Vit\u00f3ria recebe etapa da Tiramis\u00f9 World Cup Brasil com patroc\u00ednio da Harald neste fim de semana A confeitaria italiana ganha destaque em Vit\u00f3ria neste s\u00e1bado, 21 de junho, com a realiza\u00e7\u00e3o da etapa capixaba da Tiramis\u00f9 World Cup Brasil 2025, competi\u00e7\u00e3o internacional que busca eleger o melhor tiramis\u00f9 do pa\u00eds entre confeiteiros amadores. Patrocinadora oficial <a class=\"more-link\" href=\"https:\/\/homolog.harald.com.br\/site-2026\/blog\/vitoria-recebe-tiramisu-world-cup-brasil-com-patrocinio-da-harald\/\">Read more&#8230;<\/a><\/p>\n","protected":false},"author":14,"featured_media":308915,"comment_status":"closed","ping_status":"closed","sticky":false,"template":"","format":"standard","meta":{"_acf_changed":false,"_uag_custom_page_level_css":"","footnotes":""},"categories":[158],"tags":[],"para-seu-negocio":[],"class_list":["post-308912","post","type-post","status-publish","format-standard","has-post-thumbnail","hentry","category-noticias"],"acf":[],"yoast_head":"<!-- This site is optimized with the Yoast SEO plugin v26.3 - https:\/\/yoast.com\/wordpress\/plugins\/seo\/ -->\n<title>Vit\u00f3ria recebe Tiramis\u00f9 World Cup Brasil com Patroc\u00ednio da Harald - Harald<\/title>\n<meta name=\"description\" content=\"Vit\u00f3ria recebe a Tiramis\u00f9 World Cup Brasil 2025 com patroc\u00ednio da Harald. Etapa gratuita e aberta ao p\u00fablico ser\u00e1 realizada em 21 de junho.\" \/>\n<meta name=\"robots\" content=\"noindex, follow, max-snippet:-1, max-image-preview:large, max-video-preview:-1\" \/>\n<meta property=\"og:locale\" content=\"pt_BR\" \/>\n<meta property=\"og:type\" content=\"article\" \/>\n<meta property=\"og:title\" content=\"Vit\u00f3ria recebe Tiramis\u00f9 World Cup Brasil com Patroc\u00ednio da Harald - Harald\" \/>\n<meta property=\"og:description\" content=\"Vit\u00f3ria recebe a Tiramis\u00f9 World Cup Brasil 2025 com patroc\u00ednio da Harald. Etapa gratuita e aberta ao p\u00fablico ser\u00e1 realizada em 21 de junho.\" \/>\n<meta property=\"og:url\" content=\"https:\/\/homolog.harald.com.br\/site-2026\/blog\/vitoria-recebe-tiramisu-world-cup-brasil-com-patrocinio-da-harald\/\" \/>\n<meta property=\"og:site_name\" content=\"Harald\" \/>\n<meta property=\"article:publisher\" content=\"https:\/\/www.facebook.com\/HaraldChocolates\/\" \/>\n<meta property=\"article:published_time\" content=\"2025-06-20T19:52:09+00:00\" \/>\n<meta property=\"article:modified_time\" content=\"2025-06-23T20:03:56+00:00\" \/>\n<meta property=\"og:image\" content=\"https:\/\/homolog.harald.com.br\/site-2026\/wp-content\/uploads\/2025\/06\/adobestock-1029203479-preview-e1750708567573.jpeg\" \/>\n\t<meta property=\"og:image:width\" content=\"881\" \/>\n\t<meta property=\"og:image:height\" content=\"560\" \/>\n\t<meta property=\"og:image:type\" content=\"image\/jpeg\" \/>\n<meta name=\"author\" content=\"Beatriz Oliveira\" \/>\n<meta name=\"twitter:card\" content=\"summary_large_image\" \/>\n<meta name=\"twitter:label1\" content=\"Escrito por\" \/>\n\t<meta name=\"twitter:data1\" content=\"Beatriz Oliveira\" \/>\n\t<meta name=\"twitter:label2\" content=\"Est. tempo de leitura\" \/>\n\t<meta name=\"twitter:data2\" content=\"2 minutos\" \/>\n<script type=\"application\/ld+json\" class=\"yoast-schema-graph\">{\"@context\":\"https:\/\/schema.org\",\"@graph\":[{\"@type\":\"Article\",\"@id\":\"https:\/\/homolog.harald.com.br\/site-2026\/blog\/vitoria-recebe-tiramisu-world-cup-brasil-com-patrocinio-da-harald\/#article\",\"isPartOf\":{\"@id\":\"https:\/\/homolog.harald.com.br\/site-2026\/blog\/vitoria-recebe-tiramisu-world-cup-brasil-com-patrocinio-da-harald\/\"},\"author\":{\"name\":\"Beatriz Oliveira\",\"@id\":\"https:\/\/homolog.harald.com.br\/site-2026\/#\/schema\/person\/c71700dd47fb39a337c7f9b89d5e3a00\"},\"headline\":\"Vit\u00f3ria recebe Tiramis\u00f9 World Cup Brasil com Patroc\u00ednio da Harald\",\"datePublished\":\"2025-06-20T19:52:09+00:00\",\"dateModified\":\"2025-06-23T20:03:56+00:00\",\"mainEntityOfPage\":{\"@id\":\"https:\/\/homolog.harald.com.br\/site-2026\/blog\/vitoria-recebe-tiramisu-world-cup-brasil-com-patrocinio-da-harald\/\"},\"wordCount\":241,\"publisher\":{\"@id\":\"https:\/\/homolog.harald.com.br\/site-2026\/#organization\"},\"image\":{\"@id\":\"https:\/\/homolog.harald.com.br\/site-2026\/blog\/vitoria-recebe-tiramisu-world-cup-brasil-com-patrocinio-da-harald\/#primaryimage\"},\"thumbnailUrl\":\"https:\/\/homolog.harald.com.br\/site-2026\/wp-content\/uploads\/2025\/06\/adobestock-1029203479-preview-e1750708567573.jpeg\",\"articleSection\":[\"Not\u00edcias\"],\"inLanguage\":\"pt-BR\"},{\"@type\":\"WebPage\",\"@id\":\"https:\/\/homolog.harald.com.br\/site-2026\/blog\/vitoria-recebe-tiramisu-world-cup-brasil-com-patrocinio-da-harald\/\",\"url\":\"https:\/\/homolog.harald.com.br\/site-2026\/blog\/vitoria-recebe-tiramisu-world-cup-brasil-com-patrocinio-da-harald\/\",\"name\":\"Vit\u00f3ria recebe Tiramis\u00f9 World Cup Brasil com Patroc\u00ednio da Harald - Harald\",\"isPartOf\":{\"@id\":\"https:\/\/homolog.harald.com.br\/site-2026\/#website\"},\"primaryImageOfPage\":{\"@id\":\"https:\/\/homolog.harald.com.br\/site-2026\/blog\/vitoria-recebe-tiramisu-world-cup-brasil-com-patrocinio-da-harald\/#primaryimage\"},\"image\":{\"@id\":\"https:\/\/homolog.harald.com.br\/site-2026\/blog\/vitoria-recebe-tiramisu-world-cup-brasil-com-patrocinio-da-harald\/#primaryimage\"},\"thumbnailUrl\":\"https:\/\/homolog.harald.com.br\/site-2026\/wp-content\/uploads\/2025\/06\/adobestock-1029203479-preview-e1750708567573.jpeg\",\"datePublished\":\"2025-06-20T19:52:09+00:00\",\"dateModified\":\"2025-06-23T20:03:56+00:00\",\"description\":\"Vit\u00f3ria recebe a Tiramis\u00f9 World Cup Brasil 2025 com patroc\u00ednio da Harald. Etapa gratuita e aberta ao p\u00fablico ser\u00e1 realizada em 21 de junho.\",\"breadcrumb\":{\"@id\":\"https:\/\/homolog.harald.com.br\/site-2026\/blog\/vitoria-recebe-tiramisu-world-cup-brasil-com-patrocinio-da-harald\/#breadcrumb\"},\"inLanguage\":\"pt-BR\",\"potentialAction\":[{\"@type\":\"ReadAction\",\"target\":[\"https:\/\/homolog.harald.com.br\/site-2026\/blog\/vitoria-recebe-tiramisu-world-cup-brasil-com-patrocinio-da-harald\/\"]}]},{\"@type\":\"ImageObject\",\"inLanguage\":\"pt-BR\",\"@id\":\"https:\/\/homolog.harald.com.br\/site-2026\/blog\/vitoria-recebe-tiramisu-world-cup-brasil-com-patrocinio-da-harald\/#primaryimage\",\"url\":\"https:\/\/homolog.harald.com.br\/site-2026\/wp-content\/uploads\/2025\/06\/adobestock-1029203479-preview-e1750708567573.jpeg\",\"contentUrl\":\"https:\/\/homolog.harald.com.br\/site-2026\/wp-content\/uploads\/2025\/06\/adobestock-1029203479-preview-e1750708567573.jpeg\",\"width\":881,\"height\":560},{\"@type\":\"BreadcrumbList\",\"@id\":\"https:\/\/homolog.harald.com.br\/site-2026\/blog\/vitoria-recebe-tiramisu-world-cup-brasil-com-patrocinio-da-harald\/#breadcrumb\",\"itemListElement\":[{\"@type\":\"ListItem\",\"position\":1,\"name\":\"In\u00edcio\",\"item\":\"https:\/\/homolog.harald.com.br\/site-2026\/\"},{\"@type\":\"ListItem\",\"position\":2,\"name\":\"Vit\u00f3ria recebe Tiramis\u00f9 World Cup Brasil com Patroc\u00ednio da Harald\"}]},{\"@type\":\"WebSite\",\"@id\":\"https:\/\/homolog.harald.com.br\/site-2026\/#website\",\"url\":\"https:\/\/homolog.harald.com.br\/site-2026\/\",\"name\":\"Harald\",\"description\":\"Fazer melhor \u00e9 fazer com paix\u00e3o\",\"publisher\":{\"@id\":\"https:\/\/homolog.harald.com.br\/site-2026\/#organization\"},\"potentialAction\":[{\"@type\":\"SearchAction\",\"target\":{\"@type\":\"EntryPoint\",\"urlTemplate\":\"https:\/\/homolog.harald.com.br\/site-2026\/?s={search_term_string}\"},\"query-input\":{\"@type\":\"PropertyValueSpecification\",\"valueRequired\":true,\"valueName\":\"search_term_string\"}}],\"inLanguage\":\"pt-BR\"},{\"@type\":\"Organization\",\"@id\":\"https:\/\/homolog.harald.com.br\/site-2026\/#organization\",\"name\":\"Harald\",\"url\":\"https:\/\/homolog.harald.com.br\/site-2026\/\",\"logo\":{\"@type\":\"ImageObject\",\"inLanguage\":\"pt-BR\",\"@id\":\"https:\/\/homolog.harald.com.br\/site-2026\/#\/schema\/logo\/image\/\",\"url\":\"https:\/\/homolog.harald.com.br\/site-2026\/wp-content\/uploads\/2022\/09\/logo-harald-cmyk-ss.png\",\"contentUrl\":\"https:\/\/homolog.harald.com.br\/site-2026\/wp-content\/uploads\/2022\/09\/logo-harald-cmyk-ss.png\",\"width\":1948,\"height\":1051,\"caption\":\"Harald\"},\"image\":{\"@id\":\"https:\/\/homolog.harald.com.br\/site-2026\/#\/schema\/logo\/image\/\"},\"sameAs\":[\"https:\/\/www.facebook.com\/HaraldChocolates\/\",\"https:\/\/www.youtube.com\/user\/HaraldChocolates\"]},{\"@type\":\"Person\",\"@id\":\"https:\/\/homolog.harald.com.br\/site-2026\/#\/schema\/person\/c71700dd47fb39a337c7f9b89d5e3a00\",\"name\":\"Beatriz Oliveira\",\"image\":{\"@type\":\"ImageObject\",\"inLanguage\":\"pt-BR\",\"@id\":\"https:\/\/homolog.harald.com.br\/site-2026\/#\/schema\/person\/image\/\",\"url\":\"https:\/\/secure.gravatar.com\/avatar\/fdc870643b67a6486b6bef59d475b1e7dea17130b70a2178f5716399590234e6?s=96&d=mm&r=g\",\"contentUrl\":\"https:\/\/secure.gravatar.com\/avatar\/fdc870643b67a6486b6bef59d475b1e7dea17130b70a2178f5716399590234e6?s=96&d=mm&r=g\",\"caption\":\"Beatriz Oliveira\"},\"url\":\"https:\/\/homolog.harald.com.br\/site-2026\/blog\/author\/beatriz-oliveira\/\"}]}<\/script>\n<!-- \/ Yoast SEO plugin. -->","yoast_head_json":{"title":"Vit\u00f3ria recebe Tiramis\u00f9 World Cup Brasil com Patroc\u00ednio da Harald - Harald","description":"Vit\u00f3ria recebe a Tiramis\u00f9 World Cup Brasil 2025 com patroc\u00ednio da Harald. Etapa gratuita e aberta ao p\u00fablico ser\u00e1 realizada em 21 de junho.","robots":{"index":"noindex","follow":"follow","max-snippet":"max-snippet:-1","max-image-preview":"max-image-preview:large","max-video-preview":"max-video-preview:-1"},"og_locale":"pt_BR","og_type":"article","og_title":"Vit\u00f3ria recebe Tiramis\u00f9 World Cup Brasil com Patroc\u00ednio da Harald - Harald","og_description":"Vit\u00f3ria recebe a Tiramis\u00f9 World Cup Brasil 2025 com patroc\u00ednio da Harald. Etapa gratuita e aberta ao p\u00fablico ser\u00e1 realizada em 21 de junho.","og_url":"https:\/\/homolog.harald.com.br\/site-2026\/blog\/vitoria-recebe-tiramisu-world-cup-brasil-com-patrocinio-da-harald\/","og_site_name":"Harald","article_publisher":"https:\/\/www.facebook.com\/HaraldChocolates\/","article_published_time":"2025-06-20T19:52:09+00:00","article_modified_time":"2025-06-23T20:03:56+00:00","og_image":[{"width":881,"height":560,"url":"https:\/\/homolog.harald.com.br\/site-2026\/wp-content\/uploads\/2025\/06\/adobestock-1029203479-preview-e1750708567573.jpeg","type":"image\/jpeg"}],"author":"Beatriz Oliveira","twitter_card":"summary_large_image","twitter_misc":{"Escrito por":"Beatriz Oliveira","Est. tempo de leitura":"2 minutos"},"schema":{"@context":"https:\/\/schema.org","@graph":[{"@type":"Article","@id":"https:\/\/homolog.harald.com.br\/site-2026\/blog\/vitoria-recebe-tiramisu-world-cup-brasil-com-patrocinio-da-harald\/#article","isPartOf":{"@id":"https:\/\/homolog.harald.com.br\/site-2026\/blog\/vitoria-recebe-tiramisu-world-cup-brasil-com-patrocinio-da-harald\/"},"author":{"name":"Beatriz Oliveira","@id":"https:\/\/homolog.harald.com.br\/site-2026\/#\/schema\/person\/c71700dd47fb39a337c7f9b89d5e3a00"},"headline":"Vit\u00f3ria recebe Tiramis\u00f9 World Cup Brasil com Patroc\u00ednio da Harald","datePublished":"2025-06-20T19:52:09+00:00","dateModified":"2025-06-23T20:03:56+00:00","mainEntityOfPage":{"@id":"https:\/\/homolog.harald.com.br\/site-2026\/blog\/vitoria-recebe-tiramisu-world-cup-brasil-com-patrocinio-da-harald\/"},"wordCount":241,"publisher":{"@id":"https:\/\/homolog.harald.com.br\/site-2026\/#organization"},"image":{"@id":"https:\/\/homolog.harald.com.br\/site-2026\/blog\/vitoria-recebe-tiramisu-world-cup-brasil-com-patrocinio-da-harald\/#primaryimage"},"thumbnailUrl":"https:\/\/homolog.harald.com.br\/site-2026\/wp-content\/uploads\/2025\/06\/adobestock-1029203479-preview-e1750708567573.jpeg","articleSection":["Not\u00edcias"],"inLanguage":"pt-BR"},{"@type":"WebPage","@id":"https:\/\/homolog.harald.com.br\/site-2026\/blog\/vitoria-recebe-tiramisu-world-cup-brasil-com-patrocinio-da-harald\/","url":"https:\/\/homolog.harald.com.br\/site-2026\/blog\/vitoria-recebe-tiramisu-world-cup-brasil-com-patrocinio-da-harald\/","name":"Vit\u00f3ria recebe Tiramis\u00f9 World Cup Brasil com Patroc\u00ednio da Harald - Harald","isPartOf":{"@id":"https:\/\/homolog.harald.com.br\/site-2026\/#website"},"primaryImageOfPage":{"@id":"https:\/\/homolog.harald.com.br\/site-2026\/blog\/vitoria-recebe-tiramisu-world-cup-brasil-com-patrocinio-da-harald\/#primaryimage"},"image":{"@id":"https:\/\/homolog.harald.com.br\/site-2026\/blog\/vitoria-recebe-tiramisu-world-cup-brasil-com-patrocinio-da-harald\/#primaryimage"},"thumbnailUrl":"https:\/\/homolog.harald.com.br\/site-2026\/wp-content\/uploads\/2025\/06\/adobestock-1029203479-preview-e1750708567573.jpeg","datePublished":"2025-06-20T19:52:09+00:00","dateModified":"2025-06-23T20:03:56+00:00","description":"Vit\u00f3ria recebe a Tiramis\u00f9 World Cup Brasil 2025 com patroc\u00ednio da Harald. Etapa gratuita e aberta ao p\u00fablico ser\u00e1 realizada em 21 de junho.","breadcrumb":{"@id":"https:\/\/homolog.harald.com.br\/site-2026\/blog\/vitoria-recebe-tiramisu-world-cup-brasil-com-patrocinio-da-harald\/#breadcrumb"},"inLanguage":"pt-BR","potentialAction":[{"@type":"ReadAction","target":["https:\/\/homolog.harald.com.br\/site-2026\/blog\/vitoria-recebe-tiramisu-world-cup-brasil-com-patrocinio-da-harald\/"]}]},{"@type":"ImageObject","inLanguage":"pt-BR","@id":"https:\/\/homolog.harald.com.br\/site-2026\/blog\/vitoria-recebe-tiramisu-world-cup-brasil-com-patrocinio-da-harald\/#primaryimage","url":"https:\/\/homolog.harald.com.br\/site-2026\/wp-content\/uploads\/2025\/06\/adobestock-1029203479-preview-e1750708567573.jpeg","contentUrl":"https:\/\/homolog.harald.com.br\/site-2026\/wp-content\/uploads\/2025\/06\/adobestock-1029203479-preview-e1750708567573.jpeg","width":881,"height":560},{"@type":"BreadcrumbList","@id":"https:\/\/homolog.harald.com.br\/site-2026\/blog\/vitoria-recebe-tiramisu-world-cup-brasil-com-patrocinio-da-harald\/#breadcrumb","itemListElement":[{"@type":"ListItem","position":1,"name":"In\u00edcio","item":"https:\/\/homolog.harald.com.br\/site-2026\/"},{"@type":"ListItem","position":2,"name":"Vit\u00f3ria recebe Tiramis\u00f9 World Cup Brasil com Patroc\u00ednio da Harald"}]},{"@type":"WebSite","@id":"https:\/\/homolog.harald.com.br\/site-2026\/#website","url":"https:\/\/homolog.harald.com.br\/site-2026\/","name":"Harald","description":"Fazer melhor \u00e9 fazer com paix\u00e3o","publisher":{"@id":"https:\/\/homolog.harald.com.br\/site-2026\/#organization"},"potentialAction":[{"@type":"SearchAction","target":{"@type":"EntryPoint","urlTemplate":"https:\/\/homolog.harald.com.br\/site-2026\/?s={search_term_string}"},"query-input":{"@type":"PropertyValueSpecification","valueRequired":true,"valueName":"search_term_string"}}],"inLanguage":"pt-BR"},{"@type":"Organization","@id":"https:\/\/homolog.harald.com.br\/site-2026\/#organization","name":"Harald","url":"https:\/\/homolog.harald.com.br\/site-2026\/","logo":{"@type":"ImageObject","inLanguage":"pt-BR","@id":"https:\/\/homolog.harald.com.br\/site-2026\/#\/schema\/logo\/image\/","url":"https:\/\/homolog.harald.com.br\/site-2026\/wp-content\/uploads\/2022\/09\/logo-harald-cmyk-ss.png","contentUrl":"https:\/\/homolog.harald.com.br\/site-2026\/wp-content\/uploads\/2022\/09\/logo-harald-cmyk-ss.png","width":1948,"height":1051,"caption":"Harald"},"image":{"@id":"https:\/\/homolog.harald.com.br\/site-2026\/#\/schema\/logo\/image\/"},"sameAs":["https:\/\/www.facebook.com\/HaraldChocolates\/","https:\/\/www.youtube.com\/user\/HaraldChocolates"]},{"@type":"Person","@id":"https:\/\/homolog.harald.com.br\/site-2026\/#\/schema\/person\/c71700dd47fb39a337c7f9b89d5e3a00","name":"Beatriz Oliveira","image":{"@type":"ImageObject","inLanguage":"pt-BR","@id":"https:\/\/homolog.harald.com.br\/site-2026\/#\/schema\/person\/image\/","url":"https:\/\/secure.gravatar.com\/avatar\/fdc870643b67a6486b6bef59d475b1e7dea17130b70a2178f5716399590234e6?s=96&d=mm&r=g","contentUrl":"https:\/\/secure.gravatar.com\/avatar\/fdc870643b67a6486b6bef59d475b1e7dea17130b70a2178f5716399590234e6?s=96&d=mm&r=g","caption":"Beatriz Oliveira"},"url":"https:\/\/homolog.harald.com.br\/site-2026\/blog\/author\/beatriz-oliveira\/"}]}},"uagb_featured_image_src":{"full":["https:\/\/homolog.harald.com.br\/site-2026\/wp-content\/uploads\/2025\/06\/adobestock-1029203479-preview-e1750708567573.jpeg",881,560,false],"thumbnail":["https:\/\/homolog.harald.com.br\/site-2026\/wp-content\/uploads\/2025\/06\/adobestock-1029203479-preview-e1750708567573-150x150.jpeg",150,150,true],"medium":["https:\/\/homolog.harald.com.br\/site-2026\/wp-content\/uploads\/2025\/06\/adobestock-1029203479-preview-e1750708567573-300x191.jpeg",300,191,true],"medium_large":["https:\/\/homolog.harald.com.br\/site-2026\/wp-content\/uploads\/2025\/06\/adobestock-1029203479-preview-e1750708567573-768x488.jpeg",768,488,true],"large":["https:\/\/homolog.harald.com.br\/site-2026\/wp-content\/uploads\/2025\/06\/adobestock-1029203479-preview-e1750708567573.jpeg",881,560,false],"1536x1536":["https:\/\/homolog.harald.com.br\/site-2026\/wp-content\/uploads\/2025\/06\/adobestock-1029203479-preview-e1750708567573.jpeg",881,560,false],"2048x2048":["https:\/\/homolog.harald.com.br\/site-2026\/wp-content\/uploads\/2025\/06\/adobestock-1029203479-preview-e1750708567573.jpeg",881,560,false],"full-width":["https:\/\/homolog.harald.com.br\/site-2026\/wp-content\/uploads\/2025\/06\/adobestock-1029203479-preview-e1750708567573.jpeg",881,560,false],"gform-image-choice-sm":["https:\/\/homolog.harald.com.br\/site-2026\/wp-content\/uploads\/2025\/06\/adobestock-1029203479-preview-e1750708567573.jpeg",300,191,false],"gform-image-choice-md":["https:\/\/homolog.harald.com.br\/site-2026\/wp-content\/uploads\/2025\/06\/adobestock-1029203479-preview-e1750708567573.jpeg",400,254,false],"gform-image-choice-lg":["https:\/\/homolog.harald.com.br\/site-2026\/wp-content\/uploads\/2025\/06\/adobestock-1029203479-preview-e1750708567573.jpeg",600,381,false]},"uagb_author_info":{"display_name":"Beatriz Oliveira","author_link":"https:\/\/homolog.harald.com.br\/site-2026\/blog\/author\/beatriz-oliveira\/"},"uagb_comment_info":0,"uagb_excerpt":"Vit\u00f3ria recebe etapa da Tiramis\u00f9 World Cup Brasil com patroc\u00ednio da Harald neste fim de semana A confeitaria italiana ganha destaque em Vit\u00f3ria neste s\u00e1bado, 21 de junho, com a realiza\u00e7\u00e3o da etapa capixaba da Tiramis\u00f9 World Cup Brasil 2025, competi\u00e7\u00e3o internacional que busca eleger o melhor tiramis\u00f9 do pa\u00eds entre confeiteiros amadores. Patrocinadora oficial&hellip;","_links":{"self":[{"href":"https:\/\/homolog.harald.com.br\/site-2026\/wp-json\/wp\/v2\/posts\/308912","targetHints":{"allow":["GET"]}}],"collection":[{"href":"https:\/\/homolog.harald.com.br\/site-2026\/wp-json\/wp\/v2\/posts"}],"about":[{"href":"https:\/\/homolog.harald.com.br\/site-2026\/wp-json\/wp\/v2\/types\/post"}],"author":[{"embeddable":true,"href":"https:\/\/homolog.harald.com.br\/site-2026\/wp-json\/wp\/v2\/users\/14"}],"replies":[{"embeddable":true,"href":"https:\/\/homolog.harald.com.br\/site-2026\/wp-json\/wp\/v2\/comments?post=308912"}],"version-history":[{"count":2,"href":"https:\/\/homolog.harald.com.br\/site-2026\/wp-json\/wp\/v2\/posts\/308912\/revisions"}],"predecessor-version":[{"id":308918,"href":"https:\/\/homolog.harald.com.br\/site-2026\/wp-json\/wp\/v2\/posts\/308912\/revisions\/308918"}],"wp:featuredmedia":[{"embeddable":true,"href":"https:\/\/homolog.harald.com.br\/site-2026\/wp-json\/wp\/v2\/media\/308915"}],"wp:attachment":[{"href":"https:\/\/homolog.harald.com.br\/site-2026\/wp-json\/wp\/v2\/media?parent=308912"}],"wp:term":[{"taxonomy":"category","embeddable":true,"href":"https:\/\/homolog.harald.com.br\/site-2026\/wp-json\/wp\/v2\/categories?post=308912"},{"taxonomy":"post_tag","embeddable":true,"href":"https:\/\/homolog.harald.com.br\/site-2026\/wp-json\/wp\/v2\/tags?post=308912"},{"taxonomy":"para-seu-negocio","embeddable":true,"href":"https:\/\/homolog.harald.com.br\/site-2026\/wp-json\/wp\/v2\/para-seu-negocio?post=308912"}],"curies":[{"name":"wp","href":"https:\/\/api.w.org\/{rel}","templated":true}]}}