{"id":295445,"date":"2025-05-20T11:46:39","date_gmt":"2025-05-20T14:46:39","guid":{"rendered":"https:\/\/homolog.harald.com.br\/site-2026\/?p=295445"},"modified":"2025-05-22T12:14:24","modified_gmt":"2025-05-22T15:14:24","slug":"brigadeiro-de-cafe-duas-paixoes-nacionais-em-uma-so-receita","status":"publish","type":"post","link":"https:\/\/homolog.harald.com.br\/site-2026\/blog\/brigadeiro-de-cafe-duas-paixoes-nacionais-em-uma-so-receita\/","title":{"rendered":"Brigadeiro de Caf\u00e9: duas paix\u00f5es nacionais em uma s\u00f3 receita!"},"content":{"rendered":"<h3 data-start=\"163\" data-end=\"275\">Brigadeiro de Caf\u00e9: duas paix\u00f5es nacionais em uma s\u00f3 receita com a Harald para celebrar o Dia Nacional do Caf\u00e9<\/h3>\n<p class=\"\" data-start=\"312\" data-end=\"642\">O caf\u00e9 \u00e9 mais do que uma bebida para o brasileiro. Ele representa um h\u00e1bito di\u00e1rio, um s\u00edmbolo cultural e um dos sabores mais consumidos no pa\u00eds. Assim, para celebrar essa paix\u00e3o, a Harald, refer\u00eancia no mercado de chocolates e coberturas, apresenta uma receita irresist\u00edvel: o Brigadeiro de Caf\u00e9.<\/p>\n<h3 data-start=\"644\" data-end=\"685\">Uma combina\u00e7\u00e3o que conquista paladares<\/h3>\n<p class=\"\" data-start=\"687\" data-end=\"881\">Unindo dois cl\u00e1ssicos nacionais \u2014 caf\u00e9 e brigadeiro \u2014, a Harald criou uma proposta simples, pr\u00e1tica e extremamente saborosa para marcar o Dia Nacional do Caf\u00e9, comemorado em 24 de maio.<\/p>\n<p class=\"\" data-start=\"883\" data-end=\"1126\">Essa vers\u00e3o especial do brigadeiro entrega um sabor marcante, com a cremosidade do chocolate e a intensidade do caf\u00e9, resultando em uma experi\u00eancia sensorial \u00fanica. Assim, ideal para presentear, vender ou simplesmente saborear em um momento especial.<\/p>\n<p data-start=\"883\" data-end=\"1126\"><img loading=\"lazy\" decoding=\"async\" class=\"aligncenter wp-image-295448 \" src=\"https:\/\/homolog.harald.com.br\/site-2026\/wp-content\/uploads\/2025\/05\/brigadeiro-de-cafe-scaled.jpg\" alt=\"Brigadeiro de Caf\u00e9\" width=\"630\" height=\"354\" srcset=\"https:\/\/homolog.harald.com.br\/site-2026\/wp-content\/uploads\/2025\/05\/brigadeiro-de-cafe-scaled.jpg 2560w, https:\/\/homolog.harald.com.br\/site-2026\/wp-content\/uploads\/2025\/05\/brigadeiro-de-cafe-300x169.jpg 300w, https:\/\/homolog.harald.com.br\/site-2026\/wp-content\/uploads\/2025\/05\/brigadeiro-de-cafe-1024x575.jpg 1024w, https:\/\/homolog.harald.com.br\/site-2026\/wp-content\/uploads\/2025\/05\/brigadeiro-de-cafe-768x432.jpg 768w, https:\/\/homolog.harald.com.br\/site-2026\/wp-content\/uploads\/2025\/05\/brigadeiro-de-cafe-1536x863.jpg 1536w, https:\/\/homolog.harald.com.br\/site-2026\/wp-content\/uploads\/2025\/05\/brigadeiro-de-cafe-2048x1151.jpg 2048w, https:\/\/homolog.harald.com.br\/site-2026\/wp-content\/uploads\/2025\/05\/brigadeiro-de-cafe-1920x1079.jpg 1920w\" sizes=\"auto, (max-width: 630px) 100vw, 630px\" \/><\/p>\n<h3 data-start=\"1128\" data-end=\"1178\">Receita com sabor, praticidade e valor agregado<\/h3>\n<p class=\"\" data-start=\"1180\" data-end=\"1507\">O Brigadeiro de Caf\u00e9 Harald \u00e9 desenvolvido com Chocolate em P\u00f3 Melken 50% cacau, que proporciona equil\u00edbrio perfeito entre do\u00e7ura e intensidade. E ent\u00e3o, na finaliza\u00e7\u00e3o, o toque especial fica por conta do Granul\u00e9 de Chocolate ao Leite Melken e dos gr\u00e3os de caf\u00e9 torrado, que oferecem croc\u00e2ncia, aroma e um visual encantador.<\/p>\n<p class=\"\" data-start=\"1509\" data-end=\"1568\">Segundo a chef chocolatier Elliott Drimus, da Harald: \u201c\u00c9 uma receita que une duas paix\u00f5es do brasileiro em um \u00fanico doce. Al\u00e9m disso, \u00e9 d\u00e1cil de fazer, com \u00f3timo rendimento e um visual que chama aten\u00e7\u00e3o no balc\u00e3o de vendas.\u201d<\/p>\n<p class=\"\" data-start=\"1729\" data-end=\"1832\">Al\u00e9m disso, o profissional destaca que essa \u00e9 uma excelente op\u00e7\u00e3o para quem empreende na confeitaria. \u201cO brigadeiro \u00e9 o doce mais popular do pa\u00eds e, quando feito em vers\u00f5es criativas como esta, se transforma em um produto de alto valor agregado\u201d, completa.<\/p>\n<h2 class=\"\" data-start=\"1991\" data-end=\"2041\">Aprenda a fazer o Brigadeiro de Caf\u00e9 com Melken<\/h2>\n<h3 class=\"\" data-start=\"2043\" data-end=\"2059\">Ingredientes<\/h3>\n<p class=\"\" data-start=\"2061\" data-end=\"2073\"><strong data-start=\"2061\" data-end=\"2071\">Massa:<\/strong><\/p>\n<ul data-start=\"2074\" data-end=\"2250\">\n<li class=\"\" data-start=\"2074\" data-end=\"2103\">\n<p class=\"\" data-start=\"2076\" data-end=\"2103\">395 g de leite condensado<\/p>\n<\/li>\n<li class=\"\" data-start=\"2104\" data-end=\"2131\">\n<p class=\"\" data-start=\"2106\" data-end=\"2131\">200 g de creme de leite<\/p>\n<\/li>\n<li class=\"\" data-start=\"2132\" data-end=\"2156\">\n<p class=\"\" data-start=\"2134\" data-end=\"2156\">15 g de caf\u00e9 sol\u00favel<\/p>\n<\/li>\n<li class=\"\" data-start=\"2157\" data-end=\"2201\">\n<p class=\"\" data-start=\"2159\" data-end=\"2201\">20 g de Chocolate em P\u00f3 Melken 50% cacau<\/p>\n<\/li>\n<li class=\"\" data-start=\"2202\" data-end=\"2230\">\n<p class=\"\" data-start=\"2204\" data-end=\"2230\">20 g de manteiga sem sal<\/p>\n<\/li>\n<li class=\"\" data-start=\"2231\" data-end=\"2250\">\n<p class=\"\" data-start=\"2233\" data-end=\"2250\">20 g de glucose<\/p>\n<\/li>\n<\/ul>\n<p class=\"\" data-start=\"2252\" data-end=\"2270\"><strong data-start=\"2252\" data-end=\"2268\">Finaliza\u00e7\u00e3o:<\/strong><\/p>\n<ul data-start=\"2271\" data-end=\"2352\">\n<li class=\"\" data-start=\"2271\" data-end=\"2312\">\n<p class=\"\" data-start=\"2273\" data-end=\"2312\">Granul\u00e9 Melken Ao Leite, quanto baste<\/p>\n<\/li>\n<li class=\"\" data-start=\"2313\" data-end=\"2352\">\n<p class=\"\" data-start=\"2315\" data-end=\"2352\">Gr\u00e3os de caf\u00e9 torrado, quanto baste<\/p>\n<\/li>\n<\/ul>\n<h3 class=\"\" data-start=\"2354\" data-end=\"2373\">Modo de preparo<\/h3>\n<p class=\"\" data-start=\"2375\" data-end=\"2635\"><strong data-start=\"2375\" data-end=\"2397\">1. Prepare a massa<\/strong><br data-start=\"2397\" data-end=\"2400\" \/>Em primeiro lugar, dissolva o caf\u00e9 sol\u00favel no creme de leite at\u00e9 obter uma mistura homog\u00eanea. Em seguida, adicione o leite condensado, o <strong data-start=\"2506\" data-end=\"2536\">Chocolate em P\u00f3 Melken 50%<\/strong>, a manteiga e a glucose. E ent\u00e3o, cozinhe em fogo m\u00e9dio, mexendo sempre, at\u00e9 atingir o ponto de brigadeiro.<\/p>\n<p class=\"\" data-start=\"2637\" data-end=\"2778\"><strong data-start=\"2637\" data-end=\"2657\">2. Deixe esfriar<\/strong><br data-start=\"2657\" data-end=\"2660\" \/>Logo depois, transfira a massa para um recipiente untado, cubra com filme pl\u00e1stico em contato direto e deixe esfriar completamente.<\/p>\n<p class=\"\" data-start=\"2780\" data-end=\"2950\"><strong data-start=\"2780\" data-end=\"2804\">3. Modele e finalize<\/strong><br data-start=\"2804\" data-end=\"2807\" \/>Por fim, modele bolinhas de aproximadamente 20 g. Passe no <strong data-start=\"2857\" data-end=\"2884\">Granul\u00e9 Melken Ao Leite<\/strong> e finalize cada brigadeiro com um gr\u00e3o de caf\u00e9 torrado no topo.<\/p>\n<h3 class=\"\" data-start=\"2952\" data-end=\"2987\">Rendimento e tempo de preparo do Brigadeiro de Caf\u00e9<\/h3>\n<ul data-start=\"2988\" data-end=\"3060\">\n<li class=\"\" data-start=\"2988\" data-end=\"3023\">\n<p class=\"\" data-start=\"2990\" data-end=\"3023\"><strong data-start=\"2990\" data-end=\"3005\">Rendimento:<\/strong> at\u00e9 25 unidades<\/p>\n<\/li>\n<li class=\"\" data-start=\"3024\" data-end=\"3060\">\n<p class=\"\" data-start=\"3026\" data-end=\"3060\"><strong data-start=\"3026\" data-end=\"3047\">Tempo de preparo:<\/strong> 40 minutos<\/p>\n<\/li>\n<\/ul>\n<h3 data-start=\"3062\" data-end=\"3109\">Uma receita com o sabor e a qualidade Harald<\/h3>\n<p class=\"\" data-start=\"3111\" data-end=\"3295\">Seja para inovar no card\u00e1pio, aumentar as vendas ou oferecer uma lembran\u00e7a cheia de carinho, o Brigadeiro de Caf\u00e9 com Melken \u00e9 uma op\u00e7\u00e3o que alia facilidade, sabor e sofistica\u00e7\u00e3o.<\/p>\n<h3 data-start=\"3297\" data-end=\"3321\">Sobre Melken e Harald<\/h3>\n<p class=\"\" data-start=\"3323\" data-end=\"3557\">A linha Melken, da Harald, \u00e9 reconhecida em todo o Brasil pela qualidade, rendimento e sabor. Ideal para moldar, rechear e decorar, ela oferece alto desempenho tanto para profissionais quanto para quem ama confeitar em casa.<\/p>\n<p class=\"\" data-start=\"3559\" data-end=\"3924\">J\u00e1 a Harald \u00e9 l\u00edder em chocolates e coberturas para confeitaria, com mais de 40 anos de hist\u00f3ria no mercado. Seu portf\u00f3lio conta com marcas como Unique, Melken, Inovare, TOP e Confeiteiro, oferecendo solu\u00e7\u00f5es que unem qualidade, inova\u00e7\u00e3o e praticidade. Assim, desde 2015, a empresa faz parte do grupo japon\u00eas Fuji Oil, uma gigante global no setor de alimentos.<\/p>\n","protected":false},"excerpt":{"rendered":"<p>Brigadeiro de Caf\u00e9: duas paix\u00f5es nacionais em uma s\u00f3 receita com a Harald para celebrar o Dia Nacional do Caf\u00e9 O caf\u00e9 \u00e9 mais do que uma bebida para o brasileiro. Ele representa um h\u00e1bito di\u00e1rio, um s\u00edmbolo cultural e um dos sabores mais consumidos no pa\u00eds. Assim, para celebrar essa paix\u00e3o, a Harald, refer\u00eancia <a class=\"more-link\" href=\"https:\/\/homolog.harald.com.br\/site-2026\/blog\/brigadeiro-de-cafe-duas-paixoes-nacionais-em-uma-so-receita\/\">Read more&#8230;<\/a><\/p>\n","protected":false},"author":14,"featured_media":295448,"comment_status":"closed","ping_status":"closed","sticky":false,"template":"","format":"standard","meta":{"_acf_changed":false,"_uag_custom_page_level_css":"","footnotes":""},"categories":[158],"tags":[],"para-seu-negocio":[],"class_list":["post-295445","post","type-post","status-publish","format-standard","has-post-thumbnail","hentry","category-noticias"],"acf":[],"yoast_head":"<!-- This site is optimized with the Yoast SEO plugin v26.3 - https:\/\/yoast.com\/wordpress\/plugins\/seo\/ -->\n<title>Brigadeiro de Caf\u00e9: duas paix\u00f5es nacionais em uma s\u00f3 receita! - Harald<\/title>\n<meta name=\"description\" content=\"Aprenda a fazer Brigadeiro de Caf\u00e9 com Chocolate Melken 50% cacau da Harald. Receita f\u00e1cil e perfeita para o Dia Nacional do Caf\u00e9.\" \/>\n<meta name=\"robots\" content=\"noindex, follow, max-snippet:-1, max-image-preview:large, max-video-preview:-1\" \/>\n<meta property=\"og:locale\" content=\"pt_BR\" \/>\n<meta property=\"og:type\" content=\"article\" \/>\n<meta property=\"og:title\" content=\"Brigadeiro de Caf\u00e9: duas paix\u00f5es nacionais em uma s\u00f3 receita! - Harald\" \/>\n<meta property=\"og:description\" content=\"Aprenda a fazer Brigadeiro de Caf\u00e9 com Chocolate Melken 50% cacau da Harald. Receita f\u00e1cil e perfeita para o Dia Nacional do Caf\u00e9.\" \/>\n<meta property=\"og:url\" content=\"https:\/\/homolog.harald.com.br\/site-2026\/blog\/brigadeiro-de-cafe-duas-paixoes-nacionais-em-uma-so-receita\/\" \/>\n<meta property=\"og:site_name\" content=\"Harald\" \/>\n<meta property=\"article:publisher\" content=\"https:\/\/www.facebook.com\/HaraldChocolates\/\" \/>\n<meta property=\"article:published_time\" content=\"2025-05-20T14:46:39+00:00\" \/>\n<meta property=\"article:modified_time\" content=\"2025-05-22T15:14:24+00:00\" \/>\n<meta property=\"og:image\" content=\"https:\/\/homolog.harald.com.br\/site-2026\/wp-content\/uploads\/2025\/05\/brigadeiro-de-cafe-scaled.jpg\" \/>\n\t<meta property=\"og:image:width\" content=\"2560\" \/>\n\t<meta property=\"og:image:height\" content=\"1438\" \/>\n\t<meta property=\"og:image:type\" content=\"image\/jpeg\" \/>\n<meta name=\"author\" content=\"Beatriz Oliveira\" \/>\n<meta name=\"twitter:card\" content=\"summary_large_image\" \/>\n<meta name=\"twitter:label1\" content=\"Escrito por\" \/>\n\t<meta name=\"twitter:data1\" content=\"Beatriz Oliveira\" \/>\n\t<meta name=\"twitter:label2\" content=\"Est. tempo de leitura\" \/>\n\t<meta name=\"twitter:data2\" content=\"4 minutos\" \/>\n<script type=\"application\/ld+json\" class=\"yoast-schema-graph\">{\"@context\":\"https:\/\/schema.org\",\"@graph\":[{\"@type\":\"Article\",\"@id\":\"https:\/\/homolog.harald.com.br\/site-2026\/blog\/brigadeiro-de-cafe-duas-paixoes-nacionais-em-uma-so-receita\/#article\",\"isPartOf\":{\"@id\":\"https:\/\/homolog.harald.com.br\/site-2026\/blog\/brigadeiro-de-cafe-duas-paixoes-nacionais-em-uma-so-receita\/\"},\"author\":{\"name\":\"Beatriz Oliveira\",\"@id\":\"https:\/\/homolog.harald.com.br\/site-2026\/#\/schema\/person\/c71700dd47fb39a337c7f9b89d5e3a00\"},\"headline\":\"Brigadeiro de Caf\u00e9: duas paix\u00f5es nacionais em uma s\u00f3 receita!\",\"datePublished\":\"2025-05-20T14:46:39+00:00\",\"dateModified\":\"2025-05-22T15:14:24+00:00\",\"mainEntityOfPage\":{\"@id\":\"https:\/\/homolog.harald.com.br\/site-2026\/blog\/brigadeiro-de-cafe-duas-paixoes-nacionais-em-uma-so-receita\/\"},\"wordCount\":636,\"publisher\":{\"@id\":\"https:\/\/homolog.harald.com.br\/site-2026\/#organization\"},\"image\":{\"@id\":\"https:\/\/homolog.harald.com.br\/site-2026\/blog\/brigadeiro-de-cafe-duas-paixoes-nacionais-em-uma-so-receita\/#primaryimage\"},\"thumbnailUrl\":\"https:\/\/homolog.harald.com.br\/site-2026\/wp-content\/uploads\/2025\/05\/brigadeiro-de-cafe-scaled.jpg\",\"articleSection\":[\"Not\u00edcias\"],\"inLanguage\":\"pt-BR\"},{\"@type\":\"WebPage\",\"@id\":\"https:\/\/homolog.harald.com.br\/site-2026\/blog\/brigadeiro-de-cafe-duas-paixoes-nacionais-em-uma-so-receita\/\",\"url\":\"https:\/\/homolog.harald.com.br\/site-2026\/blog\/brigadeiro-de-cafe-duas-paixoes-nacionais-em-uma-so-receita\/\",\"name\":\"Brigadeiro de Caf\u00e9: duas paix\u00f5es nacionais em uma s\u00f3 receita! - Harald\",\"isPartOf\":{\"@id\":\"https:\/\/homolog.harald.com.br\/site-2026\/#website\"},\"primaryImageOfPage\":{\"@id\":\"https:\/\/homolog.harald.com.br\/site-2026\/blog\/brigadeiro-de-cafe-duas-paixoes-nacionais-em-uma-so-receita\/#primaryimage\"},\"image\":{\"@id\":\"https:\/\/homolog.harald.com.br\/site-2026\/blog\/brigadeiro-de-cafe-duas-paixoes-nacionais-em-uma-so-receita\/#primaryimage\"},\"thumbnailUrl\":\"https:\/\/homolog.harald.com.br\/site-2026\/wp-content\/uploads\/2025\/05\/brigadeiro-de-cafe-scaled.jpg\",\"datePublished\":\"2025-05-20T14:46:39+00:00\",\"dateModified\":\"2025-05-22T15:14:24+00:00\",\"description\":\"Aprenda a fazer Brigadeiro de Caf\u00e9 com Chocolate Melken 50% cacau da Harald. Receita f\u00e1cil e perfeita para o Dia Nacional do Caf\u00e9.\",\"breadcrumb\":{\"@id\":\"https:\/\/homolog.harald.com.br\/site-2026\/blog\/brigadeiro-de-cafe-duas-paixoes-nacionais-em-uma-so-receita\/#breadcrumb\"},\"inLanguage\":\"pt-BR\",\"potentialAction\":[{\"@type\":\"ReadAction\",\"target\":[\"https:\/\/homolog.harald.com.br\/site-2026\/blog\/brigadeiro-de-cafe-duas-paixoes-nacionais-em-uma-so-receita\/\"]}]},{\"@type\":\"ImageObject\",\"inLanguage\":\"pt-BR\",\"@id\":\"https:\/\/homolog.harald.com.br\/site-2026\/blog\/brigadeiro-de-cafe-duas-paixoes-nacionais-em-uma-so-receita\/#primaryimage\",\"url\":\"https:\/\/homolog.harald.com.br\/site-2026\/wp-content\/uploads\/2025\/05\/brigadeiro-de-cafe-scaled.jpg\",\"contentUrl\":\"https:\/\/homolog.harald.com.br\/site-2026\/wp-content\/uploads\/2025\/05\/brigadeiro-de-cafe-scaled.jpg\",\"width\":2560,\"height\":1438,\"caption\":\"Brigadeiro de Caf\u00e9\"},{\"@type\":\"BreadcrumbList\",\"@id\":\"https:\/\/homolog.harald.com.br\/site-2026\/blog\/brigadeiro-de-cafe-duas-paixoes-nacionais-em-uma-so-receita\/#breadcrumb\",\"itemListElement\":[{\"@type\":\"ListItem\",\"position\":1,\"name\":\"In\u00edcio\",\"item\":\"https:\/\/homolog.harald.com.br\/site-2026\/\"},{\"@type\":\"ListItem\",\"position\":2,\"name\":\"Brigadeiro de Caf\u00e9: duas paix\u00f5es nacionais em uma s\u00f3 receita!\"}]},{\"@type\":\"WebSite\",\"@id\":\"https:\/\/homolog.harald.com.br\/site-2026\/#website\",\"url\":\"https:\/\/homolog.harald.com.br\/site-2026\/\",\"name\":\"Harald\",\"description\":\"Fazer melhor \u00e9 fazer com paix\u00e3o\",\"publisher\":{\"@id\":\"https:\/\/homolog.harald.com.br\/site-2026\/#organization\"},\"potentialAction\":[{\"@type\":\"SearchAction\",\"target\":{\"@type\":\"EntryPoint\",\"urlTemplate\":\"https:\/\/homolog.harald.com.br\/site-2026\/?s={search_term_string}\"},\"query-input\":{\"@type\":\"PropertyValueSpecification\",\"valueRequired\":true,\"valueName\":\"search_term_string\"}}],\"inLanguage\":\"pt-BR\"},{\"@type\":\"Organization\",\"@id\":\"https:\/\/homolog.harald.com.br\/site-2026\/#organization\",\"name\":\"Harald\",\"url\":\"https:\/\/homolog.harald.com.br\/site-2026\/\",\"logo\":{\"@type\":\"ImageObject\",\"inLanguage\":\"pt-BR\",\"@id\":\"https:\/\/homolog.harald.com.br\/site-2026\/#\/schema\/logo\/image\/\",\"url\":\"https:\/\/homolog.harald.com.br\/site-2026\/wp-content\/uploads\/2022\/09\/logo-harald-cmyk-ss.png\",\"contentUrl\":\"https:\/\/homolog.harald.com.br\/site-2026\/wp-content\/uploads\/2022\/09\/logo-harald-cmyk-ss.png\",\"width\":1948,\"height\":1051,\"caption\":\"Harald\"},\"image\":{\"@id\":\"https:\/\/homolog.harald.com.br\/site-2026\/#\/schema\/logo\/image\/\"},\"sameAs\":[\"https:\/\/www.facebook.com\/HaraldChocolates\/\",\"https:\/\/www.youtube.com\/user\/HaraldChocolates\"]},{\"@type\":\"Person\",\"@id\":\"https:\/\/homolog.harald.com.br\/site-2026\/#\/schema\/person\/c71700dd47fb39a337c7f9b89d5e3a00\",\"name\":\"Beatriz Oliveira\",\"image\":{\"@type\":\"ImageObject\",\"inLanguage\":\"pt-BR\",\"@id\":\"https:\/\/homolog.harald.com.br\/site-2026\/#\/schema\/person\/image\/\",\"url\":\"https:\/\/secure.gravatar.com\/avatar\/fdc870643b67a6486b6bef59d475b1e7dea17130b70a2178f5716399590234e6?s=96&d=mm&r=g\",\"contentUrl\":\"https:\/\/secure.gravatar.com\/avatar\/fdc870643b67a6486b6bef59d475b1e7dea17130b70a2178f5716399590234e6?s=96&d=mm&r=g\",\"caption\":\"Beatriz Oliveira\"},\"url\":\"https:\/\/homolog.harald.com.br\/site-2026\/blog\/author\/beatriz-oliveira\/\"}]}<\/script>\n<!-- \/ Yoast SEO plugin. -->","yoast_head_json":{"title":"Brigadeiro de Caf\u00e9: duas paix\u00f5es nacionais em uma s\u00f3 receita! - Harald","description":"Aprenda a fazer Brigadeiro de Caf\u00e9 com Chocolate Melken 50% cacau da Harald. Receita f\u00e1cil e perfeita para o Dia Nacional do Caf\u00e9.","robots":{"index":"noindex","follow":"follow","max-snippet":"max-snippet:-1","max-image-preview":"max-image-preview:large","max-video-preview":"max-video-preview:-1"},"og_locale":"pt_BR","og_type":"article","og_title":"Brigadeiro de Caf\u00e9: duas paix\u00f5es nacionais em uma s\u00f3 receita! - Harald","og_description":"Aprenda a fazer Brigadeiro de Caf\u00e9 com Chocolate Melken 50% cacau da Harald. Receita f\u00e1cil e perfeita para o Dia Nacional do Caf\u00e9.","og_url":"https:\/\/homolog.harald.com.br\/site-2026\/blog\/brigadeiro-de-cafe-duas-paixoes-nacionais-em-uma-so-receita\/","og_site_name":"Harald","article_publisher":"https:\/\/www.facebook.com\/HaraldChocolates\/","article_published_time":"2025-05-20T14:46:39+00:00","article_modified_time":"2025-05-22T15:14:24+00:00","og_image":[{"width":2560,"height":1438,"url":"https:\/\/homolog.harald.com.br\/site-2026\/wp-content\/uploads\/2025\/05\/brigadeiro-de-cafe-scaled.jpg","type":"image\/jpeg"}],"author":"Beatriz Oliveira","twitter_card":"summary_large_image","twitter_misc":{"Escrito por":"Beatriz Oliveira","Est. tempo de leitura":"4 minutos"},"schema":{"@context":"https:\/\/schema.org","@graph":[{"@type":"Article","@id":"https:\/\/homolog.harald.com.br\/site-2026\/blog\/brigadeiro-de-cafe-duas-paixoes-nacionais-em-uma-so-receita\/#article","isPartOf":{"@id":"https:\/\/homolog.harald.com.br\/site-2026\/blog\/brigadeiro-de-cafe-duas-paixoes-nacionais-em-uma-so-receita\/"},"author":{"name":"Beatriz Oliveira","@id":"https:\/\/homolog.harald.com.br\/site-2026\/#\/schema\/person\/c71700dd47fb39a337c7f9b89d5e3a00"},"headline":"Brigadeiro de Caf\u00e9: duas paix\u00f5es nacionais em uma s\u00f3 receita!","datePublished":"2025-05-20T14:46:39+00:00","dateModified":"2025-05-22T15:14:24+00:00","mainEntityOfPage":{"@id":"https:\/\/homolog.harald.com.br\/site-2026\/blog\/brigadeiro-de-cafe-duas-paixoes-nacionais-em-uma-so-receita\/"},"wordCount":636,"publisher":{"@id":"https:\/\/homolog.harald.com.br\/site-2026\/#organization"},"image":{"@id":"https:\/\/homolog.harald.com.br\/site-2026\/blog\/brigadeiro-de-cafe-duas-paixoes-nacionais-em-uma-so-receita\/#primaryimage"},"thumbnailUrl":"https:\/\/homolog.harald.com.br\/site-2026\/wp-content\/uploads\/2025\/05\/brigadeiro-de-cafe-scaled.jpg","articleSection":["Not\u00edcias"],"inLanguage":"pt-BR"},{"@type":"WebPage","@id":"https:\/\/homolog.harald.com.br\/site-2026\/blog\/brigadeiro-de-cafe-duas-paixoes-nacionais-em-uma-so-receita\/","url":"https:\/\/homolog.harald.com.br\/site-2026\/blog\/brigadeiro-de-cafe-duas-paixoes-nacionais-em-uma-so-receita\/","name":"Brigadeiro de Caf\u00e9: duas paix\u00f5es nacionais em uma s\u00f3 receita! - Harald","isPartOf":{"@id":"https:\/\/homolog.harald.com.br\/site-2026\/#website"},"primaryImageOfPage":{"@id":"https:\/\/homolog.harald.com.br\/site-2026\/blog\/brigadeiro-de-cafe-duas-paixoes-nacionais-em-uma-so-receita\/#primaryimage"},"image":{"@id":"https:\/\/homolog.harald.com.br\/site-2026\/blog\/brigadeiro-de-cafe-duas-paixoes-nacionais-em-uma-so-receita\/#primaryimage"},"thumbnailUrl":"https:\/\/homolog.harald.com.br\/site-2026\/wp-content\/uploads\/2025\/05\/brigadeiro-de-cafe-scaled.jpg","datePublished":"2025-05-20T14:46:39+00:00","dateModified":"2025-05-22T15:14:24+00:00","description":"Aprenda a fazer Brigadeiro de Caf\u00e9 com Chocolate Melken 50% cacau da Harald. Receita f\u00e1cil e perfeita para o Dia Nacional do Caf\u00e9.","breadcrumb":{"@id":"https:\/\/homolog.harald.com.br\/site-2026\/blog\/brigadeiro-de-cafe-duas-paixoes-nacionais-em-uma-so-receita\/#breadcrumb"},"inLanguage":"pt-BR","potentialAction":[{"@type":"ReadAction","target":["https:\/\/homolog.harald.com.br\/site-2026\/blog\/brigadeiro-de-cafe-duas-paixoes-nacionais-em-uma-so-receita\/"]}]},{"@type":"ImageObject","inLanguage":"pt-BR","@id":"https:\/\/homolog.harald.com.br\/site-2026\/blog\/brigadeiro-de-cafe-duas-paixoes-nacionais-em-uma-so-receita\/#primaryimage","url":"https:\/\/homolog.harald.com.br\/site-2026\/wp-content\/uploads\/2025\/05\/brigadeiro-de-cafe-scaled.jpg","contentUrl":"https:\/\/homolog.harald.com.br\/site-2026\/wp-content\/uploads\/2025\/05\/brigadeiro-de-cafe-scaled.jpg","width":2560,"height":1438,"caption":"Brigadeiro de Caf\u00e9"},{"@type":"BreadcrumbList","@id":"https:\/\/homolog.harald.com.br\/site-2026\/blog\/brigadeiro-de-cafe-duas-paixoes-nacionais-em-uma-so-receita\/#breadcrumb","itemListElement":[{"@type":"ListItem","position":1,"name":"In\u00edcio","item":"https:\/\/homolog.harald.com.br\/site-2026\/"},{"@type":"ListItem","position":2,"name":"Brigadeiro de Caf\u00e9: duas paix\u00f5es nacionais em uma s\u00f3 receita!"}]},{"@type":"WebSite","@id":"https:\/\/homolog.harald.com.br\/site-2026\/#website","url":"https:\/\/homolog.harald.com.br\/site-2026\/","name":"Harald","description":"Fazer melhor \u00e9 fazer com paix\u00e3o","publisher":{"@id":"https:\/\/homolog.harald.com.br\/site-2026\/#organization"},"potentialAction":[{"@type":"SearchAction","target":{"@type":"EntryPoint","urlTemplate":"https:\/\/homolog.harald.com.br\/site-2026\/?s={search_term_string}"},"query-input":{"@type":"PropertyValueSpecification","valueRequired":true,"valueName":"search_term_string"}}],"inLanguage":"pt-BR"},{"@type":"Organization","@id":"https:\/\/homolog.harald.com.br\/site-2026\/#organization","name":"Harald","url":"https:\/\/homolog.harald.com.br\/site-2026\/","logo":{"@type":"ImageObject","inLanguage":"pt-BR","@id":"https:\/\/homolog.harald.com.br\/site-2026\/#\/schema\/logo\/image\/","url":"https:\/\/homolog.harald.com.br\/site-2026\/wp-content\/uploads\/2022\/09\/logo-harald-cmyk-ss.png","contentUrl":"https:\/\/homolog.harald.com.br\/site-2026\/wp-content\/uploads\/2022\/09\/logo-harald-cmyk-ss.png","width":1948,"height":1051,"caption":"Harald"},"image":{"@id":"https:\/\/homolog.harald.com.br\/site-2026\/#\/schema\/logo\/image\/"},"sameAs":["https:\/\/www.facebook.com\/HaraldChocolates\/","https:\/\/www.youtube.com\/user\/HaraldChocolates"]},{"@type":"Person","@id":"https:\/\/homolog.harald.com.br\/site-2026\/#\/schema\/person\/c71700dd47fb39a337c7f9b89d5e3a00","name":"Beatriz Oliveira","image":{"@type":"ImageObject","inLanguage":"pt-BR","@id":"https:\/\/homolog.harald.com.br\/site-2026\/#\/schema\/person\/image\/","url":"https:\/\/secure.gravatar.com\/avatar\/fdc870643b67a6486b6bef59d475b1e7dea17130b70a2178f5716399590234e6?s=96&d=mm&r=g","contentUrl":"https:\/\/secure.gravatar.com\/avatar\/fdc870643b67a6486b6bef59d475b1e7dea17130b70a2178f5716399590234e6?s=96&d=mm&r=g","caption":"Beatriz Oliveira"},"url":"https:\/\/homolog.harald.com.br\/site-2026\/blog\/author\/beatriz-oliveira\/"}]}},"uagb_featured_image_src":{"full":["https:\/\/homolog.harald.com.br\/site-2026\/wp-content\/uploads\/2025\/05\/brigadeiro-de-cafe-scaled.jpg",2560,1438,false],"thumbnail":["https:\/\/homolog.harald.com.br\/site-2026\/wp-content\/uploads\/2025\/05\/brigadeiro-de-cafe-150x150.jpg",150,150,true],"medium":["https:\/\/homolog.harald.com.br\/site-2026\/wp-content\/uploads\/2025\/05\/brigadeiro-de-cafe-300x169.jpg",300,169,true],"medium_large":["https:\/\/homolog.harald.com.br\/site-2026\/wp-content\/uploads\/2025\/05\/brigadeiro-de-cafe-768x432.jpg",768,432,true],"large":["https:\/\/homolog.harald.com.br\/site-2026\/wp-content\/uploads\/2025\/05\/brigadeiro-de-cafe-1024x575.jpg",1024,575,true],"1536x1536":["https:\/\/homolog.harald.com.br\/site-2026\/wp-content\/uploads\/2025\/05\/brigadeiro-de-cafe-1536x863.jpg",1536,863,true],"2048x2048":["https:\/\/homolog.harald.com.br\/site-2026\/wp-content\/uploads\/2025\/05\/brigadeiro-de-cafe-2048x1151.jpg",2048,1151,true],"full-width":["https:\/\/homolog.harald.com.br\/site-2026\/wp-content\/uploads\/2025\/05\/brigadeiro-de-cafe-scaled.jpg",1920,1080,false],"gform-image-choice-sm":["https:\/\/homolog.harald.com.br\/site-2026\/wp-content\/uploads\/2025\/05\/brigadeiro-de-cafe-scaled.jpg",300,169,false],"gform-image-choice-md":["https:\/\/homolog.harald.com.br\/site-2026\/wp-content\/uploads\/2025\/05\/brigadeiro-de-cafe-scaled.jpg",400,225,false],"gform-image-choice-lg":["https:\/\/homolog.harald.com.br\/site-2026\/wp-content\/uploads\/2025\/05\/brigadeiro-de-cafe-scaled.jpg",600,337,false]},"uagb_author_info":{"display_name":"Beatriz Oliveira","author_link":"https:\/\/homolog.harald.com.br\/site-2026\/blog\/author\/beatriz-oliveira\/"},"uagb_comment_info":0,"uagb_excerpt":"Brigadeiro de Caf\u00e9: duas paix\u00f5es nacionais em uma s\u00f3 receita com a Harald para celebrar o Dia Nacional do Caf\u00e9 O caf\u00e9 \u00e9 mais do que uma bebida para o brasileiro. Ele representa um h\u00e1bito di\u00e1rio, um s\u00edmbolo cultural e um dos sabores mais consumidos no pa\u00eds. Assim, para celebrar essa paix\u00e3o, a Harald, refer\u00eancia&hellip;","_links":{"self":[{"href":"https:\/\/homolog.harald.com.br\/site-2026\/wp-json\/wp\/v2\/posts\/295445","targetHints":{"allow":["GET"]}}],"collection":[{"href":"https:\/\/homolog.harald.com.br\/site-2026\/wp-json\/wp\/v2\/posts"}],"about":[{"href":"https:\/\/homolog.harald.com.br\/site-2026\/wp-json\/wp\/v2\/types\/post"}],"author":[{"embeddable":true,"href":"https:\/\/homolog.harald.com.br\/site-2026\/wp-json\/wp\/v2\/users\/14"}],"replies":[{"embeddable":true,"href":"https:\/\/homolog.harald.com.br\/site-2026\/wp-json\/wp\/v2\/comments?post=295445"}],"version-history":[{"count":2,"href":"https:\/\/homolog.harald.com.br\/site-2026\/wp-json\/wp\/v2\/posts\/295445\/revisions"}],"predecessor-version":[{"id":295452,"href":"https:\/\/homolog.harald.com.br\/site-2026\/wp-json\/wp\/v2\/posts\/295445\/revisions\/295452"}],"wp:featuredmedia":[{"embeddable":true,"href":"https:\/\/homolog.harald.com.br\/site-2026\/wp-json\/wp\/v2\/media\/295448"}],"wp:attachment":[{"href":"https:\/\/homolog.harald.com.br\/site-2026\/wp-json\/wp\/v2\/media?parent=295445"}],"wp:term":[{"taxonomy":"category","embeddable":true,"href":"https:\/\/homolog.harald.com.br\/site-2026\/wp-json\/wp\/v2\/categories?post=295445"},{"taxonomy":"post_tag","embeddable":true,"href":"https:\/\/homolog.harald.com.br\/site-2026\/wp-json\/wp\/v2\/tags?post=295445"},{"taxonomy":"para-seu-negocio","embeddable":true,"href":"https:\/\/homolog.harald.com.br\/site-2026\/wp-json\/wp\/v2\/para-seu-negocio?post=295445"}],"curies":[{"name":"wp","href":"https:\/\/api.w.org\/{rel}","templated":true}]}}