{"id":294053,"date":"2025-05-19T16:04:36","date_gmt":"2025-05-19T19:04:36","guid":{"rendered":"https:\/\/homolog.harald.com.br\/site-2026\/?p=294053"},"modified":"2025-05-19T16:04:36","modified_gmt":"2025-05-19T19:04:36","slug":"harald-apoia-peca-infantil-sobre-conscientizacao-ambiental","status":"publish","type":"post","link":"https:\/\/homolog.harald.com.br\/site-2026\/blog\/harald-apoia-peca-infantil-sobre-conscientizacao-ambiental\/","title":{"rendered":"Harald Apoia Pe\u00e7a Infantil Sobre Conscientiza\u00e7\u00e3o Ambiental"},"content":{"rendered":"<h2 class=\"\" data-start=\"160\" data-end=\"236\">Harald Apoia Pe\u00e7a Infantil Sobre Conscientiza\u00e7\u00e3o Ambiental<\/h2>\n<p class=\"\" data-start=\"238\" data-end=\"351\">\u201cZul\u00e1, a Cor da Aquarela\u201d ter\u00e1 apresenta\u00e7\u00f5es gratuitas em Salto e Campinas com foco no uso consciente da \u00e1gua<\/p>\n<p class=\"\" data-start=\"413\" data-end=\"731\">A pe\u00e7a infantil \u201cZul\u00e1, a Cor da Aquarela\u201d est\u00e1 prestes a encantar crian\u00e7as do interior paulista com uma proposta l\u00fadica e educativa que une teatro, pintura e m\u00fasica. E ent\u00e3o, com seis apresenta\u00e7\u00f5es gratuitas em Salto e Campinas, o projeto incentiva o uso consciente da \u00e1gua e o cuidado com o meio ambiente por meio da arte.<\/p>\n<h2 class=\"\" data-start=\"160\" data-end=\"236\"><img loading=\"lazy\" decoding=\"async\" class=\"aligncenter wp-image-294057\" src=\"https:\/\/homolog.harald.com.br\/site-2026\/wp-content\/uploads\/2025\/05\/htfu10km.png\" alt=\"Harald Apoia Pe\u00e7a\" width=\"531\" height=\"299\" srcset=\"https:\/\/homolog.harald.com.br\/site-2026\/wp-content\/uploads\/2025\/05\/htfu10km.png 1068w, https:\/\/homolog.harald.com.br\/site-2026\/wp-content\/uploads\/2025\/05\/htfu10km-300x169.png 300w, https:\/\/homolog.harald.com.br\/site-2026\/wp-content\/uploads\/2025\/05\/htfu10km-1024x576.png 1024w, https:\/\/homolog.harald.com.br\/site-2026\/wp-content\/uploads\/2025\/05\/htfu10km-768x432.png 768w\" sizes=\"auto, (max-width: 531px) 100vw, 531px\" \/><\/h2>\n<h3 class=\"\" data-start=\"733\" data-end=\"791\">Harald Apoia Pe\u00e7a e valoriza a\u00e7\u00f5es culturais com prop\u00f3sito<\/h3>\n<p class=\"\" data-start=\"793\" data-end=\"1094\">Refer\u00eancia no setor de chocolates e coberturas para confeitaria, a <strong data-start=\"860\" data-end=\"870\">Harald<\/strong> \u00e9 a patrocinadora da iniciativa por meio do Programa de A\u00e7\u00e3o Cultural (PROAC). O apoio \u00e0 pe\u00e7a refor\u00e7a o compromisso da marca com causas socioambientais e educacionais, ampliando seu papel para al\u00e9m da ind\u00fastria aliment\u00edcia.<\/p>\n<p class=\"\" data-start=\"1096\" data-end=\"1378\">\u201cA Harald acredita na transforma\u00e7\u00e3o por meio da educa\u00e7\u00e3o e da cultura. Por isso, apoiamos projetos como este, que despertam desde cedo a consci\u00eancia ambiental e incentivam valores essenciais para o futuro das pr\u00f3ximas gera\u00e7\u00f5es\u201d, destaca a equipe de responsabilidade social da marca.<\/p>\n<h3 class=\"\" data-start=\"1380\" data-end=\"1419\">Teatro como ferramenta de cidadania<\/h3>\n<p class=\"\" data-start=\"1421\" data-end=\"1679\">Idealizado pela Educassia Produ\u00e7\u00f5es e produzido pela Companhia de Teatro Cael, o espet\u00e1culo foi criado para estudantes da rede p\u00fablica de ensino, com foco no p\u00fablico infantil. A dire\u00e7\u00e3o \u00e9 da arte-educadora C\u00e1ssia Viger, que tamb\u00e9m assina o texto da pe\u00e7a.<\/p>\n<p class=\"\" data-start=\"1681\" data-end=\"1951\">Assim, a experi\u00eancia busca promover a educa\u00e7\u00e3o ambiental de forma leve, envolvente e interativa.<\/p>\n<h3 class=\"\" data-start=\"2144\" data-end=\"2186\">Arte, sustentabilidade e transforma\u00e7\u00e3o<\/h3>\n<p class=\"\" data-start=\"2188\" data-end=\"2430\">Al\u00e9m de fomentar o consumo consciente da \u00e1gua, o projeto tem o objetivo de despertar o interesse das crian\u00e7as por pr\u00e1ticas sustent\u00e1veis desde cedo. Por fim, aproposta tamb\u00e9m refor\u00e7a valores como cidadania, empatia e respeito ao meio ambiente.<\/p>\n<p>Para acompanhar a pe\u00e7a, <a href=\"https:\/\/www.instagram.com\/zula_acordaaquarela\/\">clique aqui!<\/a><\/p>\n","protected":false},"excerpt":{"rendered":"<p>Harald Apoia Pe\u00e7a Infantil Sobre Conscientiza\u00e7\u00e3o Ambiental \u201cZul\u00e1, a Cor da Aquarela\u201d ter\u00e1 apresenta\u00e7\u00f5es gratuitas em Salto e Campinas com foco no uso consciente da \u00e1gua A pe\u00e7a infantil \u201cZul\u00e1, a Cor da Aquarela\u201d est\u00e1 prestes a encantar crian\u00e7as do interior paulista com uma proposta l\u00fadica e educativa que une teatro, pintura e m\u00fasica. E <a class=\"more-link\" href=\"https:\/\/homolog.harald.com.br\/site-2026\/blog\/harald-apoia-peca-infantil-sobre-conscientizacao-ambiental\/\">Read more&#8230;<\/a><\/p>\n","protected":false},"author":14,"featured_media":294057,"comment_status":"closed","ping_status":"closed","sticky":false,"template":"","format":"standard","meta":{"_acf_changed":false,"_uag_custom_page_level_css":"","footnotes":""},"categories":[158],"tags":[],"para-seu-negocio":[],"class_list":["post-294053","post","type-post","status-publish","format-standard","has-post-thumbnail","hentry","category-noticias"],"acf":[],"yoast_head":"<!-- This site is optimized with the Yoast SEO plugin v26.3 - https:\/\/yoast.com\/wordpress\/plugins\/seo\/ -->\n<title>Harald Apoia Pe\u00e7a Infantil Sobre Conscientiza\u00e7\u00e3o Ambiental - Harald<\/title>\n<meta name=\"description\" content=\"Harald Apoia pe\u00e7a infantil \u201cZul\u00e1, a Cor da Aquarela\u201d promove a conscientiza\u00e7\u00e3o ambiental, gratuitas nas cidades de Salto e Campinas!\" \/>\n<meta name=\"robots\" content=\"noindex, follow, max-snippet:-1, max-image-preview:large, max-video-preview:-1\" \/>\n<meta property=\"og:locale\" content=\"pt_BR\" \/>\n<meta property=\"og:type\" content=\"article\" \/>\n<meta property=\"og:title\" content=\"Harald Apoia Pe\u00e7a Infantil Sobre Conscientiza\u00e7\u00e3o Ambiental - Harald\" \/>\n<meta property=\"og:description\" content=\"Harald Apoia pe\u00e7a infantil \u201cZul\u00e1, a Cor da Aquarela\u201d promove a conscientiza\u00e7\u00e3o ambiental, gratuitas nas cidades de Salto e Campinas!\" \/>\n<meta property=\"og:url\" content=\"https:\/\/homolog.harald.com.br\/site-2026\/blog\/harald-apoia-peca-infantil-sobre-conscientizacao-ambiental\/\" \/>\n<meta property=\"og:site_name\" content=\"Harald\" \/>\n<meta property=\"article:publisher\" content=\"https:\/\/www.facebook.com\/HaraldChocolates\/\" \/>\n<meta property=\"article:published_time\" content=\"2025-05-19T19:04:36+00:00\" \/>\n<meta property=\"og:image\" content=\"https:\/\/homolog.harald.com.br\/site-2026\/wp-content\/uploads\/2025\/05\/htfu10km.png\" \/>\n\t<meta property=\"og:image:width\" content=\"1068\" \/>\n\t<meta property=\"og:image:height\" content=\"601\" \/>\n\t<meta property=\"og:image:type\" content=\"image\/png\" \/>\n<meta name=\"author\" content=\"Beatriz Oliveira\" \/>\n<meta name=\"twitter:card\" content=\"summary_large_image\" \/>\n<meta name=\"twitter:label1\" content=\"Escrito por\" \/>\n\t<meta name=\"twitter:data1\" content=\"Beatriz Oliveira\" \/>\n\t<meta name=\"twitter:label2\" content=\"Est. tempo de leitura\" \/>\n\t<meta name=\"twitter:data2\" content=\"2 minutos\" \/>\n<script type=\"application\/ld+json\" class=\"yoast-schema-graph\">{\"@context\":\"https:\/\/schema.org\",\"@graph\":[{\"@type\":\"Article\",\"@id\":\"https:\/\/homolog.harald.com.br\/site-2026\/blog\/harald-apoia-peca-infantil-sobre-conscientizacao-ambiental\/#article\",\"isPartOf\":{\"@id\":\"https:\/\/homolog.harald.com.br\/site-2026\/blog\/harald-apoia-peca-infantil-sobre-conscientizacao-ambiental\/\"},\"author\":{\"name\":\"Beatriz Oliveira\",\"@id\":\"https:\/\/homolog.harald.com.br\/site-2026\/#\/schema\/person\/c71700dd47fb39a337c7f9b89d5e3a00\"},\"headline\":\"Harald Apoia Pe\u00e7a Infantil Sobre Conscientiza\u00e7\u00e3o Ambiental\",\"datePublished\":\"2025-05-19T19:04:36+00:00\",\"mainEntityOfPage\":{\"@id\":\"https:\/\/homolog.harald.com.br\/site-2026\/blog\/harald-apoia-peca-infantil-sobre-conscientizacao-ambiental\/\"},\"wordCount\":337,\"publisher\":{\"@id\":\"https:\/\/homolog.harald.com.br\/site-2026\/#organization\"},\"image\":{\"@id\":\"https:\/\/homolog.harald.com.br\/site-2026\/blog\/harald-apoia-peca-infantil-sobre-conscientizacao-ambiental\/#primaryimage\"},\"thumbnailUrl\":\"https:\/\/homolog.harald.com.br\/site-2026\/wp-content\/uploads\/2025\/05\/htfu10km.png\",\"articleSection\":[\"Not\u00edcias\"],\"inLanguage\":\"pt-BR\"},{\"@type\":\"WebPage\",\"@id\":\"https:\/\/homolog.harald.com.br\/site-2026\/blog\/harald-apoia-peca-infantil-sobre-conscientizacao-ambiental\/\",\"url\":\"https:\/\/homolog.harald.com.br\/site-2026\/blog\/harald-apoia-peca-infantil-sobre-conscientizacao-ambiental\/\",\"name\":\"Harald Apoia Pe\u00e7a Infantil Sobre Conscientiza\u00e7\u00e3o Ambiental - Harald\",\"isPartOf\":{\"@id\":\"https:\/\/homolog.harald.com.br\/site-2026\/#website\"},\"primaryImageOfPage\":{\"@id\":\"https:\/\/homolog.harald.com.br\/site-2026\/blog\/harald-apoia-peca-infantil-sobre-conscientizacao-ambiental\/#primaryimage\"},\"image\":{\"@id\":\"https:\/\/homolog.harald.com.br\/site-2026\/blog\/harald-apoia-peca-infantil-sobre-conscientizacao-ambiental\/#primaryimage\"},\"thumbnailUrl\":\"https:\/\/homolog.harald.com.br\/site-2026\/wp-content\/uploads\/2025\/05\/htfu10km.png\",\"datePublished\":\"2025-05-19T19:04:36+00:00\",\"description\":\"Harald Apoia pe\u00e7a infantil \u201cZul\u00e1, a Cor da Aquarela\u201d promove a conscientiza\u00e7\u00e3o ambiental, gratuitas nas cidades de Salto e Campinas!\",\"breadcrumb\":{\"@id\":\"https:\/\/homolog.harald.com.br\/site-2026\/blog\/harald-apoia-peca-infantil-sobre-conscientizacao-ambiental\/#breadcrumb\"},\"inLanguage\":\"pt-BR\",\"potentialAction\":[{\"@type\":\"ReadAction\",\"target\":[\"https:\/\/homolog.harald.com.br\/site-2026\/blog\/harald-apoia-peca-infantil-sobre-conscientizacao-ambiental\/\"]}]},{\"@type\":\"ImageObject\",\"inLanguage\":\"pt-BR\",\"@id\":\"https:\/\/homolog.harald.com.br\/site-2026\/blog\/harald-apoia-peca-infantil-sobre-conscientizacao-ambiental\/#primaryimage\",\"url\":\"https:\/\/homolog.harald.com.br\/site-2026\/wp-content\/uploads\/2025\/05\/htfu10km.png\",\"contentUrl\":\"https:\/\/homolog.harald.com.br\/site-2026\/wp-content\/uploads\/2025\/05\/htfu10km.png\",\"width\":1068,\"height\":601,\"caption\":\"Harald Apoia Pe\u00e7a\"},{\"@type\":\"BreadcrumbList\",\"@id\":\"https:\/\/homolog.harald.com.br\/site-2026\/blog\/harald-apoia-peca-infantil-sobre-conscientizacao-ambiental\/#breadcrumb\",\"itemListElement\":[{\"@type\":\"ListItem\",\"position\":1,\"name\":\"In\u00edcio\",\"item\":\"https:\/\/homolog.harald.com.br\/site-2026\/\"},{\"@type\":\"ListItem\",\"position\":2,\"name\":\"Harald Apoia Pe\u00e7a Infantil Sobre Conscientiza\u00e7\u00e3o Ambiental\"}]},{\"@type\":\"WebSite\",\"@id\":\"https:\/\/homolog.harald.com.br\/site-2026\/#website\",\"url\":\"https:\/\/homolog.harald.com.br\/site-2026\/\",\"name\":\"Harald\",\"description\":\"Fazer melhor \u00e9 fazer com paix\u00e3o\",\"publisher\":{\"@id\":\"https:\/\/homolog.harald.com.br\/site-2026\/#organization\"},\"potentialAction\":[{\"@type\":\"SearchAction\",\"target\":{\"@type\":\"EntryPoint\",\"urlTemplate\":\"https:\/\/homolog.harald.com.br\/site-2026\/?s={search_term_string}\"},\"query-input\":{\"@type\":\"PropertyValueSpecification\",\"valueRequired\":true,\"valueName\":\"search_term_string\"}}],\"inLanguage\":\"pt-BR\"},{\"@type\":\"Organization\",\"@id\":\"https:\/\/homolog.harald.com.br\/site-2026\/#organization\",\"name\":\"Harald\",\"url\":\"https:\/\/homolog.harald.com.br\/site-2026\/\",\"logo\":{\"@type\":\"ImageObject\",\"inLanguage\":\"pt-BR\",\"@id\":\"https:\/\/homolog.harald.com.br\/site-2026\/#\/schema\/logo\/image\/\",\"url\":\"https:\/\/homolog.harald.com.br\/site-2026\/wp-content\/uploads\/2022\/09\/logo-harald-cmyk-ss.png\",\"contentUrl\":\"https:\/\/homolog.harald.com.br\/site-2026\/wp-content\/uploads\/2022\/09\/logo-harald-cmyk-ss.png\",\"width\":1948,\"height\":1051,\"caption\":\"Harald\"},\"image\":{\"@id\":\"https:\/\/homolog.harald.com.br\/site-2026\/#\/schema\/logo\/image\/\"},\"sameAs\":[\"https:\/\/www.facebook.com\/HaraldChocolates\/\",\"https:\/\/www.youtube.com\/user\/HaraldChocolates\"]},{\"@type\":\"Person\",\"@id\":\"https:\/\/homolog.harald.com.br\/site-2026\/#\/schema\/person\/c71700dd47fb39a337c7f9b89d5e3a00\",\"name\":\"Beatriz Oliveira\",\"image\":{\"@type\":\"ImageObject\",\"inLanguage\":\"pt-BR\",\"@id\":\"https:\/\/homolog.harald.com.br\/site-2026\/#\/schema\/person\/image\/\",\"url\":\"https:\/\/secure.gravatar.com\/avatar\/fdc870643b67a6486b6bef59d475b1e7dea17130b70a2178f5716399590234e6?s=96&d=mm&r=g\",\"contentUrl\":\"https:\/\/secure.gravatar.com\/avatar\/fdc870643b67a6486b6bef59d475b1e7dea17130b70a2178f5716399590234e6?s=96&d=mm&r=g\",\"caption\":\"Beatriz Oliveira\"},\"url\":\"https:\/\/homolog.harald.com.br\/site-2026\/blog\/author\/beatriz-oliveira\/\"}]}<\/script>\n<!-- \/ Yoast SEO plugin. -->","yoast_head_json":{"title":"Harald Apoia Pe\u00e7a Infantil Sobre Conscientiza\u00e7\u00e3o Ambiental - Harald","description":"Harald Apoia pe\u00e7a infantil \u201cZul\u00e1, a Cor da Aquarela\u201d promove a conscientiza\u00e7\u00e3o ambiental, gratuitas nas cidades de Salto e Campinas!","robots":{"index":"noindex","follow":"follow","max-snippet":"max-snippet:-1","max-image-preview":"max-image-preview:large","max-video-preview":"max-video-preview:-1"},"og_locale":"pt_BR","og_type":"article","og_title":"Harald Apoia Pe\u00e7a Infantil Sobre Conscientiza\u00e7\u00e3o Ambiental - Harald","og_description":"Harald Apoia pe\u00e7a infantil \u201cZul\u00e1, a Cor da Aquarela\u201d promove a conscientiza\u00e7\u00e3o ambiental, gratuitas nas cidades de Salto e Campinas!","og_url":"https:\/\/homolog.harald.com.br\/site-2026\/blog\/harald-apoia-peca-infantil-sobre-conscientizacao-ambiental\/","og_site_name":"Harald","article_publisher":"https:\/\/www.facebook.com\/HaraldChocolates\/","article_published_time":"2025-05-19T19:04:36+00:00","og_image":[{"width":1068,"height":601,"url":"https:\/\/homolog.harald.com.br\/site-2026\/wp-content\/uploads\/2025\/05\/htfu10km.png","type":"image\/png"}],"author":"Beatriz Oliveira","twitter_card":"summary_large_image","twitter_misc":{"Escrito por":"Beatriz Oliveira","Est. tempo de leitura":"2 minutos"},"schema":{"@context":"https:\/\/schema.org","@graph":[{"@type":"Article","@id":"https:\/\/homolog.harald.com.br\/site-2026\/blog\/harald-apoia-peca-infantil-sobre-conscientizacao-ambiental\/#article","isPartOf":{"@id":"https:\/\/homolog.harald.com.br\/site-2026\/blog\/harald-apoia-peca-infantil-sobre-conscientizacao-ambiental\/"},"author":{"name":"Beatriz Oliveira","@id":"https:\/\/homolog.harald.com.br\/site-2026\/#\/schema\/person\/c71700dd47fb39a337c7f9b89d5e3a00"},"headline":"Harald Apoia Pe\u00e7a Infantil Sobre Conscientiza\u00e7\u00e3o Ambiental","datePublished":"2025-05-19T19:04:36+00:00","mainEntityOfPage":{"@id":"https:\/\/homolog.harald.com.br\/site-2026\/blog\/harald-apoia-peca-infantil-sobre-conscientizacao-ambiental\/"},"wordCount":337,"publisher":{"@id":"https:\/\/homolog.harald.com.br\/site-2026\/#organization"},"image":{"@id":"https:\/\/homolog.harald.com.br\/site-2026\/blog\/harald-apoia-peca-infantil-sobre-conscientizacao-ambiental\/#primaryimage"},"thumbnailUrl":"https:\/\/homolog.harald.com.br\/site-2026\/wp-content\/uploads\/2025\/05\/htfu10km.png","articleSection":["Not\u00edcias"],"inLanguage":"pt-BR"},{"@type":"WebPage","@id":"https:\/\/homolog.harald.com.br\/site-2026\/blog\/harald-apoia-peca-infantil-sobre-conscientizacao-ambiental\/","url":"https:\/\/homolog.harald.com.br\/site-2026\/blog\/harald-apoia-peca-infantil-sobre-conscientizacao-ambiental\/","name":"Harald Apoia Pe\u00e7a Infantil Sobre Conscientiza\u00e7\u00e3o Ambiental - Harald","isPartOf":{"@id":"https:\/\/homolog.harald.com.br\/site-2026\/#website"},"primaryImageOfPage":{"@id":"https:\/\/homolog.harald.com.br\/site-2026\/blog\/harald-apoia-peca-infantil-sobre-conscientizacao-ambiental\/#primaryimage"},"image":{"@id":"https:\/\/homolog.harald.com.br\/site-2026\/blog\/harald-apoia-peca-infantil-sobre-conscientizacao-ambiental\/#primaryimage"},"thumbnailUrl":"https:\/\/homolog.harald.com.br\/site-2026\/wp-content\/uploads\/2025\/05\/htfu10km.png","datePublished":"2025-05-19T19:04:36+00:00","description":"Harald Apoia pe\u00e7a infantil \u201cZul\u00e1, a Cor da Aquarela\u201d promove a conscientiza\u00e7\u00e3o ambiental, gratuitas nas cidades de Salto e Campinas!","breadcrumb":{"@id":"https:\/\/homolog.harald.com.br\/site-2026\/blog\/harald-apoia-peca-infantil-sobre-conscientizacao-ambiental\/#breadcrumb"},"inLanguage":"pt-BR","potentialAction":[{"@type":"ReadAction","target":["https:\/\/homolog.harald.com.br\/site-2026\/blog\/harald-apoia-peca-infantil-sobre-conscientizacao-ambiental\/"]}]},{"@type":"ImageObject","inLanguage":"pt-BR","@id":"https:\/\/homolog.harald.com.br\/site-2026\/blog\/harald-apoia-peca-infantil-sobre-conscientizacao-ambiental\/#primaryimage","url":"https:\/\/homolog.harald.com.br\/site-2026\/wp-content\/uploads\/2025\/05\/htfu10km.png","contentUrl":"https:\/\/homolog.harald.com.br\/site-2026\/wp-content\/uploads\/2025\/05\/htfu10km.png","width":1068,"height":601,"caption":"Harald Apoia Pe\u00e7a"},{"@type":"BreadcrumbList","@id":"https:\/\/homolog.harald.com.br\/site-2026\/blog\/harald-apoia-peca-infantil-sobre-conscientizacao-ambiental\/#breadcrumb","itemListElement":[{"@type":"ListItem","position":1,"name":"In\u00edcio","item":"https:\/\/homolog.harald.com.br\/site-2026\/"},{"@type":"ListItem","position":2,"name":"Harald Apoia Pe\u00e7a Infantil Sobre Conscientiza\u00e7\u00e3o Ambiental"}]},{"@type":"WebSite","@id":"https:\/\/homolog.harald.com.br\/site-2026\/#website","url":"https:\/\/homolog.harald.com.br\/site-2026\/","name":"Harald","description":"Fazer melhor \u00e9 fazer com paix\u00e3o","publisher":{"@id":"https:\/\/homolog.harald.com.br\/site-2026\/#organization"},"potentialAction":[{"@type":"SearchAction","target":{"@type":"EntryPoint","urlTemplate":"https:\/\/homolog.harald.com.br\/site-2026\/?s={search_term_string}"},"query-input":{"@type":"PropertyValueSpecification","valueRequired":true,"valueName":"search_term_string"}}],"inLanguage":"pt-BR"},{"@type":"Organization","@id":"https:\/\/homolog.harald.com.br\/site-2026\/#organization","name":"Harald","url":"https:\/\/homolog.harald.com.br\/site-2026\/","logo":{"@type":"ImageObject","inLanguage":"pt-BR","@id":"https:\/\/homolog.harald.com.br\/site-2026\/#\/schema\/logo\/image\/","url":"https:\/\/homolog.harald.com.br\/site-2026\/wp-content\/uploads\/2022\/09\/logo-harald-cmyk-ss.png","contentUrl":"https:\/\/homolog.harald.com.br\/site-2026\/wp-content\/uploads\/2022\/09\/logo-harald-cmyk-ss.png","width":1948,"height":1051,"caption":"Harald"},"image":{"@id":"https:\/\/homolog.harald.com.br\/site-2026\/#\/schema\/logo\/image\/"},"sameAs":["https:\/\/www.facebook.com\/HaraldChocolates\/","https:\/\/www.youtube.com\/user\/HaraldChocolates"]},{"@type":"Person","@id":"https:\/\/homolog.harald.com.br\/site-2026\/#\/schema\/person\/c71700dd47fb39a337c7f9b89d5e3a00","name":"Beatriz Oliveira","image":{"@type":"ImageObject","inLanguage":"pt-BR","@id":"https:\/\/homolog.harald.com.br\/site-2026\/#\/schema\/person\/image\/","url":"https:\/\/secure.gravatar.com\/avatar\/fdc870643b67a6486b6bef59d475b1e7dea17130b70a2178f5716399590234e6?s=96&d=mm&r=g","contentUrl":"https:\/\/secure.gravatar.com\/avatar\/fdc870643b67a6486b6bef59d475b1e7dea17130b70a2178f5716399590234e6?s=96&d=mm&r=g","caption":"Beatriz Oliveira"},"url":"https:\/\/homolog.harald.com.br\/site-2026\/blog\/author\/beatriz-oliveira\/"}]}},"uagb_featured_image_src":{"full":["https:\/\/homolog.harald.com.br\/site-2026\/wp-content\/uploads\/2025\/05\/htfu10km.png",1068,601,false],"thumbnail":["https:\/\/homolog.harald.com.br\/site-2026\/wp-content\/uploads\/2025\/05\/htfu10km-150x150.png",150,150,true],"medium":["https:\/\/homolog.harald.com.br\/site-2026\/wp-content\/uploads\/2025\/05\/htfu10km-300x169.png",300,169,true],"medium_large":["https:\/\/homolog.harald.com.br\/site-2026\/wp-content\/uploads\/2025\/05\/htfu10km-768x432.png",768,432,true],"large":["https:\/\/homolog.harald.com.br\/site-2026\/wp-content\/uploads\/2025\/05\/htfu10km-1024x576.png",1024,576,true],"1536x1536":["https:\/\/homolog.harald.com.br\/site-2026\/wp-content\/uploads\/2025\/05\/htfu10km.png",1068,601,false],"2048x2048":["https:\/\/homolog.harald.com.br\/site-2026\/wp-content\/uploads\/2025\/05\/htfu10km.png",1068,601,false],"full-width":["https:\/\/homolog.harald.com.br\/site-2026\/wp-content\/uploads\/2025\/05\/htfu10km.png",1068,601,false],"gform-image-choice-sm":["https:\/\/homolog.harald.com.br\/site-2026\/wp-content\/uploads\/2025\/05\/htfu10km.png",300,169,false],"gform-image-choice-md":["https:\/\/homolog.harald.com.br\/site-2026\/wp-content\/uploads\/2025\/05\/htfu10km.png",400,225,false],"gform-image-choice-lg":["https:\/\/homolog.harald.com.br\/site-2026\/wp-content\/uploads\/2025\/05\/htfu10km.png",600,338,false]},"uagb_author_info":{"display_name":"Beatriz Oliveira","author_link":"https:\/\/homolog.harald.com.br\/site-2026\/blog\/author\/beatriz-oliveira\/"},"uagb_comment_info":0,"uagb_excerpt":"Harald Apoia Pe\u00e7a Infantil Sobre Conscientiza\u00e7\u00e3o Ambiental \u201cZul\u00e1, a Cor da Aquarela\u201d ter\u00e1 apresenta\u00e7\u00f5es gratuitas em Salto e Campinas com foco no uso consciente da \u00e1gua A pe\u00e7a infantil \u201cZul\u00e1, a Cor da Aquarela\u201d est\u00e1 prestes a encantar crian\u00e7as do interior paulista com uma proposta l\u00fadica e educativa que une teatro, pintura e m\u00fasica. E&hellip;","_links":{"self":[{"href":"https:\/\/homolog.harald.com.br\/site-2026\/wp-json\/wp\/v2\/posts\/294053","targetHints":{"allow":["GET"]}}],"collection":[{"href":"https:\/\/homolog.harald.com.br\/site-2026\/wp-json\/wp\/v2\/posts"}],"about":[{"href":"https:\/\/homolog.harald.com.br\/site-2026\/wp-json\/wp\/v2\/types\/post"}],"author":[{"embeddable":true,"href":"https:\/\/homolog.harald.com.br\/site-2026\/wp-json\/wp\/v2\/users\/14"}],"replies":[{"embeddable":true,"href":"https:\/\/homolog.harald.com.br\/site-2026\/wp-json\/wp\/v2\/comments?post=294053"}],"version-history":[{"count":2,"href":"https:\/\/homolog.harald.com.br\/site-2026\/wp-json\/wp\/v2\/posts\/294053\/revisions"}],"predecessor-version":[{"id":294062,"href":"https:\/\/homolog.harald.com.br\/site-2026\/wp-json\/wp\/v2\/posts\/294053\/revisions\/294062"}],"wp:featuredmedia":[{"embeddable":true,"href":"https:\/\/homolog.harald.com.br\/site-2026\/wp-json\/wp\/v2\/media\/294057"}],"wp:attachment":[{"href":"https:\/\/homolog.harald.com.br\/site-2026\/wp-json\/wp\/v2\/media?parent=294053"}],"wp:term":[{"taxonomy":"category","embeddable":true,"href":"https:\/\/homolog.harald.com.br\/site-2026\/wp-json\/wp\/v2\/categories?post=294053"},{"taxonomy":"post_tag","embeddable":true,"href":"https:\/\/homolog.harald.com.br\/site-2026\/wp-json\/wp\/v2\/tags?post=294053"},{"taxonomy":"para-seu-negocio","embeddable":true,"href":"https:\/\/homolog.harald.com.br\/site-2026\/wp-json\/wp\/v2\/para-seu-negocio?post=294053"}],"curies":[{"name":"wp","href":"https:\/\/api.w.org\/{rel}","templated":true}]}}