{"id":291171,"date":"2025-05-07T09:37:52","date_gmt":"2025-05-07T12:37:52","guid":{"rendered":"https:\/\/homolog.harald.com.br\/site-2026\/?p=291171"},"modified":"2025-05-09T09:47:52","modified_gmt":"2025-05-09T12:47:52","slug":"circuito-cidades-paulistas-chega-a-santana-de-parnaiba","status":"publish","type":"post","link":"https:\/\/homolog.harald.com.br\/site-2026\/blog\/circuito-cidades-paulistas-chega-a-santana-de-parnaiba\/","title":{"rendered":"Circuito Cidades Paulistas chega a Santana de Parna\u00edba"},"content":{"rendered":"<h2 class=\"\" data-start=\"179\" data-end=\"284\">Circuito Cidades Paulistas chega a Santana de Parna\u00edba, com apoio da Harald.<\/h2>\n<p class=\"\" data-start=\"286\" data-end=\"658\">A cidade ser\u00e1 palco de mais uma etapa do Circuito Cidades Paulistas, no pr\u00f3ximo dia 18 de maio (domingo). Portanto, o evento esportivo gratuito contar\u00e1 com provas de corrida de 5 km e 9 km e uma op\u00e7\u00e3o de caminhada de 5 km, com largada no Monumento aos Bandeirantes, localizado na Estrada dos Romeiros, n\u00ba 8.335, no centro.<\/p>\n<p data-start=\"286\" data-end=\"658\"><img loading=\"lazy\" decoding=\"async\" class=\"aligncenter wp-image-291176\" src=\"https:\/\/homolog.harald.com.br\/site-2026\/wp-content\/uploads\/2025\/05\/corrida.jpg\" alt=\"Circuito Cidades Paulistas\" width=\"592\" height=\"326\" srcset=\"https:\/\/homolog.harald.com.br\/site-2026\/wp-content\/uploads\/2025\/05\/corrida.jpg 920w, https:\/\/homolog.harald.com.br\/site-2026\/wp-content\/uploads\/2025\/05\/corrida-300x165.jpg 300w, https:\/\/homolog.harald.com.br\/site-2026\/wp-content\/uploads\/2025\/05\/corrida-768x422.jpg 768w\" sizes=\"auto, (max-width: 592px) 100vw, 592px\" \/><\/p>\n<h3 class=\"\" data-start=\"660\" data-end=\"703\">Inscri\u00e7\u00f5es gratuitas abrem em 6 de maio<\/h3>\n<p class=\"\" data-start=\"705\" data-end=\"926\">As inscri\u00e7\u00f5es ser\u00e3o gratuitas e estar\u00e3o dispon\u00edveis a partir das 10h do dia 6 de maio, exclusivamente pelo site <a class=\"\" href=\"https:\/\/tkx.com.br\" target=\"_new\" rel=\"noopener\" data-start=\"825\" data-end=\"857\">tkx.com.br<\/a>.<\/p>\n<p class=\"\" data-start=\"928\" data-end=\"1109\">Assim, a gratuidade \u00e9 poss\u00edvel gra\u00e7as \u00e0 Lei Paulista de Incentivo ao Esporte (LPIE), que permite que empresas destinem parte dos impostos ao patroc\u00ednio de eventos esportivos como este.<\/p>\n<h3 class=\"\" data-start=\"1111\" data-end=\"1147\">Programa\u00e7\u00e3o oficial come\u00e7a \u00e0s 6h<\/h3>\n<p class=\"\" data-start=\"1149\" data-end=\"1441\">O evento ter\u00e1 in\u00edcio \u00e0s 6h com a abertura da arena, seguida por sess\u00e3o de alongamento e aquecimento \u00e0s 6h30, orientada por uma profissional de educa\u00e7\u00e3o f\u00edsica. Al\u00e9m disso, a largada acontece \u00e0s 7h, em percursos asfaltados e desafiadores, com subidas ao redor do monumento hist\u00f3rico da cidade.<\/p>\n<h3 class=\"\" data-start=\"1443\" data-end=\"1479\">Kit do atleta e doa\u00e7\u00e3o solid\u00e1ria<\/h3>\n<p class=\"\" data-start=\"1481\" data-end=\"1641\">E ent\u00e3o, todos os participantes receber\u00e3o um kit com gymbag, camiseta, n\u00famero de peito, barra de cereal e, para os corredores, chip descart\u00e1vel de cronometragem.<\/p>\n<p class=\"\" data-start=\"1643\" data-end=\"1911\">A retirada dos kits ser\u00e1 feita somente no s\u00e1bado, 17 de maio, das 10h \u00e0s 16h, no Centro de Conviv\u00eancia do Idoso &#8211; CCI, localizado na Av. Dr. \u00c1lvaro Ribeiro, 54 \u2013 Jardim Deghi. Para retirar, \u00e9 necess\u00e1rio apresentar documento com foto e comprovante da inscri\u00e7\u00e3o.<\/p>\n<p class=\"\" data-start=\"1913\" data-end=\"2120\">Al\u00e9m disso, a organiza\u00e7\u00e3o solicita, de forma volunt\u00e1ria, a doa\u00e7\u00e3o de 1 kg de alimento n\u00e3o perec\u00edvel, como arroz, feij\u00e3o, leite em p\u00f3 ou macarr\u00e3o, que ser\u00e1 destinado a institui\u00e7\u00f5es de caridade locais.<\/p>\n<h3 class=\"\" data-start=\"2122\" data-end=\"2158\">Premia\u00e7\u00e3o e realiza\u00e7\u00e3o do evento<\/h3>\n<p class=\"\" data-start=\"2160\" data-end=\"2354\">Os tr\u00eas primeiros colocados nas categorias masculina e feminina das corridas receber\u00e3o trof\u00e9us. Todos os participantes que conclu\u00edrem as provas ganhar\u00e3o medalhas de participa\u00e7\u00e3o.<\/p>\n<p class=\"\" data-start=\"2356\" data-end=\"2754\">Sobretudo, o evento conta com patroc\u00ednio das empresas Woodbridge, multinacional canadense do setor automotivo, e Harald, tradicional fabricante de chocolates instalada na cidade desde 1991.<\/p>\n<p class=\"\" data-start=\"2761\" data-end=\"2828\"><strong data-start=\"2761\" data-end=\"2828\">Circuito Cidades Paulistas: Etapa Santana de Parna\u00edba<\/strong><\/p>\n<ul data-start=\"2830\" data-end=\"3232\">\n<li class=\"\" data-start=\"2830\" data-end=\"2864\">\n<p class=\"\" data-start=\"2832\" data-end=\"2864\"><strong data-start=\"2832\" data-end=\"2841\">Data:<\/strong> 18\/05\/2025 (domingo)<\/p>\n<\/li>\n<li class=\"\" data-start=\"2865\" data-end=\"2897\">\n<p class=\"\" data-start=\"2867\" data-end=\"2897\"><strong data-start=\"2867\" data-end=\"2879\">Hor\u00e1rio:<\/strong> a partir das 7h<\/p>\n<\/li>\n<li class=\"\" data-start=\"2898\" data-end=\"2978\">\n<p class=\"\" data-start=\"2900\" data-end=\"2978\"><strong data-start=\"2900\" data-end=\"2910\">Local:<\/strong> Monumento aos Bandeirantes \u2013 Estrada dos Romeiros, 8.335 \u2013 Centro<\/p>\n<\/li>\n<li class=\"\" data-start=\"2979\" data-end=\"3042\">\n<p class=\"\" data-start=\"2981\" data-end=\"3042\"><strong data-start=\"2981\" data-end=\"2997\">Modalidades:<\/strong> Corrida de 5 km e 9 km + Caminhada de 5 km<\/p>\n<\/li>\n<li class=\"\" data-start=\"3043\" data-end=\"3132\">\n<p class=\"\" data-start=\"3045\" data-end=\"3132\"><strong data-start=\"3045\" data-end=\"3060\">Inscri\u00e7\u00f5es:<\/strong> Abertura em 06\/05, \u00e0s 10h, pelo site <a class=\"\" href=\"https:\/\/tkx.com.br\" target=\"_new\" rel=\"noopener\" data-start=\"3098\" data-end=\"3130\">tkx.com.br<\/a><\/p>\n<\/li>\n<li class=\"\" data-start=\"3133\" data-end=\"3232\">\n<p class=\"\" data-start=\"3135\" data-end=\"3232\"><strong data-start=\"3135\" data-end=\"3156\">Retirada de kits:<\/strong> 17\/05, das 10h \u00e0s 16h, no CCI \u2013 Av. Dr. \u00c1lvaro Ribeiro, 54 \u2013 Jardim Deghi<\/p>\n<\/li>\n<\/ul>\n","protected":false},"excerpt":{"rendered":"<p>Circuito Cidades Paulistas chega a Santana de Parna\u00edba, com apoio da Harald. A cidade ser\u00e1 palco de mais uma etapa do Circuito Cidades Paulistas, no pr\u00f3ximo dia 18 de maio (domingo). Portanto, o evento esportivo gratuito contar\u00e1 com provas de corrida de 5 km e 9 km e uma op\u00e7\u00e3o de caminhada de 5 km, <a class=\"more-link\" href=\"https:\/\/homolog.harald.com.br\/site-2026\/blog\/circuito-cidades-paulistas-chega-a-santana-de-parnaiba\/\">Read more&#8230;<\/a><\/p>\n","protected":false},"author":14,"featured_media":291176,"comment_status":"closed","ping_status":"closed","sticky":false,"template":"","format":"standard","meta":{"_acf_changed":false,"_uag_custom_page_level_css":"","footnotes":""},"categories":[158],"tags":[],"para-seu-negocio":[],"class_list":["post-291171","post","type-post","status-publish","format-standard","has-post-thumbnail","hentry","category-noticias"],"acf":[],"yoast_head":"<!-- This site is optimized with the Yoast SEO plugin v26.3 - https:\/\/yoast.com\/wordpress\/plugins\/seo\/ -->\n<title>Circuito Cidades Paulistas chega a Santana de Parna\u00edba - Harald<\/title>\n<meta name=\"description\" content=\"Circuito Cidades Paulistas chega a Santana de Parna\u00edba em 18\/05 com corrida e caminhada gratuitas. Inscri\u00e7\u00f5es abrem em 06\/05!\" \/>\n<meta name=\"robots\" content=\"noindex, follow, max-snippet:-1, max-image-preview:large, max-video-preview:-1\" \/>\n<meta property=\"og:locale\" content=\"pt_BR\" \/>\n<meta property=\"og:type\" content=\"article\" \/>\n<meta property=\"og:title\" content=\"Circuito Cidades Paulistas chega a Santana de Parna\u00edba - Harald\" \/>\n<meta property=\"og:description\" content=\"Circuito Cidades Paulistas chega a Santana de Parna\u00edba em 18\/05 com corrida e caminhada gratuitas. Inscri\u00e7\u00f5es abrem em 06\/05!\" \/>\n<meta property=\"og:url\" content=\"https:\/\/homolog.harald.com.br\/site-2026\/blog\/circuito-cidades-paulistas-chega-a-santana-de-parnaiba\/\" \/>\n<meta property=\"og:site_name\" content=\"Harald\" \/>\n<meta property=\"article:publisher\" content=\"https:\/\/www.facebook.com\/HaraldChocolates\/\" \/>\n<meta property=\"article:published_time\" content=\"2025-05-07T12:37:52+00:00\" \/>\n<meta property=\"article:modified_time\" content=\"2025-05-09T12:47:52+00:00\" \/>\n<meta property=\"og:image\" content=\"https:\/\/homolog.harald.com.br\/site-2026\/wp-content\/uploads\/2025\/05\/corrida.jpg\" \/>\n\t<meta property=\"og:image:width\" content=\"920\" \/>\n\t<meta property=\"og:image:height\" content=\"506\" \/>\n\t<meta property=\"og:image:type\" content=\"image\/jpeg\" \/>\n<meta name=\"author\" content=\"Beatriz Oliveira\" \/>\n<meta name=\"twitter:card\" content=\"summary_large_image\" \/>\n<meta name=\"twitter:label1\" content=\"Escrito por\" \/>\n\t<meta name=\"twitter:data1\" content=\"Beatriz Oliveira\" \/>\n\t<meta name=\"twitter:label2\" content=\"Est. tempo de leitura\" \/>\n\t<meta name=\"twitter:data2\" content=\"3 minutos\" \/>\n<script type=\"application\/ld+json\" class=\"yoast-schema-graph\">{\"@context\":\"https:\/\/schema.org\",\"@graph\":[{\"@type\":\"Article\",\"@id\":\"https:\/\/homolog.harald.com.br\/site-2026\/blog\/circuito-cidades-paulistas-chega-a-santana-de-parnaiba\/#article\",\"isPartOf\":{\"@id\":\"https:\/\/homolog.harald.com.br\/site-2026\/blog\/circuito-cidades-paulistas-chega-a-santana-de-parnaiba\/\"},\"author\":{\"name\":\"Beatriz Oliveira\",\"@id\":\"https:\/\/homolog.harald.com.br\/site-2026\/#\/schema\/person\/c71700dd47fb39a337c7f9b89d5e3a00\"},\"headline\":\"Circuito Cidades Paulistas chega a Santana de Parna\u00edba\",\"datePublished\":\"2025-05-07T12:37:52+00:00\",\"dateModified\":\"2025-05-09T12:47:52+00:00\",\"mainEntityOfPage\":{\"@id\":\"https:\/\/homolog.harald.com.br\/site-2026\/blog\/circuito-cidades-paulistas-chega-a-santana-de-parnaiba\/\"},\"wordCount\":445,\"publisher\":{\"@id\":\"https:\/\/homolog.harald.com.br\/site-2026\/#organization\"},\"image\":{\"@id\":\"https:\/\/homolog.harald.com.br\/site-2026\/blog\/circuito-cidades-paulistas-chega-a-santana-de-parnaiba\/#primaryimage\"},\"thumbnailUrl\":\"https:\/\/homolog.harald.com.br\/site-2026\/wp-content\/uploads\/2025\/05\/corrida.jpg\",\"articleSection\":[\"Not\u00edcias\"],\"inLanguage\":\"pt-BR\"},{\"@type\":\"WebPage\",\"@id\":\"https:\/\/homolog.harald.com.br\/site-2026\/blog\/circuito-cidades-paulistas-chega-a-santana-de-parnaiba\/\",\"url\":\"https:\/\/homolog.harald.com.br\/site-2026\/blog\/circuito-cidades-paulistas-chega-a-santana-de-parnaiba\/\",\"name\":\"Circuito Cidades Paulistas chega a Santana de Parna\u00edba - Harald\",\"isPartOf\":{\"@id\":\"https:\/\/homolog.harald.com.br\/site-2026\/#website\"},\"primaryImageOfPage\":{\"@id\":\"https:\/\/homolog.harald.com.br\/site-2026\/blog\/circuito-cidades-paulistas-chega-a-santana-de-parnaiba\/#primaryimage\"},\"image\":{\"@id\":\"https:\/\/homolog.harald.com.br\/site-2026\/blog\/circuito-cidades-paulistas-chega-a-santana-de-parnaiba\/#primaryimage\"},\"thumbnailUrl\":\"https:\/\/homolog.harald.com.br\/site-2026\/wp-content\/uploads\/2025\/05\/corrida.jpg\",\"datePublished\":\"2025-05-07T12:37:52+00:00\",\"dateModified\":\"2025-05-09T12:47:52+00:00\",\"description\":\"Circuito Cidades Paulistas chega a Santana de Parna\u00edba em 18\/05 com corrida e caminhada gratuitas. Inscri\u00e7\u00f5es abrem em 06\/05!\",\"breadcrumb\":{\"@id\":\"https:\/\/homolog.harald.com.br\/site-2026\/blog\/circuito-cidades-paulistas-chega-a-santana-de-parnaiba\/#breadcrumb\"},\"inLanguage\":\"pt-BR\",\"potentialAction\":[{\"@type\":\"ReadAction\",\"target\":[\"https:\/\/homolog.harald.com.br\/site-2026\/blog\/circuito-cidades-paulistas-chega-a-santana-de-parnaiba\/\"]}]},{\"@type\":\"ImageObject\",\"inLanguage\":\"pt-BR\",\"@id\":\"https:\/\/homolog.harald.com.br\/site-2026\/blog\/circuito-cidades-paulistas-chega-a-santana-de-parnaiba\/#primaryimage\",\"url\":\"https:\/\/homolog.harald.com.br\/site-2026\/wp-content\/uploads\/2025\/05\/corrida.jpg\",\"contentUrl\":\"https:\/\/homolog.harald.com.br\/site-2026\/wp-content\/uploads\/2025\/05\/corrida.jpg\",\"width\":920,\"height\":506,\"caption\":\"Circuito Cidades Paulistas\"},{\"@type\":\"BreadcrumbList\",\"@id\":\"https:\/\/homolog.harald.com.br\/site-2026\/blog\/circuito-cidades-paulistas-chega-a-santana-de-parnaiba\/#breadcrumb\",\"itemListElement\":[{\"@type\":\"ListItem\",\"position\":1,\"name\":\"In\u00edcio\",\"item\":\"https:\/\/homolog.harald.com.br\/site-2026\/\"},{\"@type\":\"ListItem\",\"position\":2,\"name\":\"Circuito Cidades Paulistas chega a Santana de Parna\u00edba\"}]},{\"@type\":\"WebSite\",\"@id\":\"https:\/\/homolog.harald.com.br\/site-2026\/#website\",\"url\":\"https:\/\/homolog.harald.com.br\/site-2026\/\",\"name\":\"Harald\",\"description\":\"Fazer melhor \u00e9 fazer com paix\u00e3o\",\"publisher\":{\"@id\":\"https:\/\/homolog.harald.com.br\/site-2026\/#organization\"},\"potentialAction\":[{\"@type\":\"SearchAction\",\"target\":{\"@type\":\"EntryPoint\",\"urlTemplate\":\"https:\/\/homolog.harald.com.br\/site-2026\/?s={search_term_string}\"},\"query-input\":{\"@type\":\"PropertyValueSpecification\",\"valueRequired\":true,\"valueName\":\"search_term_string\"}}],\"inLanguage\":\"pt-BR\"},{\"@type\":\"Organization\",\"@id\":\"https:\/\/homolog.harald.com.br\/site-2026\/#organization\",\"name\":\"Harald\",\"url\":\"https:\/\/homolog.harald.com.br\/site-2026\/\",\"logo\":{\"@type\":\"ImageObject\",\"inLanguage\":\"pt-BR\",\"@id\":\"https:\/\/homolog.harald.com.br\/site-2026\/#\/schema\/logo\/image\/\",\"url\":\"https:\/\/homolog.harald.com.br\/site-2026\/wp-content\/uploads\/2022\/09\/logo-harald-cmyk-ss.png\",\"contentUrl\":\"https:\/\/homolog.harald.com.br\/site-2026\/wp-content\/uploads\/2022\/09\/logo-harald-cmyk-ss.png\",\"width\":1948,\"height\":1051,\"caption\":\"Harald\"},\"image\":{\"@id\":\"https:\/\/homolog.harald.com.br\/site-2026\/#\/schema\/logo\/image\/\"},\"sameAs\":[\"https:\/\/www.facebook.com\/HaraldChocolates\/\",\"https:\/\/www.youtube.com\/user\/HaraldChocolates\"]},{\"@type\":\"Person\",\"@id\":\"https:\/\/homolog.harald.com.br\/site-2026\/#\/schema\/person\/c71700dd47fb39a337c7f9b89d5e3a00\",\"name\":\"Beatriz Oliveira\",\"image\":{\"@type\":\"ImageObject\",\"inLanguage\":\"pt-BR\",\"@id\":\"https:\/\/homolog.harald.com.br\/site-2026\/#\/schema\/person\/image\/\",\"url\":\"https:\/\/secure.gravatar.com\/avatar\/fdc870643b67a6486b6bef59d475b1e7dea17130b70a2178f5716399590234e6?s=96&d=mm&r=g\",\"contentUrl\":\"https:\/\/secure.gravatar.com\/avatar\/fdc870643b67a6486b6bef59d475b1e7dea17130b70a2178f5716399590234e6?s=96&d=mm&r=g\",\"caption\":\"Beatriz Oliveira\"},\"url\":\"https:\/\/homolog.harald.com.br\/site-2026\/blog\/author\/beatriz-oliveira\/\"}]}<\/script>\n<!-- \/ Yoast SEO plugin. -->","yoast_head_json":{"title":"Circuito Cidades Paulistas chega a Santana de Parna\u00edba - Harald","description":"Circuito Cidades Paulistas chega a Santana de Parna\u00edba em 18\/05 com corrida e caminhada gratuitas. Inscri\u00e7\u00f5es abrem em 06\/05!","robots":{"index":"noindex","follow":"follow","max-snippet":"max-snippet:-1","max-image-preview":"max-image-preview:large","max-video-preview":"max-video-preview:-1"},"og_locale":"pt_BR","og_type":"article","og_title":"Circuito Cidades Paulistas chega a Santana de Parna\u00edba - Harald","og_description":"Circuito Cidades Paulistas chega a Santana de Parna\u00edba em 18\/05 com corrida e caminhada gratuitas. Inscri\u00e7\u00f5es abrem em 06\/05!","og_url":"https:\/\/homolog.harald.com.br\/site-2026\/blog\/circuito-cidades-paulistas-chega-a-santana-de-parnaiba\/","og_site_name":"Harald","article_publisher":"https:\/\/www.facebook.com\/HaraldChocolates\/","article_published_time":"2025-05-07T12:37:52+00:00","article_modified_time":"2025-05-09T12:47:52+00:00","og_image":[{"width":920,"height":506,"url":"https:\/\/homolog.harald.com.br\/site-2026\/wp-content\/uploads\/2025\/05\/corrida.jpg","type":"image\/jpeg"}],"author":"Beatriz Oliveira","twitter_card":"summary_large_image","twitter_misc":{"Escrito por":"Beatriz Oliveira","Est. tempo de leitura":"3 minutos"},"schema":{"@context":"https:\/\/schema.org","@graph":[{"@type":"Article","@id":"https:\/\/homolog.harald.com.br\/site-2026\/blog\/circuito-cidades-paulistas-chega-a-santana-de-parnaiba\/#article","isPartOf":{"@id":"https:\/\/homolog.harald.com.br\/site-2026\/blog\/circuito-cidades-paulistas-chega-a-santana-de-parnaiba\/"},"author":{"name":"Beatriz Oliveira","@id":"https:\/\/homolog.harald.com.br\/site-2026\/#\/schema\/person\/c71700dd47fb39a337c7f9b89d5e3a00"},"headline":"Circuito Cidades Paulistas chega a Santana de Parna\u00edba","datePublished":"2025-05-07T12:37:52+00:00","dateModified":"2025-05-09T12:47:52+00:00","mainEntityOfPage":{"@id":"https:\/\/homolog.harald.com.br\/site-2026\/blog\/circuito-cidades-paulistas-chega-a-santana-de-parnaiba\/"},"wordCount":445,"publisher":{"@id":"https:\/\/homolog.harald.com.br\/site-2026\/#organization"},"image":{"@id":"https:\/\/homolog.harald.com.br\/site-2026\/blog\/circuito-cidades-paulistas-chega-a-santana-de-parnaiba\/#primaryimage"},"thumbnailUrl":"https:\/\/homolog.harald.com.br\/site-2026\/wp-content\/uploads\/2025\/05\/corrida.jpg","articleSection":["Not\u00edcias"],"inLanguage":"pt-BR"},{"@type":"WebPage","@id":"https:\/\/homolog.harald.com.br\/site-2026\/blog\/circuito-cidades-paulistas-chega-a-santana-de-parnaiba\/","url":"https:\/\/homolog.harald.com.br\/site-2026\/blog\/circuito-cidades-paulistas-chega-a-santana-de-parnaiba\/","name":"Circuito Cidades Paulistas chega a Santana de Parna\u00edba - Harald","isPartOf":{"@id":"https:\/\/homolog.harald.com.br\/site-2026\/#website"},"primaryImageOfPage":{"@id":"https:\/\/homolog.harald.com.br\/site-2026\/blog\/circuito-cidades-paulistas-chega-a-santana-de-parnaiba\/#primaryimage"},"image":{"@id":"https:\/\/homolog.harald.com.br\/site-2026\/blog\/circuito-cidades-paulistas-chega-a-santana-de-parnaiba\/#primaryimage"},"thumbnailUrl":"https:\/\/homolog.harald.com.br\/site-2026\/wp-content\/uploads\/2025\/05\/corrida.jpg","datePublished":"2025-05-07T12:37:52+00:00","dateModified":"2025-05-09T12:47:52+00:00","description":"Circuito Cidades Paulistas chega a Santana de Parna\u00edba em 18\/05 com corrida e caminhada gratuitas. Inscri\u00e7\u00f5es abrem em 06\/05!","breadcrumb":{"@id":"https:\/\/homolog.harald.com.br\/site-2026\/blog\/circuito-cidades-paulistas-chega-a-santana-de-parnaiba\/#breadcrumb"},"inLanguage":"pt-BR","potentialAction":[{"@type":"ReadAction","target":["https:\/\/homolog.harald.com.br\/site-2026\/blog\/circuito-cidades-paulistas-chega-a-santana-de-parnaiba\/"]}]},{"@type":"ImageObject","inLanguage":"pt-BR","@id":"https:\/\/homolog.harald.com.br\/site-2026\/blog\/circuito-cidades-paulistas-chega-a-santana-de-parnaiba\/#primaryimage","url":"https:\/\/homolog.harald.com.br\/site-2026\/wp-content\/uploads\/2025\/05\/corrida.jpg","contentUrl":"https:\/\/homolog.harald.com.br\/site-2026\/wp-content\/uploads\/2025\/05\/corrida.jpg","width":920,"height":506,"caption":"Circuito Cidades Paulistas"},{"@type":"BreadcrumbList","@id":"https:\/\/homolog.harald.com.br\/site-2026\/blog\/circuito-cidades-paulistas-chega-a-santana-de-parnaiba\/#breadcrumb","itemListElement":[{"@type":"ListItem","position":1,"name":"In\u00edcio","item":"https:\/\/homolog.harald.com.br\/site-2026\/"},{"@type":"ListItem","position":2,"name":"Circuito Cidades Paulistas chega a Santana de Parna\u00edba"}]},{"@type":"WebSite","@id":"https:\/\/homolog.harald.com.br\/site-2026\/#website","url":"https:\/\/homolog.harald.com.br\/site-2026\/","name":"Harald","description":"Fazer melhor \u00e9 fazer com paix\u00e3o","publisher":{"@id":"https:\/\/homolog.harald.com.br\/site-2026\/#organization"},"potentialAction":[{"@type":"SearchAction","target":{"@type":"EntryPoint","urlTemplate":"https:\/\/homolog.harald.com.br\/site-2026\/?s={search_term_string}"},"query-input":{"@type":"PropertyValueSpecification","valueRequired":true,"valueName":"search_term_string"}}],"inLanguage":"pt-BR"},{"@type":"Organization","@id":"https:\/\/homolog.harald.com.br\/site-2026\/#organization","name":"Harald","url":"https:\/\/homolog.harald.com.br\/site-2026\/","logo":{"@type":"ImageObject","inLanguage":"pt-BR","@id":"https:\/\/homolog.harald.com.br\/site-2026\/#\/schema\/logo\/image\/","url":"https:\/\/homolog.harald.com.br\/site-2026\/wp-content\/uploads\/2022\/09\/logo-harald-cmyk-ss.png","contentUrl":"https:\/\/homolog.harald.com.br\/site-2026\/wp-content\/uploads\/2022\/09\/logo-harald-cmyk-ss.png","width":1948,"height":1051,"caption":"Harald"},"image":{"@id":"https:\/\/homolog.harald.com.br\/site-2026\/#\/schema\/logo\/image\/"},"sameAs":["https:\/\/www.facebook.com\/HaraldChocolates\/","https:\/\/www.youtube.com\/user\/HaraldChocolates"]},{"@type":"Person","@id":"https:\/\/homolog.harald.com.br\/site-2026\/#\/schema\/person\/c71700dd47fb39a337c7f9b89d5e3a00","name":"Beatriz Oliveira","image":{"@type":"ImageObject","inLanguage":"pt-BR","@id":"https:\/\/homolog.harald.com.br\/site-2026\/#\/schema\/person\/image\/","url":"https:\/\/secure.gravatar.com\/avatar\/fdc870643b67a6486b6bef59d475b1e7dea17130b70a2178f5716399590234e6?s=96&d=mm&r=g","contentUrl":"https:\/\/secure.gravatar.com\/avatar\/fdc870643b67a6486b6bef59d475b1e7dea17130b70a2178f5716399590234e6?s=96&d=mm&r=g","caption":"Beatriz Oliveira"},"url":"https:\/\/homolog.harald.com.br\/site-2026\/blog\/author\/beatriz-oliveira\/"}]}},"uagb_featured_image_src":{"full":["https:\/\/homolog.harald.com.br\/site-2026\/wp-content\/uploads\/2025\/05\/corrida.jpg",920,506,false],"thumbnail":["https:\/\/homolog.harald.com.br\/site-2026\/wp-content\/uploads\/2025\/05\/corrida-150x150.jpg",150,150,true],"medium":["https:\/\/homolog.harald.com.br\/site-2026\/wp-content\/uploads\/2025\/05\/corrida-300x165.jpg",300,165,true],"medium_large":["https:\/\/homolog.harald.com.br\/site-2026\/wp-content\/uploads\/2025\/05\/corrida-768x422.jpg",768,422,true],"large":["https:\/\/homolog.harald.com.br\/site-2026\/wp-content\/uploads\/2025\/05\/corrida.jpg",920,506,false],"1536x1536":["https:\/\/homolog.harald.com.br\/site-2026\/wp-content\/uploads\/2025\/05\/corrida.jpg",920,506,false],"2048x2048":["https:\/\/homolog.harald.com.br\/site-2026\/wp-content\/uploads\/2025\/05\/corrida.jpg",920,506,false],"full-width":["https:\/\/homolog.harald.com.br\/site-2026\/wp-content\/uploads\/2025\/05\/corrida.jpg",920,506,false],"gform-image-choice-sm":["https:\/\/homolog.harald.com.br\/site-2026\/wp-content\/uploads\/2025\/05\/corrida.jpg",300,165,false],"gform-image-choice-md":["https:\/\/homolog.harald.com.br\/site-2026\/wp-content\/uploads\/2025\/05\/corrida.jpg",400,220,false],"gform-image-choice-lg":["https:\/\/homolog.harald.com.br\/site-2026\/wp-content\/uploads\/2025\/05\/corrida.jpg",600,330,false]},"uagb_author_info":{"display_name":"Beatriz Oliveira","author_link":"https:\/\/homolog.harald.com.br\/site-2026\/blog\/author\/beatriz-oliveira\/"},"uagb_comment_info":0,"uagb_excerpt":"Circuito Cidades Paulistas chega a Santana de Parna\u00edba, com apoio da Harald. A cidade ser\u00e1 palco de mais uma etapa do Circuito Cidades Paulistas, no pr\u00f3ximo dia 18 de maio (domingo). Portanto, o evento esportivo gratuito contar\u00e1 com provas de corrida de 5 km e 9 km e uma op\u00e7\u00e3o de caminhada de 5 km,&hellip;","_links":{"self":[{"href":"https:\/\/homolog.harald.com.br\/site-2026\/wp-json\/wp\/v2\/posts\/291171","targetHints":{"allow":["GET"]}}],"collection":[{"href":"https:\/\/homolog.harald.com.br\/site-2026\/wp-json\/wp\/v2\/posts"}],"about":[{"href":"https:\/\/homolog.harald.com.br\/site-2026\/wp-json\/wp\/v2\/types\/post"}],"author":[{"embeddable":true,"href":"https:\/\/homolog.harald.com.br\/site-2026\/wp-json\/wp\/v2\/users\/14"}],"replies":[{"embeddable":true,"href":"https:\/\/homolog.harald.com.br\/site-2026\/wp-json\/wp\/v2\/comments?post=291171"}],"version-history":[{"count":3,"href":"https:\/\/homolog.harald.com.br\/site-2026\/wp-json\/wp\/v2\/posts\/291171\/revisions"}],"predecessor-version":[{"id":291179,"href":"https:\/\/homolog.harald.com.br\/site-2026\/wp-json\/wp\/v2\/posts\/291171\/revisions\/291179"}],"wp:featuredmedia":[{"embeddable":true,"href":"https:\/\/homolog.harald.com.br\/site-2026\/wp-json\/wp\/v2\/media\/291176"}],"wp:attachment":[{"href":"https:\/\/homolog.harald.com.br\/site-2026\/wp-json\/wp\/v2\/media?parent=291171"}],"wp:term":[{"taxonomy":"category","embeddable":true,"href":"https:\/\/homolog.harald.com.br\/site-2026\/wp-json\/wp\/v2\/categories?post=291171"},{"taxonomy":"post_tag","embeddable":true,"href":"https:\/\/homolog.harald.com.br\/site-2026\/wp-json\/wp\/v2\/tags?post=291171"},{"taxonomy":"para-seu-negocio","embeddable":true,"href":"https:\/\/homolog.harald.com.br\/site-2026\/wp-json\/wp\/v2\/para-seu-negocio?post=291171"}],"curies":[{"name":"wp","href":"https:\/\/api.w.org\/{rel}","templated":true}]}}